{"id":1406043,"date":"2021-07-26T22:32:59","date_gmt":"2021-07-26T21:32:59","guid":{"rendered":"https:\/\/www.pressenza.com\/?p=1406043"},"modified":"2021-07-26T22:32:59","modified_gmt":"2021-07-26T21:32:59","slug":"no-global","status":"publish","type":"post","link":"https:\/\/www.pressenza.com\/es\/2021\/07\/no-global\/","title":{"rendered":"No Global"},"content":{"rendered":"<p>Veinte a\u00f1os. Y el primer recuerdo de esos d\u00edas es precisamente Carlo Giuliani. Un disparo desde una furgoneta de los Carabinieri. Carlo cae en un charco de su propia sangre. Dos veces el veh\u00edculo acorralado intenta escapar de la trampa en la que se ha visto envuelto, en esa calle maldita en la que nunca deber\u00eda haber entrado. Dos veces pasa por encima del cuerpo del joven Carlo. Veinte a\u00f1os.<\/p>\n<p>En esos d\u00edas la ciudad de G\u00e9nova acogi\u00f3 la reuni\u00f3n del G8, los pa\u00edses m\u00e1s industrializados y ricos del mundo: Estados Unidos, Jap\u00f3n, Alemania, Francia, Reino Unido, Canad\u00e1, Rusia e Italia. Iban a discutir la forma en que se iba a repartir el mundo, c\u00f3mo explotar sus poblaciones, sus riquezas naturales. Iban a planificar la globalizaci\u00f3n econ\u00f3mica conseguida a trav\u00e9s de la atomizaci\u00f3n del trabajo, las privatizaciones, las expansiones empresariales subnacionales, la libre circulaci\u00f3n de capitales sujeta a fuertes restricciones de movimiento entre la poblaci\u00f3n del sur pobre y el norte rico. La guerra fr\u00eda, la divisi\u00f3n del mundo en dos bloques ideol\u00f3gicos, hab\u00eda terminado diez a\u00f1os antes. El 11 de septiembre no pod\u00eda ni imaginarse. Internet y las comunicaciones instant\u00e1neas ofrecieron al mundo la ilusi\u00f3n de una uni\u00f3n fraternal capaz de normalizar los pensamientos, los comportamientos, los corazones y las mentes: una Cajita Feliz comunitaria capaz de aplacar todos los deseos, capaz de acabar con todas las diferencias. G\u00e9nova como Yakarta, Tokio como Lagos, Londres como Caracas, Berl\u00edn como R\u00edo de Janeiro, un mundo construido como una gran sala de espera, un vest\u00edbulo de aeropuerto internacional, igual en todas las latitudes, un no-lugar donde uno puede sentirse parte de un todo, donde uno puede finalmente sentirse en casa. Los grandes de la Tierra ya hab\u00edan decidido. Fue el 20 de julio de 2001.<\/p>\n<p>Vinieron de todo el mundo, colectivos, desempleados, j\u00f3venes, estudiantes, trabajadores, hombres y mujeres de los servicios sociales, del sector del voluntariado, de la cooperaci\u00f3n internacional. Vinieron por miles, trescientas, cuatrocientas mil personas iban a ocupar la ciudad para decirle al G8 que nadie pod\u00eda decidir nada sin consultar a los pueblos del mundo. La gran prensa italiana, bajo el control directo de Silvio Berlusconi -que, adem\u00e1s de due\u00f1o de los monopolios de la informaci\u00f3n, era entonces Primer Ministro-, sin escuchar los an\u00e1lisis y las propuestas de los grupos de estudio y las comisiones de todas partes, defini\u00f3 a esos miles de personas como tercermundistas, antimodernos. Meses de preparaci\u00f3n, no s\u00f3lo para protestar, sino para proponer medidas que hoy se saben justas, pero que en aquella \u00e9poca se despreciaban; el mundo globalizado iba a ofrecer felicidad y prosperidad para todos. Los pueblos sab\u00edan que la realidad era muy diferente de la que difund\u00edan el G8 y los medios de comunicaci\u00f3n homog\u00e9neos.<\/p>\n<p>El movimiento, denominado NO GLOBAL, denunci\u00f3 la actuaci\u00f3n de las multinacionales que produc\u00edan sus mercanc\u00edas en pa\u00edses donde los costes laborales eran los m\u00e1s baratos posibles, gracias a la ausencia de normas y leyes laborales que protegieran a los trabajadores. Respondieron que la deslocalizaci\u00f3n de empresas generar\u00eda puestos de trabajo y riqueza en los pa\u00edses m\u00e1s pobres para que pudieran disfrutar por fin de bienes y servicios de consumo con una gran capacidad de intercambio. Ahora, los mismos pa\u00edses del G8 se han dado cuenta de que las multinacionales no pagan impuestos, ni en su pa\u00eds de origen ni en los pa\u00edses donde han decidido trasladar sus industrias. Hoy es el propio Joe Biden quien presiona a los l\u00edderes mundiales para que eviten invertir en pa\u00edses que no garantizan los derechos laborales; es el propio Biden quien propone un impuesto del 15% sobre los beneficios brutos de estas empresas.<\/p>\n<p>El movimiento NO GLOBAL estaba totalmente en contra de la especulaci\u00f3n financiera que la incipiente globalizaci\u00f3n favorec\u00eda a trav\u00e9s de la ausencia de impuestos y tasas sobre las transacciones de capital, y propon\u00eda un mayor control sobre los para\u00edsos fiscales y el blanqueo de dinero derivado de los tr\u00e1ficos il\u00edcitos. Hoy en d\u00eda, este es el tema central de toda la acci\u00f3n gubernamental contra la corrupci\u00f3n sist\u00e9mica del mundo financiero y empresarial, centrada m\u00e1s en la especulaci\u00f3n que en la inversi\u00f3n en la producci\u00f3n.<\/p>\n<p>El Movimiento NO GLOBAL dec\u00eda que las finanzas especulativas eran una enorme burbuja a punto de estallar debido a que no se basaban en activos producidos por el trabajo, sino en proyecciones futuras de materias primas inexistentes. La crisis econ\u00f3mica mundial de 2008, de la que a\u00fan no hemos salido, provocada por el estallido de la burbuja en el mercado de pr\u00e9stamos estadounidense, fue la prueba de que las predicciones eran correctas.<\/p>\n<p>El movimiento NO GLOBAL se opuso firmemente a la acci\u00f3n imperialista, a la creaci\u00f3n y al fomento del estado de guerra permanente en los pa\u00edses de Oriente Medio. Hoy sabemos que la intervenci\u00f3n estadounidense en Irak, basada en falsas pruebas sobre la existencia de armas de destrucci\u00f3n masiva, provoc\u00f3 un vac\u00edo de poder y la aparici\u00f3n de grupos aut\u00f3nomos que se aglutinaron en el ISIS y sus c\u00e9lulas se extendieron por todo el mundo, capaces de volar autobuses en Londres, metros en Madrid, discotecas en Par\u00eds. Cuando el movimiento NO GLOBAL preve\u00eda todo esto, se defin\u00eda como enemigo de Occidente y amigo de los terroristas.<\/p>\n<p>Y por \u00faltimo, el movimiento quer\u00eda la creaci\u00f3n de una Unidad Europea de los pueblos y no de los bancos. Una uni\u00f3n continental fundada en el derecho de las personas y no en la facilidad de tr\u00e1nsito de las mercanc\u00edas. El movimiento quer\u00eda una Europa en la que las relaciones entre los pueblos fueran igualitarias y no se basaran en la capacidad productiva de las econom\u00edas de las respectivas naciones, una Europa de la libre circulaci\u00f3n de los pueblos y no un continente rodeado de muros, en el que el derecho a emigrar se convirtiera en un delito y el mar Mediterr\u00e1neo -cuna de la civilizaci\u00f3n occidental- se convirtiera en el mayor cementerio del mundo, en el que embarcaciones de personas desesperadas se hundieran bajo la mirada c\u00f3mplice de los poderes econ\u00f3micos. Tildado de ingenuo y ut\u00f3pico, unos a\u00f1os m\u00e1s tarde, el movimiento vio c\u00f3mo la crisis de Grecia encend\u00eda la confianza en la Uni\u00f3n Europea y en su moneda, controlada por el consorcio internacional de bancos que impuso la pol\u00edtica de austeridad, compuesta por salvajes privatizaciones y recortes sanitarios. La pandemia, los miles de muertos cargados en camiones militares, que conmocionaron al mundo, demostraron una vez m\u00e1s que las propuestas del movimiento de hace veinte a\u00f1os eran correctas. Tan correcto que ahora la misma UE ha puesto a disposici\u00f3n 700.000 millones de euros para invertir en la recuperaci\u00f3n econ\u00f3mica, financiar a los peque\u00f1os productores y poner en orden la gesti\u00f3n sanitaria de los pa\u00edses m\u00e1s afectados.<\/p>\n<p>El movimiento NO GLOBAL reclam\u00f3 un acuerdo mundial sobre el clima, un verdadero plan para reducir y controlar la contaminaci\u00f3n ambiental, mediante el uso de energ\u00edas limpias y renovables, la producci\u00f3n sostenible, la preservaci\u00f3n de los bosques, la nacionalizaci\u00f3n de los recursos h\u00eddricos para preservarlos de los ataques especulativos y la privatizaci\u00f3n.<\/p>\n<p>Todo esto hace veinte a\u00f1os.<\/p>\n<p>Cientos de miles de personas en G\u00e9nova.<\/p>\n<p>La polic\u00eda atac\u00f3.<\/p>\n<p>La ciudad explot\u00f3.<\/p>\n<p>La mano asesina dispar\u00f3.<\/p>\n<p>Carlo cay\u00f3.<\/p>\n<p>El movimiento NO GLOBAL ten\u00eda raz\u00f3n.<\/p>\n<p>Carlo Giuliani naci\u00f3 en Roma en 1978 y muri\u00f3 en las calles de G\u00e9nova el 20 de julio de 2001. Ten\u00eda veintitr\u00e9s a\u00f1os.<\/p>\n","protected":false},"excerpt":{"rendered":"<p>Veinte a\u00f1os. Y el primer recuerdo de esos d\u00edas es precisamente Carlo Giuliani. Un disparo desde una furgoneta de los Carabinieri. Carlo cae en un charco de su propia sangre. Dos veces el veh\u00edculo acorralado intenta escapar de la trampa&hellip;<\/p>\n","protected":false},"author":1567,"featured_media":1405425,"comment_status":"closed","ping_status":"closed","sticky":false,"template":"","format":"standard","meta":{"footnotes":""},"categories":[11389,1242],"tags":[441,1497],"class_list":["post-1406043","post","type-post","status-publish","format-standard","has-post-thumbnail","hentry","category-contenido-original","category-noviolencia-tema","tag-derechos-humanos","tag-movimientos-sociales"],"yoast_head":"<!-- This site is optimized with the Yoast SEO plugin v27.1.1 - https:\/\/yoast.com\/product\/yoast-seo-wordpress\/ -->\n<title>No Global<\/title>\n<meta name=\"description\" content=\"Veinte a\u00f1os. Y el primer recuerdo de esos d\u00edas es precisamente Carlo Giuliani. Un disparo desde una furgoneta de los Carabinieri. Carlo cae en un charco\" \/>\n<meta name=\"robots\" content=\"index, follow, max-snippet:-1, max-image-preview:large, max-video-preview:-1\" \/>\n<link rel=\"canonical\" href=\"https:\/\/www.pressenza.com\/es\/2021\/07\/no-global\/\" \/>\n<meta property=\"og:locale\" content=\"es_ES\" \/>\n<meta property=\"og:type\" content=\"article\" \/>\n<meta property=\"og:title\" content=\"No Global\" \/>\n<meta property=\"og:description\" content=\"Veinte a\u00f1os. Y el primer recuerdo de esos d\u00edas es precisamente Carlo Giuliani. Un disparo desde una furgoneta de los Carabinieri. Carlo cae en un charco\" \/>\n<meta property=\"og:url\" content=\"https:\/\/www.pressenza.com\/es\/2021\/07\/no-global\/\" \/>\n<meta property=\"og:site_name\" content=\"Pressenza\" \/>\n<meta property=\"article:publisher\" content=\"https:\/\/www.facebook.com\/PressenzaItalia\" \/>\n<meta property=\"article:published_time\" content=\"2021-07-26T21:32:59+00:00\" \/>\n<meta property=\"og:image\" content=\"https:\/\/www.pressenza.com\/wp-content\/uploads\/2021\/07\/Carlinho-Giuliani-Vive-carlos-contente-2021-1.png\" \/>\n\t<meta property=\"og:image:width\" content=\"720\" \/>\n\t<meta property=\"og:image:height\" content=\"502\" \/>\n\t<meta property=\"og:image:type\" content=\"image\/png\" \/>\n<meta name=\"author\" content=\"Paolo D&#039;Aprile\" \/>\n<meta name=\"twitter:card\" content=\"summary_large_image\" \/>\n<meta name=\"twitter:creator\" content=\"@PressenzaIPA\" \/>\n<meta name=\"twitter:site\" content=\"@PressenzaIPA\" \/>\n<meta name=\"twitter:label1\" content=\"Escrito por\" \/>\n\t<meta name=\"twitter:data1\" content=\"Paolo D&#039;Aprile\" \/>\n\t<meta name=\"twitter:label2\" content=\"Tiempo de lectura\" \/>\n\t<meta name=\"twitter:data2\" content=\"7 minutos\" \/>\n<script type=\"application\/ld+json\" class=\"yoast-schema-graph\">{\"@context\":\"https:\/\/schema.org\",\"@graph\":[{\"@type\":\"Article\",\"@id\":\"https:\/\/www.pressenza.com\/es\/2021\/07\/no-global\/#article\",\"isPartOf\":{\"@id\":\"https:\/\/www.pressenza.com\/es\/2021\/07\/no-global\/\"},\"author\":{\"name\":\"Paolo D'Aprile\",\"@id\":\"https:\/\/www.pressenza.com\/es\/#\/schema\/person\/b7683f6cc5b4992d9641abb1dd2b2c7a\"},\"headline\":\"No Global\",\"datePublished\":\"2021-07-26T21:32:59+00:00\",\"mainEntityOfPage\":{\"@id\":\"https:\/\/www.pressenza.com\/es\/2021\/07\/no-global\/\"},\"wordCount\":1344,\"publisher\":{\"@id\":\"https:\/\/www.pressenza.com\/es\/#organization\"},\"image\":{\"@id\":\"https:\/\/www.pressenza.com\/es\/2021\/07\/no-global\/#primaryimage\"},\"thumbnailUrl\":\"https:\/\/www.pressenza.com\/wp-content\/uploads\/2021\/07\/Carlinho-Giuliani-Vive-carlos-contente-2021-1.png\",\"keywords\":[\"Derechos humanos\",\"movimientos sociales\"],\"articleSection\":[\"Contenido Original\",\"Noviolencia\"],\"inLanguage\":\"es\"},{\"@type\":\"WebPage\",\"@id\":\"https:\/\/www.pressenza.com\/es\/2021\/07\/no-global\/\",\"url\":\"https:\/\/www.pressenza.com\/es\/2021\/07\/no-global\/\",\"name\":\"No Global\",\"isPartOf\":{\"@id\":\"https:\/\/www.pressenza.com\/es\/#website\"},\"primaryImageOfPage\":{\"@id\":\"https:\/\/www.pressenza.com\/es\/2021\/07\/no-global\/#primaryimage\"},\"image\":{\"@id\":\"https:\/\/www.pressenza.com\/es\/2021\/07\/no-global\/#primaryimage\"},\"thumbnailUrl\":\"https:\/\/www.pressenza.com\/wp-content\/uploads\/2021\/07\/Carlinho-Giuliani-Vive-carlos-contente-2021-1.png\",\"datePublished\":\"2021-07-26T21:32:59+00:00\",\"description\":\"Veinte a\u00f1os. Y el primer recuerdo de esos d\u00edas es precisamente Carlo Giuliani. Un disparo desde una furgoneta de los Carabinieri. Carlo cae en un charco\",\"breadcrumb\":{\"@id\":\"https:\/\/www.pressenza.com\/es\/2021\/07\/no-global\/#breadcrumb\"},\"inLanguage\":\"es\",\"potentialAction\":[{\"@type\":\"ReadAction\",\"target\":[\"https:\/\/www.pressenza.com\/es\/2021\/07\/no-global\/\"]}]},{\"@type\":\"ImageObject\",\"inLanguage\":\"es\",\"@id\":\"https:\/\/www.pressenza.com\/es\/2021\/07\/no-global\/#primaryimage\",\"url\":\"https:\/\/www.pressenza.com\/wp-content\/uploads\/2021\/07\/Carlinho-Giuliani-Vive-carlos-contente-2021-1.png\",\"contentUrl\":\"https:\/\/www.pressenza.com\/wp-content\/uploads\/2021\/07\/Carlinho-Giuliani-Vive-carlos-contente-2021-1.png\",\"width\":720,\"height\":502},{\"@type\":\"BreadcrumbList\",\"@id\":\"https:\/\/www.pressenza.com\/es\/2021\/07\/no-global\/#breadcrumb\",\"itemListElement\":[{\"@type\":\"ListItem\",\"position\":1,\"name\":\"Accueil\",\"item\":\"https:\/\/www.pressenza.com\/es\/\"},{\"@type\":\"ListItem\",\"position\":2,\"name\":\"No Global\"}]},{\"@type\":\"WebSite\",\"@id\":\"https:\/\/www.pressenza.com\/es\/#website\",\"url\":\"https:\/\/www.pressenza.com\/es\/\",\"name\":\"Pressenza\",\"description\":\"International Press Agency\",\"publisher\":{\"@id\":\"https:\/\/www.pressenza.com\/es\/#organization\"},\"potentialAction\":[{\"@type\":\"SearchAction\",\"target\":{\"@type\":\"EntryPoint\",\"urlTemplate\":\"https:\/\/www.pressenza.com\/es\/?s={search_term_string}\"},\"query-input\":{\"@type\":\"PropertyValueSpecification\",\"valueRequired\":true,\"valueName\":\"search_term_string\"}}],\"inLanguage\":\"es\"},{\"@type\":\"Organization\",\"@id\":\"https:\/\/www.pressenza.com\/es\/#organization\",\"name\":\"Pressenza\",\"url\":\"https:\/\/www.pressenza.com\/es\/\",\"logo\":{\"@type\":\"ImageObject\",\"inLanguage\":\"es\",\"@id\":\"https:\/\/www.pressenza.com\/es\/#\/schema\/logo\/image\/\",\"url\":\"https:\/\/www.pressenza.com\/wp-content\/uploads\/2022\/10\/pressenza_logo_200x200.jpg\",\"contentUrl\":\"https:\/\/www.pressenza.com\/wp-content\/uploads\/2022\/10\/pressenza_logo_200x200.jpg\",\"width\":200,\"height\":200,\"caption\":\"Pressenza\"},\"image\":{\"@id\":\"https:\/\/www.pressenza.com\/es\/#\/schema\/logo\/image\/\"},\"sameAs\":[\"https:\/\/www.facebook.com\/PressenzaItalia\",\"https:\/\/x.com\/PressenzaIPA\"]},{\"@type\":\"Person\",\"@id\":\"https:\/\/www.pressenza.com\/es\/#\/schema\/person\/b7683f6cc5b4992d9641abb1dd2b2c7a\",\"name\":\"Paolo D'Aprile\",\"description\":\"Nasco nel 1963... sono un uomo di mezza et\u00e0! Vivo a S\u00e3o Paulo dal 1989 e il mio lavoro di fisioterapista mi ha portato in contatto con le situazioni estreme della citt\u00e0, dalle favelas ai \\\"meninos de rua\\\". Ho partecipato a vari progetti di inclusione attraverso l'esercizio dei diritti civili. Da grande voglio fare il calciatore, l'astronauta e il pompiere.\",\"url\":\"https:\/\/www.pressenza.com\/es\/author\/paolo-daprile\/\"}]}<\/script>\n<!-- \/ Yoast SEO plugin. -->","yoast_head_json":{"title":"No Global","description":"Veinte a\u00f1os. Y el primer recuerdo de esos d\u00edas es precisamente Carlo Giuliani. Un disparo desde una furgoneta de los Carabinieri. Carlo cae en un charco","robots":{"index":"index","follow":"follow","max-snippet":"max-snippet:-1","max-image-preview":"max-image-preview:large","max-video-preview":"max-video-preview:-1"},"canonical":"https:\/\/www.pressenza.com\/es\/2021\/07\/no-global\/","og_locale":"es_ES","og_type":"article","og_title":"No Global","og_description":"Veinte a\u00f1os. Y el primer recuerdo de esos d\u00edas es precisamente Carlo Giuliani. Un disparo desde una furgoneta de los Carabinieri. Carlo cae en un charco","og_url":"https:\/\/www.pressenza.com\/es\/2021\/07\/no-global\/","og_site_name":"Pressenza","article_publisher":"https:\/\/www.facebook.com\/PressenzaItalia","article_published_time":"2021-07-26T21:32:59+00:00","og_image":[{"width":720,"height":502,"url":"https:\/\/www.pressenza.com\/wp-content\/uploads\/2021\/07\/Carlinho-Giuliani-Vive-carlos-contente-2021-1.png","type":"image\/png"}],"author":"Paolo D'Aprile","twitter_card":"summary_large_image","twitter_creator":"@PressenzaIPA","twitter_site":"@PressenzaIPA","twitter_misc":{"Escrito por":"Paolo D'Aprile","Tiempo de lectura":"7 minutos"},"schema":{"@context":"https:\/\/schema.org","@graph":[{"@type":"Article","@id":"https:\/\/www.pressenza.com\/es\/2021\/07\/no-global\/#article","isPartOf":{"@id":"https:\/\/www.pressenza.com\/es\/2021\/07\/no-global\/"},"author":{"name":"Paolo D'Aprile","@id":"https:\/\/www.pressenza.com\/es\/#\/schema\/person\/b7683f6cc5b4992d9641abb1dd2b2c7a"},"headline":"No Global","datePublished":"2021-07-26T21:32:59+00:00","mainEntityOfPage":{"@id":"https:\/\/www.pressenza.com\/es\/2021\/07\/no-global\/"},"wordCount":1344,"publisher":{"@id":"https:\/\/www.pressenza.com\/es\/#organization"},"image":{"@id":"https:\/\/www.pressenza.com\/es\/2021\/07\/no-global\/#primaryimage"},"thumbnailUrl":"https:\/\/www.pressenza.com\/wp-content\/uploads\/2021\/07\/Carlinho-Giuliani-Vive-carlos-contente-2021-1.png","keywords":["Derechos humanos","movimientos sociales"],"articleSection":["Contenido Original","Noviolencia"],"inLanguage":"es"},{"@type":"WebPage","@id":"https:\/\/www.pressenza.com\/es\/2021\/07\/no-global\/","url":"https:\/\/www.pressenza.com\/es\/2021\/07\/no-global\/","name":"No Global","isPartOf":{"@id":"https:\/\/www.pressenza.com\/es\/#website"},"primaryImageOfPage":{"@id":"https:\/\/www.pressenza.com\/es\/2021\/07\/no-global\/#primaryimage"},"image":{"@id":"https:\/\/www.pressenza.com\/es\/2021\/07\/no-global\/#primaryimage"},"thumbnailUrl":"https:\/\/www.pressenza.com\/wp-content\/uploads\/2021\/07\/Carlinho-Giuliani-Vive-carlos-contente-2021-1.png","datePublished":"2021-07-26T21:32:59+00:00","description":"Veinte a\u00f1os. Y el primer recuerdo de esos d\u00edas es precisamente Carlo Giuliani. Un disparo desde una furgoneta de los Carabinieri. Carlo cae en un charco","breadcrumb":{"@id":"https:\/\/www.pressenza.com\/es\/2021\/07\/no-global\/#breadcrumb"},"inLanguage":"es","potentialAction":[{"@type":"ReadAction","target":["https:\/\/www.pressenza.com\/es\/2021\/07\/no-global\/"]}]},{"@type":"ImageObject","inLanguage":"es","@id":"https:\/\/www.pressenza.com\/es\/2021\/07\/no-global\/#primaryimage","url":"https:\/\/www.pressenza.com\/wp-content\/uploads\/2021\/07\/Carlinho-Giuliani-Vive-carlos-contente-2021-1.png","contentUrl":"https:\/\/www.pressenza.com\/wp-content\/uploads\/2021\/07\/Carlinho-Giuliani-Vive-carlos-contente-2021-1.png","width":720,"height":502},{"@type":"BreadcrumbList","@id":"https:\/\/www.pressenza.com\/es\/2021\/07\/no-global\/#breadcrumb","itemListElement":[{"@type":"ListItem","position":1,"name":"Accueil","item":"https:\/\/www.pressenza.com\/es\/"},{"@type":"ListItem","position":2,"name":"No Global"}]},{"@type":"WebSite","@id":"https:\/\/www.pressenza.com\/es\/#website","url":"https:\/\/www.pressenza.com\/es\/","name":"Pressenza","description":"International Press Agency","publisher":{"@id":"https:\/\/www.pressenza.com\/es\/#organization"},"potentialAction":[{"@type":"SearchAction","target":{"@type":"EntryPoint","urlTemplate":"https:\/\/www.pressenza.com\/es\/?s={search_term_string}"},"query-input":{"@type":"PropertyValueSpecification","valueRequired":true,"valueName":"search_term_string"}}],"inLanguage":"es"},{"@type":"Organization","@id":"https:\/\/www.pressenza.com\/es\/#organization","name":"Pressenza","url":"https:\/\/www.pressenza.com\/es\/","logo":{"@type":"ImageObject","inLanguage":"es","@id":"https:\/\/www.pressenza.com\/es\/#\/schema\/logo\/image\/","url":"https:\/\/www.pressenza.com\/wp-content\/uploads\/2022\/10\/pressenza_logo_200x200.jpg","contentUrl":"https:\/\/www.pressenza.com\/wp-content\/uploads\/2022\/10\/pressenza_logo_200x200.jpg","width":200,"height":200,"caption":"Pressenza"},"image":{"@id":"https:\/\/www.pressenza.com\/es\/#\/schema\/logo\/image\/"},"sameAs":["https:\/\/www.facebook.com\/PressenzaItalia","https:\/\/x.com\/PressenzaIPA"]},{"@type":"Person","@id":"https:\/\/www.pressenza.com\/es\/#\/schema\/person\/b7683f6cc5b4992d9641abb1dd2b2c7a","name":"Paolo D'Aprile","description":"Nasco nel 1963... sono un uomo di mezza et\u00e0! Vivo a S\u00e3o Paulo dal 1989 e il mio lavoro di fisioterapista mi ha portato in contatto con le situazioni estreme della citt\u00e0, dalle favelas ai \"meninos de rua\". Ho partecipato a vari progetti di inclusione attraverso l'esercizio dei diritti civili. Da grande voglio fare il calciatore, l'astronauta e il pompiere.","url":"https:\/\/www.pressenza.com\/es\/author\/paolo-daprile\/"}]}},"place":"","original_article_url":"","_links":{"self":[{"href":"https:\/\/www.pressenza.com\/es\/wp-json\/wp\/v2\/posts\/1406043","targetHints":{"allow":["GET"]}}],"collection":[{"href":"https:\/\/www.pressenza.com\/es\/wp-json\/wp\/v2\/posts"}],"about":[{"href":"https:\/\/www.pressenza.com\/es\/wp-json\/wp\/v2\/types\/post"}],"author":[{"embeddable":true,"href":"https:\/\/www.pressenza.com\/es\/wp-json\/wp\/v2\/users\/1567"}],"replies":[{"embeddable":true,"href":"https:\/\/www.pressenza.com\/es\/wp-json\/wp\/v2\/comments?post=1406043"}],"version-history":[{"count":0,"href":"https:\/\/www.pressenza.com\/es\/wp-json\/wp\/v2\/posts\/1406043\/revisions"}],"wp:featuredmedia":[{"embeddable":true,"href":"https:\/\/www.pressenza.com\/es\/wp-json\/wp\/v2\/media\/1405425"}],"wp:attachment":[{"href":"https:\/\/www.pressenza.com\/es\/wp-json\/wp\/v2\/media?parent=1406043"}],"wp:term":[{"taxonomy":"category","embeddable":true,"href":"https:\/\/www.pressenza.com\/es\/wp-json\/wp\/v2\/categories?post=1406043"},{"taxonomy":"post_tag","embeddable":true,"href":"https:\/\/www.pressenza.com\/es\/wp-json\/wp\/v2\/tags?post=1406043"}],"curies":[{"name":"wp","href":"https:\/\/api.w.org\/{rel}","templated":true}]}}