{"id":1405427,"date":"2021-07-25T19:48:30","date_gmt":"2021-07-25T18:48:30","guid":{"rendered":"https:\/\/www.pressenza.com\/?p=1405427"},"modified":"2021-07-25T19:48:30","modified_gmt":"2021-07-25T18:48:30","slug":"caravana-canarias-2021-y-la-invisibilidad-de-las-mujeres-en-los-procesos-migratorios","status":"publish","type":"post","link":"https:\/\/www.pressenza.com\/es\/2021\/07\/caravana-canarias-2021-y-la-invisibilidad-de-las-mujeres-en-los-procesos-migratorios\/","title":{"rendered":"Caravana Canarias 2021 y la invisibilidad de las mujeres en los procesos migratorios"},"content":{"rendered":"<div>\n<p class=\"Textbody\"><a name=\"m_-8089614328709240497docs-internal-guid\"><\/a><\/p>\n<\/div>\n<div>\n<p class=\"Textbody\">Entramos en la recta final de la <a href=\"https:\/\/abriendofronteras.net\/\">Caravana Canarias 2021<\/a>, formada por la Caravana Abriendo Fronteras y Carovane Migranti, as\u00ed como las organizaciones de apoyo de Gran Canaria y Tenerife, y en la que participan unas 350 personas venidas desde diferentes puntos de Europa con el fin de denunciar las pol\u00edticas migratorias de la UE y del Estado espa\u00f1ol.<\/p>\n<\/div>\n<div>\n<p class=\"Textbody\">En esta tercera jornada de la Caravana en Tenerife, y s\u00e9ptima de este periplo, las mujeres migrantes han cobrado protagonismo en los talleres realizados por la tarde en la Plaza De la Cruz de la Laguna. Una reflexi\u00f3n desde el g\u00e9nero en una caravana que se reconoce como feminista y en la que el 70% de sus componentes son mujeres.<\/p>\n<\/div>\n<div>\n<p class=\"Textbody\">La invisibilidad de las mujeres que migran es tal que incluso el propio plan de inmigraci\u00f3n del gobierno canario no contemplaba ninguna actuaci\u00f3n dirigida a ellas por las m\u00faltiples agresiones espec\u00edficas que enfrentan en sus tr\u00e1nsitos. Tampoco suelen visibilizarse las razones ligadas con el g\u00e9nero o la violencia sexual, tambi\u00e9n ejercida sobre las personas LGTBIQ+, como causa que les obliga a huir de sus lugares de origen y son motivo de asilo.<\/p>\n<\/div>\n<div>\n<p class=\"Textbody\">Durante la caravana se ha venido observando la dificultad para acceder a un contacto m\u00e1s directo con las mujeres migrantes que permitiera conocer su realidad de primera mano. Hoy se ha podido escuchar su voz, si bien no han participado mujeres reci\u00e9n llegadas a las islas, que se encuentran en centros espec\u00edficos. Ma\u00f1ana la caravana se acercar\u00e1 a la c\u00e1rcel antigua de Tenerife, gestionada por la Cruz Roja, donde se encuentran mujeres y familias, en muchos casos bajo un r\u00e9gimen de encierro m\u00e1s estricto que los hombres.<\/p>\n<\/div>\n<div>\n<p class=\"Textbody\">Uno de los problemas que las inquieta es la separaci\u00f3n de sus hijas e hijos y la obligatoriedad de test de ADN a los que ven sometidas y que no tiene en cuenta v\u00ednculos familiares m\u00e1s all\u00e1 de los biol\u00f3gicos. Tambi\u00e9n preocupa la necesidad de aclarar qu\u00e9 ocurre con las mujeres que son \u201cdesaparecidas\u201d en su tr\u00e1nsito y de quienes se desconoce su paradero o si contin\u00faan vivas.<\/p>\n<\/div>\n<div>\n<p class=\"Textbody\">Por la ma\u00f1ana han salido en manifestaci\u00f3n dos columnas, desde sendos campos de retenci\u00f3n de personas migrantes situados en la Laguna -los campamentos de Las Canteras y Las Ra\u00edces-, lugares en los que se hacinan j\u00f3venes, menores de edad en su mayor\u00eda, en situaciones de vida deplorables. Se han unido en la Plaza del Adelantado, entre m\u00fasica y gritos de consignas contrarias a la ley de extranjer\u00eda, las fronteras y las deportaciones, entre otras.<\/p>\n<\/div>\n<div>\n<p class=\"Textbody\">Al paso por la comisar\u00eda de La Laguna se han denunciado los abusos y vulneraci\u00f3n de derechos humanos por parte de las diferentes polic\u00edas hacia las personas migrantes. Un acto que se ha desarrollado con normalidad pese a la provocaci\u00f3n de los agentes que han retirado algunos de los carteles de denuncia colocados por las personas manifestantes.<\/p>\n<\/div>\n<div>\n<p class=\"Textbody\">Tras finalizar la manifestaci\u00f3n, han intervenido en la plaza Joan Blasco, de la Asamblea de apoyo a las personas migrantes de Tenerife, que ha explicado los problemas de empadronamiento que se encuentran las personas migrantes en la Laguna. Por su parte, compa\u00f1eros de Las Ra\u00edces han denunciado su situaci\u00f3n y Victoria Columba, del movimiento formado por colectivas migrantes #Regularizaci\u00f3nYa, ha exigido una regularizaci\u00f3n urgente y sin condiciones para todas las personas. Tambi\u00e9n ha denunciado el racismo institucional y estructural del que son v\u00edctimas las personas migrantes y la \u00abindustria del rescate\u00bb del que forman parte ACCEM, Cruz Roja y otras instituciones que se lucran y replican ese racismo institucional.<\/p>\n<\/div>\n<div>\n<p class=\"Textbody\">El s\u00e1bado 24, una manifestaci\u00f3n antirracista recorri\u00f3 los barrios que unen\u00a0 Santa Cruz de Tenerife y La Laguna. La manifestaci\u00f3n pas\u00f3 por algunos de los barrios m\u00e1s empobrecidos de la isla: Las Retamas, Las Delicias, Somosierra y Los Gladiolos. Al final del recorrido, en la antigua c\u00e1rcel, se encuentra un centro de Cruz Roja para personas migrantes en situaci\u00f3n de vulnerabilidad (mujeres, familias, enfermas\u2026) que acumula denuncias por diversos motivos.<\/p>\n<\/div>\n<div>\n<p class=\"Textbody\">A las cinco de la tarde se celebr\u00f3 el acto de clausura de la Caravana Canarias 2021 en la Plaza del Cristo\u00a0 en La Laguna, donde se pudo contemplar una exposici\u00f3n de las experiencias de los colectivos que trabajan y construyen alternativas en las fronteras.<\/p>\n<\/div>\n<div>\n<p class=\"Textbody\">Un concierto clausur\u00f3 el recorrido de la Caravana con una animaci\u00f3n a cargo de Teatro KDO y las actuaciones de Low Islands Refugees, Onofre, Tangatos y Dadda Wanche.<\/p>\n<\/div>\n<div>\n<p class=\"Textbody\">Asimismo, se har\u00e1 una valoraci\u00f3n colectiva antes de que las personas y organizaciones participantes regresen a sus lugares de origen donde seguir\u00e1n en su labor de denuncia de las pol\u00edticas migratorias europeas, as\u00ed como con su compromiso solidario con una acogida digna en todos y cada uno de los territorios de procedencia.<\/p>\n<\/div>\n","protected":false},"excerpt":{"rendered":"<p>Entramos en la recta final de la Caravana Canarias 2021, formada por la Caravana Abriendo Fronteras y Carovane Migranti, as\u00ed como las organizaciones de apoyo de Gran Canaria y Tenerife, y en la que participan unas 350 personas venidas desde&hellip;<\/p>\n","protected":false},"author":1681,"featured_media":1405441,"comment_status":"closed","ping_status":"closed","sticky":false,"template":"","format":"standard","meta":{"footnotes":""},"categories":[149,66,54515,39,54574],"tags":[93373,61039],"class_list":["post-1405427","post","type-post","status-publish","format-standard","has-post-thumbnail","hentry","category-comunicados-de-prensa","category-europa-es","category-genero-y-feminismos","category-internacional","category-migrantes-es","tag-caravanacanarias2021-canariasnicarcelnitumba","tag-caravana-abriendo-fronteras-es"],"yoast_head":"<!-- This site is optimized with the Yoast SEO plugin v27.1.1 - https:\/\/yoast.com\/product\/yoast-seo-wordpress\/ -->\n<title>Caravana Canarias 2021 y la invisibilidad de las mujeres en los procesos migratorios<\/title>\n<meta name=\"description\" content=\"Entramos en la recta final de la Caravana Canarias 2021, formada por la Caravana Abriendo Fronteras y Carovane Migranti, as\u00ed como las organizaciones de\" \/>\n<meta name=\"robots\" content=\"index, follow, max-snippet:-1, max-image-preview:large, max-video-preview:-1\" \/>\n<link rel=\"canonical\" href=\"https:\/\/www.pressenza.com\/es\/2021\/07\/caravana-canarias-2021-y-la-invisibilidad-de-las-mujeres-en-los-procesos-migratorios\/\" \/>\n<meta property=\"og:locale\" content=\"es_ES\" \/>\n<meta property=\"og:type\" content=\"article\" \/>\n<meta property=\"og:title\" content=\"Caravana Canarias 2021 y la invisibilidad de las mujeres en los procesos migratorios\" \/>\n<meta property=\"og:description\" content=\"Entramos en la recta final de la Caravana Canarias 2021, formada por la Caravana Abriendo Fronteras y Carovane Migranti, as\u00ed como las organizaciones de\" \/>\n<meta property=\"og:url\" content=\"https:\/\/www.pressenza.com\/es\/2021\/07\/caravana-canarias-2021-y-la-invisibilidad-de-las-mujeres-en-los-procesos-migratorios\/\" \/>\n<meta property=\"og:site_name\" content=\"Pressenza\" \/>\n<meta property=\"article:publisher\" content=\"https:\/\/www.facebook.com\/PressenzaItalia\" \/>\n<meta property=\"article:published_time\" content=\"2021-07-25T18:48:30+00:00\" \/>\n<meta property=\"og:image\" content=\"https:\/\/www.pressenza.com\/wp-content\/uploads\/2021\/07\/79FDC6BE-9A3D-409C-957A-7A189DE5A1C4_1_201_a.jpeg\" \/>\n\t<meta property=\"og:image:width\" content=\"828\" \/>\n\t<meta property=\"og:image:height\" content=\"654\" \/>\n\t<meta property=\"og:image:type\" content=\"image\/jpeg\" \/>\n<meta name=\"author\" content=\"Redacci\u00f3n Espa\u00f1a\" \/>\n<meta name=\"twitter:card\" content=\"summary_large_image\" \/>\n<meta name=\"twitter:creator\" content=\"@PressenzaIPA\" \/>\n<meta name=\"twitter:site\" content=\"@PressenzaIPA\" \/>\n<meta name=\"twitter:label1\" content=\"Escrito por\" \/>\n\t<meta name=\"twitter:data1\" content=\"Redacci\u00f3n Espa\u00f1a\" \/>\n\t<meta name=\"twitter:label2\" content=\"Tiempo de lectura\" \/>\n\t<meta name=\"twitter:data2\" content=\"4 minutos\" \/>\n<script type=\"application\/ld+json\" class=\"yoast-schema-graph\">{\"@context\":\"https:\/\/schema.org\",\"@graph\":[{\"@type\":\"Article\",\"@id\":\"https:\/\/www.pressenza.com\/es\/2021\/07\/caravana-canarias-2021-y-la-invisibilidad-de-las-mujeres-en-los-procesos-migratorios\/#article\",\"isPartOf\":{\"@id\":\"https:\/\/www.pressenza.com\/es\/2021\/07\/caravana-canarias-2021-y-la-invisibilidad-de-las-mujeres-en-los-procesos-migratorios\/\"},\"author\":{\"name\":\"Redacci\u00f3n Espa\u00f1a\",\"@id\":\"https:\/\/www.pressenza.com\/es\/#\/schema\/person\/fffbbe2f14495897417f313a954dae23\"},\"headline\":\"Caravana Canarias 2021 y la invisibilidad de las mujeres en los procesos migratorios\",\"datePublished\":\"2021-07-25T18:48:30+00:00\",\"mainEntityOfPage\":{\"@id\":\"https:\/\/www.pressenza.com\/es\/2021\/07\/caravana-canarias-2021-y-la-invisibilidad-de-las-mujeres-en-los-procesos-migratorios\/\"},\"wordCount\":845,\"publisher\":{\"@id\":\"https:\/\/www.pressenza.com\/es\/#organization\"},\"image\":{\"@id\":\"https:\/\/www.pressenza.com\/es\/2021\/07\/caravana-canarias-2021-y-la-invisibilidad-de-las-mujeres-en-los-procesos-migratorios\/#primaryimage\"},\"thumbnailUrl\":\"https:\/\/www.pressenza.com\/wp-content\/uploads\/2021\/07\/79FDC6BE-9A3D-409C-957A-7A189DE5A1C4_1_201_a.jpeg\",\"keywords\":[\"#CaravanaCanarias2021 #CanariasNiC\u00e1rcelNiTumba\",\"Caravana Abriendo Fronteras\"],\"articleSection\":[\"Comunicados de Prensa\",\"Europa\",\"G\u00e9nero y Feminismos\",\"Internacional\",\"Migrantes\"],\"inLanguage\":\"es\"},{\"@type\":\"WebPage\",\"@id\":\"https:\/\/www.pressenza.com\/es\/2021\/07\/caravana-canarias-2021-y-la-invisibilidad-de-las-mujeres-en-los-procesos-migratorios\/\",\"url\":\"https:\/\/www.pressenza.com\/es\/2021\/07\/caravana-canarias-2021-y-la-invisibilidad-de-las-mujeres-en-los-procesos-migratorios\/\",\"name\":\"Caravana Canarias 2021 y la invisibilidad de las mujeres en los procesos migratorios\",\"isPartOf\":{\"@id\":\"https:\/\/www.pressenza.com\/es\/#website\"},\"primaryImageOfPage\":{\"@id\":\"https:\/\/www.pressenza.com\/es\/2021\/07\/caravana-canarias-2021-y-la-invisibilidad-de-las-mujeres-en-los-procesos-migratorios\/#primaryimage\"},\"image\":{\"@id\":\"https:\/\/www.pressenza.com\/es\/2021\/07\/caravana-canarias-2021-y-la-invisibilidad-de-las-mujeres-en-los-procesos-migratorios\/#primaryimage\"},\"thumbnailUrl\":\"https:\/\/www.pressenza.com\/wp-content\/uploads\/2021\/07\/79FDC6BE-9A3D-409C-957A-7A189DE5A1C4_1_201_a.jpeg\",\"datePublished\":\"2021-07-25T18:48:30+00:00\",\"description\":\"Entramos en la recta final de la Caravana Canarias 2021, formada por la Caravana Abriendo Fronteras y Carovane Migranti, as\u00ed como las organizaciones de\",\"breadcrumb\":{\"@id\":\"https:\/\/www.pressenza.com\/es\/2021\/07\/caravana-canarias-2021-y-la-invisibilidad-de-las-mujeres-en-los-procesos-migratorios\/#breadcrumb\"},\"inLanguage\":\"es\",\"potentialAction\":[{\"@type\":\"ReadAction\",\"target\":[\"https:\/\/www.pressenza.com\/es\/2021\/07\/caravana-canarias-2021-y-la-invisibilidad-de-las-mujeres-en-los-procesos-migratorios\/\"]}]},{\"@type\":\"ImageObject\",\"inLanguage\":\"es\",\"@id\":\"https:\/\/www.pressenza.com\/es\/2021\/07\/caravana-canarias-2021-y-la-invisibilidad-de-las-mujeres-en-los-procesos-migratorios\/#primaryimage\",\"url\":\"https:\/\/www.pressenza.com\/wp-content\/uploads\/2021\/07\/79FDC6BE-9A3D-409C-957A-7A189DE5A1C4_1_201_a.jpeg\",\"contentUrl\":\"https:\/\/www.pressenza.com\/wp-content\/uploads\/2021\/07\/79FDC6BE-9A3D-409C-957A-7A189DE5A1C4_1_201_a.jpeg\",\"width\":828,\"height\":654},{\"@type\":\"BreadcrumbList\",\"@id\":\"https:\/\/www.pressenza.com\/es\/2021\/07\/caravana-canarias-2021-y-la-invisibilidad-de-las-mujeres-en-los-procesos-migratorios\/#breadcrumb\",\"itemListElement\":[{\"@type\":\"ListItem\",\"position\":1,\"name\":\"Accueil\",\"item\":\"https:\/\/www.pressenza.com\/es\/\"},{\"@type\":\"ListItem\",\"position\":2,\"name\":\"Caravana Canarias 2021 y la invisibilidad de las mujeres en los procesos migratorios\"}]},{\"@type\":\"WebSite\",\"@id\":\"https:\/\/www.pressenza.com\/es\/#website\",\"url\":\"https:\/\/www.pressenza.com\/es\/\",\"name\":\"Pressenza\",\"description\":\"International Press Agency\",\"publisher\":{\"@id\":\"https:\/\/www.pressenza.com\/es\/#organization\"},\"potentialAction\":[{\"@type\":\"SearchAction\",\"target\":{\"@type\":\"EntryPoint\",\"urlTemplate\":\"https:\/\/www.pressenza.com\/es\/?s={search_term_string}\"},\"query-input\":{\"@type\":\"PropertyValueSpecification\",\"valueRequired\":true,\"valueName\":\"search_term_string\"}}],\"inLanguage\":\"es\"},{\"@type\":\"Organization\",\"@id\":\"https:\/\/www.pressenza.com\/es\/#organization\",\"name\":\"Pressenza\",\"url\":\"https:\/\/www.pressenza.com\/es\/\",\"logo\":{\"@type\":\"ImageObject\",\"inLanguage\":\"es\",\"@id\":\"https:\/\/www.pressenza.com\/es\/#\/schema\/logo\/image\/\",\"url\":\"https:\/\/www.pressenza.com\/wp-content\/uploads\/2022\/10\/pressenza_logo_200x200.jpg\",\"contentUrl\":\"https:\/\/www.pressenza.com\/wp-content\/uploads\/2022\/10\/pressenza_logo_200x200.jpg\",\"width\":200,\"height\":200,\"caption\":\"Pressenza\"},\"image\":{\"@id\":\"https:\/\/www.pressenza.com\/es\/#\/schema\/logo\/image\/\"},\"sameAs\":[\"https:\/\/www.facebook.com\/PressenzaItalia\",\"https:\/\/x.com\/PressenzaIPA\"]},{\"@type\":\"Person\",\"@id\":\"https:\/\/www.pressenza.com\/es\/#\/schema\/person\/fffbbe2f14495897417f313a954dae23\",\"name\":\"Redacci\u00f3n Espa\u00f1a\",\"url\":\"https:\/\/www.pressenza.com\/es\/author\/redaccion-espana\/\"}]}<\/script>\n<!-- \/ Yoast SEO plugin. -->","yoast_head_json":{"title":"Caravana Canarias 2021 y la invisibilidad de las mujeres en los procesos migratorios","description":"Entramos en la recta final de la Caravana Canarias 2021, formada por la Caravana Abriendo Fronteras y Carovane Migranti, as\u00ed como las organizaciones de","robots":{"index":"index","follow":"follow","max-snippet":"max-snippet:-1","max-image-preview":"max-image-preview:large","max-video-preview":"max-video-preview:-1"},"canonical":"https:\/\/www.pressenza.com\/es\/2021\/07\/caravana-canarias-2021-y-la-invisibilidad-de-las-mujeres-en-los-procesos-migratorios\/","og_locale":"es_ES","og_type":"article","og_title":"Caravana Canarias 2021 y la invisibilidad de las mujeres en los procesos migratorios","og_description":"Entramos en la recta final de la Caravana Canarias 2021, formada por la Caravana Abriendo Fronteras y Carovane Migranti, as\u00ed como las organizaciones de","og_url":"https:\/\/www.pressenza.com\/es\/2021\/07\/caravana-canarias-2021-y-la-invisibilidad-de-las-mujeres-en-los-procesos-migratorios\/","og_site_name":"Pressenza","article_publisher":"https:\/\/www.facebook.com\/PressenzaItalia","article_published_time":"2021-07-25T18:48:30+00:00","og_image":[{"width":828,"height":654,"url":"https:\/\/www.pressenza.com\/wp-content\/uploads\/2021\/07\/79FDC6BE-9A3D-409C-957A-7A189DE5A1C4_1_201_a.jpeg","type":"image\/jpeg"}],"author":"Redacci\u00f3n Espa\u00f1a","twitter_card":"summary_large_image","twitter_creator":"@PressenzaIPA","twitter_site":"@PressenzaIPA","twitter_misc":{"Escrito por":"Redacci\u00f3n Espa\u00f1a","Tiempo de lectura":"4 minutos"},"schema":{"@context":"https:\/\/schema.org","@graph":[{"@type":"Article","@id":"https:\/\/www.pressenza.com\/es\/2021\/07\/caravana-canarias-2021-y-la-invisibilidad-de-las-mujeres-en-los-procesos-migratorios\/#article","isPartOf":{"@id":"https:\/\/www.pressenza.com\/es\/2021\/07\/caravana-canarias-2021-y-la-invisibilidad-de-las-mujeres-en-los-procesos-migratorios\/"},"author":{"name":"Redacci\u00f3n Espa\u00f1a","@id":"https:\/\/www.pressenza.com\/es\/#\/schema\/person\/fffbbe2f14495897417f313a954dae23"},"headline":"Caravana Canarias 2021 y la invisibilidad de las mujeres en los procesos migratorios","datePublished":"2021-07-25T18:48:30+00:00","mainEntityOfPage":{"@id":"https:\/\/www.pressenza.com\/es\/2021\/07\/caravana-canarias-2021-y-la-invisibilidad-de-las-mujeres-en-los-procesos-migratorios\/"},"wordCount":845,"publisher":{"@id":"https:\/\/www.pressenza.com\/es\/#organization"},"image":{"@id":"https:\/\/www.pressenza.com\/es\/2021\/07\/caravana-canarias-2021-y-la-invisibilidad-de-las-mujeres-en-los-procesos-migratorios\/#primaryimage"},"thumbnailUrl":"https:\/\/www.pressenza.com\/wp-content\/uploads\/2021\/07\/79FDC6BE-9A3D-409C-957A-7A189DE5A1C4_1_201_a.jpeg","keywords":["#CaravanaCanarias2021 #CanariasNiC\u00e1rcelNiTumba","Caravana Abriendo Fronteras"],"articleSection":["Comunicados de Prensa","Europa","G\u00e9nero y Feminismos","Internacional","Migrantes"],"inLanguage":"es"},{"@type":"WebPage","@id":"https:\/\/www.pressenza.com\/es\/2021\/07\/caravana-canarias-2021-y-la-invisibilidad-de-las-mujeres-en-los-procesos-migratorios\/","url":"https:\/\/www.pressenza.com\/es\/2021\/07\/caravana-canarias-2021-y-la-invisibilidad-de-las-mujeres-en-los-procesos-migratorios\/","name":"Caravana Canarias 2021 y la invisibilidad de las mujeres en los procesos migratorios","isPartOf":{"@id":"https:\/\/www.pressenza.com\/es\/#website"},"primaryImageOfPage":{"@id":"https:\/\/www.pressenza.com\/es\/2021\/07\/caravana-canarias-2021-y-la-invisibilidad-de-las-mujeres-en-los-procesos-migratorios\/#primaryimage"},"image":{"@id":"https:\/\/www.pressenza.com\/es\/2021\/07\/caravana-canarias-2021-y-la-invisibilidad-de-las-mujeres-en-los-procesos-migratorios\/#primaryimage"},"thumbnailUrl":"https:\/\/www.pressenza.com\/wp-content\/uploads\/2021\/07\/79FDC6BE-9A3D-409C-957A-7A189DE5A1C4_1_201_a.jpeg","datePublished":"2021-07-25T18:48:30+00:00","description":"Entramos en la recta final de la Caravana Canarias 2021, formada por la Caravana Abriendo Fronteras y Carovane Migranti, as\u00ed como las organizaciones de","breadcrumb":{"@id":"https:\/\/www.pressenza.com\/es\/2021\/07\/caravana-canarias-2021-y-la-invisibilidad-de-las-mujeres-en-los-procesos-migratorios\/#breadcrumb"},"inLanguage":"es","potentialAction":[{"@type":"ReadAction","target":["https:\/\/www.pressenza.com\/es\/2021\/07\/caravana-canarias-2021-y-la-invisibilidad-de-las-mujeres-en-los-procesos-migratorios\/"]}]},{"@type":"ImageObject","inLanguage":"es","@id":"https:\/\/www.pressenza.com\/es\/2021\/07\/caravana-canarias-2021-y-la-invisibilidad-de-las-mujeres-en-los-procesos-migratorios\/#primaryimage","url":"https:\/\/www.pressenza.com\/wp-content\/uploads\/2021\/07\/79FDC6BE-9A3D-409C-957A-7A189DE5A1C4_1_201_a.jpeg","contentUrl":"https:\/\/www.pressenza.com\/wp-content\/uploads\/2021\/07\/79FDC6BE-9A3D-409C-957A-7A189DE5A1C4_1_201_a.jpeg","width":828,"height":654},{"@type":"BreadcrumbList","@id":"https:\/\/www.pressenza.com\/es\/2021\/07\/caravana-canarias-2021-y-la-invisibilidad-de-las-mujeres-en-los-procesos-migratorios\/#breadcrumb","itemListElement":[{"@type":"ListItem","position":1,"name":"Accueil","item":"https:\/\/www.pressenza.com\/es\/"},{"@type":"ListItem","position":2,"name":"Caravana Canarias 2021 y la invisibilidad de las mujeres en los procesos migratorios"}]},{"@type":"WebSite","@id":"https:\/\/www.pressenza.com\/es\/#website","url":"https:\/\/www.pressenza.com\/es\/","name":"Pressenza","description":"International Press Agency","publisher":{"@id":"https:\/\/www.pressenza.com\/es\/#organization"},"potentialAction":[{"@type":"SearchAction","target":{"@type":"EntryPoint","urlTemplate":"https:\/\/www.pressenza.com\/es\/?s={search_term_string}"},"query-input":{"@type":"PropertyValueSpecification","valueRequired":true,"valueName":"search_term_string"}}],"inLanguage":"es"},{"@type":"Organization","@id":"https:\/\/www.pressenza.com\/es\/#organization","name":"Pressenza","url":"https:\/\/www.pressenza.com\/es\/","logo":{"@type":"ImageObject","inLanguage":"es","@id":"https:\/\/www.pressenza.com\/es\/#\/schema\/logo\/image\/","url":"https:\/\/www.pressenza.com\/wp-content\/uploads\/2022\/10\/pressenza_logo_200x200.jpg","contentUrl":"https:\/\/www.pressenza.com\/wp-content\/uploads\/2022\/10\/pressenza_logo_200x200.jpg","width":200,"height":200,"caption":"Pressenza"},"image":{"@id":"https:\/\/www.pressenza.com\/es\/#\/schema\/logo\/image\/"},"sameAs":["https:\/\/www.facebook.com\/PressenzaItalia","https:\/\/x.com\/PressenzaIPA"]},{"@type":"Person","@id":"https:\/\/www.pressenza.com\/es\/#\/schema\/person\/fffbbe2f14495897417f313a954dae23","name":"Redacci\u00f3n Espa\u00f1a","url":"https:\/\/www.pressenza.com\/es\/author\/redaccion-espana\/"}]}},"place":"Canarias, Espa\u00f1a","original_article_url":"","_links":{"self":[{"href":"https:\/\/www.pressenza.com\/es\/wp-json\/wp\/v2\/posts\/1405427","targetHints":{"allow":["GET"]}}],"collection":[{"href":"https:\/\/www.pressenza.com\/es\/wp-json\/wp\/v2\/posts"}],"about":[{"href":"https:\/\/www.pressenza.com\/es\/wp-json\/wp\/v2\/types\/post"}],"author":[{"embeddable":true,"href":"https:\/\/www.pressenza.com\/es\/wp-json\/wp\/v2\/users\/1681"}],"replies":[{"embeddable":true,"href":"https:\/\/www.pressenza.com\/es\/wp-json\/wp\/v2\/comments?post=1405427"}],"version-history":[{"count":0,"href":"https:\/\/www.pressenza.com\/es\/wp-json\/wp\/v2\/posts\/1405427\/revisions"}],"wp:featuredmedia":[{"embeddable":true,"href":"https:\/\/www.pressenza.com\/es\/wp-json\/wp\/v2\/media\/1405441"}],"wp:attachment":[{"href":"https:\/\/www.pressenza.com\/es\/wp-json\/wp\/v2\/media?parent=1405427"}],"wp:term":[{"taxonomy":"category","embeddable":true,"href":"https:\/\/www.pressenza.com\/es\/wp-json\/wp\/v2\/categories?post=1405427"},{"taxonomy":"post_tag","embeddable":true,"href":"https:\/\/www.pressenza.com\/es\/wp-json\/wp\/v2\/tags?post=1405427"}],"curies":[{"name":"wp","href":"https:\/\/api.w.org\/{rel}","templated":true}]}}