{"id":1404687,"date":"2021-07-24T16:51:53","date_gmt":"2021-07-24T15:51:53","guid":{"rendered":"https:\/\/www.pressenza.com\/?p=1404687"},"modified":"2021-07-24T16:51:53","modified_gmt":"2021-07-24T15:51:53","slug":"chile-una-explosion-de-candidaturas-presidenciales","status":"publish","type":"post","link":"https:\/\/www.pressenza.com\/es\/2021\/07\/chile-una-explosion-de-candidaturas-presidenciales\/","title":{"rendered":"Chile: Una explosi\u00f3n de candidaturas presidenciales"},"content":{"rendered":"<p>Las recientes elecciones primarias no definieron para nada cu\u00e1les y cu\u00e1ntos ser\u00e1n los actores de la pr\u00f3xima elecci\u00f3n presidencial de noviembre. En la derecha, el triunfo del candidato independiente no dej\u00f3 conforme a los tres partidos del sector, toda vez que a Sebasti\u00e1n Sichel se le imputa haber obtenido el apoyo de La Moneda y de Pi\u00f1era, un personaje que ya no resulta grato ni en la UDI, Renovaci\u00f3n Nacional y Ev\u00f3poli. Que m\u00e1s bien ahora ellos mismos le espetan ser el principal responsable del desafecto popular hacia el oficialismo.<\/p>\n<p>Es as\u00ed como el Partido Republicano ha advertido que con los otros partidos de la derecha ya no habr\u00e1 acuerdo para integrar las listas parlamentarias y que de todas maneras en la papeleta de noviembre estar\u00e1 Jos\u00e9 Manuel Kast, el l\u00edder de esta colectividad considerada ultra conservadora.<\/p>\n<p>Esta postulaci\u00f3n sin duda conspira contra las pretensiones de Sichel de llegar a la segunda ronda electoral, aunque eso depender\u00e1 mucho de la posibilidad de que el centro pol\u00edtico y la izquierda arriben a acuerdos electorales que le den buenas perspectivas de triunfo en un pa\u00eds claramente\u00a0 inclinado hacia el vanguardismo, pero que tampoco ve con buenos ojos a esa enorme cantidad de partidos y movimientos pol\u00edticos que aseguran ser los representante de una poblaci\u00f3n abrumada por el sistema econ\u00f3mico y social imperante, en que el n\u00famero de pobres suma ahora a un mill\u00f3n m\u00e1s de chilenos a causa del desempleo, los efectos de la pandemia y los abusos de la clase empresarial.<\/p>\n<p>No hay duda que el amplio triunfo de Gabriel Boric en la primaria de la izquierda no dej\u00f3 tampoco a todos muy contentos, toda vez que al mismo ganador muchos no le perdonan haber hecho posible el acuerdo parlamentario que fij\u00f3 las normas y el qu\u00f3rum de la Convenci\u00f3n Constituyente, adem\u00e1s de haber apoyado como diputado algunas leyes que le dan atribuciones al Gobierno para reprimir las manifestaciones callejeras. Los derrotados comunistas han adherido a su candidatura como disciplinados que son, pero ya se sabe que las directivas de \u00e9ste y otros partidos ya no pueden garantizar el comportamiento electoral de sus militantes.<\/p>\n<p>Desde el d\u00eda siguiente de conocidos los resultados de la primarias no ha cesado la explosi\u00f3n de otras candidaturas de la izquierda m\u00e1s radical, como que la Lista del Pueblo, por ejemplo, asegura que tambi\u00e9n levantar\u00e1 un candidato presidencial, algo que es inquietante para todo el espectro pol\u00edtico si se considera el s\u00f3lido resultado electoral de este referente en las elecciones para nominar los miembros de la Convenci\u00f3n Constituyente. Por otro lado, varios l\u00edderes de los pueblos ancentrales buscan tambi\u00e9n la posibilidad de un candidato presidencial propio, al tiempo de quejarse por la discriminaci\u00f3n practicada por las \u201ccomponendas pol\u00edticas\u201d de los constituyentes que son militantes de partidos. Una cr\u00edtica que para muchos es injusta por la gran cantidad de gestos que el mundo pol\u00edtico le ha brindado en el \u00faltimo tiempo a las demandas de los pueblos fundacionales, especialmente de los mapuches. Aunque hasta aqu\u00ed nada o muy poco se ha hecho para devolverle la propiedad de las tierras de la Araucan\u00eda.<\/p>\n<p>A todo esto, debemos considerar que el Partido Socialista, el PPD, los radicales y la Democracia Cristiana no han considerado rescindir sus respectivas candidaturas presidenciales, lo que podr\u00eda agregar unos tres postulantes m\u00e1s a La Moneda, o al menos uno o una si estos partidos acuerdan realizar una propia primaria entre ellos, o simplemente los que se ven menos aspectados por los sondeos de opini\u00f3n p\u00fablica renuncien de motu proprio. En los pr\u00f3ximos d\u00edas se despejar\u00e1 la inc\u00f3gnita al interior de la ex Concertaci\u00f3n, como asimismo si ser\u00e1n capaces de presentar una sola lista de candidatos al Parlamento. Pero los apetitos por llegar a La Moneda se expresan tambi\u00e9n en otra cantidad de eventuales candidatos, como es el caso de Eduardo Art\u00e9s, de Uni\u00f3n Patri\u00f3tica, que ya postul\u00f3 en las presidenciales del 2017 y destac\u00f3 por su buen verbo, como tambi\u00e9n por su franca simpat\u00eda hacia el r\u00e9gimen de Corea del Norte.<\/p>\n<p>Es tambi\u00e9n posible que dentro del propio Frente Amplio de Boric se produzcan algunas escisiones, como hasta la posibilidad de que el carism\u00e1tico alcalde de Valpara\u00edso, Jorge Sharp, pueda tentarse por ser el abanderado de otras expresiones izquierdistas o incluso ser tentado por la propia Lista del Pueblo para que los represente.<\/p>\n<p>La explosi\u00f3n de candidaturas del mundo progresista deja muy incierto el panorama electoral y pone a la propia derecha y a Sebasti\u00e1n Sichel en la posibilidad de asegurarse el paso a una segunda vuelta electoral. Cuesti\u00f3n que tambi\u00e9n pudiera favorecer a la ex Concertaci\u00f3n, sobre todo si este esmirriado sector conviene en apoyar en conjunto a la reci\u00e9n proclamada senadora DC Yasna Provoste, quien es muy bien reconocida por su labor parlamentaria, por ser parte de su etnia diaguita y haber remontado con mucho \u00e9xito despu\u00e9s de una acusaci\u00f3n constitucional urdida por la clase pol\u00edtica que la tuvo cinco a\u00f1os proscrita y sin posibilidad de ocupar un cargo p\u00fablico.<\/p>\n","protected":false},"excerpt":{"rendered":"<p>Las recientes elecciones primarias no definieron para nada cu\u00e1les y cu\u00e1ntos ser\u00e1n los actores de la pr\u00f3xima elecci\u00f3n presidencial de noviembre. En la derecha, el triunfo del candidato independiente no dej\u00f3 conforme a los tres partidos del sector, toda vez&hellip;<\/p>\n","protected":false},"author":1739,"featured_media":1404728,"comment_status":"closed","ping_status":"closed","sticky":false,"template":"","format":"standard","meta":{"footnotes":""},"categories":[11389,161,74,67],"tags":[29,403],"class_list":["post-1404687","post","type-post","status-publish","format-standard","has-post-thumbnail","hentry","category-contenido-original","category-opiniones","category-politica-es","category-sudamerica","tag-chile","tag-elecciones"],"yoast_head":"<!-- This site is optimized with the Yoast SEO plugin v27.1.1 - https:\/\/yoast.com\/product\/yoast-seo-wordpress\/ -->\n<title>Chile: Una explosi\u00f3n de candidaturas presidenciales<\/title>\n<meta name=\"description\" content=\"Las recientes elecciones primarias no definieron para nada cu\u00e1les y cu\u00e1ntos ser\u00e1n los actores de la pr\u00f3xima elecci\u00f3n presidencial de noviembre. En la\" \/>\n<meta name=\"robots\" content=\"index, follow, max-snippet:-1, max-image-preview:large, max-video-preview:-1\" \/>\n<link rel=\"canonical\" href=\"https:\/\/www.pressenza.com\/es\/2021\/07\/chile-una-explosion-de-candidaturas-presidenciales\/\" \/>\n<meta property=\"og:locale\" content=\"es_ES\" \/>\n<meta property=\"og:type\" content=\"article\" \/>\n<meta property=\"og:title\" content=\"Chile: Una explosi\u00f3n de candidaturas presidenciales\" \/>\n<meta property=\"og:description\" content=\"Las recientes elecciones primarias no definieron para nada cu\u00e1les y cu\u00e1ntos ser\u00e1n los actores de la pr\u00f3xima elecci\u00f3n presidencial de noviembre. En la\" \/>\n<meta property=\"og:url\" content=\"https:\/\/www.pressenza.com\/es\/2021\/07\/chile-una-explosion-de-candidaturas-presidenciales\/\" \/>\n<meta property=\"og:site_name\" content=\"Pressenza\" \/>\n<meta property=\"article:publisher\" content=\"https:\/\/www.facebook.com\/PressenzaItalia\" \/>\n<meta property=\"article:published_time\" content=\"2021-07-24T15:51:53+00:00\" \/>\n<meta property=\"og:image\" content=\"https:\/\/www.pressenza.com\/wp-content\/uploads\/2021\/07\/candidatos-2021-768x433-1.jpeg\" \/>\n\t<meta property=\"og:image:width\" content=\"768\" \/>\n\t<meta property=\"og:image:height\" content=\"433\" \/>\n\t<meta property=\"og:image:type\" content=\"image\/jpeg\" \/>\n<meta name=\"author\" content=\"Juan Pablo C\u00e1rdenas\" \/>\n<meta name=\"twitter:card\" content=\"summary_large_image\" \/>\n<meta name=\"twitter:creator\" content=\"@PressenzaIPA\" \/>\n<meta name=\"twitter:site\" content=\"@PressenzaIPA\" \/>\n<meta name=\"twitter:label1\" content=\"Escrito por\" \/>\n\t<meta name=\"twitter:data1\" content=\"Juan Pablo C\u00e1rdenas\" \/>\n\t<meta name=\"twitter:label2\" content=\"Tiempo de lectura\" \/>\n\t<meta name=\"twitter:data2\" content=\"4 minutos\" \/>\n<script type=\"application\/ld+json\" class=\"yoast-schema-graph\">{\"@context\":\"https:\/\/schema.org\",\"@graph\":[{\"@type\":\"Article\",\"@id\":\"https:\/\/www.pressenza.com\/es\/2021\/07\/chile-una-explosion-de-candidaturas-presidenciales\/#article\",\"isPartOf\":{\"@id\":\"https:\/\/www.pressenza.com\/es\/2021\/07\/chile-una-explosion-de-candidaturas-presidenciales\/\"},\"author\":{\"name\":\"Juan Pablo C\u00e1rdenas\",\"@id\":\"https:\/\/www.pressenza.com\/es\/#\/schema\/person\/d72a7c8c014dcbfa2ef9e9976103ea0d\"},\"headline\":\"Chile: Una explosi\u00f3n de candidaturas presidenciales\",\"datePublished\":\"2021-07-24T15:51:53+00:00\",\"mainEntityOfPage\":{\"@id\":\"https:\/\/www.pressenza.com\/es\/2021\/07\/chile-una-explosion-de-candidaturas-presidenciales\/\"},\"wordCount\":901,\"publisher\":{\"@id\":\"https:\/\/www.pressenza.com\/es\/#organization\"},\"image\":{\"@id\":\"https:\/\/www.pressenza.com\/es\/2021\/07\/chile-una-explosion-de-candidaturas-presidenciales\/#primaryimage\"},\"thumbnailUrl\":\"https:\/\/www.pressenza.com\/wp-content\/uploads\/2021\/07\/candidatos-2021-768x433-1.jpeg\",\"keywords\":[\"Chile\",\"elecciones\"],\"articleSection\":[\"Contenido Original\",\"Opiniones\",\"Pol\u00edtica\",\"Sudam\u00e9rica\"],\"inLanguage\":\"es\"},{\"@type\":\"WebPage\",\"@id\":\"https:\/\/www.pressenza.com\/es\/2021\/07\/chile-una-explosion-de-candidaturas-presidenciales\/\",\"url\":\"https:\/\/www.pressenza.com\/es\/2021\/07\/chile-una-explosion-de-candidaturas-presidenciales\/\",\"name\":\"Chile: Una explosi\u00f3n de candidaturas presidenciales\",\"isPartOf\":{\"@id\":\"https:\/\/www.pressenza.com\/es\/#website\"},\"primaryImageOfPage\":{\"@id\":\"https:\/\/www.pressenza.com\/es\/2021\/07\/chile-una-explosion-de-candidaturas-presidenciales\/#primaryimage\"},\"image\":{\"@id\":\"https:\/\/www.pressenza.com\/es\/2021\/07\/chile-una-explosion-de-candidaturas-presidenciales\/#primaryimage\"},\"thumbnailUrl\":\"https:\/\/www.pressenza.com\/wp-content\/uploads\/2021\/07\/candidatos-2021-768x433-1.jpeg\",\"datePublished\":\"2021-07-24T15:51:53+00:00\",\"description\":\"Las recientes elecciones primarias no definieron para nada cu\u00e1les y cu\u00e1ntos ser\u00e1n los actores de la pr\u00f3xima elecci\u00f3n presidencial de noviembre. En la\",\"breadcrumb\":{\"@id\":\"https:\/\/www.pressenza.com\/es\/2021\/07\/chile-una-explosion-de-candidaturas-presidenciales\/#breadcrumb\"},\"inLanguage\":\"es\",\"potentialAction\":[{\"@type\":\"ReadAction\",\"target\":[\"https:\/\/www.pressenza.com\/es\/2021\/07\/chile-una-explosion-de-candidaturas-presidenciales\/\"]}]},{\"@type\":\"ImageObject\",\"inLanguage\":\"es\",\"@id\":\"https:\/\/www.pressenza.com\/es\/2021\/07\/chile-una-explosion-de-candidaturas-presidenciales\/#primaryimage\",\"url\":\"https:\/\/www.pressenza.com\/wp-content\/uploads\/2021\/07\/candidatos-2021-768x433-1.jpeg\",\"contentUrl\":\"https:\/\/www.pressenza.com\/wp-content\/uploads\/2021\/07\/candidatos-2021-768x433-1.jpeg\",\"width\":768,\"height\":433,\"caption\":\"http:\/\/juanpablocardenas.cl\/\"},{\"@type\":\"BreadcrumbList\",\"@id\":\"https:\/\/www.pressenza.com\/es\/2021\/07\/chile-una-explosion-de-candidaturas-presidenciales\/#breadcrumb\",\"itemListElement\":[{\"@type\":\"ListItem\",\"position\":1,\"name\":\"Accueil\",\"item\":\"https:\/\/www.pressenza.com\/es\/\"},{\"@type\":\"ListItem\",\"position\":2,\"name\":\"Chile: Una explosi\u00f3n de candidaturas presidenciales\"}]},{\"@type\":\"WebSite\",\"@id\":\"https:\/\/www.pressenza.com\/es\/#website\",\"url\":\"https:\/\/www.pressenza.com\/es\/\",\"name\":\"Pressenza\",\"description\":\"International Press Agency\",\"publisher\":{\"@id\":\"https:\/\/www.pressenza.com\/es\/#organization\"},\"potentialAction\":[{\"@type\":\"SearchAction\",\"target\":{\"@type\":\"EntryPoint\",\"urlTemplate\":\"https:\/\/www.pressenza.com\/es\/?s={search_term_string}\"},\"query-input\":{\"@type\":\"PropertyValueSpecification\",\"valueRequired\":true,\"valueName\":\"search_term_string\"}}],\"inLanguage\":\"es\"},{\"@type\":\"Organization\",\"@id\":\"https:\/\/www.pressenza.com\/es\/#organization\",\"name\":\"Pressenza\",\"url\":\"https:\/\/www.pressenza.com\/es\/\",\"logo\":{\"@type\":\"ImageObject\",\"inLanguage\":\"es\",\"@id\":\"https:\/\/www.pressenza.com\/es\/#\/schema\/logo\/image\/\",\"url\":\"https:\/\/www.pressenza.com\/wp-content\/uploads\/2022\/10\/pressenza_logo_200x200.jpg\",\"contentUrl\":\"https:\/\/www.pressenza.com\/wp-content\/uploads\/2022\/10\/pressenza_logo_200x200.jpg\",\"width\":200,\"height\":200,\"caption\":\"Pressenza\"},\"image\":{\"@id\":\"https:\/\/www.pressenza.com\/es\/#\/schema\/logo\/image\/\"},\"sameAs\":[\"https:\/\/www.facebook.com\/PressenzaItalia\",\"https:\/\/x.com\/PressenzaIPA\"]},{\"@type\":\"Person\",\"@id\":\"https:\/\/www.pressenza.com\/es\/#\/schema\/person\/d72a7c8c014dcbfa2ef9e9976103ea0d\",\"name\":\"Juan Pablo C\u00e1rdenas\",\"description\":\"Juan Pablo C\u00e1rdenas Squella es un periodista y profesor universitario de vasta trayectoria. En el 2005 recibi\u00f3 en premio nacional de Periodismo y, antes, la Pluma de Oro de la Libertad, otorgada por la Federaci\u00f3n Mundial de la Prensa. Tambi\u00e9n obtuvo el Premio Latinoamericano de Periodismo, la Houten Camara de Holanda (1989) entre otras m\u00faltiples distinciones nacionales y extranjeras. Forma parte de los sesenta periodistas del mundo considerados H\u00e9roes de la Libertad de Expresi\u00f3n, reconocimiento hecho por la Federaci\u00f3n Internacional de Periodistas. Ha sido director y columnista de las revistas Debate Universitario, An\u00e1lisis y Los Tiempos, as\u00ed como del diario electr\u00f3nico primeral\u00ednea.cl. Tambi\u00e9n fue por m\u00e1s 18 a\u00f1os director de la Radio Universidad de Chile y de su diario digital. Se ha desempe\u00f1ado como profesor de varias escuelas de periodismo de Santiago y Valpara\u00edso y en la Universidad de Chile alcanz\u00f3 el grado de profesor titular y senador universitario.\",\"url\":\"https:\/\/www.pressenza.com\/es\/author\/juan-pablo-cardenas\/\"}]}<\/script>\n<!-- \/ Yoast SEO plugin. -->","yoast_head_json":{"title":"Chile: Una explosi\u00f3n de candidaturas presidenciales","description":"Las recientes elecciones primarias no definieron para nada cu\u00e1les y cu\u00e1ntos ser\u00e1n los actores de la pr\u00f3xima elecci\u00f3n presidencial de noviembre. En la","robots":{"index":"index","follow":"follow","max-snippet":"max-snippet:-1","max-image-preview":"max-image-preview:large","max-video-preview":"max-video-preview:-1"},"canonical":"https:\/\/www.pressenza.com\/es\/2021\/07\/chile-una-explosion-de-candidaturas-presidenciales\/","og_locale":"es_ES","og_type":"article","og_title":"Chile: Una explosi\u00f3n de candidaturas presidenciales","og_description":"Las recientes elecciones primarias no definieron para nada cu\u00e1les y cu\u00e1ntos ser\u00e1n los actores de la pr\u00f3xima elecci\u00f3n presidencial de noviembre. En la","og_url":"https:\/\/www.pressenza.com\/es\/2021\/07\/chile-una-explosion-de-candidaturas-presidenciales\/","og_site_name":"Pressenza","article_publisher":"https:\/\/www.facebook.com\/PressenzaItalia","article_published_time":"2021-07-24T15:51:53+00:00","og_image":[{"width":768,"height":433,"url":"https:\/\/www.pressenza.com\/wp-content\/uploads\/2021\/07\/candidatos-2021-768x433-1.jpeg","type":"image\/jpeg"}],"author":"Juan Pablo C\u00e1rdenas","twitter_card":"summary_large_image","twitter_creator":"@PressenzaIPA","twitter_site":"@PressenzaIPA","twitter_misc":{"Escrito por":"Juan Pablo C\u00e1rdenas","Tiempo de lectura":"4 minutos"},"schema":{"@context":"https:\/\/schema.org","@graph":[{"@type":"Article","@id":"https:\/\/www.pressenza.com\/es\/2021\/07\/chile-una-explosion-de-candidaturas-presidenciales\/#article","isPartOf":{"@id":"https:\/\/www.pressenza.com\/es\/2021\/07\/chile-una-explosion-de-candidaturas-presidenciales\/"},"author":{"name":"Juan Pablo C\u00e1rdenas","@id":"https:\/\/www.pressenza.com\/es\/#\/schema\/person\/d72a7c8c014dcbfa2ef9e9976103ea0d"},"headline":"Chile: Una explosi\u00f3n de candidaturas presidenciales","datePublished":"2021-07-24T15:51:53+00:00","mainEntityOfPage":{"@id":"https:\/\/www.pressenza.com\/es\/2021\/07\/chile-una-explosion-de-candidaturas-presidenciales\/"},"wordCount":901,"publisher":{"@id":"https:\/\/www.pressenza.com\/es\/#organization"},"image":{"@id":"https:\/\/www.pressenza.com\/es\/2021\/07\/chile-una-explosion-de-candidaturas-presidenciales\/#primaryimage"},"thumbnailUrl":"https:\/\/www.pressenza.com\/wp-content\/uploads\/2021\/07\/candidatos-2021-768x433-1.jpeg","keywords":["Chile","elecciones"],"articleSection":["Contenido Original","Opiniones","Pol\u00edtica","Sudam\u00e9rica"],"inLanguage":"es"},{"@type":"WebPage","@id":"https:\/\/www.pressenza.com\/es\/2021\/07\/chile-una-explosion-de-candidaturas-presidenciales\/","url":"https:\/\/www.pressenza.com\/es\/2021\/07\/chile-una-explosion-de-candidaturas-presidenciales\/","name":"Chile: Una explosi\u00f3n de candidaturas presidenciales","isPartOf":{"@id":"https:\/\/www.pressenza.com\/es\/#website"},"primaryImageOfPage":{"@id":"https:\/\/www.pressenza.com\/es\/2021\/07\/chile-una-explosion-de-candidaturas-presidenciales\/#primaryimage"},"image":{"@id":"https:\/\/www.pressenza.com\/es\/2021\/07\/chile-una-explosion-de-candidaturas-presidenciales\/#primaryimage"},"thumbnailUrl":"https:\/\/www.pressenza.com\/wp-content\/uploads\/2021\/07\/candidatos-2021-768x433-1.jpeg","datePublished":"2021-07-24T15:51:53+00:00","description":"Las recientes elecciones primarias no definieron para nada cu\u00e1les y cu\u00e1ntos ser\u00e1n los actores de la pr\u00f3xima elecci\u00f3n presidencial de noviembre. En la","breadcrumb":{"@id":"https:\/\/www.pressenza.com\/es\/2021\/07\/chile-una-explosion-de-candidaturas-presidenciales\/#breadcrumb"},"inLanguage":"es","potentialAction":[{"@type":"ReadAction","target":["https:\/\/www.pressenza.com\/es\/2021\/07\/chile-una-explosion-de-candidaturas-presidenciales\/"]}]},{"@type":"ImageObject","inLanguage":"es","@id":"https:\/\/www.pressenza.com\/es\/2021\/07\/chile-una-explosion-de-candidaturas-presidenciales\/#primaryimage","url":"https:\/\/www.pressenza.com\/wp-content\/uploads\/2021\/07\/candidatos-2021-768x433-1.jpeg","contentUrl":"https:\/\/www.pressenza.com\/wp-content\/uploads\/2021\/07\/candidatos-2021-768x433-1.jpeg","width":768,"height":433,"caption":"http:\/\/juanpablocardenas.cl\/"},{"@type":"BreadcrumbList","@id":"https:\/\/www.pressenza.com\/es\/2021\/07\/chile-una-explosion-de-candidaturas-presidenciales\/#breadcrumb","itemListElement":[{"@type":"ListItem","position":1,"name":"Accueil","item":"https:\/\/www.pressenza.com\/es\/"},{"@type":"ListItem","position":2,"name":"Chile: Una explosi\u00f3n de candidaturas presidenciales"}]},{"@type":"WebSite","@id":"https:\/\/www.pressenza.com\/es\/#website","url":"https:\/\/www.pressenza.com\/es\/","name":"Pressenza","description":"International Press Agency","publisher":{"@id":"https:\/\/www.pressenza.com\/es\/#organization"},"potentialAction":[{"@type":"SearchAction","target":{"@type":"EntryPoint","urlTemplate":"https:\/\/www.pressenza.com\/es\/?s={search_term_string}"},"query-input":{"@type":"PropertyValueSpecification","valueRequired":true,"valueName":"search_term_string"}}],"inLanguage":"es"},{"@type":"Organization","@id":"https:\/\/www.pressenza.com\/es\/#organization","name":"Pressenza","url":"https:\/\/www.pressenza.com\/es\/","logo":{"@type":"ImageObject","inLanguage":"es","@id":"https:\/\/www.pressenza.com\/es\/#\/schema\/logo\/image\/","url":"https:\/\/www.pressenza.com\/wp-content\/uploads\/2022\/10\/pressenza_logo_200x200.jpg","contentUrl":"https:\/\/www.pressenza.com\/wp-content\/uploads\/2022\/10\/pressenza_logo_200x200.jpg","width":200,"height":200,"caption":"Pressenza"},"image":{"@id":"https:\/\/www.pressenza.com\/es\/#\/schema\/logo\/image\/"},"sameAs":["https:\/\/www.facebook.com\/PressenzaItalia","https:\/\/x.com\/PressenzaIPA"]},{"@type":"Person","@id":"https:\/\/www.pressenza.com\/es\/#\/schema\/person\/d72a7c8c014dcbfa2ef9e9976103ea0d","name":"Juan Pablo C\u00e1rdenas","description":"Juan Pablo C\u00e1rdenas Squella es un periodista y profesor universitario de vasta trayectoria. En el 2005 recibi\u00f3 en premio nacional de Periodismo y, antes, la Pluma de Oro de la Libertad, otorgada por la Federaci\u00f3n Mundial de la Prensa. Tambi\u00e9n obtuvo el Premio Latinoamericano de Periodismo, la Houten Camara de Holanda (1989) entre otras m\u00faltiples distinciones nacionales y extranjeras. Forma parte de los sesenta periodistas del mundo considerados H\u00e9roes de la Libertad de Expresi\u00f3n, reconocimiento hecho por la Federaci\u00f3n Internacional de Periodistas. Ha sido director y columnista de las revistas Debate Universitario, An\u00e1lisis y Los Tiempos, as\u00ed como del diario electr\u00f3nico primeral\u00ednea.cl. Tambi\u00e9n fue por m\u00e1s 18 a\u00f1os director de la Radio Universidad de Chile y de su diario digital. Se ha desempe\u00f1ado como profesor de varias escuelas de periodismo de Santiago y Valpara\u00edso y en la Universidad de Chile alcanz\u00f3 el grado de profesor titular y senador universitario.","url":"https:\/\/www.pressenza.com\/es\/author\/juan-pablo-cardenas\/"}]}},"place":"Santiago de Chile","original_article_url":"","_links":{"self":[{"href":"https:\/\/www.pressenza.com\/es\/wp-json\/wp\/v2\/posts\/1404687","targetHints":{"allow":["GET"]}}],"collection":[{"href":"https:\/\/www.pressenza.com\/es\/wp-json\/wp\/v2\/posts"}],"about":[{"href":"https:\/\/www.pressenza.com\/es\/wp-json\/wp\/v2\/types\/post"}],"author":[{"embeddable":true,"href":"https:\/\/www.pressenza.com\/es\/wp-json\/wp\/v2\/users\/1739"}],"replies":[{"embeddable":true,"href":"https:\/\/www.pressenza.com\/es\/wp-json\/wp\/v2\/comments?post=1404687"}],"version-history":[{"count":0,"href":"https:\/\/www.pressenza.com\/es\/wp-json\/wp\/v2\/posts\/1404687\/revisions"}],"wp:featuredmedia":[{"embeddable":true,"href":"https:\/\/www.pressenza.com\/es\/wp-json\/wp\/v2\/media\/1404728"}],"wp:attachment":[{"href":"https:\/\/www.pressenza.com\/es\/wp-json\/wp\/v2\/media?parent=1404687"}],"wp:term":[{"taxonomy":"category","embeddable":true,"href":"https:\/\/www.pressenza.com\/es\/wp-json\/wp\/v2\/categories?post=1404687"},{"taxonomy":"post_tag","embeddable":true,"href":"https:\/\/www.pressenza.com\/es\/wp-json\/wp\/v2\/tags?post=1404687"}],"curies":[{"name":"wp","href":"https:\/\/api.w.org\/{rel}","templated":true}]}}