{"id":1402194,"date":"2021-07-19T18:59:13","date_gmt":"2021-07-19T17:59:13","guid":{"rendered":"https:\/\/www.pressenza.com\/?p=1402194"},"modified":"2021-07-19T18:59:13","modified_gmt":"2021-07-19T17:59:13","slug":"el-dulce-y-el-agraz-electoral","status":"publish","type":"post","link":"https:\/\/www.pressenza.com\/es\/2021\/07\/el-dulce-y-el-agraz-electoral\/","title":{"rendered":"El dulce y el agraz electoral"},"content":{"rendered":"<p>En todas las contiendas electorales existen vencedores y vencidos por m\u00e1s que siempre los dirigentes pol\u00edticos saquen cuentas alegres. Las recientes elecciones primarias tienen como francos ganadores a Gabriel Boric y a Sebasti\u00e1n Sichel, as\u00ed como dieron ganador al pacto de izquierda Apruebo Dignidad por sobre la coalici\u00f3n Chile Vamos de la centro derecha. Esto es lo que dicen las cifras, adem\u00e1s de constatar otra vez que el n\u00famero de los que no votaron cuentan con una mayor\u00eda abrumadora. Cada referente electoral super\u00f3 el mill\u00f3n de votos pero el n\u00famero de los que se abstuvieron fue de m\u00e1s de 10 millones de eventuales sufragantes.<\/p>\n<p>En los n\u00fameros, esta primaria nos deja una enorme interrogante respecto de cu\u00e1ntos ser\u00e1n los ciudadanos simpatizantes de los partidos de la ex Concertaci\u00f3n y Nueva Mayoria que no participaron en este evento electoral, pero que mantienen al menos dos precandidatos presidenciales y tienen que despejar si la Democracia Cristiana proclamar\u00e1 en definitiva a la senadora Yasna Provoste, altamente cotizada por los \u00faltimos sondeos de opini\u00f3n p\u00fablica. Parece muy improbable que socialistas y falangistas, los partidos de Salvador Allende y de Eduardo Frei, se vayan a restar de competir en noviembre por llegar a La Moneda, as\u00ed como tendr\u00e1 que definirse, tambi\u00e9n, si la extrema derecha, el Partido Republicano, resuelve postular a su m\u00e1ximo l\u00edder Jos\u00e9 Antonio Kast.<\/p>\n<p>Enorme m\u00e9rito tiene el diputado Boric al haberse impuesto sobre el alcalde comunista Daniel Jadue, pero desde la \u00faltima elecci\u00f3n de concejeros constituyentes nada se sabe todav\u00eda qu\u00e9 resuelva el Partido del Pueblo, la m\u00e1s radical de las expresiones de izquierda y que obtuvo una magn\u00edfica votaci\u00f3n en su estreno como agrupaci\u00f3n pol\u00edtica. Con todo, el triunfo de Boric consolida la opci\u00f3n pol\u00edtica de los j\u00f3venes (35 a\u00f1os), as\u00ed como la de Sichel la de los independientes.Al menos, parece ser el triunfo de las nuevas generaciones y de los que se resisten a militar.<\/p>\n<p>No hay duda que entre los especialmente derrotados est\u00e1n los partidos oficialistas, especialmente la UDI y Renovaci\u00f3n Nacional, as\u00ed como los resultados nos se\u00f1alan, adem\u00e1s, un apoyo m\u00e1s discreto de lo que se cre\u00eda que ten\u00eda el Partido Comunista. Terrible derrota por tercera vez de Joaqu\u00edn Lav\u00edn, el favorito de las err\u00f3neas y manipuladas encuestas, aunque el principal vencido es el propio Sebasti\u00e1n Pi\u00f1era de quien a esta altura nadie quiere sentirse vinculado y que posiblemente reciba ahora todos los fuegos desde sus propios referentes oficialistas.<\/p>\n<p>Los pr\u00f3ximos meses ser\u00e1n muy intensos. A los partidos tradicionales que conformaron los gobiernos de Frei Ruiz Tagle, Ricardo Lagos y Michelle Bachelet se les hace casi obligaci\u00f3n superar sus diferencias y arribar juntos a una alternativa presidencial. De otra forma, tendr\u00edan que disponerse a morir y perder toda opci\u00f3n de garantizarles a sus militantes alguna cuota de poder en La Moneda y conformarse con las municipalidades y gobernaciones en cuyas recientes elecciones obtuvieron rendimientos satisfactorios.<\/p>\n<p>De lo que parece no existir duda es que la clase empresarial debe haber quedado muy satisfecha con la votaci\u00f3n de Sebasti\u00e1n Sichel por sobre sus tres contrincantes de la derecha partidista. \u00c9l es reconocido como uno de los suyos, aunque \u00e9ste insista en su total independencia. Es un secreto a voces, adem\u00e1s, que la clase uniformada tambi\u00e9n ha quedado m\u00e1s tranquila con el rendimiento de los comunistas.<\/p>\n<p>Factor muy determinante de lo que acontezca a fin de a\u00f1o ser\u00e1 el desempe\u00f1o de la Convenci\u00f3n Constitucional, donde las aguas no est\u00e1n muy calmas y las recientes primarias podr\u00eda poner m\u00e1s turbulencia en las relaciones pol\u00edticas. Pero para todos sigue pendiente sembrar confianza en esos millones de ciudadanos renuentes a votar, aunque habr\u00e1 que resignarse a que la mayor\u00eda de los chilenos siga renunciando a su responsabilidad c\u00edvica. No es descartable que por fin se imponga nuevamente el voto obligatorio, aunque solo sea para que el pa\u00eds recupere su credibilidad democr\u00e1tica, cuando en todo el Continente la concurrencia a las urnas es s\u00f3lida y entusiasta y cada elecci\u00f3n se constituye efectivamente en una fiesta republicana.<\/p>\n","protected":false},"excerpt":{"rendered":"<p>En todas las contiendas electorales existen vencedores y vencidos por m\u00e1s que siempre los dirigentes pol\u00edticos saquen cuentas alegres. Las recientes elecciones primarias tienen como francos ganadores a Gabriel Boric y a Sebasti\u00e1n Sichel, as\u00ed como dieron ganador al pacto&hellip;<\/p>\n","protected":false},"author":1739,"featured_media":1402196,"comment_status":"closed","ping_status":"closed","sticky":false,"template":"","format":"standard","meta":{"footnotes":""},"categories":[11389,161,74,67],"tags":[29,6266],"class_list":["post-1402194","post","type-post","status-publish","format-standard","has-post-thumbnail","hentry","category-contenido-original","category-opiniones","category-politica-es","category-sudamerica","tag-chile","tag-elecciones-primarias"],"yoast_head":"<!-- This site is optimized with the Yoast SEO plugin v27.1.1 - https:\/\/yoast.com\/product\/yoast-seo-wordpress\/ -->\n<title>El dulce y el agraz electoral<\/title>\n<meta name=\"description\" content=\"En todas las contiendas electorales existen vencedores y vencidos por m\u00e1s que siempre los dirigentes pol\u00edticos saquen cuentas alegres. Las recientes\" \/>\n<meta name=\"robots\" content=\"index, follow, max-snippet:-1, max-image-preview:large, max-video-preview:-1\" \/>\n<link rel=\"canonical\" href=\"https:\/\/www.pressenza.com\/es\/2021\/07\/el-dulce-y-el-agraz-electoral\/\" \/>\n<meta property=\"og:locale\" content=\"es_ES\" \/>\n<meta property=\"og:type\" content=\"article\" \/>\n<meta property=\"og:title\" content=\"El dulce y el agraz electoral\" \/>\n<meta property=\"og:description\" content=\"En todas las contiendas electorales existen vencedores y vencidos por m\u00e1s que siempre los dirigentes pol\u00edticos saquen cuentas alegres. Las recientes\" \/>\n<meta property=\"og:url\" content=\"https:\/\/www.pressenza.com\/es\/2021\/07\/el-dulce-y-el-agraz-electoral\/\" \/>\n<meta property=\"og:site_name\" content=\"Pressenza\" \/>\n<meta property=\"article:publisher\" content=\"https:\/\/www.facebook.com\/PressenzaItalia\" \/>\n<meta property=\"article:published_time\" content=\"2021-07-19T17:59:13+00:00\" \/>\n<meta property=\"og:image\" content=\"https:\/\/www.pressenza.com\/wp-content\/uploads\/2021\/07\/LE7A3085.jpg\" \/>\n\t<meta property=\"og:image:width\" content=\"1920\" \/>\n\t<meta property=\"og:image:height\" content=\"1280\" \/>\n\t<meta property=\"og:image:type\" content=\"image\/jpeg\" \/>\n<meta name=\"author\" content=\"Juan Pablo C\u00e1rdenas\" \/>\n<meta name=\"twitter:card\" content=\"summary_large_image\" \/>\n<meta name=\"twitter:creator\" content=\"@PressenzaIPA\" \/>\n<meta name=\"twitter:site\" content=\"@PressenzaIPA\" \/>\n<meta name=\"twitter:label1\" content=\"Escrito por\" \/>\n\t<meta name=\"twitter:data1\" content=\"Juan Pablo C\u00e1rdenas\" \/>\n\t<meta name=\"twitter:label2\" content=\"Tiempo de lectura\" \/>\n\t<meta name=\"twitter:data2\" content=\"4 minutos\" \/>\n<script type=\"application\/ld+json\" class=\"yoast-schema-graph\">{\"@context\":\"https:\/\/schema.org\",\"@graph\":[{\"@type\":\"Article\",\"@id\":\"https:\/\/www.pressenza.com\/es\/2021\/07\/el-dulce-y-el-agraz-electoral\/#article\",\"isPartOf\":{\"@id\":\"https:\/\/www.pressenza.com\/es\/2021\/07\/el-dulce-y-el-agraz-electoral\/\"},\"author\":{\"name\":\"Juan Pablo C\u00e1rdenas\",\"@id\":\"https:\/\/www.pressenza.com\/es\/#\/schema\/person\/d72a7c8c014dcbfa2ef9e9976103ea0d\"},\"headline\":\"El dulce y el agraz electoral\",\"datePublished\":\"2021-07-19T17:59:13+00:00\",\"mainEntityOfPage\":{\"@id\":\"https:\/\/www.pressenza.com\/es\/2021\/07\/el-dulce-y-el-agraz-electoral\/\"},\"wordCount\":733,\"publisher\":{\"@id\":\"https:\/\/www.pressenza.com\/es\/#organization\"},\"image\":{\"@id\":\"https:\/\/www.pressenza.com\/es\/2021\/07\/el-dulce-y-el-agraz-electoral\/#primaryimage\"},\"thumbnailUrl\":\"https:\/\/www.pressenza.com\/wp-content\/uploads\/2021\/07\/LE7A3085.jpg\",\"keywords\":[\"Chile\",\"Elecciones Primarias\"],\"articleSection\":[\"Contenido Original\",\"Opiniones\",\"Pol\u00edtica\",\"Sudam\u00e9rica\"],\"inLanguage\":\"es\"},{\"@type\":\"WebPage\",\"@id\":\"https:\/\/www.pressenza.com\/es\/2021\/07\/el-dulce-y-el-agraz-electoral\/\",\"url\":\"https:\/\/www.pressenza.com\/es\/2021\/07\/el-dulce-y-el-agraz-electoral\/\",\"name\":\"El dulce y el agraz electoral\",\"isPartOf\":{\"@id\":\"https:\/\/www.pressenza.com\/es\/#website\"},\"primaryImageOfPage\":{\"@id\":\"https:\/\/www.pressenza.com\/es\/2021\/07\/el-dulce-y-el-agraz-electoral\/#primaryimage\"},\"image\":{\"@id\":\"https:\/\/www.pressenza.com\/es\/2021\/07\/el-dulce-y-el-agraz-electoral\/#primaryimage\"},\"thumbnailUrl\":\"https:\/\/www.pressenza.com\/wp-content\/uploads\/2021\/07\/LE7A3085.jpg\",\"datePublished\":\"2021-07-19T17:59:13+00:00\",\"description\":\"En todas las contiendas electorales existen vencedores y vencidos por m\u00e1s que siempre los dirigentes pol\u00edticos saquen cuentas alegres. Las recientes\",\"breadcrumb\":{\"@id\":\"https:\/\/www.pressenza.com\/es\/2021\/07\/el-dulce-y-el-agraz-electoral\/#breadcrumb\"},\"inLanguage\":\"es\",\"potentialAction\":[{\"@type\":\"ReadAction\",\"target\":[\"https:\/\/www.pressenza.com\/es\/2021\/07\/el-dulce-y-el-agraz-electoral\/\"]}]},{\"@type\":\"ImageObject\",\"inLanguage\":\"es\",\"@id\":\"https:\/\/www.pressenza.com\/es\/2021\/07\/el-dulce-y-el-agraz-electoral\/#primaryimage\",\"url\":\"https:\/\/www.pressenza.com\/wp-content\/uploads\/2021\/07\/LE7A3085.jpg\",\"contentUrl\":\"https:\/\/www.pressenza.com\/wp-content\/uploads\/2021\/07\/LE7A3085.jpg\",\"width\":1920,\"height\":1280,\"caption\":\"Enzo Blondel\"},{\"@type\":\"BreadcrumbList\",\"@id\":\"https:\/\/www.pressenza.com\/es\/2021\/07\/el-dulce-y-el-agraz-electoral\/#breadcrumb\",\"itemListElement\":[{\"@type\":\"ListItem\",\"position\":1,\"name\":\"Accueil\",\"item\":\"https:\/\/www.pressenza.com\/es\/\"},{\"@type\":\"ListItem\",\"position\":2,\"name\":\"El dulce y el agraz electoral\"}]},{\"@type\":\"WebSite\",\"@id\":\"https:\/\/www.pressenza.com\/es\/#website\",\"url\":\"https:\/\/www.pressenza.com\/es\/\",\"name\":\"Pressenza\",\"description\":\"International Press Agency\",\"publisher\":{\"@id\":\"https:\/\/www.pressenza.com\/es\/#organization\"},\"potentialAction\":[{\"@type\":\"SearchAction\",\"target\":{\"@type\":\"EntryPoint\",\"urlTemplate\":\"https:\/\/www.pressenza.com\/es\/?s={search_term_string}\"},\"query-input\":{\"@type\":\"PropertyValueSpecification\",\"valueRequired\":true,\"valueName\":\"search_term_string\"}}],\"inLanguage\":\"es\"},{\"@type\":\"Organization\",\"@id\":\"https:\/\/www.pressenza.com\/es\/#organization\",\"name\":\"Pressenza\",\"url\":\"https:\/\/www.pressenza.com\/es\/\",\"logo\":{\"@type\":\"ImageObject\",\"inLanguage\":\"es\",\"@id\":\"https:\/\/www.pressenza.com\/es\/#\/schema\/logo\/image\/\",\"url\":\"https:\/\/www.pressenza.com\/wp-content\/uploads\/2022\/10\/pressenza_logo_200x200.jpg\",\"contentUrl\":\"https:\/\/www.pressenza.com\/wp-content\/uploads\/2022\/10\/pressenza_logo_200x200.jpg\",\"width\":200,\"height\":200,\"caption\":\"Pressenza\"},\"image\":{\"@id\":\"https:\/\/www.pressenza.com\/es\/#\/schema\/logo\/image\/\"},\"sameAs\":[\"https:\/\/www.facebook.com\/PressenzaItalia\",\"https:\/\/x.com\/PressenzaIPA\"]},{\"@type\":\"Person\",\"@id\":\"https:\/\/www.pressenza.com\/es\/#\/schema\/person\/d72a7c8c014dcbfa2ef9e9976103ea0d\",\"name\":\"Juan Pablo C\u00e1rdenas\",\"description\":\"Juan Pablo C\u00e1rdenas Squella es un periodista y profesor universitario de vasta trayectoria. En el 2005 recibi\u00f3 en premio nacional de Periodismo y, antes, la Pluma de Oro de la Libertad, otorgada por la Federaci\u00f3n Mundial de la Prensa. Tambi\u00e9n obtuvo el Premio Latinoamericano de Periodismo, la Houten Camara de Holanda (1989) entre otras m\u00faltiples distinciones nacionales y extranjeras. Forma parte de los sesenta periodistas del mundo considerados H\u00e9roes de la Libertad de Expresi\u00f3n, reconocimiento hecho por la Federaci\u00f3n Internacional de Periodistas. Ha sido director y columnista de las revistas Debate Universitario, An\u00e1lisis y Los Tiempos, as\u00ed como del diario electr\u00f3nico primeral\u00ednea.cl. Tambi\u00e9n fue por m\u00e1s 18 a\u00f1os director de la Radio Universidad de Chile y de su diario digital. Se ha desempe\u00f1ado como profesor de varias escuelas de periodismo de Santiago y Valpara\u00edso y en la Universidad de Chile alcanz\u00f3 el grado de profesor titular y senador universitario.\",\"url\":\"https:\/\/www.pressenza.com\/es\/author\/juan-pablo-cardenas\/\"}]}<\/script>\n<!-- \/ Yoast SEO plugin. -->","yoast_head_json":{"title":"El dulce y el agraz electoral","description":"En todas las contiendas electorales existen vencedores y vencidos por m\u00e1s que siempre los dirigentes pol\u00edticos saquen cuentas alegres. Las recientes","robots":{"index":"index","follow":"follow","max-snippet":"max-snippet:-1","max-image-preview":"max-image-preview:large","max-video-preview":"max-video-preview:-1"},"canonical":"https:\/\/www.pressenza.com\/es\/2021\/07\/el-dulce-y-el-agraz-electoral\/","og_locale":"es_ES","og_type":"article","og_title":"El dulce y el agraz electoral","og_description":"En todas las contiendas electorales existen vencedores y vencidos por m\u00e1s que siempre los dirigentes pol\u00edticos saquen cuentas alegres. Las recientes","og_url":"https:\/\/www.pressenza.com\/es\/2021\/07\/el-dulce-y-el-agraz-electoral\/","og_site_name":"Pressenza","article_publisher":"https:\/\/www.facebook.com\/PressenzaItalia","article_published_time":"2021-07-19T17:59:13+00:00","og_image":[{"width":1920,"height":1280,"url":"https:\/\/www.pressenza.com\/wp-content\/uploads\/2021\/07\/LE7A3085.jpg","type":"image\/jpeg"}],"author":"Juan Pablo C\u00e1rdenas","twitter_card":"summary_large_image","twitter_creator":"@PressenzaIPA","twitter_site":"@PressenzaIPA","twitter_misc":{"Escrito por":"Juan Pablo C\u00e1rdenas","Tiempo de lectura":"4 minutos"},"schema":{"@context":"https:\/\/schema.org","@graph":[{"@type":"Article","@id":"https:\/\/www.pressenza.com\/es\/2021\/07\/el-dulce-y-el-agraz-electoral\/#article","isPartOf":{"@id":"https:\/\/www.pressenza.com\/es\/2021\/07\/el-dulce-y-el-agraz-electoral\/"},"author":{"name":"Juan Pablo C\u00e1rdenas","@id":"https:\/\/www.pressenza.com\/es\/#\/schema\/person\/d72a7c8c014dcbfa2ef9e9976103ea0d"},"headline":"El dulce y el agraz electoral","datePublished":"2021-07-19T17:59:13+00:00","mainEntityOfPage":{"@id":"https:\/\/www.pressenza.com\/es\/2021\/07\/el-dulce-y-el-agraz-electoral\/"},"wordCount":733,"publisher":{"@id":"https:\/\/www.pressenza.com\/es\/#organization"},"image":{"@id":"https:\/\/www.pressenza.com\/es\/2021\/07\/el-dulce-y-el-agraz-electoral\/#primaryimage"},"thumbnailUrl":"https:\/\/www.pressenza.com\/wp-content\/uploads\/2021\/07\/LE7A3085.jpg","keywords":["Chile","Elecciones Primarias"],"articleSection":["Contenido Original","Opiniones","Pol\u00edtica","Sudam\u00e9rica"],"inLanguage":"es"},{"@type":"WebPage","@id":"https:\/\/www.pressenza.com\/es\/2021\/07\/el-dulce-y-el-agraz-electoral\/","url":"https:\/\/www.pressenza.com\/es\/2021\/07\/el-dulce-y-el-agraz-electoral\/","name":"El dulce y el agraz electoral","isPartOf":{"@id":"https:\/\/www.pressenza.com\/es\/#website"},"primaryImageOfPage":{"@id":"https:\/\/www.pressenza.com\/es\/2021\/07\/el-dulce-y-el-agraz-electoral\/#primaryimage"},"image":{"@id":"https:\/\/www.pressenza.com\/es\/2021\/07\/el-dulce-y-el-agraz-electoral\/#primaryimage"},"thumbnailUrl":"https:\/\/www.pressenza.com\/wp-content\/uploads\/2021\/07\/LE7A3085.jpg","datePublished":"2021-07-19T17:59:13+00:00","description":"En todas las contiendas electorales existen vencedores y vencidos por m\u00e1s que siempre los dirigentes pol\u00edticos saquen cuentas alegres. Las recientes","breadcrumb":{"@id":"https:\/\/www.pressenza.com\/es\/2021\/07\/el-dulce-y-el-agraz-electoral\/#breadcrumb"},"inLanguage":"es","potentialAction":[{"@type":"ReadAction","target":["https:\/\/www.pressenza.com\/es\/2021\/07\/el-dulce-y-el-agraz-electoral\/"]}]},{"@type":"ImageObject","inLanguage":"es","@id":"https:\/\/www.pressenza.com\/es\/2021\/07\/el-dulce-y-el-agraz-electoral\/#primaryimage","url":"https:\/\/www.pressenza.com\/wp-content\/uploads\/2021\/07\/LE7A3085.jpg","contentUrl":"https:\/\/www.pressenza.com\/wp-content\/uploads\/2021\/07\/LE7A3085.jpg","width":1920,"height":1280,"caption":"Enzo Blondel"},{"@type":"BreadcrumbList","@id":"https:\/\/www.pressenza.com\/es\/2021\/07\/el-dulce-y-el-agraz-electoral\/#breadcrumb","itemListElement":[{"@type":"ListItem","position":1,"name":"Accueil","item":"https:\/\/www.pressenza.com\/es\/"},{"@type":"ListItem","position":2,"name":"El dulce y el agraz electoral"}]},{"@type":"WebSite","@id":"https:\/\/www.pressenza.com\/es\/#website","url":"https:\/\/www.pressenza.com\/es\/","name":"Pressenza","description":"International Press Agency","publisher":{"@id":"https:\/\/www.pressenza.com\/es\/#organization"},"potentialAction":[{"@type":"SearchAction","target":{"@type":"EntryPoint","urlTemplate":"https:\/\/www.pressenza.com\/es\/?s={search_term_string}"},"query-input":{"@type":"PropertyValueSpecification","valueRequired":true,"valueName":"search_term_string"}}],"inLanguage":"es"},{"@type":"Organization","@id":"https:\/\/www.pressenza.com\/es\/#organization","name":"Pressenza","url":"https:\/\/www.pressenza.com\/es\/","logo":{"@type":"ImageObject","inLanguage":"es","@id":"https:\/\/www.pressenza.com\/es\/#\/schema\/logo\/image\/","url":"https:\/\/www.pressenza.com\/wp-content\/uploads\/2022\/10\/pressenza_logo_200x200.jpg","contentUrl":"https:\/\/www.pressenza.com\/wp-content\/uploads\/2022\/10\/pressenza_logo_200x200.jpg","width":200,"height":200,"caption":"Pressenza"},"image":{"@id":"https:\/\/www.pressenza.com\/es\/#\/schema\/logo\/image\/"},"sameAs":["https:\/\/www.facebook.com\/PressenzaItalia","https:\/\/x.com\/PressenzaIPA"]},{"@type":"Person","@id":"https:\/\/www.pressenza.com\/es\/#\/schema\/person\/d72a7c8c014dcbfa2ef9e9976103ea0d","name":"Juan Pablo C\u00e1rdenas","description":"Juan Pablo C\u00e1rdenas Squella es un periodista y profesor universitario de vasta trayectoria. En el 2005 recibi\u00f3 en premio nacional de Periodismo y, antes, la Pluma de Oro de la Libertad, otorgada por la Federaci\u00f3n Mundial de la Prensa. Tambi\u00e9n obtuvo el Premio Latinoamericano de Periodismo, la Houten Camara de Holanda (1989) entre otras m\u00faltiples distinciones nacionales y extranjeras. Forma parte de los sesenta periodistas del mundo considerados H\u00e9roes de la Libertad de Expresi\u00f3n, reconocimiento hecho por la Federaci\u00f3n Internacional de Periodistas. Ha sido director y columnista de las revistas Debate Universitario, An\u00e1lisis y Los Tiempos, as\u00ed como del diario electr\u00f3nico primeral\u00ednea.cl. Tambi\u00e9n fue por m\u00e1s 18 a\u00f1os director de la Radio Universidad de Chile y de su diario digital. Se ha desempe\u00f1ado como profesor de varias escuelas de periodismo de Santiago y Valpara\u00edso y en la Universidad de Chile alcanz\u00f3 el grado de profesor titular y senador universitario.","url":"https:\/\/www.pressenza.com\/es\/author\/juan-pablo-cardenas\/"}]}},"place":"Santiago de Chile","original_article_url":"","_links":{"self":[{"href":"https:\/\/www.pressenza.com\/es\/wp-json\/wp\/v2\/posts\/1402194","targetHints":{"allow":["GET"]}}],"collection":[{"href":"https:\/\/www.pressenza.com\/es\/wp-json\/wp\/v2\/posts"}],"about":[{"href":"https:\/\/www.pressenza.com\/es\/wp-json\/wp\/v2\/types\/post"}],"author":[{"embeddable":true,"href":"https:\/\/www.pressenza.com\/es\/wp-json\/wp\/v2\/users\/1739"}],"replies":[{"embeddable":true,"href":"https:\/\/www.pressenza.com\/es\/wp-json\/wp\/v2\/comments?post=1402194"}],"version-history":[{"count":0,"href":"https:\/\/www.pressenza.com\/es\/wp-json\/wp\/v2\/posts\/1402194\/revisions"}],"wp:featuredmedia":[{"embeddable":true,"href":"https:\/\/www.pressenza.com\/es\/wp-json\/wp\/v2\/media\/1402196"}],"wp:attachment":[{"href":"https:\/\/www.pressenza.com\/es\/wp-json\/wp\/v2\/media?parent=1402194"}],"wp:term":[{"taxonomy":"category","embeddable":true,"href":"https:\/\/www.pressenza.com\/es\/wp-json\/wp\/v2\/categories?post=1402194"},{"taxonomy":"post_tag","embeddable":true,"href":"https:\/\/www.pressenza.com\/es\/wp-json\/wp\/v2\/tags?post=1402194"}],"curies":[{"name":"wp","href":"https:\/\/api.w.org\/{rel}","templated":true}]}}