{"id":1395942,"date":"2021-07-09T04:33:18","date_gmt":"2021-07-09T03:33:18","guid":{"rendered":"https:\/\/www.pressenza.com\/?p=1395942"},"modified":"2021-07-17T20:56:34","modified_gmt":"2021-07-17T19:56:34","slug":"peru-eleccion-y-crisis-politica","status":"publish","type":"post","link":"https:\/\/www.pressenza.com\/es\/2021\/07\/peru-eleccion-y-crisis-politica\/","title":{"rendered":"Per\u00fa: Elecci\u00f3n y crisis pol\u00edtica"},"content":{"rendered":"<p>Las elecciones presidenciales en el Per\u00fa han necesitado de una segunda vuelta en siete oportunidades, desde 1990, para elegir al presidente de la Rep\u00fablica, como ha ocurrido este a\u00f1o, se\u00f1ala el Jurado Nacional de Elecciones.<\/p>\n<p>El m\u00e1ximo organismo electoral fue creado en 1931 y, desde esa fecha, ha llevado adelante 18 comicios presidenciales que llevaron a la Presidencia a once jefes de Estado.<\/p>\n<p>Para el director de la asociaci\u00f3n civil Gobernabilidad Per\u00fa que aporta a la formaci\u00f3n de pol\u00edticas p\u00fablicas, Eduardo Calder\u00f3n de la Barca Quiroz, existi\u00f3 fraude electoral en la segunda vuelta: \u201cSi partimos de la idea de que el fraude consiste en torcer la voluntad electoral del voto\u201d.<\/p>\n<p>Calder\u00f3n de la Barca se\u00f1ala que las irregularidades han sido m\u00faltiples y no s\u00f3lo durante la elecci\u00f3n sino previas a ella, donde se impidi\u00f3 de manera arbitraria la participaci\u00f3n de varios partidos pol\u00edticos.<\/p>\n<p>El s\u00e1bado tres de julio los Jurados Electorales Especiales (JEE) de Lima Centro 1 declararon improcedente un pedido que se present\u00f3 para anular la inscripci\u00f3n de la f\u00f3rmula presidencial del partido Per\u00fa Libre que encabeza Pedro Castillo.<\/p>\n<p>El tribunal electoral declar\u00f3 improcedente el pedido que present\u00f3 la ciudadana M\u00f3nica Yaya Luyo para que se anulara la inscripci\u00f3n de esta f\u00f3rmula presidencial al sostener que Dina Boluarte no renunci\u00f3 a su cargo de funcionaria de la Reniec dentro del plazo de seis meses que establece la ley antes de las Elecciones Generales.<\/p>\n<p>Debemos se\u00f1alar que el reciente anuncio del candidato del partido Per\u00fa Libre, Pedro Castillo, ratificando que pedir\u00e1 al Congreso de la Rep\u00fablica la instalaci\u00f3n de una Asamblea Constituyente para redactar una nueva Constituci\u00f3n Pol\u00edtica pese a que a\u00fan no se proclama los resultados por parte del Jurado Nacional de Elecciones (JNE) ha generado discrepancias al interior de esta organizaci\u00f3n.<\/p>\n<p>El d\u00eda lunes cinco de julio el asesor legal del partido Per\u00fa Libre, An\u00edbal Torres V\u00e1squez, asegur\u00f3 que \u201cprobablemente\u201d la organizaci\u00f3n criminal \u201cLos Din\u00e1micos del Centro\u201d financi\u00f3 al partido pol\u00edtico por el que postul\u00f3 Pedro Castillo, pero ello no implica \u201cdirectamente\u201d al candidato presidencial.<\/p>\n<p>\u201cProbablemente habr\u00e1 financiado a Per\u00fa Libre, \u00bfpero ha financiado a Pedro Castillo? No juzguen antes de que haya una decisi\u00f3n judicial\u201d, se\u00f1al\u00f3 Torres V\u00e1squez.<\/p>\n<p>El jueves primero de julio el vocero del Jurado Nacional de Elecciones (JNE), Luis Alberto S\u00e1nchez, estim\u00f3 que el resultado del ganador de las Elecciones Generales 2021 no exceder\u00e1 el 15 de julio. Indic\u00f3 que los Jurados Electorales Especiales est\u00e1n trabajando \u201cincansablemente\u201d al igual que el pleno de este organismo electoral.<\/p>\n<p>Desde del JNE se espera no exceder la fecha para resolver la contienda entre Pedro Castillo y Keiko Fujimori, aunque hay algunos aspectos pendientes a dilucidar previamente.<\/p>\n<p>La candidata Keiko Fujimori reaccion\u00f3 este viernes dos de julio a la decisi\u00f3n del presidente Francisco Sagasti de no solicitar una auditoria internacional de las elecciones presidenciales del 6 de junio y que a\u00fan no definen ganador por denuncias de fraude.<\/p>\n<p>A trav\u00e9s de las redes sociales, Keiko Fujimori se\u00f1al\u00f3 que: \u201cEl presidente Francisco Sagasti ha abdicado de su gran responsabilidad de garantizar elecciones limpias en igualdad de condiciones. En nombre de una supuesta \u2018imparcialidad\u2019 ha preferido hacerse a un lado y dejar a todos los peruanos en la oscuridad e incertidumbre electoral\u201d.<\/p>\n<p>El d\u00eda martes seis de julio el presidente Francisco Sagasti asever\u00f3 que no es un \u00e1rbitro en el proceso electoral y que el \u00fanico ente con esa potestad es el Jurado Nacional de Elecciones (JNE).<\/p>\n<p>\u201cUn presidente no es un \u00e1rbitro. El JNE es el \u00fanico que tiene la potestad de definir. Por lo tanto, cualquier intento del Ejecutivo, del presidente, de servir de \u00e1rbitro estar\u00eda fuera de la Constituci\u00f3n y es algo que no nos corresponde ni me corresponde\u201d, afirm\u00f3 Sagasti desde Ayacucho.<\/p>\n<p>El Consejo de la Prensa Peruana (CPP) alert\u00f3 el martes seis de julio de una \u201camenaza a la libertad informativa en el Per\u00fa\u201d por recientes posturas del partido Per\u00fa Libre sobre las libertades de expresi\u00f3n, de prensa y de informaci\u00f3n, \u201cseg\u00fan est\u00e1n consagrados en la Constituci\u00f3n y en los tratados internacionales\u201d.<\/p>\n<p>\u201cVarias de ellas son contrarias al libre ejercicio de la informaci\u00f3n y de la libertad empresarial en el \u00e1mbito de las comunicaciones, por lo que alerta de una amenaza a la libertad informativa en el Per\u00fa\u201d, se\u00f1al\u00f3 en un comunicado.<\/p>\n<p>La democracia debe garantizar elecciones limpias, libertades civiles b\u00e1sicas y, adem\u00e1s, resultados tangibles.<\/p>\n","protected":false},"excerpt":{"rendered":"<p>Las elecciones presidenciales en el Per\u00fa han necesitado de una segunda vuelta en siete oportunidades, desde 1990, para elegir al presidente de la Rep\u00fablica, como ha ocurrido este a\u00f1o, se\u00f1ala el Jurado Nacional de Elecciones. El m\u00e1ximo organismo electoral fue&hellip;<\/p>\n","protected":false},"author":1991,"featured_media":1395944,"comment_status":"closed","ping_status":"closed","sticky":false,"template":"","format":"standard","meta":{"footnotes":""},"categories":[74,67],"tags":[23287,8462,89885,84078],"class_list":["post-1395942","post","type-post","status-publish","format-standard","has-post-thumbnail","hentry","category-politica-es","category-sudamerica","tag-elecciones-peru","tag-fujimori","tag-pedro-castillo","tag-sagasti"],"yoast_head":"<!-- This site is optimized with the Yoast SEO plugin v27.1.1 - https:\/\/yoast.com\/product\/yoast-seo-wordpress\/ -->\n<title>Per\u00fa: Elecci\u00f3n y crisis pol\u00edtica<\/title>\n<meta name=\"description\" content=\"Las elecciones presidenciales en el Per\u00fa han necesitado de una segunda vuelta en siete oportunidades, desde 1990, para elegir al presidente de la\" \/>\n<meta name=\"robots\" content=\"index, follow, max-snippet:-1, max-image-preview:large, max-video-preview:-1\" \/>\n<link rel=\"canonical\" href=\"https:\/\/www.pressenza.com\/es\/2021\/07\/peru-eleccion-y-crisis-politica\/\" \/>\n<meta property=\"og:locale\" content=\"es_ES\" \/>\n<meta property=\"og:type\" content=\"article\" \/>\n<meta property=\"og:title\" content=\"Per\u00fa: Elecci\u00f3n y crisis pol\u00edtica\" \/>\n<meta property=\"og:description\" content=\"Las elecciones presidenciales en el Per\u00fa han necesitado de una segunda vuelta en siete oportunidades, desde 1990, para elegir al presidente de la\" \/>\n<meta property=\"og:url\" content=\"https:\/\/www.pressenza.com\/es\/2021\/07\/peru-eleccion-y-crisis-politica\/\" \/>\n<meta property=\"og:site_name\" content=\"Pressenza\" \/>\n<meta property=\"article:publisher\" content=\"https:\/\/www.facebook.com\/PressenzaItalia\" \/>\n<meta property=\"article:published_time\" content=\"2021-07-09T03:33:18+00:00\" \/>\n<meta property=\"article:modified_time\" content=\"2021-07-17T19:56:34+00:00\" \/>\n<meta property=\"og:image\" content=\"https:\/\/www.pressenza.com\/wp-content\/uploads\/2021\/07\/Candidatos.jpg\" \/>\n\t<meta property=\"og:image:width\" content=\"950\" \/>\n\t<meta property=\"og:image:height\" content=\"644\" \/>\n\t<meta property=\"og:image:type\" content=\"image\/jpeg\" \/>\n<meta name=\"author\" content=\"Ra\u00fal Allain\" \/>\n<meta name=\"twitter:card\" content=\"summary_large_image\" \/>\n<meta name=\"twitter:creator\" content=\"@PressenzaIPA\" \/>\n<meta name=\"twitter:site\" content=\"@PressenzaIPA\" \/>\n<meta name=\"twitter:label1\" content=\"Escrito por\" \/>\n\t<meta name=\"twitter:data1\" content=\"Ra\u00fal Allain\" \/>\n\t<meta name=\"twitter:label2\" content=\"Tiempo de lectura\" \/>\n\t<meta name=\"twitter:data2\" content=\"4 minutos\" \/>\n<script type=\"application\/ld+json\" class=\"yoast-schema-graph\">{\"@context\":\"https:\/\/schema.org\",\"@graph\":[{\"@type\":\"Article\",\"@id\":\"https:\/\/www.pressenza.com\/es\/2021\/07\/peru-eleccion-y-crisis-politica\/#article\",\"isPartOf\":{\"@id\":\"https:\/\/www.pressenza.com\/es\/2021\/07\/peru-eleccion-y-crisis-politica\/\"},\"author\":{\"name\":\"Ra\u00fal Allain\",\"@id\":\"https:\/\/www.pressenza.com\/es\/#\/schema\/person\/dab513a6343f6f708764ec48ab84304e\"},\"headline\":\"Per\u00fa: Elecci\u00f3n y crisis pol\u00edtica\",\"datePublished\":\"2021-07-09T03:33:18+00:00\",\"dateModified\":\"2021-07-17T19:56:34+00:00\",\"mainEntityOfPage\":{\"@id\":\"https:\/\/www.pressenza.com\/es\/2021\/07\/peru-eleccion-y-crisis-politica\/\"},\"wordCount\":776,\"publisher\":{\"@id\":\"https:\/\/www.pressenza.com\/es\/#organization\"},\"image\":{\"@id\":\"https:\/\/www.pressenza.com\/es\/2021\/07\/peru-eleccion-y-crisis-politica\/#primaryimage\"},\"thumbnailUrl\":\"https:\/\/www.pressenza.com\/wp-content\/uploads\/2021\/07\/Candidatos.jpg\",\"keywords\":[\"elecciones per\u00fa\",\"Fujimori\",\"Pedro Castillo\",\"Sagasti\"],\"articleSection\":[\"Pol\u00edtica\",\"Sudam\u00e9rica\"],\"inLanguage\":\"es\"},{\"@type\":\"WebPage\",\"@id\":\"https:\/\/www.pressenza.com\/es\/2021\/07\/peru-eleccion-y-crisis-politica\/\",\"url\":\"https:\/\/www.pressenza.com\/es\/2021\/07\/peru-eleccion-y-crisis-politica\/\",\"name\":\"Per\u00fa: Elecci\u00f3n y crisis pol\u00edtica\",\"isPartOf\":{\"@id\":\"https:\/\/www.pressenza.com\/es\/#website\"},\"primaryImageOfPage\":{\"@id\":\"https:\/\/www.pressenza.com\/es\/2021\/07\/peru-eleccion-y-crisis-politica\/#primaryimage\"},\"image\":{\"@id\":\"https:\/\/www.pressenza.com\/es\/2021\/07\/peru-eleccion-y-crisis-politica\/#primaryimage\"},\"thumbnailUrl\":\"https:\/\/www.pressenza.com\/wp-content\/uploads\/2021\/07\/Candidatos.jpg\",\"datePublished\":\"2021-07-09T03:33:18+00:00\",\"dateModified\":\"2021-07-17T19:56:34+00:00\",\"description\":\"Las elecciones presidenciales en el Per\u00fa han necesitado de una segunda vuelta en siete oportunidades, desde 1990, para elegir al presidente de la\",\"breadcrumb\":{\"@id\":\"https:\/\/www.pressenza.com\/es\/2021\/07\/peru-eleccion-y-crisis-politica\/#breadcrumb\"},\"inLanguage\":\"es\",\"potentialAction\":[{\"@type\":\"ReadAction\",\"target\":[\"https:\/\/www.pressenza.com\/es\/2021\/07\/peru-eleccion-y-crisis-politica\/\"]}]},{\"@type\":\"ImageObject\",\"inLanguage\":\"es\",\"@id\":\"https:\/\/www.pressenza.com\/es\/2021\/07\/peru-eleccion-y-crisis-politica\/#primaryimage\",\"url\":\"https:\/\/www.pressenza.com\/wp-content\/uploads\/2021\/07\/Candidatos.jpg\",\"contentUrl\":\"https:\/\/www.pressenza.com\/wp-content\/uploads\/2021\/07\/Candidatos.jpg\",\"width\":950,\"height\":644},{\"@type\":\"BreadcrumbList\",\"@id\":\"https:\/\/www.pressenza.com\/es\/2021\/07\/peru-eleccion-y-crisis-politica\/#breadcrumb\",\"itemListElement\":[{\"@type\":\"ListItem\",\"position\":1,\"name\":\"Accueil\",\"item\":\"https:\/\/www.pressenza.com\/es\/\"},{\"@type\":\"ListItem\",\"position\":2,\"name\":\"Per\u00fa: Elecci\u00f3n y crisis pol\u00edtica\"}]},{\"@type\":\"WebSite\",\"@id\":\"https:\/\/www.pressenza.com\/es\/#website\",\"url\":\"https:\/\/www.pressenza.com\/es\/\",\"name\":\"Pressenza\",\"description\":\"International Press Agency\",\"publisher\":{\"@id\":\"https:\/\/www.pressenza.com\/es\/#organization\"},\"potentialAction\":[{\"@type\":\"SearchAction\",\"target\":{\"@type\":\"EntryPoint\",\"urlTemplate\":\"https:\/\/www.pressenza.com\/es\/?s={search_term_string}\"},\"query-input\":{\"@type\":\"PropertyValueSpecification\",\"valueRequired\":true,\"valueName\":\"search_term_string\"}}],\"inLanguage\":\"es\"},{\"@type\":\"Organization\",\"@id\":\"https:\/\/www.pressenza.com\/es\/#organization\",\"name\":\"Pressenza\",\"url\":\"https:\/\/www.pressenza.com\/es\/\",\"logo\":{\"@type\":\"ImageObject\",\"inLanguage\":\"es\",\"@id\":\"https:\/\/www.pressenza.com\/es\/#\/schema\/logo\/image\/\",\"url\":\"https:\/\/www.pressenza.com\/wp-content\/uploads\/2022\/10\/pressenza_logo_200x200.jpg\",\"contentUrl\":\"https:\/\/www.pressenza.com\/wp-content\/uploads\/2022\/10\/pressenza_logo_200x200.jpg\",\"width\":200,\"height\":200,\"caption\":\"Pressenza\"},\"image\":{\"@id\":\"https:\/\/www.pressenza.com\/es\/#\/schema\/logo\/image\/\"},\"sameAs\":[\"https:\/\/www.facebook.com\/PressenzaItalia\",\"https:\/\/x.com\/PressenzaIPA\"]},{\"@type\":\"Person\",\"@id\":\"https:\/\/www.pressenza.com\/es\/#\/schema\/person\/dab513a6343f6f708764ec48ab84304e\",\"name\":\"Ra\u00fal Allain\",\"description\":\"(Lima, 1989) Escritor, poeta, editor y soci\u00f3logo. Estudi\u00f3 en la Universidad Nacional Mayor de San Marcos (UNMSM). Actualmente preside el Instituto Peruano de la Juventud (IPJ) y dirige el sello independiente R\u00edo Negro. En septiembre del 2019 recibi\u00f3 el \\\"Premio mundial el \u00c1guila Internacional a la excelencia sociol\u00f3gica\\\" por parte de la Uni\u00f3n Hispanomundial de Escritores (UHE). Consultor internacional de la Asociaci\u00f3n de V\u00edctimas de Acoso Organizado y Tortura Electr\u00f3nica (VIACTEC).\",\"url\":\"https:\/\/www.pressenza.com\/es\/author\/raul-allain\/\"}]}<\/script>\n<!-- \/ Yoast SEO plugin. -->","yoast_head_json":{"title":"Per\u00fa: Elecci\u00f3n y crisis pol\u00edtica","description":"Las elecciones presidenciales en el Per\u00fa han necesitado de una segunda vuelta en siete oportunidades, desde 1990, para elegir al presidente de la","robots":{"index":"index","follow":"follow","max-snippet":"max-snippet:-1","max-image-preview":"max-image-preview:large","max-video-preview":"max-video-preview:-1"},"canonical":"https:\/\/www.pressenza.com\/es\/2021\/07\/peru-eleccion-y-crisis-politica\/","og_locale":"es_ES","og_type":"article","og_title":"Per\u00fa: Elecci\u00f3n y crisis pol\u00edtica","og_description":"Las elecciones presidenciales en el Per\u00fa han necesitado de una segunda vuelta en siete oportunidades, desde 1990, para elegir al presidente de la","og_url":"https:\/\/www.pressenza.com\/es\/2021\/07\/peru-eleccion-y-crisis-politica\/","og_site_name":"Pressenza","article_publisher":"https:\/\/www.facebook.com\/PressenzaItalia","article_published_time":"2021-07-09T03:33:18+00:00","article_modified_time":"2021-07-17T19:56:34+00:00","og_image":[{"width":950,"height":644,"url":"https:\/\/www.pressenza.com\/wp-content\/uploads\/2021\/07\/Candidatos.jpg","type":"image\/jpeg"}],"author":"Ra\u00fal Allain","twitter_card":"summary_large_image","twitter_creator":"@PressenzaIPA","twitter_site":"@PressenzaIPA","twitter_misc":{"Escrito por":"Ra\u00fal Allain","Tiempo de lectura":"4 minutos"},"schema":{"@context":"https:\/\/schema.org","@graph":[{"@type":"Article","@id":"https:\/\/www.pressenza.com\/es\/2021\/07\/peru-eleccion-y-crisis-politica\/#article","isPartOf":{"@id":"https:\/\/www.pressenza.com\/es\/2021\/07\/peru-eleccion-y-crisis-politica\/"},"author":{"name":"Ra\u00fal Allain","@id":"https:\/\/www.pressenza.com\/es\/#\/schema\/person\/dab513a6343f6f708764ec48ab84304e"},"headline":"Per\u00fa: Elecci\u00f3n y crisis pol\u00edtica","datePublished":"2021-07-09T03:33:18+00:00","dateModified":"2021-07-17T19:56:34+00:00","mainEntityOfPage":{"@id":"https:\/\/www.pressenza.com\/es\/2021\/07\/peru-eleccion-y-crisis-politica\/"},"wordCount":776,"publisher":{"@id":"https:\/\/www.pressenza.com\/es\/#organization"},"image":{"@id":"https:\/\/www.pressenza.com\/es\/2021\/07\/peru-eleccion-y-crisis-politica\/#primaryimage"},"thumbnailUrl":"https:\/\/www.pressenza.com\/wp-content\/uploads\/2021\/07\/Candidatos.jpg","keywords":["elecciones per\u00fa","Fujimori","Pedro Castillo","Sagasti"],"articleSection":["Pol\u00edtica","Sudam\u00e9rica"],"inLanguage":"es"},{"@type":"WebPage","@id":"https:\/\/www.pressenza.com\/es\/2021\/07\/peru-eleccion-y-crisis-politica\/","url":"https:\/\/www.pressenza.com\/es\/2021\/07\/peru-eleccion-y-crisis-politica\/","name":"Per\u00fa: Elecci\u00f3n y crisis pol\u00edtica","isPartOf":{"@id":"https:\/\/www.pressenza.com\/es\/#website"},"primaryImageOfPage":{"@id":"https:\/\/www.pressenza.com\/es\/2021\/07\/peru-eleccion-y-crisis-politica\/#primaryimage"},"image":{"@id":"https:\/\/www.pressenza.com\/es\/2021\/07\/peru-eleccion-y-crisis-politica\/#primaryimage"},"thumbnailUrl":"https:\/\/www.pressenza.com\/wp-content\/uploads\/2021\/07\/Candidatos.jpg","datePublished":"2021-07-09T03:33:18+00:00","dateModified":"2021-07-17T19:56:34+00:00","description":"Las elecciones presidenciales en el Per\u00fa han necesitado de una segunda vuelta en siete oportunidades, desde 1990, para elegir al presidente de la","breadcrumb":{"@id":"https:\/\/www.pressenza.com\/es\/2021\/07\/peru-eleccion-y-crisis-politica\/#breadcrumb"},"inLanguage":"es","potentialAction":[{"@type":"ReadAction","target":["https:\/\/www.pressenza.com\/es\/2021\/07\/peru-eleccion-y-crisis-politica\/"]}]},{"@type":"ImageObject","inLanguage":"es","@id":"https:\/\/www.pressenza.com\/es\/2021\/07\/peru-eleccion-y-crisis-politica\/#primaryimage","url":"https:\/\/www.pressenza.com\/wp-content\/uploads\/2021\/07\/Candidatos.jpg","contentUrl":"https:\/\/www.pressenza.com\/wp-content\/uploads\/2021\/07\/Candidatos.jpg","width":950,"height":644},{"@type":"BreadcrumbList","@id":"https:\/\/www.pressenza.com\/es\/2021\/07\/peru-eleccion-y-crisis-politica\/#breadcrumb","itemListElement":[{"@type":"ListItem","position":1,"name":"Accueil","item":"https:\/\/www.pressenza.com\/es\/"},{"@type":"ListItem","position":2,"name":"Per\u00fa: Elecci\u00f3n y crisis pol\u00edtica"}]},{"@type":"WebSite","@id":"https:\/\/www.pressenza.com\/es\/#website","url":"https:\/\/www.pressenza.com\/es\/","name":"Pressenza","description":"International Press Agency","publisher":{"@id":"https:\/\/www.pressenza.com\/es\/#organization"},"potentialAction":[{"@type":"SearchAction","target":{"@type":"EntryPoint","urlTemplate":"https:\/\/www.pressenza.com\/es\/?s={search_term_string}"},"query-input":{"@type":"PropertyValueSpecification","valueRequired":true,"valueName":"search_term_string"}}],"inLanguage":"es"},{"@type":"Organization","@id":"https:\/\/www.pressenza.com\/es\/#organization","name":"Pressenza","url":"https:\/\/www.pressenza.com\/es\/","logo":{"@type":"ImageObject","inLanguage":"es","@id":"https:\/\/www.pressenza.com\/es\/#\/schema\/logo\/image\/","url":"https:\/\/www.pressenza.com\/wp-content\/uploads\/2022\/10\/pressenza_logo_200x200.jpg","contentUrl":"https:\/\/www.pressenza.com\/wp-content\/uploads\/2022\/10\/pressenza_logo_200x200.jpg","width":200,"height":200,"caption":"Pressenza"},"image":{"@id":"https:\/\/www.pressenza.com\/es\/#\/schema\/logo\/image\/"},"sameAs":["https:\/\/www.facebook.com\/PressenzaItalia","https:\/\/x.com\/PressenzaIPA"]},{"@type":"Person","@id":"https:\/\/www.pressenza.com\/es\/#\/schema\/person\/dab513a6343f6f708764ec48ab84304e","name":"Ra\u00fal Allain","description":"(Lima, 1989) Escritor, poeta, editor y soci\u00f3logo. Estudi\u00f3 en la Universidad Nacional Mayor de San Marcos (UNMSM). Actualmente preside el Instituto Peruano de la Juventud (IPJ) y dirige el sello independiente R\u00edo Negro. En septiembre del 2019 recibi\u00f3 el \"Premio mundial el \u00c1guila Internacional a la excelencia sociol\u00f3gica\" por parte de la Uni\u00f3n Hispanomundial de Escritores (UHE). Consultor internacional de la Asociaci\u00f3n de V\u00edctimas de Acoso Organizado y Tortura Electr\u00f3nica (VIACTEC).","url":"https:\/\/www.pressenza.com\/es\/author\/raul-allain\/"}]}},"place":"Lima, Per\u00fa","original_article_url":"","_links":{"self":[{"href":"https:\/\/www.pressenza.com\/es\/wp-json\/wp\/v2\/posts\/1395942","targetHints":{"allow":["GET"]}}],"collection":[{"href":"https:\/\/www.pressenza.com\/es\/wp-json\/wp\/v2\/posts"}],"about":[{"href":"https:\/\/www.pressenza.com\/es\/wp-json\/wp\/v2\/types\/post"}],"author":[{"embeddable":true,"href":"https:\/\/www.pressenza.com\/es\/wp-json\/wp\/v2\/users\/1991"}],"replies":[{"embeddable":true,"href":"https:\/\/www.pressenza.com\/es\/wp-json\/wp\/v2\/comments?post=1395942"}],"version-history":[{"count":0,"href":"https:\/\/www.pressenza.com\/es\/wp-json\/wp\/v2\/posts\/1395942\/revisions"}],"wp:featuredmedia":[{"embeddable":true,"href":"https:\/\/www.pressenza.com\/es\/wp-json\/wp\/v2\/media\/1395944"}],"wp:attachment":[{"href":"https:\/\/www.pressenza.com\/es\/wp-json\/wp\/v2\/media?parent=1395942"}],"wp:term":[{"taxonomy":"category","embeddable":true,"href":"https:\/\/www.pressenza.com\/es\/wp-json\/wp\/v2\/categories?post=1395942"},{"taxonomy":"post_tag","embeddable":true,"href":"https:\/\/www.pressenza.com\/es\/wp-json\/wp\/v2\/tags?post=1395942"}],"curies":[{"name":"wp","href":"https:\/\/api.w.org\/{rel}","templated":true}]}}