{"id":1394999,"date":"2021-07-07T11:47:37","date_gmt":"2021-07-07T10:47:37","guid":{"rendered":"https:\/\/www.pressenza.com\/?p=1394999"},"modified":"2021-07-17T20:59:06","modified_gmt":"2021-07-17T19:59:06","slug":"barcelona-acogera-el-ii-congreso-internacional-de-paz-del-15-al-17-de-octubre","status":"publish","type":"post","link":"https:\/\/www.pressenza.com\/es\/2021\/07\/barcelona-acogera-el-ii-congreso-internacional-de-paz-del-15-al-17-de-octubre\/","title":{"rendered":"Barcelona acoger\u00e1 el II Congreso Internacional de Paz del 15 al 17 de octubre"},"content":{"rendered":"<p>Bajo el t\u00edtulo \u201c(Re)imagina el mundo. Acci\u00f3n por la paz y la justicia\u201d, participantes de 40 pa\u00edses asistir\u00e1n al encuentro del movimiento internacional por la paz y otros movimientos sociales, con reconocidas activistas y expertas de todo el mundo.<\/p>\n<p>El congreso tendr\u00e1 un formato h\u00edbrido, con actividades presenciales, conferencias, talleres y acontecimientos culturales, pero con la posibilidad de seguir muchas de ellas e interactuar con otros participantes a trav\u00e9s de internet.<\/p>\n<p>El International Peace Bureau (IPB) y el Instituto Catal\u00e1n Internacional por la Pau (ICIP) son los principales organizadores del II Congreso Internacional de Paz que tendr\u00e1 lugar en Barcelona del 15 al 17 de octubre.<\/p>\n<p>Bajo el t\u00edtulo \u201c(Re)imagina el mundo. Acci\u00f3n por la paz y la justicia\u201d, participantes de unos 70 pa\u00edses asistir\u00e1n a este acontecimiento con actividades presenciales, conferencias y talleres, la mayor\u00eda de los cuales tendr\u00e1n lugar en el Centro de Cultura Contempor\u00e1nea de Barcelona (CCCB).<\/p>\n<p>El principal objetivo del congreso es dinamizar el pacifismo internacional, ser un punto de encuentro de diferentes actores, redefinir la acci\u00f3n por la paz y, como dice el lema del congreso, reimaginar el mundo bajo el prisma de la cultura de paz.<\/p>\n<p>Seg\u00fan Jordi Calvo, coordinador de la oficina de la IPB en Barcelona, \u201cel congreso quiere poner el pacifismo en el centro, en un mundo donde la guerra, la militarizaci\u00f3n y la violencia son la norma\u201d.<\/p>\n<p>Al mismo tiempo se busca favorecer sinergias entre organizaciones e individuos, y entre movimientos sociales interconnectados que luchan por la justicia global: defensoras de la paz y el desarme, activistas feministas y LGBTQIA+, ecologistas y activistas del clima, antirracistas e ind\u00edgenas, defensores de los derechos humanos y sindicalistas.<\/p>\n<p>Tal y como comenta la copresidenta de la IPB, Lisa Clark, \u201cel Congreso Internacional de Paz en Barcelona nos dar\u00e1 a muchas de nosotros la oportunidad de encontrarnos personalmente por primera vez en casi dos a\u00f1os. El establecimiento de redes entre las actividades de paz y desarme en diferentes pa\u00edses y regiones es nuestro recurso m\u00e1s esencial\u00bb, asegura.<\/p>\n<p>Durante los tres d\u00edas de congreso habr\u00e1 charlas y conferencias a cargo de m\u00e1s de unos treinta ponentes. Entre los participantes hay nombres destacados c\u00f3mo Noam Chomsky, Martin Chungong, Jeremy Corbyn, Beatrice Fihn, Wada Masako, Vandana Shiva y Jody Williams. Tambi\u00e9n se organizar\u00e1n varios talleres y actividades culturales.<\/p>\n<h3>Un congreso con una larga historia<\/h3>\n<p>El primer congreso de paz de la historia se celebr\u00f3 el 1843 en Londres, despu\u00e9s en Par\u00eds en 1889 y en Roma en 1891, momento en que se cre\u00f3 el IPB. Por esta tarea vinculante a grupos pacifistas de todo el mundo, el IPB recibi\u00f3 el Nobel de la Pau en 1910. En 2016 se reiniciaron estos congresos mundiales con la idea de poner el desarme enla agenda global. Este primer congreso de la nueva etapa se hizo en Berl\u00edn y ahora el de Barcelona ser\u00e1 la continuaci\u00f3n.<\/p>\n<p>El IPB tiene su oficina central en Berl\u00edn y cuenta con oficinas en la capital catalana y en Ginebra. Tiene una red de 400 miembros y hay varias entidades catalanas que forman parte: Justicia y Paz, Fundipau, Unipau, la Escuela Cultura de Paz, la Fundaci\u00f3n Carta de la Pau dirigida a la ONU y el Centro Del\u00e0s de Estudios por la Paz &#8211; que es miembro de la junta directiva<\/p>\n<p>El coorganizador del congreso de Barcelona ser\u00e1 la ICIP, una entidad p\u00fablica, e independiente, creada por el Parlamento de Catalu\u00f1a, en 2007, con el fin de promover la cultura de la paz en la sociedad catalana y en el \u00e1mbito internacional, y hacer que Catalu\u00f1a tenga un papel activo como agente de paz al mundo.<\/p>\n<p>Seg\u00fan el copresidente de IPB, Philip Jennings, la elecci\u00f3n de Barcelona como nueva sede del congreso fue f\u00e1cil: \u00abBarcelona es una ciudad de paz, una de las pocas del mundo con un compromiso organizado y con recursos para promover y hacer campa\u00f1as por la paz, y ha abierto sus brazos a IPB. La ciudad y la regi\u00f3n tienen un papel activo en la preparaci\u00f3n del congreso\u201d, apunta.<\/p>\n<p>La capital catalana tambi\u00e9n acoge desde hace cuatro a\u00f1os una de las oficinas descentralizadas de IPB, y desde aqu\u00ed se dinamiza la campa\u00f1a internacional por la reducci\u00f3n de los gastos militares, la Global Campaign donde Military Spending (GCOMS).<\/p>\n<p>El congreso de Barcelona pretende ser la reuni\u00f3n m\u00e1s grande de activistas por la paz este 2021, designado por las Naciones Unidas como el A\u00f1o Internacional de la Paz y la Confianza.<\/p>\n<p>Para m\u00e1s informaci\u00f3n, pueden contactar con Ar\u00e9s Perceval (<a href=\"mailto:aperceval@ipb.org\">aperceval@ipb.org<\/a> o 609 881 571).<\/p>\n<p>Si necesitan fotograf\u00edas, v\u00eddeos u otros materiales, pueden acceder a este enlace:<br \/>\n<a href=\"https:\/\/trello.com\/b\/MPBI8oQZ\/wpc2021\">https:\/\/trello.com\/b\/MPBI8oQZ\/wpc2021<\/a><\/p>\n","protected":false},"excerpt":{"rendered":"<p>Bajo el t\u00edtulo \u201c(Re)imagina el mundo. Acci\u00f3n por la paz y la justicia\u201d, participantes de 40 pa\u00edses asistir\u00e1n al encuentro del movimiento internacional por la paz y otros movimientos sociales, con reconocidas activistas y expertas de todo el mundo. El&hellip;<\/p>\n","protected":false},"author":19,"featured_media":1394949,"comment_status":"closed","ping_status":"closed","sticky":false,"template":"","format":"standard","meta":{"footnotes":""},"categories":[149,11389,39,1243],"tags":[92781,92780,92782],"class_list":["post-1394999","post","type-post","status-publish","format-standard","has-post-thumbnail","hentry","category-comunicados-de-prensa","category-contenido-original","category-internacional","category-paz-desarme","tag-congreso-internacional-de-paz-2021","tag-jordi-calvo","tag-lisa-clark-es"],"yoast_head":"<!-- This site is optimized with the Yoast SEO plugin v27.1.1 - https:\/\/yoast.com\/product\/yoast-seo-wordpress\/ -->\n<title>Barcelona acoger\u00e1 el II Congreso Internacional de Paz del 15 al 17 de octubre<\/title>\n<meta name=\"description\" content=\"Bajo el t\u00edtulo \u201c(Re)imagina el mundo. Acci\u00f3n por la paz y la justicia\u201d, participantes de 40 pa\u00edses asistir\u00e1n al encuentro del movimiento internacional por\" \/>\n<meta name=\"robots\" content=\"index, follow, max-snippet:-1, max-image-preview:large, max-video-preview:-1\" \/>\n<link rel=\"canonical\" href=\"https:\/\/www.pressenza.com\/es\/2021\/07\/barcelona-acogera-el-ii-congreso-internacional-de-paz-del-15-al-17-de-octubre\/\" \/>\n<meta property=\"og:locale\" content=\"es_ES\" \/>\n<meta property=\"og:type\" content=\"article\" \/>\n<meta property=\"og:title\" content=\"Barcelona acoger\u00e1 el II Congreso Internacional de Paz del 15 al 17 de octubre\" \/>\n<meta property=\"og:description\" content=\"Bajo el t\u00edtulo \u201c(Re)imagina el mundo. Acci\u00f3n por la paz y la justicia\u201d, participantes de 40 pa\u00edses asistir\u00e1n al encuentro del movimiento internacional por\" \/>\n<meta property=\"og:url\" content=\"https:\/\/www.pressenza.com\/es\/2021\/07\/barcelona-acogera-el-ii-congreso-internacional-de-paz-del-15-al-17-de-octubre\/\" \/>\n<meta property=\"og:site_name\" content=\"Pressenza\" \/>\n<meta property=\"article:publisher\" content=\"https:\/\/www.facebook.com\/PressenzaItalia\" \/>\n<meta property=\"article:author\" content=\"https:\/\/www.facebook.com\/pressenza\" \/>\n<meta property=\"article:published_time\" content=\"2021-07-07T10:47:37+00:00\" \/>\n<meta property=\"article:modified_time\" content=\"2021-07-17T19:59:06+00:00\" \/>\n<meta property=\"og:image\" content=\"https:\/\/www.pressenza.com\/wp-content\/uploads\/2021\/07\/IPB-congress-100-days-to-go.png\" \/>\n\t<meta property=\"og:image:width\" content=\"1600\" \/>\n\t<meta property=\"og:image:height\" content=\"900\" \/>\n\t<meta property=\"og:image:type\" content=\"image\/png\" \/>\n<meta name=\"author\" content=\"Pressenza IPA\" \/>\n<meta name=\"twitter:card\" content=\"summary_large_image\" \/>\n<meta name=\"twitter:creator\" content=\"@PressenzaIPA\" \/>\n<meta name=\"twitter:site\" content=\"@PressenzaIPA\" \/>\n<meta name=\"twitter:label1\" content=\"Escrito por\" \/>\n\t<meta name=\"twitter:data1\" content=\"Pressenza IPA\" \/>\n\t<meta name=\"twitter:label2\" content=\"Tiempo de lectura\" \/>\n\t<meta name=\"twitter:data2\" content=\"4 minutos\" \/>\n<script type=\"application\/ld+json\" class=\"yoast-schema-graph\">{\"@context\":\"https:\/\/schema.org\",\"@graph\":[{\"@type\":\"Article\",\"@id\":\"https:\/\/www.pressenza.com\/es\/2021\/07\/barcelona-acogera-el-ii-congreso-internacional-de-paz-del-15-al-17-de-octubre\/#article\",\"isPartOf\":{\"@id\":\"https:\/\/www.pressenza.com\/es\/2021\/07\/barcelona-acogera-el-ii-congreso-internacional-de-paz-del-15-al-17-de-octubre\/\"},\"author\":{\"name\":\"Pressenza IPA\",\"@id\":\"https:\/\/www.pressenza.com\/es\/#\/schema\/person\/010e5d02bcf40965427a1289a4cc8d75\"},\"headline\":\"Barcelona acoger\u00e1 el II Congreso Internacional de Paz del 15 al 17 de octubre\",\"datePublished\":\"2021-07-07T10:47:37+00:00\",\"dateModified\":\"2021-07-17T19:59:06+00:00\",\"mainEntityOfPage\":{\"@id\":\"https:\/\/www.pressenza.com\/es\/2021\/07\/barcelona-acogera-el-ii-congreso-internacional-de-paz-del-15-al-17-de-octubre\/\"},\"wordCount\":824,\"publisher\":{\"@id\":\"https:\/\/www.pressenza.com\/es\/#organization\"},\"image\":{\"@id\":\"https:\/\/www.pressenza.com\/es\/2021\/07\/barcelona-acogera-el-ii-congreso-internacional-de-paz-del-15-al-17-de-octubre\/#primaryimage\"},\"thumbnailUrl\":\"https:\/\/www.pressenza.com\/wp-content\/uploads\/2021\/07\/IPB-congress-100-days-to-go.png\",\"keywords\":[\"Congreso Internacional de Paz 2021\",\"Jordi Calvo\",\"Lisa Clark\"],\"articleSection\":[\"Comunicados de Prensa\",\"Contenido Original\",\"Internacional\",\"Paz y Desarme\"],\"inLanguage\":\"es\"},{\"@type\":\"WebPage\",\"@id\":\"https:\/\/www.pressenza.com\/es\/2021\/07\/barcelona-acogera-el-ii-congreso-internacional-de-paz-del-15-al-17-de-octubre\/\",\"url\":\"https:\/\/www.pressenza.com\/es\/2021\/07\/barcelona-acogera-el-ii-congreso-internacional-de-paz-del-15-al-17-de-octubre\/\",\"name\":\"Barcelona acoger\u00e1 el II Congreso Internacional de Paz del 15 al 17 de octubre\",\"isPartOf\":{\"@id\":\"https:\/\/www.pressenza.com\/es\/#website\"},\"primaryImageOfPage\":{\"@id\":\"https:\/\/www.pressenza.com\/es\/2021\/07\/barcelona-acogera-el-ii-congreso-internacional-de-paz-del-15-al-17-de-octubre\/#primaryimage\"},\"image\":{\"@id\":\"https:\/\/www.pressenza.com\/es\/2021\/07\/barcelona-acogera-el-ii-congreso-internacional-de-paz-del-15-al-17-de-octubre\/#primaryimage\"},\"thumbnailUrl\":\"https:\/\/www.pressenza.com\/wp-content\/uploads\/2021\/07\/IPB-congress-100-days-to-go.png\",\"datePublished\":\"2021-07-07T10:47:37+00:00\",\"dateModified\":\"2021-07-17T19:59:06+00:00\",\"description\":\"Bajo el t\u00edtulo \u201c(Re)imagina el mundo. Acci\u00f3n por la paz y la justicia\u201d, participantes de 40 pa\u00edses asistir\u00e1n al encuentro del movimiento internacional por\",\"breadcrumb\":{\"@id\":\"https:\/\/www.pressenza.com\/es\/2021\/07\/barcelona-acogera-el-ii-congreso-internacional-de-paz-del-15-al-17-de-octubre\/#breadcrumb\"},\"inLanguage\":\"es\",\"potentialAction\":[{\"@type\":\"ReadAction\",\"target\":[\"https:\/\/www.pressenza.com\/es\/2021\/07\/barcelona-acogera-el-ii-congreso-internacional-de-paz-del-15-al-17-de-octubre\/\"]}]},{\"@type\":\"ImageObject\",\"inLanguage\":\"es\",\"@id\":\"https:\/\/www.pressenza.com\/es\/2021\/07\/barcelona-acogera-el-ii-congreso-internacional-de-paz-del-15-al-17-de-octubre\/#primaryimage\",\"url\":\"https:\/\/www.pressenza.com\/wp-content\/uploads\/2021\/07\/IPB-congress-100-days-to-go.png\",\"contentUrl\":\"https:\/\/www.pressenza.com\/wp-content\/uploads\/2021\/07\/IPB-congress-100-days-to-go.png\",\"width\":1600,\"height\":900},{\"@type\":\"BreadcrumbList\",\"@id\":\"https:\/\/www.pressenza.com\/es\/2021\/07\/barcelona-acogera-el-ii-congreso-internacional-de-paz-del-15-al-17-de-octubre\/#breadcrumb\",\"itemListElement\":[{\"@type\":\"ListItem\",\"position\":1,\"name\":\"Accueil\",\"item\":\"https:\/\/www.pressenza.com\/es\/\"},{\"@type\":\"ListItem\",\"position\":2,\"name\":\"Barcelona acoger\u00e1 el II Congreso Internacional de Paz del 15 al 17 de octubre\"}]},{\"@type\":\"WebSite\",\"@id\":\"https:\/\/www.pressenza.com\/es\/#website\",\"url\":\"https:\/\/www.pressenza.com\/es\/\",\"name\":\"Pressenza\",\"description\":\"International Press Agency\",\"publisher\":{\"@id\":\"https:\/\/www.pressenza.com\/es\/#organization\"},\"potentialAction\":[{\"@type\":\"SearchAction\",\"target\":{\"@type\":\"EntryPoint\",\"urlTemplate\":\"https:\/\/www.pressenza.com\/es\/?s={search_term_string}\"},\"query-input\":{\"@type\":\"PropertyValueSpecification\",\"valueRequired\":true,\"valueName\":\"search_term_string\"}}],\"inLanguage\":\"es\"},{\"@type\":\"Organization\",\"@id\":\"https:\/\/www.pressenza.com\/es\/#organization\",\"name\":\"Pressenza\",\"url\":\"https:\/\/www.pressenza.com\/es\/\",\"logo\":{\"@type\":\"ImageObject\",\"inLanguage\":\"es\",\"@id\":\"https:\/\/www.pressenza.com\/es\/#\/schema\/logo\/image\/\",\"url\":\"https:\/\/www.pressenza.com\/wp-content\/uploads\/2022\/10\/pressenza_logo_200x200.jpg\",\"contentUrl\":\"https:\/\/www.pressenza.com\/wp-content\/uploads\/2022\/10\/pressenza_logo_200x200.jpg\",\"width\":200,\"height\":200,\"caption\":\"Pressenza\"},\"image\":{\"@id\":\"https:\/\/www.pressenza.com\/es\/#\/schema\/logo\/image\/\"},\"sameAs\":[\"https:\/\/www.facebook.com\/PressenzaItalia\",\"https:\/\/x.com\/PressenzaIPA\"]},{\"@type\":\"Person\",\"@id\":\"https:\/\/www.pressenza.com\/es\/#\/schema\/person\/010e5d02bcf40965427a1289a4cc8d75\",\"name\":\"Pressenza IPA\",\"description\":\"News from Pressenza IPA correspondents\",\"sameAs\":[\"https:\/\/www.facebook.com\/pressenza\",\"https:\/\/x.com\/PressenzaIPA\"],\"url\":\"https:\/\/www.pressenza.com\/es\/author\/pressenza-ipa\/\"}]}<\/script>\n<!-- \/ Yoast SEO plugin. -->","yoast_head_json":{"title":"Barcelona acoger\u00e1 el II Congreso Internacional de Paz del 15 al 17 de octubre","description":"Bajo el t\u00edtulo \u201c(Re)imagina el mundo. Acci\u00f3n por la paz y la justicia\u201d, participantes de 40 pa\u00edses asistir\u00e1n al encuentro del movimiento internacional por","robots":{"index":"index","follow":"follow","max-snippet":"max-snippet:-1","max-image-preview":"max-image-preview:large","max-video-preview":"max-video-preview:-1"},"canonical":"https:\/\/www.pressenza.com\/es\/2021\/07\/barcelona-acogera-el-ii-congreso-internacional-de-paz-del-15-al-17-de-octubre\/","og_locale":"es_ES","og_type":"article","og_title":"Barcelona acoger\u00e1 el II Congreso Internacional de Paz del 15 al 17 de octubre","og_description":"Bajo el t\u00edtulo \u201c(Re)imagina el mundo. Acci\u00f3n por la paz y la justicia\u201d, participantes de 40 pa\u00edses asistir\u00e1n al encuentro del movimiento internacional por","og_url":"https:\/\/www.pressenza.com\/es\/2021\/07\/barcelona-acogera-el-ii-congreso-internacional-de-paz-del-15-al-17-de-octubre\/","og_site_name":"Pressenza","article_publisher":"https:\/\/www.facebook.com\/PressenzaItalia","article_author":"https:\/\/www.facebook.com\/pressenza","article_published_time":"2021-07-07T10:47:37+00:00","article_modified_time":"2021-07-17T19:59:06+00:00","og_image":[{"width":1600,"height":900,"url":"https:\/\/www.pressenza.com\/wp-content\/uploads\/2021\/07\/IPB-congress-100-days-to-go.png","type":"image\/png"}],"author":"Pressenza IPA","twitter_card":"summary_large_image","twitter_creator":"@PressenzaIPA","twitter_site":"@PressenzaIPA","twitter_misc":{"Escrito por":"Pressenza IPA","Tiempo de lectura":"4 minutos"},"schema":{"@context":"https:\/\/schema.org","@graph":[{"@type":"Article","@id":"https:\/\/www.pressenza.com\/es\/2021\/07\/barcelona-acogera-el-ii-congreso-internacional-de-paz-del-15-al-17-de-octubre\/#article","isPartOf":{"@id":"https:\/\/www.pressenza.com\/es\/2021\/07\/barcelona-acogera-el-ii-congreso-internacional-de-paz-del-15-al-17-de-octubre\/"},"author":{"name":"Pressenza IPA","@id":"https:\/\/www.pressenza.com\/es\/#\/schema\/person\/010e5d02bcf40965427a1289a4cc8d75"},"headline":"Barcelona acoger\u00e1 el II Congreso Internacional de Paz del 15 al 17 de octubre","datePublished":"2021-07-07T10:47:37+00:00","dateModified":"2021-07-17T19:59:06+00:00","mainEntityOfPage":{"@id":"https:\/\/www.pressenza.com\/es\/2021\/07\/barcelona-acogera-el-ii-congreso-internacional-de-paz-del-15-al-17-de-octubre\/"},"wordCount":824,"publisher":{"@id":"https:\/\/www.pressenza.com\/es\/#organization"},"image":{"@id":"https:\/\/www.pressenza.com\/es\/2021\/07\/barcelona-acogera-el-ii-congreso-internacional-de-paz-del-15-al-17-de-octubre\/#primaryimage"},"thumbnailUrl":"https:\/\/www.pressenza.com\/wp-content\/uploads\/2021\/07\/IPB-congress-100-days-to-go.png","keywords":["Congreso Internacional de Paz 2021","Jordi Calvo","Lisa Clark"],"articleSection":["Comunicados de Prensa","Contenido Original","Internacional","Paz y Desarme"],"inLanguage":"es"},{"@type":"WebPage","@id":"https:\/\/www.pressenza.com\/es\/2021\/07\/barcelona-acogera-el-ii-congreso-internacional-de-paz-del-15-al-17-de-octubre\/","url":"https:\/\/www.pressenza.com\/es\/2021\/07\/barcelona-acogera-el-ii-congreso-internacional-de-paz-del-15-al-17-de-octubre\/","name":"Barcelona acoger\u00e1 el II Congreso Internacional de Paz del 15 al 17 de octubre","isPartOf":{"@id":"https:\/\/www.pressenza.com\/es\/#website"},"primaryImageOfPage":{"@id":"https:\/\/www.pressenza.com\/es\/2021\/07\/barcelona-acogera-el-ii-congreso-internacional-de-paz-del-15-al-17-de-octubre\/#primaryimage"},"image":{"@id":"https:\/\/www.pressenza.com\/es\/2021\/07\/barcelona-acogera-el-ii-congreso-internacional-de-paz-del-15-al-17-de-octubre\/#primaryimage"},"thumbnailUrl":"https:\/\/www.pressenza.com\/wp-content\/uploads\/2021\/07\/IPB-congress-100-days-to-go.png","datePublished":"2021-07-07T10:47:37+00:00","dateModified":"2021-07-17T19:59:06+00:00","description":"Bajo el t\u00edtulo \u201c(Re)imagina el mundo. Acci\u00f3n por la paz y la justicia\u201d, participantes de 40 pa\u00edses asistir\u00e1n al encuentro del movimiento internacional por","breadcrumb":{"@id":"https:\/\/www.pressenza.com\/es\/2021\/07\/barcelona-acogera-el-ii-congreso-internacional-de-paz-del-15-al-17-de-octubre\/#breadcrumb"},"inLanguage":"es","potentialAction":[{"@type":"ReadAction","target":["https:\/\/www.pressenza.com\/es\/2021\/07\/barcelona-acogera-el-ii-congreso-internacional-de-paz-del-15-al-17-de-octubre\/"]}]},{"@type":"ImageObject","inLanguage":"es","@id":"https:\/\/www.pressenza.com\/es\/2021\/07\/barcelona-acogera-el-ii-congreso-internacional-de-paz-del-15-al-17-de-octubre\/#primaryimage","url":"https:\/\/www.pressenza.com\/wp-content\/uploads\/2021\/07\/IPB-congress-100-days-to-go.png","contentUrl":"https:\/\/www.pressenza.com\/wp-content\/uploads\/2021\/07\/IPB-congress-100-days-to-go.png","width":1600,"height":900},{"@type":"BreadcrumbList","@id":"https:\/\/www.pressenza.com\/es\/2021\/07\/barcelona-acogera-el-ii-congreso-internacional-de-paz-del-15-al-17-de-octubre\/#breadcrumb","itemListElement":[{"@type":"ListItem","position":1,"name":"Accueil","item":"https:\/\/www.pressenza.com\/es\/"},{"@type":"ListItem","position":2,"name":"Barcelona acoger\u00e1 el II Congreso Internacional de Paz del 15 al 17 de octubre"}]},{"@type":"WebSite","@id":"https:\/\/www.pressenza.com\/es\/#website","url":"https:\/\/www.pressenza.com\/es\/","name":"Pressenza","description":"International Press Agency","publisher":{"@id":"https:\/\/www.pressenza.com\/es\/#organization"},"potentialAction":[{"@type":"SearchAction","target":{"@type":"EntryPoint","urlTemplate":"https:\/\/www.pressenza.com\/es\/?s={search_term_string}"},"query-input":{"@type":"PropertyValueSpecification","valueRequired":true,"valueName":"search_term_string"}}],"inLanguage":"es"},{"@type":"Organization","@id":"https:\/\/www.pressenza.com\/es\/#organization","name":"Pressenza","url":"https:\/\/www.pressenza.com\/es\/","logo":{"@type":"ImageObject","inLanguage":"es","@id":"https:\/\/www.pressenza.com\/es\/#\/schema\/logo\/image\/","url":"https:\/\/www.pressenza.com\/wp-content\/uploads\/2022\/10\/pressenza_logo_200x200.jpg","contentUrl":"https:\/\/www.pressenza.com\/wp-content\/uploads\/2022\/10\/pressenza_logo_200x200.jpg","width":200,"height":200,"caption":"Pressenza"},"image":{"@id":"https:\/\/www.pressenza.com\/es\/#\/schema\/logo\/image\/"},"sameAs":["https:\/\/www.facebook.com\/PressenzaItalia","https:\/\/x.com\/PressenzaIPA"]},{"@type":"Person","@id":"https:\/\/www.pressenza.com\/es\/#\/schema\/person\/010e5d02bcf40965427a1289a4cc8d75","name":"Pressenza IPA","description":"News from Pressenza IPA correspondents","sameAs":["https:\/\/www.facebook.com\/pressenza","https:\/\/x.com\/PressenzaIPA"],"url":"https:\/\/www.pressenza.com\/es\/author\/pressenza-ipa\/"}]}},"place":"Barcelona","original_article_url":"","_links":{"self":[{"href":"https:\/\/www.pressenza.com\/es\/wp-json\/wp\/v2\/posts\/1394999","targetHints":{"allow":["GET"]}}],"collection":[{"href":"https:\/\/www.pressenza.com\/es\/wp-json\/wp\/v2\/posts"}],"about":[{"href":"https:\/\/www.pressenza.com\/es\/wp-json\/wp\/v2\/types\/post"}],"author":[{"embeddable":true,"href":"https:\/\/www.pressenza.com\/es\/wp-json\/wp\/v2\/users\/19"}],"replies":[{"embeddable":true,"href":"https:\/\/www.pressenza.com\/es\/wp-json\/wp\/v2\/comments?post=1394999"}],"version-history":[{"count":0,"href":"https:\/\/www.pressenza.com\/es\/wp-json\/wp\/v2\/posts\/1394999\/revisions"}],"wp:featuredmedia":[{"embeddable":true,"href":"https:\/\/www.pressenza.com\/es\/wp-json\/wp\/v2\/media\/1394949"}],"wp:attachment":[{"href":"https:\/\/www.pressenza.com\/es\/wp-json\/wp\/v2\/media?parent=1394999"}],"wp:term":[{"taxonomy":"category","embeddable":true,"href":"https:\/\/www.pressenza.com\/es\/wp-json\/wp\/v2\/categories?post=1394999"},{"taxonomy":"post_tag","embeddable":true,"href":"https:\/\/www.pressenza.com\/es\/wp-json\/wp\/v2\/tags?post=1394999"}],"curies":[{"name":"wp","href":"https:\/\/api.w.org\/{rel}","templated":true}]}}