{"id":1387797,"date":"2021-06-27T17:46:38","date_gmt":"2021-06-27T16:46:38","guid":{"rendered":"https:\/\/www.pressenza.com\/?p=1387797"},"modified":"2021-06-27T17:46:38","modified_gmt":"2021-06-27T16:46:38","slug":"los-derechos-humanos-de-la-boca-para-fuera","status":"publish","type":"post","link":"https:\/\/www.pressenza.com\/es\/2021\/06\/los-derechos-humanos-de-la-boca-para-fuera\/","title":{"rendered":"Los Derechos Humanos de la boca para fuera"},"content":{"rendered":"<p>En sus primeros debates televisados, los precandidatos presidenciales chilenos no pudieron soslayar el tema de los Derechos Humanos. Imposible resulta evitar un asunto tan gravitante en nuestra historia y de tanta importancia mundial. Sin embargo, lo que predomin\u00f3 en todos ellos fue un conjunto de \u201clugares comunes\u201d, nada realmente sustantivo o que pueda ser considerado una promesa a firme ante el electorado. Adem\u00e1s fue notorio el desinter\u00e9s de los entrevistadores por exigir de los candidatos derechistas pronunciamientos m\u00e1s contundentes sobre el tema.<\/p>\n<p>A los cuatro postulantes de la derecha u oficialismo se les puede descubrir ciertamente sus faltas e inconsistencias al respecto, cuando todos ellos fueron afines a la dictadura de Pinochet y despu\u00e9s han participado en los dos gobiernos de Sebasti\u00e1n Pi\u00f1era en que se han seguido vulnerando los derechos pol\u00edticos, econ\u00f3micos y sociales de amplios sectores de la poblaci\u00f3n. Los candidatos de centro izquierda no sortearon con facilidad el acoso de los periodistas empe\u00f1ados en demostrar su doble actitud cuando se trata de juzgar o condenar las transgresiones cometidas por reg\u00edmenes como los de Venezuela, Cuba, Nicaragua o el de aquellas naciones que formaron parte de los denominados socialismos reales europeos.<\/p>\n<p>Para todos los presidenciables resulta conveniente condenar las violaciones a los Derechos Humanos que se cometan en cualquier pa\u00eds de la Tierra. Pero ninguno de los candidatos de derecha fue capaz de criticar expl\u00edcitamente lo acontecido bajo el R\u00e9gimen Militar, ni tampoco explicar por qu\u00e9 raz\u00f3n alguien como Joaqu\u00edn Lav\u00edn y tantos otros de sus partidarios se desga\u00f1itaron por obtener la repatriaci\u00f3n del Dictador detenido en Londres y, as\u00ed, asegurarle la impunidad frente a tantos cr\u00edmenes de lesa humanidad. Tampoco los dos postulantes vanguardistas fueron capaces de emitir una posici\u00f3n meridianamente clara respecto de lo sucedido bajo otros gobiernos acusados de violar al menos los derechos pol\u00edticos de sus opositores.<\/p>\n<p>Lo que se impone en el tema es la fragante relatividad. Pareciera que la tortura, el exilio forzado, las limitaciones a la libertad de prensa y otros oprobios podr\u00edan justificarse seg\u00fan quienes se hayen en el poder. Pero lo m\u00e1s grave de todo es la ignorancia y falta de temple de la cual hacen gala los candidatos respecto de un tema tan crucial, su grave desconocimiento respecto del derecho internacional y lo sensibles que dicen estar todos respecto de acusaciones, dict\u00e1menes y otros que en el mundo tambi\u00e9n incurren en el relativismo hist\u00f3rico, pasando por alto las transgresiones de una potencia como China.<\/p>\n<p>En tal sentido, es evidente que las condenas que realizan algunos organismos de DDHH de las Naciones Unidas o del propio sistema interamericano adolecen de evidentes sesgos. El f\u00e1cil condenar a los pa\u00edses chicos y pobres, pero asumen como imposible hacerlo con Estados Unidos y otras naciones que a diario vulneran los derechos de los emigrantes, de las minor\u00edas \u00e9tnicas y otros grupos segregados. El bloqueo contra Cuba, los desprop\u00f3sitos del r\u00e9gimen marroqu\u00ed, los presos pol\u00edticos de los catalanes independentistas nos sirven de ejemplo para ilustrar lo que se\u00f1alamos. Y la cuenta, al respecto, puede ser muy larga.<\/p>\n<p>Ni qu\u00e9 hablar de la impunidad oficiada por las potencias mundiales respecto de los horrendos cr\u00edmenes de la ex Yugoslavia, el Estado de Israel y de la propia Uni\u00f3n Sovi\u00e9tica. Cuando hasta en Canad\u00e1 en estos d\u00edas se descubren tumbas clandestinas de j\u00f3venes largo tiempo desaparecidos.<\/p>\n<p>Desconocer la doble actitud asumida por los candidatos presidenciales en este Debate ser\u00eda de un cinismo similar al de ellos mismos. Confiemos, m\u00e1s bien, que su turbaci\u00f3n en este tema sea por desconocimiento de lo que acontece en otras realidades y no se deba a la tan habitual doble moral de los \u201cservidores p\u00fablicos\u201d. Por lo dem\u00e1s, es evidente que Chile sigue de espaldas a lo que sucede m\u00e1s all\u00e1 de sus fronteras, acatando fielmente las directrices impuestas por los medios de comunicaci\u00f3n serviles y colonizados.<\/p>\n<p>De esta forma, la suerte de los Derechos Humanos en nuestro pa\u00eds depender\u00e1 de quienes lleguen a La Moneda, as\u00ed como tambi\u00e9n ser\u00e1 determinante en el perfil de nuestras relaciones internacionales. En este tema es dif\u00edcil que se adopten principios o valores que sean compartidos por todos los que hoy buscan acceder al poder. Nuestros lineamientos comerciales posiblemente prevalezcan frente a nuestras conveniencias y razones, como la conservaci\u00f3n del medio ambiente y el justo valor que deben cobrar nuestras exportaciones. En las instancias multilaterales, nuestras futuras autoridades se alinear\u00e1n con unos u otros, condenando o aplaudiendo a quienes se nos mandate desde los poderes f\u00e1cticos mundiales. Por cierto, no ser\u00e1 cuesti\u00f3n de moral, sino de intereses y no necesariamente de intereses estrat\u00e9gicos.<\/p>\n<p>Menos todav\u00eda podremos ejercer nuestra soberan\u00eda si en el financiamiento de las campa\u00f1as electorales intervienen los aportes o donaciones extranjeras, algo que ha sido tan habitual en nuestra historia pol\u00edtica y que, como hemos visto, puede determinar hasta la suerte de las elecciones en los Estados Unidos. Est\u00e1 meridianamente claro que Trump no habr\u00eda llegado a la Casa Blanca sin la injerencia electoral de Kremlin, como que jam\u00e1s el propio Obama habr\u00eda sido distinguido con el Premio Nobel de la Paz si todo fuera limpio o transparente en el concierto internacional. Y menos, tampoco, un Putin podr\u00eda haberse reunido con Joe Biden despu\u00e9s de que \u00e9ste lo tratara p\u00fablicamente de asesino.<\/p>\n<p>Se proclama como principio universal la \u201cno injerencia en los asuntos de los otros estados\u201d, una sentencia del todo falaz que tambi\u00e9n sali\u00f3 a relucir en el debate televisivo que comentamos. Por el contrario, la causa de los Derechos Humanos justamente exige es que la humanidad decid\u00ecdamente intervenga ante los disparates cometidos contra la dignidad humana en cualquier lugar y circunstancia, a objeto de que la condici\u00f3n humana no siga afectada por los intereses espurios. Aunque para ello se har\u00eda propicio, en realidad, nacionalizar tambi\u00e9n la pol\u00edtica, demasiado regida todav\u00eda por arquetipos y referentes que nos hablan de un pasado negro y turbulento en las relaciones internacionales.<\/p>\n","protected":false},"excerpt":{"rendered":"<p>En sus primeros debates televisados, los precandidatos presidenciales chilenos no pudieron soslayar el tema de los Derechos Humanos. Imposible resulta evitar un asunto tan gravitante en nuestra historia y de tanta importancia mundial. Sin embargo, lo que predomin\u00f3 en todos&hellip;<\/p>\n","protected":false},"author":1739,"featured_media":1387799,"comment_status":"closed","ping_status":"closed","sticky":false,"template":"","format":"standard","meta":{"footnotes":""},"categories":[11389,79,161,67],"tags":[29,441,403],"class_list":["post-1387797","post","type-post","status-publish","format-standard","has-post-thumbnail","hentry","category-contenido-original","category-derechos-humanos","category-opiniones","category-sudamerica","tag-chile","tag-derechos-humanos","tag-elecciones"],"yoast_head":"<!-- This site is optimized with the Yoast SEO plugin v27.1.1 - https:\/\/yoast.com\/product\/yoast-seo-wordpress\/ -->\n<title>Los Derechos Humanos de la boca para fuera<\/title>\n<meta name=\"description\" content=\"En sus primeros debates televisados, los precandidatos presidenciales chilenos no pudieron soslayar el tema de los Derechos Humanos. Imposible resulta\" \/>\n<meta name=\"robots\" content=\"index, follow, max-snippet:-1, max-image-preview:large, max-video-preview:-1\" \/>\n<link rel=\"canonical\" href=\"https:\/\/www.pressenza.com\/es\/2021\/06\/los-derechos-humanos-de-la-boca-para-fuera\/\" \/>\n<meta property=\"og:locale\" content=\"es_ES\" \/>\n<meta property=\"og:type\" content=\"article\" \/>\n<meta property=\"og:title\" content=\"Los Derechos Humanos de la boca para fuera\" \/>\n<meta property=\"og:description\" content=\"En sus primeros debates televisados, los precandidatos presidenciales chilenos no pudieron soslayar el tema de los Derechos Humanos. Imposible resulta\" \/>\n<meta property=\"og:url\" content=\"https:\/\/www.pressenza.com\/es\/2021\/06\/los-derechos-humanos-de-la-boca-para-fuera\/\" \/>\n<meta property=\"og:site_name\" content=\"Pressenza\" \/>\n<meta property=\"article:publisher\" content=\"https:\/\/www.facebook.com\/PressenzaItalia\" \/>\n<meta property=\"article:published_time\" content=\"2021-06-27T16:46:38+00:00\" \/>\n<meta property=\"og:image\" content=\"https:\/\/www.pressenza.com\/wp-content\/uploads\/2021\/06\/donde-estan.jpg\" \/>\n\t<meta property=\"og:image:width\" content=\"1920\" \/>\n\t<meta property=\"og:image:height\" content=\"1280\" \/>\n\t<meta property=\"og:image:type\" content=\"image\/jpeg\" \/>\n<meta name=\"author\" content=\"Juan Pablo C\u00e1rdenas\" \/>\n<meta name=\"twitter:card\" content=\"summary_large_image\" \/>\n<meta name=\"twitter:creator\" content=\"@PressenzaIPA\" \/>\n<meta name=\"twitter:site\" content=\"@PressenzaIPA\" \/>\n<meta name=\"twitter:label1\" content=\"Escrito por\" \/>\n\t<meta name=\"twitter:data1\" content=\"Juan Pablo C\u00e1rdenas\" \/>\n\t<meta name=\"twitter:label2\" content=\"Tiempo de lectura\" \/>\n\t<meta name=\"twitter:data2\" content=\"5 minutos\" \/>\n<script type=\"application\/ld+json\" class=\"yoast-schema-graph\">{\"@context\":\"https:\/\/schema.org\",\"@graph\":[{\"@type\":\"Article\",\"@id\":\"https:\/\/www.pressenza.com\/es\/2021\/06\/los-derechos-humanos-de-la-boca-para-fuera\/#article\",\"isPartOf\":{\"@id\":\"https:\/\/www.pressenza.com\/es\/2021\/06\/los-derechos-humanos-de-la-boca-para-fuera\/\"},\"author\":{\"name\":\"Juan Pablo C\u00e1rdenas\",\"@id\":\"https:\/\/www.pressenza.com\/es\/#\/schema\/person\/d72a7c8c014dcbfa2ef9e9976103ea0d\"},\"headline\":\"Los Derechos Humanos de la boca para fuera\",\"datePublished\":\"2021-06-27T16:46:38+00:00\",\"mainEntityOfPage\":{\"@id\":\"https:\/\/www.pressenza.com\/es\/2021\/06\/los-derechos-humanos-de-la-boca-para-fuera\/\"},\"wordCount\":1056,\"publisher\":{\"@id\":\"https:\/\/www.pressenza.com\/es\/#organization\"},\"image\":{\"@id\":\"https:\/\/www.pressenza.com\/es\/2021\/06\/los-derechos-humanos-de-la-boca-para-fuera\/#primaryimage\"},\"thumbnailUrl\":\"https:\/\/www.pressenza.com\/wp-content\/uploads\/2021\/06\/donde-estan.jpg\",\"keywords\":[\"Chile\",\"Derechos humanos\",\"elecciones\"],\"articleSection\":[\"Contenido Original\",\"Derechos Humanos\",\"Opiniones\",\"Sudam\u00e9rica\"],\"inLanguage\":\"es\"},{\"@type\":\"WebPage\",\"@id\":\"https:\/\/www.pressenza.com\/es\/2021\/06\/los-derechos-humanos-de-la-boca-para-fuera\/\",\"url\":\"https:\/\/www.pressenza.com\/es\/2021\/06\/los-derechos-humanos-de-la-boca-para-fuera\/\",\"name\":\"Los Derechos Humanos de la boca para fuera\",\"isPartOf\":{\"@id\":\"https:\/\/www.pressenza.com\/es\/#website\"},\"primaryImageOfPage\":{\"@id\":\"https:\/\/www.pressenza.com\/es\/2021\/06\/los-derechos-humanos-de-la-boca-para-fuera\/#primaryimage\"},\"image\":{\"@id\":\"https:\/\/www.pressenza.com\/es\/2021\/06\/los-derechos-humanos-de-la-boca-para-fuera\/#primaryimage\"},\"thumbnailUrl\":\"https:\/\/www.pressenza.com\/wp-content\/uploads\/2021\/06\/donde-estan.jpg\",\"datePublished\":\"2021-06-27T16:46:38+00:00\",\"description\":\"En sus primeros debates televisados, los precandidatos presidenciales chilenos no pudieron soslayar el tema de los Derechos Humanos. Imposible resulta\",\"breadcrumb\":{\"@id\":\"https:\/\/www.pressenza.com\/es\/2021\/06\/los-derechos-humanos-de-la-boca-para-fuera\/#breadcrumb\"},\"inLanguage\":\"es\",\"potentialAction\":[{\"@type\":\"ReadAction\",\"target\":[\"https:\/\/www.pressenza.com\/es\/2021\/06\/los-derechos-humanos-de-la-boca-para-fuera\/\"]}]},{\"@type\":\"ImageObject\",\"inLanguage\":\"es\",\"@id\":\"https:\/\/www.pressenza.com\/es\/2021\/06\/los-derechos-humanos-de-la-boca-para-fuera\/#primaryimage\",\"url\":\"https:\/\/www.pressenza.com\/wp-content\/uploads\/2021\/06\/donde-estan.jpg\",\"contentUrl\":\"https:\/\/www.pressenza.com\/wp-content\/uploads\/2021\/06\/donde-estan.jpg\",\"width\":1920,\"height\":1280,\"caption\":\"Claudia Aranda\"},{\"@type\":\"BreadcrumbList\",\"@id\":\"https:\/\/www.pressenza.com\/es\/2021\/06\/los-derechos-humanos-de-la-boca-para-fuera\/#breadcrumb\",\"itemListElement\":[{\"@type\":\"ListItem\",\"position\":1,\"name\":\"Accueil\",\"item\":\"https:\/\/www.pressenza.com\/es\/\"},{\"@type\":\"ListItem\",\"position\":2,\"name\":\"Los Derechos Humanos de la boca para fuera\"}]},{\"@type\":\"WebSite\",\"@id\":\"https:\/\/www.pressenza.com\/es\/#website\",\"url\":\"https:\/\/www.pressenza.com\/es\/\",\"name\":\"Pressenza\",\"description\":\"International Press Agency\",\"publisher\":{\"@id\":\"https:\/\/www.pressenza.com\/es\/#organization\"},\"potentialAction\":[{\"@type\":\"SearchAction\",\"target\":{\"@type\":\"EntryPoint\",\"urlTemplate\":\"https:\/\/www.pressenza.com\/es\/?s={search_term_string}\"},\"query-input\":{\"@type\":\"PropertyValueSpecification\",\"valueRequired\":true,\"valueName\":\"search_term_string\"}}],\"inLanguage\":\"es\"},{\"@type\":\"Organization\",\"@id\":\"https:\/\/www.pressenza.com\/es\/#organization\",\"name\":\"Pressenza\",\"url\":\"https:\/\/www.pressenza.com\/es\/\",\"logo\":{\"@type\":\"ImageObject\",\"inLanguage\":\"es\",\"@id\":\"https:\/\/www.pressenza.com\/es\/#\/schema\/logo\/image\/\",\"url\":\"https:\/\/www.pressenza.com\/wp-content\/uploads\/2022\/10\/pressenza_logo_200x200.jpg\",\"contentUrl\":\"https:\/\/www.pressenza.com\/wp-content\/uploads\/2022\/10\/pressenza_logo_200x200.jpg\",\"width\":200,\"height\":200,\"caption\":\"Pressenza\"},\"image\":{\"@id\":\"https:\/\/www.pressenza.com\/es\/#\/schema\/logo\/image\/\"},\"sameAs\":[\"https:\/\/www.facebook.com\/PressenzaItalia\",\"https:\/\/x.com\/PressenzaIPA\"]},{\"@type\":\"Person\",\"@id\":\"https:\/\/www.pressenza.com\/es\/#\/schema\/person\/d72a7c8c014dcbfa2ef9e9976103ea0d\",\"name\":\"Juan Pablo C\u00e1rdenas\",\"description\":\"Juan Pablo C\u00e1rdenas Squella es un periodista y profesor universitario de vasta trayectoria. En el 2005 recibi\u00f3 en premio nacional de Periodismo y, antes, la Pluma de Oro de la Libertad, otorgada por la Federaci\u00f3n Mundial de la Prensa. Tambi\u00e9n obtuvo el Premio Latinoamericano de Periodismo, la Houten Camara de Holanda (1989) entre otras m\u00faltiples distinciones nacionales y extranjeras. Forma parte de los sesenta periodistas del mundo considerados H\u00e9roes de la Libertad de Expresi\u00f3n, reconocimiento hecho por la Federaci\u00f3n Internacional de Periodistas. Ha sido director y columnista de las revistas Debate Universitario, An\u00e1lisis y Los Tiempos, as\u00ed como del diario electr\u00f3nico primeral\u00ednea.cl. Tambi\u00e9n fue por m\u00e1s 18 a\u00f1os director de la Radio Universidad de Chile y de su diario digital. Se ha desempe\u00f1ado como profesor de varias escuelas de periodismo de Santiago y Valpara\u00edso y en la Universidad de Chile alcanz\u00f3 el grado de profesor titular y senador universitario.\",\"url\":\"https:\/\/www.pressenza.com\/es\/author\/juan-pablo-cardenas\/\"}]}<\/script>\n<!-- \/ Yoast SEO plugin. -->","yoast_head_json":{"title":"Los Derechos Humanos de la boca para fuera","description":"En sus primeros debates televisados, los precandidatos presidenciales chilenos no pudieron soslayar el tema de los Derechos Humanos. Imposible resulta","robots":{"index":"index","follow":"follow","max-snippet":"max-snippet:-1","max-image-preview":"max-image-preview:large","max-video-preview":"max-video-preview:-1"},"canonical":"https:\/\/www.pressenza.com\/es\/2021\/06\/los-derechos-humanos-de-la-boca-para-fuera\/","og_locale":"es_ES","og_type":"article","og_title":"Los Derechos Humanos de la boca para fuera","og_description":"En sus primeros debates televisados, los precandidatos presidenciales chilenos no pudieron soslayar el tema de los Derechos Humanos. Imposible resulta","og_url":"https:\/\/www.pressenza.com\/es\/2021\/06\/los-derechos-humanos-de-la-boca-para-fuera\/","og_site_name":"Pressenza","article_publisher":"https:\/\/www.facebook.com\/PressenzaItalia","article_published_time":"2021-06-27T16:46:38+00:00","og_image":[{"width":1920,"height":1280,"url":"https:\/\/www.pressenza.com\/wp-content\/uploads\/2021\/06\/donde-estan.jpg","type":"image\/jpeg"}],"author":"Juan Pablo C\u00e1rdenas","twitter_card":"summary_large_image","twitter_creator":"@PressenzaIPA","twitter_site":"@PressenzaIPA","twitter_misc":{"Escrito por":"Juan Pablo C\u00e1rdenas","Tiempo de lectura":"5 minutos"},"schema":{"@context":"https:\/\/schema.org","@graph":[{"@type":"Article","@id":"https:\/\/www.pressenza.com\/es\/2021\/06\/los-derechos-humanos-de-la-boca-para-fuera\/#article","isPartOf":{"@id":"https:\/\/www.pressenza.com\/es\/2021\/06\/los-derechos-humanos-de-la-boca-para-fuera\/"},"author":{"name":"Juan Pablo C\u00e1rdenas","@id":"https:\/\/www.pressenza.com\/es\/#\/schema\/person\/d72a7c8c014dcbfa2ef9e9976103ea0d"},"headline":"Los Derechos Humanos de la boca para fuera","datePublished":"2021-06-27T16:46:38+00:00","mainEntityOfPage":{"@id":"https:\/\/www.pressenza.com\/es\/2021\/06\/los-derechos-humanos-de-la-boca-para-fuera\/"},"wordCount":1056,"publisher":{"@id":"https:\/\/www.pressenza.com\/es\/#organization"},"image":{"@id":"https:\/\/www.pressenza.com\/es\/2021\/06\/los-derechos-humanos-de-la-boca-para-fuera\/#primaryimage"},"thumbnailUrl":"https:\/\/www.pressenza.com\/wp-content\/uploads\/2021\/06\/donde-estan.jpg","keywords":["Chile","Derechos humanos","elecciones"],"articleSection":["Contenido Original","Derechos Humanos","Opiniones","Sudam\u00e9rica"],"inLanguage":"es"},{"@type":"WebPage","@id":"https:\/\/www.pressenza.com\/es\/2021\/06\/los-derechos-humanos-de-la-boca-para-fuera\/","url":"https:\/\/www.pressenza.com\/es\/2021\/06\/los-derechos-humanos-de-la-boca-para-fuera\/","name":"Los Derechos Humanos de la boca para fuera","isPartOf":{"@id":"https:\/\/www.pressenza.com\/es\/#website"},"primaryImageOfPage":{"@id":"https:\/\/www.pressenza.com\/es\/2021\/06\/los-derechos-humanos-de-la-boca-para-fuera\/#primaryimage"},"image":{"@id":"https:\/\/www.pressenza.com\/es\/2021\/06\/los-derechos-humanos-de-la-boca-para-fuera\/#primaryimage"},"thumbnailUrl":"https:\/\/www.pressenza.com\/wp-content\/uploads\/2021\/06\/donde-estan.jpg","datePublished":"2021-06-27T16:46:38+00:00","description":"En sus primeros debates televisados, los precandidatos presidenciales chilenos no pudieron soslayar el tema de los Derechos Humanos. Imposible resulta","breadcrumb":{"@id":"https:\/\/www.pressenza.com\/es\/2021\/06\/los-derechos-humanos-de-la-boca-para-fuera\/#breadcrumb"},"inLanguage":"es","potentialAction":[{"@type":"ReadAction","target":["https:\/\/www.pressenza.com\/es\/2021\/06\/los-derechos-humanos-de-la-boca-para-fuera\/"]}]},{"@type":"ImageObject","inLanguage":"es","@id":"https:\/\/www.pressenza.com\/es\/2021\/06\/los-derechos-humanos-de-la-boca-para-fuera\/#primaryimage","url":"https:\/\/www.pressenza.com\/wp-content\/uploads\/2021\/06\/donde-estan.jpg","contentUrl":"https:\/\/www.pressenza.com\/wp-content\/uploads\/2021\/06\/donde-estan.jpg","width":1920,"height":1280,"caption":"Claudia Aranda"},{"@type":"BreadcrumbList","@id":"https:\/\/www.pressenza.com\/es\/2021\/06\/los-derechos-humanos-de-la-boca-para-fuera\/#breadcrumb","itemListElement":[{"@type":"ListItem","position":1,"name":"Accueil","item":"https:\/\/www.pressenza.com\/es\/"},{"@type":"ListItem","position":2,"name":"Los Derechos Humanos de la boca para fuera"}]},{"@type":"WebSite","@id":"https:\/\/www.pressenza.com\/es\/#website","url":"https:\/\/www.pressenza.com\/es\/","name":"Pressenza","description":"International Press Agency","publisher":{"@id":"https:\/\/www.pressenza.com\/es\/#organization"},"potentialAction":[{"@type":"SearchAction","target":{"@type":"EntryPoint","urlTemplate":"https:\/\/www.pressenza.com\/es\/?s={search_term_string}"},"query-input":{"@type":"PropertyValueSpecification","valueRequired":true,"valueName":"search_term_string"}}],"inLanguage":"es"},{"@type":"Organization","@id":"https:\/\/www.pressenza.com\/es\/#organization","name":"Pressenza","url":"https:\/\/www.pressenza.com\/es\/","logo":{"@type":"ImageObject","inLanguage":"es","@id":"https:\/\/www.pressenza.com\/es\/#\/schema\/logo\/image\/","url":"https:\/\/www.pressenza.com\/wp-content\/uploads\/2022\/10\/pressenza_logo_200x200.jpg","contentUrl":"https:\/\/www.pressenza.com\/wp-content\/uploads\/2022\/10\/pressenza_logo_200x200.jpg","width":200,"height":200,"caption":"Pressenza"},"image":{"@id":"https:\/\/www.pressenza.com\/es\/#\/schema\/logo\/image\/"},"sameAs":["https:\/\/www.facebook.com\/PressenzaItalia","https:\/\/x.com\/PressenzaIPA"]},{"@type":"Person","@id":"https:\/\/www.pressenza.com\/es\/#\/schema\/person\/d72a7c8c014dcbfa2ef9e9976103ea0d","name":"Juan Pablo C\u00e1rdenas","description":"Juan Pablo C\u00e1rdenas Squella es un periodista y profesor universitario de vasta trayectoria. En el 2005 recibi\u00f3 en premio nacional de Periodismo y, antes, la Pluma de Oro de la Libertad, otorgada por la Federaci\u00f3n Mundial de la Prensa. Tambi\u00e9n obtuvo el Premio Latinoamericano de Periodismo, la Houten Camara de Holanda (1989) entre otras m\u00faltiples distinciones nacionales y extranjeras. Forma parte de los sesenta periodistas del mundo considerados H\u00e9roes de la Libertad de Expresi\u00f3n, reconocimiento hecho por la Federaci\u00f3n Internacional de Periodistas. Ha sido director y columnista de las revistas Debate Universitario, An\u00e1lisis y Los Tiempos, as\u00ed como del diario electr\u00f3nico primeral\u00ednea.cl. Tambi\u00e9n fue por m\u00e1s 18 a\u00f1os director de la Radio Universidad de Chile y de su diario digital. Se ha desempe\u00f1ado como profesor de varias escuelas de periodismo de Santiago y Valpara\u00edso y en la Universidad de Chile alcanz\u00f3 el grado de profesor titular y senador universitario.","url":"https:\/\/www.pressenza.com\/es\/author\/juan-pablo-cardenas\/"}]}},"place":"Santiago de Chile","original_article_url":"","_links":{"self":[{"href":"https:\/\/www.pressenza.com\/es\/wp-json\/wp\/v2\/posts\/1387797","targetHints":{"allow":["GET"]}}],"collection":[{"href":"https:\/\/www.pressenza.com\/es\/wp-json\/wp\/v2\/posts"}],"about":[{"href":"https:\/\/www.pressenza.com\/es\/wp-json\/wp\/v2\/types\/post"}],"author":[{"embeddable":true,"href":"https:\/\/www.pressenza.com\/es\/wp-json\/wp\/v2\/users\/1739"}],"replies":[{"embeddable":true,"href":"https:\/\/www.pressenza.com\/es\/wp-json\/wp\/v2\/comments?post=1387797"}],"version-history":[{"count":0,"href":"https:\/\/www.pressenza.com\/es\/wp-json\/wp\/v2\/posts\/1387797\/revisions"}],"wp:featuredmedia":[{"embeddable":true,"href":"https:\/\/www.pressenza.com\/es\/wp-json\/wp\/v2\/media\/1387799"}],"wp:attachment":[{"href":"https:\/\/www.pressenza.com\/es\/wp-json\/wp\/v2\/media?parent=1387797"}],"wp:term":[{"taxonomy":"category","embeddable":true,"href":"https:\/\/www.pressenza.com\/es\/wp-json\/wp\/v2\/categories?post=1387797"},{"taxonomy":"post_tag","embeddable":true,"href":"https:\/\/www.pressenza.com\/es\/wp-json\/wp\/v2\/tags?post=1387797"}],"curies":[{"name":"wp","href":"https:\/\/api.w.org\/{rel}","templated":true}]}}