{"id":1386702,"date":"2021-06-26T16:23:46","date_gmt":"2021-06-26T15:23:46","guid":{"rendered":"https:\/\/www.pressenza.com\/?p=1386702"},"modified":"2021-06-26T16:23:46","modified_gmt":"2021-06-26T15:23:46","slug":"el-hambre-una-pandemia-olvidada","status":"publish","type":"post","link":"https:\/\/www.pressenza.com\/es\/2021\/06\/el-hambre-una-pandemia-olvidada\/","title":{"rendered":"El hambre: una pandemia olvidada"},"content":{"rendered":"<p>Todos en alg\u00fan momento hemos sentido en nuestro paladar y dentro de nuestro aparato digestivo, esas ganas de comer, de la necesidad\u00a0 de tomar alimentos para que nos den energ\u00edas y continuar con nuestra vida apaciblemente hasta que de nuevo las necesidades de nuestro cerebro nos llamen para sentarnos nuevamente a la mesa. Es una rutina y a su vez una necesidad imperiosa que todos los seres vivos tenemos para poder subsistir en un mundo rodeado de tierras movedizas y de ilusiones perdidas, de alegr\u00edas poderosas que hacen estremecer nuestro propio ser. Pero sin embargo, cientos de\u00a0 millones de personas no comen lo que necesitan y sus cuerpos d\u00e9biles se hunden en la tristeza solitaria de un mundo insolidario que han aprendido fielmente la lecci\u00f3n desafortunada de Darwin llevada a la econom\u00eda \u201cel fuerte se come al d\u00e9bil\u201d en su teor\u00eda de la Selecci\u00f3n Natural.<\/p>\n<p>Sin embargo hay comida suficiente en la Tierra para alimentar a todos sus habitantes y para cuatro o cinco mil millones m\u00e1s. Entonces..\u00bf<a href=\"https:\/\/www.bread.org\/es\/que-causa-el-hambre\">Por qu\u00e9 millones de personas est\u00e1n muriendo de hambre y de enfermedades derivadas de la desnutrici\u00f3n?<\/a> \u00bfPor qu\u00e9 se permite este genocidio humano sin que los organismos internacionales intervengan? \u00bfPor qu\u00e9 por mucho que se ayude a los pa\u00edses donde la hambruna hace estragos en la poblaci\u00f3n civil, el hambre sigue siendo una plaga que mata y corroe al ser humano? \u00bfQu\u00e9 hacen los gobiernos de los pa\u00edses en los que sus ciudadanos con ojos hinchados abandonan sus vidas por falta de alimento? \u00bfQu\u00e9 justificaci\u00f3n tiene el ser humano, los gobiernos, para permitir que esto ocurra? Por muchas ONGs que existan, el hambre seguir\u00e1 matando por millones, porque el problema no es la falta de recursos alimenticios, sino el fracaso insistente, brutal y desvergonzado de una civilizaci\u00f3n. El problema es pol\u00edtico y mientras los pol\u00edticos no pongan fin \u00a0a estos asesinatos premeditados que tienen como consecuencia <a href=\"https:\/\/www.ohchr.org\/Documents\/Issues\/Food\/BN2_SRRTF_Speculation_SPANISH.pdf\">efecto la especulaci\u00f3n y el comercio de los alimentos a nivel mundial<\/a>, seguiremos teniendo campos de refugiados donde un solo mendrugo de pan duro es la diferencia entre la vida y la muerte.<\/p>\n<p>Hay muy pocos libros que describen tan claramente la crueldad del hambre, como el escrito por Mart\u00edn Caparr\u00f3s, argentino y que ha viajado a los n\u00facleos principales de la pobreza y el hambre, destapando al verdadero responsable de millones de muertos en el mundo por hambre \u201cel pol\u00edtico\u201d. Su libro que se titula precisamente <a href=\"https:\/\/www.anagrama-ed.es\/libro\/argumentos\/el-hambre\/9788433963772\/EB_355\">\u201cEL HAMBRE\u201d,<\/a> es un canto a la desesperaci\u00f3n, la pobreza, la humillaci\u00f3n y muerte de millones de personas que no pueden comer lo necesario para subsistir, es una visi\u00f3n nueva que nos indica a los responsables de estos genocidios y que no son otros que los pol\u00edticos que permiten las especulaciones con los alimentos b\u00e1sicos de subsistencia; los que permiten que millones de hect\u00e1reas sean cultivadas solamente para mantener animales que dan de comer a una \u00ednfima parte de la poblaci\u00f3n mundial; que bloquean el comercio de miles de productos para que no sean competitivos en el comercio mundial aumentando la pobreza y destruyendo el comercio interno de los pa\u00edses emergentes; que utilizan millones de hect\u00e1reas de ma\u00edz, ca\u00f1as de az\u00facar, soja y otras semillas de alto valor energ\u00e9tico como destino a biocombustibles dentro del sector de transporte; que permiten patentar todo tipo de semillas y que las grandes multinacionales se hagan due\u00f1as de la alimentaci\u00f3n mundial arruinando a los agricultores de todo el mundo hasta coinvertirlos en sus esclavos; que violan las constituciones en su ignorancia a la hora de defender y proteger al ciudadano de estos b\u00e1rbaros culpables de asesinatos en masa; que no dictan leyes para la protecci\u00f3n de la soberan\u00eda alimentar\u00eda; que muchos de ellos corruptos permiten que en sus pa\u00edses se cometan estos abusos por parte de multinacionales del poder y de Bancos Internacionales que solo saben buscar un beneficio acosta de millones de muertos. Pero claro, el poder econ\u00f3mico opt\u00f3 abiertamente por lo inducido por Darwin: el fuerte se come al d\u00e9bil.<\/p>\n<p>Ya lo <a href=\"https:\/\/chequeado.com\/ultimas-noticias\/caparros-qse-producen-alimentos-para-12-mil-millones-de-personas-y-somos-7-milq\/\">dijo Jean Ziegler, el que fue relator especial de las Naciones Unidas<\/a> para el derecho a la Alimentaci\u00f3n: <em>\u201cla destrucci\u00f3n, cada a\u00f1o, de decenas de millones de hombres, de mujeres y chicos por el hambre constituye el esc\u00e1ndalo de nuestro siglo. Cada cinco segundos un chico de menos de diez a\u00f1os se muere de hambre, en un planeta que, sin embargo, rebosa de riquezas. En su estado actual, la agricultura mundial podr\u00eda alimentar sin problemas a 12.000 millones de \u00a0seres humanos, casi dos veces la poblaci\u00f3n actual. As\u00ed que no es una fatalidad. Un chico que se muere\u00a0 de hambre es un chico asesinado<\/em>\u201d. Y esta es la pura realidad en un mundo tan globalizado por el poder econ\u00f3mico, que la vida s\u00f3lo es una miseria si puede redundar en beneficios a los poderes f\u00e1cticos de nuestro planeta.<\/p>\n<p>Las multinacionales tratan de mantener lo que se llama \u201ccontrol total de la cadena alimentaria\u201d. Las grandes corporaciones como nos relata Mart\u00edn Caparr\u00f3s en su libro, controlan el mercado mundial y la mayor\u00eda de los mercados nacionales. Como son compradores casi monop\u00f3licos pueden fijar precios muchos menores\u00a0 que los que los productores\u00a0 podr\u00edan esperar si hubiera m\u00e1s competencia para sus alimentos. Pero si el precio global de los alimentos sube, sus beneficios suben de muchas maneras diferentes, usando informaci\u00f3n privilegiada , retienen stocks enormes, compran\u00a0 donde est\u00e1 barato\u00a0 y venden donde est\u00e1 m\u00e1s caro, definen los precios globales, producen aumentos\u00a0 y descensos temporales de esos precios, aplastan\u00a0 a productores locales\u00a0 con precios insostenibles , estiran la ganancia de sus puertos y flotas y dep\u00f3sitos, presionan a los gobiernos para conseguir mejores\u00a0 condiciones\u00a0 o medidas que los favorecen, negocian fortunas en los mercados\u00a0 especulativos, para garantizar sus operaciones con mercader\u00eda real.<\/p>\n<p>Esta es la triste historia del hambre, un jinete del apocalipsis que siempre nos lo han pintado como una existencia casual y es sin embargo un asesinato consentido del capitalismo brutal y sin sentido. \u00bfQui\u00e9n lo permite? Los de siempre, los pol\u00edticos que no han sabido hacerse con el control del bienestar mundial de todas las poblaciones y se han dejado embaucar en muchos lugares por la corrupci\u00f3n, el amiguismo, los intereses, la ambici\u00f3n, el poder&#8230;<\/p>\n<p>En 2008, los Estados ricos gastaron fortunas enormes para salvar a sus bancos y sus m\u00e1s ricos, mientras condenaban a vidas peores (sin ahorros, sin casas, sin trabajo) a muchos de sus ciudadanos. En junio de 2008, cuando millones de personas ped\u00edan comida\u00a0 en las calles de decenas de pa\u00edses, cuando los desnutridos\u00a0 del mundo llegaban\u00a0 por primera vez en la historia a la cifra\u00a0 de mil millones, los participantes de una cumbre de la FAO proclamaron una vez m\u00e1s\u00a0 que 30.000 millones de d\u00f3lares por a\u00f1o durante seis a\u00f1os, solucionar\u00eda lo m\u00e1s urgente del hambre mundial. Y sin embargo, como denuncia Caparr\u00f3s, sorprende que los gobiernos\u00a0 se gasten fortunas con dinero p\u00fablico en el rescate\u00a0 de los grandes bancos y no se gasten cantidades un tanto m\u00e1s modestas\u00a0 en el rescate de los hambrientos. El 11 de septiembre de 2001, en Nueva York, casi 3.000 personas murieron a causa de dos ataques a\u00e9reos. Ese mismo d\u00eda 25.000 personas murieron por causas relacionadas con el hambre. Y al otro d\u00eda otras tantas, y al otro. Mart\u00edn termina diciendo que las muertes de Nueva York sirvieron para que los grandes poderes pol\u00edticos del mundo justificaran un aumento exponencial del control social y la represi\u00f3n. Las otras vidas no sirven aparentemente para nada.<\/p>\n<p>El hambre no es una causa que se pueda combatir llevando alimentos o donando enormes cantidades de dinero que muchas veces no llega a su destino. El hambre se lucha mediante leyes y prohibiciones a las especulaciones alimentarias, protegiendo los cultivos y las semillas, controlando el mercado mundial para que sea justo y equitativo, evitando el negocio y castigando a todas las multinacionales que retienen los alimentos para la subida de su precio. El hambre se lucha por v\u00eda pol\u00edtica, con dignidad, con respeto a la soberan\u00eda alimentar\u00eda e impidiendo la apropiaci\u00f3n de la alimentaci\u00f3n mundial por manos de empresas internacionales que solo buscan su beneficio.<\/p>\n<p>La pol\u00edtica debe dar un cambio de 180 grados y concentrarse en el bienestar de una sociedad que pueda vivir en paz, sin sobresaltos, con servidores de lo p\u00fablico que lleven en su coraz\u00f3n las manos limpias. La pol\u00edtica es la causante de todas las desgracias humanas. De la guerra, del hambre, de la pobreza, de las enfermedades que podr\u00edan evitarse al vivir en un medio limpio y sano, de los miles de productos qu\u00edmicos cancerosos que diariamente salen al mercado sin ning\u00fan tipo de control, de la inmigraci\u00f3n, de las aguas contaminadas, del cambio clim\u00e1tico originado por pol\u00edticas nefastas. De ah\u00ed la importancia del pol\u00edtico y la importancia de quien le alije para que cumpla \u00a0el sue\u00f1o dorado de todos los ciudadanos: un mundo lleno de Bienestar y amor.<\/p>\n<p>\u00bfEs ut\u00f3pico? Por el momento s\u00ed, aunque ser\u00eda lo ideal y por ello, el hambre que es el tema que nos ocupa hoy, acampa a sus anchas. Mientras ellos mueren, otros se enriquecen, tienen m\u00e1s poder para seguir destruyendo, para seguir asesinando sin compasi\u00f3n, especulando con la vida y justificado por esa maldita selecci\u00f3n natural de Darwin que ha entrado de lleno en el terreno econ\u00f3mico y que sirve de justificaci\u00f3n en un mundo que avanza hacia el exterminio por nuestra propia ambici\u00f3n.<\/p>\n<p>Libros como el escrito por Mart\u00edn Caparr\u00f3s, deber\u00eda ser de obligada lectura en los institutos y universidades, donde la juventud se encuentra en plena ense\u00f1anza y que se supone relevar\u00e1n a los que hoy mal dirigen los pasos de la humanidad. Pero ellos tambi\u00e9n se est\u00e1n formando por desgracia entre unas paredes irreales, donde muchos de los valores se han perdido y donde seguir\u00e1n posiblemente los mismos patrones aprendidos de sus maestros, la misma ruta que nos llevara hacia el abismo de lo impensable.<\/p>\n<p>El hambre no es un producto adquirido, un mal que nos ha ca\u00eddo a la humanidad o una enfermedad que se evita con voluntarios y donaciones. El hambre es un acto cruento, es un asesinato de masas permitido por los pa\u00edses, por sus pol\u00edticos, por la inexistencia de leyes que persigan a los especuladores de la soberan\u00eda alimentaria. El hambre es un pecado cometido por todos nosotros que solo se soluciona con leyes y una pol\u00edtica ejercida por hombres y mujeres, pol\u00edticos comprometidos,\u00a0 que puedan sin duda acabar con la desnutrici\u00f3n en el mundo.<\/p>\n<p>Pocas esperanzas tengo de que esto cambie, que los pol\u00edticos ejerzan el control del poder econ\u00f3mico y de las multinacionales para acabar con el atropello de tantas maldades que acaparan al ser humano. La raz\u00f3n nunca ha sido el camino elegido en la historia de la humanidad. Siempre puede existir un hilo de anhelo, de ilusi\u00f3n. A\u00fan queda una peque\u00f1a luz que podemos alcanzar, capturarla y atraerla hacia nuestra morada que cada vez m\u00e1s se est\u00e1 quedando en tinieblas. \u00a0Todo depende de nuestra voluntad, de la tuya, de la m\u00eda, de la esperanza y del cambio de rumbo de nuestras vidas.<\/p>\n","protected":false},"excerpt":{"rendered":"<p>Todos en alg\u00fan momento hemos sentido en nuestro paladar y dentro de nuestro aparato digestivo, esas ganas de comer, de la necesidad\u00a0 de tomar alimentos para que nos den energ\u00edas y continuar con nuestra vida apaciblemente hasta que de nuevo&hellip;<\/p>\n","protected":false},"author":2023,"featured_media":1386703,"comment_status":"closed","ping_status":"closed","sticky":false,"template":"","format":"standard","meta":{"footnotes":""},"categories":[11389,79,39,161],"tags":[26749,3566,74492],"class_list":["post-1386702","post","type-post","status-publish","format-standard","has-post-thumbnail","hentry","category-contenido-original","category-derechos-humanos","category-internacional","category-opiniones","tag-desigualdad-social","tag-justicia-social","tag-pandemias"],"yoast_head":"<!-- This site is optimized with the Yoast SEO plugin v27.1.1 - https:\/\/yoast.com\/product\/yoast-seo-wordpress\/ -->\n<title>El hambre: una pandemia olvidada<\/title>\n<meta name=\"description\" content=\"Todos en alg\u00fan momento hemos sentido en nuestro paladar y dentro de nuestro aparato digestivo, esas ganas de comer, de la necesidad\u00a0 de tomar alimentos\" \/>\n<meta name=\"robots\" content=\"index, follow, max-snippet:-1, max-image-preview:large, max-video-preview:-1\" \/>\n<link rel=\"canonical\" href=\"https:\/\/www.pressenza.com\/es\/2021\/06\/el-hambre-una-pandemia-olvidada\/\" \/>\n<meta property=\"og:locale\" content=\"es_ES\" \/>\n<meta property=\"og:type\" content=\"article\" \/>\n<meta property=\"og:title\" content=\"El hambre: una pandemia olvidada\" \/>\n<meta property=\"og:description\" content=\"Todos en alg\u00fan momento hemos sentido en nuestro paladar y dentro de nuestro aparato digestivo, esas ganas de comer, de la necesidad\u00a0 de tomar alimentos\" \/>\n<meta property=\"og:url\" content=\"https:\/\/www.pressenza.com\/es\/2021\/06\/el-hambre-una-pandemia-olvidada\/\" \/>\n<meta property=\"og:site_name\" content=\"Pressenza\" \/>\n<meta property=\"article:publisher\" content=\"https:\/\/www.facebook.com\/PressenzaItalia\" \/>\n<meta property=\"article:published_time\" content=\"2021-06-26T15:23:46+00:00\" \/>\n<meta property=\"og:image\" content=\"https:\/\/www.pressenza.com\/wp-content\/uploads\/2021\/06\/hambre-2.jpg\" \/>\n\t<meta property=\"og:image:width\" content=\"1920\" \/>\n\t<meta property=\"og:image:height\" content=\"1115\" \/>\n\t<meta property=\"og:image:type\" content=\"image\/jpeg\" \/>\n<meta name=\"author\" content=\"Pedro Pozas Terrados\" \/>\n<meta name=\"twitter:card\" content=\"summary_large_image\" \/>\n<meta name=\"twitter:creator\" content=\"@PressenzaIPA\" \/>\n<meta name=\"twitter:site\" content=\"@PressenzaIPA\" \/>\n<meta name=\"twitter:label1\" content=\"Escrito por\" \/>\n\t<meta name=\"twitter:data1\" content=\"Pedro Pozas Terrados\" \/>\n\t<meta name=\"twitter:label2\" content=\"Tiempo de lectura\" \/>\n\t<meta name=\"twitter:data2\" content=\"10 minutos\" \/>\n<script type=\"application\/ld+json\" class=\"yoast-schema-graph\">{\"@context\":\"https:\/\/schema.org\",\"@graph\":[{\"@type\":\"Article\",\"@id\":\"https:\/\/www.pressenza.com\/es\/2021\/06\/el-hambre-una-pandemia-olvidada\/#article\",\"isPartOf\":{\"@id\":\"https:\/\/www.pressenza.com\/es\/2021\/06\/el-hambre-una-pandemia-olvidada\/\"},\"author\":{\"name\":\"Pedro Pozas Terrados\",\"@id\":\"https:\/\/www.pressenza.com\/es\/#\/schema\/person\/3e3dc7faa4424387772733d19e115974\"},\"headline\":\"El hambre: una pandemia olvidada\",\"datePublished\":\"2021-06-26T15:23:46+00:00\",\"mainEntityOfPage\":{\"@id\":\"https:\/\/www.pressenza.com\/es\/2021\/06\/el-hambre-una-pandemia-olvidada\/\"},\"wordCount\":1965,\"publisher\":{\"@id\":\"https:\/\/www.pressenza.com\/es\/#organization\"},\"image\":{\"@id\":\"https:\/\/www.pressenza.com\/es\/2021\/06\/el-hambre-una-pandemia-olvidada\/#primaryimage\"},\"thumbnailUrl\":\"https:\/\/www.pressenza.com\/wp-content\/uploads\/2021\/06\/hambre-2.jpg\",\"keywords\":[\"desigualdad social\",\"Justicia Social\",\"pandemias\"],\"articleSection\":[\"Contenido Original\",\"Derechos Humanos\",\"Internacional\",\"Opiniones\"],\"inLanguage\":\"es\"},{\"@type\":\"WebPage\",\"@id\":\"https:\/\/www.pressenza.com\/es\/2021\/06\/el-hambre-una-pandemia-olvidada\/\",\"url\":\"https:\/\/www.pressenza.com\/es\/2021\/06\/el-hambre-una-pandemia-olvidada\/\",\"name\":\"El hambre: una pandemia olvidada\",\"isPartOf\":{\"@id\":\"https:\/\/www.pressenza.com\/es\/#website\"},\"primaryImageOfPage\":{\"@id\":\"https:\/\/www.pressenza.com\/es\/2021\/06\/el-hambre-una-pandemia-olvidada\/#primaryimage\"},\"image\":{\"@id\":\"https:\/\/www.pressenza.com\/es\/2021\/06\/el-hambre-una-pandemia-olvidada\/#primaryimage\"},\"thumbnailUrl\":\"https:\/\/www.pressenza.com\/wp-content\/uploads\/2021\/06\/hambre-2.jpg\",\"datePublished\":\"2021-06-26T15:23:46+00:00\",\"description\":\"Todos en alg\u00fan momento hemos sentido en nuestro paladar y dentro de nuestro aparato digestivo, esas ganas de comer, de la necesidad\u00a0 de tomar alimentos\",\"breadcrumb\":{\"@id\":\"https:\/\/www.pressenza.com\/es\/2021\/06\/el-hambre-una-pandemia-olvidada\/#breadcrumb\"},\"inLanguage\":\"es\",\"potentialAction\":[{\"@type\":\"ReadAction\",\"target\":[\"https:\/\/www.pressenza.com\/es\/2021\/06\/el-hambre-una-pandemia-olvidada\/\"]}]},{\"@type\":\"ImageObject\",\"inLanguage\":\"es\",\"@id\":\"https:\/\/www.pressenza.com\/es\/2021\/06\/el-hambre-una-pandemia-olvidada\/#primaryimage\",\"url\":\"https:\/\/www.pressenza.com\/wp-content\/uploads\/2021\/06\/hambre-2.jpg\",\"contentUrl\":\"https:\/\/www.pressenza.com\/wp-content\/uploads\/2021\/06\/hambre-2.jpg\",\"width\":1920,\"height\":1115},{\"@type\":\"BreadcrumbList\",\"@id\":\"https:\/\/www.pressenza.com\/es\/2021\/06\/el-hambre-una-pandemia-olvidada\/#breadcrumb\",\"itemListElement\":[{\"@type\":\"ListItem\",\"position\":1,\"name\":\"Accueil\",\"item\":\"https:\/\/www.pressenza.com\/es\/\"},{\"@type\":\"ListItem\",\"position\":2,\"name\":\"El hambre: una pandemia olvidada\"}]},{\"@type\":\"WebSite\",\"@id\":\"https:\/\/www.pressenza.com\/es\/#website\",\"url\":\"https:\/\/www.pressenza.com\/es\/\",\"name\":\"Pressenza\",\"description\":\"International Press Agency\",\"publisher\":{\"@id\":\"https:\/\/www.pressenza.com\/es\/#organization\"},\"potentialAction\":[{\"@type\":\"SearchAction\",\"target\":{\"@type\":\"EntryPoint\",\"urlTemplate\":\"https:\/\/www.pressenza.com\/es\/?s={search_term_string}\"},\"query-input\":{\"@type\":\"PropertyValueSpecification\",\"valueRequired\":true,\"valueName\":\"search_term_string\"}}],\"inLanguage\":\"es\"},{\"@type\":\"Organization\",\"@id\":\"https:\/\/www.pressenza.com\/es\/#organization\",\"name\":\"Pressenza\",\"url\":\"https:\/\/www.pressenza.com\/es\/\",\"logo\":{\"@type\":\"ImageObject\",\"inLanguage\":\"es\",\"@id\":\"https:\/\/www.pressenza.com\/es\/#\/schema\/logo\/image\/\",\"url\":\"https:\/\/www.pressenza.com\/wp-content\/uploads\/2022\/10\/pressenza_logo_200x200.jpg\",\"contentUrl\":\"https:\/\/www.pressenza.com\/wp-content\/uploads\/2022\/10\/pressenza_logo_200x200.jpg\",\"width\":200,\"height\":200,\"caption\":\"Pressenza\"},\"image\":{\"@id\":\"https:\/\/www.pressenza.com\/es\/#\/schema\/logo\/image\/\"},\"sameAs\":[\"https:\/\/www.facebook.com\/PressenzaItalia\",\"https:\/\/x.com\/PressenzaIPA\"]},{\"@type\":\"Person\",\"@id\":\"https:\/\/www.pressenza.com\/es\/#\/schema\/person\/3e3dc7faa4424387772733d19e115974\",\"name\":\"Pedro Pozas Terrados\",\"description\":\"Escritor, naturalista, poeta, amante de la vida y defensor de la madre Tierra, investigador, cr\u00edtico y aventurero Profesionalmente ha trabajado 37 a\u00f1os en la defensa del medio ambiente como funcionario del Ministerio del Interior. De forma altruista es el Director Ejecutivo del Proyecto Gran Simio, una Organizaci\u00f3n que desde hace m\u00e1s de dos d\u00e9cadas lucha por los derechos b\u00e1sicos de los grandes simios, la conservaci\u00f3n de su h\u00e1bitat y la protecci\u00f3n de los pueblos ind\u00edgenas, verdaderos guardianes de nuestro planeta. Dibujante a l\u00e1piz y acuarela, con m\u00e1s de 300 l\u00e1minas de temas naturalistas y 12 cuadernos de campo. Es autor de 13 libros y coautor de ocho m\u00e1s. Descubridor de varias cuevas, una de ellas catalogada por la Comunidad de Castilla La Mancha de inter\u00e9s hist\u00f3rico y etnogr\u00e1fico con hallazgo en la misma de inscripciones de cronolog\u00eda antigua medieval.\",\"url\":\"https:\/\/www.pressenza.com\/es\/author\/pedro-pozas-terrado\/\"}]}<\/script>\n<!-- \/ Yoast SEO plugin. -->","yoast_head_json":{"title":"El hambre: una pandemia olvidada","description":"Todos en alg\u00fan momento hemos sentido en nuestro paladar y dentro de nuestro aparato digestivo, esas ganas de comer, de la necesidad\u00a0 de tomar alimentos","robots":{"index":"index","follow":"follow","max-snippet":"max-snippet:-1","max-image-preview":"max-image-preview:large","max-video-preview":"max-video-preview:-1"},"canonical":"https:\/\/www.pressenza.com\/es\/2021\/06\/el-hambre-una-pandemia-olvidada\/","og_locale":"es_ES","og_type":"article","og_title":"El hambre: una pandemia olvidada","og_description":"Todos en alg\u00fan momento hemos sentido en nuestro paladar y dentro de nuestro aparato digestivo, esas ganas de comer, de la necesidad\u00a0 de tomar alimentos","og_url":"https:\/\/www.pressenza.com\/es\/2021\/06\/el-hambre-una-pandemia-olvidada\/","og_site_name":"Pressenza","article_publisher":"https:\/\/www.facebook.com\/PressenzaItalia","article_published_time":"2021-06-26T15:23:46+00:00","og_image":[{"width":1920,"height":1115,"url":"https:\/\/www.pressenza.com\/wp-content\/uploads\/2021\/06\/hambre-2.jpg","type":"image\/jpeg"}],"author":"Pedro Pozas Terrados","twitter_card":"summary_large_image","twitter_creator":"@PressenzaIPA","twitter_site":"@PressenzaIPA","twitter_misc":{"Escrito por":"Pedro Pozas Terrados","Tiempo de lectura":"10 minutos"},"schema":{"@context":"https:\/\/schema.org","@graph":[{"@type":"Article","@id":"https:\/\/www.pressenza.com\/es\/2021\/06\/el-hambre-una-pandemia-olvidada\/#article","isPartOf":{"@id":"https:\/\/www.pressenza.com\/es\/2021\/06\/el-hambre-una-pandemia-olvidada\/"},"author":{"name":"Pedro Pozas Terrados","@id":"https:\/\/www.pressenza.com\/es\/#\/schema\/person\/3e3dc7faa4424387772733d19e115974"},"headline":"El hambre: una pandemia olvidada","datePublished":"2021-06-26T15:23:46+00:00","mainEntityOfPage":{"@id":"https:\/\/www.pressenza.com\/es\/2021\/06\/el-hambre-una-pandemia-olvidada\/"},"wordCount":1965,"publisher":{"@id":"https:\/\/www.pressenza.com\/es\/#organization"},"image":{"@id":"https:\/\/www.pressenza.com\/es\/2021\/06\/el-hambre-una-pandemia-olvidada\/#primaryimage"},"thumbnailUrl":"https:\/\/www.pressenza.com\/wp-content\/uploads\/2021\/06\/hambre-2.jpg","keywords":["desigualdad social","Justicia Social","pandemias"],"articleSection":["Contenido Original","Derechos Humanos","Internacional","Opiniones"],"inLanguage":"es"},{"@type":"WebPage","@id":"https:\/\/www.pressenza.com\/es\/2021\/06\/el-hambre-una-pandemia-olvidada\/","url":"https:\/\/www.pressenza.com\/es\/2021\/06\/el-hambre-una-pandemia-olvidada\/","name":"El hambre: una pandemia olvidada","isPartOf":{"@id":"https:\/\/www.pressenza.com\/es\/#website"},"primaryImageOfPage":{"@id":"https:\/\/www.pressenza.com\/es\/2021\/06\/el-hambre-una-pandemia-olvidada\/#primaryimage"},"image":{"@id":"https:\/\/www.pressenza.com\/es\/2021\/06\/el-hambre-una-pandemia-olvidada\/#primaryimage"},"thumbnailUrl":"https:\/\/www.pressenza.com\/wp-content\/uploads\/2021\/06\/hambre-2.jpg","datePublished":"2021-06-26T15:23:46+00:00","description":"Todos en alg\u00fan momento hemos sentido en nuestro paladar y dentro de nuestro aparato digestivo, esas ganas de comer, de la necesidad\u00a0 de tomar alimentos","breadcrumb":{"@id":"https:\/\/www.pressenza.com\/es\/2021\/06\/el-hambre-una-pandemia-olvidada\/#breadcrumb"},"inLanguage":"es","potentialAction":[{"@type":"ReadAction","target":["https:\/\/www.pressenza.com\/es\/2021\/06\/el-hambre-una-pandemia-olvidada\/"]}]},{"@type":"ImageObject","inLanguage":"es","@id":"https:\/\/www.pressenza.com\/es\/2021\/06\/el-hambre-una-pandemia-olvidada\/#primaryimage","url":"https:\/\/www.pressenza.com\/wp-content\/uploads\/2021\/06\/hambre-2.jpg","contentUrl":"https:\/\/www.pressenza.com\/wp-content\/uploads\/2021\/06\/hambre-2.jpg","width":1920,"height":1115},{"@type":"BreadcrumbList","@id":"https:\/\/www.pressenza.com\/es\/2021\/06\/el-hambre-una-pandemia-olvidada\/#breadcrumb","itemListElement":[{"@type":"ListItem","position":1,"name":"Accueil","item":"https:\/\/www.pressenza.com\/es\/"},{"@type":"ListItem","position":2,"name":"El hambre: una pandemia olvidada"}]},{"@type":"WebSite","@id":"https:\/\/www.pressenza.com\/es\/#website","url":"https:\/\/www.pressenza.com\/es\/","name":"Pressenza","description":"International Press Agency","publisher":{"@id":"https:\/\/www.pressenza.com\/es\/#organization"},"potentialAction":[{"@type":"SearchAction","target":{"@type":"EntryPoint","urlTemplate":"https:\/\/www.pressenza.com\/es\/?s={search_term_string}"},"query-input":{"@type":"PropertyValueSpecification","valueRequired":true,"valueName":"search_term_string"}}],"inLanguage":"es"},{"@type":"Organization","@id":"https:\/\/www.pressenza.com\/es\/#organization","name":"Pressenza","url":"https:\/\/www.pressenza.com\/es\/","logo":{"@type":"ImageObject","inLanguage":"es","@id":"https:\/\/www.pressenza.com\/es\/#\/schema\/logo\/image\/","url":"https:\/\/www.pressenza.com\/wp-content\/uploads\/2022\/10\/pressenza_logo_200x200.jpg","contentUrl":"https:\/\/www.pressenza.com\/wp-content\/uploads\/2022\/10\/pressenza_logo_200x200.jpg","width":200,"height":200,"caption":"Pressenza"},"image":{"@id":"https:\/\/www.pressenza.com\/es\/#\/schema\/logo\/image\/"},"sameAs":["https:\/\/www.facebook.com\/PressenzaItalia","https:\/\/x.com\/PressenzaIPA"]},{"@type":"Person","@id":"https:\/\/www.pressenza.com\/es\/#\/schema\/person\/3e3dc7faa4424387772733d19e115974","name":"Pedro Pozas Terrados","description":"Escritor, naturalista, poeta, amante de la vida y defensor de la madre Tierra, investigador, cr\u00edtico y aventurero Profesionalmente ha trabajado 37 a\u00f1os en la defensa del medio ambiente como funcionario del Ministerio del Interior. De forma altruista es el Director Ejecutivo del Proyecto Gran Simio, una Organizaci\u00f3n que desde hace m\u00e1s de dos d\u00e9cadas lucha por los derechos b\u00e1sicos de los grandes simios, la conservaci\u00f3n de su h\u00e1bitat y la protecci\u00f3n de los pueblos ind\u00edgenas, verdaderos guardianes de nuestro planeta. Dibujante a l\u00e1piz y acuarela, con m\u00e1s de 300 l\u00e1minas de temas naturalistas y 12 cuadernos de campo. Es autor de 13 libros y coautor de ocho m\u00e1s. Descubridor de varias cuevas, una de ellas catalogada por la Comunidad de Castilla La Mancha de inter\u00e9s hist\u00f3rico y etnogr\u00e1fico con hallazgo en la misma de inscripciones de cronolog\u00eda antigua medieval.","url":"https:\/\/www.pressenza.com\/es\/author\/pedro-pozas-terrado\/"}]}},"place":"Madrid, Espa\u00f1a","original_article_url":"","_links":{"self":[{"href":"https:\/\/www.pressenza.com\/es\/wp-json\/wp\/v2\/posts\/1386702","targetHints":{"allow":["GET"]}}],"collection":[{"href":"https:\/\/www.pressenza.com\/es\/wp-json\/wp\/v2\/posts"}],"about":[{"href":"https:\/\/www.pressenza.com\/es\/wp-json\/wp\/v2\/types\/post"}],"author":[{"embeddable":true,"href":"https:\/\/www.pressenza.com\/es\/wp-json\/wp\/v2\/users\/2023"}],"replies":[{"embeddable":true,"href":"https:\/\/www.pressenza.com\/es\/wp-json\/wp\/v2\/comments?post=1386702"}],"version-history":[{"count":0,"href":"https:\/\/www.pressenza.com\/es\/wp-json\/wp\/v2\/posts\/1386702\/revisions"}],"wp:featuredmedia":[{"embeddable":true,"href":"https:\/\/www.pressenza.com\/es\/wp-json\/wp\/v2\/media\/1386703"}],"wp:attachment":[{"href":"https:\/\/www.pressenza.com\/es\/wp-json\/wp\/v2\/media?parent=1386702"}],"wp:term":[{"taxonomy":"category","embeddable":true,"href":"https:\/\/www.pressenza.com\/es\/wp-json\/wp\/v2\/categories?post=1386702"},{"taxonomy":"post_tag","embeddable":true,"href":"https:\/\/www.pressenza.com\/es\/wp-json\/wp\/v2\/tags?post=1386702"}],"curies":[{"name":"wp","href":"https:\/\/api.w.org\/{rel}","templated":true}]}}