{"id":1386,"date":"2009-09-23T00:00:00","date_gmt":"2009-09-23T00:00:00","guid":{"rendered":""},"modified":"2009-10-31T12:18:39","modified_gmt":"2009-10-31T12:18:39","slug":"xrboles-para-la-paz","status":"publish","type":"post","link":"https:\/\/www.pressenza.com\/es\/2009\/09\/xrboles-para-la-paz\/","title":{"rendered":"\u00c1rboles para la Paz"},"content":{"rendered":"<p>Por iniciativa de la Gobernaci\u00f3n del Estado de Miranda (Venezuela), el pasado 21 de septiembre, en el municipio de Los Salias, se realiz\u00f3 la siembra de los \u00e1rboles de un bosque en conmemoraci\u00f3n a la Marcha Mundial por la Paz y la No Violencia. \u00c9ste aspira a ser el primero de muchos otros bosques que ser\u00e1n plantados a futuro. En octubre y meses sucesivos se har\u00e1n otras plantaciones. <\/p>\n<p>La siembra de los \u00e1rboles fue llevada a cabo dentro de un acto, en el que participaron las autoridades del municipio, la Gobernaci\u00f3n, alumnos del colegio, miembros de distintas ONG\u2019s y representantes religiosos entre otros. El encuentro tuvo lugar dentro de un clima alegre y festivo, en el que no faltaron los discursos y la m\u00fasica.<\/p>\n<p>Esta acci\u00f3n, junto con muchas otras que en el campo ecol\u00f3gico se llevar\u00e1n a cabo en distintos pa\u00edses y tambi\u00e9n dentro del contexto de la Marcha, servir\u00e1n para compensar la huella de CO2 que el Equipo Base de la MM generar\u00e1 como consecuencia de su viaje alrededor del mundo.<\/p>\n","protected":false},"excerpt":{"rendered":"<p>Por iniciativa del Estado de Miranda (Venezuela), se ha llevado a cabo  la plantaci\u00f3n de un bosque de \u00e1rboles en conmemoraci\u00f3n de la Marcha Mundial por la Paz y la No Violencia. Esta iniciativa  ha tenido lugar el pasado 21 de septiembre y en la siembra han participado ni\u00f1os y adultos, representantes de diferentes estamentos, en un sencillo y conmovedor acto.<\/p>\n","protected":false},"author":19,"featured_media":0,"comment_status":"closed","ping_status":"open","sticky":false,"template":"","format":"standard","meta":{"footnotes":""},"categories":[76,39,67],"tags":[],"class_list":["post-1386","post","type-post","status-publish","format-standard","hentry","category-relaciones-exteriores","category-internacional","category-sudamerica"],"yoast_head":"<!-- This site is optimized with the Yoast SEO plugin v27.1.1 - https:\/\/yoast.com\/product\/yoast-seo-wordpress\/ -->\n<title>\u00c1rboles para la Paz<\/title>\n<meta name=\"description\" content=\"Por iniciativa del Estado de Miranda (Venezuela), se ha llevado a cabo la plantaci\u00f3n de un bosque de \u00e1rboles en conmemoraci\u00f3n de la Marcha Mundial por la Paz y la No Violencia. Esta iniciativa ha tenido lugar el pasado 21 de septiembre y en la siembra han participado ni\u00f1os y adultos, representantes de diferentes estamentos, en un sencillo y conmovedor acto.\" \/>\n<meta name=\"robots\" content=\"index, follow, max-snippet:-1, max-image-preview:large, max-video-preview:-1\" \/>\n<link rel=\"canonical\" href=\"https:\/\/www.pressenza.com\/es\/2009\/09\/xrboles-para-la-paz\/\" \/>\n<meta property=\"og:locale\" content=\"es_ES\" \/>\n<meta property=\"og:type\" content=\"article\" \/>\n<meta property=\"og:title\" content=\"\u00c1rboles para la Paz\" \/>\n<meta property=\"og:description\" content=\"Por iniciativa del Estado de Miranda (Venezuela), se ha llevado a cabo la plantaci\u00f3n de un bosque de \u00e1rboles en conmemoraci\u00f3n de la Marcha Mundial por la Paz y la No Violencia. Esta iniciativa ha tenido lugar el pasado 21 de septiembre y en la siembra han participado ni\u00f1os y adultos, representantes de diferentes estamentos, en un sencillo y conmovedor acto.\" \/>\n<meta property=\"og:url\" content=\"https:\/\/www.pressenza.com\/es\/2009\/09\/xrboles-para-la-paz\/\" \/>\n<meta property=\"og:site_name\" content=\"Pressenza\" \/>\n<meta property=\"article:publisher\" content=\"https:\/\/www.facebook.com\/PressenzaItalia\" \/>\n<meta property=\"article:author\" content=\"https:\/\/www.facebook.com\/pressenza\" \/>\n<meta property=\"article:published_time\" content=\"2009-09-23T00:00:00+00:00\" \/>\n<meta property=\"article:modified_time\" content=\"2009-10-31T12:18:39+00:00\" \/>\n<meta name=\"author\" content=\"Pressenza IPA\" \/>\n<meta name=\"twitter:card\" content=\"summary_large_image\" \/>\n<meta name=\"twitter:creator\" content=\"@PressenzaIPA\" \/>\n<meta name=\"twitter:site\" content=\"@PressenzaIPA\" \/>\n<meta name=\"twitter:label1\" content=\"Escrito por\" \/>\n\t<meta name=\"twitter:data1\" content=\"Pressenza IPA\" \/>\n\t<meta name=\"twitter:label2\" content=\"Tiempo de lectura\" \/>\n\t<meta name=\"twitter:data2\" content=\"1 minuto\" \/>\n<script type=\"application\/ld+json\" class=\"yoast-schema-graph\">{\"@context\":\"https:\/\/schema.org\",\"@graph\":[{\"@type\":\"Article\",\"@id\":\"https:\/\/www.pressenza.com\/es\/2009\/09\/xrboles-para-la-paz\/#article\",\"isPartOf\":{\"@id\":\"https:\/\/www.pressenza.com\/es\/2009\/09\/xrboles-para-la-paz\/\"},\"author\":{\"name\":\"Pressenza IPA\",\"@id\":\"https:\/\/www.pressenza.com\/es\/#\/schema\/person\/010e5d02bcf40965427a1289a4cc8d75\"},\"headline\":\"\u00c1rboles para la Paz\",\"datePublished\":\"2009-09-23T00:00:00+00:00\",\"dateModified\":\"2009-10-31T12:18:39+00:00\",\"mainEntityOfPage\":{\"@id\":\"https:\/\/www.pressenza.com\/es\/2009\/09\/xrboles-para-la-paz\/\"},\"wordCount\":189,\"publisher\":{\"@id\":\"https:\/\/www.pressenza.com\/es\/#organization\"},\"articleSection\":[\"Asuntos internacionales\",\"Internacional\",\"Sudam\u00e9rica\"],\"inLanguage\":\"es\"},{\"@type\":\"WebPage\",\"@id\":\"https:\/\/www.pressenza.com\/es\/2009\/09\/xrboles-para-la-paz\/\",\"url\":\"https:\/\/www.pressenza.com\/es\/2009\/09\/xrboles-para-la-paz\/\",\"name\":\"\u00c1rboles para la Paz\",\"isPartOf\":{\"@id\":\"https:\/\/www.pressenza.com\/es\/#website\"},\"datePublished\":\"2009-09-23T00:00:00+00:00\",\"dateModified\":\"2009-10-31T12:18:39+00:00\",\"description\":\"Por iniciativa del Estado de Miranda (Venezuela), se ha llevado a cabo la plantaci\u00f3n de un bosque de \u00e1rboles en conmemoraci\u00f3n de la Marcha Mundial por la Paz y la No Violencia. Esta iniciativa ha tenido lugar el pasado 21 de septiembre y en la siembra han participado ni\u00f1os y adultos, representantes de diferentes estamentos, en un sencillo y conmovedor acto.\",\"breadcrumb\":{\"@id\":\"https:\/\/www.pressenza.com\/es\/2009\/09\/xrboles-para-la-paz\/#breadcrumb\"},\"inLanguage\":\"es\",\"potentialAction\":[{\"@type\":\"ReadAction\",\"target\":[\"https:\/\/www.pressenza.com\/es\/2009\/09\/xrboles-para-la-paz\/\"]}]},{\"@type\":\"BreadcrumbList\",\"@id\":\"https:\/\/www.pressenza.com\/es\/2009\/09\/xrboles-para-la-paz\/#breadcrumb\",\"itemListElement\":[{\"@type\":\"ListItem\",\"position\":1,\"name\":\"Accueil\",\"item\":\"https:\/\/www.pressenza.com\/es\/\"},{\"@type\":\"ListItem\",\"position\":2,\"name\":\"\u00c1rboles para la Paz\"}]},{\"@type\":\"WebSite\",\"@id\":\"https:\/\/www.pressenza.com\/es\/#website\",\"url\":\"https:\/\/www.pressenza.com\/es\/\",\"name\":\"Pressenza\",\"description\":\"International Press Agency\",\"publisher\":{\"@id\":\"https:\/\/www.pressenza.com\/es\/#organization\"},\"potentialAction\":[{\"@type\":\"SearchAction\",\"target\":{\"@type\":\"EntryPoint\",\"urlTemplate\":\"https:\/\/www.pressenza.com\/es\/?s={search_term_string}\"},\"query-input\":{\"@type\":\"PropertyValueSpecification\",\"valueRequired\":true,\"valueName\":\"search_term_string\"}}],\"inLanguage\":\"es\"},{\"@type\":\"Organization\",\"@id\":\"https:\/\/www.pressenza.com\/es\/#organization\",\"name\":\"Pressenza\",\"url\":\"https:\/\/www.pressenza.com\/es\/\",\"logo\":{\"@type\":\"ImageObject\",\"inLanguage\":\"es\",\"@id\":\"https:\/\/www.pressenza.com\/es\/#\/schema\/logo\/image\/\",\"url\":\"https:\/\/www.pressenza.com\/wp-content\/uploads\/2022\/10\/pressenza_logo_200x200.jpg\",\"contentUrl\":\"https:\/\/www.pressenza.com\/wp-content\/uploads\/2022\/10\/pressenza_logo_200x200.jpg\",\"width\":200,\"height\":200,\"caption\":\"Pressenza\"},\"image\":{\"@id\":\"https:\/\/www.pressenza.com\/es\/#\/schema\/logo\/image\/\"},\"sameAs\":[\"https:\/\/www.facebook.com\/PressenzaItalia\",\"https:\/\/x.com\/PressenzaIPA\"]},{\"@type\":\"Person\",\"@id\":\"https:\/\/www.pressenza.com\/es\/#\/schema\/person\/010e5d02bcf40965427a1289a4cc8d75\",\"name\":\"Pressenza IPA\",\"description\":\"News from Pressenza IPA correspondents\",\"sameAs\":[\"https:\/\/www.facebook.com\/pressenza\",\"https:\/\/x.com\/PressenzaIPA\"],\"url\":\"https:\/\/www.pressenza.com\/es\/author\/pressenza-ipa\/\"}]}<\/script>\n<!-- \/ Yoast SEO plugin. -->","yoast_head_json":{"title":"\u00c1rboles para la Paz","description":"Por iniciativa del Estado de Miranda (Venezuela), se ha llevado a cabo la plantaci\u00f3n de un bosque de \u00e1rboles en conmemoraci\u00f3n de la Marcha Mundial por la Paz y la No Violencia. Esta iniciativa ha tenido lugar el pasado 21 de septiembre y en la siembra han participado ni\u00f1os y adultos, representantes de diferentes estamentos, en un sencillo y conmovedor acto.","robots":{"index":"index","follow":"follow","max-snippet":"max-snippet:-1","max-image-preview":"max-image-preview:large","max-video-preview":"max-video-preview:-1"},"canonical":"https:\/\/www.pressenza.com\/es\/2009\/09\/xrboles-para-la-paz\/","og_locale":"es_ES","og_type":"article","og_title":"\u00c1rboles para la Paz","og_description":"Por iniciativa del Estado de Miranda (Venezuela), se ha llevado a cabo la plantaci\u00f3n de un bosque de \u00e1rboles en conmemoraci\u00f3n de la Marcha Mundial por la Paz y la No Violencia. Esta iniciativa ha tenido lugar el pasado 21 de septiembre y en la siembra han participado ni\u00f1os y adultos, representantes de diferentes estamentos, en un sencillo y conmovedor acto.","og_url":"https:\/\/www.pressenza.com\/es\/2009\/09\/xrboles-para-la-paz\/","og_site_name":"Pressenza","article_publisher":"https:\/\/www.facebook.com\/PressenzaItalia","article_author":"https:\/\/www.facebook.com\/pressenza","article_published_time":"2009-09-23T00:00:00+00:00","article_modified_time":"2009-10-31T12:18:39+00:00","author":"Pressenza IPA","twitter_card":"summary_large_image","twitter_creator":"@PressenzaIPA","twitter_site":"@PressenzaIPA","twitter_misc":{"Escrito por":"Pressenza IPA","Tiempo de lectura":"1 minuto"},"schema":{"@context":"https:\/\/schema.org","@graph":[{"@type":"Article","@id":"https:\/\/www.pressenza.com\/es\/2009\/09\/xrboles-para-la-paz\/#article","isPartOf":{"@id":"https:\/\/www.pressenza.com\/es\/2009\/09\/xrboles-para-la-paz\/"},"author":{"name":"Pressenza IPA","@id":"https:\/\/www.pressenza.com\/es\/#\/schema\/person\/010e5d02bcf40965427a1289a4cc8d75"},"headline":"\u00c1rboles para la Paz","datePublished":"2009-09-23T00:00:00+00:00","dateModified":"2009-10-31T12:18:39+00:00","mainEntityOfPage":{"@id":"https:\/\/www.pressenza.com\/es\/2009\/09\/xrboles-para-la-paz\/"},"wordCount":189,"publisher":{"@id":"https:\/\/www.pressenza.com\/es\/#organization"},"articleSection":["Asuntos internacionales","Internacional","Sudam\u00e9rica"],"inLanguage":"es"},{"@type":"WebPage","@id":"https:\/\/www.pressenza.com\/es\/2009\/09\/xrboles-para-la-paz\/","url":"https:\/\/www.pressenza.com\/es\/2009\/09\/xrboles-para-la-paz\/","name":"\u00c1rboles para la Paz","isPartOf":{"@id":"https:\/\/www.pressenza.com\/es\/#website"},"datePublished":"2009-09-23T00:00:00+00:00","dateModified":"2009-10-31T12:18:39+00:00","description":"Por iniciativa del Estado de Miranda (Venezuela), se ha llevado a cabo la plantaci\u00f3n de un bosque de \u00e1rboles en conmemoraci\u00f3n de la Marcha Mundial por la Paz y la No Violencia. Esta iniciativa ha tenido lugar el pasado 21 de septiembre y en la siembra han participado ni\u00f1os y adultos, representantes de diferentes estamentos, en un sencillo y conmovedor acto.","breadcrumb":{"@id":"https:\/\/www.pressenza.com\/es\/2009\/09\/xrboles-para-la-paz\/#breadcrumb"},"inLanguage":"es","potentialAction":[{"@type":"ReadAction","target":["https:\/\/www.pressenza.com\/es\/2009\/09\/xrboles-para-la-paz\/"]}]},{"@type":"BreadcrumbList","@id":"https:\/\/www.pressenza.com\/es\/2009\/09\/xrboles-para-la-paz\/#breadcrumb","itemListElement":[{"@type":"ListItem","position":1,"name":"Accueil","item":"https:\/\/www.pressenza.com\/es\/"},{"@type":"ListItem","position":2,"name":"\u00c1rboles para la Paz"}]},{"@type":"WebSite","@id":"https:\/\/www.pressenza.com\/es\/#website","url":"https:\/\/www.pressenza.com\/es\/","name":"Pressenza","description":"International Press Agency","publisher":{"@id":"https:\/\/www.pressenza.com\/es\/#organization"},"potentialAction":[{"@type":"SearchAction","target":{"@type":"EntryPoint","urlTemplate":"https:\/\/www.pressenza.com\/es\/?s={search_term_string}"},"query-input":{"@type":"PropertyValueSpecification","valueRequired":true,"valueName":"search_term_string"}}],"inLanguage":"es"},{"@type":"Organization","@id":"https:\/\/www.pressenza.com\/es\/#organization","name":"Pressenza","url":"https:\/\/www.pressenza.com\/es\/","logo":{"@type":"ImageObject","inLanguage":"es","@id":"https:\/\/www.pressenza.com\/es\/#\/schema\/logo\/image\/","url":"https:\/\/www.pressenza.com\/wp-content\/uploads\/2022\/10\/pressenza_logo_200x200.jpg","contentUrl":"https:\/\/www.pressenza.com\/wp-content\/uploads\/2022\/10\/pressenza_logo_200x200.jpg","width":200,"height":200,"caption":"Pressenza"},"image":{"@id":"https:\/\/www.pressenza.com\/es\/#\/schema\/logo\/image\/"},"sameAs":["https:\/\/www.facebook.com\/PressenzaItalia","https:\/\/x.com\/PressenzaIPA"]},{"@type":"Person","@id":"https:\/\/www.pressenza.com\/es\/#\/schema\/person\/010e5d02bcf40965427a1289a4cc8d75","name":"Pressenza IPA","description":"News from Pressenza IPA correspondents","sameAs":["https:\/\/www.facebook.com\/pressenza","https:\/\/x.com\/PressenzaIPA"],"url":"https:\/\/www.pressenza.com\/es\/author\/pressenza-ipa\/"}]}},"place":"Miranda (Venezuela)","original_article_url":"","_links":{"self":[{"href":"https:\/\/www.pressenza.com\/es\/wp-json\/wp\/v2\/posts\/1386","targetHints":{"allow":["GET"]}}],"collection":[{"href":"https:\/\/www.pressenza.com\/es\/wp-json\/wp\/v2\/posts"}],"about":[{"href":"https:\/\/www.pressenza.com\/es\/wp-json\/wp\/v2\/types\/post"}],"author":[{"embeddable":true,"href":"https:\/\/www.pressenza.com\/es\/wp-json\/wp\/v2\/users\/19"}],"replies":[{"embeddable":true,"href":"https:\/\/www.pressenza.com\/es\/wp-json\/wp\/v2\/comments?post=1386"}],"version-history":[{"count":0,"href":"https:\/\/www.pressenza.com\/es\/wp-json\/wp\/v2\/posts\/1386\/revisions"}],"wp:attachment":[{"href":"https:\/\/www.pressenza.com\/es\/wp-json\/wp\/v2\/media?parent=1386"}],"wp:term":[{"taxonomy":"category","embeddable":true,"href":"https:\/\/www.pressenza.com\/es\/wp-json\/wp\/v2\/categories?post=1386"},{"taxonomy":"post_tag","embeddable":true,"href":"https:\/\/www.pressenza.com\/es\/wp-json\/wp\/v2\/tags?post=1386"}],"curies":[{"name":"wp","href":"https:\/\/api.w.org\/{rel}","templated":true}]}}