{"id":138538,"date":"2014-10-09T19:15:03","date_gmt":"2014-10-09T18:15:03","guid":{"rendered":"http:\/\/www.pressenza.com\/?p=138538"},"modified":"2014-10-09T19:20:22","modified_gmt":"2014-10-09T18:20:22","slug":"valparaiso-carnaval-de-los-mil-tambores","status":"publish","type":"post","link":"https:\/\/www.pressenza.com\/es\/2014\/10\/valparaiso-carnaval-de-los-mil-tambores\/","title":{"rendered":"Valpara\u00edso: \u00abCarnaval de los Mil Tambores\u00bb"},"content":{"rendered":"<p style=\"text-align: justify;\">Textos: Marcela Contardo Berr\u00edos<\/p>\n<p style=\"text-align: justify;\">Patrimonio cultural del arte popular, lugar del encuentro, trinchera de la paz, la justicia y dignidad de los pueblos.<\/p>\n<p style=\"text-align: justify;\">Despu\u00e9s de\u00a0tres d\u00edas de actividades, \u00e9ste domingo concluy\u00f3 \u00a0la 15 versi\u00f3n del <strong>Carnaval de los Mil Tambores<\/strong> con la asistencia de cincuenta mil personas solo en la jornada de cierre. Los participantes disfrutaron de bailes,\u00a0batucadas, malabaristas y un desfile de marionetas gigantes que se inici\u00f3 en la Playa San Mateo en un ambiente de mucha alegr\u00eda que encendi\u00f3 la fiesta de colorido y m\u00fasica del puerto. Cuerpos pintados, bailes, disfraces de cientos de personas realizando coreograf\u00edas en \u00a0el acto de cierre oficial de este carnaval \u00a0en la avenida Altamirano, y\u00a0<span style=\"font-size: 14px; line-height: 1.5em;\">que se pasearon por distintas calles en el puerto de Valparaiso, V regi\u00f3n de Chile.<\/span><\/p>\n<p style=\"text-align: justify;\"><a href=\"http:\/\/www.pressenza.com\/wp-content\/uploads\/2014\/10\/Carvaval-de-los-mil-tambores_Fotos-de-Marcela-Contardo-Berrios-1.jpg\"><img loading=\"lazy\" decoding=\"async\" class=\"alignleft size-large wp-image-138548\" alt=\"Carvaval de los mil tambores_Fotos de Marcela Contardo Berrios (1)\" src=\"http:\/\/www.pressenza.com\/wp-content\/uploads\/2014\/10\/Carvaval-de-los-mil-tambores_Fotos-de-Marcela-Contardo-Berrios-1-600x399.jpg\" width=\"600\" height=\"399\" srcset=\"https:\/\/www.pressenza.com\/wp-content\/uploads\/2014\/10\/Carvaval-de-los-mil-tambores_Fotos-de-Marcela-Contardo-Berrios-1-600x399.jpg 600w, https:\/\/www.pressenza.com\/wp-content\/uploads\/2014\/10\/Carvaval-de-los-mil-tambores_Fotos-de-Marcela-Contardo-Berrios-1-300x199.jpg 300w, https:\/\/www.pressenza.com\/wp-content\/uploads\/2014\/10\/Carvaval-de-los-mil-tambores_Fotos-de-Marcela-Contardo-Berrios-1.jpg 800w\" sizes=\"auto, (max-width: 600px) 100vw, 600px\" \/><\/a><\/p>\n<p style=\"text-align: justify;\">\u00a0<a href=\"http:\/\/www.pressenza.com\/wp-content\/uploads\/2014\/10\/Carvaval-de-los-mil-tambores_Fotos-de-Marcela-Contardo-Berrios-2.jpg\"><img loading=\"lazy\" decoding=\"async\" class=\"alignleft size-large wp-image-138555\" alt=\"Carvaval de los mil tambores_Fotos de Marcela Contardo Berrios (2)\" src=\"http:\/\/www.pressenza.com\/wp-content\/uploads\/2014\/10\/Carvaval-de-los-mil-tambores_Fotos-de-Marcela-Contardo-Berrios-2-600x399.jpg\" width=\"600\" height=\"399\" srcset=\"https:\/\/www.pressenza.com\/wp-content\/uploads\/2014\/10\/Carvaval-de-los-mil-tambores_Fotos-de-Marcela-Contardo-Berrios-2-600x399.jpg 600w, https:\/\/www.pressenza.com\/wp-content\/uploads\/2014\/10\/Carvaval-de-los-mil-tambores_Fotos-de-Marcela-Contardo-Berrios-2-300x199.jpg 300w, https:\/\/www.pressenza.com\/wp-content\/uploads\/2014\/10\/Carvaval-de-los-mil-tambores_Fotos-de-Marcela-Contardo-Berrios-2.jpg 800w\" sizes=\"auto, (max-width: 600px) 100vw, 600px\" \/><\/a><\/p>\n<p style=\"text-align: justify;\">\u00a0<a href=\"http:\/\/www.pressenza.com\/wp-content\/uploads\/2014\/10\/Carvaval-de-los-mil-tambores_Fotos-de-Marcela-Contardo-Berrios-3.jpg\"><img loading=\"lazy\" decoding=\"async\" class=\"alignleft size-large wp-image-138562\" alt=\"Carvaval de los mil tambores_Fotos de Marcela Contardo Berrios (3)\" src=\"http:\/\/www.pressenza.com\/wp-content\/uploads\/2014\/10\/Carvaval-de-los-mil-tambores_Fotos-de-Marcela-Contardo-Berrios-3-600x399.jpg\" width=\"600\" height=\"399\" srcset=\"https:\/\/www.pressenza.com\/wp-content\/uploads\/2014\/10\/Carvaval-de-los-mil-tambores_Fotos-de-Marcela-Contardo-Berrios-3-600x399.jpg 600w, https:\/\/www.pressenza.com\/wp-content\/uploads\/2014\/10\/Carvaval-de-los-mil-tambores_Fotos-de-Marcela-Contardo-Berrios-3-300x199.jpg 300w, https:\/\/www.pressenza.com\/wp-content\/uploads\/2014\/10\/Carvaval-de-los-mil-tambores_Fotos-de-Marcela-Contardo-Berrios-3.jpg 800w\" sizes=\"auto, (max-width: 600px) 100vw, 600px\" \/><\/a><\/p>\n<p style=\"text-align: justify;\">\u00a0<a href=\"http:\/\/www.pressenza.com\/wp-content\/uploads\/2014\/10\/Carvaval-de-los-mil-tambores_Fotos-de-Marcela-Contardo-Berrios-4.jpg\"><img loading=\"lazy\" decoding=\"async\" class=\"alignleft size-large wp-image-138569\" alt=\"Carvaval de los mil tambores_Fotos de Marcela Contardo Berrios (4)\" src=\"http:\/\/www.pressenza.com\/wp-content\/uploads\/2014\/10\/Carvaval-de-los-mil-tambores_Fotos-de-Marcela-Contardo-Berrios-4-600x399.jpg\" width=\"600\" height=\"399\" srcset=\"https:\/\/www.pressenza.com\/wp-content\/uploads\/2014\/10\/Carvaval-de-los-mil-tambores_Fotos-de-Marcela-Contardo-Berrios-4-600x399.jpg 600w, https:\/\/www.pressenza.com\/wp-content\/uploads\/2014\/10\/Carvaval-de-los-mil-tambores_Fotos-de-Marcela-Contardo-Berrios-4-300x199.jpg 300w, https:\/\/www.pressenza.com\/wp-content\/uploads\/2014\/10\/Carvaval-de-los-mil-tambores_Fotos-de-Marcela-Contardo-Berrios-4.jpg 800w\" sizes=\"auto, (max-width: 600px) 100vw, 600px\" \/><\/a><\/p>\n<p style=\"text-align: justify;\">\u00a0<a href=\"http:\/\/www.pressenza.com\/wp-content\/uploads\/2014\/10\/Carvaval-de-los-mil-tambores_Fotos-de-Marcela-Contardo-Berrios-6.jpg\"><img loading=\"lazy\" decoding=\"async\" class=\"alignleft size-large wp-image-138575\" alt=\"Carvaval de los mil tambores_Fotos de Marcela Contardo Berrios (6)\" src=\"http:\/\/www.pressenza.com\/wp-content\/uploads\/2014\/10\/Carvaval-de-los-mil-tambores_Fotos-de-Marcela-Contardo-Berrios-6-600x399.jpg\" width=\"600\" height=\"399\" srcset=\"https:\/\/www.pressenza.com\/wp-content\/uploads\/2014\/10\/Carvaval-de-los-mil-tambores_Fotos-de-Marcela-Contardo-Berrios-6-600x399.jpg 600w, https:\/\/www.pressenza.com\/wp-content\/uploads\/2014\/10\/Carvaval-de-los-mil-tambores_Fotos-de-Marcela-Contardo-Berrios-6-300x199.jpg 300w, https:\/\/www.pressenza.com\/wp-content\/uploads\/2014\/10\/Carvaval-de-los-mil-tambores_Fotos-de-Marcela-Contardo-Berrios-6.jpg 800w\" sizes=\"auto, (max-width: 600px) 100vw, 600px\" \/><\/a><\/p>\n<p style=\"text-align: justify;\">\u00a0<a href=\"http:\/\/www.pressenza.com\/wp-content\/uploads\/2014\/10\/Carvaval-de-los-mil-tambores_Fotos-de-Marcela-Contardo-Berrios-7.jpg\"><img loading=\"lazy\" decoding=\"async\" class=\"alignleft size-large wp-image-138582\" alt=\"Carvaval de los mil tambores_Fotos de Marcela Contardo Berrios (7)\" src=\"http:\/\/www.pressenza.com\/wp-content\/uploads\/2014\/10\/Carvaval-de-los-mil-tambores_Fotos-de-Marcela-Contardo-Berrios-7-600x399.jpg\" width=\"600\" height=\"399\" srcset=\"https:\/\/www.pressenza.com\/wp-content\/uploads\/2014\/10\/Carvaval-de-los-mil-tambores_Fotos-de-Marcela-Contardo-Berrios-7-600x399.jpg 600w, https:\/\/www.pressenza.com\/wp-content\/uploads\/2014\/10\/Carvaval-de-los-mil-tambores_Fotos-de-Marcela-Contardo-Berrios-7-300x199.jpg 300w, https:\/\/www.pressenza.com\/wp-content\/uploads\/2014\/10\/Carvaval-de-los-mil-tambores_Fotos-de-Marcela-Contardo-Berrios-7.jpg 800w\" sizes=\"auto, (max-width: 600px) 100vw, 600px\" \/><\/a><\/p>\n<p style=\"text-align: justify;\">\u00a0<a href=\"http:\/\/www.pressenza.com\/wp-content\/uploads\/2014\/10\/Carvaval-de-los-mil-tambores_Fotos-de-Marcela-Contardo-Berrios-8.jpg\"><img loading=\"lazy\" decoding=\"async\" class=\"alignleft size-large wp-image-138588\" alt=\"Carvaval de los mil tambores_Fotos de Marcela Contardo Berrios (8)\" src=\"http:\/\/www.pressenza.com\/wp-content\/uploads\/2014\/10\/Carvaval-de-los-mil-tambores_Fotos-de-Marcela-Contardo-Berrios-8-600x399.jpg\" width=\"600\" height=\"399\" srcset=\"https:\/\/www.pressenza.com\/wp-content\/uploads\/2014\/10\/Carvaval-de-los-mil-tambores_Fotos-de-Marcela-Contardo-Berrios-8-600x399.jpg 600w, https:\/\/www.pressenza.com\/wp-content\/uploads\/2014\/10\/Carvaval-de-los-mil-tambores_Fotos-de-Marcela-Contardo-Berrios-8-300x199.jpg 300w, https:\/\/www.pressenza.com\/wp-content\/uploads\/2014\/10\/Carvaval-de-los-mil-tambores_Fotos-de-Marcela-Contardo-Berrios-8.jpg 800w\" sizes=\"auto, (max-width: 600px) 100vw, 600px\" \/><\/a><\/p>\n<p style=\"text-align: justify;\">\u00a0<a href=\"http:\/\/www.pressenza.com\/wp-content\/uploads\/2014\/10\/Carvaval-de-los-mil-tambores_Fotos-de-Marcela-Contardo-Berrios-9.jpg\"><img loading=\"lazy\" decoding=\"async\" class=\"alignleft size-large wp-image-138595\" alt=\"Carvaval de los mil tambores_Fotos de Marcela Contardo Berrios (9)\" src=\"http:\/\/www.pressenza.com\/wp-content\/uploads\/2014\/10\/Carvaval-de-los-mil-tambores_Fotos-de-Marcela-Contardo-Berrios-9-600x399.jpg\" width=\"600\" height=\"399\" srcset=\"https:\/\/www.pressenza.com\/wp-content\/uploads\/2014\/10\/Carvaval-de-los-mil-tambores_Fotos-de-Marcela-Contardo-Berrios-9-600x399.jpg 600w, https:\/\/www.pressenza.com\/wp-content\/uploads\/2014\/10\/Carvaval-de-los-mil-tambores_Fotos-de-Marcela-Contardo-Berrios-9-300x199.jpg 300w, https:\/\/www.pressenza.com\/wp-content\/uploads\/2014\/10\/Carvaval-de-los-mil-tambores_Fotos-de-Marcela-Contardo-Berrios-9.jpg 800w\" sizes=\"auto, (max-width: 600px) 100vw, 600px\" \/><\/a><\/p>\n<p style=\"text-align: justify;\">\u00a0<a href=\"http:\/\/www.pressenza.com\/wp-content\/uploads\/2014\/10\/Carvaval-de-los-mil-tambores_Fotos-de-Marcela-Contardo-Berrios-10.jpg\"><img loading=\"lazy\" decoding=\"async\" class=\"alignleft size-large wp-image-138601\" alt=\"Carvaval de los mil tambores_Fotos de Marcela Contardo Berrios (10)\" src=\"http:\/\/www.pressenza.com\/wp-content\/uploads\/2014\/10\/Carvaval-de-los-mil-tambores_Fotos-de-Marcela-Contardo-Berrios-10-600x399.jpg\" width=\"600\" height=\"399\" srcset=\"https:\/\/www.pressenza.com\/wp-content\/uploads\/2014\/10\/Carvaval-de-los-mil-tambores_Fotos-de-Marcela-Contardo-Berrios-10-600x399.jpg 600w, https:\/\/www.pressenza.com\/wp-content\/uploads\/2014\/10\/Carvaval-de-los-mil-tambores_Fotos-de-Marcela-Contardo-Berrios-10-300x199.jpg 300w, https:\/\/www.pressenza.com\/wp-content\/uploads\/2014\/10\/Carvaval-de-los-mil-tambores_Fotos-de-Marcela-Contardo-Berrios-10.jpg 800w\" sizes=\"auto, (max-width: 600px) 100vw, 600px\" \/><\/a><\/p>\n<p style=\"text-align: justify;\">\u00a0<a href=\"http:\/\/www.pressenza.com\/wp-content\/uploads\/2014\/10\/Carvaval-de-los-mil-tambores_Fotos-de-Marcela-Contardo-Berrios-11.jpg\"><img loading=\"lazy\" decoding=\"async\" class=\"alignleft size-large wp-image-138608\" alt=\"Carvaval de los mil tambores_Fotos de Marcela Contardo Berrios (11)\" src=\"http:\/\/www.pressenza.com\/wp-content\/uploads\/2014\/10\/Carvaval-de-los-mil-tambores_Fotos-de-Marcela-Contardo-Berrios-11-600x399.jpg\" width=\"600\" height=\"399\" srcset=\"https:\/\/www.pressenza.com\/wp-content\/uploads\/2014\/10\/Carvaval-de-los-mil-tambores_Fotos-de-Marcela-Contardo-Berrios-11-600x399.jpg 600w, https:\/\/www.pressenza.com\/wp-content\/uploads\/2014\/10\/Carvaval-de-los-mil-tambores_Fotos-de-Marcela-Contardo-Berrios-11-300x199.jpg 300w, https:\/\/www.pressenza.com\/wp-content\/uploads\/2014\/10\/Carvaval-de-los-mil-tambores_Fotos-de-Marcela-Contardo-Berrios-11.jpg 800w\" sizes=\"auto, (max-width: 600px) 100vw, 600px\" \/><\/a><\/p>\n<p style=\"text-align: justify;\">\u00a0<a href=\"http:\/\/www.pressenza.com\/wp-content\/uploads\/2014\/10\/Carvaval-de-los-mil-tambores_Fotos-de-Marcela-Contardo-Berrios-12.jpg\"><img loading=\"lazy\" decoding=\"async\" class=\"alignleft size-large wp-image-138615\" alt=\"Carvaval de los mil tambores_Fotos de Marcela Contardo Berrios (12)\" src=\"http:\/\/www.pressenza.com\/wp-content\/uploads\/2014\/10\/Carvaval-de-los-mil-tambores_Fotos-de-Marcela-Contardo-Berrios-12-600x399.jpg\" width=\"600\" height=\"399\" srcset=\"https:\/\/www.pressenza.com\/wp-content\/uploads\/2014\/10\/Carvaval-de-los-mil-tambores_Fotos-de-Marcela-Contardo-Berrios-12-600x399.jpg 600w, https:\/\/www.pressenza.com\/wp-content\/uploads\/2014\/10\/Carvaval-de-los-mil-tambores_Fotos-de-Marcela-Contardo-Berrios-12-300x199.jpg 300w, https:\/\/www.pressenza.com\/wp-content\/uploads\/2014\/10\/Carvaval-de-los-mil-tambores_Fotos-de-Marcela-Contardo-Berrios-12.jpg 800w\" sizes=\"auto, (max-width: 600px) 100vw, 600px\" \/><\/a><\/p>\n<p style=\"text-align: justify;\">\u00a0<a href=\"http:\/\/www.pressenza.com\/wp-content\/uploads\/2014\/10\/Carvaval-de-los-mil-tambores_Fotos-de-Marcela-Contardo-Berrios-13.jpg\"><img loading=\"lazy\" decoding=\"async\" class=\"alignleft size-large wp-image-138621\" alt=\"Carvaval de los mil tambores_Fotos de Marcela Contardo Berrios (13)\" src=\"http:\/\/www.pressenza.com\/wp-content\/uploads\/2014\/10\/Carvaval-de-los-mil-tambores_Fotos-de-Marcela-Contardo-Berrios-13-600x399.jpg\" width=\"600\" height=\"399\" srcset=\"https:\/\/www.pressenza.com\/wp-content\/uploads\/2014\/10\/Carvaval-de-los-mil-tambores_Fotos-de-Marcela-Contardo-Berrios-13-600x399.jpg 600w, https:\/\/www.pressenza.com\/wp-content\/uploads\/2014\/10\/Carvaval-de-los-mil-tambores_Fotos-de-Marcela-Contardo-Berrios-13-300x199.jpg 300w, https:\/\/www.pressenza.com\/wp-content\/uploads\/2014\/10\/Carvaval-de-los-mil-tambores_Fotos-de-Marcela-Contardo-Berrios-13.jpg 800w\" sizes=\"auto, (max-width: 600px) 100vw, 600px\" \/><\/a><\/p>\n<p style=\"text-align: justify;\">\u00a0<a href=\"http:\/\/www.pressenza.com\/wp-content\/uploads\/2014\/10\/Carvaval-de-los-mil-tambores_Fotos-de-Marcela-Contardo-Berrios-14.jpg\"><img loading=\"lazy\" decoding=\"async\" class=\"alignleft size-large wp-image-138628\" alt=\"Carvaval de los mil tambores_Fotos de Marcela Contardo Berrios (14)\" src=\"http:\/\/www.pressenza.com\/wp-content\/uploads\/2014\/10\/Carvaval-de-los-mil-tambores_Fotos-de-Marcela-Contardo-Berrios-14-600x399.jpg\" width=\"600\" height=\"399\" srcset=\"https:\/\/www.pressenza.com\/wp-content\/uploads\/2014\/10\/Carvaval-de-los-mil-tambores_Fotos-de-Marcela-Contardo-Berrios-14-600x399.jpg 600w, https:\/\/www.pressenza.com\/wp-content\/uploads\/2014\/10\/Carvaval-de-los-mil-tambores_Fotos-de-Marcela-Contardo-Berrios-14-300x199.jpg 300w, https:\/\/www.pressenza.com\/wp-content\/uploads\/2014\/10\/Carvaval-de-los-mil-tambores_Fotos-de-Marcela-Contardo-Berrios-14.jpg 800w\" sizes=\"auto, (max-width: 600px) 100vw, 600px\" \/><\/a><\/p>\n<p style=\"text-align: justify;\">\u00a0<a href=\"http:\/\/www.pressenza.com\/wp-content\/uploads\/2014\/10\/Carvaval-de-los-mil-tambores_Fotos-de-Marcela-Contardo-Berrios-15.jpg\"><img loading=\"lazy\" decoding=\"async\" class=\"alignleft size-large wp-image-138634\" alt=\"Carvaval de los mil tambores_Fotos de Marcela Contardo Berrios (15)\" src=\"http:\/\/www.pressenza.com\/wp-content\/uploads\/2014\/10\/Carvaval-de-los-mil-tambores_Fotos-de-Marcela-Contardo-Berrios-15-600x399.jpg\" width=\"600\" height=\"399\" srcset=\"https:\/\/www.pressenza.com\/wp-content\/uploads\/2014\/10\/Carvaval-de-los-mil-tambores_Fotos-de-Marcela-Contardo-Berrios-15-600x399.jpg 600w, https:\/\/www.pressenza.com\/wp-content\/uploads\/2014\/10\/Carvaval-de-los-mil-tambores_Fotos-de-Marcela-Contardo-Berrios-15-300x199.jpg 300w, https:\/\/www.pressenza.com\/wp-content\/uploads\/2014\/10\/Carvaval-de-los-mil-tambores_Fotos-de-Marcela-Contardo-Berrios-15.jpg 800w\" sizes=\"auto, (max-width: 600px) 100vw, 600px\" \/><\/a><\/p>\n<p style=\"text-align: justify;\">\u00a0<a href=\"http:\/\/www.pressenza.com\/wp-content\/uploads\/2014\/10\/Carvaval-de-los-mil-tambores_Fotos-de-Marcela-Contardo-Berrios-16.jpg\"><img loading=\"lazy\" decoding=\"async\" class=\"alignleft size-large wp-image-138641\" alt=\"Carvaval de los mil tambores_Fotos de Marcela Contardo Berrios (16)\" src=\"http:\/\/www.pressenza.com\/wp-content\/uploads\/2014\/10\/Carvaval-de-los-mil-tambores_Fotos-de-Marcela-Contardo-Berrios-16-600x399.jpg\" width=\"600\" height=\"399\" srcset=\"https:\/\/www.pressenza.com\/wp-content\/uploads\/2014\/10\/Carvaval-de-los-mil-tambores_Fotos-de-Marcela-Contardo-Berrios-16-600x399.jpg 600w, https:\/\/www.pressenza.com\/wp-content\/uploads\/2014\/10\/Carvaval-de-los-mil-tambores_Fotos-de-Marcela-Contardo-Berrios-16-300x199.jpg 300w, https:\/\/www.pressenza.com\/wp-content\/uploads\/2014\/10\/Carvaval-de-los-mil-tambores_Fotos-de-Marcela-Contardo-Berrios-16.jpg 800w\" sizes=\"auto, (max-width: 600px) 100vw, 600px\" \/><\/a><\/p>\n","protected":false},"excerpt":{"rendered":"<p>Textos: Marcela Contardo Berr\u00edos Patrimonio cultural del arte popular, lugar del encuentro, trinchera de la paz, la justicia y dignidad de los pueblos. Despu\u00e9s de\u00a0tres d\u00edas de actividades, \u00e9ste domingo concluy\u00f3 \u00a0la 15 versi\u00f3n del Carnaval de los Mil Tambores&hellip;<\/p>\n","protected":false},"author":43,"featured_media":138541,"comment_status":"closed","ping_status":"open","sticky":false,"template":"","format":"standard","meta":{"footnotes":""},"categories":[11389,75,5667,39,1242,67],"tags":[12693,5688,29,12694,10006],"class_list":["post-138538","post","type-post","status-publish","format-standard","has-post-thumbnail","hentry","category-contenido-original","category-cultura-es","category-foto-reportajes","category-internacional","category-noviolencia-tema","category-sudamerica","tag-alegria","tag-carnavales","tag-chile","tag-fiesta","tag-valparaiso"],"yoast_head":"<!-- This site is optimized with the Yoast SEO plugin v27.1.1 - https:\/\/yoast.com\/product\/yoast-seo-wordpress\/ -->\n<title>Valpara\u00edso: &quot;Carnaval de los Mil Tambores&quot;<\/title>\n<meta name=\"description\" content=\"Textos: Marcela Contardo Berr\u00edos Patrimonio cultural del arte popular, lugar del encuentro, trinchera de la paz, la justicia y dignidad de los pueblos.\" \/>\n<meta name=\"robots\" content=\"index, follow, max-snippet:-1, max-image-preview:large, max-video-preview:-1\" \/>\n<link rel=\"canonical\" href=\"https:\/\/www.pressenza.com\/es\/2014\/10\/valparaiso-carnaval-de-los-mil-tambores\/\" \/>\n<meta property=\"og:locale\" content=\"es_ES\" \/>\n<meta property=\"og:type\" content=\"article\" \/>\n<meta property=\"og:title\" content=\"Valpara\u00edso: &quot;Carnaval de los Mil Tambores&quot;\" \/>\n<meta property=\"og:description\" content=\"Textos: Marcela Contardo Berr\u00edos Patrimonio cultural del arte popular, lugar del encuentro, trinchera de la paz, la justicia y dignidad de los pueblos.\" \/>\n<meta property=\"og:url\" content=\"https:\/\/www.pressenza.com\/es\/2014\/10\/valparaiso-carnaval-de-los-mil-tambores\/\" \/>\n<meta property=\"og:site_name\" content=\"Pressenza\" \/>\n<meta property=\"article:publisher\" content=\"https:\/\/www.facebook.com\/PressenzaItalia\" \/>\n<meta property=\"article:author\" content=\"https:\/\/www.facebook.com\/pressenza\" \/>\n<meta property=\"article:published_time\" content=\"2014-10-09T18:15:03+00:00\" \/>\n<meta property=\"article:modified_time\" content=\"2014-10-09T18:20:22+00:00\" \/>\n<meta property=\"og:image\" content=\"https:\/\/www.pressenza.com\/wp-content\/uploads\/2014\/10\/Carvaval-de-los-mil-tambores_Fotos-de-Marcela-Contardo-Berrios-5.jpg\" \/>\n\t<meta property=\"og:image:width\" content=\"800\" \/>\n\t<meta property=\"og:image:height\" content=\"533\" \/>\n\t<meta property=\"og:image:type\" content=\"image\/jpeg\" \/>\n<meta name=\"author\" content=\"Redacci\u00f3n Chile\" \/>\n<meta name=\"twitter:card\" content=\"summary_large_image\" \/>\n<meta name=\"twitter:creator\" content=\"@pressenza\" \/>\n<meta name=\"twitter:site\" content=\"@PressenzaIPA\" \/>\n<meta name=\"twitter:label1\" content=\"Escrito por\" \/>\n\t<meta name=\"twitter:data1\" content=\"Redacci\u00f3n Chile\" \/>\n\t<meta name=\"twitter:label2\" content=\"Tiempo de lectura\" \/>\n\t<meta name=\"twitter:data2\" content=\"1 minuto\" \/>\n<script type=\"application\/ld+json\" class=\"yoast-schema-graph\">{\"@context\":\"https:\/\/schema.org\",\"@graph\":[{\"@type\":\"Article\",\"@id\":\"https:\/\/www.pressenza.com\/es\/2014\/10\/valparaiso-carnaval-de-los-mil-tambores\/#article\",\"isPartOf\":{\"@id\":\"https:\/\/www.pressenza.com\/es\/2014\/10\/valparaiso-carnaval-de-los-mil-tambores\/\"},\"author\":{\"name\":\"Redacci\u00f3n Chile\",\"@id\":\"https:\/\/www.pressenza.com\/es\/#\/schema\/person\/d7db40df35d6698ba69ba9ee260944ed\"},\"headline\":\"Valpara\u00edso: \u00abCarnaval de los Mil Tambores\u00bb\",\"datePublished\":\"2014-10-09T18:15:03+00:00\",\"dateModified\":\"2014-10-09T18:20:22+00:00\",\"mainEntityOfPage\":{\"@id\":\"https:\/\/www.pressenza.com\/es\/2014\/10\/valparaiso-carnaval-de-los-mil-tambores\/\"},\"wordCount\":144,\"publisher\":{\"@id\":\"https:\/\/www.pressenza.com\/es\/#organization\"},\"image\":{\"@id\":\"https:\/\/www.pressenza.com\/es\/2014\/10\/valparaiso-carnaval-de-los-mil-tambores\/#primaryimage\"},\"thumbnailUrl\":\"https:\/\/www.pressenza.com\/wp-content\/uploads\/2014\/10\/Carvaval-de-los-mil-tambores_Fotos-de-Marcela-Contardo-Berrios-5.jpg\",\"keywords\":[\"Alegr\u00eda\",\"carnavales\",\"Chile\",\"fiesta\",\"valparaiso\"],\"articleSection\":[\"Contenido Original\",\"Cultura y Medios\",\"Fotorreportajes\",\"Internacional\",\"Noviolencia\",\"Sudam\u00e9rica\"],\"inLanguage\":\"es\"},{\"@type\":\"WebPage\",\"@id\":\"https:\/\/www.pressenza.com\/es\/2014\/10\/valparaiso-carnaval-de-los-mil-tambores\/\",\"url\":\"https:\/\/www.pressenza.com\/es\/2014\/10\/valparaiso-carnaval-de-los-mil-tambores\/\",\"name\":\"Valpara\u00edso: \\\"Carnaval de los Mil Tambores\\\"\",\"isPartOf\":{\"@id\":\"https:\/\/www.pressenza.com\/es\/#website\"},\"primaryImageOfPage\":{\"@id\":\"https:\/\/www.pressenza.com\/es\/2014\/10\/valparaiso-carnaval-de-los-mil-tambores\/#primaryimage\"},\"image\":{\"@id\":\"https:\/\/www.pressenza.com\/es\/2014\/10\/valparaiso-carnaval-de-los-mil-tambores\/#primaryimage\"},\"thumbnailUrl\":\"https:\/\/www.pressenza.com\/wp-content\/uploads\/2014\/10\/Carvaval-de-los-mil-tambores_Fotos-de-Marcela-Contardo-Berrios-5.jpg\",\"datePublished\":\"2014-10-09T18:15:03+00:00\",\"dateModified\":\"2014-10-09T18:20:22+00:00\",\"description\":\"Textos: Marcela Contardo Berr\u00edos Patrimonio cultural del arte popular, lugar del encuentro, trinchera de la paz, la justicia y dignidad de los pueblos.\",\"breadcrumb\":{\"@id\":\"https:\/\/www.pressenza.com\/es\/2014\/10\/valparaiso-carnaval-de-los-mil-tambores\/#breadcrumb\"},\"inLanguage\":\"es\",\"potentialAction\":[{\"@type\":\"ReadAction\",\"target\":[\"https:\/\/www.pressenza.com\/es\/2014\/10\/valparaiso-carnaval-de-los-mil-tambores\/\"]}]},{\"@type\":\"ImageObject\",\"inLanguage\":\"es\",\"@id\":\"https:\/\/www.pressenza.com\/es\/2014\/10\/valparaiso-carnaval-de-los-mil-tambores\/#primaryimage\",\"url\":\"https:\/\/www.pressenza.com\/wp-content\/uploads\/2014\/10\/Carvaval-de-los-mil-tambores_Fotos-de-Marcela-Contardo-Berrios-5.jpg\",\"contentUrl\":\"https:\/\/www.pressenza.com\/wp-content\/uploads\/2014\/10\/Carvaval-de-los-mil-tambores_Fotos-de-Marcela-Contardo-Berrios-5.jpg\",\"width\":800,\"height\":533},{\"@type\":\"BreadcrumbList\",\"@id\":\"https:\/\/www.pressenza.com\/es\/2014\/10\/valparaiso-carnaval-de-los-mil-tambores\/#breadcrumb\",\"itemListElement\":[{\"@type\":\"ListItem\",\"position\":1,\"name\":\"Accueil\",\"item\":\"https:\/\/www.pressenza.com\/es\/\"},{\"@type\":\"ListItem\",\"position\":2,\"name\":\"Valpara\u00edso: \u00abCarnaval de los Mil Tambores\u00bb\"}]},{\"@type\":\"WebSite\",\"@id\":\"https:\/\/www.pressenza.com\/es\/#website\",\"url\":\"https:\/\/www.pressenza.com\/es\/\",\"name\":\"Pressenza\",\"description\":\"International Press Agency\",\"publisher\":{\"@id\":\"https:\/\/www.pressenza.com\/es\/#organization\"},\"potentialAction\":[{\"@type\":\"SearchAction\",\"target\":{\"@type\":\"EntryPoint\",\"urlTemplate\":\"https:\/\/www.pressenza.com\/es\/?s={search_term_string}\"},\"query-input\":{\"@type\":\"PropertyValueSpecification\",\"valueRequired\":true,\"valueName\":\"search_term_string\"}}],\"inLanguage\":\"es\"},{\"@type\":\"Organization\",\"@id\":\"https:\/\/www.pressenza.com\/es\/#organization\",\"name\":\"Pressenza\",\"url\":\"https:\/\/www.pressenza.com\/es\/\",\"logo\":{\"@type\":\"ImageObject\",\"inLanguage\":\"es\",\"@id\":\"https:\/\/www.pressenza.com\/es\/#\/schema\/logo\/image\/\",\"url\":\"https:\/\/www.pressenza.com\/wp-content\/uploads\/2022\/10\/pressenza_logo_200x200.jpg\",\"contentUrl\":\"https:\/\/www.pressenza.com\/wp-content\/uploads\/2022\/10\/pressenza_logo_200x200.jpg\",\"width\":200,\"height\":200,\"caption\":\"Pressenza\"},\"image\":{\"@id\":\"https:\/\/www.pressenza.com\/es\/#\/schema\/logo\/image\/\"},\"sameAs\":[\"https:\/\/www.facebook.com\/PressenzaItalia\",\"https:\/\/x.com\/PressenzaIPA\"]},{\"@type\":\"Person\",\"@id\":\"https:\/\/www.pressenza.com\/es\/#\/schema\/person\/d7db40df35d6698ba69ba9ee260944ed\",\"name\":\"Redacci\u00f3n Chile\",\"description\":\"News from the Pressenza Bureau in Chile\",\"sameAs\":[\"https:\/\/www.facebook.com\/pressenza\",\"https:\/\/x.com\/pressenza\"],\"url\":\"https:\/\/www.pressenza.com\/es\/author\/redaccion-chile\/\"}]}<\/script>\n<!-- \/ Yoast SEO plugin. -->","yoast_head_json":{"title":"Valpara\u00edso: \"Carnaval de los Mil Tambores\"","description":"Textos: Marcela Contardo Berr\u00edos Patrimonio cultural del arte popular, lugar del encuentro, trinchera de la paz, la justicia y dignidad de los pueblos.","robots":{"index":"index","follow":"follow","max-snippet":"max-snippet:-1","max-image-preview":"max-image-preview:large","max-video-preview":"max-video-preview:-1"},"canonical":"https:\/\/www.pressenza.com\/es\/2014\/10\/valparaiso-carnaval-de-los-mil-tambores\/","og_locale":"es_ES","og_type":"article","og_title":"Valpara\u00edso: \"Carnaval de los Mil Tambores\"","og_description":"Textos: Marcela Contardo Berr\u00edos Patrimonio cultural del arte popular, lugar del encuentro, trinchera de la paz, la justicia y dignidad de los pueblos.","og_url":"https:\/\/www.pressenza.com\/es\/2014\/10\/valparaiso-carnaval-de-los-mil-tambores\/","og_site_name":"Pressenza","article_publisher":"https:\/\/www.facebook.com\/PressenzaItalia","article_author":"https:\/\/www.facebook.com\/pressenza","article_published_time":"2014-10-09T18:15:03+00:00","article_modified_time":"2014-10-09T18:20:22+00:00","og_image":[{"width":800,"height":533,"url":"https:\/\/www.pressenza.com\/wp-content\/uploads\/2014\/10\/Carvaval-de-los-mil-tambores_Fotos-de-Marcela-Contardo-Berrios-5.jpg","type":"image\/jpeg"}],"author":"Redacci\u00f3n Chile","twitter_card":"summary_large_image","twitter_creator":"@pressenza","twitter_site":"@PressenzaIPA","twitter_misc":{"Escrito por":"Redacci\u00f3n Chile","Tiempo de lectura":"1 minuto"},"schema":{"@context":"https:\/\/schema.org","@graph":[{"@type":"Article","@id":"https:\/\/www.pressenza.com\/es\/2014\/10\/valparaiso-carnaval-de-los-mil-tambores\/#article","isPartOf":{"@id":"https:\/\/www.pressenza.com\/es\/2014\/10\/valparaiso-carnaval-de-los-mil-tambores\/"},"author":{"name":"Redacci\u00f3n Chile","@id":"https:\/\/www.pressenza.com\/es\/#\/schema\/person\/d7db40df35d6698ba69ba9ee260944ed"},"headline":"Valpara\u00edso: \u00abCarnaval de los Mil Tambores\u00bb","datePublished":"2014-10-09T18:15:03+00:00","dateModified":"2014-10-09T18:20:22+00:00","mainEntityOfPage":{"@id":"https:\/\/www.pressenza.com\/es\/2014\/10\/valparaiso-carnaval-de-los-mil-tambores\/"},"wordCount":144,"publisher":{"@id":"https:\/\/www.pressenza.com\/es\/#organization"},"image":{"@id":"https:\/\/www.pressenza.com\/es\/2014\/10\/valparaiso-carnaval-de-los-mil-tambores\/#primaryimage"},"thumbnailUrl":"https:\/\/www.pressenza.com\/wp-content\/uploads\/2014\/10\/Carvaval-de-los-mil-tambores_Fotos-de-Marcela-Contardo-Berrios-5.jpg","keywords":["Alegr\u00eda","carnavales","Chile","fiesta","valparaiso"],"articleSection":["Contenido Original","Cultura y Medios","Fotorreportajes","Internacional","Noviolencia","Sudam\u00e9rica"],"inLanguage":"es"},{"@type":"WebPage","@id":"https:\/\/www.pressenza.com\/es\/2014\/10\/valparaiso-carnaval-de-los-mil-tambores\/","url":"https:\/\/www.pressenza.com\/es\/2014\/10\/valparaiso-carnaval-de-los-mil-tambores\/","name":"Valpara\u00edso: \"Carnaval de los Mil Tambores\"","isPartOf":{"@id":"https:\/\/www.pressenza.com\/es\/#website"},"primaryImageOfPage":{"@id":"https:\/\/www.pressenza.com\/es\/2014\/10\/valparaiso-carnaval-de-los-mil-tambores\/#primaryimage"},"image":{"@id":"https:\/\/www.pressenza.com\/es\/2014\/10\/valparaiso-carnaval-de-los-mil-tambores\/#primaryimage"},"thumbnailUrl":"https:\/\/www.pressenza.com\/wp-content\/uploads\/2014\/10\/Carvaval-de-los-mil-tambores_Fotos-de-Marcela-Contardo-Berrios-5.jpg","datePublished":"2014-10-09T18:15:03+00:00","dateModified":"2014-10-09T18:20:22+00:00","description":"Textos: Marcela Contardo Berr\u00edos Patrimonio cultural del arte popular, lugar del encuentro, trinchera de la paz, la justicia y dignidad de los pueblos.","breadcrumb":{"@id":"https:\/\/www.pressenza.com\/es\/2014\/10\/valparaiso-carnaval-de-los-mil-tambores\/#breadcrumb"},"inLanguage":"es","potentialAction":[{"@type":"ReadAction","target":["https:\/\/www.pressenza.com\/es\/2014\/10\/valparaiso-carnaval-de-los-mil-tambores\/"]}]},{"@type":"ImageObject","inLanguage":"es","@id":"https:\/\/www.pressenza.com\/es\/2014\/10\/valparaiso-carnaval-de-los-mil-tambores\/#primaryimage","url":"https:\/\/www.pressenza.com\/wp-content\/uploads\/2014\/10\/Carvaval-de-los-mil-tambores_Fotos-de-Marcela-Contardo-Berrios-5.jpg","contentUrl":"https:\/\/www.pressenza.com\/wp-content\/uploads\/2014\/10\/Carvaval-de-los-mil-tambores_Fotos-de-Marcela-Contardo-Berrios-5.jpg","width":800,"height":533},{"@type":"BreadcrumbList","@id":"https:\/\/www.pressenza.com\/es\/2014\/10\/valparaiso-carnaval-de-los-mil-tambores\/#breadcrumb","itemListElement":[{"@type":"ListItem","position":1,"name":"Accueil","item":"https:\/\/www.pressenza.com\/es\/"},{"@type":"ListItem","position":2,"name":"Valpara\u00edso: \u00abCarnaval de los Mil Tambores\u00bb"}]},{"@type":"WebSite","@id":"https:\/\/www.pressenza.com\/es\/#website","url":"https:\/\/www.pressenza.com\/es\/","name":"Pressenza","description":"International Press Agency","publisher":{"@id":"https:\/\/www.pressenza.com\/es\/#organization"},"potentialAction":[{"@type":"SearchAction","target":{"@type":"EntryPoint","urlTemplate":"https:\/\/www.pressenza.com\/es\/?s={search_term_string}"},"query-input":{"@type":"PropertyValueSpecification","valueRequired":true,"valueName":"search_term_string"}}],"inLanguage":"es"},{"@type":"Organization","@id":"https:\/\/www.pressenza.com\/es\/#organization","name":"Pressenza","url":"https:\/\/www.pressenza.com\/es\/","logo":{"@type":"ImageObject","inLanguage":"es","@id":"https:\/\/www.pressenza.com\/es\/#\/schema\/logo\/image\/","url":"https:\/\/www.pressenza.com\/wp-content\/uploads\/2022\/10\/pressenza_logo_200x200.jpg","contentUrl":"https:\/\/www.pressenza.com\/wp-content\/uploads\/2022\/10\/pressenza_logo_200x200.jpg","width":200,"height":200,"caption":"Pressenza"},"image":{"@id":"https:\/\/www.pressenza.com\/es\/#\/schema\/logo\/image\/"},"sameAs":["https:\/\/www.facebook.com\/PressenzaItalia","https:\/\/x.com\/PressenzaIPA"]},{"@type":"Person","@id":"https:\/\/www.pressenza.com\/es\/#\/schema\/person\/d7db40df35d6698ba69ba9ee260944ed","name":"Redacci\u00f3n Chile","description":"News from the Pressenza Bureau in Chile","sameAs":["https:\/\/www.facebook.com\/pressenza","https:\/\/x.com\/pressenza"],"url":"https:\/\/www.pressenza.com\/es\/author\/redaccion-chile\/"}]}},"place":"","original_article_url":"","_links":{"self":[{"href":"https:\/\/www.pressenza.com\/es\/wp-json\/wp\/v2\/posts\/138538","targetHints":{"allow":["GET"]}}],"collection":[{"href":"https:\/\/www.pressenza.com\/es\/wp-json\/wp\/v2\/posts"}],"about":[{"href":"https:\/\/www.pressenza.com\/es\/wp-json\/wp\/v2\/types\/post"}],"author":[{"embeddable":true,"href":"https:\/\/www.pressenza.com\/es\/wp-json\/wp\/v2\/users\/43"}],"replies":[{"embeddable":true,"href":"https:\/\/www.pressenza.com\/es\/wp-json\/wp\/v2\/comments?post=138538"}],"version-history":[{"count":0,"href":"https:\/\/www.pressenza.com\/es\/wp-json\/wp\/v2\/posts\/138538\/revisions"}],"wp:featuredmedia":[{"embeddable":true,"href":"https:\/\/www.pressenza.com\/es\/wp-json\/wp\/v2\/media\/138541"}],"wp:attachment":[{"href":"https:\/\/www.pressenza.com\/es\/wp-json\/wp\/v2\/media?parent=138538"}],"wp:term":[{"taxonomy":"category","embeddable":true,"href":"https:\/\/www.pressenza.com\/es\/wp-json\/wp\/v2\/categories?post=138538"},{"taxonomy":"post_tag","embeddable":true,"href":"https:\/\/www.pressenza.com\/es\/wp-json\/wp\/v2\/tags?post=138538"}],"curies":[{"name":"wp","href":"https:\/\/api.w.org\/{rel}","templated":true}]}}