{"id":1382446,"date":"2021-06-19T00:14:15","date_gmt":"2021-06-18T23:14:15","guid":{"rendered":"https:\/\/www.pressenza.com\/?p=1382446"},"modified":"2021-06-19T00:14:56","modified_gmt":"2021-06-18T23:14:56","slug":"llora-el-monte-adios-a-la-campesina-ramona-bustamante-y-al-lider-qom-israel-alegre","status":"publish","type":"post","link":"https:\/\/www.pressenza.com\/es\/2021\/06\/llora-el-monte-adios-a-la-campesina-ramona-bustamante-y-al-lider-qom-israel-alegre\/","title":{"rendered":"Llora el monte: adi\u00f3s a la campesina Ramona Bustamante y al l\u00edder qom Israel Alegre"},"content":{"rendered":"<p style=\"padding-left: 40px;\"><strong>Organizaciones campesinas de todo el pa\u00eds despiden a la cordobesa Ramona Bustamante, emblema de la lucha por el derecho a la tierra. Los pueblos originarios lamentan la partida de Israel Alegre, referente del Pueblo Qom, quien enfrent\u00f3 represiones y denunci\u00f3 la violaci\u00f3n de derechos humanos en Formosa.<\/strong><\/p>\n<p>&nbsp;<\/p>\n<p><strong>Ramona Bustamante falleci\u00f3 esta madrugada<\/strong> <em>(18-06)<\/em> por causas naturales, a sus 95 a\u00f1os. Muri\u00f3 en el mismo campo donde naci\u00f3, creci\u00f3 y por el cual pele\u00f3 durante m\u00e1s de 30 a\u00f1os, a 200 Kil\u00f3metros de C\u00f3rdoba capital. <strong>La resistencia de Ramona a ser desalojada de su tierra por empresarios sojeros se convirti\u00f3 en un emblema de la lucha campesina<\/strong> en el norte de la provincia mediterr\u00e1nea. El jueves 17 de junio, por Covid 19, falleci\u00f3 tambi\u00e9n <strong>el referente de la comunidad Nam Qom de Formosa, Israel Alegre, defensor de los derechos ind\u00edgenas<\/strong>. Organizaciones de todo el pa\u00eds lloran a quienes abrieron caminos de la resistencia contra el extractivismo y la depredaci\u00f3n de las poblaciones nativas y originarias.<\/p>\n<h4>\u00abLa Ramona Bustamante\u00bb<\/h4>\n<p>S<strong>u nombre significa la lucha por la dignidad y contra el avance del agronegocio<\/strong> a cualquier costo. Ramona Bustamente vivi\u00f3 sus 95 a\u00f1os en un campo ubicado en el norte cordob\u00e9s, cerca de Sebasti\u00e1n Elcano. El paraje se llama Las Maravillas, como el rumor de una esperanza. A fines de los a\u00f1os 80 comenz\u00f3 una contienda judicial que termin\u00f3 en intentos de desalojos en 2003 y en 2004. Mientras la mujer defend\u00eda el campo donde cuidaba a sus animales, los hermanos Edgardo y Juan Carlos Scaramuzza, dedicados a la producci\u00f3n extensiva de soja en Oncativo, buscaban poner el diente en aquellas 150 hect\u00e1reas. <strong>Ramona y su hijo Orlando resistieron y se convirtieron en emblema<\/strong>. Pero el fallo judicial que ordena el desalojo sigue vigente: ahora como una amenaza sobre Orlando. <strong>\u00abTenemos hecha una vida aqu\u00ed, y aqu\u00ed nos quedamos\u00bb, sol\u00eda decir Ramona.<\/strong><\/p>\n<p>En medio de una trama familiar de pleitos entre hermanos y hermanas, Ramona fue obligada a firmar un cesi\u00f3n de sus tierras, en complicidad con los Scaramuzza, que eran patrones de una de sus hermanastras. Ramona qued\u00f3 fuera de los tr\u00e1mites sucesorios y se encuentra de un d\u00eda para el otro con esa \u00abventa\u00bb de sus hermanastras a los Scaramuzza del campo donde naci\u00f3, vivi\u00f3 y vio nacer a sus hijos. La mujer resisti\u00f3 a las topadoras y a la destrucci\u00f3n de su casa de material: por la violencia utilizada vivi\u00f3 durante un tiempo en un ranchito hecho con palos y nylon.<\/p>\n<p>A principios de este a\u00f1o, el Juzgado de De\u00e1n Funes arremeti\u00f3 contra la mujer campesina. \u201cLa mami llora a cada rato; no sabe si vienen hoy a la noche o ma\u00f1ana a la ma\u00f1ana a desalojarnos. Esta ser\u00eda la tercera vez que nos desalojan; y no queremos vivir m\u00e1s bajo los naylon como las otras veces; si esta es nuestra casa, nuestro campo, nuestros animalitos. Lo que m\u00e1s bronca me da, es que har\u00e1 unos dos a\u00f1os, nos vino a ver la se\u00f1ora jueza Emma del Valle Mercado y nos dijo que mientras ella tuviera el caso, no nos iban a desalojar. Pero los Scaramuzza compran todo. La \u00faltima vez que nos desalojaron fue un mi\u00e9rcoles. Ese d\u00eda estaba yo ac\u00e1, entonces los polic\u00edas que vinieron me dijeron que ten\u00eda que viajar a De\u00e1n Funes el viernes, ir a Tribunales para ver unos papeles; cuando volv\u00ed ya estaba todo alambrado y hab\u00edan tirado abajo la casa. Me mintieron, todo compran los Scaramuzza\u201d, <a href=\"https:\/\/www.eldiarioar.com\/sociedad\/ramona-bustamante-94-anos-resiste-desalojen-tierras-grupo-sojero_1_7276251.html\" target=\"_blank\" rel=\"noreferrer noopener\">dijo Orlando en abril<\/a>.<\/p>\n<p>\u201cYo lo \u00fanico que pido es que me escuche alguien, de la Justicia, el Gobernador, alguien. Nosotros no tenemos ni un papel, los hicieron desaparecer en el tiempo de (los gobernadores Eduardo) Angeloz y (Jos\u00e9) De la Sota. No tenemos comprobantes de que el campo es nuestro, la madrastra de la mami vendi\u00f3 el campo y a nosotros nos dej\u00f3 fuera de la herencia. Queremos lo que nos corresponde y que nos escuchen, nada m\u00e1s\u201d, reclam\u00f3 entonces el hijo de Ramona.<\/p>\n<blockquote class=\"wp-block-quote\"><p>Tras su muerte, el <strong>Movimiento Nacional Campesino Ind\u00edgena-Somos Tierra<\/strong> expres\u00f3 su dolor y reconocimiento: \u00abHoy Ramona dej\u00f3 este mundo. Su cuerpo cansado de esperar justicia, descansa ya. Pero su semilla se multiplica en las y los que siguen luchando por los derechos al territorio campesino, al trabajo y a la justicia\u00bb. El movimiento se comprometi\u00f3 a \u00abcontinuar con esa lucha que nos ense\u00f1aste hasta el \u00faltimo d\u00eda de tu vida: hasta que logremos un pa\u00eds con reforma agraria y soberan\u00eda alimentaria\u00bb.<\/p><\/blockquote>\n<p>En di\u00e1logo con <strong>Tierra Viva<\/strong>, Mariana Gamboa, integrante del grupo<strong> Mujeres del Norte de C\u00f3rdoba<\/strong> -que tambi\u00e9n integra el MNCI- sostuvo que \u00abhoy Ramona es nuestra ra\u00edz, es la ra\u00edz de los procesos de lucha que han vuelto a la tierra y que en esa vuelta nos deja fortalecidos como organizaciones\u00bb. \u00abVamos a continuar junto a Orlando la b\u00fasqueda de reconocimiento por parte del Estado y la Justicia de los territorios campesinos en la provincia de C\u00f3rdoba. Nuestra ra\u00edz tambi\u00e9n nos ha hecho pensar cu\u00e1l es nuestra identidad, que es la tierra, la defensa del bosque nativo y del monte\u00bb, asegur\u00f3.<\/p>\n<p>En 2018, en el marco del D\u00eda Internacional de la Lucha Campesina, la Facultad de Filosof\u00eda y Humanidades de la Universidad Nacional de C\u00f3rdoba (UNC) distingui\u00f3 a Ramona Bustamante con el \u201cPremio Jos\u00e9 Mar\u00eda Aric\u00f3\u201d en<strong> reconocimiento a sus saberes ancestrales, la lucha por la tierra, la defensa de los recursos naturales<\/strong>. \u00abEn nuestra provincia, la emergencia ambiental se halla en un punto por dem\u00e1s cr\u00edtico, al poseer una de las mayores tasas de deforestaci\u00f3n del continente, que agudiza problemas existentes y expone a los productores campesinos a la violencia y el despojo\u201d, justificaba la resoluci\u00f3n de la UNC, que dio lugar al reconocimiento .<\/p>\n<h4>Israel Alegre<\/h4>\n<p>Este jueves, en el Hospital Interdistrital Evita de Formosa, falleci\u00f3 el <a href=\"https:\/\/www.pressenza.com\/es\/2021\/05\/para-los-pueblos-indigenas-no-hay-justicia-esa-es-la-realidad\/\" target=\"_blank\" rel=\"noopener\">referente Qom Israel Alegre<\/a>, por un cuadro de Covid19. Allegados a Alegre denuncian que no hubo comunicaci\u00f3n con los familiares mientras \u00e9l permaneci\u00f3 internado. Al respecto, la abogada Elvira Silva hab\u00eda enviado una carta al Premio Nobel de la Paz Adolfo P\u00e9rez Esquivel para informarle sobre esas circunstancias. \u201cNos preocupa la situaci\u00f3n de Israel y que no est\u00e9 recibiendo el tratamiento ni la atenci\u00f3n adecuada dado que es parte de las pr\u00e1cticas en Formosa para quienes denuncian la violaci\u00f3n de los derechos humanos y adem\u00e1s son ind\u00edgenas\u201d. A Israel Alegre el Covid 19 lo encontr\u00f3 muy bajo de peso y sin la atenci\u00f3n adecuada, como a tantas otras personas de las comunidades ind\u00edgenas de la provincia. Su muerte se relaciona con el proceso genocida que \u00e9l siempre denunci\u00f3.<\/p>\n<p>\u00abEstamos viendo c\u00f3mo grandes luchadores del movimiento ind\u00edgena est\u00e1n muriendo porque hay enfermedades preexistentes sin atenci\u00f3n m\u00e9dica adecuada, porque el Chagas es end\u00e9mico, porque est\u00e1n mal alimentados. Este es el resultado tambi\u00e9n del genocidio de los pueblos originarios en Argentina\u00bb, afirm\u00f3<strong> Valeria Mapelman<\/strong> de la <strong>Red de Investigadores en Genocidio y Pol\u00edtica Ind\u00edgena<\/strong>, en di\u00e1logo con esta agencia<\/p>\n<p>\u00abLo conocimos en 2001 cuando empez\u00f3 a venir a Buenos Aires, al Instituto Nacional de Asuntos Ind\u00edgenas (INAI), a reclamar por problemas en su comunidad\u00bb, recuerda la entrevistada. En ese tiempo presid\u00eda el pa\u00eds Eduardo Duhalde; la conducci\u00f3n del INAI era aliada pol\u00edticamente del gobernador formose\u00f1o Gildo Insfr\u00e1n. Israel no obten\u00eda respuestas a sus reclamos, pero ya entonces se le notaba el compromiso con su comunidad, Nam Qom, que actualmente integran unas 500 familias.<\/p>\n<p>En 2002 la polic\u00eda provincia reprimi\u00f3 a la comunidad, emplazada cerca de la capital provincial. Ochenta detenidos y varios heridos, entre ellos una mujer embarazada que perdi\u00f3 su beb\u00e9 en el intento de desalojo. \u00abIndios de mierda\u00bb, dec\u00eda la polic\u00eda mientras repart\u00eda golpes, mientras los torturaba para obtener declaraciones falsas. En 2004 todos los polic\u00edas implicados fueron absueltos. A Israel Alegre, traductor biling\u00fce de los testimonios de las v\u00edctimas, la Justicia provincial lo persigui\u00f3 acus\u00e1ndolo de falso testimonio. Pero \u00e9l no se rindi\u00f3: por su impulso, la causa por la represi\u00f3n lleg\u00f3 a la Corte Interamericana de Derechos Humanos (CIDH).<\/p>\n<p>\u00abIsrael era una persona muy l\u00facida, con much\u00edsimo conocimiento de derecho. Era una persona cuya indignaci\u00f3n rend\u00eda frutos. Cuando uno lo escuchaba comenzaba a entender cosas que est\u00e1n invisibilizadas completamente, que son estos otros abusos. No solamente el abuso de la polic\u00eda, sino en la educaci\u00f3n, en la Justicia\u00bb, describe Mapelman. Es recordado por todos como una persona con un gran sentido del humor, que insist\u00eda en conservar pr\u00e1cticas culturales, el idioma, salir a cazar. Era un gran artesano. \u00abAprendimos mucho de \u00e9l\u00bb, asegura Mapelman. \u00ab\u00c9l dej\u00f3 una puerta abierta para que podamos debatir estas cosas. Porque vemos que todo esto sigue pasando. La violencia sigue sucediendo\u00bb, agrega.<\/p>\n<p>Sobre las condiciones de la muerte de Israel, Mapelman reflexiona: \u00abLa conquista militar del Gran Chaco dej\u00f3 a los pueblos ind\u00edgenas sin tierra, sin acceso a la alimentaci\u00f3n, sin poder circular libremente por el territorio para cazar, para conseguir frutas, para acceder al agua. Ese proceso de colonizaci\u00f3n llev\u00f3 a la extrema pobreza que vemos hoy\u00bb. Para la entrevistada, la violencia determina la falta de salud que convierte a los pueblos originarios en m\u00e1s vulnerables ante la pandemia.<\/p>\n","protected":false},"excerpt":{"rendered":"<p>Organizaciones campesinas de todo el pa\u00eds despiden a la cordobesa Ramona Bustamante, emblema de la lucha por el derecho a la tierra. Los pueblos originarios lamentan la partida de Israel Alegre, referente del Pueblo Qom, quien enfrent\u00f3 represiones y denunci\u00f3&hellip;<\/p>\n","protected":false},"author":1254,"featured_media":1382448,"comment_status":"closed","ping_status":"closed","sticky":false,"template":"","format":"standard","meta":{"footnotes":""},"categories":[79,80,67],"tags":[57657,2535,5794,3059,54082,91217,22210,3058,92091,18507],"class_list":["post-1382446","post","type-post","status-publish","format-standard","has-post-thumbnail","hentry","category-derechos-humanos","category-pueblos-originarios","category-sudamerica","tag-agronegocio-es-2","tag-campesinos","tag-cordoba","tag-formosa","tag-indigenas-es","tag-israel-alegre","tag-pueblos-originarios","tag-qom","tag-ramona-bustamante","tag-territorios"],"yoast_head":"<!-- This site is optimized with the Yoast SEO plugin v27.1.1 - https:\/\/yoast.com\/product\/yoast-seo-wordpress\/ -->\n<title>Llora el monte: adi\u00f3s a la campesina Ramona Bustamante y al l\u00edder qom Israel Alegre<\/title>\n<meta name=\"description\" content=\"Organizaciones campesinas de todo el pa\u00eds despiden a la cordobesa Ramona Bustamante, emblema de la lucha por el derecho a la tierra. Los pueblos\" \/>\n<meta name=\"robots\" content=\"index, follow, max-snippet:-1, max-image-preview:large, max-video-preview:-1\" \/>\n<link rel=\"canonical\" href=\"https:\/\/www.pressenza.com\/es\/2021\/06\/llora-el-monte-adios-a-la-campesina-ramona-bustamante-y-al-lider-qom-israel-alegre\/\" \/>\n<meta property=\"og:locale\" content=\"es_ES\" \/>\n<meta property=\"og:type\" content=\"article\" \/>\n<meta property=\"og:title\" content=\"Llora el monte: adi\u00f3s a la campesina Ramona Bustamante y al l\u00edder qom Israel Alegre\" \/>\n<meta property=\"og:description\" content=\"Organizaciones campesinas de todo el pa\u00eds despiden a la cordobesa Ramona Bustamante, emblema de la lucha por el derecho a la tierra. Los pueblos\" \/>\n<meta property=\"og:url\" content=\"https:\/\/www.pressenza.com\/es\/2021\/06\/llora-el-monte-adios-a-la-campesina-ramona-bustamante-y-al-lider-qom-israel-alegre\/\" \/>\n<meta property=\"og:site_name\" content=\"Pressenza\" \/>\n<meta property=\"article:publisher\" content=\"https:\/\/www.facebook.com\/PressenzaItalia\" \/>\n<meta property=\"article:author\" content=\"https:\/\/www.facebook.com\/pressenza\" \/>\n<meta property=\"article:published_time\" content=\"2021-06-18T23:14:15+00:00\" \/>\n<meta property=\"article:modified_time\" content=\"2021-06-18T23:14:56+00:00\" \/>\n<meta property=\"og:image\" content=\"https:\/\/www.pressenza.com\/wp-content\/uploads\/2021\/06\/ramona_bustamante_israel_alegre_-Tierra-Viva.jpg\" \/>\n\t<meta property=\"og:image:width\" content=\"1203\" \/>\n\t<meta property=\"og:image:height\" content=\"800\" \/>\n\t<meta property=\"og:image:type\" content=\"image\/jpeg\" \/>\n<meta name=\"author\" content=\"Redacci\u00f3n Mar del Plata\" \/>\n<meta name=\"twitter:card\" content=\"summary_large_image\" \/>\n<meta name=\"twitter:creator\" content=\"@Pressenza\" \/>\n<meta name=\"twitter:site\" content=\"@PressenzaIPA\" \/>\n<meta name=\"twitter:label1\" content=\"Escrito por\" \/>\n\t<meta name=\"twitter:data1\" content=\"Redacci\u00f3n Mar del Plata\" \/>\n\t<meta name=\"twitter:label2\" content=\"Tiempo de lectura\" \/>\n\t<meta name=\"twitter:data2\" content=\"8 minutos\" \/>\n<script type=\"application\/ld+json\" class=\"yoast-schema-graph\">{\"@context\":\"https:\/\/schema.org\",\"@graph\":[{\"@type\":\"Article\",\"@id\":\"https:\/\/www.pressenza.com\/es\/2021\/06\/llora-el-monte-adios-a-la-campesina-ramona-bustamante-y-al-lider-qom-israel-alegre\/#article\",\"isPartOf\":{\"@id\":\"https:\/\/www.pressenza.com\/es\/2021\/06\/llora-el-monte-adios-a-la-campesina-ramona-bustamante-y-al-lider-qom-israel-alegre\/\"},\"author\":{\"name\":\"Redacci\u00f3n Mar del Plata\",\"@id\":\"https:\/\/www.pressenza.com\/es\/#\/schema\/person\/738658b5125ecea661a8a0b96dba8b69\"},\"headline\":\"Llora el monte: adi\u00f3s a la campesina Ramona Bustamante y al l\u00edder qom Israel Alegre\",\"datePublished\":\"2021-06-18T23:14:15+00:00\",\"dateModified\":\"2021-06-18T23:14:56+00:00\",\"mainEntityOfPage\":{\"@id\":\"https:\/\/www.pressenza.com\/es\/2021\/06\/llora-el-monte-adios-a-la-campesina-ramona-bustamante-y-al-lider-qom-israel-alegre\/\"},\"wordCount\":1620,\"publisher\":{\"@id\":\"https:\/\/www.pressenza.com\/es\/#organization\"},\"image\":{\"@id\":\"https:\/\/www.pressenza.com\/es\/2021\/06\/llora-el-monte-adios-a-la-campesina-ramona-bustamante-y-al-lider-qom-israel-alegre\/#primaryimage\"},\"thumbnailUrl\":\"https:\/\/www.pressenza.com\/wp-content\/uploads\/2021\/06\/ramona_bustamante_israel_alegre_-Tierra-Viva.jpg\",\"keywords\":[\"agronegocio\",\"campesinos\",\"Cordoba\",\"Formosa\",\"indigenas\",\"Israel Alegre\",\"Pueblos Originarios\",\"Qom\",\"Ramona Bustamante\",\"territorios\"],\"articleSection\":[\"Derechos Humanos\",\"Pueblos Originarios\",\"Sudam\u00e9rica\"],\"inLanguage\":\"es\"},{\"@type\":\"WebPage\",\"@id\":\"https:\/\/www.pressenza.com\/es\/2021\/06\/llora-el-monte-adios-a-la-campesina-ramona-bustamante-y-al-lider-qom-israel-alegre\/\",\"url\":\"https:\/\/www.pressenza.com\/es\/2021\/06\/llora-el-monte-adios-a-la-campesina-ramona-bustamante-y-al-lider-qom-israel-alegre\/\",\"name\":\"Llora el monte: adi\u00f3s a la campesina Ramona Bustamante y al l\u00edder qom Israel Alegre\",\"isPartOf\":{\"@id\":\"https:\/\/www.pressenza.com\/es\/#website\"},\"primaryImageOfPage\":{\"@id\":\"https:\/\/www.pressenza.com\/es\/2021\/06\/llora-el-monte-adios-a-la-campesina-ramona-bustamante-y-al-lider-qom-israel-alegre\/#primaryimage\"},\"image\":{\"@id\":\"https:\/\/www.pressenza.com\/es\/2021\/06\/llora-el-monte-adios-a-la-campesina-ramona-bustamante-y-al-lider-qom-israel-alegre\/#primaryimage\"},\"thumbnailUrl\":\"https:\/\/www.pressenza.com\/wp-content\/uploads\/2021\/06\/ramona_bustamante_israel_alegre_-Tierra-Viva.jpg\",\"datePublished\":\"2021-06-18T23:14:15+00:00\",\"dateModified\":\"2021-06-18T23:14:56+00:00\",\"description\":\"Organizaciones campesinas de todo el pa\u00eds despiden a la cordobesa Ramona Bustamante, emblema de la lucha por el derecho a la tierra. Los pueblos\",\"breadcrumb\":{\"@id\":\"https:\/\/www.pressenza.com\/es\/2021\/06\/llora-el-monte-adios-a-la-campesina-ramona-bustamante-y-al-lider-qom-israel-alegre\/#breadcrumb\"},\"inLanguage\":\"es\",\"potentialAction\":[{\"@type\":\"ReadAction\",\"target\":[\"https:\/\/www.pressenza.com\/es\/2021\/06\/llora-el-monte-adios-a-la-campesina-ramona-bustamante-y-al-lider-qom-israel-alegre\/\"]}]},{\"@type\":\"ImageObject\",\"inLanguage\":\"es\",\"@id\":\"https:\/\/www.pressenza.com\/es\/2021\/06\/llora-el-monte-adios-a-la-campesina-ramona-bustamante-y-al-lider-qom-israel-alegre\/#primaryimage\",\"url\":\"https:\/\/www.pressenza.com\/wp-content\/uploads\/2021\/06\/ramona_bustamante_israel_alegre_-Tierra-Viva.jpg\",\"contentUrl\":\"https:\/\/www.pressenza.com\/wp-content\/uploads\/2021\/06\/ramona_bustamante_israel_alegre_-Tierra-Viva.jpg\",\"width\":1203,\"height\":800},{\"@type\":\"BreadcrumbList\",\"@id\":\"https:\/\/www.pressenza.com\/es\/2021\/06\/llora-el-monte-adios-a-la-campesina-ramona-bustamante-y-al-lider-qom-israel-alegre\/#breadcrumb\",\"itemListElement\":[{\"@type\":\"ListItem\",\"position\":1,\"name\":\"Accueil\",\"item\":\"https:\/\/www.pressenza.com\/es\/\"},{\"@type\":\"ListItem\",\"position\":2,\"name\":\"Llora el monte: adi\u00f3s a la campesina Ramona Bustamante y al l\u00edder qom Israel Alegre\"}]},{\"@type\":\"WebSite\",\"@id\":\"https:\/\/www.pressenza.com\/es\/#website\",\"url\":\"https:\/\/www.pressenza.com\/es\/\",\"name\":\"Pressenza\",\"description\":\"International Press Agency\",\"publisher\":{\"@id\":\"https:\/\/www.pressenza.com\/es\/#organization\"},\"potentialAction\":[{\"@type\":\"SearchAction\",\"target\":{\"@type\":\"EntryPoint\",\"urlTemplate\":\"https:\/\/www.pressenza.com\/es\/?s={search_term_string}\"},\"query-input\":{\"@type\":\"PropertyValueSpecification\",\"valueRequired\":true,\"valueName\":\"search_term_string\"}}],\"inLanguage\":\"es\"},{\"@type\":\"Organization\",\"@id\":\"https:\/\/www.pressenza.com\/es\/#organization\",\"name\":\"Pressenza\",\"url\":\"https:\/\/www.pressenza.com\/es\/\",\"logo\":{\"@type\":\"ImageObject\",\"inLanguage\":\"es\",\"@id\":\"https:\/\/www.pressenza.com\/es\/#\/schema\/logo\/image\/\",\"url\":\"https:\/\/www.pressenza.com\/wp-content\/uploads\/2022\/10\/pressenza_logo_200x200.jpg\",\"contentUrl\":\"https:\/\/www.pressenza.com\/wp-content\/uploads\/2022\/10\/pressenza_logo_200x200.jpg\",\"width\":200,\"height\":200,\"caption\":\"Pressenza\"},\"image\":{\"@id\":\"https:\/\/www.pressenza.com\/es\/#\/schema\/logo\/image\/\"},\"sameAs\":[\"https:\/\/www.facebook.com\/PressenzaItalia\",\"https:\/\/x.com\/PressenzaIPA\"]},{\"@type\":\"Person\",\"@id\":\"https:\/\/www.pressenza.com\/es\/#\/schema\/person\/738658b5125ecea661a8a0b96dba8b69\",\"name\":\"Redacci\u00f3n Mar del Plata\",\"description\":\"News published by the Pressenza bureau in Mar Del Plata, Argentina\",\"sameAs\":[\"https:\/\/www.facebook.com\/pressenza\",\"https:\/\/x.com\/Pressenza\"],\"url\":\"https:\/\/www.pressenza.com\/es\/author\/redaccion-mar-del-plata\/\"}]}<\/script>\n<!-- \/ Yoast SEO plugin. -->","yoast_head_json":{"title":"Llora el monte: adi\u00f3s a la campesina Ramona Bustamante y al l\u00edder qom Israel Alegre","description":"Organizaciones campesinas de todo el pa\u00eds despiden a la cordobesa Ramona Bustamante, emblema de la lucha por el derecho a la tierra. Los pueblos","robots":{"index":"index","follow":"follow","max-snippet":"max-snippet:-1","max-image-preview":"max-image-preview:large","max-video-preview":"max-video-preview:-1"},"canonical":"https:\/\/www.pressenza.com\/es\/2021\/06\/llora-el-monte-adios-a-la-campesina-ramona-bustamante-y-al-lider-qom-israel-alegre\/","og_locale":"es_ES","og_type":"article","og_title":"Llora el monte: adi\u00f3s a la campesina Ramona Bustamante y al l\u00edder qom Israel Alegre","og_description":"Organizaciones campesinas de todo el pa\u00eds despiden a la cordobesa Ramona Bustamante, emblema de la lucha por el derecho a la tierra. Los pueblos","og_url":"https:\/\/www.pressenza.com\/es\/2021\/06\/llora-el-monte-adios-a-la-campesina-ramona-bustamante-y-al-lider-qom-israel-alegre\/","og_site_name":"Pressenza","article_publisher":"https:\/\/www.facebook.com\/PressenzaItalia","article_author":"https:\/\/www.facebook.com\/pressenza","article_published_time":"2021-06-18T23:14:15+00:00","article_modified_time":"2021-06-18T23:14:56+00:00","og_image":[{"width":1203,"height":800,"url":"https:\/\/www.pressenza.com\/wp-content\/uploads\/2021\/06\/ramona_bustamante_israel_alegre_-Tierra-Viva.jpg","type":"image\/jpeg"}],"author":"Redacci\u00f3n Mar del Plata","twitter_card":"summary_large_image","twitter_creator":"@Pressenza","twitter_site":"@PressenzaIPA","twitter_misc":{"Escrito por":"Redacci\u00f3n Mar del Plata","Tiempo de lectura":"8 minutos"},"schema":{"@context":"https:\/\/schema.org","@graph":[{"@type":"Article","@id":"https:\/\/www.pressenza.com\/es\/2021\/06\/llora-el-monte-adios-a-la-campesina-ramona-bustamante-y-al-lider-qom-israel-alegre\/#article","isPartOf":{"@id":"https:\/\/www.pressenza.com\/es\/2021\/06\/llora-el-monte-adios-a-la-campesina-ramona-bustamante-y-al-lider-qom-israel-alegre\/"},"author":{"name":"Redacci\u00f3n Mar del Plata","@id":"https:\/\/www.pressenza.com\/es\/#\/schema\/person\/738658b5125ecea661a8a0b96dba8b69"},"headline":"Llora el monte: adi\u00f3s a la campesina Ramona Bustamante y al l\u00edder qom Israel Alegre","datePublished":"2021-06-18T23:14:15+00:00","dateModified":"2021-06-18T23:14:56+00:00","mainEntityOfPage":{"@id":"https:\/\/www.pressenza.com\/es\/2021\/06\/llora-el-monte-adios-a-la-campesina-ramona-bustamante-y-al-lider-qom-israel-alegre\/"},"wordCount":1620,"publisher":{"@id":"https:\/\/www.pressenza.com\/es\/#organization"},"image":{"@id":"https:\/\/www.pressenza.com\/es\/2021\/06\/llora-el-monte-adios-a-la-campesina-ramona-bustamante-y-al-lider-qom-israel-alegre\/#primaryimage"},"thumbnailUrl":"https:\/\/www.pressenza.com\/wp-content\/uploads\/2021\/06\/ramona_bustamante_israel_alegre_-Tierra-Viva.jpg","keywords":["agronegocio","campesinos","Cordoba","Formosa","indigenas","Israel Alegre","Pueblos Originarios","Qom","Ramona Bustamante","territorios"],"articleSection":["Derechos Humanos","Pueblos Originarios","Sudam\u00e9rica"],"inLanguage":"es"},{"@type":"WebPage","@id":"https:\/\/www.pressenza.com\/es\/2021\/06\/llora-el-monte-adios-a-la-campesina-ramona-bustamante-y-al-lider-qom-israel-alegre\/","url":"https:\/\/www.pressenza.com\/es\/2021\/06\/llora-el-monte-adios-a-la-campesina-ramona-bustamante-y-al-lider-qom-israel-alegre\/","name":"Llora el monte: adi\u00f3s a la campesina Ramona Bustamante y al l\u00edder qom Israel Alegre","isPartOf":{"@id":"https:\/\/www.pressenza.com\/es\/#website"},"primaryImageOfPage":{"@id":"https:\/\/www.pressenza.com\/es\/2021\/06\/llora-el-monte-adios-a-la-campesina-ramona-bustamante-y-al-lider-qom-israel-alegre\/#primaryimage"},"image":{"@id":"https:\/\/www.pressenza.com\/es\/2021\/06\/llora-el-monte-adios-a-la-campesina-ramona-bustamante-y-al-lider-qom-israel-alegre\/#primaryimage"},"thumbnailUrl":"https:\/\/www.pressenza.com\/wp-content\/uploads\/2021\/06\/ramona_bustamante_israel_alegre_-Tierra-Viva.jpg","datePublished":"2021-06-18T23:14:15+00:00","dateModified":"2021-06-18T23:14:56+00:00","description":"Organizaciones campesinas de todo el pa\u00eds despiden a la cordobesa Ramona Bustamante, emblema de la lucha por el derecho a la tierra. Los pueblos","breadcrumb":{"@id":"https:\/\/www.pressenza.com\/es\/2021\/06\/llora-el-monte-adios-a-la-campesina-ramona-bustamante-y-al-lider-qom-israel-alegre\/#breadcrumb"},"inLanguage":"es","potentialAction":[{"@type":"ReadAction","target":["https:\/\/www.pressenza.com\/es\/2021\/06\/llora-el-monte-adios-a-la-campesina-ramona-bustamante-y-al-lider-qom-israel-alegre\/"]}]},{"@type":"ImageObject","inLanguage":"es","@id":"https:\/\/www.pressenza.com\/es\/2021\/06\/llora-el-monte-adios-a-la-campesina-ramona-bustamante-y-al-lider-qom-israel-alegre\/#primaryimage","url":"https:\/\/www.pressenza.com\/wp-content\/uploads\/2021\/06\/ramona_bustamante_israel_alegre_-Tierra-Viva.jpg","contentUrl":"https:\/\/www.pressenza.com\/wp-content\/uploads\/2021\/06\/ramona_bustamante_israel_alegre_-Tierra-Viva.jpg","width":1203,"height":800},{"@type":"BreadcrumbList","@id":"https:\/\/www.pressenza.com\/es\/2021\/06\/llora-el-monte-adios-a-la-campesina-ramona-bustamante-y-al-lider-qom-israel-alegre\/#breadcrumb","itemListElement":[{"@type":"ListItem","position":1,"name":"Accueil","item":"https:\/\/www.pressenza.com\/es\/"},{"@type":"ListItem","position":2,"name":"Llora el monte: adi\u00f3s a la campesina Ramona Bustamante y al l\u00edder qom Israel Alegre"}]},{"@type":"WebSite","@id":"https:\/\/www.pressenza.com\/es\/#website","url":"https:\/\/www.pressenza.com\/es\/","name":"Pressenza","description":"International Press Agency","publisher":{"@id":"https:\/\/www.pressenza.com\/es\/#organization"},"potentialAction":[{"@type":"SearchAction","target":{"@type":"EntryPoint","urlTemplate":"https:\/\/www.pressenza.com\/es\/?s={search_term_string}"},"query-input":{"@type":"PropertyValueSpecification","valueRequired":true,"valueName":"search_term_string"}}],"inLanguage":"es"},{"@type":"Organization","@id":"https:\/\/www.pressenza.com\/es\/#organization","name":"Pressenza","url":"https:\/\/www.pressenza.com\/es\/","logo":{"@type":"ImageObject","inLanguage":"es","@id":"https:\/\/www.pressenza.com\/es\/#\/schema\/logo\/image\/","url":"https:\/\/www.pressenza.com\/wp-content\/uploads\/2022\/10\/pressenza_logo_200x200.jpg","contentUrl":"https:\/\/www.pressenza.com\/wp-content\/uploads\/2022\/10\/pressenza_logo_200x200.jpg","width":200,"height":200,"caption":"Pressenza"},"image":{"@id":"https:\/\/www.pressenza.com\/es\/#\/schema\/logo\/image\/"},"sameAs":["https:\/\/www.facebook.com\/PressenzaItalia","https:\/\/x.com\/PressenzaIPA"]},{"@type":"Person","@id":"https:\/\/www.pressenza.com\/es\/#\/schema\/person\/738658b5125ecea661a8a0b96dba8b69","name":"Redacci\u00f3n Mar del Plata","description":"News published by the Pressenza bureau in Mar Del Plata, Argentina","sameAs":["https:\/\/www.facebook.com\/pressenza","https:\/\/x.com\/Pressenza"],"url":"https:\/\/www.pressenza.com\/es\/author\/redaccion-mar-del-plata\/"}]}},"place":"Argentina","original_article_url":"https:\/\/agenciatierraviva.com.ar\/llora-el-monte-adios-a-la-campesina-ramona-bustamante-y-al-lider-qom-israel-alegre\/","_links":{"self":[{"href":"https:\/\/www.pressenza.com\/es\/wp-json\/wp\/v2\/posts\/1382446","targetHints":{"allow":["GET"]}}],"collection":[{"href":"https:\/\/www.pressenza.com\/es\/wp-json\/wp\/v2\/posts"}],"about":[{"href":"https:\/\/www.pressenza.com\/es\/wp-json\/wp\/v2\/types\/post"}],"author":[{"embeddable":true,"href":"https:\/\/www.pressenza.com\/es\/wp-json\/wp\/v2\/users\/1254"}],"replies":[{"embeddable":true,"href":"https:\/\/www.pressenza.com\/es\/wp-json\/wp\/v2\/comments?post=1382446"}],"version-history":[{"count":0,"href":"https:\/\/www.pressenza.com\/es\/wp-json\/wp\/v2\/posts\/1382446\/revisions"}],"wp:featuredmedia":[{"embeddable":true,"href":"https:\/\/www.pressenza.com\/es\/wp-json\/wp\/v2\/media\/1382448"}],"wp:attachment":[{"href":"https:\/\/www.pressenza.com\/es\/wp-json\/wp\/v2\/media?parent=1382446"}],"wp:term":[{"taxonomy":"category","embeddable":true,"href":"https:\/\/www.pressenza.com\/es\/wp-json\/wp\/v2\/categories?post=1382446"},{"taxonomy":"post_tag","embeddable":true,"href":"https:\/\/www.pressenza.com\/es\/wp-json\/wp\/v2\/tags?post=1382446"}],"curies":[{"name":"wp","href":"https:\/\/api.w.org\/{rel}","templated":true}]}}