{"id":138241,"date":"2014-10-08T15:51:47","date_gmt":"2014-10-08T14:51:47","guid":{"rendered":"http:\/\/www.pressenza.com\/?p=138241"},"modified":"2014-10-08T15:51:47","modified_gmt":"2014-10-08T14:51:47","slug":"tulio-el-hostil","status":"publish","type":"post","link":"https:\/\/www.pressenza.com\/es\/2014\/10\/tulio-el-hostil\/","title":{"rendered":"Tulio, el hostil"},"content":{"rendered":"<p id=\"yui_3_16_0_1_1412757906448_22701\" style=\"text-align: right;\"><em>A Felipe Pigna, el historiador. Mi amigo.<\/em><\/p>\n<p id=\"yui_3_16_0_1_1412757906448_22706\">Estuve tentado, pero no, no voy a comenzar este text\u00edculo como se acostumbra cada vez que uno tiene guardado un buen n\u00famero de ep\u00edtetos y ofensas. Para esos casos la m\u00e1scara funciona as\u00ed: \u00abCon todo respeto&#8230;\u00bb y de inmediato viene la catarata de insultos y un surtido de adjetivos peyorativos. Le acaba de suceder a Fernando \u00abPino\u00bb Solanas respecto de Cristina. Despu\u00e9s del clich\u00e9, le dice \u00abimpostora, ignorante o hip\u00f3crita\u00bb. Pero \u00abcon todo respeto\u00bb. Ese sentimiento profundo e intenso de repulsa hacia alguien que provoca el deseo de producirle un da\u00f1o o de que le ocurra alguna desgracia, el odio, los hace irse al pasto.<\/p>\n<p>Aunque existen casos m\u00e1s sutiles, sofisticados y hasta con un aura de nivel acad\u00e9mico. Es el caso del art\u00edculo de tapa de la revista \u00abNoticias\u00bb, de la Editorial Perfil, del 4 de octubre pasado. \u00abManuel Belgrano: el h\u00e9roe que no fue\u00bb es el t\u00edtulo de la nota, impreso sobre la imagen del pr\u00f3cer y con un lacre ostentoso en su lado derecho. Adem\u00e1s, en tipograf\u00eda menor, resume los piropos: lo trata de \u00abincompetente, fantasioso, egoc\u00e9ntrico y sin sentido com\u00fan\u00bb. Como si se tratara del chico de los mandados del Se\u00f1or Director de la casa editorial, don Jorge de la Fuente Vieja. Sobre el final de la presentaci\u00f3n se deschava que Belgrano es el preferido de CFK, as\u00ed dice. Ergo, si \u00e9ste impresentable es la debilidad de la Morocha se deduce que la mina tiene en su \u00e1lbum a la galer\u00eda de los peores y eso explicar\u00eda c\u00f3mo es ella.<\/p>\n<p id=\"yui_3_16_0_1_1412757906448_22712\">Que a esta altura del milenio que recorremos uno tenga que salir a bancar a don Manuel es m\u00e1s raro que encontrar una palmera caribe\u00f1a en Ischigualasto, pero parece que los caminos de la batalla cultural son inescrutables. Habr\u00e1 que recordar, siguiendo las ense\u00f1anzas de Felipe Pigna, que Belgrano fue el m\u00e1s fervoroso impulsor de una pol\u00edtica de fomento a la industria dentro de los art\u00edfices de Mayo de 1810, de una verdadera Reforma Agraria basada en la expropiaci\u00f3n de las tierras bald\u00edas e improductivas a favor de los despose\u00eddos, de la creaci\u00f3n de escuelas de n\u00e1utica y matem\u00e1tica, un fervoroso defensor de una m\u00e1s justa distribuci\u00f3n de la riqueza y un ser humano de una contagiosa humildad y generosidad. Basta el ejemplo de los 40.000 pesos oro de recompensa por su tarea al frente del Ej\u00e9rcito del Norte que donara para la construcci\u00f3n de escuelas. Al d\u00eda de hoy ser\u00eda el equivalente a unos 120 millones de pesos, pero el destino de su donaci\u00f3n reci\u00e9n se vino a cumplir en la d\u00e9cada de los 90 del siglo pasado. Humilde s\u00ed, pero tambi\u00e9n subversivo y rebelde. Cualquiera de nuestros escolares sabe qui\u00e9n fue el creador de la bandera nacional, pero no se termina de ense\u00f1ar que ese acto fue un gesto de rebeld\u00eda ante la pusil\u00e1nime actitud pol\u00edtica de los se\u00f1ores del puerto. Todo el territorio nacional est\u00e1 lleno de calles, plazas, pueblos, puentes, montes, lagos y lagunas, almacenes y tintorer\u00edas, bares y comederos, edificios y esquinas que llevan su nombre, la mayor\u00eda haciendo alusi\u00f3n a su rol de General, otra de las facetas de generoso patriotismo de quien siendo un intelectual de fuste puso al servicio de nuestra libertad sus magras dotes de soldado, pero su firme vocaci\u00f3n de patriota. All\u00ed est\u00e1n sus derrotas, Vilcapugio (1\/10\/1813) y Ayohuma (14\/11\/1813), pero sobre todo Salta (20\/2\/1813) y Tucum\u00e1n (24 y 25\/9\/1812) para cerrar la frontera norte al avance realista.<\/p>\n<p>Lo sorprendente, o no, es que el art\u00edculo mencionado lleva la firma de Tulio Halper\u00edn Donghi, uno de los catedr\u00e1ticos m\u00e1s renombrados del pa\u00eds y que, para la ocasi\u00f3n, pone en juego su prestigio y los m\u00e1s de 23 libros publicados, desde aquel de 1951, \u00abEl pensamiento de Echeverr\u00eda\u00bb hasta \u00abLa Rep\u00fablica imposible 1930-1945\u00bb, de 2004. O el m\u00e1s reciente, \u00abTestimonio de un observador participante\u00bb (Prometeo, 2014).<\/p>\n<p id=\"yui_3_16_0_1_1412757906448_22713\">Su nombre, Tulio, me hizo cosquillas en la memoria. Fui al disco r\u00edgido de mi cerebro y apareci\u00f3 el tercer Rey de Roma, Tulio Hostilio, un se\u00f1or particularmente belicoso, dicen los libros de Historia, ellos que no muerden. No s\u00e9 si de ah\u00ed deriva el t\u00e9rmino hostil o es al rev\u00e9s, que al tipo le pusieron Hostilio porque era pendenciero, pero segu\u00ed hurgando en su biograf\u00eda. En la de nuestro historiador, digo. Y leo que naci\u00f3 un 27 de octubre de 1926. La cuesti\u00f3n es que don Halper\u00edn y do\u00f1a Donghi le pusieron Tulio al cachorro y as\u00ed qued\u00f3 marcado para las p\u00e1ginas de las celebridades acad\u00e9micas. Entonces trat\u00e9 de imaginar c\u00f3mo habr\u00e1 festejado su cumplea\u00f1os n\u00famero 84. Mientras \u00e9l y sus seres queridos descorchaban un espumante de alta gama para brindar por la vida, la obra, la lucidez y la buena salud del profesor universitario, el pueblo argentino comenzaba a transitar uno de los momentos m\u00e1s tristes y, a la vez, militantes de la \u00e9poca. Mor\u00eda N\u00e9stor y la calle se llenaba de llanto y compromiso.<\/p>\n<p id=\"yui_3_16_0_1_1412757906448_22719\">Las tapas de la revista Noticias ya son un cl\u00e1sico del periodismo berreta e irrespetuoso. \u00abLa reina est\u00e1 desnuda\u00bb, \u00abEl goce de Cristina\u00bb, las referencias a una supuesta enfermedad psiqui\u00e1trica de la presidenta, el burdo ataque a V\u00edctor Hugo Morales, las burlas a M\u00e1ximo Kirchner y tantas m\u00e1s pueden formar parte de un muestrario de groser\u00edas period\u00edsticas de estudio. Que un anciano a punto de cumplir 88 a\u00f1os, cargado de laureles y oropeles, rife su prestigio por el odio de clases de un conglomerado comunicacional puede indicar dos cosas, al menos. O participa a conciencia del combate ideol\u00f3gico, a favor del pensamiento reaccionario de la publicaci\u00f3n. O est\u00e1 gag\u00e1 y lo utilizan a mansalva.<\/p>\n<p id=\"yui_3_16_0_1_1412757906448_22718\">En todo caso, el tiro por elevaci\u00f3n y la hostilidad, son evidentes.As\u00ed que ya saben chicos, Belgrano es malo y no le hagan caso a Felipe Pigna y, mucho menos, a la presidenta. Ellos tambi\u00e9n son muy malos.<\/p>\n<div id=\"yui_3_16_0_1_1412757906448_22714\"><\/div>\n","protected":false},"excerpt":{"rendered":"<p>A Felipe Pigna, el historiador. Mi amigo. Estuve tentado, pero no, no voy a comenzar este text\u00edculo como se acostumbra cada vez que uno tiene guardado un buen n\u00famero de ep\u00edtetos y ofensas. Para esos casos la m\u00e1scara funciona as\u00ed:&hellip;<\/p>\n","protected":false},"author":922,"featured_media":94669,"comment_status":"closed","ping_status":"open","sticky":false,"template":"","format":"standard","meta":{"footnotes":""},"categories":[75,161,74,67],"tags":[26,1146,696,441,523,623],"class_list":["post-138241","post","type-post","status-publish","format-standard","has-post-thumbnail","hentry","category-cultura-es","category-opiniones","category-politica-es","category-sudamerica","tag-argentina","tag-cristina-fernandez-de-kirchner","tag-democracia","tag-derechos-humanos","tag-medios-de-comunicacion","tag-violencia"],"yoast_head":"<!-- This site is optimized with the Yoast SEO plugin v27.1.1 - https:\/\/yoast.com\/product\/yoast-seo-wordpress\/ -->\n<title>Tulio, el hostil<\/title>\n<meta name=\"description\" content=\"A Felipe Pigna, el historiador. Mi amigo. Estuve tentado, pero no, no voy a comenzar este text\u00edculo como se acostumbra cada vez que uno tiene guardado un\" \/>\n<meta name=\"robots\" content=\"index, follow, max-snippet:-1, max-image-preview:large, max-video-preview:-1\" \/>\n<link rel=\"canonical\" href=\"https:\/\/www.pressenza.com\/es\/2014\/10\/tulio-el-hostil\/\" \/>\n<meta property=\"og:locale\" content=\"es_ES\" \/>\n<meta property=\"og:type\" content=\"article\" \/>\n<meta property=\"og:title\" content=\"Tulio, el hostil\" \/>\n<meta property=\"og:description\" content=\"A Felipe Pigna, el historiador. Mi amigo. Estuve tentado, pero no, no voy a comenzar este text\u00edculo como se acostumbra cada vez que uno tiene guardado un\" \/>\n<meta property=\"og:url\" content=\"https:\/\/www.pressenza.com\/es\/2014\/10\/tulio-el-hostil\/\" \/>\n<meta property=\"og:site_name\" content=\"Pressenza\" \/>\n<meta property=\"article:publisher\" content=\"https:\/\/www.facebook.com\/PressenzaItalia\" \/>\n<meta property=\"article:published_time\" content=\"2014-10-08T14:51:47+00:00\" \/>\n<meta property=\"og:image\" content=\"https:\/\/www.pressenza.com\/wp-content\/uploads\/2014\/03\/JulioRudman_revoluciontrespuntocero.jpg\" \/>\n\t<meta property=\"og:image:width\" content=\"584\" \/>\n\t<meta property=\"og:image:height\" content=\"292\" \/>\n\t<meta property=\"og:image:type\" content=\"image\/jpeg\" \/>\n<meta name=\"author\" content=\"Julio Rudman\" \/>\n<meta name=\"twitter:card\" content=\"summary_large_image\" \/>\n<meta name=\"twitter:creator\" content=\"@PressenzaIPA\" \/>\n<meta name=\"twitter:site\" content=\"@PressenzaIPA\" \/>\n<meta name=\"twitter:label1\" content=\"Escrito por\" \/>\n\t<meta name=\"twitter:data1\" content=\"Julio Rudman\" \/>\n\t<meta name=\"twitter:label2\" content=\"Tiempo de lectura\" \/>\n\t<meta name=\"twitter:data2\" content=\"5 minutos\" \/>\n<script type=\"application\/ld+json\" class=\"yoast-schema-graph\">{\"@context\":\"https:\/\/schema.org\",\"@graph\":[{\"@type\":\"Article\",\"@id\":\"https:\/\/www.pressenza.com\/es\/2014\/10\/tulio-el-hostil\/#article\",\"isPartOf\":{\"@id\":\"https:\/\/www.pressenza.com\/es\/2014\/10\/tulio-el-hostil\/\"},\"author\":{\"name\":\"Julio Rudman\",\"@id\":\"https:\/\/www.pressenza.com\/es\/#\/schema\/person\/bfb2123ddd224e1ceebc4f8ae8a61b3d\"},\"headline\":\"Tulio, el hostil\",\"datePublished\":\"2014-10-08T14:51:47+00:00\",\"mainEntityOfPage\":{\"@id\":\"https:\/\/www.pressenza.com\/es\/2014\/10\/tulio-el-hostil\/\"},\"wordCount\":1055,\"publisher\":{\"@id\":\"https:\/\/www.pressenza.com\/es\/#organization\"},\"image\":{\"@id\":\"https:\/\/www.pressenza.com\/es\/2014\/10\/tulio-el-hostil\/#primaryimage\"},\"thumbnailUrl\":\"https:\/\/www.pressenza.com\/wp-content\/uploads\/2014\/03\/JulioRudman_revoluciontrespuntocero.jpg\",\"keywords\":[\"Argentina\",\"Cristina Fernandez de Kirchner\",\"Democracia\",\"Derechos humanos\",\"medios de comunicaci\u00f3n\",\"Violencia\"],\"articleSection\":[\"Cultura y Medios\",\"Opiniones\",\"Pol\u00edtica\",\"Sudam\u00e9rica\"],\"inLanguage\":\"es\"},{\"@type\":\"WebPage\",\"@id\":\"https:\/\/www.pressenza.com\/es\/2014\/10\/tulio-el-hostil\/\",\"url\":\"https:\/\/www.pressenza.com\/es\/2014\/10\/tulio-el-hostil\/\",\"name\":\"Tulio, el hostil\",\"isPartOf\":{\"@id\":\"https:\/\/www.pressenza.com\/es\/#website\"},\"primaryImageOfPage\":{\"@id\":\"https:\/\/www.pressenza.com\/es\/2014\/10\/tulio-el-hostil\/#primaryimage\"},\"image\":{\"@id\":\"https:\/\/www.pressenza.com\/es\/2014\/10\/tulio-el-hostil\/#primaryimage\"},\"thumbnailUrl\":\"https:\/\/www.pressenza.com\/wp-content\/uploads\/2014\/03\/JulioRudman_revoluciontrespuntocero.jpg\",\"datePublished\":\"2014-10-08T14:51:47+00:00\",\"description\":\"A Felipe Pigna, el historiador. Mi amigo. Estuve tentado, pero no, no voy a comenzar este text\u00edculo como se acostumbra cada vez que uno tiene guardado un\",\"breadcrumb\":{\"@id\":\"https:\/\/www.pressenza.com\/es\/2014\/10\/tulio-el-hostil\/#breadcrumb\"},\"inLanguage\":\"es\",\"potentialAction\":[{\"@type\":\"ReadAction\",\"target\":[\"https:\/\/www.pressenza.com\/es\/2014\/10\/tulio-el-hostil\/\"]}]},{\"@type\":\"ImageObject\",\"inLanguage\":\"es\",\"@id\":\"https:\/\/www.pressenza.com\/es\/2014\/10\/tulio-el-hostil\/#primaryimage\",\"url\":\"https:\/\/www.pressenza.com\/wp-content\/uploads\/2014\/03\/JulioRudman_revoluciontrespuntocero.jpg\",\"contentUrl\":\"https:\/\/www.pressenza.com\/wp-content\/uploads\/2014\/03\/JulioRudman_revoluciontrespuntocero.jpg\",\"width\":584,\"height\":292},{\"@type\":\"BreadcrumbList\",\"@id\":\"https:\/\/www.pressenza.com\/es\/2014\/10\/tulio-el-hostil\/#breadcrumb\",\"itemListElement\":[{\"@type\":\"ListItem\",\"position\":1,\"name\":\"Accueil\",\"item\":\"https:\/\/www.pressenza.com\/es\/\"},{\"@type\":\"ListItem\",\"position\":2,\"name\":\"Tulio, el hostil\"}]},{\"@type\":\"WebSite\",\"@id\":\"https:\/\/www.pressenza.com\/es\/#website\",\"url\":\"https:\/\/www.pressenza.com\/es\/\",\"name\":\"Pressenza\",\"description\":\"International Press Agency\",\"publisher\":{\"@id\":\"https:\/\/www.pressenza.com\/es\/#organization\"},\"potentialAction\":[{\"@type\":\"SearchAction\",\"target\":{\"@type\":\"EntryPoint\",\"urlTemplate\":\"https:\/\/www.pressenza.com\/es\/?s={search_term_string}\"},\"query-input\":{\"@type\":\"PropertyValueSpecification\",\"valueRequired\":true,\"valueName\":\"search_term_string\"}}],\"inLanguage\":\"es\"},{\"@type\":\"Organization\",\"@id\":\"https:\/\/www.pressenza.com\/es\/#organization\",\"name\":\"Pressenza\",\"url\":\"https:\/\/www.pressenza.com\/es\/\",\"logo\":{\"@type\":\"ImageObject\",\"inLanguage\":\"es\",\"@id\":\"https:\/\/www.pressenza.com\/es\/#\/schema\/logo\/image\/\",\"url\":\"https:\/\/www.pressenza.com\/wp-content\/uploads\/2022\/10\/pressenza_logo_200x200.jpg\",\"contentUrl\":\"https:\/\/www.pressenza.com\/wp-content\/uploads\/2022\/10\/pressenza_logo_200x200.jpg\",\"width\":200,\"height\":200,\"caption\":\"Pressenza\"},\"image\":{\"@id\":\"https:\/\/www.pressenza.com\/es\/#\/schema\/logo\/image\/\"},\"sameAs\":[\"https:\/\/www.facebook.com\/PressenzaItalia\",\"https:\/\/x.com\/PressenzaIPA\"]},{\"@type\":\"Person\",\"@id\":\"https:\/\/www.pressenza.com\/es\/#\/schema\/person\/bfb2123ddd224e1ceebc4f8ae8a61b3d\",\"name\":\"Julio Rudman\",\"url\":\"https:\/\/www.pressenza.com\/es\/author\/juliorudman\/\"}]}<\/script>\n<!-- \/ Yoast SEO plugin. -->","yoast_head_json":{"title":"Tulio, el hostil","description":"A Felipe Pigna, el historiador. Mi amigo. Estuve tentado, pero no, no voy a comenzar este text\u00edculo como se acostumbra cada vez que uno tiene guardado un","robots":{"index":"index","follow":"follow","max-snippet":"max-snippet:-1","max-image-preview":"max-image-preview:large","max-video-preview":"max-video-preview:-1"},"canonical":"https:\/\/www.pressenza.com\/es\/2014\/10\/tulio-el-hostil\/","og_locale":"es_ES","og_type":"article","og_title":"Tulio, el hostil","og_description":"A Felipe Pigna, el historiador. Mi amigo. Estuve tentado, pero no, no voy a comenzar este text\u00edculo como se acostumbra cada vez que uno tiene guardado un","og_url":"https:\/\/www.pressenza.com\/es\/2014\/10\/tulio-el-hostil\/","og_site_name":"Pressenza","article_publisher":"https:\/\/www.facebook.com\/PressenzaItalia","article_published_time":"2014-10-08T14:51:47+00:00","og_image":[{"width":584,"height":292,"url":"https:\/\/www.pressenza.com\/wp-content\/uploads\/2014\/03\/JulioRudman_revoluciontrespuntocero.jpg","type":"image\/jpeg"}],"author":"Julio Rudman","twitter_card":"summary_large_image","twitter_creator":"@PressenzaIPA","twitter_site":"@PressenzaIPA","twitter_misc":{"Escrito por":"Julio Rudman","Tiempo de lectura":"5 minutos"},"schema":{"@context":"https:\/\/schema.org","@graph":[{"@type":"Article","@id":"https:\/\/www.pressenza.com\/es\/2014\/10\/tulio-el-hostil\/#article","isPartOf":{"@id":"https:\/\/www.pressenza.com\/es\/2014\/10\/tulio-el-hostil\/"},"author":{"name":"Julio Rudman","@id":"https:\/\/www.pressenza.com\/es\/#\/schema\/person\/bfb2123ddd224e1ceebc4f8ae8a61b3d"},"headline":"Tulio, el hostil","datePublished":"2014-10-08T14:51:47+00:00","mainEntityOfPage":{"@id":"https:\/\/www.pressenza.com\/es\/2014\/10\/tulio-el-hostil\/"},"wordCount":1055,"publisher":{"@id":"https:\/\/www.pressenza.com\/es\/#organization"},"image":{"@id":"https:\/\/www.pressenza.com\/es\/2014\/10\/tulio-el-hostil\/#primaryimage"},"thumbnailUrl":"https:\/\/www.pressenza.com\/wp-content\/uploads\/2014\/03\/JulioRudman_revoluciontrespuntocero.jpg","keywords":["Argentina","Cristina Fernandez de Kirchner","Democracia","Derechos humanos","medios de comunicaci\u00f3n","Violencia"],"articleSection":["Cultura y Medios","Opiniones","Pol\u00edtica","Sudam\u00e9rica"],"inLanguage":"es"},{"@type":"WebPage","@id":"https:\/\/www.pressenza.com\/es\/2014\/10\/tulio-el-hostil\/","url":"https:\/\/www.pressenza.com\/es\/2014\/10\/tulio-el-hostil\/","name":"Tulio, el hostil","isPartOf":{"@id":"https:\/\/www.pressenza.com\/es\/#website"},"primaryImageOfPage":{"@id":"https:\/\/www.pressenza.com\/es\/2014\/10\/tulio-el-hostil\/#primaryimage"},"image":{"@id":"https:\/\/www.pressenza.com\/es\/2014\/10\/tulio-el-hostil\/#primaryimage"},"thumbnailUrl":"https:\/\/www.pressenza.com\/wp-content\/uploads\/2014\/03\/JulioRudman_revoluciontrespuntocero.jpg","datePublished":"2014-10-08T14:51:47+00:00","description":"A Felipe Pigna, el historiador. Mi amigo. Estuve tentado, pero no, no voy a comenzar este text\u00edculo como se acostumbra cada vez que uno tiene guardado un","breadcrumb":{"@id":"https:\/\/www.pressenza.com\/es\/2014\/10\/tulio-el-hostil\/#breadcrumb"},"inLanguage":"es","potentialAction":[{"@type":"ReadAction","target":["https:\/\/www.pressenza.com\/es\/2014\/10\/tulio-el-hostil\/"]}]},{"@type":"ImageObject","inLanguage":"es","@id":"https:\/\/www.pressenza.com\/es\/2014\/10\/tulio-el-hostil\/#primaryimage","url":"https:\/\/www.pressenza.com\/wp-content\/uploads\/2014\/03\/JulioRudman_revoluciontrespuntocero.jpg","contentUrl":"https:\/\/www.pressenza.com\/wp-content\/uploads\/2014\/03\/JulioRudman_revoluciontrespuntocero.jpg","width":584,"height":292},{"@type":"BreadcrumbList","@id":"https:\/\/www.pressenza.com\/es\/2014\/10\/tulio-el-hostil\/#breadcrumb","itemListElement":[{"@type":"ListItem","position":1,"name":"Accueil","item":"https:\/\/www.pressenza.com\/es\/"},{"@type":"ListItem","position":2,"name":"Tulio, el hostil"}]},{"@type":"WebSite","@id":"https:\/\/www.pressenza.com\/es\/#website","url":"https:\/\/www.pressenza.com\/es\/","name":"Pressenza","description":"International Press Agency","publisher":{"@id":"https:\/\/www.pressenza.com\/es\/#organization"},"potentialAction":[{"@type":"SearchAction","target":{"@type":"EntryPoint","urlTemplate":"https:\/\/www.pressenza.com\/es\/?s={search_term_string}"},"query-input":{"@type":"PropertyValueSpecification","valueRequired":true,"valueName":"search_term_string"}}],"inLanguage":"es"},{"@type":"Organization","@id":"https:\/\/www.pressenza.com\/es\/#organization","name":"Pressenza","url":"https:\/\/www.pressenza.com\/es\/","logo":{"@type":"ImageObject","inLanguage":"es","@id":"https:\/\/www.pressenza.com\/es\/#\/schema\/logo\/image\/","url":"https:\/\/www.pressenza.com\/wp-content\/uploads\/2022\/10\/pressenza_logo_200x200.jpg","contentUrl":"https:\/\/www.pressenza.com\/wp-content\/uploads\/2022\/10\/pressenza_logo_200x200.jpg","width":200,"height":200,"caption":"Pressenza"},"image":{"@id":"https:\/\/www.pressenza.com\/es\/#\/schema\/logo\/image\/"},"sameAs":["https:\/\/www.facebook.com\/PressenzaItalia","https:\/\/x.com\/PressenzaIPA"]},{"@type":"Person","@id":"https:\/\/www.pressenza.com\/es\/#\/schema\/person\/bfb2123ddd224e1ceebc4f8ae8a61b3d","name":"Julio Rudman","url":"https:\/\/www.pressenza.com\/es\/author\/juliorudman\/"}]}},"place":"Mendoza","original_article_url":"","_links":{"self":[{"href":"https:\/\/www.pressenza.com\/es\/wp-json\/wp\/v2\/posts\/138241","targetHints":{"allow":["GET"]}}],"collection":[{"href":"https:\/\/www.pressenza.com\/es\/wp-json\/wp\/v2\/posts"}],"about":[{"href":"https:\/\/www.pressenza.com\/es\/wp-json\/wp\/v2\/types\/post"}],"author":[{"embeddable":true,"href":"https:\/\/www.pressenza.com\/es\/wp-json\/wp\/v2\/users\/922"}],"replies":[{"embeddable":true,"href":"https:\/\/www.pressenza.com\/es\/wp-json\/wp\/v2\/comments?post=138241"}],"version-history":[{"count":0,"href":"https:\/\/www.pressenza.com\/es\/wp-json\/wp\/v2\/posts\/138241\/revisions"}],"wp:featuredmedia":[{"embeddable":true,"href":"https:\/\/www.pressenza.com\/es\/wp-json\/wp\/v2\/media\/94669"}],"wp:attachment":[{"href":"https:\/\/www.pressenza.com\/es\/wp-json\/wp\/v2\/media?parent=138241"}],"wp:term":[{"taxonomy":"category","embeddable":true,"href":"https:\/\/www.pressenza.com\/es\/wp-json\/wp\/v2\/categories?post=138241"},{"taxonomy":"post_tag","embeddable":true,"href":"https:\/\/www.pressenza.com\/es\/wp-json\/wp\/v2\/tags?post=138241"}],"curies":[{"name":"wp","href":"https:\/\/api.w.org\/{rel}","templated":true}]}}