{"id":1382403,"date":"2021-06-18T22:11:26","date_gmt":"2021-06-18T21:11:26","guid":{"rendered":"https:\/\/www.pressenza.com\/?p=1382403"},"modified":"2021-06-18T22:11:26","modified_gmt":"2021-06-18T21:11:26","slug":"fuerzas-armadas-de-chile-historia-de-la-criminalidad-contra-su-pueblo","status":"publish","type":"post","link":"https:\/\/www.pressenza.com\/es\/2021\/06\/fuerzas-armadas-de-chile-historia-de-la-criminalidad-contra-su-pueblo\/","title":{"rendered":"Fuerzas Armadas de Chile: Historia de la criminalidad contra su pueblo"},"content":{"rendered":"<p>Por Jorge Molina<\/p>\n<p style=\"text-align: right;\"><em>\u201cPara que un tirano no pueda utilizar un ej\u00e9rcito\u00a0\u00a0contra su pueblo, es preciso separarle de aquel, aislarlo, pues si el ej\u00e9rcito est\u00e1 unido al pueblo, resultar\u00e1 muy dif\u00edcil\u00a0\u00a0poder usarlo contra \u00e9l\u201d.<\/em><\/p>\n<p style=\"text-align: right;\">Miguel Busquets<\/p>\n<p>Ya Daniel Jadue hab\u00eda causado cierta pol\u00e9mica en grupos privilegiados por solicitar un estatuto de garant\u00edas a las Fuerzas Armadas y al Partido Dem\u00f3crata Cristiano en el caso de que \u00e9l resulte electo Presidente de la Rep\u00fablica. No obstante que los c\u00edrculos derechistas y financieros del pa\u00eds pusieron el grito en el cielo con aquella declaraci\u00f3n, es menester efectuar una sucinta revisi\u00f3n hist\u00f3rica para refrendar y apoyar el requerimiento del edil de Recoleta, ya que en la historia republicana de Chile los cuerpos armados mercenarios, revestidos de legalidad por el patriciado mercantil triunfante, han sido el brazo ejecutor, literalmente, de las directrices implantadas por la clase alta en detrimento del pueblo llano.<\/p>\n<p>En Chile, de acuerdo al historiador Gabriel Salazar, no hemos construido ni un Estado desarrollista ni un Estado democr\u00e1tico-participativo.\u00a0En tres oportunidades: 1829 (por los mercaderes de Diego Portales), 1925 (por los pol\u00edticos liberales liderados por Arturo Alessandri Palma) y 1973 (por los economistas neoliberales amparados primero por la dictadura de Pinochet y luego por las coaliciones pol\u00edticas post-dictatoriales), el Estado nacional ha sido construido a partir de golpes militares (dos de ellos extremadamente sangrientos), con usurpaci\u00f3n de la soberan\u00eda ciudadana y para implementar el mismo paradigma liberal anglosaj\u00f3n. La ciudadan\u00eda no ha ejercido\u00a0nunca, por tanto, su soberan\u00eda, y ha sido reducida una y otra vez al uso degradante del derecho a petici\u00f3n, como tambi\u00e9n a la peri\u00f3dica elecci\u00f3n individualista de los candidatos designados y controlados mayoritariamente por la clase pol\u00edtica liberal. Con el agravante de que 2\/3 de esa ciudadan\u00eda vive de un empleo precario e inserta en una econom\u00eda informal, en la que predomina el tr\u00e1fico de diferentes especies y servicios. Es decir, no hemos construido ni un Estado verdaderamente democr\u00e1tico, ni ciudadanos soberanos, ni verdadero mercado interno.<\/p>\n<p>Las guerras civiles de 1829 y 1891 y los golpes de Estado de 1924-1925 y 1973 se produjeron despu\u00e9s de avisos m\u00e1s o menos prolongados que anunciaban la crisis pol\u00edtica. Se pudo ver el avance de los sectores m\u00e1s recalcitrantes y conservadores que promov\u00edan el quiebre antes que las posibilidades del acuerdo, la ruptura frente a una \u00faltima oportunidad de arreglo.<\/p>\n<p>Durante el siglo XIX el ej\u00e9rcito era olig\u00e1rquico-mercenario, fue creado en 1829 con la intenci\u00f3n de destruir al Estado y al ej\u00e9rcito constitucional aplastando, de esta manera, al pipiolaje civil y militar en la batalla de Lircay (1830), hecho que puso fin a la guerra civil.<\/p>\n<p>En 1891 el patriciado mercantil, principalmente ingl\u00e9s, financi\u00f3 a un ej\u00e9rcito y marina sediciosos para: derrotar al ej\u00e9rcito constitucional y para establecer una funci\u00f3n protectora para acumular el tesoro mercantil a trav\u00e9s de la especulaci\u00f3n financiera y bancaria que estaba siendo desmantelada por la pol\u00edtica\u00a0\u00a0desarrollista e industrial de Jos\u00e9 Manuel Balmaceda.<\/p>\n<p>En 1924, casi finalizando el mandato de Alessandri Palma, el Comit\u00e9 Militar prefiri\u00f3 seguir funcionando y le pidi\u00f3 a \u00e9ste que disolviera el Congreso Nacional. Tras este hecho, Alessandri, sumergido en una situaci\u00f3n que ya no pod\u00eda manejar, vio su poder en jaque y prefiri\u00f3 renunciar, autoexili\u00e1ndose en la Embajada de Estados Unidos. Sin embargo, no fue aceptada su renuncia y en cambio se le dio licencia por seis meses para ausentarse del pa\u00eds. El general Altamirano asumi\u00f3 la vicepresidencia y enseguida se form\u00f3 una Junta de Gobierno integrada por \u00e9l, el almirante Francisco Nef y el general Juan Pablo Bennet, la que procedi\u00f3 a disolver el Congreso y aceptar finalmente la renuncia de Alessandri. Termina de este modo el r\u00e9gimen parlamentario, quebr\u00e1ndose el r\u00e9gimen constitucional. Posteriormente, ocurri\u00f3 el golpe de Estado del 23 de enero de 1925 liderado por oficiales de rango medio de las Fuerzas Armadas, entre ellos Carlos Ib\u00e1\u00f1ez del Campo que derroc\u00f3 a la junta de gobierno presidida por Luis Altamirano Talavera.<\/p>\n<p>La dictadura c\u00edvico-militar, encabezada por Augusto Pinochet, defenestr\u00f3 al gobierno constitucional y popular de Salvador Allende, en connivencia con la derecha pol\u00edtica y con los auspicios de la Casa Blanca,\u00a0a punta de balas y tortura sistem\u00e1tica, trajo como secuelas que cerca de 35 mil personas fueron v\u00edctimas de violaciones a sus derechos fundamentales; de ellas, 28 mil fueron torturadas, 2.279 ejecutadas y 1.248 permanecen en situaci\u00f3n de detenidos y detenidas desaparecidos (as).<\/p>\n<p>Desde que las tropas mercenarias de Diego Portales, Jos\u00e9 Joaqu\u00edn Prieto y Manuel Bulnes (ejercito olig\u00e1rquico) aniquilasen al ej\u00e9rcito de ciudadanos en la Batalla de Lircay, lo que se ha instalado en nuestro pa\u00eds son cuerpos armados dise\u00f1ados estructuralmente para defender las prerrogativas, los intereses y el orden de las clases dominantes.<\/p>\n<p>Las Fuerzas Armadas, y en especial el ej\u00e9rcito, han tenido un rol fundamental en la construcci\u00f3n, consolidaci\u00f3n y defensa de un Estado autoritario, centralista, olig\u00e1rquico, favorable a una minor\u00eda privilegiada residente en Santiago. Fueron estos cuerpos armados los que sometieron a las provincias a la hegemon\u00eda capitalina tras diversas Guerras Civiles (1829, 1851 y 1859, por ejemplo), las que sometieron a Chilo\u00e9, anexaron las tierras de Magallanes (permitiendo el exterminio de la poblaci\u00f3n originaria), las que invadieron y usurparon territorio mapuche y el norte sojuzgando a aymaras, quechuas, collas y likanantay, los que colonizaron Rapa Nui y la Ant\u00e1rtica. Invasiones, despojo, matanzas, represi\u00f3n, fueron las herramientas con las cuales el ej\u00e9rcito y la armada construyeron el territorio chileno.<\/p>\n<p>Ya en 1871\u00a0El Mercurio\u00a0de Valpara\u00edso, en una especie de radiograf\u00eda epocal, reafirmaba sin ambages la postura clasista y desde\u00f1osa de la \u00e9lite socioecon\u00f3mica hacia las clases bajas:<\/p>\n<p><em>\u201cChile es rep\u00fablica en el nombre pero no en el hecho, aqu\u00ed hay clases superiores, hay distinciones profundas, hay privilegios, hay inmunidades de toda especie. Aqu\u00ed lo que se denomina aristocracia es todo; pero lo que se llama pueblo es nada\u2026 A las clases trabajadoras se las desprecia<\/em>\u201d.<\/p>\n<p>El historiador Gabriel Salazar nos recuerda, en su\u00a0<em>Del poder constituyente de asalariados e intelectuales<\/em>, que durante el gobierno de Salvador Allende exist\u00eda una ostensible ingenuidad acerca del apego irrestricto de las Fuerzas Armadas hacia el orden constitucional; sin embargo, ellas y el ej\u00e9rcito, en particular, hab\u00edan intervenido 22 veces en la historia pol\u00edtica nacional y todas ellas contra los movimientos democr\u00e1tico-populares, transitando desde el asesinato de Manuel Rodr\u00edguez hasta la matanza de Pampa Irogoin y el golpe de Estado de 1973. En definitiva, el ej\u00e9rcito ha sido fraccionalista m\u00e1s que nacionalista.<\/p>\n<p>Las Fuerzas Armadas convenientemente no recuerdan a los mapuche exterminados en la denominada \u201cPacificaci\u00f3n\u201d, el derrocamiento de Balmaceda, a los m\u00e1s de 2.000 muertos en Santa Mar\u00eda de Iquique, las acciones del Regimiento Esmeralda en la salitrera de San Gregorio, los 500 muertos de la Masacre de Marusia, los 2.000 asesinados en La Coru\u00f1a, los m\u00e1s de 400 acribillados en R\u00e1nquil, los ataques de la Aviaci\u00f3n en la poblaci\u00f3n Jos\u00e9 Mar\u00eda Caro, entre otras \u201cgloriosas\u201d acciones que precedieron al infame genocidio iniciado el 11 de septiembre de 1973.<\/p>\n<p>No obstante, debemos recordar a los que s\u00ed le trataron de dar algo de gloria y compromiso popular a las Fuerzas Armadas. Debemos reconocer el valor de los soldados y marinos que se mantuvieron leales al Presidente Balmaceda; de los marinos sublevados en 1931 en cuyo manifiesto indicaban que \u201c<em>no apuntar\u00edan sus armas en contra de sus hermanos de pueblo<\/em>\u201d; de Marmaduke Grove alz\u00e1ndose con la Fuerza \u00c1rea y participando en la Rep\u00fablica Socialista; de los 74 estudiantes de la Escuela de Ingenier\u00eda Naval que realizaron una huelga en 1961 por la mala alimentaci\u00f3n y los malos tratos; de los cientos de marinos que en 1973 se levantaron para oponerse al golpe de Estado, siendo torturados por sus propios camaradas de armas; de los cientos de conscriptos, soldados, cabos, oficiales y generales que se negaron a participar de la masacre contra su propio pueblo el 11 de septiembre de 1973.<\/p>\n<p>En fin, esa es la verdadera historia del ej\u00e9rcito de Chile y las Fuerzas Armadas, cancerberos de la aristocracia y el capital, verdugos hist\u00f3ricos del progreso social y de la clase popular.<\/p>\n<p>&nbsp;<\/p>\n<p>&nbsp;<\/p>\n<p style=\"text-align: left;\">\n<p>&nbsp;<\/p>\n","protected":false},"excerpt":{"rendered":"<p>Por Jorge Molina \u201cPara que un tirano no pueda utilizar un ej\u00e9rcito\u00a0\u00a0contra su pueblo, es preciso separarle de aquel, aislarlo, pues si el ej\u00e9rcito est\u00e1 unido al pueblo, resultar\u00e1 muy dif\u00edcil\u00a0\u00a0poder usarlo contra \u00e9l\u201d. Miguel Busquets Ya Daniel Jadue hab\u00eda&hellip;<\/p>\n","protected":false},"author":43,"featured_media":1382404,"comment_status":"closed","ping_status":"closed","sticky":false,"template":"","format":"standard","meta":{"footnotes":""},"categories":[11389,161,74,67],"tags":[29,1303],"class_list":["post-1382403","post","type-post","status-publish","format-standard","has-post-thumbnail","hentry","category-contenido-original","category-opiniones","category-politica-es","category-sudamerica","tag-chile","tag-fuerzas-armadas"],"yoast_head":"<!-- This site is optimized with the Yoast SEO plugin v27.1.1 - https:\/\/yoast.com\/product\/yoast-seo-wordpress\/ -->\n<title>Fuerzas Armadas de Chile: Historia de la criminalidad contra su pueblo<\/title>\n<meta name=\"description\" content=\"Por Jorge Molina \u201cPara que un tirano no pueda utilizar un ej\u00e9rcito\u00a0\u00a0contra su pueblo, es preciso separarle de aquel, aislarlo, pues si el ej\u00e9rcito est\u00e1\" \/>\n<meta name=\"robots\" content=\"index, follow, max-snippet:-1, max-image-preview:large, max-video-preview:-1\" \/>\n<link rel=\"canonical\" href=\"https:\/\/www.pressenza.com\/es\/2021\/06\/fuerzas-armadas-de-chile-historia-de-la-criminalidad-contra-su-pueblo\/\" \/>\n<meta property=\"og:locale\" content=\"es_ES\" \/>\n<meta property=\"og:type\" content=\"article\" \/>\n<meta property=\"og:title\" content=\"Fuerzas Armadas de Chile: Historia de la criminalidad contra su pueblo\" \/>\n<meta property=\"og:description\" content=\"Por Jorge Molina \u201cPara que un tirano no pueda utilizar un ej\u00e9rcito\u00a0\u00a0contra su pueblo, es preciso separarle de aquel, aislarlo, pues si el ej\u00e9rcito est\u00e1\" \/>\n<meta property=\"og:url\" content=\"https:\/\/www.pressenza.com\/es\/2021\/06\/fuerzas-armadas-de-chile-historia-de-la-criminalidad-contra-su-pueblo\/\" \/>\n<meta property=\"og:site_name\" content=\"Pressenza\" \/>\n<meta property=\"article:publisher\" content=\"https:\/\/www.facebook.com\/PressenzaItalia\" \/>\n<meta property=\"article:author\" content=\"https:\/\/www.facebook.com\/pressenza\" \/>\n<meta property=\"article:published_time\" content=\"2021-06-18T21:11:26+00:00\" \/>\n<meta property=\"og:image\" content=\"https:\/\/www.pressenza.com\/wp-content\/uploads\/2021\/06\/arton137811.jpg\" \/>\n\t<meta property=\"og:image:width\" content=\"800\" \/>\n\t<meta property=\"og:image:height\" content=\"449\" \/>\n\t<meta property=\"og:image:type\" content=\"image\/jpeg\" \/>\n<meta name=\"author\" content=\"Redacci\u00f3n Chile\" \/>\n<meta name=\"twitter:card\" content=\"summary_large_image\" \/>\n<meta name=\"twitter:creator\" content=\"@pressenza\" \/>\n<meta name=\"twitter:site\" content=\"@PressenzaIPA\" \/>\n<meta name=\"twitter:label1\" content=\"Escrito por\" \/>\n\t<meta name=\"twitter:data1\" content=\"Redacci\u00f3n Chile\" \/>\n\t<meta name=\"twitter:label2\" content=\"Tiempo de lectura\" \/>\n\t<meta name=\"twitter:data2\" content=\"7 minutos\" \/>\n<script type=\"application\/ld+json\" class=\"yoast-schema-graph\">{\"@context\":\"https:\/\/schema.org\",\"@graph\":[{\"@type\":\"Article\",\"@id\":\"https:\/\/www.pressenza.com\/es\/2021\/06\/fuerzas-armadas-de-chile-historia-de-la-criminalidad-contra-su-pueblo\/#article\",\"isPartOf\":{\"@id\":\"https:\/\/www.pressenza.com\/es\/2021\/06\/fuerzas-armadas-de-chile-historia-de-la-criminalidad-contra-su-pueblo\/\"},\"author\":{\"name\":\"Redacci\u00f3n Chile\",\"@id\":\"https:\/\/www.pressenza.com\/es\/#\/schema\/person\/d7db40df35d6698ba69ba9ee260944ed\"},\"headline\":\"Fuerzas Armadas de Chile: Historia de la criminalidad contra su pueblo\",\"datePublished\":\"2021-06-18T21:11:26+00:00\",\"mainEntityOfPage\":{\"@id\":\"https:\/\/www.pressenza.com\/es\/2021\/06\/fuerzas-armadas-de-chile-historia-de-la-criminalidad-contra-su-pueblo\/\"},\"wordCount\":1420,\"publisher\":{\"@id\":\"https:\/\/www.pressenza.com\/es\/#organization\"},\"image\":{\"@id\":\"https:\/\/www.pressenza.com\/es\/2021\/06\/fuerzas-armadas-de-chile-historia-de-la-criminalidad-contra-su-pueblo\/#primaryimage\"},\"thumbnailUrl\":\"https:\/\/www.pressenza.com\/wp-content\/uploads\/2021\/06\/arton137811.jpg\",\"keywords\":[\"Chile\",\"Fuerzas armadas\"],\"articleSection\":[\"Contenido Original\",\"Opiniones\",\"Pol\u00edtica\",\"Sudam\u00e9rica\"],\"inLanguage\":\"es\"},{\"@type\":\"WebPage\",\"@id\":\"https:\/\/www.pressenza.com\/es\/2021\/06\/fuerzas-armadas-de-chile-historia-de-la-criminalidad-contra-su-pueblo\/\",\"url\":\"https:\/\/www.pressenza.com\/es\/2021\/06\/fuerzas-armadas-de-chile-historia-de-la-criminalidad-contra-su-pueblo\/\",\"name\":\"Fuerzas Armadas de Chile: Historia de la criminalidad contra su pueblo\",\"isPartOf\":{\"@id\":\"https:\/\/www.pressenza.com\/es\/#website\"},\"primaryImageOfPage\":{\"@id\":\"https:\/\/www.pressenza.com\/es\/2021\/06\/fuerzas-armadas-de-chile-historia-de-la-criminalidad-contra-su-pueblo\/#primaryimage\"},\"image\":{\"@id\":\"https:\/\/www.pressenza.com\/es\/2021\/06\/fuerzas-armadas-de-chile-historia-de-la-criminalidad-contra-su-pueblo\/#primaryimage\"},\"thumbnailUrl\":\"https:\/\/www.pressenza.com\/wp-content\/uploads\/2021\/06\/arton137811.jpg\",\"datePublished\":\"2021-06-18T21:11:26+00:00\",\"description\":\"Por Jorge Molina \u201cPara que un tirano no pueda utilizar un ej\u00e9rcito\u00a0\u00a0contra su pueblo, es preciso separarle de aquel, aislarlo, pues si el ej\u00e9rcito est\u00e1\",\"breadcrumb\":{\"@id\":\"https:\/\/www.pressenza.com\/es\/2021\/06\/fuerzas-armadas-de-chile-historia-de-la-criminalidad-contra-su-pueblo\/#breadcrumb\"},\"inLanguage\":\"es\",\"potentialAction\":[{\"@type\":\"ReadAction\",\"target\":[\"https:\/\/www.pressenza.com\/es\/2021\/06\/fuerzas-armadas-de-chile-historia-de-la-criminalidad-contra-su-pueblo\/\"]}]},{\"@type\":\"ImageObject\",\"inLanguage\":\"es\",\"@id\":\"https:\/\/www.pressenza.com\/es\/2021\/06\/fuerzas-armadas-de-chile-historia-de-la-criminalidad-contra-su-pueblo\/#primaryimage\",\"url\":\"https:\/\/www.pressenza.com\/wp-content\/uploads\/2021\/06\/arton137811.jpg\",\"contentUrl\":\"https:\/\/www.pressenza.com\/wp-content\/uploads\/2021\/06\/arton137811.jpg\",\"width\":800,\"height\":449,\"caption\":\"panoramanews\"},{\"@type\":\"BreadcrumbList\",\"@id\":\"https:\/\/www.pressenza.com\/es\/2021\/06\/fuerzas-armadas-de-chile-historia-de-la-criminalidad-contra-su-pueblo\/#breadcrumb\",\"itemListElement\":[{\"@type\":\"ListItem\",\"position\":1,\"name\":\"Accueil\",\"item\":\"https:\/\/www.pressenza.com\/es\/\"},{\"@type\":\"ListItem\",\"position\":2,\"name\":\"Fuerzas Armadas de Chile: Historia de la criminalidad contra su pueblo\"}]},{\"@type\":\"WebSite\",\"@id\":\"https:\/\/www.pressenza.com\/es\/#website\",\"url\":\"https:\/\/www.pressenza.com\/es\/\",\"name\":\"Pressenza\",\"description\":\"International Press Agency\",\"publisher\":{\"@id\":\"https:\/\/www.pressenza.com\/es\/#organization\"},\"potentialAction\":[{\"@type\":\"SearchAction\",\"target\":{\"@type\":\"EntryPoint\",\"urlTemplate\":\"https:\/\/www.pressenza.com\/es\/?s={search_term_string}\"},\"query-input\":{\"@type\":\"PropertyValueSpecification\",\"valueRequired\":true,\"valueName\":\"search_term_string\"}}],\"inLanguage\":\"es\"},{\"@type\":\"Organization\",\"@id\":\"https:\/\/www.pressenza.com\/es\/#organization\",\"name\":\"Pressenza\",\"url\":\"https:\/\/www.pressenza.com\/es\/\",\"logo\":{\"@type\":\"ImageObject\",\"inLanguage\":\"es\",\"@id\":\"https:\/\/www.pressenza.com\/es\/#\/schema\/logo\/image\/\",\"url\":\"https:\/\/www.pressenza.com\/wp-content\/uploads\/2022\/10\/pressenza_logo_200x200.jpg\",\"contentUrl\":\"https:\/\/www.pressenza.com\/wp-content\/uploads\/2022\/10\/pressenza_logo_200x200.jpg\",\"width\":200,\"height\":200,\"caption\":\"Pressenza\"},\"image\":{\"@id\":\"https:\/\/www.pressenza.com\/es\/#\/schema\/logo\/image\/\"},\"sameAs\":[\"https:\/\/www.facebook.com\/PressenzaItalia\",\"https:\/\/x.com\/PressenzaIPA\"]},{\"@type\":\"Person\",\"@id\":\"https:\/\/www.pressenza.com\/es\/#\/schema\/person\/d7db40df35d6698ba69ba9ee260944ed\",\"name\":\"Redacci\u00f3n Chile\",\"description\":\"News from the Pressenza Bureau in Chile\",\"sameAs\":[\"https:\/\/www.facebook.com\/pressenza\",\"https:\/\/x.com\/pressenza\"],\"url\":\"https:\/\/www.pressenza.com\/es\/author\/redaccion-chile\/\"}]}<\/script>\n<!-- \/ Yoast SEO plugin. -->","yoast_head_json":{"title":"Fuerzas Armadas de Chile: Historia de la criminalidad contra su pueblo","description":"Por Jorge Molina \u201cPara que un tirano no pueda utilizar un ej\u00e9rcito\u00a0\u00a0contra su pueblo, es preciso separarle de aquel, aislarlo, pues si el ej\u00e9rcito est\u00e1","robots":{"index":"index","follow":"follow","max-snippet":"max-snippet:-1","max-image-preview":"max-image-preview:large","max-video-preview":"max-video-preview:-1"},"canonical":"https:\/\/www.pressenza.com\/es\/2021\/06\/fuerzas-armadas-de-chile-historia-de-la-criminalidad-contra-su-pueblo\/","og_locale":"es_ES","og_type":"article","og_title":"Fuerzas Armadas de Chile: Historia de la criminalidad contra su pueblo","og_description":"Por Jorge Molina \u201cPara que un tirano no pueda utilizar un ej\u00e9rcito\u00a0\u00a0contra su pueblo, es preciso separarle de aquel, aislarlo, pues si el ej\u00e9rcito est\u00e1","og_url":"https:\/\/www.pressenza.com\/es\/2021\/06\/fuerzas-armadas-de-chile-historia-de-la-criminalidad-contra-su-pueblo\/","og_site_name":"Pressenza","article_publisher":"https:\/\/www.facebook.com\/PressenzaItalia","article_author":"https:\/\/www.facebook.com\/pressenza","article_published_time":"2021-06-18T21:11:26+00:00","og_image":[{"width":800,"height":449,"url":"https:\/\/www.pressenza.com\/wp-content\/uploads\/2021\/06\/arton137811.jpg","type":"image\/jpeg"}],"author":"Redacci\u00f3n Chile","twitter_card":"summary_large_image","twitter_creator":"@pressenza","twitter_site":"@PressenzaIPA","twitter_misc":{"Escrito por":"Redacci\u00f3n Chile","Tiempo de lectura":"7 minutos"},"schema":{"@context":"https:\/\/schema.org","@graph":[{"@type":"Article","@id":"https:\/\/www.pressenza.com\/es\/2021\/06\/fuerzas-armadas-de-chile-historia-de-la-criminalidad-contra-su-pueblo\/#article","isPartOf":{"@id":"https:\/\/www.pressenza.com\/es\/2021\/06\/fuerzas-armadas-de-chile-historia-de-la-criminalidad-contra-su-pueblo\/"},"author":{"name":"Redacci\u00f3n Chile","@id":"https:\/\/www.pressenza.com\/es\/#\/schema\/person\/d7db40df35d6698ba69ba9ee260944ed"},"headline":"Fuerzas Armadas de Chile: Historia de la criminalidad contra su pueblo","datePublished":"2021-06-18T21:11:26+00:00","mainEntityOfPage":{"@id":"https:\/\/www.pressenza.com\/es\/2021\/06\/fuerzas-armadas-de-chile-historia-de-la-criminalidad-contra-su-pueblo\/"},"wordCount":1420,"publisher":{"@id":"https:\/\/www.pressenza.com\/es\/#organization"},"image":{"@id":"https:\/\/www.pressenza.com\/es\/2021\/06\/fuerzas-armadas-de-chile-historia-de-la-criminalidad-contra-su-pueblo\/#primaryimage"},"thumbnailUrl":"https:\/\/www.pressenza.com\/wp-content\/uploads\/2021\/06\/arton137811.jpg","keywords":["Chile","Fuerzas armadas"],"articleSection":["Contenido Original","Opiniones","Pol\u00edtica","Sudam\u00e9rica"],"inLanguage":"es"},{"@type":"WebPage","@id":"https:\/\/www.pressenza.com\/es\/2021\/06\/fuerzas-armadas-de-chile-historia-de-la-criminalidad-contra-su-pueblo\/","url":"https:\/\/www.pressenza.com\/es\/2021\/06\/fuerzas-armadas-de-chile-historia-de-la-criminalidad-contra-su-pueblo\/","name":"Fuerzas Armadas de Chile: Historia de la criminalidad contra su pueblo","isPartOf":{"@id":"https:\/\/www.pressenza.com\/es\/#website"},"primaryImageOfPage":{"@id":"https:\/\/www.pressenza.com\/es\/2021\/06\/fuerzas-armadas-de-chile-historia-de-la-criminalidad-contra-su-pueblo\/#primaryimage"},"image":{"@id":"https:\/\/www.pressenza.com\/es\/2021\/06\/fuerzas-armadas-de-chile-historia-de-la-criminalidad-contra-su-pueblo\/#primaryimage"},"thumbnailUrl":"https:\/\/www.pressenza.com\/wp-content\/uploads\/2021\/06\/arton137811.jpg","datePublished":"2021-06-18T21:11:26+00:00","description":"Por Jorge Molina \u201cPara que un tirano no pueda utilizar un ej\u00e9rcito\u00a0\u00a0contra su pueblo, es preciso separarle de aquel, aislarlo, pues si el ej\u00e9rcito est\u00e1","breadcrumb":{"@id":"https:\/\/www.pressenza.com\/es\/2021\/06\/fuerzas-armadas-de-chile-historia-de-la-criminalidad-contra-su-pueblo\/#breadcrumb"},"inLanguage":"es","potentialAction":[{"@type":"ReadAction","target":["https:\/\/www.pressenza.com\/es\/2021\/06\/fuerzas-armadas-de-chile-historia-de-la-criminalidad-contra-su-pueblo\/"]}]},{"@type":"ImageObject","inLanguage":"es","@id":"https:\/\/www.pressenza.com\/es\/2021\/06\/fuerzas-armadas-de-chile-historia-de-la-criminalidad-contra-su-pueblo\/#primaryimage","url":"https:\/\/www.pressenza.com\/wp-content\/uploads\/2021\/06\/arton137811.jpg","contentUrl":"https:\/\/www.pressenza.com\/wp-content\/uploads\/2021\/06\/arton137811.jpg","width":800,"height":449,"caption":"panoramanews"},{"@type":"BreadcrumbList","@id":"https:\/\/www.pressenza.com\/es\/2021\/06\/fuerzas-armadas-de-chile-historia-de-la-criminalidad-contra-su-pueblo\/#breadcrumb","itemListElement":[{"@type":"ListItem","position":1,"name":"Accueil","item":"https:\/\/www.pressenza.com\/es\/"},{"@type":"ListItem","position":2,"name":"Fuerzas Armadas de Chile: Historia de la criminalidad contra su pueblo"}]},{"@type":"WebSite","@id":"https:\/\/www.pressenza.com\/es\/#website","url":"https:\/\/www.pressenza.com\/es\/","name":"Pressenza","description":"International Press Agency","publisher":{"@id":"https:\/\/www.pressenza.com\/es\/#organization"},"potentialAction":[{"@type":"SearchAction","target":{"@type":"EntryPoint","urlTemplate":"https:\/\/www.pressenza.com\/es\/?s={search_term_string}"},"query-input":{"@type":"PropertyValueSpecification","valueRequired":true,"valueName":"search_term_string"}}],"inLanguage":"es"},{"@type":"Organization","@id":"https:\/\/www.pressenza.com\/es\/#organization","name":"Pressenza","url":"https:\/\/www.pressenza.com\/es\/","logo":{"@type":"ImageObject","inLanguage":"es","@id":"https:\/\/www.pressenza.com\/es\/#\/schema\/logo\/image\/","url":"https:\/\/www.pressenza.com\/wp-content\/uploads\/2022\/10\/pressenza_logo_200x200.jpg","contentUrl":"https:\/\/www.pressenza.com\/wp-content\/uploads\/2022\/10\/pressenza_logo_200x200.jpg","width":200,"height":200,"caption":"Pressenza"},"image":{"@id":"https:\/\/www.pressenza.com\/es\/#\/schema\/logo\/image\/"},"sameAs":["https:\/\/www.facebook.com\/PressenzaItalia","https:\/\/x.com\/PressenzaIPA"]},{"@type":"Person","@id":"https:\/\/www.pressenza.com\/es\/#\/schema\/person\/d7db40df35d6698ba69ba9ee260944ed","name":"Redacci\u00f3n Chile","description":"News from the Pressenza Bureau in Chile","sameAs":["https:\/\/www.facebook.com\/pressenza","https:\/\/x.com\/pressenza"],"url":"https:\/\/www.pressenza.com\/es\/author\/redaccion-chile\/"}]}},"place":"Santiago de Chile","original_article_url":"","_links":{"self":[{"href":"https:\/\/www.pressenza.com\/es\/wp-json\/wp\/v2\/posts\/1382403","targetHints":{"allow":["GET"]}}],"collection":[{"href":"https:\/\/www.pressenza.com\/es\/wp-json\/wp\/v2\/posts"}],"about":[{"href":"https:\/\/www.pressenza.com\/es\/wp-json\/wp\/v2\/types\/post"}],"author":[{"embeddable":true,"href":"https:\/\/www.pressenza.com\/es\/wp-json\/wp\/v2\/users\/43"}],"replies":[{"embeddable":true,"href":"https:\/\/www.pressenza.com\/es\/wp-json\/wp\/v2\/comments?post=1382403"}],"version-history":[{"count":0,"href":"https:\/\/www.pressenza.com\/es\/wp-json\/wp\/v2\/posts\/1382403\/revisions"}],"wp:featuredmedia":[{"embeddable":true,"href":"https:\/\/www.pressenza.com\/es\/wp-json\/wp\/v2\/media\/1382404"}],"wp:attachment":[{"href":"https:\/\/www.pressenza.com\/es\/wp-json\/wp\/v2\/media?parent=1382403"}],"wp:term":[{"taxonomy":"category","embeddable":true,"href":"https:\/\/www.pressenza.com\/es\/wp-json\/wp\/v2\/categories?post=1382403"},{"taxonomy":"post_tag","embeddable":true,"href":"https:\/\/www.pressenza.com\/es\/wp-json\/wp\/v2\/tags?post=1382403"}],"curies":[{"name":"wp","href":"https:\/\/api.w.org\/{rel}","templated":true}]}}