{"id":1382188,"date":"2021-06-20T16:38:39","date_gmt":"2021-06-20T15:38:39","guid":{"rendered":"https:\/\/www.pressenza.com\/?p=1382188"},"modified":"2021-06-20T16:38:39","modified_gmt":"2021-06-20T15:38:39","slug":"sindicato-amyts-apoya-la-iniciativa-de-dimisiones-en-bloque-que-impulsan-los-medicos-de-atencion-primaria","status":"publish","type":"post","link":"https:\/\/www.pressenza.com\/es\/2021\/06\/sindicato-amyts-apoya-la-iniciativa-de-dimisiones-en-bloque-que-impulsan-los-medicos-de-atencion-primaria\/","title":{"rendered":"Sindicato de AMYTS apoya la iniciativa de dimisiones en bloque que impulsan los m\u00e9dicos de Atenci\u00f3n Primaria"},"content":{"rendered":"<blockquote><p>\u00a1Los centros de salud dicen basta ya!<\/p><\/blockquote>\n<p>La situaci\u00f3n de la Atenci\u00f3n Primaria en Madrid es dram\u00e1tica. Lo venimos advirti\u00e9ndolo desde AMYTS, sindicato mayoritario entre los facultativos madrile\u00f1os, desde hace mucho tiempo. Sin embargo, la Gerencia de Atenci\u00f3n Primaria sigue mirando a otro lado y parece estar preocupada solamente de la \u201c<strong>imagen<\/strong>\u201d que se difunde de los centros de salud, en que se ve poca presencialidad. Quiz\u00e1 nuestros responsables desconocen el hecho de que las agendas est\u00e9n totalmente desbordadas por consultas, que cientos de ausencias est\u00e9n sin cubrir, o que los profesionales no pueden m\u00e1s.<\/p>\n<p>Estamos ante una Gerencia de Atenci\u00f3n Primaria que nos menosprecia asegurando que el trabajo de Atenci\u00f3n Primaria lo est\u00e1n haciendo en los hospitales. \u00a1Esta falta de reconocimiento por parte de nuestros propios gestores es indecente y debemos dejar de tolerarlo ya! Y esto mismo es lo que est\u00e1 empezando a suceder en nuestros centros de salud.<\/p>\n<p>Numerosos compa\u00f1eros han decidido dar un paso al frente y plantear dimisiones en bloque e inmediatas tanto de directores de centro como de responsables de las distintas comisiones y como tutores de nuevos residentes. <strong>\u00a1La Atenci\u00f3n Primaria no puede m\u00e1s y menos con este desprecio que sale de nuestros gerentes!\u00a0<\/strong><\/p>\n<p>Ya va siendo hora de que demos un golpe en la mesa y exijamos a la Gerencia de Atenci\u00f3n Primaria que nos reconozca y que empiece a pelear por nosotros.<\/p>\n<h4><strong>Modelos de dimisi\u00f3n<\/strong><\/h4>\n<p>Por ello, desde AMYTS apoyamos y nos hacemos eco de este movimiento que est\u00e1 surgiendo en los centros de salud adjuntando los<strong> distintos modelos de dimisi\u00f3n<\/strong> para que la Gerencia de Atenci\u00f3n Primaria se d\u00e9 cuenta de la grave situaci\u00f3n que viven sus m\u00e9dicos.<\/p>\n<ul>\n<li><strong><a href=\"https:\/\/amyts.es\/wp-content\/uploads\/2021\/06\/DIMISI\u00d3N-COMO-DIRECTOR-DE-CENTRO.docx\">DIMISI\u00d3N COMO DIRECTOR DE CENTRO<\/a><\/strong><\/li>\n<li><strong><a href=\"https:\/\/amyts.es\/wp-content\/uploads\/2021\/06\/DIMISI\u00d3N-COMO-TUTOR-DE-NUEVOS-RESIDENTES.docx\">DIMISI\u00d3N COMO TUTOR DE NUEVOS RESIDENTES<\/a><\/strong><\/li>\n<li><strong><a href=\"https:\/\/amyts.es\/wp-content\/uploads\/2021\/06\/DIMISI\u00d3N-COMO-RESPONSABLE-DE-LA-COMISI\u00d3N.docx\">DIMISI\u00d3N COMO RESPONSABLE DE COMISI\u00d3N<\/a><\/strong><\/li>\n<\/ul>\n<p>Estos modelos se deben enviar a la Direcci\u00f3n Asistencial correspondiente, as\u00ed como a la Gerencia de Atenci\u00f3n Primaria.<\/p>\n<p>Por \u00faltimo, os pedimos que nos envi\u00e9is fotos de las agendas diarias con los nombres <strong>tapados<\/strong> (sin datos personales del paciente, m\u00e9dico, etc) y los centros que se adhieren a este movimiento a <strong><em>secretaria@amyts.es<\/em><\/strong>. As\u00ed podremos inundar a la Gerencia de Atenci\u00f3n Primaria de la realidad que se niegan a reconocer.<\/p>\n<p><strong>\u00a1Que se enteren de una vez que as\u00ed no queremos seguir y que as\u00ed no podemos m\u00e1s!<\/strong><\/p>\n","protected":false},"excerpt":{"rendered":"<p>\u00a1Los centros de salud dicen basta ya! La situaci\u00f3n de la Atenci\u00f3n Primaria en Madrid es dram\u00e1tica. Lo venimos advirti\u00e9ndolo desde AMYTS, sindicato mayoritario entre los facultativos madrile\u00f1os, desde hace mucho tiempo. Sin embargo, la Gerencia de Atenci\u00f3n Primaria sigue&hellip;<\/p>\n","protected":false},"author":1681,"featured_media":1382190,"comment_status":"closed","ping_status":"closed","sticky":false,"template":"","format":"standard","meta":{"footnotes":""},"categories":[149,66,1239],"tags":[88994,92066,16528],"class_list":["post-1382188","post","type-post","status-publish","format-standard","has-post-thumbnail","hentry","category-comunicados-de-prensa","category-europa-es","category-salud","tag-atencion-primaria","tag-centros-de-salud","tag-madrid-es"],"yoast_head":"<!-- This site is optimized with the Yoast SEO plugin v27.1.1 - https:\/\/yoast.com\/product\/yoast-seo-wordpress\/ -->\n<title>Sindicato de AMYTS apoya la iniciativa de dimisiones en bloque que impulsan los m\u00e9dicos de Atenci\u00f3n Primaria<\/title>\n<meta name=\"description\" content=\"\u00a1Los centros de salud dicen basta ya! La situaci\u00f3n de la Atenci\u00f3n Primaria en Madrid es dram\u00e1tica. Lo venimos advirti\u00e9ndolo desde AMYTS, sindicato\" \/>\n<meta name=\"robots\" content=\"index, follow, max-snippet:-1, max-image-preview:large, max-video-preview:-1\" \/>\n<link rel=\"canonical\" href=\"https:\/\/www.pressenza.com\/es\/2021\/06\/sindicato-amyts-apoya-la-iniciativa-de-dimisiones-en-bloque-que-impulsan-los-medicos-de-atencion-primaria\/\" \/>\n<meta property=\"og:locale\" content=\"es_ES\" \/>\n<meta property=\"og:type\" content=\"article\" \/>\n<meta property=\"og:title\" content=\"Sindicato de AMYTS apoya la iniciativa de dimisiones en bloque que impulsan los m\u00e9dicos de Atenci\u00f3n Primaria\" \/>\n<meta property=\"og:description\" content=\"\u00a1Los centros de salud dicen basta ya! La situaci\u00f3n de la Atenci\u00f3n Primaria en Madrid es dram\u00e1tica. Lo venimos advirti\u00e9ndolo desde AMYTS, sindicato\" \/>\n<meta property=\"og:url\" content=\"https:\/\/www.pressenza.com\/es\/2021\/06\/sindicato-amyts-apoya-la-iniciativa-de-dimisiones-en-bloque-que-impulsan-los-medicos-de-atencion-primaria\/\" \/>\n<meta property=\"og:site_name\" content=\"Pressenza\" \/>\n<meta property=\"article:publisher\" content=\"https:\/\/www.facebook.com\/PressenzaItalia\" \/>\n<meta property=\"article:published_time\" content=\"2021-06-20T15:38:39+00:00\" \/>\n<meta property=\"og:image\" content=\"https:\/\/www.pressenza.com\/wp-content\/uploads\/2021\/06\/AMYTS-ComunicadoMedicosAtencionPrimaria.jpg\" \/>\n\t<meta property=\"og:image:width\" content=\"1078\" \/>\n\t<meta property=\"og:image:height\" content=\"516\" \/>\n\t<meta property=\"og:image:type\" content=\"image\/jpeg\" \/>\n<meta name=\"author\" content=\"Redacci\u00f3n Espa\u00f1a\" \/>\n<meta name=\"twitter:card\" content=\"summary_large_image\" \/>\n<meta name=\"twitter:creator\" content=\"@PressenzaIPA\" \/>\n<meta name=\"twitter:site\" content=\"@PressenzaIPA\" \/>\n<meta name=\"twitter:label1\" content=\"Escrito por\" \/>\n\t<meta name=\"twitter:data1\" content=\"Redacci\u00f3n Espa\u00f1a\" \/>\n\t<meta name=\"twitter:label2\" content=\"Tiempo de lectura\" \/>\n\t<meta name=\"twitter:data2\" content=\"2 minutos\" \/>\n<script type=\"application\/ld+json\" class=\"yoast-schema-graph\">{\"@context\":\"https:\/\/schema.org\",\"@graph\":[{\"@type\":\"Article\",\"@id\":\"https:\/\/www.pressenza.com\/es\/2021\/06\/sindicato-amyts-apoya-la-iniciativa-de-dimisiones-en-bloque-que-impulsan-los-medicos-de-atencion-primaria\/#article\",\"isPartOf\":{\"@id\":\"https:\/\/www.pressenza.com\/es\/2021\/06\/sindicato-amyts-apoya-la-iniciativa-de-dimisiones-en-bloque-que-impulsan-los-medicos-de-atencion-primaria\/\"},\"author\":{\"name\":\"Redacci\u00f3n Espa\u00f1a\",\"@id\":\"https:\/\/www.pressenza.com\/es\/#\/schema\/person\/fffbbe2f14495897417f313a954dae23\"},\"headline\":\"Sindicato de AMYTS apoya la iniciativa de dimisiones en bloque que impulsan los m\u00e9dicos de Atenci\u00f3n Primaria\",\"datePublished\":\"2021-06-20T15:38:39+00:00\",\"mainEntityOfPage\":{\"@id\":\"https:\/\/www.pressenza.com\/es\/2021\/06\/sindicato-amyts-apoya-la-iniciativa-de-dimisiones-en-bloque-que-impulsan-los-medicos-de-atencion-primaria\/\"},\"wordCount\":432,\"publisher\":{\"@id\":\"https:\/\/www.pressenza.com\/es\/#organization\"},\"image\":{\"@id\":\"https:\/\/www.pressenza.com\/es\/2021\/06\/sindicato-amyts-apoya-la-iniciativa-de-dimisiones-en-bloque-que-impulsan-los-medicos-de-atencion-primaria\/#primaryimage\"},\"thumbnailUrl\":\"https:\/\/www.pressenza.com\/wp-content\/uploads\/2021\/06\/AMYTS-ComunicadoMedicosAtencionPrimaria.jpg\",\"keywords\":[\"atenci\u00f3n primaria\",\"centros de salud\",\"Madrid\"],\"articleSection\":[\"Comunicados de Prensa\",\"Europa\",\"Salud\"],\"inLanguage\":\"es\"},{\"@type\":\"WebPage\",\"@id\":\"https:\/\/www.pressenza.com\/es\/2021\/06\/sindicato-amyts-apoya-la-iniciativa-de-dimisiones-en-bloque-que-impulsan-los-medicos-de-atencion-primaria\/\",\"url\":\"https:\/\/www.pressenza.com\/es\/2021\/06\/sindicato-amyts-apoya-la-iniciativa-de-dimisiones-en-bloque-que-impulsan-los-medicos-de-atencion-primaria\/\",\"name\":\"Sindicato de AMYTS apoya la iniciativa de dimisiones en bloque que impulsan los m\u00e9dicos de Atenci\u00f3n Primaria\",\"isPartOf\":{\"@id\":\"https:\/\/www.pressenza.com\/es\/#website\"},\"primaryImageOfPage\":{\"@id\":\"https:\/\/www.pressenza.com\/es\/2021\/06\/sindicato-amyts-apoya-la-iniciativa-de-dimisiones-en-bloque-que-impulsan-los-medicos-de-atencion-primaria\/#primaryimage\"},\"image\":{\"@id\":\"https:\/\/www.pressenza.com\/es\/2021\/06\/sindicato-amyts-apoya-la-iniciativa-de-dimisiones-en-bloque-que-impulsan-los-medicos-de-atencion-primaria\/#primaryimage\"},\"thumbnailUrl\":\"https:\/\/www.pressenza.com\/wp-content\/uploads\/2021\/06\/AMYTS-ComunicadoMedicosAtencionPrimaria.jpg\",\"datePublished\":\"2021-06-20T15:38:39+00:00\",\"description\":\"\u00a1Los centros de salud dicen basta ya! La situaci\u00f3n de la Atenci\u00f3n Primaria en Madrid es dram\u00e1tica. Lo venimos advirti\u00e9ndolo desde AMYTS, sindicato\",\"breadcrumb\":{\"@id\":\"https:\/\/www.pressenza.com\/es\/2021\/06\/sindicato-amyts-apoya-la-iniciativa-de-dimisiones-en-bloque-que-impulsan-los-medicos-de-atencion-primaria\/#breadcrumb\"},\"inLanguage\":\"es\",\"potentialAction\":[{\"@type\":\"ReadAction\",\"target\":[\"https:\/\/www.pressenza.com\/es\/2021\/06\/sindicato-amyts-apoya-la-iniciativa-de-dimisiones-en-bloque-que-impulsan-los-medicos-de-atencion-primaria\/\"]}]},{\"@type\":\"ImageObject\",\"inLanguage\":\"es\",\"@id\":\"https:\/\/www.pressenza.com\/es\/2021\/06\/sindicato-amyts-apoya-la-iniciativa-de-dimisiones-en-bloque-que-impulsan-los-medicos-de-atencion-primaria\/#primaryimage\",\"url\":\"https:\/\/www.pressenza.com\/wp-content\/uploads\/2021\/06\/AMYTS-ComunicadoMedicosAtencionPrimaria.jpg\",\"contentUrl\":\"https:\/\/www.pressenza.com\/wp-content\/uploads\/2021\/06\/AMYTS-ComunicadoMedicosAtencionPrimaria.jpg\",\"width\":1078,\"height\":516,\"caption\":\"Madrid: \u00a1Los centros de salud dicen basta ya!\"},{\"@type\":\"BreadcrumbList\",\"@id\":\"https:\/\/www.pressenza.com\/es\/2021\/06\/sindicato-amyts-apoya-la-iniciativa-de-dimisiones-en-bloque-que-impulsan-los-medicos-de-atencion-primaria\/#breadcrumb\",\"itemListElement\":[{\"@type\":\"ListItem\",\"position\":1,\"name\":\"Accueil\",\"item\":\"https:\/\/www.pressenza.com\/es\/\"},{\"@type\":\"ListItem\",\"position\":2,\"name\":\"Sindicato de AMYTS apoya la iniciativa de dimisiones en bloque que impulsan los m\u00e9dicos de Atenci\u00f3n Primaria\"}]},{\"@type\":\"WebSite\",\"@id\":\"https:\/\/www.pressenza.com\/es\/#website\",\"url\":\"https:\/\/www.pressenza.com\/es\/\",\"name\":\"Pressenza\",\"description\":\"International Press Agency\",\"publisher\":{\"@id\":\"https:\/\/www.pressenza.com\/es\/#organization\"},\"potentialAction\":[{\"@type\":\"SearchAction\",\"target\":{\"@type\":\"EntryPoint\",\"urlTemplate\":\"https:\/\/www.pressenza.com\/es\/?s={search_term_string}\"},\"query-input\":{\"@type\":\"PropertyValueSpecification\",\"valueRequired\":true,\"valueName\":\"search_term_string\"}}],\"inLanguage\":\"es\"},{\"@type\":\"Organization\",\"@id\":\"https:\/\/www.pressenza.com\/es\/#organization\",\"name\":\"Pressenza\",\"url\":\"https:\/\/www.pressenza.com\/es\/\",\"logo\":{\"@type\":\"ImageObject\",\"inLanguage\":\"es\",\"@id\":\"https:\/\/www.pressenza.com\/es\/#\/schema\/logo\/image\/\",\"url\":\"https:\/\/www.pressenza.com\/wp-content\/uploads\/2022\/10\/pressenza_logo_200x200.jpg\",\"contentUrl\":\"https:\/\/www.pressenza.com\/wp-content\/uploads\/2022\/10\/pressenza_logo_200x200.jpg\",\"width\":200,\"height\":200,\"caption\":\"Pressenza\"},\"image\":{\"@id\":\"https:\/\/www.pressenza.com\/es\/#\/schema\/logo\/image\/\"},\"sameAs\":[\"https:\/\/www.facebook.com\/PressenzaItalia\",\"https:\/\/x.com\/PressenzaIPA\"]},{\"@type\":\"Person\",\"@id\":\"https:\/\/www.pressenza.com\/es\/#\/schema\/person\/fffbbe2f14495897417f313a954dae23\",\"name\":\"Redacci\u00f3n Espa\u00f1a\",\"url\":\"https:\/\/www.pressenza.com\/es\/author\/redaccion-espana\/\"}]}<\/script>\n<!-- \/ Yoast SEO plugin. -->","yoast_head_json":{"title":"Sindicato de AMYTS apoya la iniciativa de dimisiones en bloque que impulsan los m\u00e9dicos de Atenci\u00f3n Primaria","description":"\u00a1Los centros de salud dicen basta ya! La situaci\u00f3n de la Atenci\u00f3n Primaria en Madrid es dram\u00e1tica. Lo venimos advirti\u00e9ndolo desde AMYTS, sindicato","robots":{"index":"index","follow":"follow","max-snippet":"max-snippet:-1","max-image-preview":"max-image-preview:large","max-video-preview":"max-video-preview:-1"},"canonical":"https:\/\/www.pressenza.com\/es\/2021\/06\/sindicato-amyts-apoya-la-iniciativa-de-dimisiones-en-bloque-que-impulsan-los-medicos-de-atencion-primaria\/","og_locale":"es_ES","og_type":"article","og_title":"Sindicato de AMYTS apoya la iniciativa de dimisiones en bloque que impulsan los m\u00e9dicos de Atenci\u00f3n Primaria","og_description":"\u00a1Los centros de salud dicen basta ya! La situaci\u00f3n de la Atenci\u00f3n Primaria en Madrid es dram\u00e1tica. Lo venimos advirti\u00e9ndolo desde AMYTS, sindicato","og_url":"https:\/\/www.pressenza.com\/es\/2021\/06\/sindicato-amyts-apoya-la-iniciativa-de-dimisiones-en-bloque-que-impulsan-los-medicos-de-atencion-primaria\/","og_site_name":"Pressenza","article_publisher":"https:\/\/www.facebook.com\/PressenzaItalia","article_published_time":"2021-06-20T15:38:39+00:00","og_image":[{"width":1078,"height":516,"url":"https:\/\/www.pressenza.com\/wp-content\/uploads\/2021\/06\/AMYTS-ComunicadoMedicosAtencionPrimaria.jpg","type":"image\/jpeg"}],"author":"Redacci\u00f3n Espa\u00f1a","twitter_card":"summary_large_image","twitter_creator":"@PressenzaIPA","twitter_site":"@PressenzaIPA","twitter_misc":{"Escrito por":"Redacci\u00f3n Espa\u00f1a","Tiempo de lectura":"2 minutos"},"schema":{"@context":"https:\/\/schema.org","@graph":[{"@type":"Article","@id":"https:\/\/www.pressenza.com\/es\/2021\/06\/sindicato-amyts-apoya-la-iniciativa-de-dimisiones-en-bloque-que-impulsan-los-medicos-de-atencion-primaria\/#article","isPartOf":{"@id":"https:\/\/www.pressenza.com\/es\/2021\/06\/sindicato-amyts-apoya-la-iniciativa-de-dimisiones-en-bloque-que-impulsan-los-medicos-de-atencion-primaria\/"},"author":{"name":"Redacci\u00f3n Espa\u00f1a","@id":"https:\/\/www.pressenza.com\/es\/#\/schema\/person\/fffbbe2f14495897417f313a954dae23"},"headline":"Sindicato de AMYTS apoya la iniciativa de dimisiones en bloque que impulsan los m\u00e9dicos de Atenci\u00f3n Primaria","datePublished":"2021-06-20T15:38:39+00:00","mainEntityOfPage":{"@id":"https:\/\/www.pressenza.com\/es\/2021\/06\/sindicato-amyts-apoya-la-iniciativa-de-dimisiones-en-bloque-que-impulsan-los-medicos-de-atencion-primaria\/"},"wordCount":432,"publisher":{"@id":"https:\/\/www.pressenza.com\/es\/#organization"},"image":{"@id":"https:\/\/www.pressenza.com\/es\/2021\/06\/sindicato-amyts-apoya-la-iniciativa-de-dimisiones-en-bloque-que-impulsan-los-medicos-de-atencion-primaria\/#primaryimage"},"thumbnailUrl":"https:\/\/www.pressenza.com\/wp-content\/uploads\/2021\/06\/AMYTS-ComunicadoMedicosAtencionPrimaria.jpg","keywords":["atenci\u00f3n primaria","centros de salud","Madrid"],"articleSection":["Comunicados de Prensa","Europa","Salud"],"inLanguage":"es"},{"@type":"WebPage","@id":"https:\/\/www.pressenza.com\/es\/2021\/06\/sindicato-amyts-apoya-la-iniciativa-de-dimisiones-en-bloque-que-impulsan-los-medicos-de-atencion-primaria\/","url":"https:\/\/www.pressenza.com\/es\/2021\/06\/sindicato-amyts-apoya-la-iniciativa-de-dimisiones-en-bloque-que-impulsan-los-medicos-de-atencion-primaria\/","name":"Sindicato de AMYTS apoya la iniciativa de dimisiones en bloque que impulsan los m\u00e9dicos de Atenci\u00f3n Primaria","isPartOf":{"@id":"https:\/\/www.pressenza.com\/es\/#website"},"primaryImageOfPage":{"@id":"https:\/\/www.pressenza.com\/es\/2021\/06\/sindicato-amyts-apoya-la-iniciativa-de-dimisiones-en-bloque-que-impulsan-los-medicos-de-atencion-primaria\/#primaryimage"},"image":{"@id":"https:\/\/www.pressenza.com\/es\/2021\/06\/sindicato-amyts-apoya-la-iniciativa-de-dimisiones-en-bloque-que-impulsan-los-medicos-de-atencion-primaria\/#primaryimage"},"thumbnailUrl":"https:\/\/www.pressenza.com\/wp-content\/uploads\/2021\/06\/AMYTS-ComunicadoMedicosAtencionPrimaria.jpg","datePublished":"2021-06-20T15:38:39+00:00","description":"\u00a1Los centros de salud dicen basta ya! La situaci\u00f3n de la Atenci\u00f3n Primaria en Madrid es dram\u00e1tica. Lo venimos advirti\u00e9ndolo desde AMYTS, sindicato","breadcrumb":{"@id":"https:\/\/www.pressenza.com\/es\/2021\/06\/sindicato-amyts-apoya-la-iniciativa-de-dimisiones-en-bloque-que-impulsan-los-medicos-de-atencion-primaria\/#breadcrumb"},"inLanguage":"es","potentialAction":[{"@type":"ReadAction","target":["https:\/\/www.pressenza.com\/es\/2021\/06\/sindicato-amyts-apoya-la-iniciativa-de-dimisiones-en-bloque-que-impulsan-los-medicos-de-atencion-primaria\/"]}]},{"@type":"ImageObject","inLanguage":"es","@id":"https:\/\/www.pressenza.com\/es\/2021\/06\/sindicato-amyts-apoya-la-iniciativa-de-dimisiones-en-bloque-que-impulsan-los-medicos-de-atencion-primaria\/#primaryimage","url":"https:\/\/www.pressenza.com\/wp-content\/uploads\/2021\/06\/AMYTS-ComunicadoMedicosAtencionPrimaria.jpg","contentUrl":"https:\/\/www.pressenza.com\/wp-content\/uploads\/2021\/06\/AMYTS-ComunicadoMedicosAtencionPrimaria.jpg","width":1078,"height":516,"caption":"Madrid: \u00a1Los centros de salud dicen basta ya!"},{"@type":"BreadcrumbList","@id":"https:\/\/www.pressenza.com\/es\/2021\/06\/sindicato-amyts-apoya-la-iniciativa-de-dimisiones-en-bloque-que-impulsan-los-medicos-de-atencion-primaria\/#breadcrumb","itemListElement":[{"@type":"ListItem","position":1,"name":"Accueil","item":"https:\/\/www.pressenza.com\/es\/"},{"@type":"ListItem","position":2,"name":"Sindicato de AMYTS apoya la iniciativa de dimisiones en bloque que impulsan los m\u00e9dicos de Atenci\u00f3n Primaria"}]},{"@type":"WebSite","@id":"https:\/\/www.pressenza.com\/es\/#website","url":"https:\/\/www.pressenza.com\/es\/","name":"Pressenza","description":"International Press Agency","publisher":{"@id":"https:\/\/www.pressenza.com\/es\/#organization"},"potentialAction":[{"@type":"SearchAction","target":{"@type":"EntryPoint","urlTemplate":"https:\/\/www.pressenza.com\/es\/?s={search_term_string}"},"query-input":{"@type":"PropertyValueSpecification","valueRequired":true,"valueName":"search_term_string"}}],"inLanguage":"es"},{"@type":"Organization","@id":"https:\/\/www.pressenza.com\/es\/#organization","name":"Pressenza","url":"https:\/\/www.pressenza.com\/es\/","logo":{"@type":"ImageObject","inLanguage":"es","@id":"https:\/\/www.pressenza.com\/es\/#\/schema\/logo\/image\/","url":"https:\/\/www.pressenza.com\/wp-content\/uploads\/2022\/10\/pressenza_logo_200x200.jpg","contentUrl":"https:\/\/www.pressenza.com\/wp-content\/uploads\/2022\/10\/pressenza_logo_200x200.jpg","width":200,"height":200,"caption":"Pressenza"},"image":{"@id":"https:\/\/www.pressenza.com\/es\/#\/schema\/logo\/image\/"},"sameAs":["https:\/\/www.facebook.com\/PressenzaItalia","https:\/\/x.com\/PressenzaIPA"]},{"@type":"Person","@id":"https:\/\/www.pressenza.com\/es\/#\/schema\/person\/fffbbe2f14495897417f313a954dae23","name":"Redacci\u00f3n Espa\u00f1a","url":"https:\/\/www.pressenza.com\/es\/author\/redaccion-espana\/"}]}},"place":"Madrid, espa\u00f1a","original_article_url":"https:\/\/amyts.es\/los-centros-de-salud-dicen-basta-ya-amyts-recoge-y-apoya-la-iniciativa-de-dimisiones-en-bloque-que-impulsan-los-medicos-de-atencion-primaria\/","_links":{"self":[{"href":"https:\/\/www.pressenza.com\/es\/wp-json\/wp\/v2\/posts\/1382188","targetHints":{"allow":["GET"]}}],"collection":[{"href":"https:\/\/www.pressenza.com\/es\/wp-json\/wp\/v2\/posts"}],"about":[{"href":"https:\/\/www.pressenza.com\/es\/wp-json\/wp\/v2\/types\/post"}],"author":[{"embeddable":true,"href":"https:\/\/www.pressenza.com\/es\/wp-json\/wp\/v2\/users\/1681"}],"replies":[{"embeddable":true,"href":"https:\/\/www.pressenza.com\/es\/wp-json\/wp\/v2\/comments?post=1382188"}],"version-history":[{"count":0,"href":"https:\/\/www.pressenza.com\/es\/wp-json\/wp\/v2\/posts\/1382188\/revisions"}],"wp:featuredmedia":[{"embeddable":true,"href":"https:\/\/www.pressenza.com\/es\/wp-json\/wp\/v2\/media\/1382190"}],"wp:attachment":[{"href":"https:\/\/www.pressenza.com\/es\/wp-json\/wp\/v2\/media?parent=1382188"}],"wp:term":[{"taxonomy":"category","embeddable":true,"href":"https:\/\/www.pressenza.com\/es\/wp-json\/wp\/v2\/categories?post=1382188"},{"taxonomy":"post_tag","embeddable":true,"href":"https:\/\/www.pressenza.com\/es\/wp-json\/wp\/v2\/tags?post=1382188"}],"curies":[{"name":"wp","href":"https:\/\/api.w.org\/{rel}","templated":true}]}}