{"id":1380,"date":"2009-09-22T00:00:00","date_gmt":"2009-09-22T00:00:00","guid":{"rendered":""},"modified":"2009-09-28T05:01:04","modified_gmt":"2009-09-28T05:01:04","slug":"los-primeros-kilxmetros-de-montserrat-ponsax-miembro-del-equipo-base","status":"publish","type":"post","link":"https:\/\/www.pressenza.com\/es\/2009\/09\/los-primeros-kilxmetros-de-montserrat-ponsax-miembro-del-equipo-base\/","title":{"rendered":"Los primeros kil\u00f3metros de Montserrat Ponsa, miembro del Equipo Base"},"content":{"rendered":"<p>El domingo 20 de Septiembre casi 400 personas caminaron por la Paz y la No Violencia, desde la plaza del Ayuntamiento de L&#8217;Ametlla del Vall\u00e8s (Barcelona) hasta el Campo de Vuelo de Llerona.<\/p>\n<p>Fue un acto organizado por tres municipios de la comarca: L&#8217;Ametlla, la Garriga y Les Franqueses del Vall\u00e8s que quisieron rendir homenaje a Montserrat Ponsa, \u00fanica representante catalana en el equipo base de la Marcha que empezar\u00e1 el 2 de octubre en Nueva Zelanda.<\/p>\n<p>El acto empez\u00f3 con varias intervenciones: de Jordi Pousa, alcalde de l&#8217;Ametlla; de Montserrat Ponsa -juez de paz del Vall\u00e8s-; de Magda Burguera en nombre de Mundo sin Guerras y de Mart\u00ed Olivella, de Nova, en nombre de Federico Mayor Zaragoza, quien excus\u00f3 su asistencia por enfermedad.<\/p>\n<p>La celebraci\u00f3n cont\u00f3 tambi\u00e9n con la presencia de Pasqual Maragall, ex-presidente de la Generalitat de Catalunya que actualmente impulsa la Fundaci\u00f3n Pasqual Maragall para la investigaci\u00f3n sobre el Alzheimer. Adem\u00e1s asistieron personalidades de otros ayuntamientos y de la Generalitat de Catalu\u00f1a.  <\/p>\n<p>En la marcha, de casi 4 km, participaron numerosos vecinos y amigos de Montserrat Ponsa, muchos de ellos ataviados con camisetas de la Marcha que reparti\u00f3 el ayuntamiento de L\u2019Ametlla. En el acto se recogieron adhesiones y se estuvo informando de esta manifestaci\u00f3n mundial. La interpretaci\u00f3n al violonchelo de \u201cEl cant dels ocells\u201d di\u00f3 salida a la marcha, que estuvo acompa\u00f1ada por una \u201cbatukada\u201d (grupo de percusi\u00f3n). <\/p>\n<p>Blog de Montserrat Ponsa durante la Marcha :<br \/>\nhttp:\/\/montserratponsa.wordpress.com\/<\/p>\n<p>Galer\u00edas de fotos del acto:<br \/>\nhttp:\/\/picasaweb.google.es\/hll.yvonne\/FotosLAtmella?feat=email#<br \/>\nhttp:\/\/picasaweb.google.es\/jalumat3\/MMALAMETTLA20090902?authkey=Gv1sRgCPDSqLCLlui8_gE#<\/p>\n","protected":false},"excerpt":{"rendered":"<p>Montserrat Ponsa, miembro del Equipo Base ha comenzado la Marcha Mundial en su pueblo, L&#8217;Ametlla del Vall\u00e8s (Barcelona) antes de partir para Nueva Zelanda. Periodista  y \u00fanica catalana que har\u00e1 todo el recorrido, ha unido a sus paisanos junto a personalidades de diferentes \u00e1mbitos en su particular comienzo de esta Marcha.<\/p>\n","protected":false},"author":19,"featured_media":0,"comment_status":"closed","ping_status":"open","sticky":false,"template":"","format":"standard","meta":{"footnotes":""},"categories":[75,66,39],"tags":[],"class_list":["post-1380","post","type-post","status-publish","format-standard","hentry","category-cultura-es","category-europa-es","category-internacional"],"yoast_head":"<!-- This site is optimized with the Yoast SEO plugin v27.1.1 - https:\/\/yoast.com\/product\/yoast-seo-wordpress\/ -->\n<title>Los primeros kil\u00f3metros de Montserrat Ponsa, miembro del Equipo Base<\/title>\n<meta name=\"description\" content=\"Montserrat Ponsa, miembro del Equipo Base ha comenzado la Marcha Mundial en su pueblo, L&#039;Ametlla del Vall\u00e8s (Barcelona) antes de partir para Nueva Zelanda. Periodista y \u00fanica catalana que har\u00e1 todo el recorrido, ha unido a sus paisanos junto a personalidades de diferentes \u00e1mbitos en su particular comienzo de esta Marcha.\" \/>\n<meta name=\"robots\" content=\"index, follow, max-snippet:-1, max-image-preview:large, max-video-preview:-1\" \/>\n<link rel=\"canonical\" href=\"https:\/\/www.pressenza.com\/es\/2009\/09\/los-primeros-kilxmetros-de-montserrat-ponsax-miembro-del-equipo-base\/\" \/>\n<meta property=\"og:locale\" content=\"es_ES\" \/>\n<meta property=\"og:type\" content=\"article\" \/>\n<meta property=\"og:title\" content=\"Los primeros kil\u00f3metros de Montserrat Ponsa, miembro del Equipo Base\" \/>\n<meta property=\"og:description\" content=\"Montserrat Ponsa, miembro del Equipo Base ha comenzado la Marcha Mundial en su pueblo, L&#039;Ametlla del Vall\u00e8s (Barcelona) antes de partir para Nueva Zelanda. Periodista y \u00fanica catalana que har\u00e1 todo el recorrido, ha unido a sus paisanos junto a personalidades de diferentes \u00e1mbitos en su particular comienzo de esta Marcha.\" \/>\n<meta property=\"og:url\" content=\"https:\/\/www.pressenza.com\/es\/2009\/09\/los-primeros-kilxmetros-de-montserrat-ponsax-miembro-del-equipo-base\/\" \/>\n<meta property=\"og:site_name\" content=\"Pressenza\" \/>\n<meta property=\"article:publisher\" content=\"https:\/\/www.facebook.com\/PressenzaItalia\" \/>\n<meta property=\"article:author\" content=\"https:\/\/www.facebook.com\/pressenza\" \/>\n<meta property=\"article:published_time\" content=\"2009-09-22T00:00:00+00:00\" \/>\n<meta property=\"article:modified_time\" content=\"2009-09-28T05:01:04+00:00\" \/>\n<meta name=\"author\" content=\"Pressenza IPA\" \/>\n<meta name=\"twitter:card\" content=\"summary_large_image\" \/>\n<meta name=\"twitter:creator\" content=\"@PressenzaIPA\" \/>\n<meta name=\"twitter:site\" content=\"@PressenzaIPA\" \/>\n<meta name=\"twitter:label1\" content=\"Escrito por\" \/>\n\t<meta name=\"twitter:data1\" content=\"Pressenza IPA\" \/>\n\t<meta name=\"twitter:label2\" content=\"Tiempo de lectura\" \/>\n\t<meta name=\"twitter:data2\" content=\"1 minuto\" \/>\n<script type=\"application\/ld+json\" class=\"yoast-schema-graph\">{\"@context\":\"https:\/\/schema.org\",\"@graph\":[{\"@type\":\"Article\",\"@id\":\"https:\/\/www.pressenza.com\/es\/2009\/09\/los-primeros-kilxmetros-de-montserrat-ponsax-miembro-del-equipo-base\/#article\",\"isPartOf\":{\"@id\":\"https:\/\/www.pressenza.com\/es\/2009\/09\/los-primeros-kilxmetros-de-montserrat-ponsax-miembro-del-equipo-base\/\"},\"author\":{\"name\":\"Pressenza IPA\",\"@id\":\"https:\/\/www.pressenza.com\/es\/#\/schema\/person\/010e5d02bcf40965427a1289a4cc8d75\"},\"headline\":\"Los primeros kil\u00f3metros de Montserrat Ponsa, miembro del Equipo Base\",\"datePublished\":\"2009-09-22T00:00:00+00:00\",\"dateModified\":\"2009-09-28T05:01:04+00:00\",\"mainEntityOfPage\":{\"@id\":\"https:\/\/www.pressenza.com\/es\/2009\/09\/los-primeros-kilxmetros-de-montserrat-ponsax-miembro-del-equipo-base\/\"},\"wordCount\":292,\"publisher\":{\"@id\":\"https:\/\/www.pressenza.com\/es\/#organization\"},\"articleSection\":[\"Cultura y Medios\",\"Europa\",\"Internacional\"],\"inLanguage\":\"es\"},{\"@type\":\"WebPage\",\"@id\":\"https:\/\/www.pressenza.com\/es\/2009\/09\/los-primeros-kilxmetros-de-montserrat-ponsax-miembro-del-equipo-base\/\",\"url\":\"https:\/\/www.pressenza.com\/es\/2009\/09\/los-primeros-kilxmetros-de-montserrat-ponsax-miembro-del-equipo-base\/\",\"name\":\"Los primeros kil\u00f3metros de Montserrat Ponsa, miembro del Equipo Base\",\"isPartOf\":{\"@id\":\"https:\/\/www.pressenza.com\/es\/#website\"},\"datePublished\":\"2009-09-22T00:00:00+00:00\",\"dateModified\":\"2009-09-28T05:01:04+00:00\",\"description\":\"Montserrat Ponsa, miembro del Equipo Base ha comenzado la Marcha Mundial en su pueblo, L'Ametlla del Vall\u00e8s (Barcelona) antes de partir para Nueva Zelanda. Periodista y \u00fanica catalana que har\u00e1 todo el recorrido, ha unido a sus paisanos junto a personalidades de diferentes \u00e1mbitos en su particular comienzo de esta Marcha.\",\"breadcrumb\":{\"@id\":\"https:\/\/www.pressenza.com\/es\/2009\/09\/los-primeros-kilxmetros-de-montserrat-ponsax-miembro-del-equipo-base\/#breadcrumb\"},\"inLanguage\":\"es\",\"potentialAction\":[{\"@type\":\"ReadAction\",\"target\":[\"https:\/\/www.pressenza.com\/es\/2009\/09\/los-primeros-kilxmetros-de-montserrat-ponsax-miembro-del-equipo-base\/\"]}]},{\"@type\":\"BreadcrumbList\",\"@id\":\"https:\/\/www.pressenza.com\/es\/2009\/09\/los-primeros-kilxmetros-de-montserrat-ponsax-miembro-del-equipo-base\/#breadcrumb\",\"itemListElement\":[{\"@type\":\"ListItem\",\"position\":1,\"name\":\"Accueil\",\"item\":\"https:\/\/www.pressenza.com\/es\/\"},{\"@type\":\"ListItem\",\"position\":2,\"name\":\"Los primeros kil\u00f3metros de Montserrat Ponsa, miembro del Equipo Base\"}]},{\"@type\":\"WebSite\",\"@id\":\"https:\/\/www.pressenza.com\/es\/#website\",\"url\":\"https:\/\/www.pressenza.com\/es\/\",\"name\":\"Pressenza\",\"description\":\"International Press Agency\",\"publisher\":{\"@id\":\"https:\/\/www.pressenza.com\/es\/#organization\"},\"potentialAction\":[{\"@type\":\"SearchAction\",\"target\":{\"@type\":\"EntryPoint\",\"urlTemplate\":\"https:\/\/www.pressenza.com\/es\/?s={search_term_string}\"},\"query-input\":{\"@type\":\"PropertyValueSpecification\",\"valueRequired\":true,\"valueName\":\"search_term_string\"}}],\"inLanguage\":\"es\"},{\"@type\":\"Organization\",\"@id\":\"https:\/\/www.pressenza.com\/es\/#organization\",\"name\":\"Pressenza\",\"url\":\"https:\/\/www.pressenza.com\/es\/\",\"logo\":{\"@type\":\"ImageObject\",\"inLanguage\":\"es\",\"@id\":\"https:\/\/www.pressenza.com\/es\/#\/schema\/logo\/image\/\",\"url\":\"https:\/\/www.pressenza.com\/wp-content\/uploads\/2022\/10\/pressenza_logo_200x200.jpg\",\"contentUrl\":\"https:\/\/www.pressenza.com\/wp-content\/uploads\/2022\/10\/pressenza_logo_200x200.jpg\",\"width\":200,\"height\":200,\"caption\":\"Pressenza\"},\"image\":{\"@id\":\"https:\/\/www.pressenza.com\/es\/#\/schema\/logo\/image\/\"},\"sameAs\":[\"https:\/\/www.facebook.com\/PressenzaItalia\",\"https:\/\/x.com\/PressenzaIPA\"]},{\"@type\":\"Person\",\"@id\":\"https:\/\/www.pressenza.com\/es\/#\/schema\/person\/010e5d02bcf40965427a1289a4cc8d75\",\"name\":\"Pressenza IPA\",\"description\":\"News from Pressenza IPA correspondents\",\"sameAs\":[\"https:\/\/www.facebook.com\/pressenza\",\"https:\/\/x.com\/PressenzaIPA\"],\"url\":\"https:\/\/www.pressenza.com\/es\/author\/pressenza-ipa\/\"}]}<\/script>\n<!-- \/ Yoast SEO plugin. -->","yoast_head_json":{"title":"Los primeros kil\u00f3metros de Montserrat Ponsa, miembro del Equipo Base","description":"Montserrat Ponsa, miembro del Equipo Base ha comenzado la Marcha Mundial en su pueblo, L'Ametlla del Vall\u00e8s (Barcelona) antes de partir para Nueva Zelanda. Periodista y \u00fanica catalana que har\u00e1 todo el recorrido, ha unido a sus paisanos junto a personalidades de diferentes \u00e1mbitos en su particular comienzo de esta Marcha.","robots":{"index":"index","follow":"follow","max-snippet":"max-snippet:-1","max-image-preview":"max-image-preview:large","max-video-preview":"max-video-preview:-1"},"canonical":"https:\/\/www.pressenza.com\/es\/2009\/09\/los-primeros-kilxmetros-de-montserrat-ponsax-miembro-del-equipo-base\/","og_locale":"es_ES","og_type":"article","og_title":"Los primeros kil\u00f3metros de Montserrat Ponsa, miembro del Equipo Base","og_description":"Montserrat Ponsa, miembro del Equipo Base ha comenzado la Marcha Mundial en su pueblo, L'Ametlla del Vall\u00e8s (Barcelona) antes de partir para Nueva Zelanda. Periodista y \u00fanica catalana que har\u00e1 todo el recorrido, ha unido a sus paisanos junto a personalidades de diferentes \u00e1mbitos en su particular comienzo de esta Marcha.","og_url":"https:\/\/www.pressenza.com\/es\/2009\/09\/los-primeros-kilxmetros-de-montserrat-ponsax-miembro-del-equipo-base\/","og_site_name":"Pressenza","article_publisher":"https:\/\/www.facebook.com\/PressenzaItalia","article_author":"https:\/\/www.facebook.com\/pressenza","article_published_time":"2009-09-22T00:00:00+00:00","article_modified_time":"2009-09-28T05:01:04+00:00","author":"Pressenza IPA","twitter_card":"summary_large_image","twitter_creator":"@PressenzaIPA","twitter_site":"@PressenzaIPA","twitter_misc":{"Escrito por":"Pressenza IPA","Tiempo de lectura":"1 minuto"},"schema":{"@context":"https:\/\/schema.org","@graph":[{"@type":"Article","@id":"https:\/\/www.pressenza.com\/es\/2009\/09\/los-primeros-kilxmetros-de-montserrat-ponsax-miembro-del-equipo-base\/#article","isPartOf":{"@id":"https:\/\/www.pressenza.com\/es\/2009\/09\/los-primeros-kilxmetros-de-montserrat-ponsax-miembro-del-equipo-base\/"},"author":{"name":"Pressenza IPA","@id":"https:\/\/www.pressenza.com\/es\/#\/schema\/person\/010e5d02bcf40965427a1289a4cc8d75"},"headline":"Los primeros kil\u00f3metros de Montserrat Ponsa, miembro del Equipo Base","datePublished":"2009-09-22T00:00:00+00:00","dateModified":"2009-09-28T05:01:04+00:00","mainEntityOfPage":{"@id":"https:\/\/www.pressenza.com\/es\/2009\/09\/los-primeros-kilxmetros-de-montserrat-ponsax-miembro-del-equipo-base\/"},"wordCount":292,"publisher":{"@id":"https:\/\/www.pressenza.com\/es\/#organization"},"articleSection":["Cultura y Medios","Europa","Internacional"],"inLanguage":"es"},{"@type":"WebPage","@id":"https:\/\/www.pressenza.com\/es\/2009\/09\/los-primeros-kilxmetros-de-montserrat-ponsax-miembro-del-equipo-base\/","url":"https:\/\/www.pressenza.com\/es\/2009\/09\/los-primeros-kilxmetros-de-montserrat-ponsax-miembro-del-equipo-base\/","name":"Los primeros kil\u00f3metros de Montserrat Ponsa, miembro del Equipo Base","isPartOf":{"@id":"https:\/\/www.pressenza.com\/es\/#website"},"datePublished":"2009-09-22T00:00:00+00:00","dateModified":"2009-09-28T05:01:04+00:00","description":"Montserrat Ponsa, miembro del Equipo Base ha comenzado la Marcha Mundial en su pueblo, L'Ametlla del Vall\u00e8s (Barcelona) antes de partir para Nueva Zelanda. Periodista y \u00fanica catalana que har\u00e1 todo el recorrido, ha unido a sus paisanos junto a personalidades de diferentes \u00e1mbitos en su particular comienzo de esta Marcha.","breadcrumb":{"@id":"https:\/\/www.pressenza.com\/es\/2009\/09\/los-primeros-kilxmetros-de-montserrat-ponsax-miembro-del-equipo-base\/#breadcrumb"},"inLanguage":"es","potentialAction":[{"@type":"ReadAction","target":["https:\/\/www.pressenza.com\/es\/2009\/09\/los-primeros-kilxmetros-de-montserrat-ponsax-miembro-del-equipo-base\/"]}]},{"@type":"BreadcrumbList","@id":"https:\/\/www.pressenza.com\/es\/2009\/09\/los-primeros-kilxmetros-de-montserrat-ponsax-miembro-del-equipo-base\/#breadcrumb","itemListElement":[{"@type":"ListItem","position":1,"name":"Accueil","item":"https:\/\/www.pressenza.com\/es\/"},{"@type":"ListItem","position":2,"name":"Los primeros kil\u00f3metros de Montserrat Ponsa, miembro del Equipo Base"}]},{"@type":"WebSite","@id":"https:\/\/www.pressenza.com\/es\/#website","url":"https:\/\/www.pressenza.com\/es\/","name":"Pressenza","description":"International Press Agency","publisher":{"@id":"https:\/\/www.pressenza.com\/es\/#organization"},"potentialAction":[{"@type":"SearchAction","target":{"@type":"EntryPoint","urlTemplate":"https:\/\/www.pressenza.com\/es\/?s={search_term_string}"},"query-input":{"@type":"PropertyValueSpecification","valueRequired":true,"valueName":"search_term_string"}}],"inLanguage":"es"},{"@type":"Organization","@id":"https:\/\/www.pressenza.com\/es\/#organization","name":"Pressenza","url":"https:\/\/www.pressenza.com\/es\/","logo":{"@type":"ImageObject","inLanguage":"es","@id":"https:\/\/www.pressenza.com\/es\/#\/schema\/logo\/image\/","url":"https:\/\/www.pressenza.com\/wp-content\/uploads\/2022\/10\/pressenza_logo_200x200.jpg","contentUrl":"https:\/\/www.pressenza.com\/wp-content\/uploads\/2022\/10\/pressenza_logo_200x200.jpg","width":200,"height":200,"caption":"Pressenza"},"image":{"@id":"https:\/\/www.pressenza.com\/es\/#\/schema\/logo\/image\/"},"sameAs":["https:\/\/www.facebook.com\/PressenzaItalia","https:\/\/x.com\/PressenzaIPA"]},{"@type":"Person","@id":"https:\/\/www.pressenza.com\/es\/#\/schema\/person\/010e5d02bcf40965427a1289a4cc8d75","name":"Pressenza IPA","description":"News from Pressenza IPA correspondents","sameAs":["https:\/\/www.facebook.com\/pressenza","https:\/\/x.com\/PressenzaIPA"],"url":"https:\/\/www.pressenza.com\/es\/author\/pressenza-ipa\/"}]}},"place":"L'Ametlla del Vall\u00e8s (Barcelona)","original_article_url":"","_links":{"self":[{"href":"https:\/\/www.pressenza.com\/es\/wp-json\/wp\/v2\/posts\/1380","targetHints":{"allow":["GET"]}}],"collection":[{"href":"https:\/\/www.pressenza.com\/es\/wp-json\/wp\/v2\/posts"}],"about":[{"href":"https:\/\/www.pressenza.com\/es\/wp-json\/wp\/v2\/types\/post"}],"author":[{"embeddable":true,"href":"https:\/\/www.pressenza.com\/es\/wp-json\/wp\/v2\/users\/19"}],"replies":[{"embeddable":true,"href":"https:\/\/www.pressenza.com\/es\/wp-json\/wp\/v2\/comments?post=1380"}],"version-history":[{"count":0,"href":"https:\/\/www.pressenza.com\/es\/wp-json\/wp\/v2\/posts\/1380\/revisions"}],"wp:attachment":[{"href":"https:\/\/www.pressenza.com\/es\/wp-json\/wp\/v2\/media?parent=1380"}],"wp:term":[{"taxonomy":"category","embeddable":true,"href":"https:\/\/www.pressenza.com\/es\/wp-json\/wp\/v2\/categories?post=1380"},{"taxonomy":"post_tag","embeddable":true,"href":"https:\/\/www.pressenza.com\/es\/wp-json\/wp\/v2\/tags?post=1380"}],"curies":[{"name":"wp","href":"https:\/\/api.w.org\/{rel}","templated":true}]}}