{"id":1379967,"date":"2021-06-14T20:26:52","date_gmt":"2021-06-14T19:26:52","guid":{"rendered":"https:\/\/www.pressenza.com\/?p=1379967"},"modified":"2021-06-14T20:26:52","modified_gmt":"2021-06-14T19:26:52","slug":"jamas-los-humanos-habiamos-inhalado-aire-con-tanto-dioxido-de-carbono-como-ahora","status":"publish","type":"post","link":"https:\/\/www.pressenza.com\/es\/2021\/06\/jamas-los-humanos-habiamos-inhalado-aire-con-tanto-dioxido-de-carbono-como-ahora\/","title":{"rendered":"Jam\u00e1s los humanos hab\u00edamos inhalado aire con tanto di\u00f3xido de carbono como ahora"},"content":{"rendered":"<p>El cierre casi global provocado por la pandemia de COVID-19 result\u00f3 en una ca\u00edda abrupta pero fugaz en las emisiones de di\u00f3xido de carbono del mundo. Una pandemia es la peor forma posible de reducir las emisiones.<\/p>\n<p>El di\u00f3xido de carbono (CO2) permanece en la atm\u00f3sfera durante mucho tiempo una vez que se emite, entre 300 y 1000 a\u00f1os, seg\u00fan la NASA,\u00a0por lo que el cambio clim\u00e1tico se debe m\u00e1s a la cantidad total que hemos emitido que a cualquier cantidad que emitimos en un solo a\u00f1o.\u00a0 \u201cDesde el punto de vista del clima, lo que realmente importa son los cambios sist\u00e9micos a largo plazo que pueden impulsar la disminuci\u00f3n de las emisiones durante d\u00e9cadas\u201d. Aproximadamente la mitad del di\u00f3xido de carbono que emite el ser humano termina acumulado en la atm\u00f3sfera (la otra mitad es capturada por la vegetaci\u00f3n y los oc\u00e9anos).<\/p>\n<p>El aumento de CO2 est\u00e1 indudablemente causado por la actividad humana, principalmente la quema de combustibles f\u00f3siles a base de carbono utilizados para el transporte y la generaci\u00f3n el\u00e9ctrica, por la fabricaci\u00f3n de cemento, la deforestaci\u00f3n, la agricultura y muchas otras pr\u00e1cticas Estas actividades liberan alrededor de 40 mil millones de toneladas m\u00e9tricas de CO2 a la atm\u00f3sfera anualmente.\u00a0Junto con otros gases de efecto invernadero, el CO2 atrapa el calor saliente de la superficie del planeta que, de otro modo, se escapar\u00eda al espacio, provocando que la atm\u00f3sfera del planeta se caliente de manera constante.<\/p>\n<p><strong>Control temporario<\/strong><\/p>\n<p>Las concentraciones de di\u00f3xido de carbono en la atm\u00f3sfera terrestre ha alcanzado, el 3 de abril de 2021 un triste r\u00e9cord de 421,21 partes por mill\u00f3n (ppm), seg\u00fan lo registr\u00f3 el Observatorio de Muna Loa en Haw\u00e1i, Estados Unidos centro de referencia mundial en la materia. Lamentablemente esta marca quedar\u00e1 obsoleta pronto considerando el alza sostenida de las emisiones.<\/p>\n<p>Las dram\u00e1ticas medidas de confinamiento mundial destinadas a aplastar el mortal coronavirus marc\u00f3 una pauta en los recortes de emisiones de gases efecto invernadero que el mundo tendr\u00eda que hacer cada a\u00f1o durante una d\u00e9cada para cumplir con los objetivos del acuerdo clim\u00e1tico de Par\u00eds de 2015 y evitar las peores consecuencias del cambio clim\u00e1tico, el calentamiento global.<\/p>\n<p>Corinne Le Qu\u00e9r\u00e9, cient\u00edfica clim\u00e1tica de la Universidad de East Anglia, en Reino Unido dice, \u201cPero esta no es la manera de abordar el cambio clim\u00e1tico, no va a suceder forzando cambios de comportamiento en las personas.\u00a0Necesitamos abordarlo ayudando a las personas a adoptar formas de vida m\u00e1s sostenibles\u201d.<\/p>\n<p>\u201cDesde el punto de vista del clima, lo que realmente importa son los cambios sist\u00e9micos a largo plazo que pueden impulsar la disminuci\u00f3n de las emisiones durante d\u00e9cadas\u201d, a\u00f1adi\u00f3.<\/p>\n<p>Un\u00a0informe del Programa de las Naciones Unidas para el Medio Ambiente (UNEP, por sus siglas en ingl\u00e9s), calcul\u00f3 que el mundo necesitar\u00eda reducir las emisiones globales de carbono en un 7,6 % cada a\u00f1o hasta 2030 para cumplir con el objetivo de Par\u00eds de limitar el calentamiento a 1,5 grados Celsius para 2100. De no cumplirse se espera que las temperaturas aumenten en 3.2 \u00b0 C m\u00e1s cerca del final del siglo, lo que traer\u00e1 impactos clim\u00e1ticos a\u00fan m\u00e1s amplios y destructivos.<\/p>\n<p>Los ministros de medio ambiente del Grupo de los Siete (G7), acordaron acelerar el paso para frenar el calentamiento global y \u201cdescarbonizar de forma rotunda\u201d el sector energ\u00e9tico en la d\u00e9cada de 2030.<\/p>\n<p>El n\u00facleo del documento es un compromiso para limitar el aumento de la temperatura global a 1,5 grados Celsius sobre los niveles preindustriales. \u201cReconocemos con gran preocupaci\u00f3n que las crisis sin precedentes e interdependientes del cambio clim\u00e1tico y la p\u00e9rdida de biodiversidad suponen una amenaza existencial para la naturaleza, las personas, la prosperidad y la seguridad\u201d.<\/p>\n<p>El Secretario General de la Organizaci\u00f3n de las Naciones Unidas (ONU), Ant\u00f3nio Guterres, indic\u00f3 que el mundo est\u00e1 \u201cen alerta roja\u201d y cerca de la \u201ccat\u00e1strofe\u201d por el cambio clim\u00e1tico. Los peligrosos gases de efecto invernadero est\u00e1n en niveles no vistos en tres millones de a\u00f1os. \u201cNecesitamos un planeta verde\u201d.<\/p>\n<p><strong>Conclusiones<\/strong><\/p>\n<p>A corto plazo, los pa\u00edses desarrollados deber\u00e1n reducir sus emisiones m\u00e1s r\u00e1pidamente que los pa\u00edses en desarrollo, por razones de justicia y equidad.<\/p>\n<p>Existen tecnolog\u00edas y conocimientos sobre pol\u00edticas para reducir las emisiones, pero las transformaciones deben comenzar ahora.<\/p>\n<p>El cient\u00edfico clim\u00e1tico de la Universidad de Princeton Michael Oppenheimer asevera que, \u201cEl mundo se est\u00e1 acercando al punto en el que exceder los objetivos de Par\u00eds y entrar en una zona de peligro clim\u00e1tico se vuelve casi inevitable\u201d.<\/p>\n","protected":false},"excerpt":{"rendered":"<p>El cierre casi global provocado por la pandemia de COVID-19 result\u00f3 en una ca\u00edda abrupta pero fugaz en las emisiones de di\u00f3xido de carbono del mundo. Una pandemia es la peor forma posible de reducir las emisiones. El di\u00f3xido de&hellip;<\/p>\n","protected":false},"author":935,"featured_media":1379968,"comment_status":"closed","ping_status":"closed","sticky":false,"template":"","format":"standard","meta":{"footnotes":""},"categories":[11389,78,39,161],"tags":[91935,43413],"class_list":["post-1379967","post","type-post","status-publish","format-standard","has-post-thumbnail","hentry","category-contenido-original","category-medio-ambiente-ecologia","category-internacional","category-opiniones","tag-aire","tag-dioxido-de-carbono"],"yoast_head":"<!-- This site is optimized with the Yoast SEO plugin v27.1.1 - https:\/\/yoast.com\/product\/yoast-seo-wordpress\/ -->\n<title>Jam\u00e1s los humanos hab\u00edamos inhalado aire con tanto di\u00f3xido de carbono como ahora<\/title>\n<meta name=\"description\" content=\"El cierre casi global provocado por la pandemia de COVID-19 result\u00f3 en una ca\u00edda abrupta pero fugaz en las emisiones de di\u00f3xido de carbono del mundo. Una\" \/>\n<meta name=\"robots\" content=\"index, follow, max-snippet:-1, max-image-preview:large, max-video-preview:-1\" \/>\n<link rel=\"canonical\" href=\"https:\/\/www.pressenza.com\/es\/2021\/06\/jamas-los-humanos-habiamos-inhalado-aire-con-tanto-dioxido-de-carbono-como-ahora\/\" \/>\n<meta property=\"og:locale\" content=\"es_ES\" \/>\n<meta property=\"og:type\" content=\"article\" \/>\n<meta property=\"og:title\" content=\"Jam\u00e1s los humanos hab\u00edamos inhalado aire con tanto di\u00f3xido de carbono como ahora\" \/>\n<meta property=\"og:description\" content=\"El cierre casi global provocado por la pandemia de COVID-19 result\u00f3 en una ca\u00edda abrupta pero fugaz en las emisiones de di\u00f3xido de carbono del mundo. Una\" \/>\n<meta property=\"og:url\" content=\"https:\/\/www.pressenza.com\/es\/2021\/06\/jamas-los-humanos-habiamos-inhalado-aire-con-tanto-dioxido-de-carbono-como-ahora\/\" \/>\n<meta property=\"og:site_name\" content=\"Pressenza\" \/>\n<meta property=\"article:publisher\" content=\"https:\/\/www.facebook.com\/PressenzaItalia\" \/>\n<meta property=\"article:published_time\" content=\"2021-06-14T19:26:52+00:00\" \/>\n<meta property=\"og:image\" content=\"https:\/\/www.pressenza.com\/wp-content\/uploads\/2021\/06\/Concentracion-de-dioxido-de-carbono-alcanzo-42121-partes-por-millon.jpg\" \/>\n\t<meta property=\"og:image:width\" content=\"1076\" \/>\n\t<meta property=\"og:image:height\" content=\"782\" \/>\n\t<meta property=\"og:image:type\" content=\"image\/jpeg\" \/>\n<meta name=\"author\" content=\"Norberto Ovando\" \/>\n<meta name=\"twitter:card\" content=\"summary_large_image\" \/>\n<meta name=\"twitter:creator\" content=\"@PressenzaIPA\" \/>\n<meta name=\"twitter:site\" content=\"@PressenzaIPA\" \/>\n<meta name=\"twitter:label1\" content=\"Escrito por\" \/>\n\t<meta name=\"twitter:data1\" content=\"Norberto Ovando\" \/>\n\t<meta name=\"twitter:label2\" content=\"Tiempo de lectura\" \/>\n\t<meta name=\"twitter:data2\" content=\"4 minutos\" \/>\n<script type=\"application\/ld+json\" class=\"yoast-schema-graph\">{\"@context\":\"https:\/\/schema.org\",\"@graph\":[{\"@type\":\"Article\",\"@id\":\"https:\/\/www.pressenza.com\/es\/2021\/06\/jamas-los-humanos-habiamos-inhalado-aire-con-tanto-dioxido-de-carbono-como-ahora\/#article\",\"isPartOf\":{\"@id\":\"https:\/\/www.pressenza.com\/es\/2021\/06\/jamas-los-humanos-habiamos-inhalado-aire-con-tanto-dioxido-de-carbono-como-ahora\/\"},\"author\":{\"name\":\"Norberto Ovando\",\"@id\":\"https:\/\/www.pressenza.com\/es\/#\/schema\/person\/10e113a8cd609b5c22778d2d4d1cb224\"},\"headline\":\"Jam\u00e1s los humanos hab\u00edamos inhalado aire con tanto di\u00f3xido de carbono como ahora\",\"datePublished\":\"2021-06-14T19:26:52+00:00\",\"mainEntityOfPage\":{\"@id\":\"https:\/\/www.pressenza.com\/es\/2021\/06\/jamas-los-humanos-habiamos-inhalado-aire-con-tanto-dioxido-de-carbono-como-ahora\/\"},\"wordCount\":818,\"publisher\":{\"@id\":\"https:\/\/www.pressenza.com\/es\/#organization\"},\"image\":{\"@id\":\"https:\/\/www.pressenza.com\/es\/2021\/06\/jamas-los-humanos-habiamos-inhalado-aire-con-tanto-dioxido-de-carbono-como-ahora\/#primaryimage\"},\"thumbnailUrl\":\"https:\/\/www.pressenza.com\/wp-content\/uploads\/2021\/06\/Concentracion-de-dioxido-de-carbono-alcanzo-42121-partes-por-millon.jpg\",\"keywords\":[\"aire\",\"di\u00f3xido de carbono\"],\"articleSection\":[\"Contenido Original\",\"Ecolog\u00eda y Medio Ambiente\",\"Internacional\",\"Opiniones\"],\"inLanguage\":\"es\"},{\"@type\":\"WebPage\",\"@id\":\"https:\/\/www.pressenza.com\/es\/2021\/06\/jamas-los-humanos-habiamos-inhalado-aire-con-tanto-dioxido-de-carbono-como-ahora\/\",\"url\":\"https:\/\/www.pressenza.com\/es\/2021\/06\/jamas-los-humanos-habiamos-inhalado-aire-con-tanto-dioxido-de-carbono-como-ahora\/\",\"name\":\"Jam\u00e1s los humanos hab\u00edamos inhalado aire con tanto di\u00f3xido de carbono como ahora\",\"isPartOf\":{\"@id\":\"https:\/\/www.pressenza.com\/es\/#website\"},\"primaryImageOfPage\":{\"@id\":\"https:\/\/www.pressenza.com\/es\/2021\/06\/jamas-los-humanos-habiamos-inhalado-aire-con-tanto-dioxido-de-carbono-como-ahora\/#primaryimage\"},\"image\":{\"@id\":\"https:\/\/www.pressenza.com\/es\/2021\/06\/jamas-los-humanos-habiamos-inhalado-aire-con-tanto-dioxido-de-carbono-como-ahora\/#primaryimage\"},\"thumbnailUrl\":\"https:\/\/www.pressenza.com\/wp-content\/uploads\/2021\/06\/Concentracion-de-dioxido-de-carbono-alcanzo-42121-partes-por-millon.jpg\",\"datePublished\":\"2021-06-14T19:26:52+00:00\",\"description\":\"El cierre casi global provocado por la pandemia de COVID-19 result\u00f3 en una ca\u00edda abrupta pero fugaz en las emisiones de di\u00f3xido de carbono del mundo. Una\",\"breadcrumb\":{\"@id\":\"https:\/\/www.pressenza.com\/es\/2021\/06\/jamas-los-humanos-habiamos-inhalado-aire-con-tanto-dioxido-de-carbono-como-ahora\/#breadcrumb\"},\"inLanguage\":\"es\",\"potentialAction\":[{\"@type\":\"ReadAction\",\"target\":[\"https:\/\/www.pressenza.com\/es\/2021\/06\/jamas-los-humanos-habiamos-inhalado-aire-con-tanto-dioxido-de-carbono-como-ahora\/\"]}]},{\"@type\":\"ImageObject\",\"inLanguage\":\"es\",\"@id\":\"https:\/\/www.pressenza.com\/es\/2021\/06\/jamas-los-humanos-habiamos-inhalado-aire-con-tanto-dioxido-de-carbono-como-ahora\/#primaryimage\",\"url\":\"https:\/\/www.pressenza.com\/wp-content\/uploads\/2021\/06\/Concentracion-de-dioxido-de-carbono-alcanzo-42121-partes-por-millon.jpg\",\"contentUrl\":\"https:\/\/www.pressenza.com\/wp-content\/uploads\/2021\/06\/Concentracion-de-dioxido-de-carbono-alcanzo-42121-partes-por-millon.jpg\",\"width\":1076,\"height\":782,\"caption\":\"UC San Diego\"},{\"@type\":\"BreadcrumbList\",\"@id\":\"https:\/\/www.pressenza.com\/es\/2021\/06\/jamas-los-humanos-habiamos-inhalado-aire-con-tanto-dioxido-de-carbono-como-ahora\/#breadcrumb\",\"itemListElement\":[{\"@type\":\"ListItem\",\"position\":1,\"name\":\"Accueil\",\"item\":\"https:\/\/www.pressenza.com\/es\/\"},{\"@type\":\"ListItem\",\"position\":2,\"name\":\"Jam\u00e1s los humanos hab\u00edamos inhalado aire con tanto di\u00f3xido de carbono como ahora\"}]},{\"@type\":\"WebSite\",\"@id\":\"https:\/\/www.pressenza.com\/es\/#website\",\"url\":\"https:\/\/www.pressenza.com\/es\/\",\"name\":\"Pressenza\",\"description\":\"International Press Agency\",\"publisher\":{\"@id\":\"https:\/\/www.pressenza.com\/es\/#organization\"},\"potentialAction\":[{\"@type\":\"SearchAction\",\"target\":{\"@type\":\"EntryPoint\",\"urlTemplate\":\"https:\/\/www.pressenza.com\/es\/?s={search_term_string}\"},\"query-input\":{\"@type\":\"PropertyValueSpecification\",\"valueRequired\":true,\"valueName\":\"search_term_string\"}}],\"inLanguage\":\"es\"},{\"@type\":\"Organization\",\"@id\":\"https:\/\/www.pressenza.com\/es\/#organization\",\"name\":\"Pressenza\",\"url\":\"https:\/\/www.pressenza.com\/es\/\",\"logo\":{\"@type\":\"ImageObject\",\"inLanguage\":\"es\",\"@id\":\"https:\/\/www.pressenza.com\/es\/#\/schema\/logo\/image\/\",\"url\":\"https:\/\/www.pressenza.com\/wp-content\/uploads\/2022\/10\/pressenza_logo_200x200.jpg\",\"contentUrl\":\"https:\/\/www.pressenza.com\/wp-content\/uploads\/2022\/10\/pressenza_logo_200x200.jpg\",\"width\":200,\"height\":200,\"caption\":\"Pressenza\"},\"image\":{\"@id\":\"https:\/\/www.pressenza.com\/es\/#\/schema\/logo\/image\/\"},\"sameAs\":[\"https:\/\/www.facebook.com\/PressenzaItalia\",\"https:\/\/x.com\/PressenzaIPA\"]},{\"@type\":\"Person\",\"@id\":\"https:\/\/www.pressenza.com\/es\/#\/schema\/person\/10e113a8cd609b5c22778d2d4d1cb224\",\"name\":\"Norberto Ovando\",\"url\":\"https:\/\/www.pressenza.com\/es\/author\/norbertoovando\/\"}]}<\/script>\n<!-- \/ Yoast SEO plugin. -->","yoast_head_json":{"title":"Jam\u00e1s los humanos hab\u00edamos inhalado aire con tanto di\u00f3xido de carbono como ahora","description":"El cierre casi global provocado por la pandemia de COVID-19 result\u00f3 en una ca\u00edda abrupta pero fugaz en las emisiones de di\u00f3xido de carbono del mundo. Una","robots":{"index":"index","follow":"follow","max-snippet":"max-snippet:-1","max-image-preview":"max-image-preview:large","max-video-preview":"max-video-preview:-1"},"canonical":"https:\/\/www.pressenza.com\/es\/2021\/06\/jamas-los-humanos-habiamos-inhalado-aire-con-tanto-dioxido-de-carbono-como-ahora\/","og_locale":"es_ES","og_type":"article","og_title":"Jam\u00e1s los humanos hab\u00edamos inhalado aire con tanto di\u00f3xido de carbono como ahora","og_description":"El cierre casi global provocado por la pandemia de COVID-19 result\u00f3 en una ca\u00edda abrupta pero fugaz en las emisiones de di\u00f3xido de carbono del mundo. Una","og_url":"https:\/\/www.pressenza.com\/es\/2021\/06\/jamas-los-humanos-habiamos-inhalado-aire-con-tanto-dioxido-de-carbono-como-ahora\/","og_site_name":"Pressenza","article_publisher":"https:\/\/www.facebook.com\/PressenzaItalia","article_published_time":"2021-06-14T19:26:52+00:00","og_image":[{"width":1076,"height":782,"url":"https:\/\/www.pressenza.com\/wp-content\/uploads\/2021\/06\/Concentracion-de-dioxido-de-carbono-alcanzo-42121-partes-por-millon.jpg","type":"image\/jpeg"}],"author":"Norberto Ovando","twitter_card":"summary_large_image","twitter_creator":"@PressenzaIPA","twitter_site":"@PressenzaIPA","twitter_misc":{"Escrito por":"Norberto Ovando","Tiempo de lectura":"4 minutos"},"schema":{"@context":"https:\/\/schema.org","@graph":[{"@type":"Article","@id":"https:\/\/www.pressenza.com\/es\/2021\/06\/jamas-los-humanos-habiamos-inhalado-aire-con-tanto-dioxido-de-carbono-como-ahora\/#article","isPartOf":{"@id":"https:\/\/www.pressenza.com\/es\/2021\/06\/jamas-los-humanos-habiamos-inhalado-aire-con-tanto-dioxido-de-carbono-como-ahora\/"},"author":{"name":"Norberto Ovando","@id":"https:\/\/www.pressenza.com\/es\/#\/schema\/person\/10e113a8cd609b5c22778d2d4d1cb224"},"headline":"Jam\u00e1s los humanos hab\u00edamos inhalado aire con tanto di\u00f3xido de carbono como ahora","datePublished":"2021-06-14T19:26:52+00:00","mainEntityOfPage":{"@id":"https:\/\/www.pressenza.com\/es\/2021\/06\/jamas-los-humanos-habiamos-inhalado-aire-con-tanto-dioxido-de-carbono-como-ahora\/"},"wordCount":818,"publisher":{"@id":"https:\/\/www.pressenza.com\/es\/#organization"},"image":{"@id":"https:\/\/www.pressenza.com\/es\/2021\/06\/jamas-los-humanos-habiamos-inhalado-aire-con-tanto-dioxido-de-carbono-como-ahora\/#primaryimage"},"thumbnailUrl":"https:\/\/www.pressenza.com\/wp-content\/uploads\/2021\/06\/Concentracion-de-dioxido-de-carbono-alcanzo-42121-partes-por-millon.jpg","keywords":["aire","di\u00f3xido de carbono"],"articleSection":["Contenido Original","Ecolog\u00eda y Medio Ambiente","Internacional","Opiniones"],"inLanguage":"es"},{"@type":"WebPage","@id":"https:\/\/www.pressenza.com\/es\/2021\/06\/jamas-los-humanos-habiamos-inhalado-aire-con-tanto-dioxido-de-carbono-como-ahora\/","url":"https:\/\/www.pressenza.com\/es\/2021\/06\/jamas-los-humanos-habiamos-inhalado-aire-con-tanto-dioxido-de-carbono-como-ahora\/","name":"Jam\u00e1s los humanos hab\u00edamos inhalado aire con tanto di\u00f3xido de carbono como ahora","isPartOf":{"@id":"https:\/\/www.pressenza.com\/es\/#website"},"primaryImageOfPage":{"@id":"https:\/\/www.pressenza.com\/es\/2021\/06\/jamas-los-humanos-habiamos-inhalado-aire-con-tanto-dioxido-de-carbono-como-ahora\/#primaryimage"},"image":{"@id":"https:\/\/www.pressenza.com\/es\/2021\/06\/jamas-los-humanos-habiamos-inhalado-aire-con-tanto-dioxido-de-carbono-como-ahora\/#primaryimage"},"thumbnailUrl":"https:\/\/www.pressenza.com\/wp-content\/uploads\/2021\/06\/Concentracion-de-dioxido-de-carbono-alcanzo-42121-partes-por-millon.jpg","datePublished":"2021-06-14T19:26:52+00:00","description":"El cierre casi global provocado por la pandemia de COVID-19 result\u00f3 en una ca\u00edda abrupta pero fugaz en las emisiones de di\u00f3xido de carbono del mundo. Una","breadcrumb":{"@id":"https:\/\/www.pressenza.com\/es\/2021\/06\/jamas-los-humanos-habiamos-inhalado-aire-con-tanto-dioxido-de-carbono-como-ahora\/#breadcrumb"},"inLanguage":"es","potentialAction":[{"@type":"ReadAction","target":["https:\/\/www.pressenza.com\/es\/2021\/06\/jamas-los-humanos-habiamos-inhalado-aire-con-tanto-dioxido-de-carbono-como-ahora\/"]}]},{"@type":"ImageObject","inLanguage":"es","@id":"https:\/\/www.pressenza.com\/es\/2021\/06\/jamas-los-humanos-habiamos-inhalado-aire-con-tanto-dioxido-de-carbono-como-ahora\/#primaryimage","url":"https:\/\/www.pressenza.com\/wp-content\/uploads\/2021\/06\/Concentracion-de-dioxido-de-carbono-alcanzo-42121-partes-por-millon.jpg","contentUrl":"https:\/\/www.pressenza.com\/wp-content\/uploads\/2021\/06\/Concentracion-de-dioxido-de-carbono-alcanzo-42121-partes-por-millon.jpg","width":1076,"height":782,"caption":"UC San Diego"},{"@type":"BreadcrumbList","@id":"https:\/\/www.pressenza.com\/es\/2021\/06\/jamas-los-humanos-habiamos-inhalado-aire-con-tanto-dioxido-de-carbono-como-ahora\/#breadcrumb","itemListElement":[{"@type":"ListItem","position":1,"name":"Accueil","item":"https:\/\/www.pressenza.com\/es\/"},{"@type":"ListItem","position":2,"name":"Jam\u00e1s los humanos hab\u00edamos inhalado aire con tanto di\u00f3xido de carbono como ahora"}]},{"@type":"WebSite","@id":"https:\/\/www.pressenza.com\/es\/#website","url":"https:\/\/www.pressenza.com\/es\/","name":"Pressenza","description":"International Press Agency","publisher":{"@id":"https:\/\/www.pressenza.com\/es\/#organization"},"potentialAction":[{"@type":"SearchAction","target":{"@type":"EntryPoint","urlTemplate":"https:\/\/www.pressenza.com\/es\/?s={search_term_string}"},"query-input":{"@type":"PropertyValueSpecification","valueRequired":true,"valueName":"search_term_string"}}],"inLanguage":"es"},{"@type":"Organization","@id":"https:\/\/www.pressenza.com\/es\/#organization","name":"Pressenza","url":"https:\/\/www.pressenza.com\/es\/","logo":{"@type":"ImageObject","inLanguage":"es","@id":"https:\/\/www.pressenza.com\/es\/#\/schema\/logo\/image\/","url":"https:\/\/www.pressenza.com\/wp-content\/uploads\/2022\/10\/pressenza_logo_200x200.jpg","contentUrl":"https:\/\/www.pressenza.com\/wp-content\/uploads\/2022\/10\/pressenza_logo_200x200.jpg","width":200,"height":200,"caption":"Pressenza"},"image":{"@id":"https:\/\/www.pressenza.com\/es\/#\/schema\/logo\/image\/"},"sameAs":["https:\/\/www.facebook.com\/PressenzaItalia","https:\/\/x.com\/PressenzaIPA"]},{"@type":"Person","@id":"https:\/\/www.pressenza.com\/es\/#\/schema\/person\/10e113a8cd609b5c22778d2d4d1cb224","name":"Norberto Ovando","url":"https:\/\/www.pressenza.com\/es\/author\/norbertoovando\/"}]}},"place":"Lima, Per\u00fa","original_article_url":"","_links":{"self":[{"href":"https:\/\/www.pressenza.com\/es\/wp-json\/wp\/v2\/posts\/1379967","targetHints":{"allow":["GET"]}}],"collection":[{"href":"https:\/\/www.pressenza.com\/es\/wp-json\/wp\/v2\/posts"}],"about":[{"href":"https:\/\/www.pressenza.com\/es\/wp-json\/wp\/v2\/types\/post"}],"author":[{"embeddable":true,"href":"https:\/\/www.pressenza.com\/es\/wp-json\/wp\/v2\/users\/935"}],"replies":[{"embeddable":true,"href":"https:\/\/www.pressenza.com\/es\/wp-json\/wp\/v2\/comments?post=1379967"}],"version-history":[{"count":0,"href":"https:\/\/www.pressenza.com\/es\/wp-json\/wp\/v2\/posts\/1379967\/revisions"}],"wp:featuredmedia":[{"embeddable":true,"href":"https:\/\/www.pressenza.com\/es\/wp-json\/wp\/v2\/media\/1379968"}],"wp:attachment":[{"href":"https:\/\/www.pressenza.com\/es\/wp-json\/wp\/v2\/media?parent=1379967"}],"wp:term":[{"taxonomy":"category","embeddable":true,"href":"https:\/\/www.pressenza.com\/es\/wp-json\/wp\/v2\/categories?post=1379967"},{"taxonomy":"post_tag","embeddable":true,"href":"https:\/\/www.pressenza.com\/es\/wp-json\/wp\/v2\/tags?post=1379967"}],"curies":[{"name":"wp","href":"https:\/\/api.w.org\/{rel}","templated":true}]}}