{"id":1379385,"date":"2021-06-13T16:44:38","date_gmt":"2021-06-13T15:44:38","guid":{"rendered":"https:\/\/www.pressenza.com\/?p=1379385"},"modified":"2021-06-13T16:44:38","modified_gmt":"2021-06-13T15:44:38","slug":"chile-nuestro-mandato-colectivo-mas-de-460-organizaciones-sociales-firman-respaldo-a-voceria-de-los-pueblos","status":"publish","type":"post","link":"https:\/\/www.pressenza.com\/es\/2021\/06\/chile-nuestro-mandato-colectivo-mas-de-460-organizaciones-sociales-firman-respaldo-a-voceria-de-los-pueblos\/","title":{"rendered":"[Chile] \u201cNuestro mandato colectivo\u201d: m\u00e1s de 460 organizaciones sociales firman respaldo a Vocer\u00eda de los Pueblos"},"content":{"rendered":"<p>A ra\u00edz del pronunciamiento inaugural de la articulaci\u00f3n que agrupa a integrantes de pueblos originarios, movimientos sociales y la Lista del Pueblo, cerca de 500 organizaciones sociales se convocaron para respaldar las seis garant\u00edas democr\u00e1ticas que plante\u00f3 la Vocer\u00eda del Pueblo.<\/p>\n<p>Diversas coordinadoras, redes y organizaciones sociales, territoriales, sindicales, medioambientales, feministas y migrantes de todo el pa\u00eds reunieron sus firmas en respaldo a la articulaci\u00f3n que propone \u201chacer efectiva la soberan\u00eda popular de la constituyente\u201d. En la carta, que a\u00fan sigue sumando respaldos, reiteraron que\u00a0\u201cel mandato colectivo lo sostenemos juntas, juntes y juntos dentro y fuera de la Convenci\u00f3n Constitucional\u201d.<\/p>\n<p>Entre las organizaciones firmantes est\u00e1 el Movimiento por el Agua y los Territorios (MAT). Desde ese espacio, Lucio Cuenca, uno de sus integrantes, manifest\u00f3 que el amplio y masivo respaldo que est\u00e1 teniendo la \u201cVocer\u00eda de los Pueblos\u201d en organizaciones sociales, \u201crefleja la sinton\u00eda que existe en el mandato social que emergi\u00f3 del estallido y la revuelta popular\u00a0y las seis garant\u00edas democr\u00e1ticas para desarrollar el proceso constituyente que plante\u00f3 esta agrupaci\u00f3n de convencionales\u201d.<\/p>\n<p>\u201cLas reacciones de la clase pol\u00edtico\/empresarial son destempladas y antidemocr\u00e1ticas, promueven invalidar un planteamiento leg\u00edtimo que busca deliberar sobre el real poder constituyente que se debe plasmar en la Convenci\u00f3n\u201d, agreg\u00f3.<\/p>\n<p>Por otra parte, Camila Casanova, vocera de la Red de Actrices Chile (RACH), explic\u00f3 que como organizaci\u00f3n aut\u00f3noma, que re\u00fane a actrices feministas de todo el pa\u00eds, tienen un compromiso con la defensa de los derechos humanos y con la erradicaci\u00f3n de la violencia. En esa l\u00ednea, Casanova explic\u00f3 que\u00a0\u201cla Vocer\u00eda de los Pueblos da cuenta de una reflexi\u00f3n pol\u00edtica que compartimos\u201d.<\/p>\n<p>\u201cCreemos firmemente que esta Constituci\u00f3n debe ser escrita por las mayor\u00edas representadas en la Convenci\u00f3n sin condicionantes que limiten la soberan\u00eda popular\u201d, agreg\u00f3 la vocera del colectivo de actrices feministas.<\/p>\n<p>Luis Mesina, de la Coordinadora de Trabajadores y Trabajadoras No M\u00e1s AFP, se refiri\u00f3 al fin de la prisi\u00f3n pol\u00edtica, uno de las garant\u00edas planteadas por la Vocer\u00eda, y remarc\u00f3 que esta\u00a0\u201cparece ser una raz\u00f3n sumamente v\u00e1lida para la ciudadan\u00eda.\u00a0Es inaceptable que en este pa\u00eds la prisi\u00f3n preventiva se exceda a tal punto de transgredir derechos fundamentales y humanos de las personas que se encuentran privadas de libertad\u201d,\u00a0argument\u00f3 el integrante de No M\u00e1s AFP.<\/p>\n<p>Adem\u00e1s, a\u00f1adi\u00f3 que \u201cun proceso constituyente exige la deliberaci\u00f3n y lo que han hecho estos 34 constituyentes, cuyo mandato han recogido de la ciudadan\u00eda, es perfectamente respetable y leg\u00edtimo\u201d.<\/p>\n<p>Juanita Aguilera, en tanto, de la Comisi\u00f3n \u00c9tica contra la Tortura, manifest\u00f3 su total respaldo a los planteamientos, resaltando la necesidad de liberar a \u201ctodos los presos de la revuelta y comuneros mapuche\u201d. Asimismo, sostuvo que \u201cqueremos que se termine con la impunidad de los cr\u00edmenes de la dictadura y de los cr\u00edmenes cometidos por Pi\u00f1era\u201d.<\/p>\n<p>Finalmente Fernanda Navarro, de la Coordinadora Nahuelbuta Biob\u00edo constituyente, reiter\u00f3 que \u201ccomo Coordinadora nacida en un territorio hist\u00f3ricamente oprimido por el Estado y depredado por el empresariado,\u00a0no podemos sino adherirnos a este esfuerzo de unificar y sumar las fuerzas necesarias para realizar los cambios que nos den al fin la dignidad que nos corresponde como vecinas y vecinos\u201d.<\/p>\n<p>En la misma l\u00ednea, su par, Felipe Iglesias, asever\u00f3 que\u00a0\u201ccoincidimos que es imprescindible exigir condiciones m\u00ednimas democr\u00e1ticas, garantizadas por el Estado, que permitan asegurar que\u00a0la Convenci\u00f3n pueda ejercer su funci\u00f3n en plena autonom\u00eda\u00a0conforme a la naturaleza de la funci\u00f3n para la cual fueron electos y electas los y las convencionales constituyentes\u201d.<\/p>\n<p>Por otro lado, la constituyente electa, Alondra Carrillo, declar\u00f3 que \u00aba diferencia de la derecha, los movimientos sociales no organizamos golpes de Estado, eso lo hacen ellos.\u00a0Lo que los movimientos sociales hacemos hoy es poner sobre la mesa garant\u00edas democr\u00e1ticas que creemos necesario que sean discutidas ampliamente respecto del desarrollo de este proceso y respecto de la normalidad que ha regido en los \u00faltimos 30 a\u00f1os.<\/p>\n<p>Adem\u00e1s, Carrillo a\u00f1adi\u00f3 que \u00abesto que hemos planteado no lo inventamos nosotras, quienes conformamos la Vocer\u00eda de los Pueblos.\u00a0Es la posici\u00f3n con la que nuestras organizaciones territoriales y sociales nos mandataron desde el primer momento a ir a la CC\u00a0y es un di\u00e1logo que no solamente tenemos el derecho, sino el deber de abrir para poder terminar con el autoritarismo que rige en este pa\u00eds de una vez por todas e iniciar, al fin, las condiciones para un proceso hist\u00f3rico democr\u00e1tico, sin impunidad, sin prisi\u00f3n pol\u00edtica, que transforme esas condiciones hist\u00f3ricas\u00bb.<\/p>\n<p>La misiva en respaldo a la Vocer\u00eda de los Pueblos, firmada hasta este s\u00e1bado por 464 organizaciones, se da a conocer a un d\u00eda que 91 personajes de la extinguida Concertaci\u00f3n firmaran un documento,\u00a0donde rechazaron las garant\u00edas planteadas por la articulaci\u00f3n de convencionales constituyentes.<\/p>\n<p>Conoce la lista completa de las organizaciones que respaldan a la Vocer\u00eda en <a href=\"https:\/\/docs.google.com\/forms\/d\/e\/1FAIpQLScolJNMgvNPQvjS5hiMp2gDEtVLsVffeOGbNYaZxbUIDViA6A\/viewform\">este\u00a0enlace.<\/a><\/p>\n<p>&nbsp;<\/p>\n","protected":false},"excerpt":{"rendered":"<p>A ra\u00edz del pronunciamiento inaugural de la articulaci\u00f3n que agrupa a integrantes de pueblos originarios, movimientos sociales y la Lista del Pueblo, cerca de 500 organizaciones sociales se convocaron para respaldar las seis garant\u00edas democr\u00e1ticas que plante\u00f3 la Vocer\u00eda del&hellip;<\/p>\n","protected":false},"author":1470,"featured_media":1379392,"comment_status":"closed","ping_status":"closed","sticky":false,"template":"","format":"standard","meta":{"footnotes":""},"categories":[149,74,67],"tags":[29,91831],"class_list":["post-1379385","post","type-post","status-publish","format-standard","has-post-thumbnail","hentry","category-comunicados-de-prensa","category-politica-es","category-sudamerica","tag-chile","tag-voceria-de-los-pueblos"],"yoast_head":"<!-- This site is optimized with the Yoast SEO plugin v27.1.1 - https:\/\/yoast.com\/product\/yoast-seo-wordpress\/ -->\n<title>[Chile] \u201cNuestro mandato colectivo\u201d: m\u00e1s de 460 organizaciones sociales firman respaldo a Vocer\u00eda de los Pueblos<\/title>\n<meta name=\"description\" content=\"A ra\u00edz del pronunciamiento inaugural de la articulaci\u00f3n que agrupa a integrantes de pueblos originarios, movimientos sociales y la Lista del Pueblo, cerca\" \/>\n<meta name=\"robots\" content=\"index, follow, max-snippet:-1, max-image-preview:large, max-video-preview:-1\" \/>\n<link rel=\"canonical\" href=\"https:\/\/www.pressenza.com\/es\/2021\/06\/chile-nuestro-mandato-colectivo-mas-de-460-organizaciones-sociales-firman-respaldo-a-voceria-de-los-pueblos\/\" \/>\n<meta property=\"og:locale\" content=\"es_ES\" \/>\n<meta property=\"og:type\" content=\"article\" \/>\n<meta property=\"og:title\" content=\"[Chile] \u201cNuestro mandato colectivo\u201d: m\u00e1s de 460 organizaciones sociales firman respaldo a Vocer\u00eda de los Pueblos\" \/>\n<meta property=\"og:description\" content=\"A ra\u00edz del pronunciamiento inaugural de la articulaci\u00f3n que agrupa a integrantes de pueblos originarios, movimientos sociales y la Lista del Pueblo, cerca\" \/>\n<meta property=\"og:url\" content=\"https:\/\/www.pressenza.com\/es\/2021\/06\/chile-nuestro-mandato-colectivo-mas-de-460-organizaciones-sociales-firman-respaldo-a-voceria-de-los-pueblos\/\" \/>\n<meta property=\"og:site_name\" content=\"Pressenza\" \/>\n<meta property=\"article:publisher\" content=\"https:\/\/www.facebook.com\/PressenzaItalia\" \/>\n<meta property=\"article:published_time\" content=\"2021-06-13T15:44:38+00:00\" \/>\n<meta property=\"og:image\" content=\"https:\/\/www.pressenza.com\/wp-content\/uploads\/2021\/06\/WhatsApp-Image-2021-06-12-at-19.58.46.jpeg\" \/>\n\t<meta property=\"og:image:width\" content=\"811\" \/>\n\t<meta property=\"og:image:height\" content=\"592\" \/>\n\t<meta property=\"og:image:type\" content=\"image\/jpeg\" \/>\n<meta name=\"author\" content=\"El Desconcierto\" \/>\n<meta name=\"twitter:card\" content=\"summary_large_image\" \/>\n<meta name=\"twitter:creator\" content=\"@PressenzaIPA\" \/>\n<meta name=\"twitter:site\" content=\"@PressenzaIPA\" \/>\n<meta name=\"twitter:label1\" content=\"Escrito por\" \/>\n\t<meta name=\"twitter:data1\" content=\"El Desconcierto\" \/>\n\t<meta name=\"twitter:label2\" content=\"Tiempo de lectura\" \/>\n\t<meta name=\"twitter:data2\" content=\"4 minutos\" \/>\n<script type=\"application\/ld+json\" class=\"yoast-schema-graph\">{\"@context\":\"https:\/\/schema.org\",\"@graph\":[{\"@type\":\"Article\",\"@id\":\"https:\/\/www.pressenza.com\/es\/2021\/06\/chile-nuestro-mandato-colectivo-mas-de-460-organizaciones-sociales-firman-respaldo-a-voceria-de-los-pueblos\/#article\",\"isPartOf\":{\"@id\":\"https:\/\/www.pressenza.com\/es\/2021\/06\/chile-nuestro-mandato-colectivo-mas-de-460-organizaciones-sociales-firman-respaldo-a-voceria-de-los-pueblos\/\"},\"author\":{\"name\":\"El Desconcierto\",\"@id\":\"https:\/\/www.pressenza.com\/es\/#\/schema\/person\/d5cdd4d29826f1ed6d2d96525259c965\"},\"headline\":\"[Chile] \u201cNuestro mandato colectivo\u201d: m\u00e1s de 460 organizaciones sociales firman respaldo a Vocer\u00eda de los Pueblos\",\"datePublished\":\"2021-06-13T15:44:38+00:00\",\"mainEntityOfPage\":{\"@id\":\"https:\/\/www.pressenza.com\/es\/2021\/06\/chile-nuestro-mandato-colectivo-mas-de-460-organizaciones-sociales-firman-respaldo-a-voceria-de-los-pueblos\/\"},\"wordCount\":890,\"publisher\":{\"@id\":\"https:\/\/www.pressenza.com\/es\/#organization\"},\"image\":{\"@id\":\"https:\/\/www.pressenza.com\/es\/2021\/06\/chile-nuestro-mandato-colectivo-mas-de-460-organizaciones-sociales-firman-respaldo-a-voceria-de-los-pueblos\/#primaryimage\"},\"thumbnailUrl\":\"https:\/\/www.pressenza.com\/wp-content\/uploads\/2021\/06\/WhatsApp-Image-2021-06-12-at-19.58.46.jpeg\",\"keywords\":[\"Chile\",\"Vocer\u00eda de los Pueblos\"],\"articleSection\":[\"Comunicados de Prensa\",\"Pol\u00edtica\",\"Sudam\u00e9rica\"],\"inLanguage\":\"es\"},{\"@type\":\"WebPage\",\"@id\":\"https:\/\/www.pressenza.com\/es\/2021\/06\/chile-nuestro-mandato-colectivo-mas-de-460-organizaciones-sociales-firman-respaldo-a-voceria-de-los-pueblos\/\",\"url\":\"https:\/\/www.pressenza.com\/es\/2021\/06\/chile-nuestro-mandato-colectivo-mas-de-460-organizaciones-sociales-firman-respaldo-a-voceria-de-los-pueblos\/\",\"name\":\"[Chile] \u201cNuestro mandato colectivo\u201d: m\u00e1s de 460 organizaciones sociales firman respaldo a Vocer\u00eda de los Pueblos\",\"isPartOf\":{\"@id\":\"https:\/\/www.pressenza.com\/es\/#website\"},\"primaryImageOfPage\":{\"@id\":\"https:\/\/www.pressenza.com\/es\/2021\/06\/chile-nuestro-mandato-colectivo-mas-de-460-organizaciones-sociales-firman-respaldo-a-voceria-de-los-pueblos\/#primaryimage\"},\"image\":{\"@id\":\"https:\/\/www.pressenza.com\/es\/2021\/06\/chile-nuestro-mandato-colectivo-mas-de-460-organizaciones-sociales-firman-respaldo-a-voceria-de-los-pueblos\/#primaryimage\"},\"thumbnailUrl\":\"https:\/\/www.pressenza.com\/wp-content\/uploads\/2021\/06\/WhatsApp-Image-2021-06-12-at-19.58.46.jpeg\",\"datePublished\":\"2021-06-13T15:44:38+00:00\",\"description\":\"A ra\u00edz del pronunciamiento inaugural de la articulaci\u00f3n que agrupa a integrantes de pueblos originarios, movimientos sociales y la Lista del Pueblo, cerca\",\"breadcrumb\":{\"@id\":\"https:\/\/www.pressenza.com\/es\/2021\/06\/chile-nuestro-mandato-colectivo-mas-de-460-organizaciones-sociales-firman-respaldo-a-voceria-de-los-pueblos\/#breadcrumb\"},\"inLanguage\":\"es\",\"potentialAction\":[{\"@type\":\"ReadAction\",\"target\":[\"https:\/\/www.pressenza.com\/es\/2021\/06\/chile-nuestro-mandato-colectivo-mas-de-460-organizaciones-sociales-firman-respaldo-a-voceria-de-los-pueblos\/\"]}]},{\"@type\":\"ImageObject\",\"inLanguage\":\"es\",\"@id\":\"https:\/\/www.pressenza.com\/es\/2021\/06\/chile-nuestro-mandato-colectivo-mas-de-460-organizaciones-sociales-firman-respaldo-a-voceria-de-los-pueblos\/#primaryimage\",\"url\":\"https:\/\/www.pressenza.com\/wp-content\/uploads\/2021\/06\/WhatsApp-Image-2021-06-12-at-19.58.46.jpeg\",\"contentUrl\":\"https:\/\/www.pressenza.com\/wp-content\/uploads\/2021\/06\/WhatsApp-Image-2021-06-12-at-19.58.46.jpeg\",\"width\":811,\"height\":592,\"caption\":\"El Desconcierto\"},{\"@type\":\"BreadcrumbList\",\"@id\":\"https:\/\/www.pressenza.com\/es\/2021\/06\/chile-nuestro-mandato-colectivo-mas-de-460-organizaciones-sociales-firman-respaldo-a-voceria-de-los-pueblos\/#breadcrumb\",\"itemListElement\":[{\"@type\":\"ListItem\",\"position\":1,\"name\":\"Accueil\",\"item\":\"https:\/\/www.pressenza.com\/es\/\"},{\"@type\":\"ListItem\",\"position\":2,\"name\":\"[Chile] \u201cNuestro mandato colectivo\u201d: m\u00e1s de 460 organizaciones sociales firman respaldo a Vocer\u00eda de los Pueblos\"}]},{\"@type\":\"WebSite\",\"@id\":\"https:\/\/www.pressenza.com\/es\/#website\",\"url\":\"https:\/\/www.pressenza.com\/es\/\",\"name\":\"Pressenza\",\"description\":\"International Press Agency\",\"publisher\":{\"@id\":\"https:\/\/www.pressenza.com\/es\/#organization\"},\"potentialAction\":[{\"@type\":\"SearchAction\",\"target\":{\"@type\":\"EntryPoint\",\"urlTemplate\":\"https:\/\/www.pressenza.com\/es\/?s={search_term_string}\"},\"query-input\":{\"@type\":\"PropertyValueSpecification\",\"valueRequired\":true,\"valueName\":\"search_term_string\"}}],\"inLanguage\":\"es\"},{\"@type\":\"Organization\",\"@id\":\"https:\/\/www.pressenza.com\/es\/#organization\",\"name\":\"Pressenza\",\"url\":\"https:\/\/www.pressenza.com\/es\/\",\"logo\":{\"@type\":\"ImageObject\",\"inLanguage\":\"es\",\"@id\":\"https:\/\/www.pressenza.com\/es\/#\/schema\/logo\/image\/\",\"url\":\"https:\/\/www.pressenza.com\/wp-content\/uploads\/2022\/10\/pressenza_logo_200x200.jpg\",\"contentUrl\":\"https:\/\/www.pressenza.com\/wp-content\/uploads\/2022\/10\/pressenza_logo_200x200.jpg\",\"width\":200,\"height\":200,\"caption\":\"Pressenza\"},\"image\":{\"@id\":\"https:\/\/www.pressenza.com\/es\/#\/schema\/logo\/image\/\"},\"sameAs\":[\"https:\/\/www.facebook.com\/PressenzaItalia\",\"https:\/\/x.com\/PressenzaIPA\"]},{\"@type\":\"Person\",\"@id\":\"https:\/\/www.pressenza.com\/es\/#\/schema\/person\/d5cdd4d29826f1ed6d2d96525259c965\",\"name\":\"El Desconcierto\",\"description\":\"Somos un grupo de profesionales del \u00e1mbito de las ciencias sociales y la industria editorial, que nos reunimos a fines del 2011 con el objetivo de levantar un medio de comunicaci\u00f3n digital conectado con las principales tendencias transformadoras de la sociedad del siglo 21. Nuestros principales focos son las noticias sobre derechos sociales y medio ambiente; los debates de pol\u00edtica, educaci\u00f3n, g\u00e9nero y diversidad sexual; los temas de cultura, transparencia y pueblos originarios. Desarrollamos un periodismo riguroso orientado a personas que valoran contenidos que les permitan reflexionar y descubrir nuevos horizontes de pensamiento, vinculados al fortalecimiento de la democracia participativa, la sustentabilidad y el buen vivir en el planeta. Para hacer sostenible este medio de comunicaci\u00f3n pluralista e independiente hemos lanzado la campa\u00f1a \u2018Hazte Socio\u2019 cuya finalidad es co-crear una comunidad de lectores\/as m\u00e1s cr\u00edtica y propositiva que desea participar colaborativamente en la construcci\u00f3n de un mundo mejor. El periodismo independiente y sin censura en Chile es necesario para todas y todos.\",\"sameAs\":[\"http:\/\/www.eldesconcierto.cl\/\"],\"url\":\"https:\/\/www.pressenza.com\/es\/author\/el-desconcierto\/\"}]}<\/script>\n<!-- \/ Yoast SEO plugin. -->","yoast_head_json":{"title":"[Chile] \u201cNuestro mandato colectivo\u201d: m\u00e1s de 460 organizaciones sociales firman respaldo a Vocer\u00eda de los Pueblos","description":"A ra\u00edz del pronunciamiento inaugural de la articulaci\u00f3n que agrupa a integrantes de pueblos originarios, movimientos sociales y la Lista del Pueblo, cerca","robots":{"index":"index","follow":"follow","max-snippet":"max-snippet:-1","max-image-preview":"max-image-preview:large","max-video-preview":"max-video-preview:-1"},"canonical":"https:\/\/www.pressenza.com\/es\/2021\/06\/chile-nuestro-mandato-colectivo-mas-de-460-organizaciones-sociales-firman-respaldo-a-voceria-de-los-pueblos\/","og_locale":"es_ES","og_type":"article","og_title":"[Chile] \u201cNuestro mandato colectivo\u201d: m\u00e1s de 460 organizaciones sociales firman respaldo a Vocer\u00eda de los Pueblos","og_description":"A ra\u00edz del pronunciamiento inaugural de la articulaci\u00f3n que agrupa a integrantes de pueblos originarios, movimientos sociales y la Lista del Pueblo, cerca","og_url":"https:\/\/www.pressenza.com\/es\/2021\/06\/chile-nuestro-mandato-colectivo-mas-de-460-organizaciones-sociales-firman-respaldo-a-voceria-de-los-pueblos\/","og_site_name":"Pressenza","article_publisher":"https:\/\/www.facebook.com\/PressenzaItalia","article_published_time":"2021-06-13T15:44:38+00:00","og_image":[{"width":811,"height":592,"url":"https:\/\/www.pressenza.com\/wp-content\/uploads\/2021\/06\/WhatsApp-Image-2021-06-12-at-19.58.46.jpeg","type":"image\/jpeg"}],"author":"El Desconcierto","twitter_card":"summary_large_image","twitter_creator":"@PressenzaIPA","twitter_site":"@PressenzaIPA","twitter_misc":{"Escrito por":"El Desconcierto","Tiempo de lectura":"4 minutos"},"schema":{"@context":"https:\/\/schema.org","@graph":[{"@type":"Article","@id":"https:\/\/www.pressenza.com\/es\/2021\/06\/chile-nuestro-mandato-colectivo-mas-de-460-organizaciones-sociales-firman-respaldo-a-voceria-de-los-pueblos\/#article","isPartOf":{"@id":"https:\/\/www.pressenza.com\/es\/2021\/06\/chile-nuestro-mandato-colectivo-mas-de-460-organizaciones-sociales-firman-respaldo-a-voceria-de-los-pueblos\/"},"author":{"name":"El Desconcierto","@id":"https:\/\/www.pressenza.com\/es\/#\/schema\/person\/d5cdd4d29826f1ed6d2d96525259c965"},"headline":"[Chile] \u201cNuestro mandato colectivo\u201d: m\u00e1s de 460 organizaciones sociales firman respaldo a Vocer\u00eda de los Pueblos","datePublished":"2021-06-13T15:44:38+00:00","mainEntityOfPage":{"@id":"https:\/\/www.pressenza.com\/es\/2021\/06\/chile-nuestro-mandato-colectivo-mas-de-460-organizaciones-sociales-firman-respaldo-a-voceria-de-los-pueblos\/"},"wordCount":890,"publisher":{"@id":"https:\/\/www.pressenza.com\/es\/#organization"},"image":{"@id":"https:\/\/www.pressenza.com\/es\/2021\/06\/chile-nuestro-mandato-colectivo-mas-de-460-organizaciones-sociales-firman-respaldo-a-voceria-de-los-pueblos\/#primaryimage"},"thumbnailUrl":"https:\/\/www.pressenza.com\/wp-content\/uploads\/2021\/06\/WhatsApp-Image-2021-06-12-at-19.58.46.jpeg","keywords":["Chile","Vocer\u00eda de los Pueblos"],"articleSection":["Comunicados de Prensa","Pol\u00edtica","Sudam\u00e9rica"],"inLanguage":"es"},{"@type":"WebPage","@id":"https:\/\/www.pressenza.com\/es\/2021\/06\/chile-nuestro-mandato-colectivo-mas-de-460-organizaciones-sociales-firman-respaldo-a-voceria-de-los-pueblos\/","url":"https:\/\/www.pressenza.com\/es\/2021\/06\/chile-nuestro-mandato-colectivo-mas-de-460-organizaciones-sociales-firman-respaldo-a-voceria-de-los-pueblos\/","name":"[Chile] \u201cNuestro mandato colectivo\u201d: m\u00e1s de 460 organizaciones sociales firman respaldo a Vocer\u00eda de los Pueblos","isPartOf":{"@id":"https:\/\/www.pressenza.com\/es\/#website"},"primaryImageOfPage":{"@id":"https:\/\/www.pressenza.com\/es\/2021\/06\/chile-nuestro-mandato-colectivo-mas-de-460-organizaciones-sociales-firman-respaldo-a-voceria-de-los-pueblos\/#primaryimage"},"image":{"@id":"https:\/\/www.pressenza.com\/es\/2021\/06\/chile-nuestro-mandato-colectivo-mas-de-460-organizaciones-sociales-firman-respaldo-a-voceria-de-los-pueblos\/#primaryimage"},"thumbnailUrl":"https:\/\/www.pressenza.com\/wp-content\/uploads\/2021\/06\/WhatsApp-Image-2021-06-12-at-19.58.46.jpeg","datePublished":"2021-06-13T15:44:38+00:00","description":"A ra\u00edz del pronunciamiento inaugural de la articulaci\u00f3n que agrupa a integrantes de pueblos originarios, movimientos sociales y la Lista del Pueblo, cerca","breadcrumb":{"@id":"https:\/\/www.pressenza.com\/es\/2021\/06\/chile-nuestro-mandato-colectivo-mas-de-460-organizaciones-sociales-firman-respaldo-a-voceria-de-los-pueblos\/#breadcrumb"},"inLanguage":"es","potentialAction":[{"@type":"ReadAction","target":["https:\/\/www.pressenza.com\/es\/2021\/06\/chile-nuestro-mandato-colectivo-mas-de-460-organizaciones-sociales-firman-respaldo-a-voceria-de-los-pueblos\/"]}]},{"@type":"ImageObject","inLanguage":"es","@id":"https:\/\/www.pressenza.com\/es\/2021\/06\/chile-nuestro-mandato-colectivo-mas-de-460-organizaciones-sociales-firman-respaldo-a-voceria-de-los-pueblos\/#primaryimage","url":"https:\/\/www.pressenza.com\/wp-content\/uploads\/2021\/06\/WhatsApp-Image-2021-06-12-at-19.58.46.jpeg","contentUrl":"https:\/\/www.pressenza.com\/wp-content\/uploads\/2021\/06\/WhatsApp-Image-2021-06-12-at-19.58.46.jpeg","width":811,"height":592,"caption":"El Desconcierto"},{"@type":"BreadcrumbList","@id":"https:\/\/www.pressenza.com\/es\/2021\/06\/chile-nuestro-mandato-colectivo-mas-de-460-organizaciones-sociales-firman-respaldo-a-voceria-de-los-pueblos\/#breadcrumb","itemListElement":[{"@type":"ListItem","position":1,"name":"Accueil","item":"https:\/\/www.pressenza.com\/es\/"},{"@type":"ListItem","position":2,"name":"[Chile] \u201cNuestro mandato colectivo\u201d: m\u00e1s de 460 organizaciones sociales firman respaldo a Vocer\u00eda de los Pueblos"}]},{"@type":"WebSite","@id":"https:\/\/www.pressenza.com\/es\/#website","url":"https:\/\/www.pressenza.com\/es\/","name":"Pressenza","description":"International Press Agency","publisher":{"@id":"https:\/\/www.pressenza.com\/es\/#organization"},"potentialAction":[{"@type":"SearchAction","target":{"@type":"EntryPoint","urlTemplate":"https:\/\/www.pressenza.com\/es\/?s={search_term_string}"},"query-input":{"@type":"PropertyValueSpecification","valueRequired":true,"valueName":"search_term_string"}}],"inLanguage":"es"},{"@type":"Organization","@id":"https:\/\/www.pressenza.com\/es\/#organization","name":"Pressenza","url":"https:\/\/www.pressenza.com\/es\/","logo":{"@type":"ImageObject","inLanguage":"es","@id":"https:\/\/www.pressenza.com\/es\/#\/schema\/logo\/image\/","url":"https:\/\/www.pressenza.com\/wp-content\/uploads\/2022\/10\/pressenza_logo_200x200.jpg","contentUrl":"https:\/\/www.pressenza.com\/wp-content\/uploads\/2022\/10\/pressenza_logo_200x200.jpg","width":200,"height":200,"caption":"Pressenza"},"image":{"@id":"https:\/\/www.pressenza.com\/es\/#\/schema\/logo\/image\/"},"sameAs":["https:\/\/www.facebook.com\/PressenzaItalia","https:\/\/x.com\/PressenzaIPA"]},{"@type":"Person","@id":"https:\/\/www.pressenza.com\/es\/#\/schema\/person\/d5cdd4d29826f1ed6d2d96525259c965","name":"El Desconcierto","description":"Somos un grupo de profesionales del \u00e1mbito de las ciencias sociales y la industria editorial, que nos reunimos a fines del 2011 con el objetivo de levantar un medio de comunicaci\u00f3n digital conectado con las principales tendencias transformadoras de la sociedad del siglo 21. Nuestros principales focos son las noticias sobre derechos sociales y medio ambiente; los debates de pol\u00edtica, educaci\u00f3n, g\u00e9nero y diversidad sexual; los temas de cultura, transparencia y pueblos originarios. Desarrollamos un periodismo riguroso orientado a personas que valoran contenidos que les permitan reflexionar y descubrir nuevos horizontes de pensamiento, vinculados al fortalecimiento de la democracia participativa, la sustentabilidad y el buen vivir en el planeta. Para hacer sostenible este medio de comunicaci\u00f3n pluralista e independiente hemos lanzado la campa\u00f1a \u2018Hazte Socio\u2019 cuya finalidad es co-crear una comunidad de lectores\/as m\u00e1s cr\u00edtica y propositiva que desea participar colaborativamente en la construcci\u00f3n de un mundo mejor. El periodismo independiente y sin censura en Chile es necesario para todas y todos.","sameAs":["http:\/\/www.eldesconcierto.cl\/"],"url":"https:\/\/www.pressenza.com\/es\/author\/el-desconcierto\/"}]}},"place":"Santiago de Chile","original_article_url":"https:\/\/www.eldesconcierto.cl\/nacional\/2021\/06\/12\/nuestro-mandato-colectivo-mas-de-460-organizaciones-sociales-firman-respaldo-a-voceria-de-los-pueblos.html","_links":{"self":[{"href":"https:\/\/www.pressenza.com\/es\/wp-json\/wp\/v2\/posts\/1379385","targetHints":{"allow":["GET"]}}],"collection":[{"href":"https:\/\/www.pressenza.com\/es\/wp-json\/wp\/v2\/posts"}],"about":[{"href":"https:\/\/www.pressenza.com\/es\/wp-json\/wp\/v2\/types\/post"}],"author":[{"embeddable":true,"href":"https:\/\/www.pressenza.com\/es\/wp-json\/wp\/v2\/users\/1470"}],"replies":[{"embeddable":true,"href":"https:\/\/www.pressenza.com\/es\/wp-json\/wp\/v2\/comments?post=1379385"}],"version-history":[{"count":0,"href":"https:\/\/www.pressenza.com\/es\/wp-json\/wp\/v2\/posts\/1379385\/revisions"}],"wp:featuredmedia":[{"embeddable":true,"href":"https:\/\/www.pressenza.com\/es\/wp-json\/wp\/v2\/media\/1379392"}],"wp:attachment":[{"href":"https:\/\/www.pressenza.com\/es\/wp-json\/wp\/v2\/media?parent=1379385"}],"wp:term":[{"taxonomy":"category","embeddable":true,"href":"https:\/\/www.pressenza.com\/es\/wp-json\/wp\/v2\/categories?post=1379385"},{"taxonomy":"post_tag","embeddable":true,"href":"https:\/\/www.pressenza.com\/es\/wp-json\/wp\/v2\/tags?post=1379385"}],"curies":[{"name":"wp","href":"https:\/\/api.w.org\/{rel}","templated":true}]}}