{"id":1378707,"date":"2021-06-12T17:35:50","date_gmt":"2021-06-12T16:35:50","guid":{"rendered":"https:\/\/www.pressenza.com\/?p=1378707"},"modified":"2021-06-12T17:35:50","modified_gmt":"2021-06-12T16:35:50","slug":"el-chile-que-pugna-por-nacer","status":"publish","type":"post","link":"https:\/\/www.pressenza.com\/es\/2021\/06\/el-chile-que-pugna-por-nacer\/","title":{"rendered":"El Chile que pugna por nacer"},"content":{"rendered":"<p>La declaraci\u00f3n de la <a href=\"https:\/\/reddigital.cl\/21\/06\/09\">Vocer\u00eda de los Pueblos<\/a>, integrada por 34 constituyentes independientes, provenientes de movimientos sociales, mediante la cual reivindican la soberan\u00eda de la convenci\u00f3n constitucional, es en primer lugar, una excelente noticia.<\/p>\n<p>Segundo -y principal- con notable sentido de tiempo y distancia, tomaron la iniciativa e instalaron en el debate, el tema central del pr\u00f3ximo, hist\u00f3rico e in\u00e9dito certamen, vale decir la naturaleza del mismo, en un campo donde se enfrentar\u00e1n las representaciones del Chile que no termina de morir y de aquel que no acaba de nacer.<\/p>\n<p>La inmediata alineaci\u00f3n del partido del orden, demuestra lo que est\u00e1 en juego.<\/p>\n<p>Perdedores en las dos \u00faltimas elecciones en forma consecutiva, impetran la legitimidad de una elecci\u00f3n de hace cuatro a\u00f1os, e insisten en encorsetar el proceso constituyente con el cepo de los dos tercios.<\/p>\n<p>La presidenta del senado,<a href=\"https:\/\/www.cooperativa.cl\"> Yasna Provoste<\/a>, acudi\u00f3 a la iron\u00eda:<\/p>\n<p>\u00abMe resulta curioso venir a desconocer el Acuerdo por la Paz que da inicio al itinerario constituyente del que ellos participaron, e incluso fueron candidatos y electos\u00bb.<\/p>\n<p>\u00abCuando uno desconoce algo no se presenta como candidato\u00bb, sentenci\u00f3; misma tesis del ministro del interior, <a href=\"https:\/\/www.cooperativa.cl\">Rodrigo Delgado<\/a>:<\/p>\n<p>\u00abPasa que esos constituyentes ya se sometieron a lo que fue el acuerdo, porque si fueron candidatos, fue gracias a ese acuerdo. El Gobierno valid\u00f3 ese acuerdo ha cumplido cada cent\u00edmetro de ese acuerdo, por lo tanto, no nos queda m\u00e1s que seguir cumpliendo\u00bb.<\/p>\n<p><a href=\"https:\/\/www.cooperativa.cl\">Agust\u00edn Squella<\/a>, independiente en lista del Partido Liberal, manifest\u00f3:<\/p>\n<p>\u00abNo hago ning\u00fan llamado que no sea a ajustarnos a las normas previas, nunca me gustaron los dos tercios, pero es la regla que se estableci\u00f3\u00bb.<\/p>\n<p><a href=\"https:\/\/www.cooperativa.cl\">Fuad Chah\u00edn<\/a>, \u00fanico constituyente de la DC, fue m\u00e1s categ\u00f3rico:<\/p>\n<p>\u00abPasar por encima de las reglas del juego en el fondo es pasar por encima de la democracia\u00bb.<\/p>\n<p><a href=\"https:\/\/www.cooperativa.cl\">Cristi\u00e1n Monckeberg<\/a>, convencional de RN por el distrito 10, expuso una peculiar interpretaci\u00f3n:<\/p>\n<p>\u00abNo nos produce sorpresa la actitud que han tomado algunos miembros de la Convenci\u00f3n. Lo que se est\u00e1 produciendo es saltarse las reglas del juego, las reglas democr\u00e1ticas, y lo que nos dijo la ciudadan\u00eda y el verdadero mandato del pueblo fue: \u2018si\u00e9ntense a dialogar&#8217;\u00bb.<\/p>\n<p>Estas son las expresiones del Chile desfalleciente, moribundo, portadoras del discurso del modelo que fracas\u00f3.<\/p>\n<p>Todav\u00eda no entienden que fueron destituidos por una revuelta de car\u00e1cter hist\u00f3rico, que cierra el ciclo neoliberal, iniciado en Chile en abril de 1975, con ocasi\u00f3n del primer ajuste estructural, dispuesto por el ministro de hacienda, Jorge Cauas.<\/p>\n<p>Como es apenas natural, se aferran a cualquier argumento que al lado derecho del signo igual, signifique blindaje para los intereses que representan, y a los cuales se deben.<\/p>\n<p>Exigidos a fondo por el guante lanzado por la vocer\u00eda de los pueblos, los representantes de la rep\u00fablica neoliberal comprenden con espanto, que aparte del discurso, y su difusi\u00f3n asegurada en el sistema medi\u00e1tico, no disponen de otros recursos para abortar el parto del Chile que pugna por nacer.<\/p>\n<p>Tampoco se dan cuenta de que la revuelta cancel\u00f3 la pol\u00edtica de lo posible, y su discurso justificador.<\/p>\n<p>\u00bfEn virtud de qu\u00e9 l\u00f3gica pol\u00edtica la minor\u00eda impone reglas a la mayor\u00eda, como no sea en el universo de las extra\u00f1as matem\u00e1ticas de los dos tercios, donde se puede ganar perdiendo?.<\/p>\n<p>\u00bfPor qu\u00e9 los representantes del nuevo Chile deber\u00edan aceptar un acuerdo que no firmaron, y que los priva de potestad constituyente, en una coyuntura hist\u00f3rica \u00fanica e irrepetible?<\/p>\n<p>La democracia no consiste en respetar acuerdos espurios, a espaldas del pueblo movilizado, ni en normas dictadas para favorecer la gobernanza, ni en representaciones pol\u00edticas sin revocabilidad, sino en el gobierno de mayor\u00edas.<\/p>\n<p>Eso est\u00e1 al alcance, y el pueblo se lo gan\u00f3.<\/p>\n<p>La magnitud de la revoluci\u00f3n social chilena se puede medir por su impacto en la revuelta social de Colombia y la elecci\u00f3n presidencial de Per\u00fa.<\/p>\n<p>La principal virtud de la <a href=\"https:\/\/reddigital.cl\">declaraci\u00f3n<\/a> de la vocer\u00eda de los pueblos, consiste en desvelar lo que est\u00e1 en juego.<\/p>\n<p>Impulsados por el viento hist\u00f3rico de cambios, que esta vez sopla de popa, los convencionales democr\u00e1ticos har\u00edan bien en cubrirse los o\u00eddos con cera, para no escuchar los cantos de sirena del Chile que fracas\u00f3, y con la audacia de Ulises, redise\u00f1ar Chile desde la perspectiva de la justicia social, sin condicionamientos previos.<\/p>\n<p>&nbsp;<\/p>\n<p>&nbsp;<\/p>\n<p>&nbsp;<\/p>\n","protected":false},"excerpt":{"rendered":"<p>La declaraci\u00f3n de la Vocer\u00eda de los Pueblos, integrada por 34 constituyentes independientes, provenientes de movimientos sociales, mediante la cual reivindican la soberan\u00eda de la convenci\u00f3n constitucional, es en primer lugar, una excelente noticia. Segundo -y principal- con notable sentido&hellip;<\/p>\n","protected":false},"author":2015,"featured_media":1378708,"comment_status":"closed","ping_status":"closed","sticky":false,"template":"","format":"standard","meta":{"footnotes":""},"categories":[11389,161,74,67],"tags":[29,69401,91831],"class_list":["post-1378707","post","type-post","status-publish","format-standard","has-post-thumbnail","hentry","category-contenido-original","category-opiniones","category-politica-es","category-sudamerica","tag-chile","tag-convencion-constitucional","tag-voceria-de-los-pueblos"],"yoast_head":"<!-- This site is optimized with the Yoast SEO plugin v27.1.1 - https:\/\/yoast.com\/product\/yoast-seo-wordpress\/ -->\n<title>El Chile que pugna por nacer<\/title>\n<meta name=\"description\" content=\"La declaraci\u00f3n de la Vocer\u00eda de los Pueblos, integrada por 34 constituyentes independientes, provenientes de movimientos sociales, mediante la cual\" \/>\n<meta name=\"robots\" content=\"index, follow, max-snippet:-1, max-image-preview:large, max-video-preview:-1\" \/>\n<link rel=\"canonical\" href=\"https:\/\/www.pressenza.com\/es\/2021\/06\/el-chile-que-pugna-por-nacer\/\" \/>\n<meta property=\"og:locale\" content=\"es_ES\" \/>\n<meta property=\"og:type\" content=\"article\" \/>\n<meta property=\"og:title\" content=\"El Chile que pugna por nacer\" \/>\n<meta property=\"og:description\" content=\"La declaraci\u00f3n de la Vocer\u00eda de los Pueblos, integrada por 34 constituyentes independientes, provenientes de movimientos sociales, mediante la cual\" \/>\n<meta property=\"og:url\" content=\"https:\/\/www.pressenza.com\/es\/2021\/06\/el-chile-que-pugna-por-nacer\/\" \/>\n<meta property=\"og:site_name\" content=\"Pressenza\" \/>\n<meta property=\"article:publisher\" content=\"https:\/\/www.facebook.com\/PressenzaItalia\" \/>\n<meta property=\"article:published_time\" content=\"2021-06-12T16:35:50+00:00\" \/>\n<meta property=\"og:image\" content=\"https:\/\/www.pressenza.com\/wp-content\/uploads\/2021\/06\/debate_constituyentes.jpg\" \/>\n\t<meta property=\"og:image:width\" content=\"900\" \/>\n\t<meta property=\"og:image:height\" content=\"506\" \/>\n\t<meta property=\"og:image:type\" content=\"image\/jpeg\" \/>\n<meta name=\"author\" content=\"Francisco Herreros\" \/>\n<meta name=\"twitter:card\" content=\"summary_large_image\" \/>\n<meta name=\"twitter:creator\" content=\"@PressenzaIPA\" \/>\n<meta name=\"twitter:site\" content=\"@PressenzaIPA\" \/>\n<meta name=\"twitter:label1\" content=\"Escrito por\" \/>\n\t<meta name=\"twitter:data1\" content=\"Francisco Herreros\" \/>\n\t<meta name=\"twitter:label2\" content=\"Tiempo de lectura\" \/>\n\t<meta name=\"twitter:data2\" content=\"4 minutos\" \/>\n<script type=\"application\/ld+json\" class=\"yoast-schema-graph\">{\"@context\":\"https:\/\/schema.org\",\"@graph\":[{\"@type\":\"Article\",\"@id\":\"https:\/\/www.pressenza.com\/es\/2021\/06\/el-chile-que-pugna-por-nacer\/#article\",\"isPartOf\":{\"@id\":\"https:\/\/www.pressenza.com\/es\/2021\/06\/el-chile-que-pugna-por-nacer\/\"},\"author\":{\"name\":\"Francisco Herreros\",\"@id\":\"https:\/\/www.pressenza.com\/es\/#\/schema\/person\/865988b4ffc110b95a977317fa1248d5\"},\"headline\":\"El Chile que pugna por nacer\",\"datePublished\":\"2021-06-12T16:35:50+00:00\",\"mainEntityOfPage\":{\"@id\":\"https:\/\/www.pressenza.com\/es\/2021\/06\/el-chile-que-pugna-por-nacer\/\"},\"wordCount\":765,\"publisher\":{\"@id\":\"https:\/\/www.pressenza.com\/es\/#organization\"},\"image\":{\"@id\":\"https:\/\/www.pressenza.com\/es\/2021\/06\/el-chile-que-pugna-por-nacer\/#primaryimage\"},\"thumbnailUrl\":\"https:\/\/www.pressenza.com\/wp-content\/uploads\/2021\/06\/debate_constituyentes.jpg\",\"keywords\":[\"Chile\",\"Convenci\u00f3n Constitucional\",\"Vocer\u00eda de los Pueblos\"],\"articleSection\":[\"Contenido Original\",\"Opiniones\",\"Pol\u00edtica\",\"Sudam\u00e9rica\"],\"inLanguage\":\"es\"},{\"@type\":\"WebPage\",\"@id\":\"https:\/\/www.pressenza.com\/es\/2021\/06\/el-chile-que-pugna-por-nacer\/\",\"url\":\"https:\/\/www.pressenza.com\/es\/2021\/06\/el-chile-que-pugna-por-nacer\/\",\"name\":\"El Chile que pugna por nacer\",\"isPartOf\":{\"@id\":\"https:\/\/www.pressenza.com\/es\/#website\"},\"primaryImageOfPage\":{\"@id\":\"https:\/\/www.pressenza.com\/es\/2021\/06\/el-chile-que-pugna-por-nacer\/#primaryimage\"},\"image\":{\"@id\":\"https:\/\/www.pressenza.com\/es\/2021\/06\/el-chile-que-pugna-por-nacer\/#primaryimage\"},\"thumbnailUrl\":\"https:\/\/www.pressenza.com\/wp-content\/uploads\/2021\/06\/debate_constituyentes.jpg\",\"datePublished\":\"2021-06-12T16:35:50+00:00\",\"description\":\"La declaraci\u00f3n de la Vocer\u00eda de los Pueblos, integrada por 34 constituyentes independientes, provenientes de movimientos sociales, mediante la cual\",\"breadcrumb\":{\"@id\":\"https:\/\/www.pressenza.com\/es\/2021\/06\/el-chile-que-pugna-por-nacer\/#breadcrumb\"},\"inLanguage\":\"es\",\"potentialAction\":[{\"@type\":\"ReadAction\",\"target\":[\"https:\/\/www.pressenza.com\/es\/2021\/06\/el-chile-que-pugna-por-nacer\/\"]}]},{\"@type\":\"ImageObject\",\"inLanguage\":\"es\",\"@id\":\"https:\/\/www.pressenza.com\/es\/2021\/06\/el-chile-que-pugna-por-nacer\/#primaryimage\",\"url\":\"https:\/\/www.pressenza.com\/wp-content\/uploads\/2021\/06\/debate_constituyentes.jpg\",\"contentUrl\":\"https:\/\/www.pressenza.com\/wp-content\/uploads\/2021\/06\/debate_constituyentes.jpg\",\"width\":900,\"height\":506,\"caption\":\"Francisco Herreros\"},{\"@type\":\"BreadcrumbList\",\"@id\":\"https:\/\/www.pressenza.com\/es\/2021\/06\/el-chile-que-pugna-por-nacer\/#breadcrumb\",\"itemListElement\":[{\"@type\":\"ListItem\",\"position\":1,\"name\":\"Accueil\",\"item\":\"https:\/\/www.pressenza.com\/es\/\"},{\"@type\":\"ListItem\",\"position\":2,\"name\":\"El Chile que pugna por nacer\"}]},{\"@type\":\"WebSite\",\"@id\":\"https:\/\/www.pressenza.com\/es\/#website\",\"url\":\"https:\/\/www.pressenza.com\/es\/\",\"name\":\"Pressenza\",\"description\":\"International Press Agency\",\"publisher\":{\"@id\":\"https:\/\/www.pressenza.com\/es\/#organization\"},\"potentialAction\":[{\"@type\":\"SearchAction\",\"target\":{\"@type\":\"EntryPoint\",\"urlTemplate\":\"https:\/\/www.pressenza.com\/es\/?s={search_term_string}\"},\"query-input\":{\"@type\":\"PropertyValueSpecification\",\"valueRequired\":true,\"valueName\":\"search_term_string\"}}],\"inLanguage\":\"es\"},{\"@type\":\"Organization\",\"@id\":\"https:\/\/www.pressenza.com\/es\/#organization\",\"name\":\"Pressenza\",\"url\":\"https:\/\/www.pressenza.com\/es\/\",\"logo\":{\"@type\":\"ImageObject\",\"inLanguage\":\"es\",\"@id\":\"https:\/\/www.pressenza.com\/es\/#\/schema\/logo\/image\/\",\"url\":\"https:\/\/www.pressenza.com\/wp-content\/uploads\/2022\/10\/pressenza_logo_200x200.jpg\",\"contentUrl\":\"https:\/\/www.pressenza.com\/wp-content\/uploads\/2022\/10\/pressenza_logo_200x200.jpg\",\"width\":200,\"height\":200,\"caption\":\"Pressenza\"},\"image\":{\"@id\":\"https:\/\/www.pressenza.com\/es\/#\/schema\/logo\/image\/\"},\"sameAs\":[\"https:\/\/www.facebook.com\/PressenzaItalia\",\"https:\/\/x.com\/PressenzaIPA\"]},{\"@type\":\"Person\",\"@id\":\"https:\/\/www.pressenza.com\/es\/#\/schema\/person\/865988b4ffc110b95a977317fa1248d5\",\"name\":\"Francisco Herreros\",\"description\":\"Periodista de la Universidad de Chile. Director de la revista Cauce, el semanario El Siglo y la revista Pluma y Pincel. Premio de Periodismo Rey de Espa\u00f1a. Magister en tecnolog\u00edas de la informaci\u00f3n y en econom\u00eda. Dos libros publicados: \\\"Del Gobierno del Pueblo a la Rebeli\u00f3n Popular\\\" y \\\"Cuatro D\u00e9cadas de Neoliberalismo: La Larga Cueca del Rey Desnudo\\\".\",\"url\":\"https:\/\/www.pressenza.com\/es\/author\/francisco-herreros\/\"}]}<\/script>\n<!-- \/ Yoast SEO plugin. -->","yoast_head_json":{"title":"El Chile que pugna por nacer","description":"La declaraci\u00f3n de la Vocer\u00eda de los Pueblos, integrada por 34 constituyentes independientes, provenientes de movimientos sociales, mediante la cual","robots":{"index":"index","follow":"follow","max-snippet":"max-snippet:-1","max-image-preview":"max-image-preview:large","max-video-preview":"max-video-preview:-1"},"canonical":"https:\/\/www.pressenza.com\/es\/2021\/06\/el-chile-que-pugna-por-nacer\/","og_locale":"es_ES","og_type":"article","og_title":"El Chile que pugna por nacer","og_description":"La declaraci\u00f3n de la Vocer\u00eda de los Pueblos, integrada por 34 constituyentes independientes, provenientes de movimientos sociales, mediante la cual","og_url":"https:\/\/www.pressenza.com\/es\/2021\/06\/el-chile-que-pugna-por-nacer\/","og_site_name":"Pressenza","article_publisher":"https:\/\/www.facebook.com\/PressenzaItalia","article_published_time":"2021-06-12T16:35:50+00:00","og_image":[{"width":900,"height":506,"url":"https:\/\/www.pressenza.com\/wp-content\/uploads\/2021\/06\/debate_constituyentes.jpg","type":"image\/jpeg"}],"author":"Francisco Herreros","twitter_card":"summary_large_image","twitter_creator":"@PressenzaIPA","twitter_site":"@PressenzaIPA","twitter_misc":{"Escrito por":"Francisco Herreros","Tiempo de lectura":"4 minutos"},"schema":{"@context":"https:\/\/schema.org","@graph":[{"@type":"Article","@id":"https:\/\/www.pressenza.com\/es\/2021\/06\/el-chile-que-pugna-por-nacer\/#article","isPartOf":{"@id":"https:\/\/www.pressenza.com\/es\/2021\/06\/el-chile-que-pugna-por-nacer\/"},"author":{"name":"Francisco Herreros","@id":"https:\/\/www.pressenza.com\/es\/#\/schema\/person\/865988b4ffc110b95a977317fa1248d5"},"headline":"El Chile que pugna por nacer","datePublished":"2021-06-12T16:35:50+00:00","mainEntityOfPage":{"@id":"https:\/\/www.pressenza.com\/es\/2021\/06\/el-chile-que-pugna-por-nacer\/"},"wordCount":765,"publisher":{"@id":"https:\/\/www.pressenza.com\/es\/#organization"},"image":{"@id":"https:\/\/www.pressenza.com\/es\/2021\/06\/el-chile-que-pugna-por-nacer\/#primaryimage"},"thumbnailUrl":"https:\/\/www.pressenza.com\/wp-content\/uploads\/2021\/06\/debate_constituyentes.jpg","keywords":["Chile","Convenci\u00f3n Constitucional","Vocer\u00eda de los Pueblos"],"articleSection":["Contenido Original","Opiniones","Pol\u00edtica","Sudam\u00e9rica"],"inLanguage":"es"},{"@type":"WebPage","@id":"https:\/\/www.pressenza.com\/es\/2021\/06\/el-chile-que-pugna-por-nacer\/","url":"https:\/\/www.pressenza.com\/es\/2021\/06\/el-chile-que-pugna-por-nacer\/","name":"El Chile que pugna por nacer","isPartOf":{"@id":"https:\/\/www.pressenza.com\/es\/#website"},"primaryImageOfPage":{"@id":"https:\/\/www.pressenza.com\/es\/2021\/06\/el-chile-que-pugna-por-nacer\/#primaryimage"},"image":{"@id":"https:\/\/www.pressenza.com\/es\/2021\/06\/el-chile-que-pugna-por-nacer\/#primaryimage"},"thumbnailUrl":"https:\/\/www.pressenza.com\/wp-content\/uploads\/2021\/06\/debate_constituyentes.jpg","datePublished":"2021-06-12T16:35:50+00:00","description":"La declaraci\u00f3n de la Vocer\u00eda de los Pueblos, integrada por 34 constituyentes independientes, provenientes de movimientos sociales, mediante la cual","breadcrumb":{"@id":"https:\/\/www.pressenza.com\/es\/2021\/06\/el-chile-que-pugna-por-nacer\/#breadcrumb"},"inLanguage":"es","potentialAction":[{"@type":"ReadAction","target":["https:\/\/www.pressenza.com\/es\/2021\/06\/el-chile-que-pugna-por-nacer\/"]}]},{"@type":"ImageObject","inLanguage":"es","@id":"https:\/\/www.pressenza.com\/es\/2021\/06\/el-chile-que-pugna-por-nacer\/#primaryimage","url":"https:\/\/www.pressenza.com\/wp-content\/uploads\/2021\/06\/debate_constituyentes.jpg","contentUrl":"https:\/\/www.pressenza.com\/wp-content\/uploads\/2021\/06\/debate_constituyentes.jpg","width":900,"height":506,"caption":"Francisco Herreros"},{"@type":"BreadcrumbList","@id":"https:\/\/www.pressenza.com\/es\/2021\/06\/el-chile-que-pugna-por-nacer\/#breadcrumb","itemListElement":[{"@type":"ListItem","position":1,"name":"Accueil","item":"https:\/\/www.pressenza.com\/es\/"},{"@type":"ListItem","position":2,"name":"El Chile que pugna por nacer"}]},{"@type":"WebSite","@id":"https:\/\/www.pressenza.com\/es\/#website","url":"https:\/\/www.pressenza.com\/es\/","name":"Pressenza","description":"International Press Agency","publisher":{"@id":"https:\/\/www.pressenza.com\/es\/#organization"},"potentialAction":[{"@type":"SearchAction","target":{"@type":"EntryPoint","urlTemplate":"https:\/\/www.pressenza.com\/es\/?s={search_term_string}"},"query-input":{"@type":"PropertyValueSpecification","valueRequired":true,"valueName":"search_term_string"}}],"inLanguage":"es"},{"@type":"Organization","@id":"https:\/\/www.pressenza.com\/es\/#organization","name":"Pressenza","url":"https:\/\/www.pressenza.com\/es\/","logo":{"@type":"ImageObject","inLanguage":"es","@id":"https:\/\/www.pressenza.com\/es\/#\/schema\/logo\/image\/","url":"https:\/\/www.pressenza.com\/wp-content\/uploads\/2022\/10\/pressenza_logo_200x200.jpg","contentUrl":"https:\/\/www.pressenza.com\/wp-content\/uploads\/2022\/10\/pressenza_logo_200x200.jpg","width":200,"height":200,"caption":"Pressenza"},"image":{"@id":"https:\/\/www.pressenza.com\/es\/#\/schema\/logo\/image\/"},"sameAs":["https:\/\/www.facebook.com\/PressenzaItalia","https:\/\/x.com\/PressenzaIPA"]},{"@type":"Person","@id":"https:\/\/www.pressenza.com\/es\/#\/schema\/person\/865988b4ffc110b95a977317fa1248d5","name":"Francisco Herreros","description":"Periodista de la Universidad de Chile. Director de la revista Cauce, el semanario El Siglo y la revista Pluma y Pincel. Premio de Periodismo Rey de Espa\u00f1a. Magister en tecnolog\u00edas de la informaci\u00f3n y en econom\u00eda. Dos libros publicados: \"Del Gobierno del Pueblo a la Rebeli\u00f3n Popular\" y \"Cuatro D\u00e9cadas de Neoliberalismo: La Larga Cueca del Rey Desnudo\".","url":"https:\/\/www.pressenza.com\/es\/author\/francisco-herreros\/"}]}},"place":"Santiago de Chile","original_article_url":"","_links":{"self":[{"href":"https:\/\/www.pressenza.com\/es\/wp-json\/wp\/v2\/posts\/1378707","targetHints":{"allow":["GET"]}}],"collection":[{"href":"https:\/\/www.pressenza.com\/es\/wp-json\/wp\/v2\/posts"}],"about":[{"href":"https:\/\/www.pressenza.com\/es\/wp-json\/wp\/v2\/types\/post"}],"author":[{"embeddable":true,"href":"https:\/\/www.pressenza.com\/es\/wp-json\/wp\/v2\/users\/2015"}],"replies":[{"embeddable":true,"href":"https:\/\/www.pressenza.com\/es\/wp-json\/wp\/v2\/comments?post=1378707"}],"version-history":[{"count":0,"href":"https:\/\/www.pressenza.com\/es\/wp-json\/wp\/v2\/posts\/1378707\/revisions"}],"wp:featuredmedia":[{"embeddable":true,"href":"https:\/\/www.pressenza.com\/es\/wp-json\/wp\/v2\/media\/1378708"}],"wp:attachment":[{"href":"https:\/\/www.pressenza.com\/es\/wp-json\/wp\/v2\/media?parent=1378707"}],"wp:term":[{"taxonomy":"category","embeddable":true,"href":"https:\/\/www.pressenza.com\/es\/wp-json\/wp\/v2\/categories?post=1378707"},{"taxonomy":"post_tag","embeddable":true,"href":"https:\/\/www.pressenza.com\/es\/wp-json\/wp\/v2\/tags?post=1378707"}],"curies":[{"name":"wp","href":"https:\/\/api.w.org\/{rel}","templated":true}]}}