{"id":1378694,"date":"2021-06-12T17:15:53","date_gmt":"2021-06-12T16:15:53","guid":{"rendered":"https:\/\/www.pressenza.com\/?p=1378694"},"modified":"2021-06-12T17:15:53","modified_gmt":"2021-06-12T16:15:53","slug":"peru-mexico-y-el-periodismo-abyecto-chileno","status":"publish","type":"post","link":"https:\/\/www.pressenza.com\/es\/2021\/06\/peru-mexico-y-el-periodismo-abyecto-chileno\/","title":{"rendered":"Per\u00fa, M\u00e9xico y el periodismo abyecto chileno"},"content":{"rendered":"<p>Especial cobertura le dieron CNN\u00a0 Internacional y algunos medios televisivos chilenos a los \u00faltimos procesos electorales de Per\u00fa y M\u00e9xico. A todas luces esta cadena informativa confi\u00f3 en el triunfo en segunda vuelta de Keiko Fugimori y en la posibilidad de que el gobierno de Andr\u00e9s Manuel L\u00f3pez Obrador sufriera un descalabro electoral. Apostaron casi todos a la posibilidad de que la hija del macabro ex dictador peruano se impusiera aunque sea por una m\u00ednima ventaja, como a que el l\u00edder de la izquierda mexicana perdiera el enorme caudal de votos y apoyo que ha acompa\u00f1ado toda su gesti\u00f3n.<\/p>\n<p>Lo ocurrido, finalmente, es que Morena, el partido del Primer Mandatario mexicano, obtuvo m\u00e1s del 50 por ciento de los votos y ganado otra serie de gobernaciones, asegur\u00e1ndose una s\u00f3lida ventaja en el Parlamento y la posibilidad de concretar alianzas con colectividades afines para avanzar hacia una nueva Constituci\u00f3n, como es uno de los prop\u00f3sitos del mandatario de este pa\u00eds. En Per\u00fa, mientras tanto, fue el candidato de la izquierda, el profesor Pedro Castillo, el que ha aventajado a su contrincante por una peque\u00f1a suma de sufragios. Lo que en democracia vale para legitimar cualquier victoria.<\/p>\n<p>Sin duda que en el periodismo abyecto la desilusi\u00f3n se hizo muy ostensible y r\u00e1pidamente la cobertura informativa fue reducida y orientada a desacreditar el triunfo de la izquierda peruana con el viejo argumento de que hubo un fraude electoral, lo que fuera pregonado por la propia Keiko Fugimori una vez que Castillo la superara en el conteo de votos que inicialmente crey\u00f3 favorecerla. A L\u00f3pez Obrador no hubo c\u00f3mo objetarle su triunfo, pero se argument\u00f3 que \u00e9ste, si bien obtuvo la mayor\u00eda absoluta de los sufragios (lo que ya es asombroso), no pudo reunir los dos tercios que se hacen necesario para aprobar la enmienda de la Carta Fundamental de forma m\u00e1s expedita.<\/p>\n<p>La presencia de observadores internacionales en ambos comicios acreditaron la transparencia de ambos ejercicios democr\u00e1ticos. Sin embargo los derrotados y los medios de comunicaci\u00f3n serviles se dan ma\u00f1a para desacreditar los resultados y propagar una verdadera campa\u00f1a del terror en caso de que el profesor Castillo sea proclamado Presidente de la Rep\u00fablica. Lo que menos se dice respecto de este proceso es que vendr\u00eda una dictadura comunista y que los peruanos se empobrecer\u00edan a\u00fan m\u00e1s en caso de que el nuevo gobierno emprendiera las nacionalizaciones de las grandes empresas en manos extranjeras. Se se\u00f1ala que el advenimiento del socialismo pondr\u00eda en jaque al neoliberalismo que, a juicio de estos medios como a su abanderada, le habr\u00eda tra\u00eddo tantos progresos a un pa\u00eds cuya amplia mayor\u00eda de habitantes, en realidad, est\u00e1 sumida en la miseria y la crisis descontrolada del Coronavirus.<\/p>\n<p>Se puede tener la posici\u00f3n que se quiera respecto de ambos procesos pol\u00edticos, pero lo inaceptable es el intento del periodismo envilecido por tergiversar los hechos m\u00e1s evidentes. En Chile nos da verg\u00fcenza la actitud de la televisi\u00f3n y otros medios subordinados a sus pautas informativas. Adem\u00e1s de constatar la ignorancia cr\u00f3nica de sus animadores y reporteros, como su incapacidad de reaccionar con dignidad e independencia frente a los caprichosos dictados de quienes financian sus espacios y planilla. Particularmente nos sorprende el silencio de serios periodistas y analistas internacionales frente a la desfiguraci\u00f3n flagrante de lo que dicen sus reporteros y notas llegadas desde el exterior. Basura que r\u00e1pidamente es reproducida en estos canales de televisi\u00f3n, en muchas radios y hasta en la prensa que tambi\u00e9n comulga con una visi\u00f3n del mundo falseada intencionalmente. Cuando se asume que en nuestro pa\u00eds no existe la diversidad informativa que se merece cualquier r\u00e9gimen democr\u00e1tico.<\/p>\n<p>Asimismo, entendemos que para los consabidos matutinos de la prensa no es nada grato comprobar los resultados obtenidos por candidatos de izquierda en estos pa\u00edses. Sin embargo, debemos reconocer que la manipulaci\u00f3n informativa que tambi\u00e9n ejercen es m\u00e1s sutil y, desde luego, menos descarada. Aunque a todas luces sabemos que se convertir\u00e1n en enemigos irreconciliables del futuro presidente peruano, como ya lo son de L\u00f3pez Obrador. Para estos medios siempre es preferible que la ultra derecha obtenga ventajas electorales, aunque sea el partido y la hija candidata de un tirano que cumple condena en la c\u00e1rcel por sus horrendos cr\u00edmenes, y a quien ella prometi\u00f3 indultar en caso de ganar.<\/p>\n<p>M\u00e1s recelosos que la propia Casa Blanca respecto de cualquier triunfo progresista, a estos medios les repugna la alta adhesi\u00f3n popular que mantiene el mandatario mexicano en contraste con el enorme descr\u00e9dito del presidente Pi\u00f1era. En este sentido, la oposici\u00f3n que se le ejerce a L\u00f3pez Obrador desde Chile es m\u00e1s vehemente que la de Estados Unidos, cuyos dos \u00faltimos gobiernos han mantenido una relaci\u00f3n armoniosa con quien en su \u00e9poca de candidato tambi\u00e9n fuera vituperado por estos medios y acusado de conducir a la naci\u00f3n mexicana al descalabro de un r\u00e9gimen marxista leninista.<\/p>\n","protected":false},"excerpt":{"rendered":"<p>Especial cobertura le dieron CNN\u00a0 Internacional y algunos medios televisivos chilenos a los \u00faltimos procesos electorales de Per\u00fa y M\u00e9xico. A todas luces esta cadena informativa confi\u00f3 en el triunfo en segunda vuelta de Keiko Fugimori y en la posibilidad&hellip;<\/p>\n","protected":false},"author":1739,"featured_media":1378696,"comment_status":"closed","ping_status":"closed","sticky":false,"template":"","format":"standard","meta":{"footnotes":""},"categories":[11389,74,67],"tags":[29,523,1321,1560],"class_list":["post-1378694","post","type-post","status-publish","format-standard","has-post-thumbnail","hentry","category-contenido-original","category-politica-es","category-sudamerica","tag-chile","tag-medios-de-comunicacion","tag-mexico","tag-peru"],"yoast_head":"<!-- This site is optimized with the Yoast SEO plugin v27.1.1 - https:\/\/yoast.com\/product\/yoast-seo-wordpress\/ -->\n<title>Per\u00fa, M\u00e9xico y el periodismo abyecto chileno<\/title>\n<meta name=\"description\" content=\"Especial cobertura le dieron CNN\u00a0 Internacional y algunos medios televisivos chilenos a los \u00faltimos procesos electorales de Per\u00fa y M\u00e9xico. A todas luces\" \/>\n<meta name=\"robots\" content=\"index, follow, max-snippet:-1, max-image-preview:large, max-video-preview:-1\" \/>\n<link rel=\"canonical\" href=\"https:\/\/www.pressenza.com\/es\/2021\/06\/peru-mexico-y-el-periodismo-abyecto-chileno\/\" \/>\n<meta property=\"og:locale\" content=\"es_ES\" \/>\n<meta property=\"og:type\" content=\"article\" \/>\n<meta property=\"og:title\" content=\"Per\u00fa, M\u00e9xico y el periodismo abyecto chileno\" \/>\n<meta property=\"og:description\" content=\"Especial cobertura le dieron CNN\u00a0 Internacional y algunos medios televisivos chilenos a los \u00faltimos procesos electorales de Per\u00fa y M\u00e9xico. A todas luces\" \/>\n<meta property=\"og:url\" content=\"https:\/\/www.pressenza.com\/es\/2021\/06\/peru-mexico-y-el-periodismo-abyecto-chileno\/\" \/>\n<meta property=\"og:site_name\" content=\"Pressenza\" \/>\n<meta property=\"article:publisher\" content=\"https:\/\/www.facebook.com\/PressenzaItalia\" \/>\n<meta property=\"article:published_time\" content=\"2021-06-12T16:15:53+00:00\" \/>\n<meta property=\"og:image\" content=\"https:\/\/www.pressenza.com\/wp-content\/uploads\/2021\/06\/blogmedia-peru-pedro-castillo.jpg\" \/>\n\t<meta property=\"og:image:width\" content=\"748\" \/>\n\t<meta property=\"og:image:height\" content=\"498\" \/>\n\t<meta property=\"og:image:type\" content=\"image\/jpeg\" \/>\n<meta name=\"author\" content=\"Juan Pablo C\u00e1rdenas\" \/>\n<meta name=\"twitter:card\" content=\"summary_large_image\" \/>\n<meta name=\"twitter:creator\" content=\"@PressenzaIPA\" \/>\n<meta name=\"twitter:site\" content=\"@PressenzaIPA\" \/>\n<meta name=\"twitter:label1\" content=\"Escrito por\" \/>\n\t<meta name=\"twitter:data1\" content=\"Juan Pablo C\u00e1rdenas\" \/>\n\t<meta name=\"twitter:label2\" content=\"Tiempo de lectura\" \/>\n\t<meta name=\"twitter:data2\" content=\"4 minutos\" \/>\n<script type=\"application\/ld+json\" class=\"yoast-schema-graph\">{\"@context\":\"https:\/\/schema.org\",\"@graph\":[{\"@type\":\"Article\",\"@id\":\"https:\/\/www.pressenza.com\/es\/2021\/06\/peru-mexico-y-el-periodismo-abyecto-chileno\/#article\",\"isPartOf\":{\"@id\":\"https:\/\/www.pressenza.com\/es\/2021\/06\/peru-mexico-y-el-periodismo-abyecto-chileno\/\"},\"author\":{\"name\":\"Juan Pablo C\u00e1rdenas\",\"@id\":\"https:\/\/www.pressenza.com\/es\/#\/schema\/person\/d72a7c8c014dcbfa2ef9e9976103ea0d\"},\"headline\":\"Per\u00fa, M\u00e9xico y el periodismo abyecto chileno\",\"datePublished\":\"2021-06-12T16:15:53+00:00\",\"mainEntityOfPage\":{\"@id\":\"https:\/\/www.pressenza.com\/es\/2021\/06\/peru-mexico-y-el-periodismo-abyecto-chileno\/\"},\"wordCount\":881,\"publisher\":{\"@id\":\"https:\/\/www.pressenza.com\/es\/#organization\"},\"image\":{\"@id\":\"https:\/\/www.pressenza.com\/es\/2021\/06\/peru-mexico-y-el-periodismo-abyecto-chileno\/#primaryimage\"},\"thumbnailUrl\":\"https:\/\/www.pressenza.com\/wp-content\/uploads\/2021\/06\/blogmedia-peru-pedro-castillo.jpg\",\"keywords\":[\"Chile\",\"medios de comunicaci\u00f3n\",\"M\u00e9xico\",\"Per\u00fa\"],\"articleSection\":[\"Contenido Original\",\"Pol\u00edtica\",\"Sudam\u00e9rica\"],\"inLanguage\":\"es\"},{\"@type\":\"WebPage\",\"@id\":\"https:\/\/www.pressenza.com\/es\/2021\/06\/peru-mexico-y-el-periodismo-abyecto-chileno\/\",\"url\":\"https:\/\/www.pressenza.com\/es\/2021\/06\/peru-mexico-y-el-periodismo-abyecto-chileno\/\",\"name\":\"Per\u00fa, M\u00e9xico y el periodismo abyecto chileno\",\"isPartOf\":{\"@id\":\"https:\/\/www.pressenza.com\/es\/#website\"},\"primaryImageOfPage\":{\"@id\":\"https:\/\/www.pressenza.com\/es\/2021\/06\/peru-mexico-y-el-periodismo-abyecto-chileno\/#primaryimage\"},\"image\":{\"@id\":\"https:\/\/www.pressenza.com\/es\/2021\/06\/peru-mexico-y-el-periodismo-abyecto-chileno\/#primaryimage\"},\"thumbnailUrl\":\"https:\/\/www.pressenza.com\/wp-content\/uploads\/2021\/06\/blogmedia-peru-pedro-castillo.jpg\",\"datePublished\":\"2021-06-12T16:15:53+00:00\",\"description\":\"Especial cobertura le dieron CNN\u00a0 Internacional y algunos medios televisivos chilenos a los \u00faltimos procesos electorales de Per\u00fa y M\u00e9xico. A todas luces\",\"breadcrumb\":{\"@id\":\"https:\/\/www.pressenza.com\/es\/2021\/06\/peru-mexico-y-el-periodismo-abyecto-chileno\/#breadcrumb\"},\"inLanguage\":\"es\",\"potentialAction\":[{\"@type\":\"ReadAction\",\"target\":[\"https:\/\/www.pressenza.com\/es\/2021\/06\/peru-mexico-y-el-periodismo-abyecto-chileno\/\"]}]},{\"@type\":\"ImageObject\",\"inLanguage\":\"es\",\"@id\":\"https:\/\/www.pressenza.com\/es\/2021\/06\/peru-mexico-y-el-periodismo-abyecto-chileno\/#primaryimage\",\"url\":\"https:\/\/www.pressenza.com\/wp-content\/uploads\/2021\/06\/blogmedia-peru-pedro-castillo.jpg\",\"contentUrl\":\"https:\/\/www.pressenza.com\/wp-content\/uploads\/2021\/06\/blogmedia-peru-pedro-castillo.jpg\",\"width\":748,\"height\":498,\"caption\":\"prensa-latina.cu\"},{\"@type\":\"BreadcrumbList\",\"@id\":\"https:\/\/www.pressenza.com\/es\/2021\/06\/peru-mexico-y-el-periodismo-abyecto-chileno\/#breadcrumb\",\"itemListElement\":[{\"@type\":\"ListItem\",\"position\":1,\"name\":\"Accueil\",\"item\":\"https:\/\/www.pressenza.com\/es\/\"},{\"@type\":\"ListItem\",\"position\":2,\"name\":\"Per\u00fa, M\u00e9xico y el periodismo abyecto chileno\"}]},{\"@type\":\"WebSite\",\"@id\":\"https:\/\/www.pressenza.com\/es\/#website\",\"url\":\"https:\/\/www.pressenza.com\/es\/\",\"name\":\"Pressenza\",\"description\":\"International Press Agency\",\"publisher\":{\"@id\":\"https:\/\/www.pressenza.com\/es\/#organization\"},\"potentialAction\":[{\"@type\":\"SearchAction\",\"target\":{\"@type\":\"EntryPoint\",\"urlTemplate\":\"https:\/\/www.pressenza.com\/es\/?s={search_term_string}\"},\"query-input\":{\"@type\":\"PropertyValueSpecification\",\"valueRequired\":true,\"valueName\":\"search_term_string\"}}],\"inLanguage\":\"es\"},{\"@type\":\"Organization\",\"@id\":\"https:\/\/www.pressenza.com\/es\/#organization\",\"name\":\"Pressenza\",\"url\":\"https:\/\/www.pressenza.com\/es\/\",\"logo\":{\"@type\":\"ImageObject\",\"inLanguage\":\"es\",\"@id\":\"https:\/\/www.pressenza.com\/es\/#\/schema\/logo\/image\/\",\"url\":\"https:\/\/www.pressenza.com\/wp-content\/uploads\/2022\/10\/pressenza_logo_200x200.jpg\",\"contentUrl\":\"https:\/\/www.pressenza.com\/wp-content\/uploads\/2022\/10\/pressenza_logo_200x200.jpg\",\"width\":200,\"height\":200,\"caption\":\"Pressenza\"},\"image\":{\"@id\":\"https:\/\/www.pressenza.com\/es\/#\/schema\/logo\/image\/\"},\"sameAs\":[\"https:\/\/www.facebook.com\/PressenzaItalia\",\"https:\/\/x.com\/PressenzaIPA\"]},{\"@type\":\"Person\",\"@id\":\"https:\/\/www.pressenza.com\/es\/#\/schema\/person\/d72a7c8c014dcbfa2ef9e9976103ea0d\",\"name\":\"Juan Pablo C\u00e1rdenas\",\"description\":\"Juan Pablo C\u00e1rdenas Squella es un periodista y profesor universitario de vasta trayectoria. En el 2005 recibi\u00f3 en premio nacional de Periodismo y, antes, la Pluma de Oro de la Libertad, otorgada por la Federaci\u00f3n Mundial de la Prensa. Tambi\u00e9n obtuvo el Premio Latinoamericano de Periodismo, la Houten Camara de Holanda (1989) entre otras m\u00faltiples distinciones nacionales y extranjeras. Forma parte de los sesenta periodistas del mundo considerados H\u00e9roes de la Libertad de Expresi\u00f3n, reconocimiento hecho por la Federaci\u00f3n Internacional de Periodistas. Ha sido director y columnista de las revistas Debate Universitario, An\u00e1lisis y Los Tiempos, as\u00ed como del diario electr\u00f3nico primeral\u00ednea.cl. Tambi\u00e9n fue por m\u00e1s 18 a\u00f1os director de la Radio Universidad de Chile y de su diario digital. Se ha desempe\u00f1ado como profesor de varias escuelas de periodismo de Santiago y Valpara\u00edso y en la Universidad de Chile alcanz\u00f3 el grado de profesor titular y senador universitario.\",\"url\":\"https:\/\/www.pressenza.com\/es\/author\/juan-pablo-cardenas\/\"}]}<\/script>\n<!-- \/ Yoast SEO plugin. -->","yoast_head_json":{"title":"Per\u00fa, M\u00e9xico y el periodismo abyecto chileno","description":"Especial cobertura le dieron CNN\u00a0 Internacional y algunos medios televisivos chilenos a los \u00faltimos procesos electorales de Per\u00fa y M\u00e9xico. A todas luces","robots":{"index":"index","follow":"follow","max-snippet":"max-snippet:-1","max-image-preview":"max-image-preview:large","max-video-preview":"max-video-preview:-1"},"canonical":"https:\/\/www.pressenza.com\/es\/2021\/06\/peru-mexico-y-el-periodismo-abyecto-chileno\/","og_locale":"es_ES","og_type":"article","og_title":"Per\u00fa, M\u00e9xico y el periodismo abyecto chileno","og_description":"Especial cobertura le dieron CNN\u00a0 Internacional y algunos medios televisivos chilenos a los \u00faltimos procesos electorales de Per\u00fa y M\u00e9xico. A todas luces","og_url":"https:\/\/www.pressenza.com\/es\/2021\/06\/peru-mexico-y-el-periodismo-abyecto-chileno\/","og_site_name":"Pressenza","article_publisher":"https:\/\/www.facebook.com\/PressenzaItalia","article_published_time":"2021-06-12T16:15:53+00:00","og_image":[{"width":748,"height":498,"url":"https:\/\/www.pressenza.com\/wp-content\/uploads\/2021\/06\/blogmedia-peru-pedro-castillo.jpg","type":"image\/jpeg"}],"author":"Juan Pablo C\u00e1rdenas","twitter_card":"summary_large_image","twitter_creator":"@PressenzaIPA","twitter_site":"@PressenzaIPA","twitter_misc":{"Escrito por":"Juan Pablo C\u00e1rdenas","Tiempo de lectura":"4 minutos"},"schema":{"@context":"https:\/\/schema.org","@graph":[{"@type":"Article","@id":"https:\/\/www.pressenza.com\/es\/2021\/06\/peru-mexico-y-el-periodismo-abyecto-chileno\/#article","isPartOf":{"@id":"https:\/\/www.pressenza.com\/es\/2021\/06\/peru-mexico-y-el-periodismo-abyecto-chileno\/"},"author":{"name":"Juan Pablo C\u00e1rdenas","@id":"https:\/\/www.pressenza.com\/es\/#\/schema\/person\/d72a7c8c014dcbfa2ef9e9976103ea0d"},"headline":"Per\u00fa, M\u00e9xico y el periodismo abyecto chileno","datePublished":"2021-06-12T16:15:53+00:00","mainEntityOfPage":{"@id":"https:\/\/www.pressenza.com\/es\/2021\/06\/peru-mexico-y-el-periodismo-abyecto-chileno\/"},"wordCount":881,"publisher":{"@id":"https:\/\/www.pressenza.com\/es\/#organization"},"image":{"@id":"https:\/\/www.pressenza.com\/es\/2021\/06\/peru-mexico-y-el-periodismo-abyecto-chileno\/#primaryimage"},"thumbnailUrl":"https:\/\/www.pressenza.com\/wp-content\/uploads\/2021\/06\/blogmedia-peru-pedro-castillo.jpg","keywords":["Chile","medios de comunicaci\u00f3n","M\u00e9xico","Per\u00fa"],"articleSection":["Contenido Original","Pol\u00edtica","Sudam\u00e9rica"],"inLanguage":"es"},{"@type":"WebPage","@id":"https:\/\/www.pressenza.com\/es\/2021\/06\/peru-mexico-y-el-periodismo-abyecto-chileno\/","url":"https:\/\/www.pressenza.com\/es\/2021\/06\/peru-mexico-y-el-periodismo-abyecto-chileno\/","name":"Per\u00fa, M\u00e9xico y el periodismo abyecto chileno","isPartOf":{"@id":"https:\/\/www.pressenza.com\/es\/#website"},"primaryImageOfPage":{"@id":"https:\/\/www.pressenza.com\/es\/2021\/06\/peru-mexico-y-el-periodismo-abyecto-chileno\/#primaryimage"},"image":{"@id":"https:\/\/www.pressenza.com\/es\/2021\/06\/peru-mexico-y-el-periodismo-abyecto-chileno\/#primaryimage"},"thumbnailUrl":"https:\/\/www.pressenza.com\/wp-content\/uploads\/2021\/06\/blogmedia-peru-pedro-castillo.jpg","datePublished":"2021-06-12T16:15:53+00:00","description":"Especial cobertura le dieron CNN\u00a0 Internacional y algunos medios televisivos chilenos a los \u00faltimos procesos electorales de Per\u00fa y M\u00e9xico. A todas luces","breadcrumb":{"@id":"https:\/\/www.pressenza.com\/es\/2021\/06\/peru-mexico-y-el-periodismo-abyecto-chileno\/#breadcrumb"},"inLanguage":"es","potentialAction":[{"@type":"ReadAction","target":["https:\/\/www.pressenza.com\/es\/2021\/06\/peru-mexico-y-el-periodismo-abyecto-chileno\/"]}]},{"@type":"ImageObject","inLanguage":"es","@id":"https:\/\/www.pressenza.com\/es\/2021\/06\/peru-mexico-y-el-periodismo-abyecto-chileno\/#primaryimage","url":"https:\/\/www.pressenza.com\/wp-content\/uploads\/2021\/06\/blogmedia-peru-pedro-castillo.jpg","contentUrl":"https:\/\/www.pressenza.com\/wp-content\/uploads\/2021\/06\/blogmedia-peru-pedro-castillo.jpg","width":748,"height":498,"caption":"prensa-latina.cu"},{"@type":"BreadcrumbList","@id":"https:\/\/www.pressenza.com\/es\/2021\/06\/peru-mexico-y-el-periodismo-abyecto-chileno\/#breadcrumb","itemListElement":[{"@type":"ListItem","position":1,"name":"Accueil","item":"https:\/\/www.pressenza.com\/es\/"},{"@type":"ListItem","position":2,"name":"Per\u00fa, M\u00e9xico y el periodismo abyecto chileno"}]},{"@type":"WebSite","@id":"https:\/\/www.pressenza.com\/es\/#website","url":"https:\/\/www.pressenza.com\/es\/","name":"Pressenza","description":"International Press Agency","publisher":{"@id":"https:\/\/www.pressenza.com\/es\/#organization"},"potentialAction":[{"@type":"SearchAction","target":{"@type":"EntryPoint","urlTemplate":"https:\/\/www.pressenza.com\/es\/?s={search_term_string}"},"query-input":{"@type":"PropertyValueSpecification","valueRequired":true,"valueName":"search_term_string"}}],"inLanguage":"es"},{"@type":"Organization","@id":"https:\/\/www.pressenza.com\/es\/#organization","name":"Pressenza","url":"https:\/\/www.pressenza.com\/es\/","logo":{"@type":"ImageObject","inLanguage":"es","@id":"https:\/\/www.pressenza.com\/es\/#\/schema\/logo\/image\/","url":"https:\/\/www.pressenza.com\/wp-content\/uploads\/2022\/10\/pressenza_logo_200x200.jpg","contentUrl":"https:\/\/www.pressenza.com\/wp-content\/uploads\/2022\/10\/pressenza_logo_200x200.jpg","width":200,"height":200,"caption":"Pressenza"},"image":{"@id":"https:\/\/www.pressenza.com\/es\/#\/schema\/logo\/image\/"},"sameAs":["https:\/\/www.facebook.com\/PressenzaItalia","https:\/\/x.com\/PressenzaIPA"]},{"@type":"Person","@id":"https:\/\/www.pressenza.com\/es\/#\/schema\/person\/d72a7c8c014dcbfa2ef9e9976103ea0d","name":"Juan Pablo C\u00e1rdenas","description":"Juan Pablo C\u00e1rdenas Squella es un periodista y profesor universitario de vasta trayectoria. En el 2005 recibi\u00f3 en premio nacional de Periodismo y, antes, la Pluma de Oro de la Libertad, otorgada por la Federaci\u00f3n Mundial de la Prensa. Tambi\u00e9n obtuvo el Premio Latinoamericano de Periodismo, la Houten Camara de Holanda (1989) entre otras m\u00faltiples distinciones nacionales y extranjeras. Forma parte de los sesenta periodistas del mundo considerados H\u00e9roes de la Libertad de Expresi\u00f3n, reconocimiento hecho por la Federaci\u00f3n Internacional de Periodistas. Ha sido director y columnista de las revistas Debate Universitario, An\u00e1lisis y Los Tiempos, as\u00ed como del diario electr\u00f3nico primeral\u00ednea.cl. Tambi\u00e9n fue por m\u00e1s 18 a\u00f1os director de la Radio Universidad de Chile y de su diario digital. Se ha desempe\u00f1ado como profesor de varias escuelas de periodismo de Santiago y Valpara\u00edso y en la Universidad de Chile alcanz\u00f3 el grado de profesor titular y senador universitario.","url":"https:\/\/www.pressenza.com\/es\/author\/juan-pablo-cardenas\/"}]}},"place":"Santiago de Chile","original_article_url":"","_links":{"self":[{"href":"https:\/\/www.pressenza.com\/es\/wp-json\/wp\/v2\/posts\/1378694","targetHints":{"allow":["GET"]}}],"collection":[{"href":"https:\/\/www.pressenza.com\/es\/wp-json\/wp\/v2\/posts"}],"about":[{"href":"https:\/\/www.pressenza.com\/es\/wp-json\/wp\/v2\/types\/post"}],"author":[{"embeddable":true,"href":"https:\/\/www.pressenza.com\/es\/wp-json\/wp\/v2\/users\/1739"}],"replies":[{"embeddable":true,"href":"https:\/\/www.pressenza.com\/es\/wp-json\/wp\/v2\/comments?post=1378694"}],"version-history":[{"count":0,"href":"https:\/\/www.pressenza.com\/es\/wp-json\/wp\/v2\/posts\/1378694\/revisions"}],"wp:featuredmedia":[{"embeddable":true,"href":"https:\/\/www.pressenza.com\/es\/wp-json\/wp\/v2\/media\/1378696"}],"wp:attachment":[{"href":"https:\/\/www.pressenza.com\/es\/wp-json\/wp\/v2\/media?parent=1378694"}],"wp:term":[{"taxonomy":"category","embeddable":true,"href":"https:\/\/www.pressenza.com\/es\/wp-json\/wp\/v2\/categories?post=1378694"},{"taxonomy":"post_tag","embeddable":true,"href":"https:\/\/www.pressenza.com\/es\/wp-json\/wp\/v2\/tags?post=1378694"}],"curies":[{"name":"wp","href":"https:\/\/api.w.org\/{rel}","templated":true}]}}