{"id":1378654,"date":"2021-06-12T16:57:54","date_gmt":"2021-06-12T15:57:54","guid":{"rendered":"https:\/\/www.pressenza.com\/?p=1378654"},"modified":"2021-06-12T16:57:54","modified_gmt":"2021-06-12T15:57:54","slug":"las-razones-del-panico-del-establishment-por-el-nacimiento-de-la-voceria-de-los-pueblos-en-la-constituyente-chilena","status":"publish","type":"post","link":"https:\/\/www.pressenza.com\/es\/2021\/06\/las-razones-del-panico-del-establishment-por-el-nacimiento-de-la-voceria-de-los-pueblos-en-la-constituyente-chilena\/","title":{"rendered":"Las razones del p\u00e1nico del establishment por el nacimiento de la Vocer\u00eda de los Pueblos en la Constituyente chilena"},"content":{"rendered":"<p>Por Maximiliano Alarc\u00f3n G. y Camila Higuera<\/p>\n<blockquote><p>Calificados como \u2018los 34\u2019, casi de forma despectiva, necesitaron s\u00f3lo de un comunicado para alterar la agenda y causar la sobrerreacci\u00f3n del poder pol\u00edtico y empresarial. Despu\u00e9s de todo, estos constituyentes ya hab\u00edan logrado\u00a0doblar la mano de proyectos como Pascua Lama o una termoel\u00e9ctrica de AES Gener, algo que se podr\u00eda potenciar escribiendo la nueva constituci\u00f3n.<\/p><\/blockquote>\n<p>Cuando el poder pol\u00edtico y empresarial no terminaba de sacudirse de la derrota sufrida ante el Partido Comunista en las elecciones municipales y de Constituyentes del 15 y 16 de mayo, sucedi\u00f3 otro acontecimiento inesperado, desde un colectivo totalmente ajeno a dicho partido de izquierda.<\/p>\n<p>El pasado martes se lanz\u00f3 oficialmente a trav\u00e9s de un comunicado y un punto de prensa la Vocer\u00eda de los Pueblos, conformada por, hasta ahora, 34 de los 155 convencionales que redactar\u00e1n la nueva Constituci\u00f3n. Bast\u00f3 s\u00f3lo un d\u00eda para que este grupo, autodenominado como \u201cindependientes de partidos tradicionales, del poder econ\u00f3mico y eclesi\u00e1stico\u201d, marcara la pauta pol\u00edtica de la semana.<\/p>\n<p>Durante su presentaci\u00f3n, este sector lanz\u00f3 algunos lineamientos importantes que los convocan, tales como liberar a los presos pol\u00edticos mapuche y los del estallido social; fin a la impunidad en violaciones a los derechos humanos de \u201cayer y hoy\u201d; reparaci\u00f3n a las v\u00edctimas de esto \u00faltimo; desmilitarizaci\u00f3n en el Wallmapu y frenar la expulsi\u00f3n de migrantes. Pero sin duda el punto que m\u00e1s impact\u00f3 fue el \u00faltimo: la declaraci\u00f3n de soberan\u00eda de la Convenci\u00f3n Constitucional.<\/p>\n<p>\u201cEl poder constituyente originario es un poder plenamente aut\u00f3nomo que se establece para reordenar el cuerpo pol\u00edtico de una sociedad, teniendo como l\u00edmites el respeto de los derechos fundamentales. En consecuencia, el proceso abierto por los pueblos no puede ser limitado a la redacci\u00f3n de una nueva Constituci\u00f3n bajo reglas inamovibles, sino que debe ser expresivo de la voluntad popular, reafirmando su car\u00e1cter constituyente sostenido en la amplia deliberaci\u00f3n popular y la movilizaci\u00f3n social dentro y fuera de la Convenci\u00f3n\u201d, dijeron en un comunicado p\u00fablico, apuntando principalmente al quorum de 2\/3 establecido en el \u2018Acuerdo por la Paz\u2019 del 15 de noviembre de 2019.<\/p>\n<p>Posiblemente la Vocer\u00eda de los Pueblos\u00a0no esperaba que lo siguiente ocurriera tan pronto, pero 24 horas despu\u00e9s ya ten\u00edan a todo el establishment encima, criticando su pronunciamiento y acus\u00e1ndolos de antidemocr\u00e1ticos.<\/p>\n<p>Varios medios de comunicaci\u00f3n tradicionales hablaron en los d\u00edas posteriores a la declaraci\u00f3n de \u2018los 34\u2019, como intentando esquivar el t\u00edtulo de \u2018Vocer\u00eda de los Pueblos\u2019. Pero quien se llev\u00f3 el protagonismo para tratar de connotarlos ante la opini\u00f3n p\u00fablica fue el mensajero de la \u00e9lite por excelencia: el diario\u00a0El Mercurio, enclavado en Vitacura y de propiedad de la familia Edwards, donde, entre el mi\u00e9rcoles y hoy s\u00e1bado, el tema de este grupo de constituyentes llen\u00f3 sus p\u00e1ginas.<\/p>\n<p>El mi\u00e9rcoles el editorial\u00a0<em>Convenci\u00f3n dialogante<\/em>\u00a0y la columna<em>\u00a0La rebeli\u00f3n de los convencionales<\/em>\u00a0del rector de la Universidad Diego Portales, Carlos Pe\u00f1a, criticaban la postura. El jueves el t\u00edtulo de la portada del diario indicaba\u00a0<em>Llamado a no respetar las reglas del proceso constitucional encuentra rechazo institucional y pol\u00edtico<\/em>.\u00a0 Ayer\u00a0viernes el cuerpo C present\u00f3 el art\u00edculo\u00a0<em>Presidenciables cuestionan a Jadue tras dichos en torno a la Vocer\u00eda de los Pueblos<\/em>. Y en la edici\u00f3n del d\u00eda de hoy se dedica un editorial con cuestionamientos al grupo, tres cartas al director en el mismo sentido, el art\u00edculo\u00a0<em>Figuras de la ex Concertaci\u00f3n creen que postura de Vocer\u00eda de los Pueblos podr\u00eda \u201csocavar\u201d la Convenci\u00f3n<\/em>, en el cual\u00a0 hablan Cristi\u00e1n Warnken, Soledad Alvear, Jos\u00e9 Miguel Insulza y Andr\u00e9s Velasco; adem\u00e1s de una columna de opini\u00f3n firmada por el abogado Esteban Ovalle Andrade, quien los acusa de golpistas, siendo que parad\u00f3jicamente su padre, Jorge Ovalle Quiroz, trabaj\u00f3 para la dictadura de Augusto Pinochet entre 1973 y 1978.<\/p>\n<p>No fue solamente\u00a0El Mercurio.<\/p>\n<p>En la misma l\u00ednea, los partidos tradicionales tambi\u00e9n salieron a fustigar el planteamiento de la Vocer\u00eda de los Pueblos. El jueves el ministro vocero de gobierno, Jaime Bellolio (UDI), emiti\u00f3 una declaraci\u00f3n donde rechaz\u00f3 lo planteado por la Vocer\u00eda, diciendo que la gente conoc\u00eda las reglas al momento del plebiscito y agreg\u00f3 que no seguirlas \u201ces obviamente un compromiso poco democr\u00e1tico\u201d.<\/p>\n<p>La presidenta del Senado, Yasna Provoste (DC), tambi\u00e9n puso de su parte: \u00abme resulta curioso venir a desconocer el Acuerdo por la Paz que da inicio al itinerario constituyente del que ellos participaron, e incluso fueron candidatos y electos (&#8230;) Cuando uno desconoce algo no se presenta como candidato\u00bb, dijo a\u00a0Radio Universo.<\/p>\n<p>Entre los presidenciables, la representante del Partido Socialista, Paula Narv\u00e1ez, calific\u00f3 la postura como una \u201cactitud autoritaria y poco democr\u00e1tica\u00bb. Joaqu\u00edn Lav\u00edn, la carta de la UDI, dijo que le \u201cparece muy mal que haya personas que est\u00e1n ah\u00ed y hoy digan &#8216;vamos a hacer lo que queremos&#8217;. No, ustedes van a hacer lo que tienen que hacer, que es escribir una nueva Constituci\u00f3n, poni\u00e9ndose de acuerdo por 2\/3 de sus integrantes\u00bb.<\/p>\n<p>Mientras, la carta del Partido Comunista, Daniel Jadue, expres\u00f3 que siempre ha sido \u201cpartidario de las asambleas constituyentes de verdad y, por lo tanto, creo que lo m\u00e1s relevante es que el proceso llegue a buen t\u00e9rmino y eso implica que tenemos que tener la disposici\u00f3n de conversar todo aquello que ponga en peligro el proceso constitucional\u00bb, dejando entrever cierto apoyo.<\/p>\n<p>Aunque quiz\u00e1s una de las declaraciones m\u00e1s representativas sobre el momento confuso que atraviesan los partidos tradicionales sea la del diputado de la UDI, Juan Antonio Coloma, quien fiel al gesto ya habitual de su sector puso a Venezuela en la discusi\u00f3n: \u201cEste tipo de imposici\u00f3n al estilo chavista nos puede llevar al mismo camino que sufri\u00f3 ese pa\u00eds\u201d.<\/p>\n<p>Pero es altamente probable que la Vocer\u00eda de los Pueblos tenga poco y nada que ver con el chavismo. Es m\u00e1s, tiene una fuerte distancia pol\u00edtica con el Partido Comunista chileno. Pero tarde o temprano la sobrerreacci\u00f3n de la \u00e9lite chilena era esperable, puesto que en el fondo, la Vocer\u00eda de los Pueblos ya era conocida por muchos en el poder, no en su forma actual, pero siempre como un enemigo interno, el cual actualmente cuenta con el respaldo de 395 organizaciones sociales, las cuales firmaron una carta de apoyo.<\/p>\n<p>Los 34 nombres que la integran hasta el momento, se caracterizan en general por tener una larga trayectoria participando de movimientos sociales, asambleas territoriales y organizaciones de este tipo. Doce de sus miembros pertenecen a la Lista del Pueblo, mientras que los dem\u00e1s son de diferentes listas de independientes que se conformaron a nivel regional para las pasadas elecciones.<\/p>\n<p>Al interior de la &#8216;Vocer\u00eda de los Pueblos&#8217; ,\u00a0existe un alto componente feminista,\u00a0ind\u00edgena y ambientalista, representado en personas que desde hace a\u00f1os han protagonizado luchas contra el extractivismo y la persecuci\u00f3n de dirigentes, no desde el eslogan pol\u00edtico-electoral, sino que desde la protesta y las acciones judiciales en defensa de territorios concretos.<\/p>\n<p>Entre las causas que han llevado se encuentra la ofensiva contra diversos proyectos relevantes para el modelo de desarrollo actual en Chile, apareciendo como contrincantes de empresas tales como AES Gener, Barrick Gold, Astaldi, CMPC, entre otras.<\/p>\n<p>Por lo mismo no extra\u00f1a la incomodidad de la elite, lo que proyecta una fuerte disputa para este sector durante la Convenci\u00f3n. Aunque en t\u00e9rminos pol\u00edticos, tambi\u00e9n emergen como el grupo que puede pelear la hegemon\u00eda que tiene actualmente el Partido Comunista en la izquierda nacional a la hora de marcar la pauta pol\u00edtica.<\/p>\n<p><strong>Esencia feminista<\/strong><\/p>\n<p>Seg\u00fan personas que conocen la interna de la Vocer\u00eda y que hablaron con INTERFERENCIA fuera de micr\u00f3fono, el principal elemento articulador es el componente feminista, puesto que son 23 mujeres en este grupo de constituyentes, muchas de las cuales se conocen desde hace a\u00f1os por el trabajo en temas de g\u00e9nero.<\/p>\n<p>Tal como se se\u00f1al\u00f3 anteriormente, el car\u00e1cter feminista de la Vocer\u00eda de los Pueblos es uno de los puntos esenciales en cada una de las mujeres que la integra. En este sentido, entre las constituyentes que han liderado organizaciones de este tipo se encuentra Alondra Carrillo, electa por el distrito 12 y quien fue vocera de la Coordinadora Feminista 8M (CF8M) entre 2018 y 2020, a\u00f1o que congreg\u00f3 la hist\u00f3rica cifra de m\u00e1s de 1 mill\u00f3n de mujeres en la marcha del 8 de marzo en Santiago. Tambi\u00e9n se encuentra Elsa Labra\u00f1a, constituyente del distrito 17 correspondiente a la Regi\u00f3n del Maule. Labra\u00f1a es parte del Colectivo de Mujeres de Curic\u00f3, organizaci\u00f3n que se ha vinculado de manera local y nacional con la Red Chilena contra la Violencia hacia la Mujer, la Coordinadora Ni Una Menos Chile y la CF8M.<\/p>\n<p><strong>Larga historia en temas socioambientales<\/strong><\/p>\n<p>Despu\u00e9s de esto, otro eje fundamental es el ambientalista, donde hay varios nombres. Por ejemplo, Constanza San Juan, vocera de la Asamblea por el Agua del Guasco Alto y constituyente por el distrito 4. Tiene en su historial un gran triunfo contra Barrick Gold, la minera de oro canadiense trasnacional m\u00e1s grande del mundo, y su controvertido proyecto Pascua Lama de m\u00e1s de US$3.000 millones. Este buscaba instaurar una mina a cielo abierto en la cordillera, cercana a la zona del valle del Huasco, lo que provocar\u00eda un enorme impacto socio ambiental, da\u00f1ando glaciares, contaminando las aguas, perjudicando la actividad agr\u00edcola de la zona y el patrimonio ancestral de comunidades diaguitas de la Regi\u00f3n de Atacama.<\/p>\n<p>En este sentido, han boicoteado con manifestaciones y recursos judiciales el avance del Embalse Punilla, iniciativa de la empresa italiana Astaldi que cuenta con 387 millones de d\u00f3lares de inversi\u00f3n; como tambi\u00e9n de la central de pasada Hidro\u00f1uble, perteneciente a la El\u00e9ctrica Puntilla, manejada por la Asociaci\u00f3n de Canalistas del Canal del Maipo, y que cuenta con una inversi\u00f3n de 420 millones de d\u00f3lares. La fuerza de \u00d1uble Libre es tal que en 2018 fueron claves para que\u00a0Eduardo Morel, el cu\u00f1ado del presidente Sebasti\u00e1n Pi\u00f1era, abandonara el cargo de gerente general de Hidro\u00f1uble.<\/p>\n<p>Mientras que en el distrito 23, correspondiente a La Araucan\u00eda, se encuentra la abogada Manuela Royo, quien si bien compiti\u00f3 dentro de la lista del Frente Amplio, ten\u00eda una historia coincidente con quienes ahora integran la \u2018Vocer\u00eda de los Pueblos\u2019. Actualmente integra Modatima, desde donde ha enfrentado activamente a empresas forestales, piscicultura a peque\u00f1a escala, adem\u00e1s de quienes poseen derechos de agua, apuntando directamente a otros constituyentes como Luis Mayol y Fuad Chah\u00edn.<\/p>\n<p>En los \u00faltimos a\u00f1os tambi\u00e9n ha sido reconocida como una de las abogadas que suele defender a dirigentes mapuche encarcelados. En este sentido, consigui\u00f3 la absoluci\u00f3n de los hermanos Catrilaf en el caso Luchsinger-Mackay, adem\u00e1s de ser querellante en el caso Hurac\u00e1n en representaci\u00f3n de Mart\u00edn Curiche. Actualmente hace lo mismo con los presos pol\u00edticos del Estallido Social.<\/p>\n<p>Una de las constituyentes de la Vocer\u00eda de los Pueblos representa a una de las zonas extremas del pa\u00eds, el distrito 28. La elegida fue Elisa Giustinianovich, doctora en Ingenier\u00eda Qu\u00edmica y actualmente investigadora en la Universidad de Magallanes. Inici\u00f3 su trabajo pol\u00edtico en su natal Concepci\u00f3n, participando de espacios feministas y de educaci\u00f3n popular en la poblaci\u00f3n Los Copihues de Talcahuano.<\/p>\n<p>Con el cambio de ciudad sigui\u00f3 con la actividad pol\u00edtica y actualmente representa a la \u2018Coordinadora Social Magallanes\u2019. Esta agrupa a distintas asambleas territoriales, adem\u00e1s de organizaciones como No+AFP, la Red de Profesoras Feministas Gabriela Mistral, Ciudadano y Clima, entre otras. Entre sus luchas socioambientales se movilizan por la descarbonizaci\u00f3n, como tambi\u00e9n por la protecci\u00f3n del humedal Tres Puentes que se ve amenazado por una v\u00eda elevada que busca construir el Ministerio de Obras P\u00fablicas, cuya inversi\u00f3n asciende a los 23 mil millones de pesos. Asimismo, abogan por los derechos de los pueblos Yag\u00e1n y Kaw\u00e9sqar, principalmente porque las costas que habitan se han visto afectadas con las empresas salmoneras.<\/p>\n<p><strong>Luchas contra forestales<\/strong><\/p>\n<p>La \u2018Vocer\u00eda de los Pueblos\u2019 integra a 6 de los 17 convencionales de esca\u00f1os ind\u00edgenas electos. En este sentido, tienen a 3 de los 7 representantes mapuche escogidos: Elisa Loncon Antileo,\u00a0Natividad Llanquileo Pilquim\u00e1n\u00a0y\u00a0Rosa Catrileo Arias, las dos \u00faltimas entrevistadas por INTERFERENCIA en tiempos de campa\u00f1a.<\/p>\n<p>Catrileo y Llanquileo han vivido el encarcelamiento de familiares a manos del Estado de Chile. De hecho esta \u00faltima fue vocera de la hist\u00f3rica huelga de hambre de presos pol\u00edticos mapuche en 2010, y en la actualidad uno de sus hermanos se encuentra condenado y privado de libertad.<\/p>\n<p>Pero seguramente el rasgo m\u00e1s importante de las tres ser\u00e1 la posici\u00f3n que tengan respecto del conflicto territorial que vive el Pueblo Mapuche con el Estado de Chile y distintas empresas. Por ejemplo, Llanquileo conoce de cerca los problemas que tienen comunidades mapuche con la forestal Mininco de la familia Matte, puesto que es habitante de Tir\u00faa.<\/p>\n<p><strong>Las marcas de la historia reciente<\/strong><\/p>\n<p>Otra representante del distrito 8 es la abogada Mar\u00eda Rivera, quien vivi\u00f3 la represi\u00f3n de la dictadura siendo militante del Frente de Estudiantes Revolucionarios del MIR. Fue secuestrada por la CNI, torturada en el Cuartel Borgo\u00f1o y luego, exiliada a Argentina. Actualmente, es dirigente del Movimiento Internacional de Trabajadores (MIT) y durante el Estallido Social se hizo conocida como \u201cla abogada de la primera l\u00ednea\u201d gracias a su trabajo en Defensa Popular, organizaci\u00f3n jur\u00eddica de la cual es fundadora y que tiene como misi\u00f3n representar a \u201clas y los que luchan\u201d en el contexto de movilizaciones sociales. Adem\u00e1s, junto a otros 15 abogados, lider\u00f3 la querella interpuesta contra Sebasti\u00e1n Pi\u00f1era en noviembre de 2019 por cr\u00edmenes de lesa humanidad, la cual a\u00fan est\u00e1 en tr\u00e1mite.<\/p>\n<p>Adem\u00e1s de estos dirigentes, en la Vocer\u00eda hay personajes populares para quienes frecuentaban las protestas en Plaza Dignidad durante el estallido social. Son los casos de Rodrigo Rojas Vade, conocido como \u2018Pelao Vade\u2019 que vive con leucemia hace siete a\u00f1os, o el de Alejandra Perez Espina, sobreviviente al c\u00e1ncer de mamas, quien participaba de las protestas con el torso desnudo mostrando las cicatrices de su doble mastectom\u00eda. Tambi\u00e9n, hay quienes tienen una larga trayectoria en el movimiento estudiantil, como Camila Z\u00e1rate, quien particip\u00f3 de la Revoluci\u00f3n Ping\u00fcina, fue presidenta del Centro de Estudiantes del Liceo 7 y fue delegada de medioambiente de la FECH. Adem\u00e1s, est\u00e1 Francisca Urrutia, creadora de Derecho F\u00e1cil, plataforma que busca acercar los conceptos jur\u00eddicos a todos y donde se realizan asesor\u00edas jur\u00eddicas de manera gratuita.<\/p>\n<p>Estos son los 33 constituyentes que firmaron el martes:<\/p>\n<p>1. Natividad Llanquileo Pilquim\u00e1n. Constituyente Mapuche<\/p>\n<p>2. Elisa Loncon Antileo, Constituyente Mapuche<\/p>\n<p>3. Rosa Catrileo Arias, Constituyente Mapuche<\/p>\n<p>4. Eric Chinga, Constituyente Pueblo Diaguita<\/p>\n<p>5. Luis Alberto Jim\u00e9nez C\u00e1ceres, Constituyente Aymara<\/p>\n<p>6. Isabel Godoy Mon\u00e1rdez, Constituyente Pueblo Colla<\/p>\n<p>7. Dayyana Gonzalez, Distrito 3, Lista del Pueblo<\/p>\n<p>8. Cristina Dorador Ortiz, Distrito 3, Movimiento Independientes del Norte<\/p>\n<p>9. Constanza San Juan Standen, Distrito 4, Asamblea Constituyente Atacama<\/p>\n<p>10. Daniel Bravo Silva, Distrito 5, Lista del Pueblo &#8211; Movimiento Territorial Constituyente<\/p>\n<p>11. Ivanna Olivares , Distrito 5, Anamuri &#8211; Movimiento Territorial Constituyente &#8211; Modatima &#8211; Lista del Pueblo<\/p>\n<p>12. Janis Meneses Palma, Distrito 6, Coordinadora Movimientos Sociales<\/p>\n<p>13. Carolina Vilches, Distrito 6, Modatima<\/p>\n<p>14. Cristobal Andrade, Distrito 6, Lista del Pueblo<\/p>\n<p>15. Lisette Vergara, Distrito 6, Lista del Pueblo<\/p>\n<p>16. Camila Z\u00e1rate, Distrito 7, Lista del Pueblo<\/p>\n<p>17. Marco Arellano, Distrito 8, La Lista del Pueblo<\/p>\n<p>18. Maria Rivera, Distrito 8, Lista del Pueblo &#8211; MIT<\/p>\n<p>19. Alejandra P\u00e9rez Espina, Distrito 9, Lista del Pueblo<\/p>\n<p>20. Alondra Carrillo Vidal, Distrito 12, Voces Constituyentes &#8211; CF8M<\/p>\n<p>21. Rodrigo Rojas Vade, Distrito 13, Lista del Pueblo<\/p>\n<p>22. Francisco Caama\u00f1o Rojas Distrito 14, Asamblea Territorial del Maipo<\/p>\n<p>23. Loreto Vallejos D\u00e1vila, Distrito 15, Lista del Pueblo<\/p>\n<p>24. Mar\u00eda Elisa Quinteros C\u00e1ceres, Distrito 17, Asamblea Popular por la Dignidad<\/p>\n<p>25. Elsa Labra\u00f1a Pino, Distrito 17, Lista del Pueblo<\/p>\n<p>26. Francisca Arauna Urrutia, Distrito 18, La Lista del Pueblo Maule Sur<\/p>\n<p>27. Fernando Salinas, Distrito 18, Lista del Pueblo Maule Sur<\/p>\n<p>28. C\u00e9sar Uribe Araya, distrito 19, Fuerza Social de \u00d1uble, la Lista del Pueblo<\/p>\n<p>29. Basti\u00e1n Labbe Salazar, Distrito 20, Asamblea Popular Constituyente<\/p>\n<p>30. Vanessa Hoppe Espoz, Distrito 21, Coordinadora Nahuelbuta Biobio Constituyente<\/p>\n<p>31. Manuela Royo, Distrito 23, Modatima<\/p>\n<p>32. Adriana Ampuero, Distrito 26, Red de Organizaciones Territoriales y Asambleas de Chilo\u00e9<\/p>\n<p>33. Elisa Giustinianovich, Distrito 28, Coordinadora Social Magallanes<\/p>\n","protected":false},"excerpt":{"rendered":"<p>Por Maximiliano Alarc\u00f3n G. y Camila Higuera Calificados como \u2018los 34\u2019, casi de forma despectiva, necesitaron s\u00f3lo de un comunicado para alterar la agenda y causar la sobrerreacci\u00f3n del poder pol\u00edtico y empresarial. Despu\u00e9s de todo, estos constituyentes ya hab\u00edan&hellip;<\/p>\n","protected":false},"author":43,"featured_media":1378670,"comment_status":"closed","ping_status":"closed","sticky":false,"template":"","format":"standard","meta":{"footnotes":""},"categories":[161,74,67],"tags":[29,91895,523,91831],"class_list":["post-1378654","post","type-post","status-publish","format-standard","has-post-thumbnail","hentry","category-opiniones","category-politica-es","category-sudamerica","tag-chile","tag-constitucionalistas","tag-medios-de-comunicacion","tag-voceria-de-los-pueblos"],"yoast_head":"<!-- This site is optimized with the Yoast SEO plugin v27.1.1 - https:\/\/yoast.com\/product\/yoast-seo-wordpress\/ -->\n<title>Las razones del p\u00e1nico del establishment por el nacimiento de la Vocer\u00eda de los Pueblos en la Constituyente chilena<\/title>\n<meta name=\"description\" content=\"Por Maximiliano Alarc\u00f3n G. y Camila Higuera Calificados como \u2018los 34\u2019, casi de forma despectiva, necesitaron s\u00f3lo de un comunicado para alterar la agenda\" \/>\n<meta name=\"robots\" content=\"index, follow, max-snippet:-1, max-image-preview:large, max-video-preview:-1\" \/>\n<link rel=\"canonical\" href=\"https:\/\/www.pressenza.com\/es\/2021\/06\/las-razones-del-panico-del-establishment-por-el-nacimiento-de-la-voceria-de-los-pueblos-en-la-constituyente-chilena\/\" \/>\n<meta property=\"og:locale\" content=\"es_ES\" \/>\n<meta property=\"og:type\" content=\"article\" \/>\n<meta property=\"og:title\" content=\"Las razones del p\u00e1nico del establishment por el nacimiento de la Vocer\u00eda de los Pueblos en la Constituyente chilena\" \/>\n<meta property=\"og:description\" content=\"Por Maximiliano Alarc\u00f3n G. y Camila Higuera Calificados como \u2018los 34\u2019, casi de forma despectiva, necesitaron s\u00f3lo de un comunicado para alterar la agenda\" \/>\n<meta property=\"og:url\" content=\"https:\/\/www.pressenza.com\/es\/2021\/06\/las-razones-del-panico-del-establishment-por-el-nacimiento-de-la-voceria-de-los-pueblos-en-la-constituyente-chilena\/\" \/>\n<meta property=\"og:site_name\" content=\"Pressenza\" \/>\n<meta property=\"article:publisher\" content=\"https:\/\/www.facebook.com\/PressenzaItalia\" \/>\n<meta property=\"article:author\" content=\"https:\/\/www.facebook.com\/pressenza\" \/>\n<meta property=\"article:published_time\" content=\"2021-06-12T15:57:54+00:00\" \/>\n<meta property=\"og:image\" content=\"https:\/\/www.pressenza.com\/wp-content\/uploads\/2021\/06\/captura_de_pantalla_2021-06-08_a_las_12.14.22_p.m.jpg\" \/>\n\t<meta property=\"og:image:width\" content=\"900\" \/>\n\t<meta property=\"og:image:height\" content=\"469\" \/>\n\t<meta property=\"og:image:type\" content=\"image\/jpeg\" \/>\n<meta name=\"author\" content=\"Redacci\u00f3n Chile\" \/>\n<meta name=\"twitter:card\" content=\"summary_large_image\" \/>\n<meta name=\"twitter:creator\" content=\"@pressenza\" \/>\n<meta name=\"twitter:site\" content=\"@PressenzaIPA\" \/>\n<meta name=\"twitter:label1\" content=\"Escrito por\" \/>\n\t<meta name=\"twitter:data1\" content=\"Redacci\u00f3n Chile\" \/>\n\t<meta name=\"twitter:label2\" content=\"Tiempo de lectura\" \/>\n\t<meta name=\"twitter:data2\" content=\"14 minutos\" \/>\n<script type=\"application\/ld+json\" class=\"yoast-schema-graph\">{\"@context\":\"https:\/\/schema.org\",\"@graph\":[{\"@type\":\"Article\",\"@id\":\"https:\/\/www.pressenza.com\/es\/2021\/06\/las-razones-del-panico-del-establishment-por-el-nacimiento-de-la-voceria-de-los-pueblos-en-la-constituyente-chilena\/#article\",\"isPartOf\":{\"@id\":\"https:\/\/www.pressenza.com\/es\/2021\/06\/las-razones-del-panico-del-establishment-por-el-nacimiento-de-la-voceria-de-los-pueblos-en-la-constituyente-chilena\/\"},\"author\":{\"name\":\"Redacci\u00f3n Chile\",\"@id\":\"https:\/\/www.pressenza.com\/es\/#\/schema\/person\/d7db40df35d6698ba69ba9ee260944ed\"},\"headline\":\"Las razones del p\u00e1nico del establishment por el nacimiento de la Vocer\u00eda de los Pueblos en la Constituyente chilena\",\"datePublished\":\"2021-06-12T15:57:54+00:00\",\"mainEntityOfPage\":{\"@id\":\"https:\/\/www.pressenza.com\/es\/2021\/06\/las-razones-del-panico-del-establishment-por-el-nacimiento-de-la-voceria-de-los-pueblos-en-la-constituyente-chilena\/\"},\"wordCount\":2828,\"publisher\":{\"@id\":\"https:\/\/www.pressenza.com\/es\/#organization\"},\"image\":{\"@id\":\"https:\/\/www.pressenza.com\/es\/2021\/06\/las-razones-del-panico-del-establishment-por-el-nacimiento-de-la-voceria-de-los-pueblos-en-la-constituyente-chilena\/#primaryimage\"},\"thumbnailUrl\":\"https:\/\/www.pressenza.com\/wp-content\/uploads\/2021\/06\/captura_de_pantalla_2021-06-08_a_las_12.14.22_p.m.jpg\",\"keywords\":[\"Chile\",\"Constitucionalistas\",\"medios de comunicaci\u00f3n\",\"Vocer\u00eda de los Pueblos\"],\"articleSection\":[\"Opiniones\",\"Pol\u00edtica\",\"Sudam\u00e9rica\"],\"inLanguage\":\"es\"},{\"@type\":\"WebPage\",\"@id\":\"https:\/\/www.pressenza.com\/es\/2021\/06\/las-razones-del-panico-del-establishment-por-el-nacimiento-de-la-voceria-de-los-pueblos-en-la-constituyente-chilena\/\",\"url\":\"https:\/\/www.pressenza.com\/es\/2021\/06\/las-razones-del-panico-del-establishment-por-el-nacimiento-de-la-voceria-de-los-pueblos-en-la-constituyente-chilena\/\",\"name\":\"Las razones del p\u00e1nico del establishment por el nacimiento de la Vocer\u00eda de los Pueblos en la Constituyente chilena\",\"isPartOf\":{\"@id\":\"https:\/\/www.pressenza.com\/es\/#website\"},\"primaryImageOfPage\":{\"@id\":\"https:\/\/www.pressenza.com\/es\/2021\/06\/las-razones-del-panico-del-establishment-por-el-nacimiento-de-la-voceria-de-los-pueblos-en-la-constituyente-chilena\/#primaryimage\"},\"image\":{\"@id\":\"https:\/\/www.pressenza.com\/es\/2021\/06\/las-razones-del-panico-del-establishment-por-el-nacimiento-de-la-voceria-de-los-pueblos-en-la-constituyente-chilena\/#primaryimage\"},\"thumbnailUrl\":\"https:\/\/www.pressenza.com\/wp-content\/uploads\/2021\/06\/captura_de_pantalla_2021-06-08_a_las_12.14.22_p.m.jpg\",\"datePublished\":\"2021-06-12T15:57:54+00:00\",\"description\":\"Por Maximiliano Alarc\u00f3n G. y Camila Higuera Calificados como \u2018los 34\u2019, casi de forma despectiva, necesitaron s\u00f3lo de un comunicado para alterar la agenda\",\"breadcrumb\":{\"@id\":\"https:\/\/www.pressenza.com\/es\/2021\/06\/las-razones-del-panico-del-establishment-por-el-nacimiento-de-la-voceria-de-los-pueblos-en-la-constituyente-chilena\/#breadcrumb\"},\"inLanguage\":\"es\",\"potentialAction\":[{\"@type\":\"ReadAction\",\"target\":[\"https:\/\/www.pressenza.com\/es\/2021\/06\/las-razones-del-panico-del-establishment-por-el-nacimiento-de-la-voceria-de-los-pueblos-en-la-constituyente-chilena\/\"]}]},{\"@type\":\"ImageObject\",\"inLanguage\":\"es\",\"@id\":\"https:\/\/www.pressenza.com\/es\/2021\/06\/las-razones-del-panico-del-establishment-por-el-nacimiento-de-la-voceria-de-los-pueblos-en-la-constituyente-chilena\/#primaryimage\",\"url\":\"https:\/\/www.pressenza.com\/wp-content\/uploads\/2021\/06\/captura_de_pantalla_2021-06-08_a_las_12.14.22_p.m.jpg\",\"contentUrl\":\"https:\/\/www.pressenza.com\/wp-content\/uploads\/2021\/06\/captura_de_pantalla_2021-06-08_a_las_12.14.22_p.m.jpg\",\"width\":900,\"height\":469,\"caption\":\"interferencia.cl\"},{\"@type\":\"BreadcrumbList\",\"@id\":\"https:\/\/www.pressenza.com\/es\/2021\/06\/las-razones-del-panico-del-establishment-por-el-nacimiento-de-la-voceria-de-los-pueblos-en-la-constituyente-chilena\/#breadcrumb\",\"itemListElement\":[{\"@type\":\"ListItem\",\"position\":1,\"name\":\"Accueil\",\"item\":\"https:\/\/www.pressenza.com\/es\/\"},{\"@type\":\"ListItem\",\"position\":2,\"name\":\"Las razones del p\u00e1nico del establishment por el nacimiento de la Vocer\u00eda de los Pueblos en la Constituyente chilena\"}]},{\"@type\":\"WebSite\",\"@id\":\"https:\/\/www.pressenza.com\/es\/#website\",\"url\":\"https:\/\/www.pressenza.com\/es\/\",\"name\":\"Pressenza\",\"description\":\"International Press Agency\",\"publisher\":{\"@id\":\"https:\/\/www.pressenza.com\/es\/#organization\"},\"potentialAction\":[{\"@type\":\"SearchAction\",\"target\":{\"@type\":\"EntryPoint\",\"urlTemplate\":\"https:\/\/www.pressenza.com\/es\/?s={search_term_string}\"},\"query-input\":{\"@type\":\"PropertyValueSpecification\",\"valueRequired\":true,\"valueName\":\"search_term_string\"}}],\"inLanguage\":\"es\"},{\"@type\":\"Organization\",\"@id\":\"https:\/\/www.pressenza.com\/es\/#organization\",\"name\":\"Pressenza\",\"url\":\"https:\/\/www.pressenza.com\/es\/\",\"logo\":{\"@type\":\"ImageObject\",\"inLanguage\":\"es\",\"@id\":\"https:\/\/www.pressenza.com\/es\/#\/schema\/logo\/image\/\",\"url\":\"https:\/\/www.pressenza.com\/wp-content\/uploads\/2022\/10\/pressenza_logo_200x200.jpg\",\"contentUrl\":\"https:\/\/www.pressenza.com\/wp-content\/uploads\/2022\/10\/pressenza_logo_200x200.jpg\",\"width\":200,\"height\":200,\"caption\":\"Pressenza\"},\"image\":{\"@id\":\"https:\/\/www.pressenza.com\/es\/#\/schema\/logo\/image\/\"},\"sameAs\":[\"https:\/\/www.facebook.com\/PressenzaItalia\",\"https:\/\/x.com\/PressenzaIPA\"]},{\"@type\":\"Person\",\"@id\":\"https:\/\/www.pressenza.com\/es\/#\/schema\/person\/d7db40df35d6698ba69ba9ee260944ed\",\"name\":\"Redacci\u00f3n Chile\",\"description\":\"News from the Pressenza Bureau in Chile\",\"sameAs\":[\"https:\/\/www.facebook.com\/pressenza\",\"https:\/\/x.com\/pressenza\"],\"url\":\"https:\/\/www.pressenza.com\/es\/author\/redaccion-chile\/\"}]}<\/script>\n<!-- \/ Yoast SEO plugin. -->","yoast_head_json":{"title":"Las razones del p\u00e1nico del establishment por el nacimiento de la Vocer\u00eda de los Pueblos en la Constituyente chilena","description":"Por Maximiliano Alarc\u00f3n G. y Camila Higuera Calificados como \u2018los 34\u2019, casi de forma despectiva, necesitaron s\u00f3lo de un comunicado para alterar la agenda","robots":{"index":"index","follow":"follow","max-snippet":"max-snippet:-1","max-image-preview":"max-image-preview:large","max-video-preview":"max-video-preview:-1"},"canonical":"https:\/\/www.pressenza.com\/es\/2021\/06\/las-razones-del-panico-del-establishment-por-el-nacimiento-de-la-voceria-de-los-pueblos-en-la-constituyente-chilena\/","og_locale":"es_ES","og_type":"article","og_title":"Las razones del p\u00e1nico del establishment por el nacimiento de la Vocer\u00eda de los Pueblos en la Constituyente chilena","og_description":"Por Maximiliano Alarc\u00f3n G. y Camila Higuera Calificados como \u2018los 34\u2019, casi de forma despectiva, necesitaron s\u00f3lo de un comunicado para alterar la agenda","og_url":"https:\/\/www.pressenza.com\/es\/2021\/06\/las-razones-del-panico-del-establishment-por-el-nacimiento-de-la-voceria-de-los-pueblos-en-la-constituyente-chilena\/","og_site_name":"Pressenza","article_publisher":"https:\/\/www.facebook.com\/PressenzaItalia","article_author":"https:\/\/www.facebook.com\/pressenza","article_published_time":"2021-06-12T15:57:54+00:00","og_image":[{"width":900,"height":469,"url":"https:\/\/www.pressenza.com\/wp-content\/uploads\/2021\/06\/captura_de_pantalla_2021-06-08_a_las_12.14.22_p.m.jpg","type":"image\/jpeg"}],"author":"Redacci\u00f3n Chile","twitter_card":"summary_large_image","twitter_creator":"@pressenza","twitter_site":"@PressenzaIPA","twitter_misc":{"Escrito por":"Redacci\u00f3n Chile","Tiempo de lectura":"14 minutos"},"schema":{"@context":"https:\/\/schema.org","@graph":[{"@type":"Article","@id":"https:\/\/www.pressenza.com\/es\/2021\/06\/las-razones-del-panico-del-establishment-por-el-nacimiento-de-la-voceria-de-los-pueblos-en-la-constituyente-chilena\/#article","isPartOf":{"@id":"https:\/\/www.pressenza.com\/es\/2021\/06\/las-razones-del-panico-del-establishment-por-el-nacimiento-de-la-voceria-de-los-pueblos-en-la-constituyente-chilena\/"},"author":{"name":"Redacci\u00f3n Chile","@id":"https:\/\/www.pressenza.com\/es\/#\/schema\/person\/d7db40df35d6698ba69ba9ee260944ed"},"headline":"Las razones del p\u00e1nico del establishment por el nacimiento de la Vocer\u00eda de los Pueblos en la Constituyente chilena","datePublished":"2021-06-12T15:57:54+00:00","mainEntityOfPage":{"@id":"https:\/\/www.pressenza.com\/es\/2021\/06\/las-razones-del-panico-del-establishment-por-el-nacimiento-de-la-voceria-de-los-pueblos-en-la-constituyente-chilena\/"},"wordCount":2828,"publisher":{"@id":"https:\/\/www.pressenza.com\/es\/#organization"},"image":{"@id":"https:\/\/www.pressenza.com\/es\/2021\/06\/las-razones-del-panico-del-establishment-por-el-nacimiento-de-la-voceria-de-los-pueblos-en-la-constituyente-chilena\/#primaryimage"},"thumbnailUrl":"https:\/\/www.pressenza.com\/wp-content\/uploads\/2021\/06\/captura_de_pantalla_2021-06-08_a_las_12.14.22_p.m.jpg","keywords":["Chile","Constitucionalistas","medios de comunicaci\u00f3n","Vocer\u00eda de los Pueblos"],"articleSection":["Opiniones","Pol\u00edtica","Sudam\u00e9rica"],"inLanguage":"es"},{"@type":"WebPage","@id":"https:\/\/www.pressenza.com\/es\/2021\/06\/las-razones-del-panico-del-establishment-por-el-nacimiento-de-la-voceria-de-los-pueblos-en-la-constituyente-chilena\/","url":"https:\/\/www.pressenza.com\/es\/2021\/06\/las-razones-del-panico-del-establishment-por-el-nacimiento-de-la-voceria-de-los-pueblos-en-la-constituyente-chilena\/","name":"Las razones del p\u00e1nico del establishment por el nacimiento de la Vocer\u00eda de los Pueblos en la Constituyente chilena","isPartOf":{"@id":"https:\/\/www.pressenza.com\/es\/#website"},"primaryImageOfPage":{"@id":"https:\/\/www.pressenza.com\/es\/2021\/06\/las-razones-del-panico-del-establishment-por-el-nacimiento-de-la-voceria-de-los-pueblos-en-la-constituyente-chilena\/#primaryimage"},"image":{"@id":"https:\/\/www.pressenza.com\/es\/2021\/06\/las-razones-del-panico-del-establishment-por-el-nacimiento-de-la-voceria-de-los-pueblos-en-la-constituyente-chilena\/#primaryimage"},"thumbnailUrl":"https:\/\/www.pressenza.com\/wp-content\/uploads\/2021\/06\/captura_de_pantalla_2021-06-08_a_las_12.14.22_p.m.jpg","datePublished":"2021-06-12T15:57:54+00:00","description":"Por Maximiliano Alarc\u00f3n G. y Camila Higuera Calificados como \u2018los 34\u2019, casi de forma despectiva, necesitaron s\u00f3lo de un comunicado para alterar la agenda","breadcrumb":{"@id":"https:\/\/www.pressenza.com\/es\/2021\/06\/las-razones-del-panico-del-establishment-por-el-nacimiento-de-la-voceria-de-los-pueblos-en-la-constituyente-chilena\/#breadcrumb"},"inLanguage":"es","potentialAction":[{"@type":"ReadAction","target":["https:\/\/www.pressenza.com\/es\/2021\/06\/las-razones-del-panico-del-establishment-por-el-nacimiento-de-la-voceria-de-los-pueblos-en-la-constituyente-chilena\/"]}]},{"@type":"ImageObject","inLanguage":"es","@id":"https:\/\/www.pressenza.com\/es\/2021\/06\/las-razones-del-panico-del-establishment-por-el-nacimiento-de-la-voceria-de-los-pueblos-en-la-constituyente-chilena\/#primaryimage","url":"https:\/\/www.pressenza.com\/wp-content\/uploads\/2021\/06\/captura_de_pantalla_2021-06-08_a_las_12.14.22_p.m.jpg","contentUrl":"https:\/\/www.pressenza.com\/wp-content\/uploads\/2021\/06\/captura_de_pantalla_2021-06-08_a_las_12.14.22_p.m.jpg","width":900,"height":469,"caption":"interferencia.cl"},{"@type":"BreadcrumbList","@id":"https:\/\/www.pressenza.com\/es\/2021\/06\/las-razones-del-panico-del-establishment-por-el-nacimiento-de-la-voceria-de-los-pueblos-en-la-constituyente-chilena\/#breadcrumb","itemListElement":[{"@type":"ListItem","position":1,"name":"Accueil","item":"https:\/\/www.pressenza.com\/es\/"},{"@type":"ListItem","position":2,"name":"Las razones del p\u00e1nico del establishment por el nacimiento de la Vocer\u00eda de los Pueblos en la Constituyente chilena"}]},{"@type":"WebSite","@id":"https:\/\/www.pressenza.com\/es\/#website","url":"https:\/\/www.pressenza.com\/es\/","name":"Pressenza","description":"International Press Agency","publisher":{"@id":"https:\/\/www.pressenza.com\/es\/#organization"},"potentialAction":[{"@type":"SearchAction","target":{"@type":"EntryPoint","urlTemplate":"https:\/\/www.pressenza.com\/es\/?s={search_term_string}"},"query-input":{"@type":"PropertyValueSpecification","valueRequired":true,"valueName":"search_term_string"}}],"inLanguage":"es"},{"@type":"Organization","@id":"https:\/\/www.pressenza.com\/es\/#organization","name":"Pressenza","url":"https:\/\/www.pressenza.com\/es\/","logo":{"@type":"ImageObject","inLanguage":"es","@id":"https:\/\/www.pressenza.com\/es\/#\/schema\/logo\/image\/","url":"https:\/\/www.pressenza.com\/wp-content\/uploads\/2022\/10\/pressenza_logo_200x200.jpg","contentUrl":"https:\/\/www.pressenza.com\/wp-content\/uploads\/2022\/10\/pressenza_logo_200x200.jpg","width":200,"height":200,"caption":"Pressenza"},"image":{"@id":"https:\/\/www.pressenza.com\/es\/#\/schema\/logo\/image\/"},"sameAs":["https:\/\/www.facebook.com\/PressenzaItalia","https:\/\/x.com\/PressenzaIPA"]},{"@type":"Person","@id":"https:\/\/www.pressenza.com\/es\/#\/schema\/person\/d7db40df35d6698ba69ba9ee260944ed","name":"Redacci\u00f3n Chile","description":"News from the Pressenza Bureau in Chile","sameAs":["https:\/\/www.facebook.com\/pressenza","https:\/\/x.com\/pressenza"],"url":"https:\/\/www.pressenza.com\/es\/author\/redaccion-chile\/"}]}},"place":"Santiago de Chile","original_article_url":"https:\/\/interferencia.cl\/articulos\/las-razones-del-panico-del-establishment-por-el-nacimiento-de-la-voceria-de-los-pueblos-en","_links":{"self":[{"href":"https:\/\/www.pressenza.com\/es\/wp-json\/wp\/v2\/posts\/1378654","targetHints":{"allow":["GET"]}}],"collection":[{"href":"https:\/\/www.pressenza.com\/es\/wp-json\/wp\/v2\/posts"}],"about":[{"href":"https:\/\/www.pressenza.com\/es\/wp-json\/wp\/v2\/types\/post"}],"author":[{"embeddable":true,"href":"https:\/\/www.pressenza.com\/es\/wp-json\/wp\/v2\/users\/43"}],"replies":[{"embeddable":true,"href":"https:\/\/www.pressenza.com\/es\/wp-json\/wp\/v2\/comments?post=1378654"}],"version-history":[{"count":0,"href":"https:\/\/www.pressenza.com\/es\/wp-json\/wp\/v2\/posts\/1378654\/revisions"}],"wp:featuredmedia":[{"embeddable":true,"href":"https:\/\/www.pressenza.com\/es\/wp-json\/wp\/v2\/media\/1378670"}],"wp:attachment":[{"href":"https:\/\/www.pressenza.com\/es\/wp-json\/wp\/v2\/media?parent=1378654"}],"wp:term":[{"taxonomy":"category","embeddable":true,"href":"https:\/\/www.pressenza.com\/es\/wp-json\/wp\/v2\/categories?post=1378654"},{"taxonomy":"post_tag","embeddable":true,"href":"https:\/\/www.pressenza.com\/es\/wp-json\/wp\/v2\/tags?post=1378654"}],"curies":[{"name":"wp","href":"https:\/\/api.w.org\/{rel}","templated":true}]}}