{"id":137856,"date":"2014-10-06T21:33:17","date_gmt":"2014-10-06T20:33:17","guid":{"rendered":"http:\/\/www.pressenza.com\/?p=137856"},"modified":"2014-10-06T21:33:17","modified_gmt":"2014-10-06T20:33:17","slug":"chile-6o-carnaval-patronato-multicultural","status":"publish","type":"post","link":"https:\/\/www.pressenza.com\/es\/2014\/10\/chile-6o-carnaval-patronato-multicultural\/","title":{"rendered":"Chile: 6\u00ba Carnaval  Patronato Multicultural"},"content":{"rendered":"<p style=\"text-align: justify;\">El Carnaval del Barrio Patronato en Santiago, est\u00e1 siendo organizado en su sexta versi\u00f3n por la Junta de Vecinos 34 Barrio Patronato y La Comunidad para el Desarrollo Humano para el s\u00e1bado 18 de octubre de 2014.<\/p>\n<p>Este Carnaval es una de las actividades culturales importantes de nuestra comuna, que\u00a0 pone en valor nuestra identidad Multicultural.<\/p>\n<p>Para los vecinos del sector, es un evento esperado que se ha ido instalando como un hito de cada a\u00f1o.\u00a0 El proceso de preparaci\u00f3n y ejecuci\u00f3n es de varios meses y\u00a0 se transforma \u00a0\u00a0en un \u00a0\u00a0espacio en que todas y todos\u00a0 est\u00e1n invitados\u00a0 a encontrarse con alegr\u00eda, interactuar, \u00a0asumir \u00a0responsabilidades en pos de\u00a0 este \u00a0objetivo com\u00fan y ejercitar \u00a0\u00a0la participaci\u00f3n ciudadana para recuperar nuestra vida\u00a0 de barrio.<\/p>\n<p>Convivir entre vecinas y vecinos de distintas culturas \u00a0es la principal caracter\u00edstica de nuestro barrio. \u00a0\u00a0Este carnaval contribuye al proceso de integraci\u00f3n de los vecinos.<\/p>\n<p>Este a\u00f1o estamos especialmente felices: vamos a\u00a0 celebrar\u00a0 que el municipio,\u00a0 como una reivindicaci\u00f3n al trabajo social y cultural que aqu\u00ed realizamos los vecinos residentes, acaba de otorgarnos el comodato de un terreno para construir una sede social.<\/p>\n<p>El recorrido comienza en calle Patronato con Buenos Aires y avanzar\u00e1, por Patronato, Bellavista y Recoleta,\u00a0 con comparsas, batucadas, bandas e imaginer\u00eda, llenas de alegr\u00eda, danzas, m\u00fasica y color.<\/p>\n<p>Durante los meses anteriores, se han realizado reuniones semanales del equipo organizador, talleres de confecci\u00f3n y preparaci\u00f3n del\u00a0 Carnaval, contacto con los grupos invitados para confirmar su participaci\u00f3n.<\/p>\n<p>Para mayor informaci\u00f3n, para integrarse al Carnaval o a nuestra\u00a0 \u00abComparsa Construyendo Barrio\u00bb pueden escribir al correo <a href=\"mailto:carnavalpatronato@gmail.com\" target=\"_blank\">carnavalpatronato@gmail.com<\/a> y facebook\u00a0<b>carnaval patronato.<\/b><\/p>\n","protected":false},"excerpt":{"rendered":"<p>El Carnaval del Barrio Patronato en Santiago, est\u00e1 siendo organizado en su sexta versi\u00f3n por la Junta de Vecinos 34 Barrio Patronato y La Comunidad para el Desarrollo Humano para el s\u00e1bado 18 de octubre de 2014. Este Carnaval es&hellip;<\/p>\n","protected":false},"author":43,"featured_media":137857,"comment_status":"closed","ping_status":"open","sticky":false,"template":"","format":"standard","meta":{"footnotes":""},"categories":[149,11389,1240,67],"tags":[5688,1529],"class_list":["post-137856","post","type-post","status-publish","format-standard","has-post-thumbnail","hentry","category-comunicados-de-prensa","category-contenido-original","category-humanismo-espiritualidad","category-sudamerica","tag-carnavales","tag-la-comunidad-para-el-desarrollo-humano-2"],"yoast_head":"<!-- This site is optimized with the Yoast SEO plugin v27.1.1 - https:\/\/yoast.com\/product\/yoast-seo-wordpress\/ -->\n<title>Chile: 6\u00ba Carnaval Patronato Multicultural<\/title>\n<meta name=\"description\" content=\"El Carnaval del Barrio Patronato en Santiago, est\u00e1 siendo organizado en su sexta versi\u00f3n por la Junta de Vecinos 34 Barrio Patronato y La Comunidad para\" \/>\n<meta name=\"robots\" content=\"index, follow, max-snippet:-1, max-image-preview:large, max-video-preview:-1\" \/>\n<link rel=\"canonical\" href=\"https:\/\/www.pressenza.com\/es\/2014\/10\/chile-6o-carnaval-patronato-multicultural\/\" \/>\n<meta property=\"og:locale\" content=\"es_ES\" \/>\n<meta property=\"og:type\" content=\"article\" \/>\n<meta property=\"og:title\" content=\"Chile: 6\u00ba Carnaval Patronato Multicultural\" \/>\n<meta property=\"og:description\" content=\"El Carnaval del Barrio Patronato en Santiago, est\u00e1 siendo organizado en su sexta versi\u00f3n por la Junta de Vecinos 34 Barrio Patronato y La Comunidad para\" \/>\n<meta property=\"og:url\" content=\"https:\/\/www.pressenza.com\/es\/2014\/10\/chile-6o-carnaval-patronato-multicultural\/\" \/>\n<meta property=\"og:site_name\" content=\"Pressenza\" \/>\n<meta property=\"article:publisher\" content=\"https:\/\/www.facebook.com\/PressenzaItalia\" \/>\n<meta property=\"article:author\" content=\"https:\/\/www.facebook.com\/pressenza\" \/>\n<meta property=\"article:published_time\" content=\"2014-10-06T20:33:17+00:00\" \/>\n<meta property=\"og:image\" content=\"https:\/\/www.pressenza.com\/wp-content\/uploads\/2014\/10\/carnaval.jpg\" \/>\n\t<meta property=\"og:image:width\" content=\"356\" \/>\n\t<meta property=\"og:image:height\" content=\"551\" \/>\n\t<meta property=\"og:image:type\" content=\"image\/jpeg\" \/>\n<meta name=\"author\" content=\"Redacci\u00f3n Chile\" \/>\n<meta name=\"twitter:card\" content=\"summary_large_image\" \/>\n<meta name=\"twitter:creator\" content=\"@pressenza\" \/>\n<meta name=\"twitter:site\" content=\"@PressenzaIPA\" \/>\n<meta name=\"twitter:label1\" content=\"Escrito por\" \/>\n\t<meta name=\"twitter:data1\" content=\"Redacci\u00f3n Chile\" \/>\n\t<meta name=\"twitter:label2\" content=\"Tiempo de lectura\" \/>\n\t<meta name=\"twitter:data2\" content=\"1 minuto\" \/>\n<script type=\"application\/ld+json\" class=\"yoast-schema-graph\">{\"@context\":\"https:\/\/schema.org\",\"@graph\":[{\"@type\":\"Article\",\"@id\":\"https:\/\/www.pressenza.com\/es\/2014\/10\/chile-6o-carnaval-patronato-multicultural\/#article\",\"isPartOf\":{\"@id\":\"https:\/\/www.pressenza.com\/es\/2014\/10\/chile-6o-carnaval-patronato-multicultural\/\"},\"author\":{\"name\":\"Redacci\u00f3n Chile\",\"@id\":\"https:\/\/www.pressenza.com\/es\/#\/schema\/person\/d7db40df35d6698ba69ba9ee260944ed\"},\"headline\":\"Chile: 6\u00ba Carnaval Patronato Multicultural\",\"datePublished\":\"2014-10-06T20:33:17+00:00\",\"mainEntityOfPage\":{\"@id\":\"https:\/\/www.pressenza.com\/es\/2014\/10\/chile-6o-carnaval-patronato-multicultural\/\"},\"wordCount\":288,\"publisher\":{\"@id\":\"https:\/\/www.pressenza.com\/es\/#organization\"},\"image\":{\"@id\":\"https:\/\/www.pressenza.com\/es\/2014\/10\/chile-6o-carnaval-patronato-multicultural\/#primaryimage\"},\"thumbnailUrl\":\"https:\/\/www.pressenza.com\/wp-content\/uploads\/2014\/10\/carnaval.jpg\",\"keywords\":[\"carnavales\",\"La Comunidad para el Desarrollo Humano\"],\"articleSection\":[\"Comunicados de Prensa\",\"Contenido Original\",\"Humanismo y Espiritualidad\",\"Sudam\u00e9rica\"],\"inLanguage\":\"es\"},{\"@type\":\"WebPage\",\"@id\":\"https:\/\/www.pressenza.com\/es\/2014\/10\/chile-6o-carnaval-patronato-multicultural\/\",\"url\":\"https:\/\/www.pressenza.com\/es\/2014\/10\/chile-6o-carnaval-patronato-multicultural\/\",\"name\":\"Chile: 6\u00ba Carnaval Patronato Multicultural\",\"isPartOf\":{\"@id\":\"https:\/\/www.pressenza.com\/es\/#website\"},\"primaryImageOfPage\":{\"@id\":\"https:\/\/www.pressenza.com\/es\/2014\/10\/chile-6o-carnaval-patronato-multicultural\/#primaryimage\"},\"image\":{\"@id\":\"https:\/\/www.pressenza.com\/es\/2014\/10\/chile-6o-carnaval-patronato-multicultural\/#primaryimage\"},\"thumbnailUrl\":\"https:\/\/www.pressenza.com\/wp-content\/uploads\/2014\/10\/carnaval.jpg\",\"datePublished\":\"2014-10-06T20:33:17+00:00\",\"description\":\"El Carnaval del Barrio Patronato en Santiago, est\u00e1 siendo organizado en su sexta versi\u00f3n por la Junta de Vecinos 34 Barrio Patronato y La Comunidad para\",\"breadcrumb\":{\"@id\":\"https:\/\/www.pressenza.com\/es\/2014\/10\/chile-6o-carnaval-patronato-multicultural\/#breadcrumb\"},\"inLanguage\":\"es\",\"potentialAction\":[{\"@type\":\"ReadAction\",\"target\":[\"https:\/\/www.pressenza.com\/es\/2014\/10\/chile-6o-carnaval-patronato-multicultural\/\"]}]},{\"@type\":\"ImageObject\",\"inLanguage\":\"es\",\"@id\":\"https:\/\/www.pressenza.com\/es\/2014\/10\/chile-6o-carnaval-patronato-multicultural\/#primaryimage\",\"url\":\"https:\/\/www.pressenza.com\/wp-content\/uploads\/2014\/10\/carnaval.jpg\",\"contentUrl\":\"https:\/\/www.pressenza.com\/wp-content\/uploads\/2014\/10\/carnaval.jpg\",\"width\":356,\"height\":551},{\"@type\":\"BreadcrumbList\",\"@id\":\"https:\/\/www.pressenza.com\/es\/2014\/10\/chile-6o-carnaval-patronato-multicultural\/#breadcrumb\",\"itemListElement\":[{\"@type\":\"ListItem\",\"position\":1,\"name\":\"Accueil\",\"item\":\"https:\/\/www.pressenza.com\/es\/\"},{\"@type\":\"ListItem\",\"position\":2,\"name\":\"Chile: 6\u00ba Carnaval Patronato Multicultural\"}]},{\"@type\":\"WebSite\",\"@id\":\"https:\/\/www.pressenza.com\/es\/#website\",\"url\":\"https:\/\/www.pressenza.com\/es\/\",\"name\":\"Pressenza\",\"description\":\"International Press Agency\",\"publisher\":{\"@id\":\"https:\/\/www.pressenza.com\/es\/#organization\"},\"potentialAction\":[{\"@type\":\"SearchAction\",\"target\":{\"@type\":\"EntryPoint\",\"urlTemplate\":\"https:\/\/www.pressenza.com\/es\/?s={search_term_string}\"},\"query-input\":{\"@type\":\"PropertyValueSpecification\",\"valueRequired\":true,\"valueName\":\"search_term_string\"}}],\"inLanguage\":\"es\"},{\"@type\":\"Organization\",\"@id\":\"https:\/\/www.pressenza.com\/es\/#organization\",\"name\":\"Pressenza\",\"url\":\"https:\/\/www.pressenza.com\/es\/\",\"logo\":{\"@type\":\"ImageObject\",\"inLanguage\":\"es\",\"@id\":\"https:\/\/www.pressenza.com\/es\/#\/schema\/logo\/image\/\",\"url\":\"https:\/\/www.pressenza.com\/wp-content\/uploads\/2022\/10\/pressenza_logo_200x200.jpg\",\"contentUrl\":\"https:\/\/www.pressenza.com\/wp-content\/uploads\/2022\/10\/pressenza_logo_200x200.jpg\",\"width\":200,\"height\":200,\"caption\":\"Pressenza\"},\"image\":{\"@id\":\"https:\/\/www.pressenza.com\/es\/#\/schema\/logo\/image\/\"},\"sameAs\":[\"https:\/\/www.facebook.com\/PressenzaItalia\",\"https:\/\/x.com\/PressenzaIPA\"]},{\"@type\":\"Person\",\"@id\":\"https:\/\/www.pressenza.com\/es\/#\/schema\/person\/d7db40df35d6698ba69ba9ee260944ed\",\"name\":\"Redacci\u00f3n Chile\",\"description\":\"News from the Pressenza Bureau in Chile\",\"sameAs\":[\"https:\/\/www.facebook.com\/pressenza\",\"https:\/\/x.com\/pressenza\"],\"url\":\"https:\/\/www.pressenza.com\/es\/author\/redaccion-chile\/\"}]}<\/script>\n<!-- \/ Yoast SEO plugin. -->","yoast_head_json":{"title":"Chile: 6\u00ba Carnaval Patronato Multicultural","description":"El Carnaval del Barrio Patronato en Santiago, est\u00e1 siendo organizado en su sexta versi\u00f3n por la Junta de Vecinos 34 Barrio Patronato y La Comunidad para","robots":{"index":"index","follow":"follow","max-snippet":"max-snippet:-1","max-image-preview":"max-image-preview:large","max-video-preview":"max-video-preview:-1"},"canonical":"https:\/\/www.pressenza.com\/es\/2014\/10\/chile-6o-carnaval-patronato-multicultural\/","og_locale":"es_ES","og_type":"article","og_title":"Chile: 6\u00ba Carnaval Patronato Multicultural","og_description":"El Carnaval del Barrio Patronato en Santiago, est\u00e1 siendo organizado en su sexta versi\u00f3n por la Junta de Vecinos 34 Barrio Patronato y La Comunidad para","og_url":"https:\/\/www.pressenza.com\/es\/2014\/10\/chile-6o-carnaval-patronato-multicultural\/","og_site_name":"Pressenza","article_publisher":"https:\/\/www.facebook.com\/PressenzaItalia","article_author":"https:\/\/www.facebook.com\/pressenza","article_published_time":"2014-10-06T20:33:17+00:00","og_image":[{"width":356,"height":551,"url":"https:\/\/www.pressenza.com\/wp-content\/uploads\/2014\/10\/carnaval.jpg","type":"image\/jpeg"}],"author":"Redacci\u00f3n Chile","twitter_card":"summary_large_image","twitter_creator":"@pressenza","twitter_site":"@PressenzaIPA","twitter_misc":{"Escrito por":"Redacci\u00f3n Chile","Tiempo de lectura":"1 minuto"},"schema":{"@context":"https:\/\/schema.org","@graph":[{"@type":"Article","@id":"https:\/\/www.pressenza.com\/es\/2014\/10\/chile-6o-carnaval-patronato-multicultural\/#article","isPartOf":{"@id":"https:\/\/www.pressenza.com\/es\/2014\/10\/chile-6o-carnaval-patronato-multicultural\/"},"author":{"name":"Redacci\u00f3n Chile","@id":"https:\/\/www.pressenza.com\/es\/#\/schema\/person\/d7db40df35d6698ba69ba9ee260944ed"},"headline":"Chile: 6\u00ba Carnaval Patronato Multicultural","datePublished":"2014-10-06T20:33:17+00:00","mainEntityOfPage":{"@id":"https:\/\/www.pressenza.com\/es\/2014\/10\/chile-6o-carnaval-patronato-multicultural\/"},"wordCount":288,"publisher":{"@id":"https:\/\/www.pressenza.com\/es\/#organization"},"image":{"@id":"https:\/\/www.pressenza.com\/es\/2014\/10\/chile-6o-carnaval-patronato-multicultural\/#primaryimage"},"thumbnailUrl":"https:\/\/www.pressenza.com\/wp-content\/uploads\/2014\/10\/carnaval.jpg","keywords":["carnavales","La Comunidad para el Desarrollo Humano"],"articleSection":["Comunicados de Prensa","Contenido Original","Humanismo y Espiritualidad","Sudam\u00e9rica"],"inLanguage":"es"},{"@type":"WebPage","@id":"https:\/\/www.pressenza.com\/es\/2014\/10\/chile-6o-carnaval-patronato-multicultural\/","url":"https:\/\/www.pressenza.com\/es\/2014\/10\/chile-6o-carnaval-patronato-multicultural\/","name":"Chile: 6\u00ba Carnaval Patronato Multicultural","isPartOf":{"@id":"https:\/\/www.pressenza.com\/es\/#website"},"primaryImageOfPage":{"@id":"https:\/\/www.pressenza.com\/es\/2014\/10\/chile-6o-carnaval-patronato-multicultural\/#primaryimage"},"image":{"@id":"https:\/\/www.pressenza.com\/es\/2014\/10\/chile-6o-carnaval-patronato-multicultural\/#primaryimage"},"thumbnailUrl":"https:\/\/www.pressenza.com\/wp-content\/uploads\/2014\/10\/carnaval.jpg","datePublished":"2014-10-06T20:33:17+00:00","description":"El Carnaval del Barrio Patronato en Santiago, est\u00e1 siendo organizado en su sexta versi\u00f3n por la Junta de Vecinos 34 Barrio Patronato y La Comunidad para","breadcrumb":{"@id":"https:\/\/www.pressenza.com\/es\/2014\/10\/chile-6o-carnaval-patronato-multicultural\/#breadcrumb"},"inLanguage":"es","potentialAction":[{"@type":"ReadAction","target":["https:\/\/www.pressenza.com\/es\/2014\/10\/chile-6o-carnaval-patronato-multicultural\/"]}]},{"@type":"ImageObject","inLanguage":"es","@id":"https:\/\/www.pressenza.com\/es\/2014\/10\/chile-6o-carnaval-patronato-multicultural\/#primaryimage","url":"https:\/\/www.pressenza.com\/wp-content\/uploads\/2014\/10\/carnaval.jpg","contentUrl":"https:\/\/www.pressenza.com\/wp-content\/uploads\/2014\/10\/carnaval.jpg","width":356,"height":551},{"@type":"BreadcrumbList","@id":"https:\/\/www.pressenza.com\/es\/2014\/10\/chile-6o-carnaval-patronato-multicultural\/#breadcrumb","itemListElement":[{"@type":"ListItem","position":1,"name":"Accueil","item":"https:\/\/www.pressenza.com\/es\/"},{"@type":"ListItem","position":2,"name":"Chile: 6\u00ba Carnaval Patronato Multicultural"}]},{"@type":"WebSite","@id":"https:\/\/www.pressenza.com\/es\/#website","url":"https:\/\/www.pressenza.com\/es\/","name":"Pressenza","description":"International Press Agency","publisher":{"@id":"https:\/\/www.pressenza.com\/es\/#organization"},"potentialAction":[{"@type":"SearchAction","target":{"@type":"EntryPoint","urlTemplate":"https:\/\/www.pressenza.com\/es\/?s={search_term_string}"},"query-input":{"@type":"PropertyValueSpecification","valueRequired":true,"valueName":"search_term_string"}}],"inLanguage":"es"},{"@type":"Organization","@id":"https:\/\/www.pressenza.com\/es\/#organization","name":"Pressenza","url":"https:\/\/www.pressenza.com\/es\/","logo":{"@type":"ImageObject","inLanguage":"es","@id":"https:\/\/www.pressenza.com\/es\/#\/schema\/logo\/image\/","url":"https:\/\/www.pressenza.com\/wp-content\/uploads\/2022\/10\/pressenza_logo_200x200.jpg","contentUrl":"https:\/\/www.pressenza.com\/wp-content\/uploads\/2022\/10\/pressenza_logo_200x200.jpg","width":200,"height":200,"caption":"Pressenza"},"image":{"@id":"https:\/\/www.pressenza.com\/es\/#\/schema\/logo\/image\/"},"sameAs":["https:\/\/www.facebook.com\/PressenzaItalia","https:\/\/x.com\/PressenzaIPA"]},{"@type":"Person","@id":"https:\/\/www.pressenza.com\/es\/#\/schema\/person\/d7db40df35d6698ba69ba9ee260944ed","name":"Redacci\u00f3n Chile","description":"News from the Pressenza Bureau in Chile","sameAs":["https:\/\/www.facebook.com\/pressenza","https:\/\/x.com\/pressenza"],"url":"https:\/\/www.pressenza.com\/es\/author\/redaccion-chile\/"}]}},"place":"","original_article_url":"","_links":{"self":[{"href":"https:\/\/www.pressenza.com\/es\/wp-json\/wp\/v2\/posts\/137856","targetHints":{"allow":["GET"]}}],"collection":[{"href":"https:\/\/www.pressenza.com\/es\/wp-json\/wp\/v2\/posts"}],"about":[{"href":"https:\/\/www.pressenza.com\/es\/wp-json\/wp\/v2\/types\/post"}],"author":[{"embeddable":true,"href":"https:\/\/www.pressenza.com\/es\/wp-json\/wp\/v2\/users\/43"}],"replies":[{"embeddable":true,"href":"https:\/\/www.pressenza.com\/es\/wp-json\/wp\/v2\/comments?post=137856"}],"version-history":[{"count":0,"href":"https:\/\/www.pressenza.com\/es\/wp-json\/wp\/v2\/posts\/137856\/revisions"}],"wp:featuredmedia":[{"embeddable":true,"href":"https:\/\/www.pressenza.com\/es\/wp-json\/wp\/v2\/media\/137857"}],"wp:attachment":[{"href":"https:\/\/www.pressenza.com\/es\/wp-json\/wp\/v2\/media?parent=137856"}],"wp:term":[{"taxonomy":"category","embeddable":true,"href":"https:\/\/www.pressenza.com\/es\/wp-json\/wp\/v2\/categories?post=137856"},{"taxonomy":"post_tag","embeddable":true,"href":"https:\/\/www.pressenza.com\/es\/wp-json\/wp\/v2\/tags?post=137856"}],"curies":[{"name":"wp","href":"https:\/\/api.w.org\/{rel}","templated":true}]}}