{"id":137813,"date":"2014-10-06T18:37:45","date_gmt":"2014-10-06T17:37:45","guid":{"rendered":"http:\/\/www.pressenza.com\/?p=137813"},"modified":"2017-11-21T16:55:49","modified_gmt":"2017-11-21T16:55:49","slug":"ii-festival-internacional-de-cine-de-la-violencia-activa-otorga-sus-premios","status":"publish","type":"post","link":"https:\/\/www.pressenza.com\/es\/2014\/10\/ii-festival-internacional-de-cine-de-la-violencia-activa-otorga-sus-premios\/","title":{"rendered":"II Festival Internacional de Cine de la No-violencia Activa otorga sus premios"},"content":{"rendered":"<p><b>El II Festival Internacional de Cine de la No-violencia Activa FICNOVA otorg\u00f3 el galard\u00f3n especial del certamen a cinco producciones de diferentes pa\u00edses<\/b><\/p>\n<p>FICNOVA est\u00e1 impulsado por equipos de voluntarios de Mundo sin Guerras y sin violencia, organizaci\u00f3n internacional integrante del Movimiento Humanista, a la que se suman otras organizaciones humanistas, agrupaciones y personas que comparten su prop\u00f3sito de avanzar en el desarrollo de la no-violencia. Un festival polic\u00e9ntrico que se celebra, en esta segunda edici\u00f3n, en doce ciudades de seis pa\u00edses (Canad\u00e1, M\u00e9xico, Guatemala, Brasil, Mauritania y Espa\u00f1a) simult\u00e1neamente.<\/p>\n<p>Los diferentes equipos organizadores en cada ciudad participante contaron con la colaboraci\u00f3n de educadores y profesionales relacionados con el cine para elegir diecisiete finalistas entre todas las producciones que llegaron desde Burkina Faso hasta Argentina, pasando por Espa\u00f1a, Canad\u00e1, Estados Unidos, M\u00e9xico, Nicaragua, y Guatemala; y finalmente seleccionar cinco pel\u00edculas galardonadas en las diferentes secciones y categor\u00edas.<\/p>\n<p>Este a\u00f1o, en la Secci\u00f3n General\u00a0 se reconoci\u00f3 con la estatuilla del festival el aporte a la difusi\u00f3n de efectos demostraci\u00f3n de no-violencia realizados por: el largometraje argentino \u201cPachakuti 2012. El cambio\u201d del director Carlos Santos, con un relato de la experiencia vivida en la Isla del Sol en 2012 con las profundas transformaciones impulsadas desde los pueblos originarios; el mediometraje de Canad\u00e1 y Nicaragua\u00a0 \u201cEn la casa, la cama y la calle\u201d de la directora Liz Miller, en el que se recoge la experiencia de rebeli\u00f3n frente a la discriminaci\u00f3n y la violencia de g\u00e9nero utilizando los medios masivos de comunicaci\u00f3n; y el cortometraje guatemalteco \u201c<a title=\"Nuestro territorio cuerpo-tierra en libertad\" href=\"http:\/\/www.festivalcinenoviolencia.org\/index.php\/edicionesfic\/finalistas-2014\/50-pelis\/peliculas2014\/158-nuestro-territorio-cuerpo-tierra-en-libertad\">Ri\u00b4ka raibal ixoqi\u00a8 &#8211; Nuestro territorio cuerpo-tierra en libertad<\/a>\u201d de la directora de la Uni\u00f3n Nacional de Mujeres Guatemaltecas UNAMG, con una valerosa muestra del cambio global que est\u00e1n encarnando algunas mujeres desde Guatemala. En la Secci\u00f3n Centros de Ense\u00f1anza se otorgaron igualmente galardones al cortometraje espa\u00f1ol \u201cDecisiones dif\u00edciles\u201d de la Asociaci\u00f3n Centro Trama y al microcorto mexicano \u201cNo m\u00e1s violencia\u201d del jovenc\u00edsimo director Nicol\u00e1s L\u00f3pez Maya, en los que se muestra la creatividad de los alumnos para realizar una denuncia de la violencia psicol\u00f3gica en las aulas.<\/p>\n<p>Como hemos visto, pese a la atm\u00f3sfera social envenenada de crueldad en la que nos movemos, en el interior de muchos seres humanos crece algo nuevo, algo que pide estar de acuerdo con uno mismo y no traicionarse. Esa actitud moral que nos lleva a un comportamiento coherente con uno y con los dem\u00e1s se expresa por necesidad en el mundo con la no-violencia. Cada vez en m\u00e1s lugares encontramos esos ejemplos del cambio interno y externo al que apuntan ya muchos seres humanos. El festival pretende mostrarlos para ayudar a crear conciencia noviolenta mundial.<\/p>\n<p>Para ello, FICNOVA lanza su se\u00f1al con fuerza en la semana del 2 de octubre, D\u00eda internacional de la no-violencia, declarado por Naciones Unidas para conmemorar el nacimiento de Gandhi. Pero no solo exhibe las pel\u00edculas que llegan de todo el mundo en esa semana. Sino que propicia, con la ayuda de los autores que lo permiten, que todo el que quiera pueda volver a ver esos ejemplos y sirvan para la creaci\u00f3n de espacios de encuentro y de intercambio de experiencia, en los que se pueda avanzar en el doble cambio. As\u00ed, desde los equipos de base de mundo sin guerras y sin violencia trabajamos durante todo el a\u00f1o compartiendo la experiencia y herramientas generadas desde el Nuevo Humanismo con todo el que se interesa.<\/p>\n<p>De esta forma, empezamos ya a preparar la siguiente edici\u00f3n para que, con la ayuda de todos y el aprendizaje de este tiempo,\u00a0 consigamos dar una se\u00f1al mayor el siguiente a\u00f1o.<\/p>\n<p>La no-violencia no es una simple idea, o una mera estrategia de lucha para conseguir resultados externos; la no-violencia parte de una experiencia conmovedora de reconocimiento de algo grande en uno y en los dem\u00e1s a lo que cuidar, capaz de conectar los mejores y m\u00e1s profundos prop\u00f3sitos en uno con nuestra acci\u00f3n en el mundo.<\/p>\n<p>Todos los detalles los puedes encontrar en <a href=\"http:\/\/www.ficnova.org\">www.ficnova.org<\/a> o <a href=\"http:\/\/www.aniff.org\">www.aniff.org<\/a> y para contactar se puede escribir a <a href=\"mailto:info@ficnova.org\">info@ficnova.org<\/a><\/p>\n","protected":false},"excerpt":{"rendered":"<p>El II Festival Internacional de Cine de la No-violencia Activa FICNOVA otorg\u00f3 el galard\u00f3n especial del certamen a cinco producciones de diferentes pa\u00edses FICNOVA est\u00e1 impulsado por equipos de voluntarios de Mundo sin Guerras y sin violencia, organizaci\u00f3n internacional integrante&hellip;<\/p>\n","protected":false},"author":634,"featured_media":137816,"comment_status":"closed","ping_status":"open","sticky":false,"template":"","format":"standard","meta":{"footnotes":""},"categories":[149,11389,75,39,1242],"tags":[11768,3087],"class_list":["post-137813","post","type-post","status-publish","format-standard","has-post-thumbnail","hentry","category-comunicados-de-prensa","category-contenido-original","category-cultura-es","category-internacional","category-noviolencia-tema","tag-ficnova","tag-mundo-sin-guerras-y-sin-violencia"],"yoast_head":"<!-- This site is optimized with the Yoast SEO plugin v27.1.1 - https:\/\/yoast.com\/product\/yoast-seo-wordpress\/ -->\n<title>II Festival Internacional de Cine de la No-violencia Activa otorga sus premios<\/title>\n<meta name=\"description\" content=\"El II Festival Internacional de Cine de la No-violencia Activa FICNOVA otorg\u00f3 el galard\u00f3n especial del certamen a cinco producciones de diferentes pa\u00edses\" \/>\n<meta name=\"robots\" content=\"index, follow, max-snippet:-1, max-image-preview:large, max-video-preview:-1\" \/>\n<link rel=\"canonical\" href=\"https:\/\/www.pressenza.com\/es\/2014\/10\/ii-festival-internacional-de-cine-de-la-violencia-activa-otorga-sus-premios\/\" \/>\n<meta property=\"og:locale\" content=\"es_ES\" \/>\n<meta property=\"og:type\" content=\"article\" \/>\n<meta property=\"og:title\" content=\"II Festival Internacional de Cine de la No-violencia Activa otorga sus premios\" \/>\n<meta property=\"og:description\" content=\"El II Festival Internacional de Cine de la No-violencia Activa FICNOVA otorg\u00f3 el galard\u00f3n especial del certamen a cinco producciones de diferentes pa\u00edses\" \/>\n<meta property=\"og:url\" content=\"https:\/\/www.pressenza.com\/es\/2014\/10\/ii-festival-internacional-de-cine-de-la-violencia-activa-otorga-sus-premios\/\" \/>\n<meta property=\"og:site_name\" content=\"Pressenza\" \/>\n<meta property=\"article:publisher\" content=\"https:\/\/www.facebook.com\/PressenzaItalia\" \/>\n<meta property=\"article:author\" content=\"https:\/\/www.facebook.com\/MundoSinGuerrasYSinViolencia\" \/>\n<meta property=\"article:published_time\" content=\"2014-10-06T17:37:45+00:00\" \/>\n<meta property=\"article:modified_time\" content=\"2017-11-21T16:55:49+00:00\" \/>\n<meta property=\"og:image\" content=\"https:\/\/www.pressenza.com\/wp-content\/uploads\/2014\/10\/Ficnova-2.jpg\" \/>\n\t<meta property=\"og:image:width\" content=\"1426\" \/>\n\t<meta property=\"og:image:height\" content=\"828\" \/>\n\t<meta property=\"og:image:type\" content=\"image\/jpeg\" \/>\n<meta name=\"author\" content=\"Mundo sin Guerras y sin Violencia\" \/>\n<meta name=\"twitter:card\" content=\"summary_large_image\" \/>\n<meta name=\"twitter:creator\" content=\"@msgysv\" \/>\n<meta name=\"twitter:site\" content=\"@PressenzaIPA\" \/>\n<meta name=\"twitter:label1\" content=\"Escrito por\" \/>\n\t<meta name=\"twitter:data1\" content=\"Mundo sin Guerras y sin Violencia\" \/>\n\t<meta name=\"twitter:label2\" content=\"Tiempo de lectura\" \/>\n\t<meta name=\"twitter:data2\" content=\"4 minutos\" \/>\n<script type=\"application\/ld+json\" class=\"yoast-schema-graph\">{\"@context\":\"https:\/\/schema.org\",\"@graph\":[{\"@type\":\"Article\",\"@id\":\"https:\/\/www.pressenza.com\/es\/2014\/10\/ii-festival-internacional-de-cine-de-la-violencia-activa-otorga-sus-premios\/#article\",\"isPartOf\":{\"@id\":\"https:\/\/www.pressenza.com\/es\/2014\/10\/ii-festival-internacional-de-cine-de-la-violencia-activa-otorga-sus-premios\/\"},\"author\":{\"name\":\"Mundo sin Guerras y sin Violencia\",\"@id\":\"https:\/\/www.pressenza.com\/es\/#\/schema\/person\/d47d804d04b08f58c790fbabcbbf9670\"},\"headline\":\"II Festival Internacional de Cine de la No-violencia Activa otorga sus premios\",\"datePublished\":\"2014-10-06T17:37:45+00:00\",\"dateModified\":\"2017-11-21T16:55:49+00:00\",\"mainEntityOfPage\":{\"@id\":\"https:\/\/www.pressenza.com\/es\/2014\/10\/ii-festival-internacional-de-cine-de-la-violencia-activa-otorga-sus-premios\/\"},\"wordCount\":733,\"publisher\":{\"@id\":\"https:\/\/www.pressenza.com\/es\/#organization\"},\"image\":{\"@id\":\"https:\/\/www.pressenza.com\/es\/2014\/10\/ii-festival-internacional-de-cine-de-la-violencia-activa-otorga-sus-premios\/#primaryimage\"},\"thumbnailUrl\":\"https:\/\/www.pressenza.com\/wp-content\/uploads\/2014\/10\/Ficnova-2.jpg\",\"keywords\":[\"FICNOVA\",\"Mundo sin Guerras y sin Violencia\"],\"articleSection\":[\"Comunicados de Prensa\",\"Contenido Original\",\"Cultura y Medios\",\"Internacional\",\"Noviolencia\"],\"inLanguage\":\"es\"},{\"@type\":\"WebPage\",\"@id\":\"https:\/\/www.pressenza.com\/es\/2014\/10\/ii-festival-internacional-de-cine-de-la-violencia-activa-otorga-sus-premios\/\",\"url\":\"https:\/\/www.pressenza.com\/es\/2014\/10\/ii-festival-internacional-de-cine-de-la-violencia-activa-otorga-sus-premios\/\",\"name\":\"II Festival Internacional de Cine de la No-violencia Activa otorga sus premios\",\"isPartOf\":{\"@id\":\"https:\/\/www.pressenza.com\/es\/#website\"},\"primaryImageOfPage\":{\"@id\":\"https:\/\/www.pressenza.com\/es\/2014\/10\/ii-festival-internacional-de-cine-de-la-violencia-activa-otorga-sus-premios\/#primaryimage\"},\"image\":{\"@id\":\"https:\/\/www.pressenza.com\/es\/2014\/10\/ii-festival-internacional-de-cine-de-la-violencia-activa-otorga-sus-premios\/#primaryimage\"},\"thumbnailUrl\":\"https:\/\/www.pressenza.com\/wp-content\/uploads\/2014\/10\/Ficnova-2.jpg\",\"datePublished\":\"2014-10-06T17:37:45+00:00\",\"dateModified\":\"2017-11-21T16:55:49+00:00\",\"description\":\"El II Festival Internacional de Cine de la No-violencia Activa FICNOVA otorg\u00f3 el galard\u00f3n especial del certamen a cinco producciones de diferentes pa\u00edses\",\"breadcrumb\":{\"@id\":\"https:\/\/www.pressenza.com\/es\/2014\/10\/ii-festival-internacional-de-cine-de-la-violencia-activa-otorga-sus-premios\/#breadcrumb\"},\"inLanguage\":\"es\",\"potentialAction\":[{\"@type\":\"ReadAction\",\"target\":[\"https:\/\/www.pressenza.com\/es\/2014\/10\/ii-festival-internacional-de-cine-de-la-violencia-activa-otorga-sus-premios\/\"]}]},{\"@type\":\"ImageObject\",\"inLanguage\":\"es\",\"@id\":\"https:\/\/www.pressenza.com\/es\/2014\/10\/ii-festival-internacional-de-cine-de-la-violencia-activa-otorga-sus-premios\/#primaryimage\",\"url\":\"https:\/\/www.pressenza.com\/wp-content\/uploads\/2014\/10\/Ficnova-2.jpg\",\"contentUrl\":\"https:\/\/www.pressenza.com\/wp-content\/uploads\/2014\/10\/Ficnova-2.jpg\",\"width\":1426,\"height\":828},{\"@type\":\"BreadcrumbList\",\"@id\":\"https:\/\/www.pressenza.com\/es\/2014\/10\/ii-festival-internacional-de-cine-de-la-violencia-activa-otorga-sus-premios\/#breadcrumb\",\"itemListElement\":[{\"@type\":\"ListItem\",\"position\":1,\"name\":\"Accueil\",\"item\":\"https:\/\/www.pressenza.com\/es\/\"},{\"@type\":\"ListItem\",\"position\":2,\"name\":\"II Festival Internacional de Cine de la No-violencia Activa otorga sus premios\"}]},{\"@type\":\"WebSite\",\"@id\":\"https:\/\/www.pressenza.com\/es\/#website\",\"url\":\"https:\/\/www.pressenza.com\/es\/\",\"name\":\"Pressenza\",\"description\":\"International Press Agency\",\"publisher\":{\"@id\":\"https:\/\/www.pressenza.com\/es\/#organization\"},\"potentialAction\":[{\"@type\":\"SearchAction\",\"target\":{\"@type\":\"EntryPoint\",\"urlTemplate\":\"https:\/\/www.pressenza.com\/es\/?s={search_term_string}\"},\"query-input\":{\"@type\":\"PropertyValueSpecification\",\"valueRequired\":true,\"valueName\":\"search_term_string\"}}],\"inLanguage\":\"es\"},{\"@type\":\"Organization\",\"@id\":\"https:\/\/www.pressenza.com\/es\/#organization\",\"name\":\"Pressenza\",\"url\":\"https:\/\/www.pressenza.com\/es\/\",\"logo\":{\"@type\":\"ImageObject\",\"inLanguage\":\"es\",\"@id\":\"https:\/\/www.pressenza.com\/es\/#\/schema\/logo\/image\/\",\"url\":\"https:\/\/www.pressenza.com\/wp-content\/uploads\/2022\/10\/pressenza_logo_200x200.jpg\",\"contentUrl\":\"https:\/\/www.pressenza.com\/wp-content\/uploads\/2022\/10\/pressenza_logo_200x200.jpg\",\"width\":200,\"height\":200,\"caption\":\"Pressenza\"},\"image\":{\"@id\":\"https:\/\/www.pressenza.com\/es\/#\/schema\/logo\/image\/\"},\"sameAs\":[\"https:\/\/www.facebook.com\/PressenzaItalia\",\"https:\/\/x.com\/PressenzaIPA\"]},{\"@type\":\"Person\",\"@id\":\"https:\/\/www.pressenza.com\/es\/#\/schema\/person\/d47d804d04b08f58c790fbabcbbf9670\",\"name\":\"Mundo sin Guerras y sin Violencia\",\"description\":\"World without Wars and Violence has been a non-profit organisation for more than 20 years and receives no funding from any government. It has \\\"Special Consultative Status\\\" with the UN Economic and Social Council. https:\/\/worldwwars.org\/\",\"sameAs\":[\"https:\/\/worldwwars.org\/\",\"https:\/\/www.facebook.com\/MundoSinGuerrasYSinViolencia\",\"https:\/\/x.com\/msgysv\"],\"url\":\"https:\/\/www.pressenza.com\/es\/author\/mundo-sin-guerras\/\"}]}<\/script>\n<!-- \/ Yoast SEO plugin. -->","yoast_head_json":{"title":"II Festival Internacional de Cine de la No-violencia Activa otorga sus premios","description":"El II Festival Internacional de Cine de la No-violencia Activa FICNOVA otorg\u00f3 el galard\u00f3n especial del certamen a cinco producciones de diferentes pa\u00edses","robots":{"index":"index","follow":"follow","max-snippet":"max-snippet:-1","max-image-preview":"max-image-preview:large","max-video-preview":"max-video-preview:-1"},"canonical":"https:\/\/www.pressenza.com\/es\/2014\/10\/ii-festival-internacional-de-cine-de-la-violencia-activa-otorga-sus-premios\/","og_locale":"es_ES","og_type":"article","og_title":"II Festival Internacional de Cine de la No-violencia Activa otorga sus premios","og_description":"El II Festival Internacional de Cine de la No-violencia Activa FICNOVA otorg\u00f3 el galard\u00f3n especial del certamen a cinco producciones de diferentes pa\u00edses","og_url":"https:\/\/www.pressenza.com\/es\/2014\/10\/ii-festival-internacional-de-cine-de-la-violencia-activa-otorga-sus-premios\/","og_site_name":"Pressenza","article_publisher":"https:\/\/www.facebook.com\/PressenzaItalia","article_author":"https:\/\/www.facebook.com\/MundoSinGuerrasYSinViolencia","article_published_time":"2014-10-06T17:37:45+00:00","article_modified_time":"2017-11-21T16:55:49+00:00","og_image":[{"width":1426,"height":828,"url":"https:\/\/www.pressenza.com\/wp-content\/uploads\/2014\/10\/Ficnova-2.jpg","type":"image\/jpeg"}],"author":"Mundo sin Guerras y sin Violencia","twitter_card":"summary_large_image","twitter_creator":"@msgysv","twitter_site":"@PressenzaIPA","twitter_misc":{"Escrito por":"Mundo sin Guerras y sin Violencia","Tiempo de lectura":"4 minutos"},"schema":{"@context":"https:\/\/schema.org","@graph":[{"@type":"Article","@id":"https:\/\/www.pressenza.com\/es\/2014\/10\/ii-festival-internacional-de-cine-de-la-violencia-activa-otorga-sus-premios\/#article","isPartOf":{"@id":"https:\/\/www.pressenza.com\/es\/2014\/10\/ii-festival-internacional-de-cine-de-la-violencia-activa-otorga-sus-premios\/"},"author":{"name":"Mundo sin Guerras y sin Violencia","@id":"https:\/\/www.pressenza.com\/es\/#\/schema\/person\/d47d804d04b08f58c790fbabcbbf9670"},"headline":"II Festival Internacional de Cine de la No-violencia Activa otorga sus premios","datePublished":"2014-10-06T17:37:45+00:00","dateModified":"2017-11-21T16:55:49+00:00","mainEntityOfPage":{"@id":"https:\/\/www.pressenza.com\/es\/2014\/10\/ii-festival-internacional-de-cine-de-la-violencia-activa-otorga-sus-premios\/"},"wordCount":733,"publisher":{"@id":"https:\/\/www.pressenza.com\/es\/#organization"},"image":{"@id":"https:\/\/www.pressenza.com\/es\/2014\/10\/ii-festival-internacional-de-cine-de-la-violencia-activa-otorga-sus-premios\/#primaryimage"},"thumbnailUrl":"https:\/\/www.pressenza.com\/wp-content\/uploads\/2014\/10\/Ficnova-2.jpg","keywords":["FICNOVA","Mundo sin Guerras y sin Violencia"],"articleSection":["Comunicados de Prensa","Contenido Original","Cultura y Medios","Internacional","Noviolencia"],"inLanguage":"es"},{"@type":"WebPage","@id":"https:\/\/www.pressenza.com\/es\/2014\/10\/ii-festival-internacional-de-cine-de-la-violencia-activa-otorga-sus-premios\/","url":"https:\/\/www.pressenza.com\/es\/2014\/10\/ii-festival-internacional-de-cine-de-la-violencia-activa-otorga-sus-premios\/","name":"II Festival Internacional de Cine de la No-violencia Activa otorga sus premios","isPartOf":{"@id":"https:\/\/www.pressenza.com\/es\/#website"},"primaryImageOfPage":{"@id":"https:\/\/www.pressenza.com\/es\/2014\/10\/ii-festival-internacional-de-cine-de-la-violencia-activa-otorga-sus-premios\/#primaryimage"},"image":{"@id":"https:\/\/www.pressenza.com\/es\/2014\/10\/ii-festival-internacional-de-cine-de-la-violencia-activa-otorga-sus-premios\/#primaryimage"},"thumbnailUrl":"https:\/\/www.pressenza.com\/wp-content\/uploads\/2014\/10\/Ficnova-2.jpg","datePublished":"2014-10-06T17:37:45+00:00","dateModified":"2017-11-21T16:55:49+00:00","description":"El II Festival Internacional de Cine de la No-violencia Activa FICNOVA otorg\u00f3 el galard\u00f3n especial del certamen a cinco producciones de diferentes pa\u00edses","breadcrumb":{"@id":"https:\/\/www.pressenza.com\/es\/2014\/10\/ii-festival-internacional-de-cine-de-la-violencia-activa-otorga-sus-premios\/#breadcrumb"},"inLanguage":"es","potentialAction":[{"@type":"ReadAction","target":["https:\/\/www.pressenza.com\/es\/2014\/10\/ii-festival-internacional-de-cine-de-la-violencia-activa-otorga-sus-premios\/"]}]},{"@type":"ImageObject","inLanguage":"es","@id":"https:\/\/www.pressenza.com\/es\/2014\/10\/ii-festival-internacional-de-cine-de-la-violencia-activa-otorga-sus-premios\/#primaryimage","url":"https:\/\/www.pressenza.com\/wp-content\/uploads\/2014\/10\/Ficnova-2.jpg","contentUrl":"https:\/\/www.pressenza.com\/wp-content\/uploads\/2014\/10\/Ficnova-2.jpg","width":1426,"height":828},{"@type":"BreadcrumbList","@id":"https:\/\/www.pressenza.com\/es\/2014\/10\/ii-festival-internacional-de-cine-de-la-violencia-activa-otorga-sus-premios\/#breadcrumb","itemListElement":[{"@type":"ListItem","position":1,"name":"Accueil","item":"https:\/\/www.pressenza.com\/es\/"},{"@type":"ListItem","position":2,"name":"II Festival Internacional de Cine de la No-violencia Activa otorga sus premios"}]},{"@type":"WebSite","@id":"https:\/\/www.pressenza.com\/es\/#website","url":"https:\/\/www.pressenza.com\/es\/","name":"Pressenza","description":"International Press Agency","publisher":{"@id":"https:\/\/www.pressenza.com\/es\/#organization"},"potentialAction":[{"@type":"SearchAction","target":{"@type":"EntryPoint","urlTemplate":"https:\/\/www.pressenza.com\/es\/?s={search_term_string}"},"query-input":{"@type":"PropertyValueSpecification","valueRequired":true,"valueName":"search_term_string"}}],"inLanguage":"es"},{"@type":"Organization","@id":"https:\/\/www.pressenza.com\/es\/#organization","name":"Pressenza","url":"https:\/\/www.pressenza.com\/es\/","logo":{"@type":"ImageObject","inLanguage":"es","@id":"https:\/\/www.pressenza.com\/es\/#\/schema\/logo\/image\/","url":"https:\/\/www.pressenza.com\/wp-content\/uploads\/2022\/10\/pressenza_logo_200x200.jpg","contentUrl":"https:\/\/www.pressenza.com\/wp-content\/uploads\/2022\/10\/pressenza_logo_200x200.jpg","width":200,"height":200,"caption":"Pressenza"},"image":{"@id":"https:\/\/www.pressenza.com\/es\/#\/schema\/logo\/image\/"},"sameAs":["https:\/\/www.facebook.com\/PressenzaItalia","https:\/\/x.com\/PressenzaIPA"]},{"@type":"Person","@id":"https:\/\/www.pressenza.com\/es\/#\/schema\/person\/d47d804d04b08f58c790fbabcbbf9670","name":"Mundo sin Guerras y sin Violencia","description":"World without Wars and Violence has been a non-profit organisation for more than 20 years and receives no funding from any government. It has \"Special Consultative Status\" with the UN Economic and Social Council. https:\/\/worldwwars.org\/","sameAs":["https:\/\/worldwwars.org\/","https:\/\/www.facebook.com\/MundoSinGuerrasYSinViolencia","https:\/\/x.com\/msgysv"],"url":"https:\/\/www.pressenza.com\/es\/author\/mundo-sin-guerras\/"}]}},"place":"Madrid","original_article_url":"","_links":{"self":[{"href":"https:\/\/www.pressenza.com\/es\/wp-json\/wp\/v2\/posts\/137813","targetHints":{"allow":["GET"]}}],"collection":[{"href":"https:\/\/www.pressenza.com\/es\/wp-json\/wp\/v2\/posts"}],"about":[{"href":"https:\/\/www.pressenza.com\/es\/wp-json\/wp\/v2\/types\/post"}],"author":[{"embeddable":true,"href":"https:\/\/www.pressenza.com\/es\/wp-json\/wp\/v2\/users\/634"}],"replies":[{"embeddable":true,"href":"https:\/\/www.pressenza.com\/es\/wp-json\/wp\/v2\/comments?post=137813"}],"version-history":[{"count":0,"href":"https:\/\/www.pressenza.com\/es\/wp-json\/wp\/v2\/posts\/137813\/revisions"}],"wp:featuredmedia":[{"embeddable":true,"href":"https:\/\/www.pressenza.com\/es\/wp-json\/wp\/v2\/media\/137816"}],"wp:attachment":[{"href":"https:\/\/www.pressenza.com\/es\/wp-json\/wp\/v2\/media?parent=137813"}],"wp:term":[{"taxonomy":"category","embeddable":true,"href":"https:\/\/www.pressenza.com\/es\/wp-json\/wp\/v2\/categories?post=137813"},{"taxonomy":"post_tag","embeddable":true,"href":"https:\/\/www.pressenza.com\/es\/wp-json\/wp\/v2\/tags?post=137813"}],"curies":[{"name":"wp","href":"https:\/\/api.w.org\/{rel}","templated":true}]}}