{"id":1378,"date":"2009-09-21T00:00:00","date_gmt":"2009-09-21T00:00:00","guid":{"rendered":""},"modified":"2009-09-28T05:01:04","modified_gmt":"2009-09-28T05:01:04","slug":"cate-blanchett-y-andrew-upton-promocionan-la-marcha-mundial-por-la-paz-y-la-no-violencia","status":"publish","type":"post","link":"https:\/\/www.pressenza.com\/es\/2009\/09\/cate-blanchett-y-andrew-upton-promocionan-la-marcha-mundial-por-la-paz-y-la-no-violencia\/","title":{"rendered":"Cate Blanchett y Andrew Upton promocionan la marcha mundial por la paz y la no violencia"},"content":{"rendered":"<p>Blanchett, estrella de pel\u00edculas como \u00abElizabeth\u00bb, \u00abEl se\u00f1or de los anillos\u00bb y \u00abEl aviador\u00bb, con la que gan\u00f3 el Oscar a mejor actriz secundaria, y su marido, el guionista y director Andrew Upton, han enviado su mensaje de apoyo a los organizadores de la marcha mundial por la paz en Australia.<\/p>\n<p>*\u00bbEs ins\u00f3lito ver cu\u00e1nta es la gente que cree que la intervenci\u00f3n armada es la mejor soluci\u00f3n para los problemas del mundo. Si tan s\u00f3lo una parte del dinero que se gasta en armas y en conflictos armados se dedicase a eliminar el hambre y la pobreza, se zanjar\u00edan muchas de las causas de estos conflictos. Para el futuro de nuestros ni\u00f1os significar\u00eda promover la paz, el desarme nuclear y el final de la violencia\u00bb*, afirmaba Cate Blanchett. <\/p>\n<p>En apoyo a esta causa, los australianos, junto con el llamado equipo base de la marcha mundial por la paz, se reunir\u00e1n en la Bondi Beach el 4 de octubre para formar la palabra PAZ en un acto simb\u00f3lico para expresar su fuerte oposici\u00f3n a la guerra y a cualquier forma de violencia.<\/p>\n<p>*\u00bbLa amenaza nuclear a\u00fan no ha desaparecido y el peligro de que m\u00e1s pa\u00edses se unan a esta competici\u00f3n nuclear aumentar\u00e1 si los ciudadanos permanecen en silencio. Para que se escuchen nuestras voces, nos uniremos y formaremos la palabra PAZ en la Bondi Beach el 4 de octubre a las 11 de la ma\u00f1ana*, explicaba el coordinador de la marcha mundial en Sydney, Alex Gasko.<\/p>\n<p>En Sydney, los eventos por la paz empiezan hoy, lunes 21 de septiembre, con la celebraci\u00f3n del d\u00eda internacional de la paz de las Naciones Unidas, cuando los activistas por la paz se re\u00fanan en Martin Place para llamar a un alto al fuego en los conflictos internacionales y la resoluci\u00f3n de las disputas sin recurrir a la violencia.<br \/>\nDos semanas m\u00e1s tarde, el 2 de octubre, en el aniversario del cumplea\u00f1os de Gandhi, la marcha mundial por la paz y la no violencia comenzar\u00e1 en Wellington, Nueva Zelanda, donde el equipo base de activistas por la paz de Brasil, Costa Rica, Suiza, Espa\u00f1a, Italia, Alemania y Reino Unido, dirigidos por el mundialmente conocido Rafael de la Rubia, llegar\u00e1n a Sydney el 3 de octubre de 2009.<br \/>\nLa marcha mundial es un viaje simb\u00f3lico alrededor de 90 pa\u00edses y 6 continentes con un equipo multinacional que viajar\u00e1 durante tres meses por todo el mundo para inspirar iniciativas a favor del desarme nuclear y de la resoluci\u00f3n de conflictos de forma pac\u00edfica.<\/p>\n<p>Traducci\u00f3n: Luc\u00eda Mart\u00ednez Fern\u00e1ndez<\/p>\n","protected":false},"excerpt":{"rendered":"<p>Cate Blanchett y Andrew Upton se han unido a las cientos de voces destacadas de todo el mundo que apoyan la marcha mundial por la paz y la no violencia, un evento simb\u00f3lico a favor del desarme y la resoluci\u00f3n de conflictos de forma pac\u00edfica. \u00abEs ins\u00f3lito ver cu\u00e1nta es la gente que cree que la intervenci\u00f3n armada es la mejor soluci\u00f3n\u00bb<\/p>\n","protected":false},"author":19,"featured_media":0,"comment_status":"closed","ping_status":"open","sticky":false,"template":"","format":"standard","meta":{"footnotes":""},"categories":[75,39,70],"tags":[],"class_list":["post-1378","post","type-post","status-publish","format-standard","hentry","category-cultura-es","category-internacional","category-oceania-region-es"],"yoast_head":"<!-- This site is optimized with the Yoast SEO plugin v27.1.1 - https:\/\/yoast.com\/product\/yoast-seo-wordpress\/ -->\n<title>Cate Blanchett y Andrew Upton promocionan la marcha mundial por la paz y la no violencia<\/title>\n<meta name=\"description\" content=\"Cate Blanchett y Andrew Upton se han unido a las cientos de voces destacadas de todo el mundo que apoyan la marcha mundial por la paz y la no violencia, un evento simb\u00f3lico a favor del desarme y la resoluci\u00f3n de conflictos de forma pac\u00edfica. &quot;Es ins\u00f3lito ver cu\u00e1nta es la gente que cree que la intervenci\u00f3n armada es la mejor soluci\u00f3n&quot;\" \/>\n<meta name=\"robots\" content=\"index, follow, max-snippet:-1, max-image-preview:large, max-video-preview:-1\" \/>\n<link rel=\"canonical\" href=\"https:\/\/www.pressenza.com\/es\/2009\/09\/cate-blanchett-y-andrew-upton-promocionan-la-marcha-mundial-por-la-paz-y-la-no-violencia\/\" \/>\n<meta property=\"og:locale\" content=\"es_ES\" \/>\n<meta property=\"og:type\" content=\"article\" \/>\n<meta property=\"og:title\" content=\"Cate Blanchett y Andrew Upton promocionan la marcha mundial por la paz y la no violencia\" \/>\n<meta property=\"og:description\" content=\"Cate Blanchett y Andrew Upton se han unido a las cientos de voces destacadas de todo el mundo que apoyan la marcha mundial por la paz y la no violencia, un evento simb\u00f3lico a favor del desarme y la resoluci\u00f3n de conflictos de forma pac\u00edfica. &quot;Es ins\u00f3lito ver cu\u00e1nta es la gente que cree que la intervenci\u00f3n armada es la mejor soluci\u00f3n&quot;\" \/>\n<meta property=\"og:url\" content=\"https:\/\/www.pressenza.com\/es\/2009\/09\/cate-blanchett-y-andrew-upton-promocionan-la-marcha-mundial-por-la-paz-y-la-no-violencia\/\" \/>\n<meta property=\"og:site_name\" content=\"Pressenza\" \/>\n<meta property=\"article:publisher\" content=\"https:\/\/www.facebook.com\/PressenzaItalia\" \/>\n<meta property=\"article:author\" content=\"https:\/\/www.facebook.com\/pressenza\" \/>\n<meta property=\"article:published_time\" content=\"2009-09-21T00:00:00+00:00\" \/>\n<meta property=\"article:modified_time\" content=\"2009-09-28T05:01:04+00:00\" \/>\n<meta name=\"author\" content=\"Pressenza IPA\" \/>\n<meta name=\"twitter:card\" content=\"summary_large_image\" \/>\n<meta name=\"twitter:creator\" content=\"@PressenzaIPA\" \/>\n<meta name=\"twitter:site\" content=\"@PressenzaIPA\" \/>\n<meta name=\"twitter:label1\" content=\"Escrito por\" \/>\n\t<meta name=\"twitter:data1\" content=\"Pressenza IPA\" \/>\n\t<meta name=\"twitter:label2\" content=\"Tiempo de lectura\" \/>\n\t<meta name=\"twitter:data2\" content=\"2 minutos\" \/>\n<script type=\"application\/ld+json\" class=\"yoast-schema-graph\">{\"@context\":\"https:\/\/schema.org\",\"@graph\":[{\"@type\":\"Article\",\"@id\":\"https:\/\/www.pressenza.com\/es\/2009\/09\/cate-blanchett-y-andrew-upton-promocionan-la-marcha-mundial-por-la-paz-y-la-no-violencia\/#article\",\"isPartOf\":{\"@id\":\"https:\/\/www.pressenza.com\/es\/2009\/09\/cate-blanchett-y-andrew-upton-promocionan-la-marcha-mundial-por-la-paz-y-la-no-violencia\/\"},\"author\":{\"name\":\"Pressenza IPA\",\"@id\":\"https:\/\/www.pressenza.com\/es\/#\/schema\/person\/010e5d02bcf40965427a1289a4cc8d75\"},\"headline\":\"Cate Blanchett y Andrew Upton promocionan la marcha mundial por la paz y la no violencia\",\"datePublished\":\"2009-09-21T00:00:00+00:00\",\"dateModified\":\"2009-09-28T05:01:04+00:00\",\"mainEntityOfPage\":{\"@id\":\"https:\/\/www.pressenza.com\/es\/2009\/09\/cate-blanchett-y-andrew-upton-promocionan-la-marcha-mundial-por-la-paz-y-la-no-violencia\/\"},\"wordCount\":463,\"publisher\":{\"@id\":\"https:\/\/www.pressenza.com\/es\/#organization\"},\"articleSection\":[\"Cultura y Medios\",\"Internacional\",\"Oceania\"],\"inLanguage\":\"es\"},{\"@type\":\"WebPage\",\"@id\":\"https:\/\/www.pressenza.com\/es\/2009\/09\/cate-blanchett-y-andrew-upton-promocionan-la-marcha-mundial-por-la-paz-y-la-no-violencia\/\",\"url\":\"https:\/\/www.pressenza.com\/es\/2009\/09\/cate-blanchett-y-andrew-upton-promocionan-la-marcha-mundial-por-la-paz-y-la-no-violencia\/\",\"name\":\"Cate Blanchett y Andrew Upton promocionan la marcha mundial por la paz y la no violencia\",\"isPartOf\":{\"@id\":\"https:\/\/www.pressenza.com\/es\/#website\"},\"datePublished\":\"2009-09-21T00:00:00+00:00\",\"dateModified\":\"2009-09-28T05:01:04+00:00\",\"description\":\"Cate Blanchett y Andrew Upton se han unido a las cientos de voces destacadas de todo el mundo que apoyan la marcha mundial por la paz y la no violencia, un evento simb\u00f3lico a favor del desarme y la resoluci\u00f3n de conflictos de forma pac\u00edfica. \\\"Es ins\u00f3lito ver cu\u00e1nta es la gente que cree que la intervenci\u00f3n armada es la mejor soluci\u00f3n\\\"\",\"breadcrumb\":{\"@id\":\"https:\/\/www.pressenza.com\/es\/2009\/09\/cate-blanchett-y-andrew-upton-promocionan-la-marcha-mundial-por-la-paz-y-la-no-violencia\/#breadcrumb\"},\"inLanguage\":\"es\",\"potentialAction\":[{\"@type\":\"ReadAction\",\"target\":[\"https:\/\/www.pressenza.com\/es\/2009\/09\/cate-blanchett-y-andrew-upton-promocionan-la-marcha-mundial-por-la-paz-y-la-no-violencia\/\"]}]},{\"@type\":\"BreadcrumbList\",\"@id\":\"https:\/\/www.pressenza.com\/es\/2009\/09\/cate-blanchett-y-andrew-upton-promocionan-la-marcha-mundial-por-la-paz-y-la-no-violencia\/#breadcrumb\",\"itemListElement\":[{\"@type\":\"ListItem\",\"position\":1,\"name\":\"Accueil\",\"item\":\"https:\/\/www.pressenza.com\/es\/\"},{\"@type\":\"ListItem\",\"position\":2,\"name\":\"Cate Blanchett y Andrew Upton promocionan la marcha mundial por la paz y la no violencia\"}]},{\"@type\":\"WebSite\",\"@id\":\"https:\/\/www.pressenza.com\/es\/#website\",\"url\":\"https:\/\/www.pressenza.com\/es\/\",\"name\":\"Pressenza\",\"description\":\"International Press Agency\",\"publisher\":{\"@id\":\"https:\/\/www.pressenza.com\/es\/#organization\"},\"potentialAction\":[{\"@type\":\"SearchAction\",\"target\":{\"@type\":\"EntryPoint\",\"urlTemplate\":\"https:\/\/www.pressenza.com\/es\/?s={search_term_string}\"},\"query-input\":{\"@type\":\"PropertyValueSpecification\",\"valueRequired\":true,\"valueName\":\"search_term_string\"}}],\"inLanguage\":\"es\"},{\"@type\":\"Organization\",\"@id\":\"https:\/\/www.pressenza.com\/es\/#organization\",\"name\":\"Pressenza\",\"url\":\"https:\/\/www.pressenza.com\/es\/\",\"logo\":{\"@type\":\"ImageObject\",\"inLanguage\":\"es\",\"@id\":\"https:\/\/www.pressenza.com\/es\/#\/schema\/logo\/image\/\",\"url\":\"https:\/\/www.pressenza.com\/wp-content\/uploads\/2022\/10\/pressenza_logo_200x200.jpg\",\"contentUrl\":\"https:\/\/www.pressenza.com\/wp-content\/uploads\/2022\/10\/pressenza_logo_200x200.jpg\",\"width\":200,\"height\":200,\"caption\":\"Pressenza\"},\"image\":{\"@id\":\"https:\/\/www.pressenza.com\/es\/#\/schema\/logo\/image\/\"},\"sameAs\":[\"https:\/\/www.facebook.com\/PressenzaItalia\",\"https:\/\/x.com\/PressenzaIPA\"]},{\"@type\":\"Person\",\"@id\":\"https:\/\/www.pressenza.com\/es\/#\/schema\/person\/010e5d02bcf40965427a1289a4cc8d75\",\"name\":\"Pressenza IPA\",\"description\":\"News from Pressenza IPA correspondents\",\"sameAs\":[\"https:\/\/www.facebook.com\/pressenza\",\"https:\/\/x.com\/PressenzaIPA\"],\"url\":\"https:\/\/www.pressenza.com\/es\/author\/pressenza-ipa\/\"}]}<\/script>\n<!-- \/ Yoast SEO plugin. -->","yoast_head_json":{"title":"Cate Blanchett y Andrew Upton promocionan la marcha mundial por la paz y la no violencia","description":"Cate Blanchett y Andrew Upton se han unido a las cientos de voces destacadas de todo el mundo que apoyan la marcha mundial por la paz y la no violencia, un evento simb\u00f3lico a favor del desarme y la resoluci\u00f3n de conflictos de forma pac\u00edfica. \"Es ins\u00f3lito ver cu\u00e1nta es la gente que cree que la intervenci\u00f3n armada es la mejor soluci\u00f3n\"","robots":{"index":"index","follow":"follow","max-snippet":"max-snippet:-1","max-image-preview":"max-image-preview:large","max-video-preview":"max-video-preview:-1"},"canonical":"https:\/\/www.pressenza.com\/es\/2009\/09\/cate-blanchett-y-andrew-upton-promocionan-la-marcha-mundial-por-la-paz-y-la-no-violencia\/","og_locale":"es_ES","og_type":"article","og_title":"Cate Blanchett y Andrew Upton promocionan la marcha mundial por la paz y la no violencia","og_description":"Cate Blanchett y Andrew Upton se han unido a las cientos de voces destacadas de todo el mundo que apoyan la marcha mundial por la paz y la no violencia, un evento simb\u00f3lico a favor del desarme y la resoluci\u00f3n de conflictos de forma pac\u00edfica. \"Es ins\u00f3lito ver cu\u00e1nta es la gente que cree que la intervenci\u00f3n armada es la mejor soluci\u00f3n\"","og_url":"https:\/\/www.pressenza.com\/es\/2009\/09\/cate-blanchett-y-andrew-upton-promocionan-la-marcha-mundial-por-la-paz-y-la-no-violencia\/","og_site_name":"Pressenza","article_publisher":"https:\/\/www.facebook.com\/PressenzaItalia","article_author":"https:\/\/www.facebook.com\/pressenza","article_published_time":"2009-09-21T00:00:00+00:00","article_modified_time":"2009-09-28T05:01:04+00:00","author":"Pressenza IPA","twitter_card":"summary_large_image","twitter_creator":"@PressenzaIPA","twitter_site":"@PressenzaIPA","twitter_misc":{"Escrito por":"Pressenza IPA","Tiempo de lectura":"2 minutos"},"schema":{"@context":"https:\/\/schema.org","@graph":[{"@type":"Article","@id":"https:\/\/www.pressenza.com\/es\/2009\/09\/cate-blanchett-y-andrew-upton-promocionan-la-marcha-mundial-por-la-paz-y-la-no-violencia\/#article","isPartOf":{"@id":"https:\/\/www.pressenza.com\/es\/2009\/09\/cate-blanchett-y-andrew-upton-promocionan-la-marcha-mundial-por-la-paz-y-la-no-violencia\/"},"author":{"name":"Pressenza IPA","@id":"https:\/\/www.pressenza.com\/es\/#\/schema\/person\/010e5d02bcf40965427a1289a4cc8d75"},"headline":"Cate Blanchett y Andrew Upton promocionan la marcha mundial por la paz y la no violencia","datePublished":"2009-09-21T00:00:00+00:00","dateModified":"2009-09-28T05:01:04+00:00","mainEntityOfPage":{"@id":"https:\/\/www.pressenza.com\/es\/2009\/09\/cate-blanchett-y-andrew-upton-promocionan-la-marcha-mundial-por-la-paz-y-la-no-violencia\/"},"wordCount":463,"publisher":{"@id":"https:\/\/www.pressenza.com\/es\/#organization"},"articleSection":["Cultura y Medios","Internacional","Oceania"],"inLanguage":"es"},{"@type":"WebPage","@id":"https:\/\/www.pressenza.com\/es\/2009\/09\/cate-blanchett-y-andrew-upton-promocionan-la-marcha-mundial-por-la-paz-y-la-no-violencia\/","url":"https:\/\/www.pressenza.com\/es\/2009\/09\/cate-blanchett-y-andrew-upton-promocionan-la-marcha-mundial-por-la-paz-y-la-no-violencia\/","name":"Cate Blanchett y Andrew Upton promocionan la marcha mundial por la paz y la no violencia","isPartOf":{"@id":"https:\/\/www.pressenza.com\/es\/#website"},"datePublished":"2009-09-21T00:00:00+00:00","dateModified":"2009-09-28T05:01:04+00:00","description":"Cate Blanchett y Andrew Upton se han unido a las cientos de voces destacadas de todo el mundo que apoyan la marcha mundial por la paz y la no violencia, un evento simb\u00f3lico a favor del desarme y la resoluci\u00f3n de conflictos de forma pac\u00edfica. \"Es ins\u00f3lito ver cu\u00e1nta es la gente que cree que la intervenci\u00f3n armada es la mejor soluci\u00f3n\"","breadcrumb":{"@id":"https:\/\/www.pressenza.com\/es\/2009\/09\/cate-blanchett-y-andrew-upton-promocionan-la-marcha-mundial-por-la-paz-y-la-no-violencia\/#breadcrumb"},"inLanguage":"es","potentialAction":[{"@type":"ReadAction","target":["https:\/\/www.pressenza.com\/es\/2009\/09\/cate-blanchett-y-andrew-upton-promocionan-la-marcha-mundial-por-la-paz-y-la-no-violencia\/"]}]},{"@type":"BreadcrumbList","@id":"https:\/\/www.pressenza.com\/es\/2009\/09\/cate-blanchett-y-andrew-upton-promocionan-la-marcha-mundial-por-la-paz-y-la-no-violencia\/#breadcrumb","itemListElement":[{"@type":"ListItem","position":1,"name":"Accueil","item":"https:\/\/www.pressenza.com\/es\/"},{"@type":"ListItem","position":2,"name":"Cate Blanchett y Andrew Upton promocionan la marcha mundial por la paz y la no violencia"}]},{"@type":"WebSite","@id":"https:\/\/www.pressenza.com\/es\/#website","url":"https:\/\/www.pressenza.com\/es\/","name":"Pressenza","description":"International Press Agency","publisher":{"@id":"https:\/\/www.pressenza.com\/es\/#organization"},"potentialAction":[{"@type":"SearchAction","target":{"@type":"EntryPoint","urlTemplate":"https:\/\/www.pressenza.com\/es\/?s={search_term_string}"},"query-input":{"@type":"PropertyValueSpecification","valueRequired":true,"valueName":"search_term_string"}}],"inLanguage":"es"},{"@type":"Organization","@id":"https:\/\/www.pressenza.com\/es\/#organization","name":"Pressenza","url":"https:\/\/www.pressenza.com\/es\/","logo":{"@type":"ImageObject","inLanguage":"es","@id":"https:\/\/www.pressenza.com\/es\/#\/schema\/logo\/image\/","url":"https:\/\/www.pressenza.com\/wp-content\/uploads\/2022\/10\/pressenza_logo_200x200.jpg","contentUrl":"https:\/\/www.pressenza.com\/wp-content\/uploads\/2022\/10\/pressenza_logo_200x200.jpg","width":200,"height":200,"caption":"Pressenza"},"image":{"@id":"https:\/\/www.pressenza.com\/es\/#\/schema\/logo\/image\/"},"sameAs":["https:\/\/www.facebook.com\/PressenzaItalia","https:\/\/x.com\/PressenzaIPA"]},{"@type":"Person","@id":"https:\/\/www.pressenza.com\/es\/#\/schema\/person\/010e5d02bcf40965427a1289a4cc8d75","name":"Pressenza IPA","description":"News from Pressenza IPA correspondents","sameAs":["https:\/\/www.facebook.com\/pressenza","https:\/\/x.com\/PressenzaIPA"],"url":"https:\/\/www.pressenza.com\/es\/author\/pressenza-ipa\/"}]}},"place":"Sydney","original_article_url":"","_links":{"self":[{"href":"https:\/\/www.pressenza.com\/es\/wp-json\/wp\/v2\/posts\/1378","targetHints":{"allow":["GET"]}}],"collection":[{"href":"https:\/\/www.pressenza.com\/es\/wp-json\/wp\/v2\/posts"}],"about":[{"href":"https:\/\/www.pressenza.com\/es\/wp-json\/wp\/v2\/types\/post"}],"author":[{"embeddable":true,"href":"https:\/\/www.pressenza.com\/es\/wp-json\/wp\/v2\/users\/19"}],"replies":[{"embeddable":true,"href":"https:\/\/www.pressenza.com\/es\/wp-json\/wp\/v2\/comments?post=1378"}],"version-history":[{"count":0,"href":"https:\/\/www.pressenza.com\/es\/wp-json\/wp\/v2\/posts\/1378\/revisions"}],"wp:attachment":[{"href":"https:\/\/www.pressenza.com\/es\/wp-json\/wp\/v2\/media?parent=1378"}],"wp:term":[{"taxonomy":"category","embeddable":true,"href":"https:\/\/www.pressenza.com\/es\/wp-json\/wp\/v2\/categories?post=1378"},{"taxonomy":"post_tag","embeddable":true,"href":"https:\/\/www.pressenza.com\/es\/wp-json\/wp\/v2\/tags?post=1378"}],"curies":[{"name":"wp","href":"https:\/\/api.w.org\/{rel}","templated":true}]}}