{"id":1377185,"date":"2021-06-10T01:35:31","date_gmt":"2021-06-10T00:35:31","guid":{"rendered":"https:\/\/www.pressenza.com\/?p=1377185"},"modified":"2021-06-10T01:35:31","modified_gmt":"2021-06-10T00:35:31","slug":"chile-esperanzador-posicionamiento-de-la-voceria-de-los-pueblos-ante-la-convencion-constitucional","status":"publish","type":"post","link":"https:\/\/www.pressenza.com\/es\/2021\/06\/chile-esperanzador-posicionamiento-de-la-voceria-de-los-pueblos-ante-la-convencion-constitucional\/","title":{"rendered":"Chile: esperanzador posicionamiento de la Vocer\u00eda de los Pueblos ante la Convenci\u00f3n Constitucional"},"content":{"rendered":"<p>\u00abEl poder constituyente originario es un poder plenamente aut\u00f3nomo\u00bb, se\u00f1alaron en una declaraci\u00f3n p\u00fablica un grupo de 34 convencionales reci\u00e9n electos por la Lista del Pueblo, desde los esca\u00f1os reservados para pueblos originarios e independientes, que\u00a0 funcionar\u00e1n -seg\u00fan avisaron- como una bancada en el \u00f3rgano constituyente. \u00abLlamamos a hacer efectiva la soberan\u00eda popular de la Constituyente, expresada tanto en el reglamento como en las normativas que debe darse, sin subordinarnos a un Acuerdo por la Paz que nunca suscribieron los pueblos\u00bb, manifestaron.<\/p>\n<p>Los 34 constituyentes electos que se han articulado en la \u201cVocer\u00eda de los Pueblos\u201d, presentaron a trav\u00e9s de una conferencia de prensa realizada virtualmente 6 garant\u00edas democr\u00e1ticas para el desarrollo de la Convenci\u00f3n Constitucional, junto con se\u00f1alar que \u00e9sta no se debe regir por las normas emanadas del Acuerdo por la Paz y la Nueva Constituci\u00f3n firmado del 15 de noviembre de 2019.<\/p>\n<p>Dichas garant\u00edas democr\u00e1ticas ante la Convenci\u00f3n, son los principios de \u201clibertad, verdad y justicia, reparaci\u00f3n, desmilitarizaci\u00f3n, fin a las expulsiones y soberan\u00eda\u201d.<\/p>\n<p>Los 34 miembros de la \u00abVocer\u00eda de los Pueblos\u00bb representan el 21,94% de los constituyentes electos, es decir, algo m\u00e1s de un quinto del \u00f3rgano que comenzar\u00e1 a funcionar en un mes m\u00e1s.<\/p>\n<p>En su primera declaraci\u00f3n conjunta, indicaron que \u201clas condiciones para este nuevo ciclo han de marcar un quiebre con la continuidad de las violencias del Estado que hemos enfrentado\u201d. De momento en la \u00abVocer\u00eda de los Pueblos\u00bb no participa toda la Lista del Pueblo que est\u00e1 conformada por 27 convencionales electos, ya que solamente se han integrado quienes respondieron m\u00e1s r\u00e1pidamente a la organizaci\u00f3n posterior a las elecciones. Alondra Carrillo, constituyente electa por el Distrito 12, sostuvo que \u201cesta articulaci\u00f3n no est\u00e1 cerrada, est\u00e1n invitadas a sumarse todas aquellas que provienen de movimientos y luchas sociales y que responden a mandatos colectivos\u201d.<\/p>\n<p>En su declaraci\u00f3n, titulada \u201cVocer\u00eda de los pueblos de la revuelta popular constituyente\u201d, establecieron que \u201cel poder constituyente originario es un poder plenamente aut\u00f3nomo que se establece para reordenar el cuerpo pol\u00edtico de una sociedad, teniendo como l\u00edmites el respeto de los derechos fundamentales. En consecuencia, el proceso abierto por los pueblos no puede ser limitado a la redacci\u00f3n de una nueva Constituci\u00f3n bajo reglas inamovibles, sino que debe ser expresivo de la voluntad popular, reafirmando su car\u00e1cter constituyente sostenido en la amplia deliberaci\u00f3n popular y la movilizaci\u00f3n social dentro y fuera de la convenci\u00f3n\u201d.<\/p>\n<p>El documento adem\u00e1s hace un llamado a \u201chacer efectiva la soberan\u00eda popular de la constituyente, expresada tanto en el reglamento como en las normativas que debe darse, sin subordinarnos a un Acuerdo por la Paz que nunca suscribieron los pueblos. Lo afirmamos tambi\u00e9n respecto de toda la institucionalidad de nuestro pa\u00eds, que habr\u00e1 de someterse al fin a la deliberaci\u00f3n popular\u201d.<\/p>\n<p>&nbsp;<\/p>\n","protected":false},"excerpt":{"rendered":"<p>\u00abEl poder constituyente originario es un poder plenamente aut\u00f3nomo\u00bb, se\u00f1alaron en una declaraci\u00f3n p\u00fablica un grupo de 34 convencionales reci\u00e9n electos por la Lista del Pueblo, desde los esca\u00f1os reservados para pueblos originarios e independientes, que\u00a0 funcionar\u00e1n -seg\u00fan avisaron- como&hellip;<\/p>\n","protected":false},"author":43,"featured_media":1377186,"comment_status":"closed","ping_status":"closed","sticky":false,"template":"","format":"standard","meta":{"footnotes":""},"categories":[149,11389,74,67],"tags":[29,69401,91831],"class_list":["post-1377185","post","type-post","status-publish","format-standard","has-post-thumbnail","hentry","category-comunicados-de-prensa","category-contenido-original","category-politica-es","category-sudamerica","tag-chile","tag-convencion-constitucional","tag-voceria-de-los-pueblos"],"yoast_head":"<!-- This site is optimized with the Yoast SEO plugin v27.1.1 - https:\/\/yoast.com\/product\/yoast-seo-wordpress\/ -->\n<title>Chile: esperanzador posicionamiento de la Vocer\u00eda de los Pueblos ante la Convenci\u00f3n Constitucional<\/title>\n<meta name=\"description\" content=\"&quot;El poder constituyente originario es un poder plenamente aut\u00f3nomo&quot;, se\u00f1alaron en una declaraci\u00f3n p\u00fablica un grupo de 34 convencionales reci\u00e9n electos por\" \/>\n<meta name=\"robots\" content=\"index, follow, max-snippet:-1, max-image-preview:large, max-video-preview:-1\" \/>\n<link rel=\"canonical\" href=\"https:\/\/www.pressenza.com\/es\/2021\/06\/chile-esperanzador-posicionamiento-de-la-voceria-de-los-pueblos-ante-la-convencion-constitucional\/\" \/>\n<meta property=\"og:locale\" content=\"es_ES\" \/>\n<meta property=\"og:type\" content=\"article\" \/>\n<meta property=\"og:title\" content=\"Chile: esperanzador posicionamiento de la Vocer\u00eda de los Pueblos ante la Convenci\u00f3n Constitucional\" \/>\n<meta property=\"og:description\" content=\"&quot;El poder constituyente originario es un poder plenamente aut\u00f3nomo&quot;, se\u00f1alaron en una declaraci\u00f3n p\u00fablica un grupo de 34 convencionales reci\u00e9n electos por\" \/>\n<meta property=\"og:url\" content=\"https:\/\/www.pressenza.com\/es\/2021\/06\/chile-esperanzador-posicionamiento-de-la-voceria-de-los-pueblos-ante-la-convencion-constitucional\/\" \/>\n<meta property=\"og:site_name\" content=\"Pressenza\" \/>\n<meta property=\"article:publisher\" content=\"https:\/\/www.facebook.com\/PressenzaItalia\" \/>\n<meta property=\"article:author\" content=\"https:\/\/www.facebook.com\/pressenza\" \/>\n<meta property=\"article:published_time\" content=\"2021-06-10T00:35:31+00:00\" \/>\n<meta property=\"og:image\" content=\"https:\/\/www.pressenza.com\/wp-content\/uploads\/2021\/06\/Pronunciamiento-Voceria-de-los-Pueblos-1024x456-1.jpeg\" \/>\n\t<meta property=\"og:image:width\" content=\"1024\" \/>\n\t<meta property=\"og:image:height\" content=\"456\" \/>\n\t<meta property=\"og:image:type\" content=\"image\/jpeg\" \/>\n<meta name=\"author\" content=\"Redacci\u00f3n Chile\" \/>\n<meta name=\"twitter:card\" content=\"summary_large_image\" \/>\n<meta name=\"twitter:creator\" content=\"@pressenza\" \/>\n<meta name=\"twitter:site\" content=\"@PressenzaIPA\" \/>\n<meta name=\"twitter:label1\" content=\"Escrito por\" \/>\n\t<meta name=\"twitter:data1\" content=\"Redacci\u00f3n Chile\" \/>\n\t<meta name=\"twitter:label2\" content=\"Tiempo de lectura\" \/>\n\t<meta name=\"twitter:data2\" content=\"2 minutos\" \/>\n<script type=\"application\/ld+json\" class=\"yoast-schema-graph\">{\"@context\":\"https:\/\/schema.org\",\"@graph\":[{\"@type\":\"Article\",\"@id\":\"https:\/\/www.pressenza.com\/es\/2021\/06\/chile-esperanzador-posicionamiento-de-la-voceria-de-los-pueblos-ante-la-convencion-constitucional\/#article\",\"isPartOf\":{\"@id\":\"https:\/\/www.pressenza.com\/es\/2021\/06\/chile-esperanzador-posicionamiento-de-la-voceria-de-los-pueblos-ante-la-convencion-constitucional\/\"},\"author\":{\"name\":\"Redacci\u00f3n Chile\",\"@id\":\"https:\/\/www.pressenza.com\/es\/#\/schema\/person\/d7db40df35d6698ba69ba9ee260944ed\"},\"headline\":\"Chile: esperanzador posicionamiento de la Vocer\u00eda de los Pueblos ante la Convenci\u00f3n Constitucional\",\"datePublished\":\"2021-06-10T00:35:31+00:00\",\"mainEntityOfPage\":{\"@id\":\"https:\/\/www.pressenza.com\/es\/2021\/06\/chile-esperanzador-posicionamiento-de-la-voceria-de-los-pueblos-ante-la-convencion-constitucional\/\"},\"wordCount\":513,\"publisher\":{\"@id\":\"https:\/\/www.pressenza.com\/es\/#organization\"},\"image\":{\"@id\":\"https:\/\/www.pressenza.com\/es\/2021\/06\/chile-esperanzador-posicionamiento-de-la-voceria-de-los-pueblos-ante-la-convencion-constitucional\/#primaryimage\"},\"thumbnailUrl\":\"https:\/\/www.pressenza.com\/wp-content\/uploads\/2021\/06\/Pronunciamiento-Voceria-de-los-Pueblos-1024x456-1.jpeg\",\"keywords\":[\"Chile\",\"Convenci\u00f3n Constitucional\",\"Vocer\u00eda de los Pueblos\"],\"articleSection\":[\"Comunicados de Prensa\",\"Contenido Original\",\"Pol\u00edtica\",\"Sudam\u00e9rica\"],\"inLanguage\":\"es\"},{\"@type\":\"WebPage\",\"@id\":\"https:\/\/www.pressenza.com\/es\/2021\/06\/chile-esperanzador-posicionamiento-de-la-voceria-de-los-pueblos-ante-la-convencion-constitucional\/\",\"url\":\"https:\/\/www.pressenza.com\/es\/2021\/06\/chile-esperanzador-posicionamiento-de-la-voceria-de-los-pueblos-ante-la-convencion-constitucional\/\",\"name\":\"Chile: esperanzador posicionamiento de la Vocer\u00eda de los Pueblos ante la Convenci\u00f3n Constitucional\",\"isPartOf\":{\"@id\":\"https:\/\/www.pressenza.com\/es\/#website\"},\"primaryImageOfPage\":{\"@id\":\"https:\/\/www.pressenza.com\/es\/2021\/06\/chile-esperanzador-posicionamiento-de-la-voceria-de-los-pueblos-ante-la-convencion-constitucional\/#primaryimage\"},\"image\":{\"@id\":\"https:\/\/www.pressenza.com\/es\/2021\/06\/chile-esperanzador-posicionamiento-de-la-voceria-de-los-pueblos-ante-la-convencion-constitucional\/#primaryimage\"},\"thumbnailUrl\":\"https:\/\/www.pressenza.com\/wp-content\/uploads\/2021\/06\/Pronunciamiento-Voceria-de-los-Pueblos-1024x456-1.jpeg\",\"datePublished\":\"2021-06-10T00:35:31+00:00\",\"description\":\"\\\"El poder constituyente originario es un poder plenamente aut\u00f3nomo\\\", se\u00f1alaron en una declaraci\u00f3n p\u00fablica un grupo de 34 convencionales reci\u00e9n electos por\",\"breadcrumb\":{\"@id\":\"https:\/\/www.pressenza.com\/es\/2021\/06\/chile-esperanzador-posicionamiento-de-la-voceria-de-los-pueblos-ante-la-convencion-constitucional\/#breadcrumb\"},\"inLanguage\":\"es\",\"potentialAction\":[{\"@type\":\"ReadAction\",\"target\":[\"https:\/\/www.pressenza.com\/es\/2021\/06\/chile-esperanzador-posicionamiento-de-la-voceria-de-los-pueblos-ante-la-convencion-constitucional\/\"]}]},{\"@type\":\"ImageObject\",\"inLanguage\":\"es\",\"@id\":\"https:\/\/www.pressenza.com\/es\/2021\/06\/chile-esperanzador-posicionamiento-de-la-voceria-de-los-pueblos-ante-la-convencion-constitucional\/#primaryimage\",\"url\":\"https:\/\/www.pressenza.com\/wp-content\/uploads\/2021\/06\/Pronunciamiento-Voceria-de-los-Pueblos-1024x456-1.jpeg\",\"contentUrl\":\"https:\/\/www.pressenza.com\/wp-content\/uploads\/2021\/06\/Pronunciamiento-Voceria-de-los-Pueblos-1024x456-1.jpeg\",\"width\":1024,\"height\":456,\"caption\":\"El Desconcierto\"},{\"@type\":\"BreadcrumbList\",\"@id\":\"https:\/\/www.pressenza.com\/es\/2021\/06\/chile-esperanzador-posicionamiento-de-la-voceria-de-los-pueblos-ante-la-convencion-constitucional\/#breadcrumb\",\"itemListElement\":[{\"@type\":\"ListItem\",\"position\":1,\"name\":\"Accueil\",\"item\":\"https:\/\/www.pressenza.com\/es\/\"},{\"@type\":\"ListItem\",\"position\":2,\"name\":\"Chile: esperanzador posicionamiento de la Vocer\u00eda de los Pueblos ante la Convenci\u00f3n Constitucional\"}]},{\"@type\":\"WebSite\",\"@id\":\"https:\/\/www.pressenza.com\/es\/#website\",\"url\":\"https:\/\/www.pressenza.com\/es\/\",\"name\":\"Pressenza\",\"description\":\"International Press Agency\",\"publisher\":{\"@id\":\"https:\/\/www.pressenza.com\/es\/#organization\"},\"potentialAction\":[{\"@type\":\"SearchAction\",\"target\":{\"@type\":\"EntryPoint\",\"urlTemplate\":\"https:\/\/www.pressenza.com\/es\/?s={search_term_string}\"},\"query-input\":{\"@type\":\"PropertyValueSpecification\",\"valueRequired\":true,\"valueName\":\"search_term_string\"}}],\"inLanguage\":\"es\"},{\"@type\":\"Organization\",\"@id\":\"https:\/\/www.pressenza.com\/es\/#organization\",\"name\":\"Pressenza\",\"url\":\"https:\/\/www.pressenza.com\/es\/\",\"logo\":{\"@type\":\"ImageObject\",\"inLanguage\":\"es\",\"@id\":\"https:\/\/www.pressenza.com\/es\/#\/schema\/logo\/image\/\",\"url\":\"https:\/\/www.pressenza.com\/wp-content\/uploads\/2022\/10\/pressenza_logo_200x200.jpg\",\"contentUrl\":\"https:\/\/www.pressenza.com\/wp-content\/uploads\/2022\/10\/pressenza_logo_200x200.jpg\",\"width\":200,\"height\":200,\"caption\":\"Pressenza\"},\"image\":{\"@id\":\"https:\/\/www.pressenza.com\/es\/#\/schema\/logo\/image\/\"},\"sameAs\":[\"https:\/\/www.facebook.com\/PressenzaItalia\",\"https:\/\/x.com\/PressenzaIPA\"]},{\"@type\":\"Person\",\"@id\":\"https:\/\/www.pressenza.com\/es\/#\/schema\/person\/d7db40df35d6698ba69ba9ee260944ed\",\"name\":\"Redacci\u00f3n Chile\",\"description\":\"News from the Pressenza Bureau in Chile\",\"sameAs\":[\"https:\/\/www.facebook.com\/pressenza\",\"https:\/\/x.com\/pressenza\"],\"url\":\"https:\/\/www.pressenza.com\/es\/author\/redaccion-chile\/\"}]}<\/script>\n<!-- \/ Yoast SEO plugin. -->","yoast_head_json":{"title":"Chile: esperanzador posicionamiento de la Vocer\u00eda de los Pueblos ante la Convenci\u00f3n Constitucional","description":"\"El poder constituyente originario es un poder plenamente aut\u00f3nomo\", se\u00f1alaron en una declaraci\u00f3n p\u00fablica un grupo de 34 convencionales reci\u00e9n electos por","robots":{"index":"index","follow":"follow","max-snippet":"max-snippet:-1","max-image-preview":"max-image-preview:large","max-video-preview":"max-video-preview:-1"},"canonical":"https:\/\/www.pressenza.com\/es\/2021\/06\/chile-esperanzador-posicionamiento-de-la-voceria-de-los-pueblos-ante-la-convencion-constitucional\/","og_locale":"es_ES","og_type":"article","og_title":"Chile: esperanzador posicionamiento de la Vocer\u00eda de los Pueblos ante la Convenci\u00f3n Constitucional","og_description":"\"El poder constituyente originario es un poder plenamente aut\u00f3nomo\", se\u00f1alaron en una declaraci\u00f3n p\u00fablica un grupo de 34 convencionales reci\u00e9n electos por","og_url":"https:\/\/www.pressenza.com\/es\/2021\/06\/chile-esperanzador-posicionamiento-de-la-voceria-de-los-pueblos-ante-la-convencion-constitucional\/","og_site_name":"Pressenza","article_publisher":"https:\/\/www.facebook.com\/PressenzaItalia","article_author":"https:\/\/www.facebook.com\/pressenza","article_published_time":"2021-06-10T00:35:31+00:00","og_image":[{"width":1024,"height":456,"url":"https:\/\/www.pressenza.com\/wp-content\/uploads\/2021\/06\/Pronunciamiento-Voceria-de-los-Pueblos-1024x456-1.jpeg","type":"image\/jpeg"}],"author":"Redacci\u00f3n Chile","twitter_card":"summary_large_image","twitter_creator":"@pressenza","twitter_site":"@PressenzaIPA","twitter_misc":{"Escrito por":"Redacci\u00f3n Chile","Tiempo de lectura":"2 minutos"},"schema":{"@context":"https:\/\/schema.org","@graph":[{"@type":"Article","@id":"https:\/\/www.pressenza.com\/es\/2021\/06\/chile-esperanzador-posicionamiento-de-la-voceria-de-los-pueblos-ante-la-convencion-constitucional\/#article","isPartOf":{"@id":"https:\/\/www.pressenza.com\/es\/2021\/06\/chile-esperanzador-posicionamiento-de-la-voceria-de-los-pueblos-ante-la-convencion-constitucional\/"},"author":{"name":"Redacci\u00f3n Chile","@id":"https:\/\/www.pressenza.com\/es\/#\/schema\/person\/d7db40df35d6698ba69ba9ee260944ed"},"headline":"Chile: esperanzador posicionamiento de la Vocer\u00eda de los Pueblos ante la Convenci\u00f3n Constitucional","datePublished":"2021-06-10T00:35:31+00:00","mainEntityOfPage":{"@id":"https:\/\/www.pressenza.com\/es\/2021\/06\/chile-esperanzador-posicionamiento-de-la-voceria-de-los-pueblos-ante-la-convencion-constitucional\/"},"wordCount":513,"publisher":{"@id":"https:\/\/www.pressenza.com\/es\/#organization"},"image":{"@id":"https:\/\/www.pressenza.com\/es\/2021\/06\/chile-esperanzador-posicionamiento-de-la-voceria-de-los-pueblos-ante-la-convencion-constitucional\/#primaryimage"},"thumbnailUrl":"https:\/\/www.pressenza.com\/wp-content\/uploads\/2021\/06\/Pronunciamiento-Voceria-de-los-Pueblos-1024x456-1.jpeg","keywords":["Chile","Convenci\u00f3n Constitucional","Vocer\u00eda de los Pueblos"],"articleSection":["Comunicados de Prensa","Contenido Original","Pol\u00edtica","Sudam\u00e9rica"],"inLanguage":"es"},{"@type":"WebPage","@id":"https:\/\/www.pressenza.com\/es\/2021\/06\/chile-esperanzador-posicionamiento-de-la-voceria-de-los-pueblos-ante-la-convencion-constitucional\/","url":"https:\/\/www.pressenza.com\/es\/2021\/06\/chile-esperanzador-posicionamiento-de-la-voceria-de-los-pueblos-ante-la-convencion-constitucional\/","name":"Chile: esperanzador posicionamiento de la Vocer\u00eda de los Pueblos ante la Convenci\u00f3n Constitucional","isPartOf":{"@id":"https:\/\/www.pressenza.com\/es\/#website"},"primaryImageOfPage":{"@id":"https:\/\/www.pressenza.com\/es\/2021\/06\/chile-esperanzador-posicionamiento-de-la-voceria-de-los-pueblos-ante-la-convencion-constitucional\/#primaryimage"},"image":{"@id":"https:\/\/www.pressenza.com\/es\/2021\/06\/chile-esperanzador-posicionamiento-de-la-voceria-de-los-pueblos-ante-la-convencion-constitucional\/#primaryimage"},"thumbnailUrl":"https:\/\/www.pressenza.com\/wp-content\/uploads\/2021\/06\/Pronunciamiento-Voceria-de-los-Pueblos-1024x456-1.jpeg","datePublished":"2021-06-10T00:35:31+00:00","description":"\"El poder constituyente originario es un poder plenamente aut\u00f3nomo\", se\u00f1alaron en una declaraci\u00f3n p\u00fablica un grupo de 34 convencionales reci\u00e9n electos por","breadcrumb":{"@id":"https:\/\/www.pressenza.com\/es\/2021\/06\/chile-esperanzador-posicionamiento-de-la-voceria-de-los-pueblos-ante-la-convencion-constitucional\/#breadcrumb"},"inLanguage":"es","potentialAction":[{"@type":"ReadAction","target":["https:\/\/www.pressenza.com\/es\/2021\/06\/chile-esperanzador-posicionamiento-de-la-voceria-de-los-pueblos-ante-la-convencion-constitucional\/"]}]},{"@type":"ImageObject","inLanguage":"es","@id":"https:\/\/www.pressenza.com\/es\/2021\/06\/chile-esperanzador-posicionamiento-de-la-voceria-de-los-pueblos-ante-la-convencion-constitucional\/#primaryimage","url":"https:\/\/www.pressenza.com\/wp-content\/uploads\/2021\/06\/Pronunciamiento-Voceria-de-los-Pueblos-1024x456-1.jpeg","contentUrl":"https:\/\/www.pressenza.com\/wp-content\/uploads\/2021\/06\/Pronunciamiento-Voceria-de-los-Pueblos-1024x456-1.jpeg","width":1024,"height":456,"caption":"El Desconcierto"},{"@type":"BreadcrumbList","@id":"https:\/\/www.pressenza.com\/es\/2021\/06\/chile-esperanzador-posicionamiento-de-la-voceria-de-los-pueblos-ante-la-convencion-constitucional\/#breadcrumb","itemListElement":[{"@type":"ListItem","position":1,"name":"Accueil","item":"https:\/\/www.pressenza.com\/es\/"},{"@type":"ListItem","position":2,"name":"Chile: esperanzador posicionamiento de la Vocer\u00eda de los Pueblos ante la Convenci\u00f3n Constitucional"}]},{"@type":"WebSite","@id":"https:\/\/www.pressenza.com\/es\/#website","url":"https:\/\/www.pressenza.com\/es\/","name":"Pressenza","description":"International Press Agency","publisher":{"@id":"https:\/\/www.pressenza.com\/es\/#organization"},"potentialAction":[{"@type":"SearchAction","target":{"@type":"EntryPoint","urlTemplate":"https:\/\/www.pressenza.com\/es\/?s={search_term_string}"},"query-input":{"@type":"PropertyValueSpecification","valueRequired":true,"valueName":"search_term_string"}}],"inLanguage":"es"},{"@type":"Organization","@id":"https:\/\/www.pressenza.com\/es\/#organization","name":"Pressenza","url":"https:\/\/www.pressenza.com\/es\/","logo":{"@type":"ImageObject","inLanguage":"es","@id":"https:\/\/www.pressenza.com\/es\/#\/schema\/logo\/image\/","url":"https:\/\/www.pressenza.com\/wp-content\/uploads\/2022\/10\/pressenza_logo_200x200.jpg","contentUrl":"https:\/\/www.pressenza.com\/wp-content\/uploads\/2022\/10\/pressenza_logo_200x200.jpg","width":200,"height":200,"caption":"Pressenza"},"image":{"@id":"https:\/\/www.pressenza.com\/es\/#\/schema\/logo\/image\/"},"sameAs":["https:\/\/www.facebook.com\/PressenzaItalia","https:\/\/x.com\/PressenzaIPA"]},{"@type":"Person","@id":"https:\/\/www.pressenza.com\/es\/#\/schema\/person\/d7db40df35d6698ba69ba9ee260944ed","name":"Redacci\u00f3n Chile","description":"News from the Pressenza Bureau in Chile","sameAs":["https:\/\/www.facebook.com\/pressenza","https:\/\/x.com\/pressenza"],"url":"https:\/\/www.pressenza.com\/es\/author\/redaccion-chile\/"}]}},"place":"Santiago de Chile","original_article_url":"","_links":{"self":[{"href":"https:\/\/www.pressenza.com\/es\/wp-json\/wp\/v2\/posts\/1377185","targetHints":{"allow":["GET"]}}],"collection":[{"href":"https:\/\/www.pressenza.com\/es\/wp-json\/wp\/v2\/posts"}],"about":[{"href":"https:\/\/www.pressenza.com\/es\/wp-json\/wp\/v2\/types\/post"}],"author":[{"embeddable":true,"href":"https:\/\/www.pressenza.com\/es\/wp-json\/wp\/v2\/users\/43"}],"replies":[{"embeddable":true,"href":"https:\/\/www.pressenza.com\/es\/wp-json\/wp\/v2\/comments?post=1377185"}],"version-history":[{"count":0,"href":"https:\/\/www.pressenza.com\/es\/wp-json\/wp\/v2\/posts\/1377185\/revisions"}],"wp:featuredmedia":[{"embeddable":true,"href":"https:\/\/www.pressenza.com\/es\/wp-json\/wp\/v2\/media\/1377186"}],"wp:attachment":[{"href":"https:\/\/www.pressenza.com\/es\/wp-json\/wp\/v2\/media?parent=1377185"}],"wp:term":[{"taxonomy":"category","embeddable":true,"href":"https:\/\/www.pressenza.com\/es\/wp-json\/wp\/v2\/categories?post=1377185"},{"taxonomy":"post_tag","embeddable":true,"href":"https:\/\/www.pressenza.com\/es\/wp-json\/wp\/v2\/tags?post=1377185"}],"curies":[{"name":"wp","href":"https:\/\/api.w.org\/{rel}","templated":true}]}}