{"id":1375320,"date":"2021-06-06T15:17:18","date_gmt":"2021-06-06T14:17:18","guid":{"rendered":"https:\/\/www.pressenza.com\/?p=1375320"},"modified":"2021-06-06T15:17:18","modified_gmt":"2021-06-06T14:17:18","slug":"la-indignidad-de-la-derecha","status":"publish","type":"post","link":"https:\/\/www.pressenza.com\/es\/2021\/06\/la-indignidad-de-la-derecha\/","title":{"rendered":"La indignidad de la Derecha"},"content":{"rendered":"<p>En la antigua democracia chilena la relaci\u00f3n de los gobiernos y los partidos pol\u00edticos oficialistas era mucho m\u00e1s fluida y digna que hoy. Si bien el poder del Presidente de la Rep\u00fablica siempre fue muy vigoroso, las colectividades que lo apoyaban ten\u00edan mayor gravitaci\u00f3n en las decisiones gubernamentales, y en no pocas oportunidades los desacuerdos entre \u00e9stas y el Jefe de Estado conclu\u00edan en severas rupturas, como en la consecuente renuncia de los ministros de estado que militaban en las tiendas que entraban en contradicci\u00f3n con lo que implementaba La Moneda.<\/p>\n<p>De hecho, los programas de gobierno eran dise\u00f1ados por los partidos y, aunque los cuoteos y otras malas pr\u00e1cticas siempre existieron, estas agrupaciones nunca fueron tan avasalladas por los gobernantes como lo son ahora. No se habr\u00eda concebido entonces que las bancadas parlamentarias del oficialismo se enteraran de iniciativas importantes del Ejecutivo en la sede misma del Parlamento, sin que \u00e9stas se discutieran, primero, con las bancadas legislativas amigas.<\/p>\n<p>Ya se ve como ahora Sebasti\u00e1n Pi\u00f1era anuncia darle urgencia a un proyecto de ley sobre matrimonio igualitario pasando a llevar las profundas convicciones de no pocos parlamentarios de la derecha en un tema que compromete sus convicciones morales y religiosas. Esto ha provocado ciertamente las iras de varios pol\u00edticos, pero sin amenazar, como habr\u00eda ocurrido en el pasado, la continuidad de sus colectividades en las reparticiones de gobierno.<\/p>\n<p>Lo que vimos en la reciente cuenta presidencial ha dejado at\u00f3nita a toda la pol\u00edtica nacional. Cuando le restan pocos meses de gobierno, el actual Mandatario desaf\u00eda a sus partidos afines y anuncia una iniciativa ultra pol\u00e9mica y que, de paso, le trae tambi\u00e9n el severo cuestionamiento de las jerarqu\u00edas eclesi\u00e1sticas que, reiteradamente, vienen argumentando que el matrimonio solo puede ser entre un var\u00f3n y una mujer y no entre personas del mismo sexo. El cat\u00f3lico Mandatario se desmarca tambi\u00e9n de la voz de sus pastores y conf\u00eda ganar la aprobaci\u00f3n de los sectores m\u00e1s liberales del pa\u00eds que, aunque a rega\u00f1adientes, no han tenido m\u00e1s que aplaudir su decisi\u00f3n. Pero incluso desde la propia Democracia Cristiana es posible que haya legisladores que se opongan a su proyecto y en quienes todav\u00eda el orden episcopal ejerce influencia.<\/p>\n<p>Pi\u00f1era sabe que ya no est\u00e1 en edad ni en condiciones de volver a La Moneda, por lo que puede darse algunos lujos que, de paso, le permitan culminar su carrera pol\u00edtica con la aprobaci\u00f3n de algunos referentes que nunca abrigaron confianza en que un gobernante como \u00e9l se las jugara por una reforma tan audaz y desafiante del conservadurismo nacional. Es tan baja su popularidad que, en una de esas, el Mandatario conf\u00eda en retirarse a la vida privada y a sus negocios con un dejo de simpat\u00eda en sectores que se sienten discriminados por sus preferencias sexuales. Aunque, de todas maneras, se tratar\u00eda de una apuesta bastante incierta.<\/p>\n<p>Pese a la inmediata indignaci\u00f3n que caus\u00f3 su anuncio, no se aprecia hasta aqu\u00ed que desde ninguno de los partidos oficialistas se plantee la idea de retirarse del Gobierno, como sin duda hubiera ocurrido ante un desacuerdo tan relevante durante nuestra antigua era republicana. Un gesto de dignidad que no le ser\u00eda muy costoso, por lo dem\u00e1s, a los partidos de la derecha si se considera el alto nivel de desprestigio de la actual administraci\u00f3n y el escaso tiempo que le queda a estas colectividades para gozar de las prebendas que le otorgan los ministerios, las subsecretarias, las embajadas y otros cargo p\u00fablicos. Sin embargo, en un a\u00f1o electoral como el que vivimos, permanecer aferrado a las ubres del poder puede ser muy conveniente para los partidos por los recursos que siempre provee la administraci\u00f3n p\u00fablica. Adem\u00e1s de garantizarle a muchos militantes mantener sus cargos y estipendios hasta fin de a\u00f1o, cuando para todos lo m\u00e1s probable es que la derecha se despida por un buen tiempo de la Moneda a causa de la desastrosa administraci\u00f3n de Pi\u00f1era. Y cuando la Pandemia tambi\u00e9n de alguna forma ha golpeado tambi\u00e9n los bolsillos de la pol\u00edtica.<\/p>\n<p>Lo que ocurre tampoco es muy distinto de lo sucedido durante los gobiernos de la Concertaci\u00f3n y de la Nueva Mayor\u00eda en que varias veces se pens\u00f3 que algunos partidos se alejar\u00edan de La Moneda, pero finalmente prefirieron mantenerse a buen resguardo del Palacio Gubernamental, pese a que algunas de las decisiones oficiales realmente violentaban sus principios y compromisos\u00a0 electorales.<\/p>\n<p>No est\u00e1 dem\u00e1s consignar que el sector m\u00e1s afectado con la iniciativa del matrimonio igualitario es el de la candidatura presidencial de Joaqu\u00edn Lav\u00edn qui\u00e9n, como se sabe, es el primero de los precandidatos de la derecha que tom\u00f3 distancia de Pi\u00f1era y ha entrado en contradicci\u00f3n con \u00e9l en varias oportunidades. Para los otros tres ha sido menos traum\u00e1tica la decisi\u00f3n gubernamental, incluso a dos de \u00e9stos les ha permitido apelar a su esp\u00edritu liberal para diferenciarse del contrincante UDI y abrigar la idea de empatizar con los opositores del Gobierno. Fue tal el desagrado que le produjo a la bancada del Gremialismo este anuncio presidencial que varios de sus diputados salieron a proponer toda suerte de medidas de corte populista para encarar la pandemia y hacerle da\u00f1o a las arcas fiscales hasta ayer tan celosamente cauteladas por los mismos. Un puro acto de venganza, a no dudarlo, tanto que han superado con creces las exigencias opositoras en tal sentido.<\/p>\n<p>Lo que no se puede soslayar es que las relaciones entre Pi\u00f1era y la Derecha han sido siempre dif\u00edciles. Especialmente despu\u00e9s de su primera administraci\u00f3n en que para muchos \u00e9ste hab\u00eda realizado un gobierno de corte dem\u00f3crata cristiano y m\u00e1s \u201cizquierdizante\u201d que el de Ricardo Lagos a quien tanto temieron, pero del cual terminaron realmente encantados. Sin embargo, como la necesidad tiene cara de hereje, concluyeron por apoyarlo nuevamente, aunque fuera a rega\u00f1adientes. Seguramente por aquello que la derecha sabe muy bien: que las elecciones se ganan o se ganaban fundamentalmente con dinero. Lo que Pi\u00f1era m\u00e1s tiene.<\/p>\n<p>&nbsp;<\/p>\n","protected":false},"excerpt":{"rendered":"<p>En la antigua democracia chilena la relaci\u00f3n de los gobiernos y los partidos pol\u00edticos oficialistas era mucho m\u00e1s fluida y digna que hoy. Si bien el poder del Presidente de la Rep\u00fablica siempre fue muy vigoroso, las colectividades que lo&hellip;<\/p>\n","protected":false},"author":1739,"featured_media":1375323,"comment_status":"closed","ping_status":"closed","sticky":false,"template":"","format":"standard","meta":{"footnotes":""},"categories":[11389,161,74,67],"tags":[29,1376],"class_list":["post-1375320","post","type-post","status-publish","format-standard","has-post-thumbnail","hentry","category-contenido-original","category-opiniones","category-politica-es","category-sudamerica","tag-chile","tag-derecha"],"yoast_head":"<!-- This site is optimized with the Yoast SEO plugin v27.1.1 - https:\/\/yoast.com\/product\/yoast-seo-wordpress\/ -->\n<title>La indignidad de la Derecha<\/title>\n<meta name=\"description\" content=\"En la antigua democracia chilena la relaci\u00f3n de los gobiernos y los partidos pol\u00edticos oficialistas era mucho m\u00e1s fluida y digna que hoy. Si bien el poder\" \/>\n<meta name=\"robots\" content=\"index, follow, max-snippet:-1, max-image-preview:large, max-video-preview:-1\" \/>\n<link rel=\"canonical\" href=\"https:\/\/www.pressenza.com\/es\/2021\/06\/la-indignidad-de-la-derecha\/\" \/>\n<meta property=\"og:locale\" content=\"es_ES\" \/>\n<meta property=\"og:type\" content=\"article\" \/>\n<meta property=\"og:title\" content=\"La indignidad de la Derecha\" \/>\n<meta property=\"og:description\" content=\"En la antigua democracia chilena la relaci\u00f3n de los gobiernos y los partidos pol\u00edticos oficialistas era mucho m\u00e1s fluida y digna que hoy. Si bien el poder\" \/>\n<meta property=\"og:url\" content=\"https:\/\/www.pressenza.com\/es\/2021\/06\/la-indignidad-de-la-derecha\/\" \/>\n<meta property=\"og:site_name\" content=\"Pressenza\" \/>\n<meta property=\"article:publisher\" content=\"https:\/\/www.facebook.com\/PressenzaItalia\" \/>\n<meta property=\"article:published_time\" content=\"2021-06-06T14:17:18+00:00\" \/>\n<meta property=\"og:image\" content=\"https:\/\/www.pressenza.com\/wp-content\/uploads\/2021\/06\/msm6741_653x431.jpg\" \/>\n\t<meta property=\"og:image:width\" content=\"653\" \/>\n\t<meta property=\"og:image:height\" content=\"431\" \/>\n\t<meta property=\"og:image:type\" content=\"image\/jpeg\" \/>\n<meta name=\"author\" content=\"Juan Pablo C\u00e1rdenas\" \/>\n<meta name=\"twitter:card\" content=\"summary_large_image\" \/>\n<meta name=\"twitter:creator\" content=\"@PressenzaIPA\" \/>\n<meta name=\"twitter:site\" content=\"@PressenzaIPA\" \/>\n<meta name=\"twitter:label1\" content=\"Escrito por\" \/>\n\t<meta name=\"twitter:data1\" content=\"Juan Pablo C\u00e1rdenas\" \/>\n\t<meta name=\"twitter:label2\" content=\"Tiempo de lectura\" \/>\n\t<meta name=\"twitter:data2\" content=\"5 minutos\" \/>\n<script type=\"application\/ld+json\" class=\"yoast-schema-graph\">{\"@context\":\"https:\/\/schema.org\",\"@graph\":[{\"@type\":\"Article\",\"@id\":\"https:\/\/www.pressenza.com\/es\/2021\/06\/la-indignidad-de-la-derecha\/#article\",\"isPartOf\":{\"@id\":\"https:\/\/www.pressenza.com\/es\/2021\/06\/la-indignidad-de-la-derecha\/\"},\"author\":{\"name\":\"Juan Pablo C\u00e1rdenas\",\"@id\":\"https:\/\/www.pressenza.com\/es\/#\/schema\/person\/d72a7c8c014dcbfa2ef9e9976103ea0d\"},\"headline\":\"La indignidad de la Derecha\",\"datePublished\":\"2021-06-06T14:17:18+00:00\",\"mainEntityOfPage\":{\"@id\":\"https:\/\/www.pressenza.com\/es\/2021\/06\/la-indignidad-de-la-derecha\/\"},\"wordCount\":1074,\"publisher\":{\"@id\":\"https:\/\/www.pressenza.com\/es\/#organization\"},\"image\":{\"@id\":\"https:\/\/www.pressenza.com\/es\/2021\/06\/la-indignidad-de-la-derecha\/#primaryimage\"},\"thumbnailUrl\":\"https:\/\/www.pressenza.com\/wp-content\/uploads\/2021\/06\/msm6741_653x431.jpg\",\"keywords\":[\"Chile\",\"derecha\"],\"articleSection\":[\"Contenido Original\",\"Opiniones\",\"Pol\u00edtica\",\"Sudam\u00e9rica\"],\"inLanguage\":\"es\"},{\"@type\":\"WebPage\",\"@id\":\"https:\/\/www.pressenza.com\/es\/2021\/06\/la-indignidad-de-la-derecha\/\",\"url\":\"https:\/\/www.pressenza.com\/es\/2021\/06\/la-indignidad-de-la-derecha\/\",\"name\":\"La indignidad de la Derecha\",\"isPartOf\":{\"@id\":\"https:\/\/www.pressenza.com\/es\/#website\"},\"primaryImageOfPage\":{\"@id\":\"https:\/\/www.pressenza.com\/es\/2021\/06\/la-indignidad-de-la-derecha\/#primaryimage\"},\"image\":{\"@id\":\"https:\/\/www.pressenza.com\/es\/2021\/06\/la-indignidad-de-la-derecha\/#primaryimage\"},\"thumbnailUrl\":\"https:\/\/www.pressenza.com\/wp-content\/uploads\/2021\/06\/msm6741_653x431.jpg\",\"datePublished\":\"2021-06-06T14:17:18+00:00\",\"description\":\"En la antigua democracia chilena la relaci\u00f3n de los gobiernos y los partidos pol\u00edticos oficialistas era mucho m\u00e1s fluida y digna que hoy. Si bien el poder\",\"breadcrumb\":{\"@id\":\"https:\/\/www.pressenza.com\/es\/2021\/06\/la-indignidad-de-la-derecha\/#breadcrumb\"},\"inLanguage\":\"es\",\"potentialAction\":[{\"@type\":\"ReadAction\",\"target\":[\"https:\/\/www.pressenza.com\/es\/2021\/06\/la-indignidad-de-la-derecha\/\"]}]},{\"@type\":\"ImageObject\",\"inLanguage\":\"es\",\"@id\":\"https:\/\/www.pressenza.com\/es\/2021\/06\/la-indignidad-de-la-derecha\/#primaryimage\",\"url\":\"https:\/\/www.pressenza.com\/wp-content\/uploads\/2021\/06\/msm6741_653x431.jpg\",\"contentUrl\":\"https:\/\/www.pressenza.com\/wp-content\/uploads\/2021\/06\/msm6741_653x431.jpg\",\"width\":653,\"height\":431,\"caption\":\"www.presidencia.cl\"},{\"@type\":\"BreadcrumbList\",\"@id\":\"https:\/\/www.pressenza.com\/es\/2021\/06\/la-indignidad-de-la-derecha\/#breadcrumb\",\"itemListElement\":[{\"@type\":\"ListItem\",\"position\":1,\"name\":\"Accueil\",\"item\":\"https:\/\/www.pressenza.com\/es\/\"},{\"@type\":\"ListItem\",\"position\":2,\"name\":\"La indignidad de la Derecha\"}]},{\"@type\":\"WebSite\",\"@id\":\"https:\/\/www.pressenza.com\/es\/#website\",\"url\":\"https:\/\/www.pressenza.com\/es\/\",\"name\":\"Pressenza\",\"description\":\"International Press Agency\",\"publisher\":{\"@id\":\"https:\/\/www.pressenza.com\/es\/#organization\"},\"potentialAction\":[{\"@type\":\"SearchAction\",\"target\":{\"@type\":\"EntryPoint\",\"urlTemplate\":\"https:\/\/www.pressenza.com\/es\/?s={search_term_string}\"},\"query-input\":{\"@type\":\"PropertyValueSpecification\",\"valueRequired\":true,\"valueName\":\"search_term_string\"}}],\"inLanguage\":\"es\"},{\"@type\":\"Organization\",\"@id\":\"https:\/\/www.pressenza.com\/es\/#organization\",\"name\":\"Pressenza\",\"url\":\"https:\/\/www.pressenza.com\/es\/\",\"logo\":{\"@type\":\"ImageObject\",\"inLanguage\":\"es\",\"@id\":\"https:\/\/www.pressenza.com\/es\/#\/schema\/logo\/image\/\",\"url\":\"https:\/\/www.pressenza.com\/wp-content\/uploads\/2022\/10\/pressenza_logo_200x200.jpg\",\"contentUrl\":\"https:\/\/www.pressenza.com\/wp-content\/uploads\/2022\/10\/pressenza_logo_200x200.jpg\",\"width\":200,\"height\":200,\"caption\":\"Pressenza\"},\"image\":{\"@id\":\"https:\/\/www.pressenza.com\/es\/#\/schema\/logo\/image\/\"},\"sameAs\":[\"https:\/\/www.facebook.com\/PressenzaItalia\",\"https:\/\/x.com\/PressenzaIPA\"]},{\"@type\":\"Person\",\"@id\":\"https:\/\/www.pressenza.com\/es\/#\/schema\/person\/d72a7c8c014dcbfa2ef9e9976103ea0d\",\"name\":\"Juan Pablo C\u00e1rdenas\",\"description\":\"Juan Pablo C\u00e1rdenas Squella es un periodista y profesor universitario de vasta trayectoria. En el 2005 recibi\u00f3 en premio nacional de Periodismo y, antes, la Pluma de Oro de la Libertad, otorgada por la Federaci\u00f3n Mundial de la Prensa. Tambi\u00e9n obtuvo el Premio Latinoamericano de Periodismo, la Houten Camara de Holanda (1989) entre otras m\u00faltiples distinciones nacionales y extranjeras. Forma parte de los sesenta periodistas del mundo considerados H\u00e9roes de la Libertad de Expresi\u00f3n, reconocimiento hecho por la Federaci\u00f3n Internacional de Periodistas. Ha sido director y columnista de las revistas Debate Universitario, An\u00e1lisis y Los Tiempos, as\u00ed como del diario electr\u00f3nico primeral\u00ednea.cl. Tambi\u00e9n fue por m\u00e1s 18 a\u00f1os director de la Radio Universidad de Chile y de su diario digital. Se ha desempe\u00f1ado como profesor de varias escuelas de periodismo de Santiago y Valpara\u00edso y en la Universidad de Chile alcanz\u00f3 el grado de profesor titular y senador universitario.\",\"url\":\"https:\/\/www.pressenza.com\/es\/author\/juan-pablo-cardenas\/\"}]}<\/script>\n<!-- \/ Yoast SEO plugin. -->","yoast_head_json":{"title":"La indignidad de la Derecha","description":"En la antigua democracia chilena la relaci\u00f3n de los gobiernos y los partidos pol\u00edticos oficialistas era mucho m\u00e1s fluida y digna que hoy. Si bien el poder","robots":{"index":"index","follow":"follow","max-snippet":"max-snippet:-1","max-image-preview":"max-image-preview:large","max-video-preview":"max-video-preview:-1"},"canonical":"https:\/\/www.pressenza.com\/es\/2021\/06\/la-indignidad-de-la-derecha\/","og_locale":"es_ES","og_type":"article","og_title":"La indignidad de la Derecha","og_description":"En la antigua democracia chilena la relaci\u00f3n de los gobiernos y los partidos pol\u00edticos oficialistas era mucho m\u00e1s fluida y digna que hoy. Si bien el poder","og_url":"https:\/\/www.pressenza.com\/es\/2021\/06\/la-indignidad-de-la-derecha\/","og_site_name":"Pressenza","article_publisher":"https:\/\/www.facebook.com\/PressenzaItalia","article_published_time":"2021-06-06T14:17:18+00:00","og_image":[{"width":653,"height":431,"url":"https:\/\/www.pressenza.com\/wp-content\/uploads\/2021\/06\/msm6741_653x431.jpg","type":"image\/jpeg"}],"author":"Juan Pablo C\u00e1rdenas","twitter_card":"summary_large_image","twitter_creator":"@PressenzaIPA","twitter_site":"@PressenzaIPA","twitter_misc":{"Escrito por":"Juan Pablo C\u00e1rdenas","Tiempo de lectura":"5 minutos"},"schema":{"@context":"https:\/\/schema.org","@graph":[{"@type":"Article","@id":"https:\/\/www.pressenza.com\/es\/2021\/06\/la-indignidad-de-la-derecha\/#article","isPartOf":{"@id":"https:\/\/www.pressenza.com\/es\/2021\/06\/la-indignidad-de-la-derecha\/"},"author":{"name":"Juan Pablo C\u00e1rdenas","@id":"https:\/\/www.pressenza.com\/es\/#\/schema\/person\/d72a7c8c014dcbfa2ef9e9976103ea0d"},"headline":"La indignidad de la Derecha","datePublished":"2021-06-06T14:17:18+00:00","mainEntityOfPage":{"@id":"https:\/\/www.pressenza.com\/es\/2021\/06\/la-indignidad-de-la-derecha\/"},"wordCount":1074,"publisher":{"@id":"https:\/\/www.pressenza.com\/es\/#organization"},"image":{"@id":"https:\/\/www.pressenza.com\/es\/2021\/06\/la-indignidad-de-la-derecha\/#primaryimage"},"thumbnailUrl":"https:\/\/www.pressenza.com\/wp-content\/uploads\/2021\/06\/msm6741_653x431.jpg","keywords":["Chile","derecha"],"articleSection":["Contenido Original","Opiniones","Pol\u00edtica","Sudam\u00e9rica"],"inLanguage":"es"},{"@type":"WebPage","@id":"https:\/\/www.pressenza.com\/es\/2021\/06\/la-indignidad-de-la-derecha\/","url":"https:\/\/www.pressenza.com\/es\/2021\/06\/la-indignidad-de-la-derecha\/","name":"La indignidad de la Derecha","isPartOf":{"@id":"https:\/\/www.pressenza.com\/es\/#website"},"primaryImageOfPage":{"@id":"https:\/\/www.pressenza.com\/es\/2021\/06\/la-indignidad-de-la-derecha\/#primaryimage"},"image":{"@id":"https:\/\/www.pressenza.com\/es\/2021\/06\/la-indignidad-de-la-derecha\/#primaryimage"},"thumbnailUrl":"https:\/\/www.pressenza.com\/wp-content\/uploads\/2021\/06\/msm6741_653x431.jpg","datePublished":"2021-06-06T14:17:18+00:00","description":"En la antigua democracia chilena la relaci\u00f3n de los gobiernos y los partidos pol\u00edticos oficialistas era mucho m\u00e1s fluida y digna que hoy. Si bien el poder","breadcrumb":{"@id":"https:\/\/www.pressenza.com\/es\/2021\/06\/la-indignidad-de-la-derecha\/#breadcrumb"},"inLanguage":"es","potentialAction":[{"@type":"ReadAction","target":["https:\/\/www.pressenza.com\/es\/2021\/06\/la-indignidad-de-la-derecha\/"]}]},{"@type":"ImageObject","inLanguage":"es","@id":"https:\/\/www.pressenza.com\/es\/2021\/06\/la-indignidad-de-la-derecha\/#primaryimage","url":"https:\/\/www.pressenza.com\/wp-content\/uploads\/2021\/06\/msm6741_653x431.jpg","contentUrl":"https:\/\/www.pressenza.com\/wp-content\/uploads\/2021\/06\/msm6741_653x431.jpg","width":653,"height":431,"caption":"www.presidencia.cl"},{"@type":"BreadcrumbList","@id":"https:\/\/www.pressenza.com\/es\/2021\/06\/la-indignidad-de-la-derecha\/#breadcrumb","itemListElement":[{"@type":"ListItem","position":1,"name":"Accueil","item":"https:\/\/www.pressenza.com\/es\/"},{"@type":"ListItem","position":2,"name":"La indignidad de la Derecha"}]},{"@type":"WebSite","@id":"https:\/\/www.pressenza.com\/es\/#website","url":"https:\/\/www.pressenza.com\/es\/","name":"Pressenza","description":"International Press Agency","publisher":{"@id":"https:\/\/www.pressenza.com\/es\/#organization"},"potentialAction":[{"@type":"SearchAction","target":{"@type":"EntryPoint","urlTemplate":"https:\/\/www.pressenza.com\/es\/?s={search_term_string}"},"query-input":{"@type":"PropertyValueSpecification","valueRequired":true,"valueName":"search_term_string"}}],"inLanguage":"es"},{"@type":"Organization","@id":"https:\/\/www.pressenza.com\/es\/#organization","name":"Pressenza","url":"https:\/\/www.pressenza.com\/es\/","logo":{"@type":"ImageObject","inLanguage":"es","@id":"https:\/\/www.pressenza.com\/es\/#\/schema\/logo\/image\/","url":"https:\/\/www.pressenza.com\/wp-content\/uploads\/2022\/10\/pressenza_logo_200x200.jpg","contentUrl":"https:\/\/www.pressenza.com\/wp-content\/uploads\/2022\/10\/pressenza_logo_200x200.jpg","width":200,"height":200,"caption":"Pressenza"},"image":{"@id":"https:\/\/www.pressenza.com\/es\/#\/schema\/logo\/image\/"},"sameAs":["https:\/\/www.facebook.com\/PressenzaItalia","https:\/\/x.com\/PressenzaIPA"]},{"@type":"Person","@id":"https:\/\/www.pressenza.com\/es\/#\/schema\/person\/d72a7c8c014dcbfa2ef9e9976103ea0d","name":"Juan Pablo C\u00e1rdenas","description":"Juan Pablo C\u00e1rdenas Squella es un periodista y profesor universitario de vasta trayectoria. En el 2005 recibi\u00f3 en premio nacional de Periodismo y, antes, la Pluma de Oro de la Libertad, otorgada por la Federaci\u00f3n Mundial de la Prensa. Tambi\u00e9n obtuvo el Premio Latinoamericano de Periodismo, la Houten Camara de Holanda (1989) entre otras m\u00faltiples distinciones nacionales y extranjeras. Forma parte de los sesenta periodistas del mundo considerados H\u00e9roes de la Libertad de Expresi\u00f3n, reconocimiento hecho por la Federaci\u00f3n Internacional de Periodistas. Ha sido director y columnista de las revistas Debate Universitario, An\u00e1lisis y Los Tiempos, as\u00ed como del diario electr\u00f3nico primeral\u00ednea.cl. Tambi\u00e9n fue por m\u00e1s 18 a\u00f1os director de la Radio Universidad de Chile y de su diario digital. Se ha desempe\u00f1ado como profesor de varias escuelas de periodismo de Santiago y Valpara\u00edso y en la Universidad de Chile alcanz\u00f3 el grado de profesor titular y senador universitario.","url":"https:\/\/www.pressenza.com\/es\/author\/juan-pablo-cardenas\/"}]}},"place":"Santiago de Chile","original_article_url":"","_links":{"self":[{"href":"https:\/\/www.pressenza.com\/es\/wp-json\/wp\/v2\/posts\/1375320","targetHints":{"allow":["GET"]}}],"collection":[{"href":"https:\/\/www.pressenza.com\/es\/wp-json\/wp\/v2\/posts"}],"about":[{"href":"https:\/\/www.pressenza.com\/es\/wp-json\/wp\/v2\/types\/post"}],"author":[{"embeddable":true,"href":"https:\/\/www.pressenza.com\/es\/wp-json\/wp\/v2\/users\/1739"}],"replies":[{"embeddable":true,"href":"https:\/\/www.pressenza.com\/es\/wp-json\/wp\/v2\/comments?post=1375320"}],"version-history":[{"count":0,"href":"https:\/\/www.pressenza.com\/es\/wp-json\/wp\/v2\/posts\/1375320\/revisions"}],"wp:featuredmedia":[{"embeddable":true,"href":"https:\/\/www.pressenza.com\/es\/wp-json\/wp\/v2\/media\/1375323"}],"wp:attachment":[{"href":"https:\/\/www.pressenza.com\/es\/wp-json\/wp\/v2\/media?parent=1375320"}],"wp:term":[{"taxonomy":"category","embeddable":true,"href":"https:\/\/www.pressenza.com\/es\/wp-json\/wp\/v2\/categories?post=1375320"},{"taxonomy":"post_tag","embeddable":true,"href":"https:\/\/www.pressenza.com\/es\/wp-json\/wp\/v2\/tags?post=1375320"}],"curies":[{"name":"wp","href":"https:\/\/api.w.org\/{rel}","templated":true}]}}