{"id":1373082,"date":"2021-06-02T22:56:26","date_gmt":"2021-06-02T21:56:26","guid":{"rendered":"https:\/\/www.pressenza.com\/?p=1373082"},"modified":"2021-06-03T06:02:08","modified_gmt":"2021-06-03T05:02:08","slug":"el-acoso-de-marruecos-al-presidente-saharaui-brahim-gali","status":"publish","type":"post","link":"https:\/\/www.pressenza.com\/es\/2021\/06\/el-acoso-de-marruecos-al-presidente-saharaui-brahim-gali\/","title":{"rendered":"El acoso de Marruecos al Presidente saharaui Brahim Gali"},"content":{"rendered":"<p>La crisis fronteriza entre Marruecos y Espa\u00f1a en Ceuta y Melilla, presentando al presidente saharaui Brahim Gali como culpable, por su ingreso en un hospital de Logro\u00f1o (Espa\u00f1a) convaleciente de covid-19, es un hecho sin precedentes en las relaciones internacionales entre dos estados. El presidente saharaui lleg\u00f3 a Espa\u00f1a el 19 de abril en un avi\u00f3n argelino al aeropuerto de Zaragoza, fue trasladado a un lugar tranquilo y seguro para su tratamiento. Este hecho no puede enfadar a ning\u00fan pa\u00eds, ni puede ser la raz\u00f3n para arrojar a miles de menores a la playa de Ceuta. Tampoco debe ser utilizado como medida de presi\u00f3n en el tema la inmigraci\u00f3n contra Espa\u00f1a y la Uni\u00f3n Europea.<\/p>\n<p>Marruecos se equivoca con sus vecinos al buscar desafiarlos de esa manera. Es bien conocida la cumbre de la Uni\u00f3n Africana del a\u00f1o 2017 en la que estuvo el presidente Gali con Mohamed VI en Abiy\u00e1n junto a Mariano Rajoy. Es conocida la foto de Felipe VI, Brahim Gali y el primer ministro marroqu\u00ed Saadeddine El Othmani en la toma de posesi\u00f3n del presidente de Panam\u00e1 Laurento Cortizo en el a\u00f1o 2019.<\/p>\n<p>\u00bfQu\u00e9 ha cambiado para que Marruecos emprenda una pol\u00edtica de agresi\u00f3n y desaf\u00edo hacia Espa\u00f1a y la Uni\u00f3n Europea?. Es bien sabido que en toda \u00c1frica el pa\u00eds que goza del Estatuto Avanzado con ventajas comerciales y pol\u00edticas de control de fronteras es Marruecos. Nadie tiene la culpa que aun en el Sahara Occidental, los saharauis sigan reclamando un refer\u00e9ndum de autodeterminaci\u00f3n desde el a\u00f1o 1991, a\u00f1o en que se firm\u00f3 un acuerdo de paz bajo el mandato de las Naciones Unidas. Sin embargo, Marruecos se niega a la celebraci\u00f3n de dicha consulta y reclama la soberan\u00eda sobre un territorio no aut\u00f3nomo pendiente de descolonizaci\u00f3n, reprimiendo a su pueblo e inmerso en una guerra abierta con el Frente Polisario, desde el pasado 13 de noviembre cuando viol\u00f3 el acuerdo de paz invadiendo la zona del Guerguerat.<\/p>\n<p>Esta peligrosa deriva se ha visto alimentada con la decisi\u00f3n de Trump en violaci\u00f3n del derecho internacional al reconocer su supuesta soberan\u00eda sobre el territorio saharaui. Brahim Gali es el presidente de la Rep\u00fablica Saharaui, pa\u00eds reconocido por la Uni\u00f3n Africana y por m\u00e1s de 80 naciones. Espa\u00f1a en una decisi\u00f3n soberna tiene el derecho de acoger a cualquier persona en su territorio que necesite de atenci\u00f3n m\u00e9dica. El presentar como excusa la presencia de Gali en territorio espa\u00f1ol como un acto de enemistad y actuar en consecuencia invadiendo la ciudad de Ceuta con menores no acompa\u00f1ados, es un acto inhumano.<\/p>\n<p>El presidente saharaui goza de inmunidad diplom\u00e1tica y es el secretario general del Frente Polisario organizaci\u00f3n reconocida por Espa\u00f1a y las Naciones Unidas. No se entiende esta actitud de acoso y derivo, hacia el l\u00edder del pueblo saharaui. Cuando intentan acusarlo a trav\u00e9s de un auto judicial archivado y sin fundamentos de cr\u00edmenes de lesa humanidad. No hay mayor crimen que el bombardeo de Umdraiga y la ocupaci\u00f3n militar del Sahara Occidental. Los cientos de fusilados con DNI espa\u00f1ol cuyos restos encontr\u00f3 el doctor Martin Beristain y el forense Paco Etxeberria cerca del Muro de la Verg\u00fcenza que divide el Sahara Occidental.<\/p>\n<p>El auto del juez Ruz con fecha del 9 de abril de 2015 que condena a 11 militares marroqu\u00edes por genocidio en el Sahara Occidental es una prueba irrefutable. Ning\u00fan pa\u00eds que usa a sus menores como arma de presi\u00f3n pol\u00edtica merece un trato digno de parte de sus vecinos. Primero hay que crear una justicia para los millones de marroqu\u00edes y tratarlos con dignidad. Esa es la asignatura pendiente de un pa\u00eds que act\u00faa en contra de sus ciudadanos y sus vecinos.<\/p>\n<p>Brahim Gali es un hombre de una trayectoria reconocida ante su pueblo, fue el primer secretario general del Frente Polisario, ha sido embajador en Argelia, representante ante Espa\u00f1a y ministro de defensa. Desde que asumi\u00f3 el cargo de presidente en el a\u00f1o 2016 ha luchado por una soluci\u00f3n democr\u00e1tica y pacifica al conflicto del Sahara Occidental. Crear un problema sobre su acogida y tratamiento es un acto pusil\u00e1nime que responde a un oportunismo bien calculado que nos ha recordado la embajadora marroqu\u00ed la se\u00f1ora Karima Benyaich, cuando se refiri\u00f3 al l\u00edder saharaui y pidi\u00f3 que fuera interpelado por la justicia espa\u00f1ola antes de su posible salida.<\/p>\n<p>Las violaciones de los derechos humanos en el Sahara Occidental tienen un rostro femenino en la figura de la activista Sultana Jaya, lleva varios meses bajo arresto domiciliario. Ha sido violada en el interior de su domicilio junto con su hermana Ouaara en la ciudad saharaui de Bojador por parte de la polic\u00eda marroqu\u00ed. Eso deber\u00eda denunciar la embajadora de Marruecos y sobre todo pedir que los menores vivan dignamente en su pa\u00eds como ciudadanos libres.<\/p>\n<p>Un pa\u00eds que no permite la observaci\u00f3n de los derechos humanos en un territorio ocupado como el Sahara Occidental y ha expulsado a cientos de parlamentarios europeos, no puede dar lecciones de humanidad de ning\u00fan tipo. El<\/p>\n","protected":false},"excerpt":{"rendered":"<p>La crisis fronteriza entre Marruecos y Espa\u00f1a en Ceuta y Melilla, presentando al presidente saharaui Brahim Gali como culpable, por su ingreso en un hospital de Logro\u00f1o (Espa\u00f1a) convaleciente de covid-19, es un hecho sin precedentes en las relaciones internacionales&hellip;<\/p>\n","protected":false},"author":1853,"featured_media":1373083,"comment_status":"closed","ping_status":"closed","sticky":false,"template":"","format":"standard","meta":{"footnotes":""},"categories":[64,11389,79,66],"tags":[91589,73757,91588,1065,19317,9024,54175,2867,18695],"class_list":["post-1373082","post","type-post","status-publish","format-standard","has-post-thumbnail","hentry","category-africa-es","category-contenido-original","category-derechos-humanos","category-europa-es","tag-brahim-gali-es","tag-covid-19-pandemia","tag-derecho-de-autodeterminacion","tag-espana","tag-frente-polisario","tag-marruecos","tag-migrantes-es","tag-referendum-es","tag-sahara-occidental"],"yoast_head":"<!-- This site is optimized with the Yoast SEO plugin v27.1.1 - https:\/\/yoast.com\/product\/yoast-seo-wordpress\/ -->\n<title>El acoso de Marruecos al Presidente saharaui Brahim Gali<\/title>\n<meta name=\"description\" content=\"La crisis fronteriza entre Marruecos y Espa\u00f1a en Ceuta y Melilla, presentando al presidente saharaui Brahim Gali como culpable, por su ingreso en un\" \/>\n<meta name=\"robots\" content=\"index, follow, max-snippet:-1, max-image-preview:large, max-video-preview:-1\" \/>\n<link rel=\"canonical\" href=\"https:\/\/www.pressenza.com\/es\/2021\/06\/el-acoso-de-marruecos-al-presidente-saharaui-brahim-gali\/\" \/>\n<meta property=\"og:locale\" content=\"es_ES\" \/>\n<meta property=\"og:type\" content=\"article\" \/>\n<meta property=\"og:title\" content=\"El acoso de Marruecos al Presidente saharaui Brahim Gali\" \/>\n<meta property=\"og:description\" content=\"La crisis fronteriza entre Marruecos y Espa\u00f1a en Ceuta y Melilla, presentando al presidente saharaui Brahim Gali como culpable, por su ingreso en un\" \/>\n<meta property=\"og:url\" content=\"https:\/\/www.pressenza.com\/es\/2021\/06\/el-acoso-de-marruecos-al-presidente-saharaui-brahim-gali\/\" \/>\n<meta property=\"og:site_name\" content=\"Pressenza\" \/>\n<meta property=\"article:publisher\" content=\"https:\/\/www.facebook.com\/PressenzaItalia\" \/>\n<meta property=\"article:published_time\" content=\"2021-06-02T21:56:26+00:00\" \/>\n<meta property=\"article:modified_time\" content=\"2021-06-03T05:02:08+00:00\" \/>\n<meta property=\"og:image\" content=\"https:\/\/www.pressenza.com\/wp-content\/uploads\/2021\/06\/BRAHI-GHALI.jpg\" \/>\n\t<meta property=\"og:image:width\" content=\"640\" \/>\n\t<meta property=\"og:image:height\" content=\"360\" \/>\n\t<meta property=\"og:image:type\" content=\"image\/jpeg\" \/>\n<meta name=\"author\" content=\"Ali Salem Iselmu Abderrahaman\" \/>\n<meta name=\"twitter:card\" content=\"summary_large_image\" \/>\n<meta name=\"twitter:creator\" content=\"@PressenzaIPA\" \/>\n<meta name=\"twitter:site\" content=\"@PressenzaIPA\" \/>\n<meta name=\"twitter:label1\" content=\"Escrito por\" \/>\n\t<meta name=\"twitter:data1\" content=\"Ali Salem Iselmu Abderrahaman\" \/>\n\t<meta name=\"twitter:label2\" content=\"Tiempo de lectura\" \/>\n\t<meta name=\"twitter:data2\" content=\"4 minutos\" \/>\n<script type=\"application\/ld+json\" class=\"yoast-schema-graph\">{\"@context\":\"https:\/\/schema.org\",\"@graph\":[{\"@type\":\"Article\",\"@id\":\"https:\/\/www.pressenza.com\/es\/2021\/06\/el-acoso-de-marruecos-al-presidente-saharaui-brahim-gali\/#article\",\"isPartOf\":{\"@id\":\"https:\/\/www.pressenza.com\/es\/2021\/06\/el-acoso-de-marruecos-al-presidente-saharaui-brahim-gali\/\"},\"author\":{\"name\":\"Ali Salem Iselmu Abderrahaman\",\"@id\":\"https:\/\/www.pressenza.com\/es\/#\/schema\/person\/8500871f95426c01c06fe96a65d10190\"},\"headline\":\"El acoso de Marruecos al Presidente saharaui Brahim Gali\",\"datePublished\":\"2021-06-02T21:56:26+00:00\",\"dateModified\":\"2021-06-03T05:02:08+00:00\",\"mainEntityOfPage\":{\"@id\":\"https:\/\/www.pressenza.com\/es\/2021\/06\/el-acoso-de-marruecos-al-presidente-saharaui-brahim-gali\/\"},\"wordCount\":903,\"publisher\":{\"@id\":\"https:\/\/www.pressenza.com\/es\/#organization\"},\"image\":{\"@id\":\"https:\/\/www.pressenza.com\/es\/2021\/06\/el-acoso-de-marruecos-al-presidente-saharaui-brahim-gali\/#primaryimage\"},\"thumbnailUrl\":\"https:\/\/www.pressenza.com\/wp-content\/uploads\/2021\/06\/BRAHI-GHALI.jpg\",\"keywords\":[\"Brahim Gali.\",\"COVID-19 pandemia\",\"derecho de autodeterminaci\u00f3n\",\"Espa\u00f1a\",\"Frente Polisario\",\"Marruecos\",\"migrantes\",\"referendum\",\"Sahara Occidental\"],\"articleSection\":[\"Africa\",\"Contenido Original\",\"Derechos Humanos\",\"Europa\"],\"inLanguage\":\"es\"},{\"@type\":\"WebPage\",\"@id\":\"https:\/\/www.pressenza.com\/es\/2021\/06\/el-acoso-de-marruecos-al-presidente-saharaui-brahim-gali\/\",\"url\":\"https:\/\/www.pressenza.com\/es\/2021\/06\/el-acoso-de-marruecos-al-presidente-saharaui-brahim-gali\/\",\"name\":\"El acoso de Marruecos al Presidente saharaui Brahim Gali\",\"isPartOf\":{\"@id\":\"https:\/\/www.pressenza.com\/es\/#website\"},\"primaryImageOfPage\":{\"@id\":\"https:\/\/www.pressenza.com\/es\/2021\/06\/el-acoso-de-marruecos-al-presidente-saharaui-brahim-gali\/#primaryimage\"},\"image\":{\"@id\":\"https:\/\/www.pressenza.com\/es\/2021\/06\/el-acoso-de-marruecos-al-presidente-saharaui-brahim-gali\/#primaryimage\"},\"thumbnailUrl\":\"https:\/\/www.pressenza.com\/wp-content\/uploads\/2021\/06\/BRAHI-GHALI.jpg\",\"datePublished\":\"2021-06-02T21:56:26+00:00\",\"dateModified\":\"2021-06-03T05:02:08+00:00\",\"description\":\"La crisis fronteriza entre Marruecos y Espa\u00f1a en Ceuta y Melilla, presentando al presidente saharaui Brahim Gali como culpable, por su ingreso en un\",\"breadcrumb\":{\"@id\":\"https:\/\/www.pressenza.com\/es\/2021\/06\/el-acoso-de-marruecos-al-presidente-saharaui-brahim-gali\/#breadcrumb\"},\"inLanguage\":\"es\",\"potentialAction\":[{\"@type\":\"ReadAction\",\"target\":[\"https:\/\/www.pressenza.com\/es\/2021\/06\/el-acoso-de-marruecos-al-presidente-saharaui-brahim-gali\/\"]}]},{\"@type\":\"ImageObject\",\"inLanguage\":\"es\",\"@id\":\"https:\/\/www.pressenza.com\/es\/2021\/06\/el-acoso-de-marruecos-al-presidente-saharaui-brahim-gali\/#primaryimage\",\"url\":\"https:\/\/www.pressenza.com\/wp-content\/uploads\/2021\/06\/BRAHI-GHALI.jpg\",\"contentUrl\":\"https:\/\/www.pressenza.com\/wp-content\/uploads\/2021\/06\/BRAHI-GHALI.jpg\",\"width\":640,\"height\":360},{\"@type\":\"BreadcrumbList\",\"@id\":\"https:\/\/www.pressenza.com\/es\/2021\/06\/el-acoso-de-marruecos-al-presidente-saharaui-brahim-gali\/#breadcrumb\",\"itemListElement\":[{\"@type\":\"ListItem\",\"position\":1,\"name\":\"Accueil\",\"item\":\"https:\/\/www.pressenza.com\/es\/\"},{\"@type\":\"ListItem\",\"position\":2,\"name\":\"El acoso de Marruecos al Presidente saharaui Brahim Gali\"}]},{\"@type\":\"WebSite\",\"@id\":\"https:\/\/www.pressenza.com\/es\/#website\",\"url\":\"https:\/\/www.pressenza.com\/es\/\",\"name\":\"Pressenza\",\"description\":\"International Press Agency\",\"publisher\":{\"@id\":\"https:\/\/www.pressenza.com\/es\/#organization\"},\"potentialAction\":[{\"@type\":\"SearchAction\",\"target\":{\"@type\":\"EntryPoint\",\"urlTemplate\":\"https:\/\/www.pressenza.com\/es\/?s={search_term_string}\"},\"query-input\":{\"@type\":\"PropertyValueSpecification\",\"valueRequired\":true,\"valueName\":\"search_term_string\"}}],\"inLanguage\":\"es\"},{\"@type\":\"Organization\",\"@id\":\"https:\/\/www.pressenza.com\/es\/#organization\",\"name\":\"Pressenza\",\"url\":\"https:\/\/www.pressenza.com\/es\/\",\"logo\":{\"@type\":\"ImageObject\",\"inLanguage\":\"es\",\"@id\":\"https:\/\/www.pressenza.com\/es\/#\/schema\/logo\/image\/\",\"url\":\"https:\/\/www.pressenza.com\/wp-content\/uploads\/2022\/10\/pressenza_logo_200x200.jpg\",\"contentUrl\":\"https:\/\/www.pressenza.com\/wp-content\/uploads\/2022\/10\/pressenza_logo_200x200.jpg\",\"width\":200,\"height\":200,\"caption\":\"Pressenza\"},\"image\":{\"@id\":\"https:\/\/www.pressenza.com\/es\/#\/schema\/logo\/image\/\"},\"sameAs\":[\"https:\/\/www.facebook.com\/PressenzaItalia\",\"https:\/\/x.com\/PressenzaIPA\"]},{\"@type\":\"Person\",\"@id\":\"https:\/\/www.pressenza.com\/es\/#\/schema\/person\/8500871f95426c01c06fe96a65d10190\",\"name\":\"Ali Salem Iselmu Abderrahaman\",\"description\":\"Natural del Sahara Occidental, nacido en los a\u00f1os setenta en la regi\u00f3n de Tiris, es licenciado en periodismo, escritor y poeta. Cuenta con varias publicaciones en poes\u00eda y prosa. Y es miembro fundador del grupo de escritores saharauis Generaci\u00f3n de la Amistad. Conferenciante sobre la literatura e historia del proceso de liberaci\u00f3n nacional saharaui en diferentes universidades y eventos internacionales, colaborador con varios peri\u00f3dicos y portales digitales que tratan el conflicto del Sahara Occidental y su historia. Reside actualmente en Vitoria, Gasteiz, Pa\u00eds Vasco.\",\"url\":\"https:\/\/www.pressenza.com\/es\/author\/ali-salem-iselmu-abderrahaman\/\"}]}<\/script>\n<!-- \/ Yoast SEO plugin. -->","yoast_head_json":{"title":"El acoso de Marruecos al Presidente saharaui Brahim Gali","description":"La crisis fronteriza entre Marruecos y Espa\u00f1a en Ceuta y Melilla, presentando al presidente saharaui Brahim Gali como culpable, por su ingreso en un","robots":{"index":"index","follow":"follow","max-snippet":"max-snippet:-1","max-image-preview":"max-image-preview:large","max-video-preview":"max-video-preview:-1"},"canonical":"https:\/\/www.pressenza.com\/es\/2021\/06\/el-acoso-de-marruecos-al-presidente-saharaui-brahim-gali\/","og_locale":"es_ES","og_type":"article","og_title":"El acoso de Marruecos al Presidente saharaui Brahim Gali","og_description":"La crisis fronteriza entre Marruecos y Espa\u00f1a en Ceuta y Melilla, presentando al presidente saharaui Brahim Gali como culpable, por su ingreso en un","og_url":"https:\/\/www.pressenza.com\/es\/2021\/06\/el-acoso-de-marruecos-al-presidente-saharaui-brahim-gali\/","og_site_name":"Pressenza","article_publisher":"https:\/\/www.facebook.com\/PressenzaItalia","article_published_time":"2021-06-02T21:56:26+00:00","article_modified_time":"2021-06-03T05:02:08+00:00","og_image":[{"width":640,"height":360,"url":"https:\/\/www.pressenza.com\/wp-content\/uploads\/2021\/06\/BRAHI-GHALI.jpg","type":"image\/jpeg"}],"author":"Ali Salem Iselmu Abderrahaman","twitter_card":"summary_large_image","twitter_creator":"@PressenzaIPA","twitter_site":"@PressenzaIPA","twitter_misc":{"Escrito por":"Ali Salem Iselmu Abderrahaman","Tiempo de lectura":"4 minutos"},"schema":{"@context":"https:\/\/schema.org","@graph":[{"@type":"Article","@id":"https:\/\/www.pressenza.com\/es\/2021\/06\/el-acoso-de-marruecos-al-presidente-saharaui-brahim-gali\/#article","isPartOf":{"@id":"https:\/\/www.pressenza.com\/es\/2021\/06\/el-acoso-de-marruecos-al-presidente-saharaui-brahim-gali\/"},"author":{"name":"Ali Salem Iselmu Abderrahaman","@id":"https:\/\/www.pressenza.com\/es\/#\/schema\/person\/8500871f95426c01c06fe96a65d10190"},"headline":"El acoso de Marruecos al Presidente saharaui Brahim Gali","datePublished":"2021-06-02T21:56:26+00:00","dateModified":"2021-06-03T05:02:08+00:00","mainEntityOfPage":{"@id":"https:\/\/www.pressenza.com\/es\/2021\/06\/el-acoso-de-marruecos-al-presidente-saharaui-brahim-gali\/"},"wordCount":903,"publisher":{"@id":"https:\/\/www.pressenza.com\/es\/#organization"},"image":{"@id":"https:\/\/www.pressenza.com\/es\/2021\/06\/el-acoso-de-marruecos-al-presidente-saharaui-brahim-gali\/#primaryimage"},"thumbnailUrl":"https:\/\/www.pressenza.com\/wp-content\/uploads\/2021\/06\/BRAHI-GHALI.jpg","keywords":["Brahim Gali.","COVID-19 pandemia","derecho de autodeterminaci\u00f3n","Espa\u00f1a","Frente Polisario","Marruecos","migrantes","referendum","Sahara Occidental"],"articleSection":["Africa","Contenido Original","Derechos Humanos","Europa"],"inLanguage":"es"},{"@type":"WebPage","@id":"https:\/\/www.pressenza.com\/es\/2021\/06\/el-acoso-de-marruecos-al-presidente-saharaui-brahim-gali\/","url":"https:\/\/www.pressenza.com\/es\/2021\/06\/el-acoso-de-marruecos-al-presidente-saharaui-brahim-gali\/","name":"El acoso de Marruecos al Presidente saharaui Brahim Gali","isPartOf":{"@id":"https:\/\/www.pressenza.com\/es\/#website"},"primaryImageOfPage":{"@id":"https:\/\/www.pressenza.com\/es\/2021\/06\/el-acoso-de-marruecos-al-presidente-saharaui-brahim-gali\/#primaryimage"},"image":{"@id":"https:\/\/www.pressenza.com\/es\/2021\/06\/el-acoso-de-marruecos-al-presidente-saharaui-brahim-gali\/#primaryimage"},"thumbnailUrl":"https:\/\/www.pressenza.com\/wp-content\/uploads\/2021\/06\/BRAHI-GHALI.jpg","datePublished":"2021-06-02T21:56:26+00:00","dateModified":"2021-06-03T05:02:08+00:00","description":"La crisis fronteriza entre Marruecos y Espa\u00f1a en Ceuta y Melilla, presentando al presidente saharaui Brahim Gali como culpable, por su ingreso en un","breadcrumb":{"@id":"https:\/\/www.pressenza.com\/es\/2021\/06\/el-acoso-de-marruecos-al-presidente-saharaui-brahim-gali\/#breadcrumb"},"inLanguage":"es","potentialAction":[{"@type":"ReadAction","target":["https:\/\/www.pressenza.com\/es\/2021\/06\/el-acoso-de-marruecos-al-presidente-saharaui-brahim-gali\/"]}]},{"@type":"ImageObject","inLanguage":"es","@id":"https:\/\/www.pressenza.com\/es\/2021\/06\/el-acoso-de-marruecos-al-presidente-saharaui-brahim-gali\/#primaryimage","url":"https:\/\/www.pressenza.com\/wp-content\/uploads\/2021\/06\/BRAHI-GHALI.jpg","contentUrl":"https:\/\/www.pressenza.com\/wp-content\/uploads\/2021\/06\/BRAHI-GHALI.jpg","width":640,"height":360},{"@type":"BreadcrumbList","@id":"https:\/\/www.pressenza.com\/es\/2021\/06\/el-acoso-de-marruecos-al-presidente-saharaui-brahim-gali\/#breadcrumb","itemListElement":[{"@type":"ListItem","position":1,"name":"Accueil","item":"https:\/\/www.pressenza.com\/es\/"},{"@type":"ListItem","position":2,"name":"El acoso de Marruecos al Presidente saharaui Brahim Gali"}]},{"@type":"WebSite","@id":"https:\/\/www.pressenza.com\/es\/#website","url":"https:\/\/www.pressenza.com\/es\/","name":"Pressenza","description":"International Press Agency","publisher":{"@id":"https:\/\/www.pressenza.com\/es\/#organization"},"potentialAction":[{"@type":"SearchAction","target":{"@type":"EntryPoint","urlTemplate":"https:\/\/www.pressenza.com\/es\/?s={search_term_string}"},"query-input":{"@type":"PropertyValueSpecification","valueRequired":true,"valueName":"search_term_string"}}],"inLanguage":"es"},{"@type":"Organization","@id":"https:\/\/www.pressenza.com\/es\/#organization","name":"Pressenza","url":"https:\/\/www.pressenza.com\/es\/","logo":{"@type":"ImageObject","inLanguage":"es","@id":"https:\/\/www.pressenza.com\/es\/#\/schema\/logo\/image\/","url":"https:\/\/www.pressenza.com\/wp-content\/uploads\/2022\/10\/pressenza_logo_200x200.jpg","contentUrl":"https:\/\/www.pressenza.com\/wp-content\/uploads\/2022\/10\/pressenza_logo_200x200.jpg","width":200,"height":200,"caption":"Pressenza"},"image":{"@id":"https:\/\/www.pressenza.com\/es\/#\/schema\/logo\/image\/"},"sameAs":["https:\/\/www.facebook.com\/PressenzaItalia","https:\/\/x.com\/PressenzaIPA"]},{"@type":"Person","@id":"https:\/\/www.pressenza.com\/es\/#\/schema\/person\/8500871f95426c01c06fe96a65d10190","name":"Ali Salem Iselmu Abderrahaman","description":"Natural del Sahara Occidental, nacido en los a\u00f1os setenta en la regi\u00f3n de Tiris, es licenciado en periodismo, escritor y poeta. Cuenta con varias publicaciones en poes\u00eda y prosa. Y es miembro fundador del grupo de escritores saharauis Generaci\u00f3n de la Amistad. Conferenciante sobre la literatura e historia del proceso de liberaci\u00f3n nacional saharaui en diferentes universidades y eventos internacionales, colaborador con varios peri\u00f3dicos y portales digitales que tratan el conflicto del Sahara Occidental y su historia. Reside actualmente en Vitoria, Gasteiz, Pa\u00eds Vasco.","url":"https:\/\/www.pressenza.com\/es\/author\/ali-salem-iselmu-abderrahaman\/"}]}},"place":"Vitoria-Gasteiz, Espa\u00f1a","original_article_url":"","_links":{"self":[{"href":"https:\/\/www.pressenza.com\/es\/wp-json\/wp\/v2\/posts\/1373082","targetHints":{"allow":["GET"]}}],"collection":[{"href":"https:\/\/www.pressenza.com\/es\/wp-json\/wp\/v2\/posts"}],"about":[{"href":"https:\/\/www.pressenza.com\/es\/wp-json\/wp\/v2\/types\/post"}],"author":[{"embeddable":true,"href":"https:\/\/www.pressenza.com\/es\/wp-json\/wp\/v2\/users\/1853"}],"replies":[{"embeddable":true,"href":"https:\/\/www.pressenza.com\/es\/wp-json\/wp\/v2\/comments?post=1373082"}],"version-history":[{"count":0,"href":"https:\/\/www.pressenza.com\/es\/wp-json\/wp\/v2\/posts\/1373082\/revisions"}],"wp:featuredmedia":[{"embeddable":true,"href":"https:\/\/www.pressenza.com\/es\/wp-json\/wp\/v2\/media\/1373083"}],"wp:attachment":[{"href":"https:\/\/www.pressenza.com\/es\/wp-json\/wp\/v2\/media?parent=1373082"}],"wp:term":[{"taxonomy":"category","embeddable":true,"href":"https:\/\/www.pressenza.com\/es\/wp-json\/wp\/v2\/categories?post=1373082"},{"taxonomy":"post_tag","embeddable":true,"href":"https:\/\/www.pressenza.com\/es\/wp-json\/wp\/v2\/tags?post=1373082"}],"curies":[{"name":"wp","href":"https:\/\/api.w.org\/{rel}","templated":true}]}}