{"id":1372888,"date":"2021-06-02T18:26:05","date_gmt":"2021-06-02T17:26:05","guid":{"rendered":"https:\/\/www.pressenza.com\/?p=1372888"},"modified":"2021-06-02T18:29:02","modified_gmt":"2021-06-02T17:29:02","slug":"andrea-testa-porque-no-solamente-son-las-jovenes-de-hoy-fueron-sus-madres-y-abuelas-tambien-ninas-mamas","status":"publish","type":"post","link":"https:\/\/www.pressenza.com\/es\/2021\/06\/andrea-testa-porque-no-solamente-son-las-jovenes-de-hoy-fueron-sus-madres-y-abuelas-tambien-ninas-mamas\/","title":{"rendered":"Andrea Testa: Porque no solamente son las j\u00f3venes de hoy, fueron sus madres y abuelas tambi\u00e9n ni\u00f1as mam\u00e1s"},"content":{"rendered":"<p><strong>Por Flavia Estevan<\/strong><\/p>\n<p><span style=\"font-weight: 400;\">En latinoam\u00e9rica aproximadamente siete de cada 100 adolescentes, entre 15 y 19 a\u00f1os, se convierten en madres. El n\u00famero es mucho mayor si incluimos a las ni\u00f1as entre 10 y 14 a\u00f1os.<\/span><\/p>\n<p><strong><i>Ni\u00f1a mam\u00e1 <\/i><\/strong><span style=\"font-weight: 400;\">es una pel\u00edcula de la directora Andrea Testa. Impactante, pues a partir de su tema central, los embarazos en la adolescencia, nos acerca a experiencias reales de ni\u00f1as embarazadas. Ese acercamiento progresivo con la c\u00e1mara fijada solamente en ellas, sin distracciones de colores o sonidos, nos pone en contacto con sus angustias, miedos, dudas y esperanzas, hasta el punto en que la frontera entre el espectador y ellas desaparece, haci\u00e9ndonos parte de sus trayectorias.<\/span><\/p>\n<p><span style=\"font-weight: 400;\">La pel\u00edcula va revelando un cotidiano de\u00a0 injusticias, desigualdades y soledad de quienes atraviesan esas experiencias y tienen que tomar decisiones. Invita a un profundo estado de empat\u00eda, de no juzgar, porque se siente la vulnerabilidad en que viven esas ni\u00f1as. Deber\u00eda ser vista por todo el mundo.<\/span><\/p>\n<p><span style=\"font-weight: 400;\">REHUNO Entrevista a Andrea Testa, directora de la pel\u00edcula.\u00a0<\/span><\/p>\n<p><b>REHUNO:<\/b> <b>Hola Andrea, cu\u00e9ntanos, por favor, un poco sobre el proceso de la pel\u00edcula Ni\u00f1a Mam\u00e1.<\/b><\/p>\n<p><b>Andrea:<\/b><span style=\"font-weight: 400;\"> Es una pel\u00edcula documental filmada durante 2018 en dos hospitales p\u00fablicos del conurbano bonaerense. Se film\u00f3 con el apoyo del Instituto de Cine y Artes Audiovisuales argentino. El proceso integral de la pel\u00edcula (desarrollo, preproducci\u00f3n, rodaje y post-producci\u00f3n) llevo alrededor de tres a\u00f1os. Se estren\u00f3 mundialmente en IDFA, uno de los Festivales m\u00e1s importantes de cine documental del mundo, en el que la pel\u00edcula gan\u00f3 una Menci\u00f3n Especial del Jurado. A partir de ese estreno, la pel\u00edcula recorri\u00f3 decenas de festivales en todo el mundo, y a pesar de este contexto tan adverso sigue dando vueltas, en su mayor\u00eda de manera virtual. Por dar ejemplos, la pel\u00edcula se estren\u00f3 en Festivales de pa\u00edses como Canad\u00e1, Alemania, Espa\u00f1a, Noruega, Croacia, Brasil, Chile, Uruguay, Honduras, Holanda, Hong Kong, Grecia y\u00a0 Per\u00fa, entre otros.\u00a0<\/span><\/p>\n<p><span style=\"font-weight: 400;\">Aqu\u00ed en Argentina la logramos estrenar el a\u00f1o pasado en salas de cine, aunque muy pronto tuvimos que trasladar a la virtualidad todas las actividades que se fueron abriendo con la pel\u00edcula.\u00a0<\/span><\/p>\n<p><b>REHUNO: \u00bfQu\u00e9\u00a0 ha motivado la tem\u00e1tica abarcada en la pel\u00edcula Ni\u00f1a Mam\u00e1?\u00a0<\/b><\/p>\n<p><b>Andrea:<\/b><span style=\"font-weight: 400;\"> Siempre cuento que hay muchos comienzos de<\/span> <i>Ni\u00f1a Mam\u00e1<\/i><i><span style=\"font-weight: 400;\">,<\/span><\/i><span style=\"font-weight: 400;\"> porque as\u00ed llevo adelante los procesos creativos en cada pel\u00edcula. Algo se enciende muy adentro m\u00edo, pero no es una idea, sino que es \u201calgo\u201d que me hace unir cosas que fui pensando. Una necesidad, un sentimiento, una imagen, una palabra. En este proceso lo que me sucedi\u00f3 muy fuerte fue querer continuar algo que hab\u00eda dejado abierto en m\u00ed un documental anterior que realic\u00e9.\u00a0<\/span><\/p>\n<p><b>REHUNO: \u00bfCu\u00e1l fue el documental anterior? \u00bfDe qu\u00e9 se trataba?<\/b><\/p>\n<p><b>Andrea:<\/b><span style=\"font-weight: 400;\"> Se llama <\/span><i>Pibe\u00a0 Chorro<\/i><span style=\"font-weight: 400;\">, y aborda las violencias sist\u00e9micas y sistem\u00e1ticas sobre los j\u00f3venes pobres, aquellos que portan este estigma de ser \u201clos peligrosos\u201d y terminan muriendo muy j\u00f3venes, principalmente en manos de las fuerzas represivas del estado.\u00a0\u00a0<\/span><\/p>\n<p><span style=\"font-weight: 400;\">Y por ausencias de pol\u00edticas p\u00fablicas que protejan y garanticen sus derechos b\u00e1sicos. Estas juventudes tan marcadas por tantas violencias me siguen conmoviendo. Me indigna y sobre todo me duele este mundo y esta sociedad que puede convivir con tanta crueldad.\u00a0<\/span><\/p>\n<p><img loading=\"lazy\" decoding=\"async\" class=\"alignnone wp-image-1372930 size-large\" src=\"https:\/\/www.pressenza.com\/wp-content\/uploads\/2021\/06\/testa-20foto-20sandra-20cartasso-720x480.jpg\" alt=\"\" width=\"720\" height=\"480\" srcset=\"https:\/\/www.pressenza.com\/wp-content\/uploads\/2021\/06\/testa-20foto-20sandra-20cartasso-720x480.jpg 720w, https:\/\/www.pressenza.com\/wp-content\/uploads\/2021\/06\/testa-20foto-20sandra-20cartasso-300x200.jpg 300w, https:\/\/www.pressenza.com\/wp-content\/uploads\/2021\/06\/testa-20foto-20sandra-20cartasso-768x512.jpg 768w, https:\/\/www.pressenza.com\/wp-content\/uploads\/2021\/06\/testa-20foto-20sandra-20cartasso.jpg 960w\" sizes=\"auto, (max-width: 720px) 100vw, 720px\" \/><\/p>\n<h6><span style=\"color: #808080;\">Andrea Testa (Imagen de Sandra Cartasso)<\/span><\/h6>\n<p><b>REHUNO: Y de all\u00ed llegaron los embarazos tempranos\u2026<\/b><\/p>\n<p><b>Andrea:<\/b><span style=\"font-weight: 400;\"> El embarazo temprano (no sabr\u00eda cu\u00e1l es el mejor t\u00e9rmino para nombrarlo, puede ser temprano, puede ser no intencional, puede ser solamente en la adolescencia temprana) apareci\u00f3 de golpe, como una realidad que se repite circularmente. Porque no solamente son las j\u00f3venes de hoy, fueron sus madres y fueron sus abuelas tambi\u00e9n ni\u00f1as mam\u00e1s. En este recorrido y despierta a los movimientos feministas que fueron escalando y haci\u00e9ndose m\u00e1s masivos, y en particular en Argentina donde la lucha por la Ley de Interrupci\u00f3n Voluntaria del Embarazo, tuvo sus picos de popularidad (hasta que finalmente logramos la sanci\u00f3n de la ley), no pod\u00eda dejar de preguntarme \u00bfPor qu\u00e9?: \u00bfPor qu\u00e9 hay embarazos que se abortan y hay embarazos que se contin\u00faan? Y esta pregunta se me aparec\u00eda atravesada por los condicionamientos de clase, obviamente. \u00bfQu\u00e9 pasa con los abortos que se realizan en los sectores populares? \u00bfQu\u00e9 pasa con las adolescentes que deciden continuar con un embarazo en esos mismos sectores? \u00bfQu\u00e9 pasa en las clases medias?\u00a0<\/span><\/p>\n<p><span style=\"font-weight: 400;\">Y quise posicionarme en esta urgencia, en los riesgos y en las muertes de las mujeres que abortan de manera clandestina e insegura (no en los abortos realizados en la clandestinidad pero con medidas de seguridad mucho mejores, que son a los que pueden acceder las mujeres con recursos econ\u00f3micos).\u00a0<\/span><\/p>\n<p><span style=\"font-weight: 400;\">Adem\u00e1s, todo el debate sobre las leyes existentes de derechos sexuales reproductivos y no reproductivos, que existen en Argentina, pero que no llegan, no alcanzan. La vida de las j\u00f3venes en juego y el rol del Estado que, nuevamente, no logra garantizar los derechos humanos, no logra proteger a estas juventudes. En ambas pel\u00edculas siento que est\u00e1 esto en juego, las pol\u00edticas y la vida (o muerte) de les j\u00f3venes.\u00a0<\/span><\/p>\n<p><span style=\"font-weight: 400;\">Por otro lado, realizar <\/span><i>Ni\u00f1a Mam\u00e1<\/i><span style=\"font-weight: 400;\"> tambi\u00e9n fue una necesidad profundamente personal. Yo en mi adolescencia me practiqu\u00e9 un aborto. Con cada una de las chicas que conoc\u00ed tambi\u00e9n conoc\u00ed algo m\u00edo, personal. Esta pel\u00edcula s\u00f3lo pod\u00eda existir desde el amor, de una persistencia feminista de acompa\u00f1ar, de luchar contra esos sentimientos de soledad. Quer\u00eda que la c\u00e1mara, que la imagen, sea una caricia: ac\u00e1 estamos, no est\u00e1s sola.<\/span><\/p>\n<p><b>REHUNO: La pel\u00edcula fue hecha antes de la legalizaci\u00f3n del aborto en Argentina. \u00bfC\u00f3mo crees que esas situaciones se van transformado con el tiempo, una vez que muchas de las ni\u00f1as en el documental no ven el aborto como una posibilidad en sus trayectorias por cuestiones religiosas o sociales?<\/b><\/p>\n<p><b>Andrea: <\/b><span style=\"font-weight: 400;\">Hay una transformaci\u00f3n que estamos viviendo, la legalidad permite seguridad. Permite combatir tantos miedos, aunque seguramente persistan, como tambi\u00e9n existen miedos al elegir continuar un embarazo, elegir ser madre. Pero permite poder hablar, poder acercarse al sistema de salud, a conocer nuestros derechos. Ya no es clandestino abortar, aunque seguramente contin\u00faen estas pr\u00e1cticas que ponen en riesgo la vida de mujeres, como tambi\u00e9n contin\u00faan los sectores m\u00e1s conservadores en diferentes provincias, militando contra estos derechos y obstaculizando el acceso. Siguen habiendo ni\u00f1as obligadas a parir. Pero la ley es una herramienta que da poder para seguir la pelea.<\/span><\/p>\n<p><span style=\"font-weight: 400;\">Creo que muchas mujeres hoy sienten que pueden elegir un poquito m\u00e1s. Y por eso es tan importante que desde el Estado se lleven adelante fuertes campa\u00f1as de informaci\u00f3n que lleguen a todos lados y que se destinen recursos para capacitaciones y para la aplicaci\u00f3n de esta Ley, y de la Ley de Educaci\u00f3n Sexual Integral. Siempre hay m\u00e1s por hacer.<\/span><\/p>\n<p><span style=\"font-weight: 400;\">En particular, con la pel\u00edcula, nos ha pasado que algunas chicas que participaron luego nos han consultado por interrupciones, porque lo necesitaba alguna amiga o por informaci\u00f3n, por querer saber. Entonces, me parece que se va ganando de a poco terreno, pero sigue siendo gracias a la fuerza de tantos profesionales y militantes que ponen el cuerpo a esta pelea.\u00a0<\/span><\/p>\n<p><span style=\"font-weight: 400;\">En todo el pa\u00eds hay diferentes realidades, cada hospital es un mundo. Hay lugares en los que la mayor\u00eda de los profesionales se proclaman objetores de conciencia, y quiz\u00e1s queda en uno o dos profesionales las demandas por interrupciones. Es un mapa muy complejo. Las violencias institucionales dentro de los hospitales siguen existiendo.<\/span><\/p>\n<p><b>REHUNO: La pel\u00edcula logra partir del tema del embarazo en la adolescencia e ir profundizando en una serie de situaciones que levantan otros temas relacionados con derechos sexuales y reproductivos, tales como acceso a m\u00e9todos contraceptivos y aborto. \u00bfEso fue intencional, o sea, ustedes ten\u00edan la intenci\u00f3n previamente de abarcar tantos asuntos o se fue dando en el transcurso de las grabaciones?<\/b><\/p>\n<p><b>Andrea: <\/b><span style=\"font-weight: 400;\">La pel\u00edcula es esa escucha a lo que cada relato de cada joven va proponiendo. Nosotres filmamos el d\u00eda a d\u00eda en los servicios sociales de esos hospitales, filmamos las intervenciones de las profesionales de la salud, con sus preguntas, sus abordajes que disparan todo esto.\u00a0<\/span><\/p>\n<p><span style=\"font-weight: 400;\">Porque es una mirada integral de la salud, o una mirada a la salud integral, en donde no se consideran a las personas objetos, sino sujetas de derecho. Entonces, ese tiempo, ese di\u00e1logo, ese relato que se va tejiendo nos va participando de una vida con todo lo que eso significa. Cada una de ellas es la prueba de la diversidad, la potencia de la autonom\u00eda, la complejidad que existe en cada una de esas decisiones.\u00a0<\/span><\/p>\n<p><span style=\"font-weight: 400;\">Eso es lo que el cine permite, \u00bfno? Conocer a otras personas y tambi\u00e9n conocernos a nosotres mismes al escuchar a une y otre. Si hay ah\u00ed empat\u00eda, si nos duele, si aparece alguna pregunta, si algo de lo que pens\u00e1bamos antes cambi\u00f3, hay esperanza de que podamos transformar este mundo. Las verdades se construyen colectivamente.<\/span><\/p>\n<p><b>REHUNO: \u00bfHubo alg\u00fan tipo de guion o el guion se arm\u00f3 a partir del material colectado?<\/b><\/p>\n<p><span style=\"font-weight: 400;\">Realizamos un guion del proyecto luego de un periodo de observaci\u00f3n en hospitales porque lo necesit\u00e1bamos para la carpeta de presentaci\u00f3n en los fondos de subsidio. Fue una herramienta que nos sirvi\u00f3 mucho para volcar lo que hab\u00edamos visto y sentido.\u00a0<\/span><\/p>\n<p><span style=\"font-weight: 400;\">Durante el rodaje no nos guiamos de acuerdo a lo que estaba en ese guion pero s\u00ed por todo el trabajo que hab\u00edamos realizado. Ya sab\u00edamos en qu\u00e9 espacios quer\u00edamos filmar e \u00edbamos dise\u00f1ando semana a semana de acuerdo a los horarios de los consultorios o a las chicas que \u00edbamos conociendo. Y tambi\u00e9n est\u00e1bamos muy predispuestos a las cosas que iban sucediendo.\u00a0<\/span><\/p>\n<p><span style=\"font-weight: 400;\">Lo que est\u00e1 en la pel\u00edcula, nada es guionado. Las preguntas que aparecen son las que los equipos de salud realizan todos los d\u00edas, su mayor\u00eda Trabajadoras Sociales. Tambi\u00e9n hemos podido estar cerca del trabajo de una Pediatra especialista en Adolescencias, en los equipos de las Licenciadas en Obstetricia, en las guardias. Pero el lazo m\u00e1s fuerte fue con los Servicios Sociales, ellas y la Pediatra, fueron quienes m\u00e1s nos han abierto puertas y han confiado en nuestro trabajo.\u00a0<\/span><\/p>\n<p><span style=\"font-weight: 400;\">Puedo igual mencionar que hicimos un trabajo previo con los equipos de salud para pensar de manera conjunta el dispositivo de c\u00f3mo filmar la pel\u00edcula, en relaci\u00f3n a par\u00e1metros de autonom\u00eda, consentimiento y cuidado de las j\u00f3venes. Por lo cual, siempre se sab\u00eda cu\u00e1ndo se estaba filmando y cu\u00e1ndo se cortaba, no hab\u00eda nada oculto. Y si necesitaban continuar la entrevista por diversos motivos, nos retir\u00e1bamos del espacio.\u00a0<\/span><\/p>\n<p><span style=\"font-weight: 400;\">Las chicas sab\u00edan que tambi\u00e9n pod\u00edan cortar si no se sent\u00edan c\u00f3modas y siempre les preguntamos al final c\u00f3mo hab\u00edan sentido la filmaci\u00f3n. Todas las chicas que filmamos dieron su consentimiento previo y las que quedaron finalmente en la pel\u00edcula, tambi\u00e9n pudieron verla para re-confirmar su participaci\u00f3n.<\/span><\/p>\n<p><img loading=\"lazy\" decoding=\"async\" class=\"alignnone wp-image-1372941 size-large\" src=\"https:\/\/www.pressenza.com\/wp-content\/uploads\/2021\/06\/NM_STILL01-720x409.jpg\" alt=\"\" width=\"720\" height=\"409\" srcset=\"https:\/\/www.pressenza.com\/wp-content\/uploads\/2021\/06\/NM_STILL01-720x409.jpg 720w, https:\/\/www.pressenza.com\/wp-content\/uploads\/2021\/06\/NM_STILL01-300x170.jpg 300w, https:\/\/www.pressenza.com\/wp-content\/uploads\/2021\/06\/NM_STILL01-768x436.jpg 768w, https:\/\/www.pressenza.com\/wp-content\/uploads\/2021\/06\/NM_STILL01-1536x872.jpg 1536w, https:\/\/www.pressenza.com\/wp-content\/uploads\/2021\/06\/NM_STILL01.jpg 1920w\" sizes=\"auto, (max-width: 720px) 100vw, 720px\" \/><\/p>\n<h6><span style=\"color: #808080;\">(Imagen de <em>Ni\u00f1a Mam\u00e1<\/em>)<\/span><\/h6>\n<p><b>REHUNO: \u00bfQu\u00e9 sientes qu\u00e9 fue lo m\u00e1s importante que se ha logrado con la pel\u00edcula?<\/b><\/p>\n<p><span style=\"font-weight: 400;\"><strong>Andrea:<\/strong> No lo s\u00e9 todav\u00eda, sigue siendo una experiencia a\u00fan en este contexto tan adverso. S\u00ed puedo decir que el lazo con las protagonistas y con las profesionales de la salud nos sigue trayendo cosas, cosas lindas o cosas duras, dif\u00edciles. Siento que somos algo m\u00e1s a partir de <\/span><i><span style=\"font-weight: 400;\">Ni\u00f1a Mam\u00e1<\/span><\/i><span style=\"font-weight: 400;\">.\u00a0 Una red, un tejido, algo que nos transform\u00f3 a cada una de las personas que participamos\u2026 y que algo de eso se transmite con la obra, en quienes la ven. <em>Algo<\/em> pasa. Como ese <em>algo<\/em>\u00a0que se me enciende en cada nuevo proyecto.<\/span><\/p>\n<p><span style=\"font-weight: 400;\">Tambi\u00e9n fue todo un desaf\u00edo acompa\u00f1ar desde nuestro lugar a las j\u00f3venes y a los equipos de salud en esta pandemia. Pudimos, con recursos que fue generando la pel\u00edcula, ponerlos a disposici\u00f3n de lo que se iba necesitando. A la semana del estreno en Argentina, cerraron los cines y pusimos en alquiler virtual la pel\u00edcula, muchas personas aportaron y logramos acercar donaciones a los hospitales, en alcohol u otros insumos, como tambi\u00e9n en pa\u00f1ales. No cambia estructuralmente, pero fue lo que tuvimos a mano porque no pod\u00edamos pasar por el costado. Lo mismo con las chicas, seguimos forjando una relaci\u00f3n que cuesta, muchas veces cuesta, porque el hambre y las necesidades existen m\u00e1s all\u00e1 de esos 66 minutos que dura el documental.\u00a0<\/span><\/p>\n<p><b>REHUNO:\u00a0 \u00bfHasta donde les gustar\u00eda que llegara?<\/b><\/p>\n<p><b>Andrea:<\/b><span style=\"font-weight: 400;\"> Llegar hasta donde no imaginamos. El tiempo del cine es eterno y la potencia de las protagonistas merece seguir rodando.<\/span><\/p>\n<p><b>REHUNO:\u00a0 Andrea, muchas gracias! \u00bf Y para los que quieran ver la pel\u00edcula?<\/b><\/p>\n<p><b>Andrea:<\/b><span style=\"font-weight: 400;\"> La pel\u00edcula se puede ver en Argentina en: <a href=\"https:\/\/www.comunidadcinefila.org\/ninamama\">Ver en Argentina<\/a> y en Canad\u00e1: <a href=\"https:\/\/www.tenk.ca\/fr\/d\/festivals\/hot-docs\/nina-mama\">Ver en Canad\u00e1<\/a><\/span><span style=\"font-weight: 400;\">Del 4 al 6 de junio de 2021 se pude ver desde EUA en el festival: <a href=\"https:\/\/www.phlaff.org\/festival\/2021\/film-guide\/nia-mam-mother-child?rq=Ni\u00f1a%20mam\u00e1%20%28Mother-Child%29\">Festival Estados Unidos<\/a><\/span><span style=\"font-weight: 400;\">Nuestras redes sociales para acompa\u00f1ar la pel\u00edcula son <a href=\"https:\/\/www.instagram.com\/nmpelicula\/\">https:\/\/www.instagram.com\/nmpelicula\/<\/a>\u00a0 y <a href=\"https:\/\/www.facebook.com\/nmpelicula\">https:\/\/www.facebook.com\/nmpelicula<\/a><\/span><\/p>\n<p>&nbsp;<\/p>\n<p><b>Qui\u00e9n es Andrea Testa<\/b><\/p>\n<p><span style=\"font-weight: 400;\">Andrea Testa (Buenos Aires, 1987). Estudi\u00f3 cine en la Escuela Nacional de Experimentaci\u00f3n y Realizaci\u00f3n Cinematogr\u00e1fica (ENERC) gradu\u00e1ndose como Realizadora Cinematogr\u00e1fica. <\/span><span style=\"font-weight: 400;\">Dirigi\u00f3 el documental<\/span> <i><span style=\"font-weight: 400;\">Pibe Chorro<\/span><\/i><span style=\"font-weight: 400;\"> (2016) sobre la estigmatizaci\u00f3n que sufren los j\u00f3venes de sectores populares. En el campo de la ficci\u00f3n, escribi\u00f3 y dirigi\u00f3 junto a Francisco M\u00e1rquez <\/span><i><span style=\"font-weight: 400;\">La larga noche de Francisco Sanctis<\/span><\/i><span style=\"font-weight: 400;\"> (2016) ganadora de la Competencia Internacional en BAFICI, seleccionada en la secci\u00f3n <\/span><i><span style=\"font-weight: 400;\">Un Certain Regard <\/span><\/i><span style=\"font-weight: 400;\">del Festival de Cannes y en el Festival Internacional de Cine de San Sebasti\u00e1n, entre numerosos festivales internacionales. <\/span><i><span style=\"font-weight: 400;\">Ni\u00f1a mam\u00e1<\/span><\/i><span style=\"font-weight: 400;\"> (2019) su \u00faltima pel\u00edcula documental tuvo su estreno mundial en IDFA, donde se alz\u00f3 con una Menci\u00f3n Especial del Jurado. Tambi\u00e9n fue reconocida como Mejor Mediometraje Documental Internacional en <em>HotDocs<\/em>, Mejor Largometraje Documental Internacional en <em>Doqumenta<\/em> y Mejor Largometraje Juvenil Internacional en <em>FicValdivia<\/em>. <\/span><span style=\"font-weight: 400;\">Es integrante del Colectivo de Cineastas y socia fundadora de Pensar con las Manos. <\/span><\/p>\n","protected":false},"excerpt":{"rendered":"<p>Por Flavia Estevan En latinoam\u00e9rica aproximadamente siete de cada 100 adolescentes, entre 15 y 19 a\u00f1os, se convierten en madres. El n\u00famero es mucho mayor si incluimos a las ni\u00f1as entre 10 y 14 a\u00f1os. Ni\u00f1a mam\u00e1 es una pel\u00edcula&hellip;<\/p>\n","protected":false},"author":1680,"featured_media":1372914,"comment_status":"closed","ping_status":"closed","sticky":false,"template":"","format":"standard","meta":{"footnotes":""},"categories":[11389,79,155,54515,46976,67],"tags":[91584,91586,44232,91583,13170,91585],"class_list":["post-1372888","post","type-post","status-publish","format-standard","has-post-thumbnail","hentry","category-contenido-original","category-derechos-humanos","category-entrevistas","category-genero-y-feminismos","category-jovenes","category-sudamerica","tag-andrea-testa","tag-embarazo-ninas","tag-feminismos","tag-nina-mama","tag-pelicula","tag-rehuno-salud"],"yoast_head":"<!-- This site is optimized with the Yoast SEO plugin v27.1.1 - https:\/\/yoast.com\/product\/yoast-seo-wordpress\/ -->\n<title>Andrea Testa: Porque no solamente son las j\u00f3venes de hoy, fueron sus madres y abuelas tambi\u00e9n ni\u00f1as mam\u00e1s<\/title>\n<meta name=\"description\" content=\"Por Flavia Estevan En latinoam\u00e9rica aproximadamente siete de cada 100 adolescentes, entre 15 y 19 a\u00f1os, se convierten en madres. El n\u00famero es mucho mayor\" \/>\n<meta name=\"robots\" content=\"index, follow, max-snippet:-1, max-image-preview:large, max-video-preview:-1\" \/>\n<link rel=\"canonical\" href=\"https:\/\/www.pressenza.com\/es\/2021\/06\/andrea-testa-porque-no-solamente-son-las-jovenes-de-hoy-fueron-sus-madres-y-abuelas-tambien-ninas-mamas\/\" \/>\n<meta property=\"og:locale\" content=\"es_ES\" \/>\n<meta property=\"og:type\" content=\"article\" \/>\n<meta property=\"og:title\" content=\"Andrea Testa: Porque no solamente son las j\u00f3venes de hoy, fueron sus madres y abuelas tambi\u00e9n ni\u00f1as mam\u00e1s\" \/>\n<meta property=\"og:description\" content=\"Por Flavia Estevan En latinoam\u00e9rica aproximadamente siete de cada 100 adolescentes, entre 15 y 19 a\u00f1os, se convierten en madres. El n\u00famero es mucho mayor\" \/>\n<meta property=\"og:url\" content=\"https:\/\/www.pressenza.com\/es\/2021\/06\/andrea-testa-porque-no-solamente-son-las-jovenes-de-hoy-fueron-sus-madres-y-abuelas-tambien-ninas-mamas\/\" \/>\n<meta property=\"og:site_name\" content=\"Pressenza\" \/>\n<meta property=\"article:publisher\" content=\"https:\/\/www.facebook.com\/PressenzaItalia\" \/>\n<meta property=\"article:author\" content=\"https:\/\/www.facebook.com\/rehunosalud\/\" \/>\n<meta property=\"article:published_time\" content=\"2021-06-02T17:26:05+00:00\" \/>\n<meta property=\"article:modified_time\" content=\"2021-06-02T17:29:02+00:00\" \/>\n<meta property=\"og:image\" content=\"https:\/\/www.pressenza.com\/wp-content\/uploads\/2021\/06\/NM_STILL02.jpg\" \/>\n\t<meta property=\"og:image:width\" content=\"1920\" \/>\n\t<meta property=\"og:image:height\" content=\"1080\" \/>\n\t<meta property=\"og:image:type\" content=\"image\/jpeg\" \/>\n<meta name=\"author\" content=\"REHUNO - Red Humanista de Noticias en Salud\" \/>\n<meta name=\"twitter:card\" content=\"summary_large_image\" \/>\n<meta name=\"twitter:creator\" content=\"@PressenzaIPA\" \/>\n<meta name=\"twitter:site\" content=\"@PressenzaIPA\" \/>\n<meta name=\"twitter:label1\" content=\"Escrito por\" \/>\n\t<meta name=\"twitter:data1\" content=\"REHUNO - Red Humanista de Noticias en Salud\" \/>\n\t<meta name=\"twitter:label2\" content=\"Tiempo de lectura\" \/>\n\t<meta name=\"twitter:data2\" content=\"12 minutos\" \/>\n<script type=\"application\/ld+json\" class=\"yoast-schema-graph\">{\"@context\":\"https:\/\/schema.org\",\"@graph\":[{\"@type\":\"Article\",\"@id\":\"https:\/\/www.pressenza.com\/es\/2021\/06\/andrea-testa-porque-no-solamente-son-las-jovenes-de-hoy-fueron-sus-madres-y-abuelas-tambien-ninas-mamas\/#article\",\"isPartOf\":{\"@id\":\"https:\/\/www.pressenza.com\/es\/2021\/06\/andrea-testa-porque-no-solamente-son-las-jovenes-de-hoy-fueron-sus-madres-y-abuelas-tambien-ninas-mamas\/\"},\"author\":{\"name\":\"REHUNO - Red Humanista de Noticias en Salud\",\"@id\":\"https:\/\/www.pressenza.com\/es\/#\/schema\/person\/5162be2bf75419d7e91acfc2c50c3870\"},\"headline\":\"Andrea Testa: Porque no solamente son las j\u00f3venes de hoy, fueron sus madres y abuelas tambi\u00e9n ni\u00f1as mam\u00e1s\",\"datePublished\":\"2021-06-02T17:26:05+00:00\",\"dateModified\":\"2021-06-02T17:29:02+00:00\",\"mainEntityOfPage\":{\"@id\":\"https:\/\/www.pressenza.com\/es\/2021\/06\/andrea-testa-porque-no-solamente-son-las-jovenes-de-hoy-fueron-sus-madres-y-abuelas-tambien-ninas-mamas\/\"},\"wordCount\":2459,\"publisher\":{\"@id\":\"https:\/\/www.pressenza.com\/es\/#organization\"},\"image\":{\"@id\":\"https:\/\/www.pressenza.com\/es\/2021\/06\/andrea-testa-porque-no-solamente-son-las-jovenes-de-hoy-fueron-sus-madres-y-abuelas-tambien-ninas-mamas\/#primaryimage\"},\"thumbnailUrl\":\"https:\/\/www.pressenza.com\/wp-content\/uploads\/2021\/06\/NM_STILL02.jpg\",\"keywords\":[\"Andrea Testa\",\"embarazo ni\u00f1as\",\"feminismos\",\"ni\u00f1a mam\u00e1\",\"pel\u00edcula\",\"Rehuno Salud\"],\"articleSection\":[\"Contenido Original\",\"Derechos Humanos\",\"Entrevistas\",\"G\u00e9nero y Feminismos\",\"J\u00f3venes\",\"Sudam\u00e9rica\"],\"inLanguage\":\"es\"},{\"@type\":\"WebPage\",\"@id\":\"https:\/\/www.pressenza.com\/es\/2021\/06\/andrea-testa-porque-no-solamente-son-las-jovenes-de-hoy-fueron-sus-madres-y-abuelas-tambien-ninas-mamas\/\",\"url\":\"https:\/\/www.pressenza.com\/es\/2021\/06\/andrea-testa-porque-no-solamente-son-las-jovenes-de-hoy-fueron-sus-madres-y-abuelas-tambien-ninas-mamas\/\",\"name\":\"Andrea Testa: Porque no solamente son las j\u00f3venes de hoy, fueron sus madres y abuelas tambi\u00e9n ni\u00f1as mam\u00e1s\",\"isPartOf\":{\"@id\":\"https:\/\/www.pressenza.com\/es\/#website\"},\"primaryImageOfPage\":{\"@id\":\"https:\/\/www.pressenza.com\/es\/2021\/06\/andrea-testa-porque-no-solamente-son-las-jovenes-de-hoy-fueron-sus-madres-y-abuelas-tambien-ninas-mamas\/#primaryimage\"},\"image\":{\"@id\":\"https:\/\/www.pressenza.com\/es\/2021\/06\/andrea-testa-porque-no-solamente-son-las-jovenes-de-hoy-fueron-sus-madres-y-abuelas-tambien-ninas-mamas\/#primaryimage\"},\"thumbnailUrl\":\"https:\/\/www.pressenza.com\/wp-content\/uploads\/2021\/06\/NM_STILL02.jpg\",\"datePublished\":\"2021-06-02T17:26:05+00:00\",\"dateModified\":\"2021-06-02T17:29:02+00:00\",\"description\":\"Por Flavia Estevan En latinoam\u00e9rica aproximadamente siete de cada 100 adolescentes, entre 15 y 19 a\u00f1os, se convierten en madres. El n\u00famero es mucho mayor\",\"breadcrumb\":{\"@id\":\"https:\/\/www.pressenza.com\/es\/2021\/06\/andrea-testa-porque-no-solamente-son-las-jovenes-de-hoy-fueron-sus-madres-y-abuelas-tambien-ninas-mamas\/#breadcrumb\"},\"inLanguage\":\"es\",\"potentialAction\":[{\"@type\":\"ReadAction\",\"target\":[\"https:\/\/www.pressenza.com\/es\/2021\/06\/andrea-testa-porque-no-solamente-son-las-jovenes-de-hoy-fueron-sus-madres-y-abuelas-tambien-ninas-mamas\/\"]}]},{\"@type\":\"ImageObject\",\"inLanguage\":\"es\",\"@id\":\"https:\/\/www.pressenza.com\/es\/2021\/06\/andrea-testa-porque-no-solamente-son-las-jovenes-de-hoy-fueron-sus-madres-y-abuelas-tambien-ninas-mamas\/#primaryimage\",\"url\":\"https:\/\/www.pressenza.com\/wp-content\/uploads\/2021\/06\/NM_STILL02.jpg\",\"contentUrl\":\"https:\/\/www.pressenza.com\/wp-content\/uploads\/2021\/06\/NM_STILL02.jpg\",\"width\":1920,\"height\":1080},{\"@type\":\"BreadcrumbList\",\"@id\":\"https:\/\/www.pressenza.com\/es\/2021\/06\/andrea-testa-porque-no-solamente-son-las-jovenes-de-hoy-fueron-sus-madres-y-abuelas-tambien-ninas-mamas\/#breadcrumb\",\"itemListElement\":[{\"@type\":\"ListItem\",\"position\":1,\"name\":\"Accueil\",\"item\":\"https:\/\/www.pressenza.com\/es\/\"},{\"@type\":\"ListItem\",\"position\":2,\"name\":\"Andrea Testa: Porque no solamente son las j\u00f3venes de hoy, fueron sus madres y abuelas tambi\u00e9n ni\u00f1as mam\u00e1s\"}]},{\"@type\":\"WebSite\",\"@id\":\"https:\/\/www.pressenza.com\/es\/#website\",\"url\":\"https:\/\/www.pressenza.com\/es\/\",\"name\":\"Pressenza\",\"description\":\"International Press Agency\",\"publisher\":{\"@id\":\"https:\/\/www.pressenza.com\/es\/#organization\"},\"potentialAction\":[{\"@type\":\"SearchAction\",\"target\":{\"@type\":\"EntryPoint\",\"urlTemplate\":\"https:\/\/www.pressenza.com\/es\/?s={search_term_string}\"},\"query-input\":{\"@type\":\"PropertyValueSpecification\",\"valueRequired\":true,\"valueName\":\"search_term_string\"}}],\"inLanguage\":\"es\"},{\"@type\":\"Organization\",\"@id\":\"https:\/\/www.pressenza.com\/es\/#organization\",\"name\":\"Pressenza\",\"url\":\"https:\/\/www.pressenza.com\/es\/\",\"logo\":{\"@type\":\"ImageObject\",\"inLanguage\":\"es\",\"@id\":\"https:\/\/www.pressenza.com\/es\/#\/schema\/logo\/image\/\",\"url\":\"https:\/\/www.pressenza.com\/wp-content\/uploads\/2022\/10\/pressenza_logo_200x200.jpg\",\"contentUrl\":\"https:\/\/www.pressenza.com\/wp-content\/uploads\/2022\/10\/pressenza_logo_200x200.jpg\",\"width\":200,\"height\":200,\"caption\":\"Pressenza\"},\"image\":{\"@id\":\"https:\/\/www.pressenza.com\/es\/#\/schema\/logo\/image\/\"},\"sameAs\":[\"https:\/\/www.facebook.com\/PressenzaItalia\",\"https:\/\/x.com\/PressenzaIPA\"]},{\"@type\":\"Person\",\"@id\":\"https:\/\/www.pressenza.com\/es\/#\/schema\/person\/5162be2bf75419d7e91acfc2c50c3870\",\"name\":\"REHUNO - Red Humanista de Noticias en Salud\",\"description\":\"REHUNO is a group of volunteers from different countries, health professionals and\/or users of health services, who want to give voice to a \\\"humanizing view\\\" of health systems from a broad and comprehensive perspective. REHUNO wants to put into words and images the positive news that needs to be highlighted and the negative news that needs to be denounced and happening on a daily basis.http:\/\/rehunosalud.org\/\",\"sameAs\":[\"http:\/\/rehunosalud.org\/\",\"https:\/\/www.facebook.com\/rehunosalud\/\"],\"url\":\"https:\/\/www.pressenza.com\/es\/author\/rehuno\/\"}]}<\/script>\n<!-- \/ Yoast SEO plugin. -->","yoast_head_json":{"title":"Andrea Testa: Porque no solamente son las j\u00f3venes de hoy, fueron sus madres y abuelas tambi\u00e9n ni\u00f1as mam\u00e1s","description":"Por Flavia Estevan En latinoam\u00e9rica aproximadamente siete de cada 100 adolescentes, entre 15 y 19 a\u00f1os, se convierten en madres. El n\u00famero es mucho mayor","robots":{"index":"index","follow":"follow","max-snippet":"max-snippet:-1","max-image-preview":"max-image-preview:large","max-video-preview":"max-video-preview:-1"},"canonical":"https:\/\/www.pressenza.com\/es\/2021\/06\/andrea-testa-porque-no-solamente-son-las-jovenes-de-hoy-fueron-sus-madres-y-abuelas-tambien-ninas-mamas\/","og_locale":"es_ES","og_type":"article","og_title":"Andrea Testa: Porque no solamente son las j\u00f3venes de hoy, fueron sus madres y abuelas tambi\u00e9n ni\u00f1as mam\u00e1s","og_description":"Por Flavia Estevan En latinoam\u00e9rica aproximadamente siete de cada 100 adolescentes, entre 15 y 19 a\u00f1os, se convierten en madres. El n\u00famero es mucho mayor","og_url":"https:\/\/www.pressenza.com\/es\/2021\/06\/andrea-testa-porque-no-solamente-son-las-jovenes-de-hoy-fueron-sus-madres-y-abuelas-tambien-ninas-mamas\/","og_site_name":"Pressenza","article_publisher":"https:\/\/www.facebook.com\/PressenzaItalia","article_author":"https:\/\/www.facebook.com\/rehunosalud\/","article_published_time":"2021-06-02T17:26:05+00:00","article_modified_time":"2021-06-02T17:29:02+00:00","og_image":[{"width":1920,"height":1080,"url":"https:\/\/www.pressenza.com\/wp-content\/uploads\/2021\/06\/NM_STILL02.jpg","type":"image\/jpeg"}],"author":"REHUNO - Red Humanista de Noticias en Salud","twitter_card":"summary_large_image","twitter_creator":"@PressenzaIPA","twitter_site":"@PressenzaIPA","twitter_misc":{"Escrito por":"REHUNO - Red Humanista de Noticias en Salud","Tiempo de lectura":"12 minutos"},"schema":{"@context":"https:\/\/schema.org","@graph":[{"@type":"Article","@id":"https:\/\/www.pressenza.com\/es\/2021\/06\/andrea-testa-porque-no-solamente-son-las-jovenes-de-hoy-fueron-sus-madres-y-abuelas-tambien-ninas-mamas\/#article","isPartOf":{"@id":"https:\/\/www.pressenza.com\/es\/2021\/06\/andrea-testa-porque-no-solamente-son-las-jovenes-de-hoy-fueron-sus-madres-y-abuelas-tambien-ninas-mamas\/"},"author":{"name":"REHUNO - Red Humanista de Noticias en Salud","@id":"https:\/\/www.pressenza.com\/es\/#\/schema\/person\/5162be2bf75419d7e91acfc2c50c3870"},"headline":"Andrea Testa: Porque no solamente son las j\u00f3venes de hoy, fueron sus madres y abuelas tambi\u00e9n ni\u00f1as mam\u00e1s","datePublished":"2021-06-02T17:26:05+00:00","dateModified":"2021-06-02T17:29:02+00:00","mainEntityOfPage":{"@id":"https:\/\/www.pressenza.com\/es\/2021\/06\/andrea-testa-porque-no-solamente-son-las-jovenes-de-hoy-fueron-sus-madres-y-abuelas-tambien-ninas-mamas\/"},"wordCount":2459,"publisher":{"@id":"https:\/\/www.pressenza.com\/es\/#organization"},"image":{"@id":"https:\/\/www.pressenza.com\/es\/2021\/06\/andrea-testa-porque-no-solamente-son-las-jovenes-de-hoy-fueron-sus-madres-y-abuelas-tambien-ninas-mamas\/#primaryimage"},"thumbnailUrl":"https:\/\/www.pressenza.com\/wp-content\/uploads\/2021\/06\/NM_STILL02.jpg","keywords":["Andrea Testa","embarazo ni\u00f1as","feminismos","ni\u00f1a mam\u00e1","pel\u00edcula","Rehuno Salud"],"articleSection":["Contenido Original","Derechos Humanos","Entrevistas","G\u00e9nero y Feminismos","J\u00f3venes","Sudam\u00e9rica"],"inLanguage":"es"},{"@type":"WebPage","@id":"https:\/\/www.pressenza.com\/es\/2021\/06\/andrea-testa-porque-no-solamente-son-las-jovenes-de-hoy-fueron-sus-madres-y-abuelas-tambien-ninas-mamas\/","url":"https:\/\/www.pressenza.com\/es\/2021\/06\/andrea-testa-porque-no-solamente-son-las-jovenes-de-hoy-fueron-sus-madres-y-abuelas-tambien-ninas-mamas\/","name":"Andrea Testa: Porque no solamente son las j\u00f3venes de hoy, fueron sus madres y abuelas tambi\u00e9n ni\u00f1as mam\u00e1s","isPartOf":{"@id":"https:\/\/www.pressenza.com\/es\/#website"},"primaryImageOfPage":{"@id":"https:\/\/www.pressenza.com\/es\/2021\/06\/andrea-testa-porque-no-solamente-son-las-jovenes-de-hoy-fueron-sus-madres-y-abuelas-tambien-ninas-mamas\/#primaryimage"},"image":{"@id":"https:\/\/www.pressenza.com\/es\/2021\/06\/andrea-testa-porque-no-solamente-son-las-jovenes-de-hoy-fueron-sus-madres-y-abuelas-tambien-ninas-mamas\/#primaryimage"},"thumbnailUrl":"https:\/\/www.pressenza.com\/wp-content\/uploads\/2021\/06\/NM_STILL02.jpg","datePublished":"2021-06-02T17:26:05+00:00","dateModified":"2021-06-02T17:29:02+00:00","description":"Por Flavia Estevan En latinoam\u00e9rica aproximadamente siete de cada 100 adolescentes, entre 15 y 19 a\u00f1os, se convierten en madres. El n\u00famero es mucho mayor","breadcrumb":{"@id":"https:\/\/www.pressenza.com\/es\/2021\/06\/andrea-testa-porque-no-solamente-son-las-jovenes-de-hoy-fueron-sus-madres-y-abuelas-tambien-ninas-mamas\/#breadcrumb"},"inLanguage":"es","potentialAction":[{"@type":"ReadAction","target":["https:\/\/www.pressenza.com\/es\/2021\/06\/andrea-testa-porque-no-solamente-son-las-jovenes-de-hoy-fueron-sus-madres-y-abuelas-tambien-ninas-mamas\/"]}]},{"@type":"ImageObject","inLanguage":"es","@id":"https:\/\/www.pressenza.com\/es\/2021\/06\/andrea-testa-porque-no-solamente-son-las-jovenes-de-hoy-fueron-sus-madres-y-abuelas-tambien-ninas-mamas\/#primaryimage","url":"https:\/\/www.pressenza.com\/wp-content\/uploads\/2021\/06\/NM_STILL02.jpg","contentUrl":"https:\/\/www.pressenza.com\/wp-content\/uploads\/2021\/06\/NM_STILL02.jpg","width":1920,"height":1080},{"@type":"BreadcrumbList","@id":"https:\/\/www.pressenza.com\/es\/2021\/06\/andrea-testa-porque-no-solamente-son-las-jovenes-de-hoy-fueron-sus-madres-y-abuelas-tambien-ninas-mamas\/#breadcrumb","itemListElement":[{"@type":"ListItem","position":1,"name":"Accueil","item":"https:\/\/www.pressenza.com\/es\/"},{"@type":"ListItem","position":2,"name":"Andrea Testa: Porque no solamente son las j\u00f3venes de hoy, fueron sus madres y abuelas tambi\u00e9n ni\u00f1as mam\u00e1s"}]},{"@type":"WebSite","@id":"https:\/\/www.pressenza.com\/es\/#website","url":"https:\/\/www.pressenza.com\/es\/","name":"Pressenza","description":"International Press Agency","publisher":{"@id":"https:\/\/www.pressenza.com\/es\/#organization"},"potentialAction":[{"@type":"SearchAction","target":{"@type":"EntryPoint","urlTemplate":"https:\/\/www.pressenza.com\/es\/?s={search_term_string}"},"query-input":{"@type":"PropertyValueSpecification","valueRequired":true,"valueName":"search_term_string"}}],"inLanguage":"es"},{"@type":"Organization","@id":"https:\/\/www.pressenza.com\/es\/#organization","name":"Pressenza","url":"https:\/\/www.pressenza.com\/es\/","logo":{"@type":"ImageObject","inLanguage":"es","@id":"https:\/\/www.pressenza.com\/es\/#\/schema\/logo\/image\/","url":"https:\/\/www.pressenza.com\/wp-content\/uploads\/2022\/10\/pressenza_logo_200x200.jpg","contentUrl":"https:\/\/www.pressenza.com\/wp-content\/uploads\/2022\/10\/pressenza_logo_200x200.jpg","width":200,"height":200,"caption":"Pressenza"},"image":{"@id":"https:\/\/www.pressenza.com\/es\/#\/schema\/logo\/image\/"},"sameAs":["https:\/\/www.facebook.com\/PressenzaItalia","https:\/\/x.com\/PressenzaIPA"]},{"@type":"Person","@id":"https:\/\/www.pressenza.com\/es\/#\/schema\/person\/5162be2bf75419d7e91acfc2c50c3870","name":"REHUNO - Red Humanista de Noticias en Salud","description":"REHUNO is a group of volunteers from different countries, health professionals and\/or users of health services, who want to give voice to a \"humanizing view\" of health systems from a broad and comprehensive perspective. REHUNO wants to put into words and images the positive news that needs to be highlighted and the negative news that needs to be denounced and happening on a daily basis.http:\/\/rehunosalud.org\/","sameAs":["http:\/\/rehunosalud.org\/","https:\/\/www.facebook.com\/rehunosalud\/"],"url":"https:\/\/www.pressenza.com\/es\/author\/rehuno\/"}]}},"place":"Sao Paulo, Brasil","original_article_url":"","_links":{"self":[{"href":"https:\/\/www.pressenza.com\/es\/wp-json\/wp\/v2\/posts\/1372888","targetHints":{"allow":["GET"]}}],"collection":[{"href":"https:\/\/www.pressenza.com\/es\/wp-json\/wp\/v2\/posts"}],"about":[{"href":"https:\/\/www.pressenza.com\/es\/wp-json\/wp\/v2\/types\/post"}],"author":[{"embeddable":true,"href":"https:\/\/www.pressenza.com\/es\/wp-json\/wp\/v2\/users\/1680"}],"replies":[{"embeddable":true,"href":"https:\/\/www.pressenza.com\/es\/wp-json\/wp\/v2\/comments?post=1372888"}],"version-history":[{"count":0,"href":"https:\/\/www.pressenza.com\/es\/wp-json\/wp\/v2\/posts\/1372888\/revisions"}],"wp:featuredmedia":[{"embeddable":true,"href":"https:\/\/www.pressenza.com\/es\/wp-json\/wp\/v2\/media\/1372914"}],"wp:attachment":[{"href":"https:\/\/www.pressenza.com\/es\/wp-json\/wp\/v2\/media?parent=1372888"}],"wp:term":[{"taxonomy":"category","embeddable":true,"href":"https:\/\/www.pressenza.com\/es\/wp-json\/wp\/v2\/categories?post=1372888"},{"taxonomy":"post_tag","embeddable":true,"href":"https:\/\/www.pressenza.com\/es\/wp-json\/wp\/v2\/tags?post=1372888"}],"curies":[{"name":"wp","href":"https:\/\/api.w.org\/{rel}","templated":true}]}}