{"id":1372520,"date":"2021-06-02T00:54:25","date_gmt":"2021-06-01T23:54:25","guid":{"rendered":"https:\/\/www.pressenza.com\/?p=1372520"},"modified":"2021-06-05T18:05:10","modified_gmt":"2021-06-05T17:05:10","slug":"la-violencia-vicaria-no-distingue-sexos-aun-siendo-una-mayoria-las-mujeres-que-la-sufren","status":"publish","type":"post","link":"https:\/\/www.pressenza.com\/es\/2021\/06\/la-violencia-vicaria-no-distingue-sexos-aun-siendo-una-mayoria-las-mujeres-que-la-sufren\/","title":{"rendered":"La Violencia Vicaria no distingue sexos aun siendo una mayor\u00eda las mujeres que la sufren"},"content":{"rendered":"<p>De las muchas formas de violencia que el ser humano es capaz de ejercer, f\u00edsica, econ\u00f3mica, racial, sexual, etc., la violencia psicol\u00f3gica es quiz\u00e1s la forma m\u00e1s arraigada en nuestra sociedad. Su manifestaci\u00f3n es sutil, no visible, por lo que en la mayor\u00eda de los casos se hace muy dif\u00edcil reconocer, detectar y demostrar, a pesar de que cada vez hay m\u00e1s personas que la sufren y que la ejercen. Encontramos violencia y abuso psicol\u00f3gico en el trabajo, en las empresas, en las escuelas, en las relaciones de pareja y tambi\u00e9n en los hogares.<\/p>\n<p>El pasado 21 de marzo se empez\u00f3 a emitir en la televisi\u00f3n espa\u00f1ola una serie documental \u201cRoc\u00edo, contar la verdad para seguir viva\u201d que est\u00e1 sacudiendo a toda la sociedad. Se trata del testimonio de Roc\u00edo Carrasco, persona muy popular por ser hija de Roc\u00edo Jurado, cantante muy reconocida, no solo en Espa\u00f1a sino en toda Latinoam\u00e9rica, y que falleci\u00f3 hace quince a\u00f1os justo hoy.<\/p>\n<p>A lo largo de los doce cap\u00edtulos que dura la serie documental, semana tras semana Roc\u00edo Carrasco va relatando con todo detalle la violencia psicol\u00f3gica que ha sufrido durante \u00a0los \u00faltimos veinticinco a\u00f1os, no solo por parte de su expareja, sino tambi\u00e9n por la prensa rosa que se ha hecho eco de todas las mentiras que se han ido contando sobre ella. Durante su testimonio detalla el infierno que ha vivido, el p\u00e1nico al que se ha visto sometida y como \u00e9l ha conseguido quitarle a sus dos hijos, poni\u00e9ndolos totalmente en contra de ella. El relato es tan verdadero, tan s\u00f3rdido y tan brutal que ha conseguido remover las conciencias de toda una sociedad.<\/p>\n<p>Las denuncias por violencia machista recibidas han aumentado m\u00e1s de un 40% desde que se empez\u00f3 a emitir la serie por televisi\u00f3n. Son muchas las mujeres separadas o divorciadas que se han visto reflejadas en el documental, \u00a0que han tomado conciencia y se han dado cuenta de que lo que les estaba sucediendo a ellas no eran hechos aislados.<\/p>\n<p>A pesar de que el testimonio es una clara denuncia al machismo social e institucional, la realidad es que la violencia psicol\u00f3gica y parental tambi\u00e9n la sufren algunos hombres por parte de sus exparejas. Y sobre todo los hijos, las grandes v\u00edctimas. Y es que la violencia campea a sus anchas, no distingue edades, sexos, clases sociales o razas, dificultando as\u00ed todo progreso humano. Es tiempo de convertir el odio, de dejar de buscar venganza, es tiempo de sentir repugnancia y hast\u00edo por cada gesto de violencia que encontremos dentro o fuera de nosotros. Tiempo de dejar de guardar silencio ante cualquier forma de maltrato,\u00a0 tiempo de dejar de buscar culpables, tiempo de decir: \u00a1basta!<\/p>\n<p>El pasado mes de mayo se public\u00f3 el siguiente escrito en estilo epistolar dirigido a Roc\u00edo Carrasco, en el que varios grupos de padres y madres afectados por similares circunstancias se hacen eco y dan apoyo y testimonio a la verdad contada en el documental.<\/p>\n<p>Antonia Utrera<\/p>\n<p>&#8212;&#8212;&#8212;&#8212;&#8212;&#8212;&#8212;&#8212;&#8212;&#8212;&#8212;&#8212;&#8212;&#8212;&#8212;&#8212;&#8212;&#8212;&#8212;&#8212;&#8212;&#8212;&#8212;&#8212;&#8212;&#8212;&#8212;&#8211;<\/p>\n<p><em>Estimada Roc\u00edo Carrasco,<\/em><\/p>\n<p><em>Somos varios grupos de padres y madres de diferentes lugares de Espa\u00f1a que intercambiamos experiencia desde hace a\u00f1os con el objetivo de apoyarnos\u00a0 y ayudarnos a superar las situaciones de maltrato y abuso psicol\u00f3gico que estamos sufriendo, tanto nuestros hijos como nosotros mismos, por parte de nuestras exparejas.<\/em><\/p>\n<p><em>En algunos casos los v\u00ednculos con nuestros hijos se rompieron hace a\u00f1os, o est\u00e1n en plena crisis rompi\u00e9ndose en estos momentos. Otros hemos conseguido recuperar a nuestros hijos y estamos tratando de reconstruir los lazos afectivos tan da\u00f1ados.<\/em><\/p>\n<p><em>Hemos seguido con mucho inter\u00e9s tu testimonio y queremos expresarte nuestro profundo agradecimiento por poner luz a tanta oscuridad.<\/em><\/p>\n<p><em>La situaci\u00f3n de maltrato psicol\u00f3gico y f\u00edsico que relatas, invisibilizado por la falta de conocimiento por parte de la sociedad y las instituciones, es un claro espejo del dolor y el sufrimiento que venimos padeciendo diariamente en la relaci\u00f3n con nuestros hijos. Te sorprender\u00edas tanto como nosotros de las muchas coincidencias entre tus relatos y los nuestros.<\/em><\/p>\n<p><em>La psicopatolog\u00eda de las personas que han alienado a nuestros hijos poni\u00e9ndolos en contra nuestra, obedecen todos a un patr\u00f3n de comportamiento que pareciera de manual de DSM 5, coinciden totalmente.\u00a0 Por eso al escucharte nos hemos visto todos y todas sin excepci\u00f3n, reflejados en tu historia. Y nos hemos emocionado contigo. Algunos de nosotros hemos recuperado finalmente a nuestros hijos, aun as\u00ed hemos de decirte que\u00a0 la herida tan profunda deja secuelas importantes. Algunos\u00a0 de nuestros hijos est\u00e1n bajo tratamiento psicol\u00f3gico, se necesita tiempo para superar un trauma de este calibre. Otros lo han superado totalmente, convirtiendo su vivencia en un prop\u00f3sito vital de ayuda a los dem\u00e1s.<\/em><\/p>\n<p><em>Como t\u00fa, nos hemos dirigido al Defensor del Menor y al Defensor del Pueblo, quienes tambi\u00e9n nos han respondido con un \u201cd\u00edgaselo al Juzgado\u201d.<\/em><\/p>\n<p><em>Como t\u00fa, hemos recibido maltrato de nuestras exparejas (tanto hombres como mujeres).<\/em><\/p>\n<p><em>Como t\u00fa, hemos recibido de nuestros hijos los ataques, mentiras y desprecios y hemos soportado sus hirientes palabras y\u00a0 su alejamiento durante a\u00f1os, sin saber que nada de todo ello sal\u00eda de sus corazones, sino de sus mentes distorsionadas infundidas por el trastorno del otro progenitor, que us\u00f3 a estos como armas y escudos en su propio beneficio.<\/em><\/p>\n<p><em>Como t\u00fa, hemos sufrido la mala praxis de muchos de los psic\u00f3logos judiciales con sus diagn\u00f3sticos evaluados en visitas r\u00e1pidas de no m\u00e1s de media hora, en los cuales los jueces se apoyan totalmente a la hora de dictar sentencia.<\/em><\/p>\n<p><em>Como t\u00fa, nos hemos visto impotentes para proteger a nuestros hijos, desprotegidos como estamos por los psic\u00f3logos cl\u00ednicos que no se atreven a diagnosticar con claridad.<\/em><\/p>\n<p><em>Como t\u00fa, hemos sufrido la injusticia y la incompetencia de la Justicia.<\/em><\/p>\n<p><em>Como t\u00fa, nos hemos visto desamparados\u00a0 por familia y amigos, y hasta atacados a veces, en muchos de nuestros casos.<\/em><\/p>\n<p><em>Como t\u00fa, hemos vivido y muchos seguimos viviendo como almas en pena, con tratamiento psicol\u00f3gico, luchando contra Goliats, totalmente desvalidos, desesperados,\u00a0 hundidos por una Justicia y una Sociedad incapaz de comprender lo que est\u00e1 pasando, sabiendo que no somos casos excepcionales, sino muchas las personas que est\u00e1n padeciendo la misma situaci\u00f3n.<\/em><\/p>\n<p><em>Como t\u00fa, estamos en proceso de recuperarnos y empoderarnos.<\/em><\/p>\n<p><em>Afortun<\/em><em>adamente existen algunos profesionales, muy pocos, que se han especializado en Abuso Psicol\u00f3gico Infantil\u00a0 por Alienaci\u00f3n Paren<\/em><em>tal, tales como el abogado Cesar Mart\u00edn, el psic\u00f3logo Julio Bronchal Cambra, la Fundaci\u00f3n Filia con sus nuevas promociones de coordinadores parentales, y psic\u00f3logos cl\u00ednicos internacionales como el Dr. Craig Childress o el psiquiatra argentino Hugo Marietan.<\/em><\/p>\n<p><em>Necesitamos que la sociedad y las instituciones, tanto psicol\u00f3gicas como judiciales revisen los conceptos y procedimientos que se aplican en los divorcios altamente conflictivos, ya que detr\u00e1s hay parentalidades patog\u00e9nicas, sin importar el g\u00e9nero. Sacar a los ni\u00f1os de la presi\u00f3n judicial es imprescindible, dejarlos al margen de la guerra psicol\u00f3gica es imprescindible, apartarlos de un progenitor abusivo con trastorno es imprescindible y proteger a los ni\u00f1os sin por ello quebrar sus lazos de familia. Es importante que los v\u00ednculos paterno y materno filiales sean sanos para que las nuevas generaciones crezcan sanas. Y toda ayuda hoy, es poca.<\/em><\/p>\n<p><em>Muchas gracias, Roc\u00edo, por la valent\u00eda de tu testimonio.<\/em><\/p>\n<p><em>Quedamos a tu disposici\u00f3n y a la de otros afectados que puedan necesitarlo.<\/em><\/p>\n<p><em>Recibe un afectuoso abrazo,<\/em><\/p>\n<p>&nbsp;<\/p>\n<p>GRUPO RECUPERANDO CORAZONES<\/p>\n<p>ASOCIACI\u00d3N ARESAP<\/p>\n<p>Abuso Psicol\u00f3gico Infantil<\/p>\n<p>e-mail: recuperandocorazones@gmail.com<\/p>\n<p>&nbsp;<\/p>\n<p><strong>Lecturas recomendadas:<\/strong><\/p>\n<p>\u201cEl Abuso de debilidad y otras manipulaciones \u201d de Marie France Hirigoyen.<\/p>\n<p>\u201cEl Acoso moral\u201d de Marie France Hirigoyen.<\/p>\n<p>\u201cSAP. S\u00edndrome de alienaci\u00f3n parental: Hijos manipulados por un c\u00f3nyuge para odiar al otro\u201d de Jos\u00e9 Manuel Aguilar Cuenca.<\/p>\n<p>&nbsp;<\/p>\n","protected":false},"excerpt":{"rendered":"<p>De las muchas formas de violencia que el ser humano es capaz de ejercer, f\u00edsica, econ\u00f3mica, racial, sexual, etc., la violencia psicol\u00f3gica es quiz\u00e1s la forma m\u00e1s arraigada en nuestra sociedad. Su manifestaci\u00f3n es sutil, no visible, por lo que&hellip;<\/p>\n","protected":false},"author":1120,"featured_media":1372544,"comment_status":"closed","ping_status":"closed","sticky":false,"template":"","format":"standard","meta":{"footnotes":""},"categories":[11389,54515],"tags":[91568,91567,91560,91564,91566,91565,91562,91563,52166,91561,91557,91558,1594,27655,91556],"class_list":["post-1372520","post","type-post","status-publish","format-standard","has-post-thumbnail","hentry","category-contenido-original","category-genero-y-feminismos","tag-alienacion-parental","tag-cesar-martin","tag-contar-la-verdad-para-seguir-viva","tag-dr-craig-childress","tag-fundacion-filia","tag-hugo-marietan","tag-jose-manuel-aguilar-cuenca","tag-julio-bronchal-cambra","tag-maltrato-psicologico","tag-marie-france-hirigoyen","tag-rocio-carrasco","tag-violencia-a-la-infancia","tag-violencia-machista","tag-violencia-psicologica","tag-violencia-vicaria"],"yoast_head":"<!-- This site is optimized with the Yoast SEO plugin v27.1.1 - https:\/\/yoast.com\/product\/yoast-seo-wordpress\/ -->\n<title>La Violencia Vicaria no distingue sexos aun siendo una mayor\u00eda las mujeres que la sufren<\/title>\n<meta name=\"description\" content=\"De las muchas formas de violencia que el ser humano es capaz de ejercer, f\u00edsica, econ\u00f3mica, racial, sexual, etc., la violencia psicol\u00f3gica es quiz\u00e1s la\" \/>\n<meta name=\"robots\" content=\"index, follow, max-snippet:-1, max-image-preview:large, max-video-preview:-1\" \/>\n<link rel=\"canonical\" href=\"https:\/\/www.pressenza.com\/es\/2021\/06\/la-violencia-vicaria-no-distingue-sexos-aun-siendo-una-mayoria-las-mujeres-que-la-sufren\/\" \/>\n<meta property=\"og:locale\" content=\"es_ES\" \/>\n<meta property=\"og:type\" content=\"article\" \/>\n<meta property=\"og:title\" content=\"La Violencia Vicaria no distingue sexos aun siendo una mayor\u00eda las mujeres que la sufren\" \/>\n<meta property=\"og:description\" content=\"De las muchas formas de violencia que el ser humano es capaz de ejercer, f\u00edsica, econ\u00f3mica, racial, sexual, etc., la violencia psicol\u00f3gica es quiz\u00e1s la\" \/>\n<meta property=\"og:url\" content=\"https:\/\/www.pressenza.com\/es\/2021\/06\/la-violencia-vicaria-no-distingue-sexos-aun-siendo-una-mayoria-las-mujeres-que-la-sufren\/\" \/>\n<meta property=\"og:site_name\" content=\"Pressenza\" \/>\n<meta property=\"article:publisher\" content=\"https:\/\/www.facebook.com\/PressenzaItalia\" \/>\n<meta property=\"article:published_time\" content=\"2021-06-01T23:54:25+00:00\" \/>\n<meta property=\"article:modified_time\" content=\"2021-06-05T17:05:10+00:00\" \/>\n<meta property=\"og:image\" content=\"https:\/\/www.pressenza.com\/wp-content\/uploads\/2021\/06\/people-2597622_1920-2-1080x675-1.jpg\" \/>\n\t<meta property=\"og:image:width\" content=\"1080\" \/>\n\t<meta property=\"og:image:height\" content=\"675\" \/>\n\t<meta property=\"og:image:type\" content=\"image\/jpeg\" \/>\n<meta name=\"author\" content=\"Antonia Utrera\" \/>\n<meta name=\"twitter:card\" content=\"summary_large_image\" \/>\n<meta name=\"twitter:creator\" content=\"@PressenzaIPA\" \/>\n<meta name=\"twitter:site\" content=\"@PressenzaIPA\" \/>\n<meta name=\"twitter:label1\" content=\"Escrito por\" \/>\n\t<meta name=\"twitter:data1\" content=\"Antonia Utrera\" \/>\n\t<meta name=\"twitter:label2\" content=\"Tiempo de lectura\" \/>\n\t<meta name=\"twitter:data2\" content=\"7 minutos\" \/>\n<script type=\"application\/ld+json\" class=\"yoast-schema-graph\">{\"@context\":\"https:\/\/schema.org\",\"@graph\":[{\"@type\":\"Article\",\"@id\":\"https:\/\/www.pressenza.com\/es\/2021\/06\/la-violencia-vicaria-no-distingue-sexos-aun-siendo-una-mayoria-las-mujeres-que-la-sufren\/#article\",\"isPartOf\":{\"@id\":\"https:\/\/www.pressenza.com\/es\/2021\/06\/la-violencia-vicaria-no-distingue-sexos-aun-siendo-una-mayoria-las-mujeres-que-la-sufren\/\"},\"author\":{\"name\":\"Antonia Utrera\",\"@id\":\"https:\/\/www.pressenza.com\/es\/#\/schema\/person\/3d1608dac82a5f0ea9ad17d03bea0b2a\"},\"headline\":\"La Violencia Vicaria no distingue sexos aun siendo una mayor\u00eda las mujeres que la sufren\",\"datePublished\":\"2021-06-01T23:54:25+00:00\",\"dateModified\":\"2021-06-05T17:05:10+00:00\",\"mainEntityOfPage\":{\"@id\":\"https:\/\/www.pressenza.com\/es\/2021\/06\/la-violencia-vicaria-no-distingue-sexos-aun-siendo-una-mayoria-las-mujeres-que-la-sufren\/\"},\"wordCount\":1363,\"publisher\":{\"@id\":\"https:\/\/www.pressenza.com\/es\/#organization\"},\"image\":{\"@id\":\"https:\/\/www.pressenza.com\/es\/2021\/06\/la-violencia-vicaria-no-distingue-sexos-aun-siendo-una-mayoria-las-mujeres-que-la-sufren\/#primaryimage\"},\"thumbnailUrl\":\"https:\/\/www.pressenza.com\/wp-content\/uploads\/2021\/06\/people-2597622_1920-2-1080x675-1.jpg\",\"keywords\":[\"Alienaci\u00f3n Parental\",\"Cesar Mart\u00edn\",\"contar la verdad para seguir viva\\\"\",\"Dr. Craig Childress\",\"Fundaci\u00f3n Filia\",\"Hugo Marietan.\",\"Jos\u00e9 Manuel Aguilar Cuenca.\",\"Julio Bronchal Cambra\",\"maltrato psicol\u00f3gico\",\"Marie France Hirigoyen.\",\"Roc\u00edo Carrasco\",\"violencia a la infancia\",\"violencia machista\",\"violencia psicol\u00f3gica\",\"Violencia Vicaria\"],\"articleSection\":[\"Contenido Original\",\"G\u00e9nero y Feminismos\"],\"inLanguage\":\"es\"},{\"@type\":\"WebPage\",\"@id\":\"https:\/\/www.pressenza.com\/es\/2021\/06\/la-violencia-vicaria-no-distingue-sexos-aun-siendo-una-mayoria-las-mujeres-que-la-sufren\/\",\"url\":\"https:\/\/www.pressenza.com\/es\/2021\/06\/la-violencia-vicaria-no-distingue-sexos-aun-siendo-una-mayoria-las-mujeres-que-la-sufren\/\",\"name\":\"La Violencia Vicaria no distingue sexos aun siendo una mayor\u00eda las mujeres que la sufren\",\"isPartOf\":{\"@id\":\"https:\/\/www.pressenza.com\/es\/#website\"},\"primaryImageOfPage\":{\"@id\":\"https:\/\/www.pressenza.com\/es\/2021\/06\/la-violencia-vicaria-no-distingue-sexos-aun-siendo-una-mayoria-las-mujeres-que-la-sufren\/#primaryimage\"},\"image\":{\"@id\":\"https:\/\/www.pressenza.com\/es\/2021\/06\/la-violencia-vicaria-no-distingue-sexos-aun-siendo-una-mayoria-las-mujeres-que-la-sufren\/#primaryimage\"},\"thumbnailUrl\":\"https:\/\/www.pressenza.com\/wp-content\/uploads\/2021\/06\/people-2597622_1920-2-1080x675-1.jpg\",\"datePublished\":\"2021-06-01T23:54:25+00:00\",\"dateModified\":\"2021-06-05T17:05:10+00:00\",\"description\":\"De las muchas formas de violencia que el ser humano es capaz de ejercer, f\u00edsica, econ\u00f3mica, racial, sexual, etc., la violencia psicol\u00f3gica es quiz\u00e1s la\",\"breadcrumb\":{\"@id\":\"https:\/\/www.pressenza.com\/es\/2021\/06\/la-violencia-vicaria-no-distingue-sexos-aun-siendo-una-mayoria-las-mujeres-que-la-sufren\/#breadcrumb\"},\"inLanguage\":\"es\",\"potentialAction\":[{\"@type\":\"ReadAction\",\"target\":[\"https:\/\/www.pressenza.com\/es\/2021\/06\/la-violencia-vicaria-no-distingue-sexos-aun-siendo-una-mayoria-las-mujeres-que-la-sufren\/\"]}]},{\"@type\":\"ImageObject\",\"inLanguage\":\"es\",\"@id\":\"https:\/\/www.pressenza.com\/es\/2021\/06\/la-violencia-vicaria-no-distingue-sexos-aun-siendo-una-mayoria-las-mujeres-que-la-sufren\/#primaryimage\",\"url\":\"https:\/\/www.pressenza.com\/wp-content\/uploads\/2021\/06\/people-2597622_1920-2-1080x675-1.jpg\",\"contentUrl\":\"https:\/\/www.pressenza.com\/wp-content\/uploads\/2021\/06\/people-2597622_1920-2-1080x675-1.jpg\",\"width\":1080,\"height\":675,\"caption\":\"Violencia Vicaria\"},{\"@type\":\"BreadcrumbList\",\"@id\":\"https:\/\/www.pressenza.com\/es\/2021\/06\/la-violencia-vicaria-no-distingue-sexos-aun-siendo-una-mayoria-las-mujeres-que-la-sufren\/#breadcrumb\",\"itemListElement\":[{\"@type\":\"ListItem\",\"position\":1,\"name\":\"Accueil\",\"item\":\"https:\/\/www.pressenza.com\/es\/\"},{\"@type\":\"ListItem\",\"position\":2,\"name\":\"La Violencia Vicaria no distingue sexos aun siendo una mayor\u00eda las mujeres que la sufren\"}]},{\"@type\":\"WebSite\",\"@id\":\"https:\/\/www.pressenza.com\/es\/#website\",\"url\":\"https:\/\/www.pressenza.com\/es\/\",\"name\":\"Pressenza\",\"description\":\"International Press Agency\",\"publisher\":{\"@id\":\"https:\/\/www.pressenza.com\/es\/#organization\"},\"potentialAction\":[{\"@type\":\"SearchAction\",\"target\":{\"@type\":\"EntryPoint\",\"urlTemplate\":\"https:\/\/www.pressenza.com\/es\/?s={search_term_string}\"},\"query-input\":{\"@type\":\"PropertyValueSpecification\",\"valueRequired\":true,\"valueName\":\"search_term_string\"}}],\"inLanguage\":\"es\"},{\"@type\":\"Organization\",\"@id\":\"https:\/\/www.pressenza.com\/es\/#organization\",\"name\":\"Pressenza\",\"url\":\"https:\/\/www.pressenza.com\/es\/\",\"logo\":{\"@type\":\"ImageObject\",\"inLanguage\":\"es\",\"@id\":\"https:\/\/www.pressenza.com\/es\/#\/schema\/logo\/image\/\",\"url\":\"https:\/\/www.pressenza.com\/wp-content\/uploads\/2022\/10\/pressenza_logo_200x200.jpg\",\"contentUrl\":\"https:\/\/www.pressenza.com\/wp-content\/uploads\/2022\/10\/pressenza_logo_200x200.jpg\",\"width\":200,\"height\":200,\"caption\":\"Pressenza\"},\"image\":{\"@id\":\"https:\/\/www.pressenza.com\/es\/#\/schema\/logo\/image\/\"},\"sameAs\":[\"https:\/\/www.facebook.com\/PressenzaItalia\",\"https:\/\/x.com\/PressenzaIPA\"]},{\"@type\":\"Person\",\"@id\":\"https:\/\/www.pressenza.com\/es\/#\/schema\/person\/3d1608dac82a5f0ea9ad17d03bea0b2a\",\"name\":\"Antonia Utrera\",\"description\":\"Antonia Utrera lives and works in Barcelona, Spain. Writer, editor and journalist. Long experience in the media and communication. Director of the magazine Acelobert Barcelona. A member of the Noesis Humanist Centre of Studies.\",\"url\":\"https:\/\/www.pressenza.com\/es\/author\/antonia-utrera\/\"}]}<\/script>\n<!-- \/ Yoast SEO plugin. -->","yoast_head_json":{"title":"La Violencia Vicaria no distingue sexos aun siendo una mayor\u00eda las mujeres que la sufren","description":"De las muchas formas de violencia que el ser humano es capaz de ejercer, f\u00edsica, econ\u00f3mica, racial, sexual, etc., la violencia psicol\u00f3gica es quiz\u00e1s la","robots":{"index":"index","follow":"follow","max-snippet":"max-snippet:-1","max-image-preview":"max-image-preview:large","max-video-preview":"max-video-preview:-1"},"canonical":"https:\/\/www.pressenza.com\/es\/2021\/06\/la-violencia-vicaria-no-distingue-sexos-aun-siendo-una-mayoria-las-mujeres-que-la-sufren\/","og_locale":"es_ES","og_type":"article","og_title":"La Violencia Vicaria no distingue sexos aun siendo una mayor\u00eda las mujeres que la sufren","og_description":"De las muchas formas de violencia que el ser humano es capaz de ejercer, f\u00edsica, econ\u00f3mica, racial, sexual, etc., la violencia psicol\u00f3gica es quiz\u00e1s la","og_url":"https:\/\/www.pressenza.com\/es\/2021\/06\/la-violencia-vicaria-no-distingue-sexos-aun-siendo-una-mayoria-las-mujeres-que-la-sufren\/","og_site_name":"Pressenza","article_publisher":"https:\/\/www.facebook.com\/PressenzaItalia","article_published_time":"2021-06-01T23:54:25+00:00","article_modified_time":"2021-06-05T17:05:10+00:00","og_image":[{"width":1080,"height":675,"url":"https:\/\/www.pressenza.com\/wp-content\/uploads\/2021\/06\/people-2597622_1920-2-1080x675-1.jpg","type":"image\/jpeg"}],"author":"Antonia Utrera","twitter_card":"summary_large_image","twitter_creator":"@PressenzaIPA","twitter_site":"@PressenzaIPA","twitter_misc":{"Escrito por":"Antonia Utrera","Tiempo de lectura":"7 minutos"},"schema":{"@context":"https:\/\/schema.org","@graph":[{"@type":"Article","@id":"https:\/\/www.pressenza.com\/es\/2021\/06\/la-violencia-vicaria-no-distingue-sexos-aun-siendo-una-mayoria-las-mujeres-que-la-sufren\/#article","isPartOf":{"@id":"https:\/\/www.pressenza.com\/es\/2021\/06\/la-violencia-vicaria-no-distingue-sexos-aun-siendo-una-mayoria-las-mujeres-que-la-sufren\/"},"author":{"name":"Antonia Utrera","@id":"https:\/\/www.pressenza.com\/es\/#\/schema\/person\/3d1608dac82a5f0ea9ad17d03bea0b2a"},"headline":"La Violencia Vicaria no distingue sexos aun siendo una mayor\u00eda las mujeres que la sufren","datePublished":"2021-06-01T23:54:25+00:00","dateModified":"2021-06-05T17:05:10+00:00","mainEntityOfPage":{"@id":"https:\/\/www.pressenza.com\/es\/2021\/06\/la-violencia-vicaria-no-distingue-sexos-aun-siendo-una-mayoria-las-mujeres-que-la-sufren\/"},"wordCount":1363,"publisher":{"@id":"https:\/\/www.pressenza.com\/es\/#organization"},"image":{"@id":"https:\/\/www.pressenza.com\/es\/2021\/06\/la-violencia-vicaria-no-distingue-sexos-aun-siendo-una-mayoria-las-mujeres-que-la-sufren\/#primaryimage"},"thumbnailUrl":"https:\/\/www.pressenza.com\/wp-content\/uploads\/2021\/06\/people-2597622_1920-2-1080x675-1.jpg","keywords":["Alienaci\u00f3n Parental","Cesar Mart\u00edn","contar la verdad para seguir viva\"","Dr. Craig Childress","Fundaci\u00f3n Filia","Hugo Marietan.","Jos\u00e9 Manuel Aguilar Cuenca.","Julio Bronchal Cambra","maltrato psicol\u00f3gico","Marie France Hirigoyen.","Roc\u00edo Carrasco","violencia a la infancia","violencia machista","violencia psicol\u00f3gica","Violencia Vicaria"],"articleSection":["Contenido Original","G\u00e9nero y Feminismos"],"inLanguage":"es"},{"@type":"WebPage","@id":"https:\/\/www.pressenza.com\/es\/2021\/06\/la-violencia-vicaria-no-distingue-sexos-aun-siendo-una-mayoria-las-mujeres-que-la-sufren\/","url":"https:\/\/www.pressenza.com\/es\/2021\/06\/la-violencia-vicaria-no-distingue-sexos-aun-siendo-una-mayoria-las-mujeres-que-la-sufren\/","name":"La Violencia Vicaria no distingue sexos aun siendo una mayor\u00eda las mujeres que la sufren","isPartOf":{"@id":"https:\/\/www.pressenza.com\/es\/#website"},"primaryImageOfPage":{"@id":"https:\/\/www.pressenza.com\/es\/2021\/06\/la-violencia-vicaria-no-distingue-sexos-aun-siendo-una-mayoria-las-mujeres-que-la-sufren\/#primaryimage"},"image":{"@id":"https:\/\/www.pressenza.com\/es\/2021\/06\/la-violencia-vicaria-no-distingue-sexos-aun-siendo-una-mayoria-las-mujeres-que-la-sufren\/#primaryimage"},"thumbnailUrl":"https:\/\/www.pressenza.com\/wp-content\/uploads\/2021\/06\/people-2597622_1920-2-1080x675-1.jpg","datePublished":"2021-06-01T23:54:25+00:00","dateModified":"2021-06-05T17:05:10+00:00","description":"De las muchas formas de violencia que el ser humano es capaz de ejercer, f\u00edsica, econ\u00f3mica, racial, sexual, etc., la violencia psicol\u00f3gica es quiz\u00e1s la","breadcrumb":{"@id":"https:\/\/www.pressenza.com\/es\/2021\/06\/la-violencia-vicaria-no-distingue-sexos-aun-siendo-una-mayoria-las-mujeres-que-la-sufren\/#breadcrumb"},"inLanguage":"es","potentialAction":[{"@type":"ReadAction","target":["https:\/\/www.pressenza.com\/es\/2021\/06\/la-violencia-vicaria-no-distingue-sexos-aun-siendo-una-mayoria-las-mujeres-que-la-sufren\/"]}]},{"@type":"ImageObject","inLanguage":"es","@id":"https:\/\/www.pressenza.com\/es\/2021\/06\/la-violencia-vicaria-no-distingue-sexos-aun-siendo-una-mayoria-las-mujeres-que-la-sufren\/#primaryimage","url":"https:\/\/www.pressenza.com\/wp-content\/uploads\/2021\/06\/people-2597622_1920-2-1080x675-1.jpg","contentUrl":"https:\/\/www.pressenza.com\/wp-content\/uploads\/2021\/06\/people-2597622_1920-2-1080x675-1.jpg","width":1080,"height":675,"caption":"Violencia Vicaria"},{"@type":"BreadcrumbList","@id":"https:\/\/www.pressenza.com\/es\/2021\/06\/la-violencia-vicaria-no-distingue-sexos-aun-siendo-una-mayoria-las-mujeres-que-la-sufren\/#breadcrumb","itemListElement":[{"@type":"ListItem","position":1,"name":"Accueil","item":"https:\/\/www.pressenza.com\/es\/"},{"@type":"ListItem","position":2,"name":"La Violencia Vicaria no distingue sexos aun siendo una mayor\u00eda las mujeres que la sufren"}]},{"@type":"WebSite","@id":"https:\/\/www.pressenza.com\/es\/#website","url":"https:\/\/www.pressenza.com\/es\/","name":"Pressenza","description":"International Press Agency","publisher":{"@id":"https:\/\/www.pressenza.com\/es\/#organization"},"potentialAction":[{"@type":"SearchAction","target":{"@type":"EntryPoint","urlTemplate":"https:\/\/www.pressenza.com\/es\/?s={search_term_string}"},"query-input":{"@type":"PropertyValueSpecification","valueRequired":true,"valueName":"search_term_string"}}],"inLanguage":"es"},{"@type":"Organization","@id":"https:\/\/www.pressenza.com\/es\/#organization","name":"Pressenza","url":"https:\/\/www.pressenza.com\/es\/","logo":{"@type":"ImageObject","inLanguage":"es","@id":"https:\/\/www.pressenza.com\/es\/#\/schema\/logo\/image\/","url":"https:\/\/www.pressenza.com\/wp-content\/uploads\/2022\/10\/pressenza_logo_200x200.jpg","contentUrl":"https:\/\/www.pressenza.com\/wp-content\/uploads\/2022\/10\/pressenza_logo_200x200.jpg","width":200,"height":200,"caption":"Pressenza"},"image":{"@id":"https:\/\/www.pressenza.com\/es\/#\/schema\/logo\/image\/"},"sameAs":["https:\/\/www.facebook.com\/PressenzaItalia","https:\/\/x.com\/PressenzaIPA"]},{"@type":"Person","@id":"https:\/\/www.pressenza.com\/es\/#\/schema\/person\/3d1608dac82a5f0ea9ad17d03bea0b2a","name":"Antonia Utrera","description":"Antonia Utrera lives and works in Barcelona, Spain. Writer, editor and journalist. Long experience in the media and communication. Director of the magazine Acelobert Barcelona. A member of the Noesis Humanist Centre of Studies.","url":"https:\/\/www.pressenza.com\/es\/author\/antonia-utrera\/"}]}},"place":"Barcelona (Espa\u00f1a)","original_article_url":"https:\/\/acelobert.com\/es\/carta-a-rocio-carrasco\/","_links":{"self":[{"href":"https:\/\/www.pressenza.com\/es\/wp-json\/wp\/v2\/posts\/1372520","targetHints":{"allow":["GET"]}}],"collection":[{"href":"https:\/\/www.pressenza.com\/es\/wp-json\/wp\/v2\/posts"}],"about":[{"href":"https:\/\/www.pressenza.com\/es\/wp-json\/wp\/v2\/types\/post"}],"author":[{"embeddable":true,"href":"https:\/\/www.pressenza.com\/es\/wp-json\/wp\/v2\/users\/1120"}],"replies":[{"embeddable":true,"href":"https:\/\/www.pressenza.com\/es\/wp-json\/wp\/v2\/comments?post=1372520"}],"version-history":[{"count":0,"href":"https:\/\/www.pressenza.com\/es\/wp-json\/wp\/v2\/posts\/1372520\/revisions"}],"wp:featuredmedia":[{"embeddable":true,"href":"https:\/\/www.pressenza.com\/es\/wp-json\/wp\/v2\/media\/1372544"}],"wp:attachment":[{"href":"https:\/\/www.pressenza.com\/es\/wp-json\/wp\/v2\/media?parent=1372520"}],"wp:term":[{"taxonomy":"category","embeddable":true,"href":"https:\/\/www.pressenza.com\/es\/wp-json\/wp\/v2\/categories?post=1372520"},{"taxonomy":"post_tag","embeddable":true,"href":"https:\/\/www.pressenza.com\/es\/wp-json\/wp\/v2\/tags?post=1372520"}],"curies":[{"name":"wp","href":"https:\/\/api.w.org\/{rel}","templated":true}]}}