{"id":1372360,"date":"2021-06-01T17:51:09","date_gmt":"2021-06-01T16:51:09","guid":{"rendered":"https:\/\/www.pressenza.com\/?p=1372360"},"modified":"2021-06-01T17:51:09","modified_gmt":"2021-06-01T16:51:09","slug":"onu-lleva-a-cabo-reuniones-sobre-cambio-climatico-previas-a-la-cop26","status":"publish","type":"post","link":"https:\/\/www.pressenza.com\/es\/2021\/06\/onu-lleva-a-cabo-reuniones-sobre-cambio-climatico-previas-a-la-cop26\/","title":{"rendered":"ONU lleva a cabo reuniones sobre Cambio Clim\u00e1tico previas a la COP26"},"content":{"rendered":"<p>Funcionarios del \u00e1rea de medio ambiente de los pa\u00edses miembros de la Organizaci\u00f3n de Naciones Unidas (ONU) inician este lunes tres semanas de conversaciones en l\u00ednea sobre el clima dise\u00f1ada, para preparar un \u00abresultado ambicioso y equilibrado\u00bb en la COP26 a celebrarse en el venidero mes de noviembre en Glasgow, Reino Unido.<\/p>\n<p>Con el tel\u00f3n de fondo de una nueva advertencia internacional de que el mundo est\u00e1 peligrosamente cerca de superar el objetivo del Acuerdo de Par\u00eds de limitar el aumento de la temperatura global a 1,5 \u00baC, los gobiernos han iniciado las conversaciones tras un a\u00f1o de reuniones en l\u00ednea limitadas e informales en 2020 debido a la pandemia de la Covid-19.<\/p>\n<p>Estas reuniones de los \u00f3rganos subsidiarios ofrecen a los gobiernos la oportunidad de avanzar en varias cuestiones t\u00e9cnicas pendientes que son clave para lograr el \u00e9xito en la COP26, aplicar el Acuerdo de Par\u00eds y, en \u00faltima instancia, limitar las temperaturas globales a 1,5 \u00baC.<\/p>\n<p>\u00abEs hora de concluir las negociaciones pendientes y aplicar el Acuerdo de Par\u00eds\u00bb, dijo Patricia Espinosa, secretaria ejecutiva de ONU Cambio Clim\u00e1tico, quien, en ese sentido apunt\u00f3: \u00abla evaluaci\u00f3n de la OMM es una clara advertencia de que el reloj se est\u00e1 agotando para que el mundo logre los objetivos del Acuerdo de Par\u00eds.<\/p>\n<p>Aprovechar todo su potencial no solo permitir\u00e1 hacer frente al cambio clim\u00e1tico, sino que ayudar\u00e1 al mundo a avanzar desde la pandemia de la Covid-19 e impulsar la transformaci\u00f3n hacia un futuro m\u00e1s limpio, m\u00e1s verde y m\u00e1s sostenible. Nos encontramos en un momento \u00fanico y sin precedentes y no podemos permitirnos perder esta oportunidad\u00bb.<\/p>\n<p>La responsable de la ONU para el cambio clim\u00e1tico dijo al respecto: \u00abEste es el momento del liderazgo. Es el momento de tomar decisiones. Estas sesiones de mayo-junio deben maximizar los avances y limitar los retrasos. Son un hito fundamental para preparar el resultado ambicioso y equilibrado que necesitamos en Glasgow\u00bb.<\/p>\n<p>Entre los puntos claves a debatir se encuentran el cumplimiento de los compromisos previos a 2020, el apoyo a los pa\u00edses en desarrollo, la finalizaci\u00f3n de los detalles que permitir\u00e1n a todos los pa\u00edses comunicar sus acciones clim\u00e1ticas de forma transparente en el marco del Acuerdo de Par\u00eds, la finalizaci\u00f3n de los detalles de c\u00f3mo funcionar\u00e1n los mecanismos de mercado y no mercado de carbono del acuerdo y el aumento de la ambici\u00f3n tanto en la creaci\u00f3n de resiliencia como en la reducci\u00f3n de emisiones.<\/p>\n<p>\u00abA poco m\u00e1s de cinco meses de la COP, el mensaje es claro: debemos intensificar nuestra respuesta global a la crisis clim\u00e1tica. Es fundamental que hagamos que esta sesi\u00f3n cuente, dejando atr\u00e1s las declaraciones de posici\u00f3n y logrando avances tangibles dentro de la lucha contra el cambio clim\u00e1tico\u00bb, apunt\u00f3 Alok Sharma, presidente entrante de la COP26.<\/p>\n<p>\u00abEl a\u00f1o pasado, los pa\u00edses consiguieron continuar sus intercambios sobre diversos temas y mantener el impulso del proceso gracias a su participaci\u00f3n en varios eventos virtuales. Han adquirido experiencia en el uso de las herramientas y plataformas virtuales proporcionadas por ONU Cambio Clim\u00e1tico para apoyar su trabajo\u00bb, dijo Tosi Mpanu Mpanu, presidente del \u00d3rgano Subsidiario de Asesoramiento Cient\u00edfico y Tecnol\u00f3gico (OSACT)<\/p>\n<p>La reuni\u00f3n entregar\u00e1 sus resultados al comit\u00e9 preparatorio de la COP26 de Reino Unido dentro de medio a\u00f1o.<\/p>\n","protected":false},"excerpt":{"rendered":"<p>Funcionarios del \u00e1rea de medio ambiente de los pa\u00edses miembros de la Organizaci\u00f3n de Naciones Unidas (ONU) inician este lunes tres semanas de conversaciones en l\u00ednea sobre el clima dise\u00f1ada, para preparar un \u00abresultado ambicioso y equilibrado\u00bb en la COP26&hellip;<\/p>\n","protected":false},"author":616,"featured_media":1372362,"comment_status":"closed","ping_status":"closed","sticky":false,"template":"","format":"standard","meta":{"footnotes":""},"categories":[78,39],"tags":[1265,91548,679],"class_list":["post-1372360","post","type-post","status-publish","format-standard","has-post-thumbnail","hentry","category-medio-ambiente-ecologia","category-internacional","tag-cambio-climatico","tag-cop26-es","tag-onu-es"],"yoast_head":"<!-- This site is optimized with the Yoast SEO plugin v27.1.1 - https:\/\/yoast.com\/product\/yoast-seo-wordpress\/ -->\n<title>ONU lleva a cabo reuniones sobre Cambio Clim\u00e1tico previas a la COP26<\/title>\n<meta name=\"description\" content=\"Funcionarios del \u00e1rea de medio ambiente de los pa\u00edses miembros de la Organizaci\u00f3n de Naciones Unidas (ONU) inician este lunes tres semanas de\" \/>\n<meta name=\"robots\" content=\"index, follow, max-snippet:-1, max-image-preview:large, max-video-preview:-1\" \/>\n<link rel=\"canonical\" href=\"https:\/\/www.pressenza.com\/es\/2021\/06\/onu-lleva-a-cabo-reuniones-sobre-cambio-climatico-previas-a-la-cop26\/\" \/>\n<meta property=\"og:locale\" content=\"es_ES\" \/>\n<meta property=\"og:type\" content=\"article\" \/>\n<meta property=\"og:title\" content=\"ONU lleva a cabo reuniones sobre Cambio Clim\u00e1tico previas a la COP26\" \/>\n<meta property=\"og:description\" content=\"Funcionarios del \u00e1rea de medio ambiente de los pa\u00edses miembros de la Organizaci\u00f3n de Naciones Unidas (ONU) inician este lunes tres semanas de\" \/>\n<meta property=\"og:url\" content=\"https:\/\/www.pressenza.com\/es\/2021\/06\/onu-lleva-a-cabo-reuniones-sobre-cambio-climatico-previas-a-la-cop26\/\" \/>\n<meta property=\"og:site_name\" content=\"Pressenza\" \/>\n<meta property=\"article:publisher\" content=\"https:\/\/www.facebook.com\/PressenzaItalia\" \/>\n<meta property=\"article:published_time\" content=\"2021-06-01T16:51:09+00:00\" \/>\n<meta property=\"og:image\" content=\"https:\/\/www.pressenza.com\/wp-content\/uploads\/2021\/06\/Bo-Lind-Knudsen-dinosaurios.jpg\" \/>\n\t<meta property=\"og:image:width\" content=\"960\" \/>\n\t<meta property=\"og:image:height\" content=\"641\" \/>\n\t<meta property=\"og:image:type\" content=\"image\/jpeg\" \/>\n<meta name=\"author\" content=\"El Ciudadano\" \/>\n<meta name=\"twitter:card\" content=\"summary_large_image\" \/>\n<meta name=\"twitter:creator\" content=\"@PressenzaIPA\" \/>\n<meta name=\"twitter:site\" content=\"@PressenzaIPA\" \/>\n<meta name=\"twitter:label1\" content=\"Escrito por\" \/>\n\t<meta name=\"twitter:data1\" content=\"El Ciudadano\" \/>\n\t<meta name=\"twitter:label2\" content=\"Tiempo de lectura\" \/>\n\t<meta name=\"twitter:data2\" content=\"3 minutos\" \/>\n<script type=\"application\/ld+json\" class=\"yoast-schema-graph\">{\"@context\":\"https:\/\/schema.org\",\"@graph\":[{\"@type\":\"Article\",\"@id\":\"https:\/\/www.pressenza.com\/es\/2021\/06\/onu-lleva-a-cabo-reuniones-sobre-cambio-climatico-previas-a-la-cop26\/#article\",\"isPartOf\":{\"@id\":\"https:\/\/www.pressenza.com\/es\/2021\/06\/onu-lleva-a-cabo-reuniones-sobre-cambio-climatico-previas-a-la-cop26\/\"},\"author\":{\"name\":\"El Ciudadano\",\"@id\":\"https:\/\/www.pressenza.com\/es\/#\/schema\/person\/6522eecb4cd68e074b27e251e4b04ef8\"},\"headline\":\"ONU lleva a cabo reuniones sobre Cambio Clim\u00e1tico previas a la COP26\",\"datePublished\":\"2021-06-01T16:51:09+00:00\",\"mainEntityOfPage\":{\"@id\":\"https:\/\/www.pressenza.com\/es\/2021\/06\/onu-lleva-a-cabo-reuniones-sobre-cambio-climatico-previas-a-la-cop26\/\"},\"wordCount\":593,\"publisher\":{\"@id\":\"https:\/\/www.pressenza.com\/es\/#organization\"},\"image\":{\"@id\":\"https:\/\/www.pressenza.com\/es\/2021\/06\/onu-lleva-a-cabo-reuniones-sobre-cambio-climatico-previas-a-la-cop26\/#primaryimage\"},\"thumbnailUrl\":\"https:\/\/www.pressenza.com\/wp-content\/uploads\/2021\/06\/Bo-Lind-Knudsen-dinosaurios.jpg\",\"keywords\":[\"cambio clim\u00e1tico\",\"COP26\",\"ONU\"],\"articleSection\":[\"Ecolog\u00eda y Medio Ambiente\",\"Internacional\"],\"inLanguage\":\"es\"},{\"@type\":\"WebPage\",\"@id\":\"https:\/\/www.pressenza.com\/es\/2021\/06\/onu-lleva-a-cabo-reuniones-sobre-cambio-climatico-previas-a-la-cop26\/\",\"url\":\"https:\/\/www.pressenza.com\/es\/2021\/06\/onu-lleva-a-cabo-reuniones-sobre-cambio-climatico-previas-a-la-cop26\/\",\"name\":\"ONU lleva a cabo reuniones sobre Cambio Clim\u00e1tico previas a la COP26\",\"isPartOf\":{\"@id\":\"https:\/\/www.pressenza.com\/es\/#website\"},\"primaryImageOfPage\":{\"@id\":\"https:\/\/www.pressenza.com\/es\/2021\/06\/onu-lleva-a-cabo-reuniones-sobre-cambio-climatico-previas-a-la-cop26\/#primaryimage\"},\"image\":{\"@id\":\"https:\/\/www.pressenza.com\/es\/2021\/06\/onu-lleva-a-cabo-reuniones-sobre-cambio-climatico-previas-a-la-cop26\/#primaryimage\"},\"thumbnailUrl\":\"https:\/\/www.pressenza.com\/wp-content\/uploads\/2021\/06\/Bo-Lind-Knudsen-dinosaurios.jpg\",\"datePublished\":\"2021-06-01T16:51:09+00:00\",\"description\":\"Funcionarios del \u00e1rea de medio ambiente de los pa\u00edses miembros de la Organizaci\u00f3n de Naciones Unidas (ONU) inician este lunes tres semanas de\",\"breadcrumb\":{\"@id\":\"https:\/\/www.pressenza.com\/es\/2021\/06\/onu-lleva-a-cabo-reuniones-sobre-cambio-climatico-previas-a-la-cop26\/#breadcrumb\"},\"inLanguage\":\"es\",\"potentialAction\":[{\"@type\":\"ReadAction\",\"target\":[\"https:\/\/www.pressenza.com\/es\/2021\/06\/onu-lleva-a-cabo-reuniones-sobre-cambio-climatico-previas-a-la-cop26\/\"]}]},{\"@type\":\"ImageObject\",\"inLanguage\":\"es\",\"@id\":\"https:\/\/www.pressenza.com\/es\/2021\/06\/onu-lleva-a-cabo-reuniones-sobre-cambio-climatico-previas-a-la-cop26\/#primaryimage\",\"url\":\"https:\/\/www.pressenza.com\/wp-content\/uploads\/2021\/06\/Bo-Lind-Knudsen-dinosaurios.jpg\",\"contentUrl\":\"https:\/\/www.pressenza.com\/wp-content\/uploads\/2021\/06\/Bo-Lind-Knudsen-dinosaurios.jpg\",\"width\":960,\"height\":641,\"caption\":\"Bo Lind Knudsen\"},{\"@type\":\"BreadcrumbList\",\"@id\":\"https:\/\/www.pressenza.com\/es\/2021\/06\/onu-lleva-a-cabo-reuniones-sobre-cambio-climatico-previas-a-la-cop26\/#breadcrumb\",\"itemListElement\":[{\"@type\":\"ListItem\",\"position\":1,\"name\":\"Accueil\",\"item\":\"https:\/\/www.pressenza.com\/es\/\"},{\"@type\":\"ListItem\",\"position\":2,\"name\":\"ONU lleva a cabo reuniones sobre Cambio Clim\u00e1tico previas a la COP26\"}]},{\"@type\":\"WebSite\",\"@id\":\"https:\/\/www.pressenza.com\/es\/#website\",\"url\":\"https:\/\/www.pressenza.com\/es\/\",\"name\":\"Pressenza\",\"description\":\"International Press Agency\",\"publisher\":{\"@id\":\"https:\/\/www.pressenza.com\/es\/#organization\"},\"potentialAction\":[{\"@type\":\"SearchAction\",\"target\":{\"@type\":\"EntryPoint\",\"urlTemplate\":\"https:\/\/www.pressenza.com\/es\/?s={search_term_string}\"},\"query-input\":{\"@type\":\"PropertyValueSpecification\",\"valueRequired\":true,\"valueName\":\"search_term_string\"}}],\"inLanguage\":\"es\"},{\"@type\":\"Organization\",\"@id\":\"https:\/\/www.pressenza.com\/es\/#organization\",\"name\":\"Pressenza\",\"url\":\"https:\/\/www.pressenza.com\/es\/\",\"logo\":{\"@type\":\"ImageObject\",\"inLanguage\":\"es\",\"@id\":\"https:\/\/www.pressenza.com\/es\/#\/schema\/logo\/image\/\",\"url\":\"https:\/\/www.pressenza.com\/wp-content\/uploads\/2022\/10\/pressenza_logo_200x200.jpg\",\"contentUrl\":\"https:\/\/www.pressenza.com\/wp-content\/uploads\/2022\/10\/pressenza_logo_200x200.jpg\",\"width\":200,\"height\":200,\"caption\":\"Pressenza\"},\"image\":{\"@id\":\"https:\/\/www.pressenza.com\/es\/#\/schema\/logo\/image\/\"},\"sameAs\":[\"https:\/\/www.facebook.com\/PressenzaItalia\",\"https:\/\/x.com\/PressenzaIPA\"]},{\"@type\":\"Person\",\"@id\":\"https:\/\/www.pressenza.com\/es\/#\/schema\/person\/6522eecb4cd68e074b27e251e4b04ef8\",\"name\":\"El Ciudadano\",\"description\":\"El Ciudadano es un medio de comunicaci\u00f3n de circulaci\u00f3n mensual en papel y de funcionamiento diario en la web. Forma parte de la Red de Medios de los Pueblos por lo que se declara como un medio del Tercer Sector para romper el cerco informativo. El Ciudadano es una publicaci\u00f3n que busca elevar desde lo local a lo global las demandas de la organizaci\u00f3n social chilena como tambi\u00e9n promover la acci\u00f3n directa de la ciudadan\u00eda por su derecho a autodeterminaci\u00f3n. elciudadano.cl\",\"url\":\"https:\/\/www.pressenza.com\/es\/author\/el-ciudadano\/\"}]}<\/script>\n<!-- \/ Yoast SEO plugin. -->","yoast_head_json":{"title":"ONU lleva a cabo reuniones sobre Cambio Clim\u00e1tico previas a la COP26","description":"Funcionarios del \u00e1rea de medio ambiente de los pa\u00edses miembros de la Organizaci\u00f3n de Naciones Unidas (ONU) inician este lunes tres semanas de","robots":{"index":"index","follow":"follow","max-snippet":"max-snippet:-1","max-image-preview":"max-image-preview:large","max-video-preview":"max-video-preview:-1"},"canonical":"https:\/\/www.pressenza.com\/es\/2021\/06\/onu-lleva-a-cabo-reuniones-sobre-cambio-climatico-previas-a-la-cop26\/","og_locale":"es_ES","og_type":"article","og_title":"ONU lleva a cabo reuniones sobre Cambio Clim\u00e1tico previas a la COP26","og_description":"Funcionarios del \u00e1rea de medio ambiente de los pa\u00edses miembros de la Organizaci\u00f3n de Naciones Unidas (ONU) inician este lunes tres semanas de","og_url":"https:\/\/www.pressenza.com\/es\/2021\/06\/onu-lleva-a-cabo-reuniones-sobre-cambio-climatico-previas-a-la-cop26\/","og_site_name":"Pressenza","article_publisher":"https:\/\/www.facebook.com\/PressenzaItalia","article_published_time":"2021-06-01T16:51:09+00:00","og_image":[{"width":960,"height":641,"url":"https:\/\/www.pressenza.com\/wp-content\/uploads\/2021\/06\/Bo-Lind-Knudsen-dinosaurios.jpg","type":"image\/jpeg"}],"author":"El Ciudadano","twitter_card":"summary_large_image","twitter_creator":"@PressenzaIPA","twitter_site":"@PressenzaIPA","twitter_misc":{"Escrito por":"El Ciudadano","Tiempo de lectura":"3 minutos"},"schema":{"@context":"https:\/\/schema.org","@graph":[{"@type":"Article","@id":"https:\/\/www.pressenza.com\/es\/2021\/06\/onu-lleva-a-cabo-reuniones-sobre-cambio-climatico-previas-a-la-cop26\/#article","isPartOf":{"@id":"https:\/\/www.pressenza.com\/es\/2021\/06\/onu-lleva-a-cabo-reuniones-sobre-cambio-climatico-previas-a-la-cop26\/"},"author":{"name":"El Ciudadano","@id":"https:\/\/www.pressenza.com\/es\/#\/schema\/person\/6522eecb4cd68e074b27e251e4b04ef8"},"headline":"ONU lleva a cabo reuniones sobre Cambio Clim\u00e1tico previas a la COP26","datePublished":"2021-06-01T16:51:09+00:00","mainEntityOfPage":{"@id":"https:\/\/www.pressenza.com\/es\/2021\/06\/onu-lleva-a-cabo-reuniones-sobre-cambio-climatico-previas-a-la-cop26\/"},"wordCount":593,"publisher":{"@id":"https:\/\/www.pressenza.com\/es\/#organization"},"image":{"@id":"https:\/\/www.pressenza.com\/es\/2021\/06\/onu-lleva-a-cabo-reuniones-sobre-cambio-climatico-previas-a-la-cop26\/#primaryimage"},"thumbnailUrl":"https:\/\/www.pressenza.com\/wp-content\/uploads\/2021\/06\/Bo-Lind-Knudsen-dinosaurios.jpg","keywords":["cambio clim\u00e1tico","COP26","ONU"],"articleSection":["Ecolog\u00eda y Medio Ambiente","Internacional"],"inLanguage":"es"},{"@type":"WebPage","@id":"https:\/\/www.pressenza.com\/es\/2021\/06\/onu-lleva-a-cabo-reuniones-sobre-cambio-climatico-previas-a-la-cop26\/","url":"https:\/\/www.pressenza.com\/es\/2021\/06\/onu-lleva-a-cabo-reuniones-sobre-cambio-climatico-previas-a-la-cop26\/","name":"ONU lleva a cabo reuniones sobre Cambio Clim\u00e1tico previas a la COP26","isPartOf":{"@id":"https:\/\/www.pressenza.com\/es\/#website"},"primaryImageOfPage":{"@id":"https:\/\/www.pressenza.com\/es\/2021\/06\/onu-lleva-a-cabo-reuniones-sobre-cambio-climatico-previas-a-la-cop26\/#primaryimage"},"image":{"@id":"https:\/\/www.pressenza.com\/es\/2021\/06\/onu-lleva-a-cabo-reuniones-sobre-cambio-climatico-previas-a-la-cop26\/#primaryimage"},"thumbnailUrl":"https:\/\/www.pressenza.com\/wp-content\/uploads\/2021\/06\/Bo-Lind-Knudsen-dinosaurios.jpg","datePublished":"2021-06-01T16:51:09+00:00","description":"Funcionarios del \u00e1rea de medio ambiente de los pa\u00edses miembros de la Organizaci\u00f3n de Naciones Unidas (ONU) inician este lunes tres semanas de","breadcrumb":{"@id":"https:\/\/www.pressenza.com\/es\/2021\/06\/onu-lleva-a-cabo-reuniones-sobre-cambio-climatico-previas-a-la-cop26\/#breadcrumb"},"inLanguage":"es","potentialAction":[{"@type":"ReadAction","target":["https:\/\/www.pressenza.com\/es\/2021\/06\/onu-lleva-a-cabo-reuniones-sobre-cambio-climatico-previas-a-la-cop26\/"]}]},{"@type":"ImageObject","inLanguage":"es","@id":"https:\/\/www.pressenza.com\/es\/2021\/06\/onu-lleva-a-cabo-reuniones-sobre-cambio-climatico-previas-a-la-cop26\/#primaryimage","url":"https:\/\/www.pressenza.com\/wp-content\/uploads\/2021\/06\/Bo-Lind-Knudsen-dinosaurios.jpg","contentUrl":"https:\/\/www.pressenza.com\/wp-content\/uploads\/2021\/06\/Bo-Lind-Knudsen-dinosaurios.jpg","width":960,"height":641,"caption":"Bo Lind Knudsen"},{"@type":"BreadcrumbList","@id":"https:\/\/www.pressenza.com\/es\/2021\/06\/onu-lleva-a-cabo-reuniones-sobre-cambio-climatico-previas-a-la-cop26\/#breadcrumb","itemListElement":[{"@type":"ListItem","position":1,"name":"Accueil","item":"https:\/\/www.pressenza.com\/es\/"},{"@type":"ListItem","position":2,"name":"ONU lleva a cabo reuniones sobre Cambio Clim\u00e1tico previas a la COP26"}]},{"@type":"WebSite","@id":"https:\/\/www.pressenza.com\/es\/#website","url":"https:\/\/www.pressenza.com\/es\/","name":"Pressenza","description":"International Press Agency","publisher":{"@id":"https:\/\/www.pressenza.com\/es\/#organization"},"potentialAction":[{"@type":"SearchAction","target":{"@type":"EntryPoint","urlTemplate":"https:\/\/www.pressenza.com\/es\/?s={search_term_string}"},"query-input":{"@type":"PropertyValueSpecification","valueRequired":true,"valueName":"search_term_string"}}],"inLanguage":"es"},{"@type":"Organization","@id":"https:\/\/www.pressenza.com\/es\/#organization","name":"Pressenza","url":"https:\/\/www.pressenza.com\/es\/","logo":{"@type":"ImageObject","inLanguage":"es","@id":"https:\/\/www.pressenza.com\/es\/#\/schema\/logo\/image\/","url":"https:\/\/www.pressenza.com\/wp-content\/uploads\/2022\/10\/pressenza_logo_200x200.jpg","contentUrl":"https:\/\/www.pressenza.com\/wp-content\/uploads\/2022\/10\/pressenza_logo_200x200.jpg","width":200,"height":200,"caption":"Pressenza"},"image":{"@id":"https:\/\/www.pressenza.com\/es\/#\/schema\/logo\/image\/"},"sameAs":["https:\/\/www.facebook.com\/PressenzaItalia","https:\/\/x.com\/PressenzaIPA"]},{"@type":"Person","@id":"https:\/\/www.pressenza.com\/es\/#\/schema\/person\/6522eecb4cd68e074b27e251e4b04ef8","name":"El Ciudadano","description":"El Ciudadano es un medio de comunicaci\u00f3n de circulaci\u00f3n mensual en papel y de funcionamiento diario en la web. Forma parte de la Red de Medios de los Pueblos por lo que se declara como un medio del Tercer Sector para romper el cerco informativo. El Ciudadano es una publicaci\u00f3n que busca elevar desde lo local a lo global las demandas de la organizaci\u00f3n social chilena como tambi\u00e9n promover la acci\u00f3n directa de la ciudadan\u00eda por su derecho a autodeterminaci\u00f3n. elciudadano.cl","url":"https:\/\/www.pressenza.com\/es\/author\/el-ciudadano\/"}]}},"place":"Naciones Unidas","original_article_url":"https:\/\/www.elciudadano.com\/actualidad\/onu-lleva-a-cabo-reuniones-sobre-cambio-climatico-previas-a-la-cop26\/06\/01\/","_links":{"self":[{"href":"https:\/\/www.pressenza.com\/es\/wp-json\/wp\/v2\/posts\/1372360","targetHints":{"allow":["GET"]}}],"collection":[{"href":"https:\/\/www.pressenza.com\/es\/wp-json\/wp\/v2\/posts"}],"about":[{"href":"https:\/\/www.pressenza.com\/es\/wp-json\/wp\/v2\/types\/post"}],"author":[{"embeddable":true,"href":"https:\/\/www.pressenza.com\/es\/wp-json\/wp\/v2\/users\/616"}],"replies":[{"embeddable":true,"href":"https:\/\/www.pressenza.com\/es\/wp-json\/wp\/v2\/comments?post=1372360"}],"version-history":[{"count":0,"href":"https:\/\/www.pressenza.com\/es\/wp-json\/wp\/v2\/posts\/1372360\/revisions"}],"wp:featuredmedia":[{"embeddable":true,"href":"https:\/\/www.pressenza.com\/es\/wp-json\/wp\/v2\/media\/1372362"}],"wp:attachment":[{"href":"https:\/\/www.pressenza.com\/es\/wp-json\/wp\/v2\/media?parent=1372360"}],"wp:term":[{"taxonomy":"category","embeddable":true,"href":"https:\/\/www.pressenza.com\/es\/wp-json\/wp\/v2\/categories?post=1372360"},{"taxonomy":"post_tag","embeddable":true,"href":"https:\/\/www.pressenza.com\/es\/wp-json\/wp\/v2\/tags?post=1372360"}],"curies":[{"name":"wp","href":"https:\/\/api.w.org\/{rel}","templated":true}]}}