{"id":1371512,"date":"2021-05-30T21:29:57","date_gmt":"2021-05-30T20:29:57","guid":{"rendered":"https:\/\/www.pressenza.com\/?p=1371512"},"modified":"2021-05-30T21:29:57","modified_gmt":"2021-05-30T20:29:57","slug":"los-eternos-marginados","status":"publish","type":"post","link":"https:\/\/www.pressenza.com\/es\/2021\/05\/los-eternos-marginados\/","title":{"rendered":"Los eternos marginados"},"content":{"rendered":"<p>Si hay un segmento de la sociedad carente de autoridad sobre su vida es el de ni\u00f1as, ni\u00f1os y adolescentes, las grandes mayor\u00edas en pr\u00e1cticamente todos los pa\u00edses de nuestra Am\u00e9rica. Somos sociedades j\u00f3venes y en crecimiento; sin embargo, la visi\u00f3n imperante entre quienes recae la responsabilidad de propiciar un desarrollo basado en la justicia, equidad y el mejor aprovechamiento de todos los recursos, suele ir en contraposici\u00f3n con aquello que dicta la raz\u00f3n y cuya esencia plasm\u00f3 el fil\u00f3sofo estadounidense Jhon Dewey: \u201cLa educaci\u00f3n no es preparaci\u00f3n para la vida; la educaci\u00f3n es la vida en s\u00ed misma.\u201d<\/p>\n<p>La historia de nuestros pueblos nos ha ense\u00f1ado que somos sobrevivientes de sistemas adversos, hostiles e incapaces de comprender el enorme potencial impl\u00edcito en el cambio generacional. Vemos a la ni\u00f1ez y la juventud como una carga impuesta y no una oportunidad maravillosa para generar transformaciones de gran escala, lo cual deber\u00eda conducir a una consolidaci\u00f3n de valores con la misi\u00f3n de fortalecer el tejido social. Y todo ello, con la educaci\u00f3n como leit motiv de cualquier sistema de gobierno. De modo autom\u00e1tico, asumimos la autoridad del adulto como si esta fuera una forma v\u00e1lida de actuar sobre quienes dependen de nosotros en la l\u00ednea familiar o social, y lo hacemos sin cuestionar la validez de una autoridad muchas veces impuesta de manera legal, aunque su aplicaci\u00f3n resulte, en muchos casos, ileg\u00edtima.<\/p>\n<p>Al observar los efectos de la situaci\u00f3n excepcional en la cual estamos inmersos desde hace ya a\u00f1o y medio, es posible constatar la situaci\u00f3n riesgosa en la cual viven ni\u00f1as, ni\u00f1os y adolescentes al enfrentarse a una p\u00e9rdida de sus v\u00ednculos sociales y, simult\u00e1neamente, a un encierro obligado con adultos poco preparados para ofrecer un ambiente seguro, enriquecedor y libre de violencia. El ser adulto a cargo de personas j\u00f3venes cuya custodia nos ha sido confiada por ley, no significa de ning\u00fan modo que tengamos el derecho para imponer nuestra voluntad de manera arbitraria ni para descargar en ellas nuestras frustraciones, sino m\u00e1s bien nos da una oportunidad para reforzar lazos de conocimiento mutuo, respeto y colaboraci\u00f3n.<\/p>\n<p>Sin embargo, la violencia emocional generada por el forzoso cambio de h\u00e1bitos y las limitaciones provocadas por las restricciones a la movilidad, al trabajo y al estudio, cobran sus mayores v\u00edctimas entre las nuevas generaciones, por estar estas sometidas a una situaci\u00f3n sobre la cual no poseen voz ni voto. La impunidad imperante en casos de violencia dom\u00e9stica es un elemento adicional, aunque poderoso, al trastorno psicol\u00f3gico ocasionado por la p\u00e9rdida de lazos sociales, la falta de actividad l\u00fadica y la tensi\u00f3n natural provocada por un fen\u00f3meno de alcance global sobre el cual no tenemos control.<\/p>\n<p>En tanto no se recobre un cierto estado de normalidad, es imperativo aprovechar la ocasi\u00f3n para prestar atenci\u00f3n a este enorme contingente de nuevas y nuevos ciudadanos, cuya vida y futuro dependen, en gran medida, de quienes est\u00e1n a cargo de su bienestar f\u00edsico y emocional, as\u00ed como de propiciarles una educaci\u00f3n de calidad. El tema no es menor: la ni\u00f1ez y la juventud han sido los eternos marginados en nuestras sociedades y el impacto de esa agresi\u00f3n -naturalizada por un concepto equivocado de la autoridad de los adultos que les rodean- tiene secuelas de largo plazo en la p\u00e9rdida de oportunidades de desarrollo, pero tambi\u00e9n en forma de abuso y marginaci\u00f3n. No repitamos el clich\u00e9 de que constituyen \u201cel futuro de la patria\u201d mientras no seamos capaces de honrar esa promesa.<\/p>\n","protected":false},"excerpt":{"rendered":"<p>Si hay un segmento de la sociedad carente de autoridad sobre su vida es el de ni\u00f1as, ni\u00f1os y adolescentes, las grandes mayor\u00edas en pr\u00e1cticamente todos los pa\u00edses de nuestra Am\u00e9rica. Somos sociedades j\u00f3venes y en crecimiento; sin embargo, la&hellip;<\/p>\n","protected":false},"author":1296,"featured_media":1371513,"comment_status":"closed","ping_status":"closed","sticky":false,"template":"","format":"standard","meta":{"footnotes":""},"categories":[11389,46976,161,67],"tags":[28577,4754,52561],"class_list":["post-1371512","post","type-post","status-publish","format-standard","has-post-thumbnail","hentry","category-contenido-original","category-jovenes","category-opiniones","category-sudamerica","tag-ninas","tag-ninos","tag-ninos-y-adolescentes"],"yoast_head":"<!-- This site is optimized with the Yoast SEO plugin v27.1.1 - https:\/\/yoast.com\/product\/yoast-seo-wordpress\/ -->\n<title>Los eternos marginados<\/title>\n<meta name=\"description\" content=\"Si hay un segmento de la sociedad carente de autoridad sobre su vida es el de ni\u00f1as, ni\u00f1os y adolescentes, las grandes mayor\u00edas en pr\u00e1cticamente todos los\" \/>\n<meta name=\"robots\" content=\"index, follow, max-snippet:-1, max-image-preview:large, max-video-preview:-1\" \/>\n<link rel=\"canonical\" href=\"https:\/\/www.pressenza.com\/es\/2021\/05\/los-eternos-marginados\/\" \/>\n<meta property=\"og:locale\" content=\"es_ES\" \/>\n<meta property=\"og:type\" content=\"article\" \/>\n<meta property=\"og:title\" content=\"Los eternos marginados\" \/>\n<meta property=\"og:description\" content=\"Si hay un segmento de la sociedad carente de autoridad sobre su vida es el de ni\u00f1as, ni\u00f1os y adolescentes, las grandes mayor\u00edas en pr\u00e1cticamente todos los\" \/>\n<meta property=\"og:url\" content=\"https:\/\/www.pressenza.com\/es\/2021\/05\/los-eternos-marginados\/\" \/>\n<meta property=\"og:site_name\" content=\"Pressenza\" \/>\n<meta property=\"article:publisher\" content=\"https:\/\/www.facebook.com\/PressenzaItalia\" \/>\n<meta property=\"article:author\" content=\"https:\/\/www.facebook.com\/pages\/Carolina-V\u00e1squez-Araya\/241844515845237?fref=ts\" \/>\n<meta property=\"article:published_time\" content=\"2021-05-30T20:29:57+00:00\" \/>\n<meta property=\"og:image\" content=\"https:\/\/www.pressenza.com\/wp-content\/uploads\/2021\/05\/bandera-indigena-y-madre-Dalia.jpg\" \/>\n\t<meta property=\"og:image:width\" content=\"800\" \/>\n\t<meta property=\"og:image:height\" content=\"533\" \/>\n\t<meta property=\"og:image:type\" content=\"image\/jpeg\" \/>\n<meta name=\"author\" content=\"Carolina V\u00e1squez Araya\" \/>\n<meta name=\"twitter:card\" content=\"summary_large_image\" \/>\n<meta name=\"twitter:creator\" content=\"@carvasar\" \/>\n<meta name=\"twitter:site\" content=\"@PressenzaIPA\" \/>\n<meta name=\"twitter:label1\" content=\"Escrito por\" \/>\n\t<meta name=\"twitter:data1\" content=\"Carolina V\u00e1squez Araya\" \/>\n\t<meta name=\"twitter:label2\" content=\"Tiempo de lectura\" \/>\n\t<meta name=\"twitter:data2\" content=\"3 minutos\" \/>\n<script type=\"application\/ld+json\" class=\"yoast-schema-graph\">{\"@context\":\"https:\/\/schema.org\",\"@graph\":[{\"@type\":\"Article\",\"@id\":\"https:\/\/www.pressenza.com\/es\/2021\/05\/los-eternos-marginados\/#article\",\"isPartOf\":{\"@id\":\"https:\/\/www.pressenza.com\/es\/2021\/05\/los-eternos-marginados\/\"},\"author\":{\"name\":\"Carolina V\u00e1squez Araya\",\"@id\":\"https:\/\/www.pressenza.com\/es\/#\/schema\/person\/6936ca3bb8dee618b5cdfd0e4427cdd6\"},\"headline\":\"Los eternos marginados\",\"datePublished\":\"2021-05-30T20:29:57+00:00\",\"mainEntityOfPage\":{\"@id\":\"https:\/\/www.pressenza.com\/es\/2021\/05\/los-eternos-marginados\/\"},\"wordCount\":636,\"publisher\":{\"@id\":\"https:\/\/www.pressenza.com\/es\/#organization\"},\"image\":{\"@id\":\"https:\/\/www.pressenza.com\/es\/2021\/05\/los-eternos-marginados\/#primaryimage\"},\"thumbnailUrl\":\"https:\/\/www.pressenza.com\/wp-content\/uploads\/2021\/05\/bandera-indigena-y-madre-Dalia.jpg\",\"keywords\":[\"ni\u00f1as\",\"NI\u00d1OS\",\"ni\u00f1os y adolescentes\"],\"articleSection\":[\"Contenido Original\",\"J\u00f3venes\",\"Opiniones\",\"Sudam\u00e9rica\"],\"inLanguage\":\"es\"},{\"@type\":\"WebPage\",\"@id\":\"https:\/\/www.pressenza.com\/es\/2021\/05\/los-eternos-marginados\/\",\"url\":\"https:\/\/www.pressenza.com\/es\/2021\/05\/los-eternos-marginados\/\",\"name\":\"Los eternos marginados\",\"isPartOf\":{\"@id\":\"https:\/\/www.pressenza.com\/es\/#website\"},\"primaryImageOfPage\":{\"@id\":\"https:\/\/www.pressenza.com\/es\/2021\/05\/los-eternos-marginados\/#primaryimage\"},\"image\":{\"@id\":\"https:\/\/www.pressenza.com\/es\/2021\/05\/los-eternos-marginados\/#primaryimage\"},\"thumbnailUrl\":\"https:\/\/www.pressenza.com\/wp-content\/uploads\/2021\/05\/bandera-indigena-y-madre-Dalia.jpg\",\"datePublished\":\"2021-05-30T20:29:57+00:00\",\"description\":\"Si hay un segmento de la sociedad carente de autoridad sobre su vida es el de ni\u00f1as, ni\u00f1os y adolescentes, las grandes mayor\u00edas en pr\u00e1cticamente todos los\",\"breadcrumb\":{\"@id\":\"https:\/\/www.pressenza.com\/es\/2021\/05\/los-eternos-marginados\/#breadcrumb\"},\"inLanguage\":\"es\",\"potentialAction\":[{\"@type\":\"ReadAction\",\"target\":[\"https:\/\/www.pressenza.com\/es\/2021\/05\/los-eternos-marginados\/\"]}]},{\"@type\":\"ImageObject\",\"inLanguage\":\"es\",\"@id\":\"https:\/\/www.pressenza.com\/es\/2021\/05\/los-eternos-marginados\/#primaryimage\",\"url\":\"https:\/\/www.pressenza.com\/wp-content\/uploads\/2021\/05\/bandera-indigena-y-madre-Dalia.jpg\",\"contentUrl\":\"https:\/\/www.pressenza.com\/wp-content\/uploads\/2021\/05\/bandera-indigena-y-madre-Dalia.jpg\",\"width\":800,\"height\":533,\"caption\":\"Dalia Chi\u00fa S.\"},{\"@type\":\"BreadcrumbList\",\"@id\":\"https:\/\/www.pressenza.com\/es\/2021\/05\/los-eternos-marginados\/#breadcrumb\",\"itemListElement\":[{\"@type\":\"ListItem\",\"position\":1,\"name\":\"Accueil\",\"item\":\"https:\/\/www.pressenza.com\/es\/\"},{\"@type\":\"ListItem\",\"position\":2,\"name\":\"Los eternos marginados\"}]},{\"@type\":\"WebSite\",\"@id\":\"https:\/\/www.pressenza.com\/es\/#website\",\"url\":\"https:\/\/www.pressenza.com\/es\/\",\"name\":\"Pressenza\",\"description\":\"International Press Agency\",\"publisher\":{\"@id\":\"https:\/\/www.pressenza.com\/es\/#organization\"},\"potentialAction\":[{\"@type\":\"SearchAction\",\"target\":{\"@type\":\"EntryPoint\",\"urlTemplate\":\"https:\/\/www.pressenza.com\/es\/?s={search_term_string}\"},\"query-input\":{\"@type\":\"PropertyValueSpecification\",\"valueRequired\":true,\"valueName\":\"search_term_string\"}}],\"inLanguage\":\"es\"},{\"@type\":\"Organization\",\"@id\":\"https:\/\/www.pressenza.com\/es\/#organization\",\"name\":\"Pressenza\",\"url\":\"https:\/\/www.pressenza.com\/es\/\",\"logo\":{\"@type\":\"ImageObject\",\"inLanguage\":\"es\",\"@id\":\"https:\/\/www.pressenza.com\/es\/#\/schema\/logo\/image\/\",\"url\":\"https:\/\/www.pressenza.com\/wp-content\/uploads\/2022\/10\/pressenza_logo_200x200.jpg\",\"contentUrl\":\"https:\/\/www.pressenza.com\/wp-content\/uploads\/2022\/10\/pressenza_logo_200x200.jpg\",\"width\":200,\"height\":200,\"caption\":\"Pressenza\"},\"image\":{\"@id\":\"https:\/\/www.pressenza.com\/es\/#\/schema\/logo\/image\/\"},\"sameAs\":[\"https:\/\/www.facebook.com\/PressenzaItalia\",\"https:\/\/x.com\/PressenzaIPA\"]},{\"@type\":\"Person\",\"@id\":\"https:\/\/www.pressenza.com\/es\/#\/schema\/person\/6936ca3bb8dee618b5cdfd0e4427cdd6\",\"name\":\"Carolina V\u00e1squez Araya\",\"description\":\"Periodista y editora con m\u00e1s de 30 a\u00f1os de experiencia, cuyos logros profesionales en el desarrollo de proyectos de gran \u00e9xito avalan sus cualidades de liderazgo, creatividad y relaciones p\u00fablicas. Ha aportado sus conocimientos en proyectos de organizaciones con intereses orientados al desarrollo social, cultural y econ\u00f3mico del pa\u00eds, con especial \u00e9nfasis en el sector de cultura y educaci\u00f3n, emprendimiento, derechos humanos, justicia, ambiente, mujeres y ni\u00f1ez. Chilena en Guatemala. elquintopatio.wordpress.com\",\"sameAs\":[\"https:\/\/www.facebook.com\/pages\/Carolina-V\u00e1squez-Araya\/241844515845237?fref=ts\",\"https:\/\/x.com\/carvasar\"],\"url\":\"https:\/\/www.pressenza.com\/es\/author\/carolina-vasquez-araya\/\"}]}<\/script>\n<!-- \/ Yoast SEO plugin. -->","yoast_head_json":{"title":"Los eternos marginados","description":"Si hay un segmento de la sociedad carente de autoridad sobre su vida es el de ni\u00f1as, ni\u00f1os y adolescentes, las grandes mayor\u00edas en pr\u00e1cticamente todos los","robots":{"index":"index","follow":"follow","max-snippet":"max-snippet:-1","max-image-preview":"max-image-preview:large","max-video-preview":"max-video-preview:-1"},"canonical":"https:\/\/www.pressenza.com\/es\/2021\/05\/los-eternos-marginados\/","og_locale":"es_ES","og_type":"article","og_title":"Los eternos marginados","og_description":"Si hay un segmento de la sociedad carente de autoridad sobre su vida es el de ni\u00f1as, ni\u00f1os y adolescentes, las grandes mayor\u00edas en pr\u00e1cticamente todos los","og_url":"https:\/\/www.pressenza.com\/es\/2021\/05\/los-eternos-marginados\/","og_site_name":"Pressenza","article_publisher":"https:\/\/www.facebook.com\/PressenzaItalia","article_author":"https:\/\/www.facebook.com\/pages\/Carolina-V\u00e1squez-Araya\/241844515845237?fref=ts","article_published_time":"2021-05-30T20:29:57+00:00","og_image":[{"width":800,"height":533,"url":"https:\/\/www.pressenza.com\/wp-content\/uploads\/2021\/05\/bandera-indigena-y-madre-Dalia.jpg","type":"image\/jpeg"}],"author":"Carolina V\u00e1squez Araya","twitter_card":"summary_large_image","twitter_creator":"@carvasar","twitter_site":"@PressenzaIPA","twitter_misc":{"Escrito por":"Carolina V\u00e1squez Araya","Tiempo de lectura":"3 minutos"},"schema":{"@context":"https:\/\/schema.org","@graph":[{"@type":"Article","@id":"https:\/\/www.pressenza.com\/es\/2021\/05\/los-eternos-marginados\/#article","isPartOf":{"@id":"https:\/\/www.pressenza.com\/es\/2021\/05\/los-eternos-marginados\/"},"author":{"name":"Carolina V\u00e1squez Araya","@id":"https:\/\/www.pressenza.com\/es\/#\/schema\/person\/6936ca3bb8dee618b5cdfd0e4427cdd6"},"headline":"Los eternos marginados","datePublished":"2021-05-30T20:29:57+00:00","mainEntityOfPage":{"@id":"https:\/\/www.pressenza.com\/es\/2021\/05\/los-eternos-marginados\/"},"wordCount":636,"publisher":{"@id":"https:\/\/www.pressenza.com\/es\/#organization"},"image":{"@id":"https:\/\/www.pressenza.com\/es\/2021\/05\/los-eternos-marginados\/#primaryimage"},"thumbnailUrl":"https:\/\/www.pressenza.com\/wp-content\/uploads\/2021\/05\/bandera-indigena-y-madre-Dalia.jpg","keywords":["ni\u00f1as","NI\u00d1OS","ni\u00f1os y adolescentes"],"articleSection":["Contenido Original","J\u00f3venes","Opiniones","Sudam\u00e9rica"],"inLanguage":"es"},{"@type":"WebPage","@id":"https:\/\/www.pressenza.com\/es\/2021\/05\/los-eternos-marginados\/","url":"https:\/\/www.pressenza.com\/es\/2021\/05\/los-eternos-marginados\/","name":"Los eternos marginados","isPartOf":{"@id":"https:\/\/www.pressenza.com\/es\/#website"},"primaryImageOfPage":{"@id":"https:\/\/www.pressenza.com\/es\/2021\/05\/los-eternos-marginados\/#primaryimage"},"image":{"@id":"https:\/\/www.pressenza.com\/es\/2021\/05\/los-eternos-marginados\/#primaryimage"},"thumbnailUrl":"https:\/\/www.pressenza.com\/wp-content\/uploads\/2021\/05\/bandera-indigena-y-madre-Dalia.jpg","datePublished":"2021-05-30T20:29:57+00:00","description":"Si hay un segmento de la sociedad carente de autoridad sobre su vida es el de ni\u00f1as, ni\u00f1os y adolescentes, las grandes mayor\u00edas en pr\u00e1cticamente todos los","breadcrumb":{"@id":"https:\/\/www.pressenza.com\/es\/2021\/05\/los-eternos-marginados\/#breadcrumb"},"inLanguage":"es","potentialAction":[{"@type":"ReadAction","target":["https:\/\/www.pressenza.com\/es\/2021\/05\/los-eternos-marginados\/"]}]},{"@type":"ImageObject","inLanguage":"es","@id":"https:\/\/www.pressenza.com\/es\/2021\/05\/los-eternos-marginados\/#primaryimage","url":"https:\/\/www.pressenza.com\/wp-content\/uploads\/2021\/05\/bandera-indigena-y-madre-Dalia.jpg","contentUrl":"https:\/\/www.pressenza.com\/wp-content\/uploads\/2021\/05\/bandera-indigena-y-madre-Dalia.jpg","width":800,"height":533,"caption":"Dalia Chi\u00fa S."},{"@type":"BreadcrumbList","@id":"https:\/\/www.pressenza.com\/es\/2021\/05\/los-eternos-marginados\/#breadcrumb","itemListElement":[{"@type":"ListItem","position":1,"name":"Accueil","item":"https:\/\/www.pressenza.com\/es\/"},{"@type":"ListItem","position":2,"name":"Los eternos marginados"}]},{"@type":"WebSite","@id":"https:\/\/www.pressenza.com\/es\/#website","url":"https:\/\/www.pressenza.com\/es\/","name":"Pressenza","description":"International Press Agency","publisher":{"@id":"https:\/\/www.pressenza.com\/es\/#organization"},"potentialAction":[{"@type":"SearchAction","target":{"@type":"EntryPoint","urlTemplate":"https:\/\/www.pressenza.com\/es\/?s={search_term_string}"},"query-input":{"@type":"PropertyValueSpecification","valueRequired":true,"valueName":"search_term_string"}}],"inLanguage":"es"},{"@type":"Organization","@id":"https:\/\/www.pressenza.com\/es\/#organization","name":"Pressenza","url":"https:\/\/www.pressenza.com\/es\/","logo":{"@type":"ImageObject","inLanguage":"es","@id":"https:\/\/www.pressenza.com\/es\/#\/schema\/logo\/image\/","url":"https:\/\/www.pressenza.com\/wp-content\/uploads\/2022\/10\/pressenza_logo_200x200.jpg","contentUrl":"https:\/\/www.pressenza.com\/wp-content\/uploads\/2022\/10\/pressenza_logo_200x200.jpg","width":200,"height":200,"caption":"Pressenza"},"image":{"@id":"https:\/\/www.pressenza.com\/es\/#\/schema\/logo\/image\/"},"sameAs":["https:\/\/www.facebook.com\/PressenzaItalia","https:\/\/x.com\/PressenzaIPA"]},{"@type":"Person","@id":"https:\/\/www.pressenza.com\/es\/#\/schema\/person\/6936ca3bb8dee618b5cdfd0e4427cdd6","name":"Carolina V\u00e1squez Araya","description":"Periodista y editora con m\u00e1s de 30 a\u00f1os de experiencia, cuyos logros profesionales en el desarrollo de proyectos de gran \u00e9xito avalan sus cualidades de liderazgo, creatividad y relaciones p\u00fablicas. Ha aportado sus conocimientos en proyectos de organizaciones con intereses orientados al desarrollo social, cultural y econ\u00f3mico del pa\u00eds, con especial \u00e9nfasis en el sector de cultura y educaci\u00f3n, emprendimiento, derechos humanos, justicia, ambiente, mujeres y ni\u00f1ez. Chilena en Guatemala. elquintopatio.wordpress.com","sameAs":["https:\/\/www.facebook.com\/pages\/Carolina-V\u00e1squez-Araya\/241844515845237?fref=ts","https:\/\/x.com\/carvasar"],"url":"https:\/\/www.pressenza.com\/es\/author\/carolina-vasquez-araya\/"}]}},"place":"Cuenca, Ecuador","original_article_url":"","_links":{"self":[{"href":"https:\/\/www.pressenza.com\/es\/wp-json\/wp\/v2\/posts\/1371512","targetHints":{"allow":["GET"]}}],"collection":[{"href":"https:\/\/www.pressenza.com\/es\/wp-json\/wp\/v2\/posts"}],"about":[{"href":"https:\/\/www.pressenza.com\/es\/wp-json\/wp\/v2\/types\/post"}],"author":[{"embeddable":true,"href":"https:\/\/www.pressenza.com\/es\/wp-json\/wp\/v2\/users\/1296"}],"replies":[{"embeddable":true,"href":"https:\/\/www.pressenza.com\/es\/wp-json\/wp\/v2\/comments?post=1371512"}],"version-history":[{"count":0,"href":"https:\/\/www.pressenza.com\/es\/wp-json\/wp\/v2\/posts\/1371512\/revisions"}],"wp:featuredmedia":[{"embeddable":true,"href":"https:\/\/www.pressenza.com\/es\/wp-json\/wp\/v2\/media\/1371513"}],"wp:attachment":[{"href":"https:\/\/www.pressenza.com\/es\/wp-json\/wp\/v2\/media?parent=1371512"}],"wp:term":[{"taxonomy":"category","embeddable":true,"href":"https:\/\/www.pressenza.com\/es\/wp-json\/wp\/v2\/categories?post=1371512"},{"taxonomy":"post_tag","embeddable":true,"href":"https:\/\/www.pressenza.com\/es\/wp-json\/wp\/v2\/tags?post=1371512"}],"curies":[{"name":"wp","href":"https:\/\/api.w.org\/{rel}","templated":true}]}}