{"id":1371366,"date":"2021-05-30T15:37:05","date_gmt":"2021-05-30T14:37:05","guid":{"rendered":"https:\/\/www.pressenza.com\/?p=1371366"},"modified":"2021-05-30T15:37:05","modified_gmt":"2021-05-30T14:37:05","slug":"recuperar-el-sufragio-obligatorio","status":"publish","type":"post","link":"https:\/\/www.pressenza.com\/es\/2021\/05\/recuperar-el-sufragio-obligatorio\/","title":{"rendered":"Recuperar el sufragio obligatorio"},"content":{"rendered":"<p>Quienes quedaron frustrados y hasta aterrados por la composici\u00f3n pol\u00edtica y social de la Convenci\u00f3n Constituyente argumentan que \u00e9sta tiene poca legitimidad al representar solamente a algo m\u00e1s del 40 por ciento de los ciudadanos. Ahora les importa que tan pocos chilenos concurran a las urnas, pero nada dijeron de las precarias votaciones que eligieron a Sebasti\u00e1n Pi\u00f1era y a los gobiernos de la Concertaci\u00f3n o de la Nueva Mayor\u00eda. Han transcurrido varias elecciones en que no m\u00e1s de la mitad de los ciudadanos asiste a sufragar, lo que en cada evento electoral se constata pero nada se ha hecho hasta aqu\u00ed por corregirlo.<\/p>\n<p>En nuestro sistema democr\u00e1tico derrumbado en 1973 uno de sus signos m\u00e1s vitales fue siempre la alta y entusiasta concurrencia a las urnas, cuando el voto era obligatorio y la inscripci\u00f3n electoral era exigida como un documento indispensable para la realizaci\u00f3n de toda suerte de tr\u00e1mites p\u00fablicos, incluso en las operaciones bancarias. Pero con la Constituci\u00f3n pinochetista, y las gr\u00e1ciles reformas que se le hicieron en el gobierno de Ricardo Lagos, se consagr\u00f3 el voto voluntario mediante el hip\u00f3crita prop\u00f3sito de respetar la libertad de las personas y servir a las convicciones liberales tan en boga dentro de la clase pol\u00edtica y algunos sectores intelectuales. Todo ello contribuir\u00eda, posteriormente, a la masiva abstenci\u00f3n electoral de la cual hoy tantos se lamentan, dejando en evidencia que la clase pol\u00edtica lo que en realidad persigui\u00f3 fue que el pueblo se mantuviera ausente del quehacer p\u00fablico y de la toma de decisiones respecto de su presente y porvenir. Entre par\u00e9ntesis, llama la atenci\u00f3n que los supuestos liberales en lo filos\u00f3fico concluyeran, como se sabe, en los m\u00e1s entusiastas neoliberales.<\/p>\n<p>Convocados recientemente los electores a elegir un gran n\u00famero de representantes en todo el pa\u00eds, el ausentismo en los recintos de votaci\u00f3n volvi\u00f3 a ser extremo y solo demostr\u00f3 la urgencia de dotarnos de una nueva Constituci\u00f3n, adem\u00e1s de un sistema electoral moderno y expedito. Cuando las elecciones favorec\u00edan a la derecha o a la autodenominada centro izquierda, los escrutinios se proclamaban convincentes y leg\u00edtimos, y a todos se nos exig\u00eda respetar un estado de derecho tan en entredicho y poco democr\u00e1tico. Y, claro, ante los magros resultados obtenidos ahora por quienes han gobernado por treinta a\u00f1os a Chile abundan las cartas y comentarios en la prensa destinados a desacreditar la representatividad de los elegidos como constituyentes, gobernadores, alcaldes y concejales. Felizmente, en el propio Congreso Nacional ha surgido la tramitaci\u00f3n de una iniciativa que busca reponer la obligatoriedad del voto.<\/p>\n<p>Ahora que se va a escribir una nueva Carta Magna, ser\u00eda conveniente recuperar el sufragio obligatorio que tanto prestigio y solidez le dio a nuestro sistema pol\u00edtico hasta el Golpe de Estado. Cabe destacar que en el prop\u00f3sito de limitar la participaci\u00f3n ciudadana se lleg\u00f3 a alentar la posibilidad de una \u201cdemocracia protegida\u201d en que solo votaran los m\u00e1s instruidos e informados. Lo que resultaba muy consecuente con el deterioro programado de nuestro sistema educacional p\u00fablico, haci\u00e9ndose ostensible, al mismo tiempo, la edificaci\u00f3n de un sistema econ\u00f3mico destinado a ahondar las brechas de la desigualdad social. En tres d\u00e9cadas se impidi\u00f3 desde el Estado recuperar los\u00a0 derechos laborales y sindicales conculcados por el R\u00e9gimen Militar, como todo ese rico tejido de organizaciones sociales que tanto enriquec\u00edan nuestra vida cultural y le dieron aire a una democracia representativa con altos \u00edndices de participaci\u00f3n popular.<\/p>\n<p>Desde La Moneda, asimismo, se acometieron acciones para acabar con la diversidad informativa, al grado que actualmente se impone la monoton\u00eda, y especialmente en la televisi\u00f3n, esta es tan pavorosa como la de los mismos tiempos de la Dictadura. Pocas veces, pese a los grandes adelantos tecnol\u00f3gicos, el pueblo ha estado privado tan severamente del acontecer internacional, como de la creaci\u00f3n art\u00edstica y cultural, haci\u00e9ndonos creer que con solo f\u00fatbol y far\u00e1ndula se pueden satisfacer las necesidades del pueblo.<\/p>\n<p>Millones de electores en nada se involucran con el presente y el futuro de nuestra naci\u00f3n. Ni cuando vino el Estallido Social y los pobres y los estudiantes se levantaron en todas las calles y pueblos de Chile, se apreci\u00f3 inter\u00e9s mayor por ejercer la soberan\u00eda del sufragio y hoy, como se constata, son m\u00e1s los que se quedan en sus hogares que los que concurren a votar, aunque se les haya extendido a dos jornadas el proceso eleccionario.<\/p>\n<p>Creemos perfectamente l\u00edcito que nuestro sistema electoral exija la concurrencia de los ciudadanos a las urnas: los chilenos deben ser sujeto de derechos y entre todas las obligaciones que se nos imponen resulta curioso que no se nos exija tambi\u00e9n elegir a nuestros representantes. De esta forma, lo que se fomenta, adem\u00e1s, es la impunidad de quienes se van perpetuando en los altos cargos y se corrompen en su prolongado ejercicio.\u00a0 Aunque algo se ha avanzado al respecto, es preciso limitar aun m\u00e1s el n\u00famero de reelecciones, castigar severamente el cohecho y restringir al m\u00e1ximo la influencia del dinero en las campa\u00f1as electorales.<\/p>\n<p>Asimismo, es una verg\u00fcenza que un pa\u00eds que presume de moderno y vanguardista mantenga un sistema de conteo manual de votos con engorrosos y dilatados escrutinios, cuando en otros pa\u00edses m\u00e1s rezagados que el nuestro se ha implementado el voto electr\u00f3nico y, en cosa de minutos, los ciudadanos conocen los resultados de sus procesos electorales. Adem\u00e1s, debe ofrecerse facilidades para que los ciudadanos puedan ejercer sus derechos c\u00edvicos desde donde se encuentren, garantizando tambi\u00e9n el voto de los ciudadanos chilenos que viven en el extranjero, los que ahora estuvieron de nuevo impedidos de votar. Por otro lado, quienes han mantenido el sistema electoral vigente, saben que hay cientos de miles de chilenos que viven en lugares aislados y carecen de recursos siquiera para concurrir a los distantes centros de votaci\u00f3n. Con lo cual se ha fomentado el acarreo y consolidado en muchos casos una flagrante desproporci\u00f3n entre el n\u00famero de votantes y habitantes. Se puede demostrar que hay comunas del pa\u00eds en que sufragan m\u00e1s personas de las que all\u00ed viven, con lo cual se explica que existan alcaldes y concejales, por ejemplo, que se perpet\u00faan en sus cargos o los van heredando a sus descendientes y amigos.<\/p>\n<p>Ser\u00e1 siempre un derecho de los ciudadanos anular su voto o dejarlo en blanco, pero eso se debe manifestar en el secreto de las urnas y no al interior de sus hogares.<\/p>\n","protected":false},"excerpt":{"rendered":"<p>Quienes quedaron frustrados y hasta aterrados por la composici\u00f3n pol\u00edtica y social de la Convenci\u00f3n Constituyente argumentan que \u00e9sta tiene poca legitimidad al representar solamente a algo m\u00e1s del 40 por ciento de los ciudadanos. Ahora les importa que tan&hellip;<\/p>\n","protected":false},"author":1739,"featured_media":1371373,"comment_status":"closed","ping_status":"closed","sticky":false,"template":"","format":"standard","meta":{"footnotes":""},"categories":[11389,161,74,67],"tags":[29,91504],"class_list":["post-1371366","post","type-post","status-publish","format-standard","has-post-thumbnail","hentry","category-contenido-original","category-opiniones","category-politica-es","category-sudamerica","tag-chile","tag-sufragio-obligatorio"],"yoast_head":"<!-- This site is optimized with the Yoast SEO plugin v27.1.1 - https:\/\/yoast.com\/product\/yoast-seo-wordpress\/ -->\n<title>Recuperar el sufragio obligatorio<\/title>\n<meta name=\"description\" content=\"Quienes quedaron frustrados y hasta aterrados por la composici\u00f3n pol\u00edtica y social de la Convenci\u00f3n Constituyente argumentan que \u00e9sta tiene poca\" \/>\n<meta name=\"robots\" content=\"index, follow, max-snippet:-1, max-image-preview:large, max-video-preview:-1\" \/>\n<link rel=\"canonical\" href=\"https:\/\/www.pressenza.com\/es\/2021\/05\/recuperar-el-sufragio-obligatorio\/\" \/>\n<meta property=\"og:locale\" content=\"es_ES\" \/>\n<meta property=\"og:type\" content=\"article\" \/>\n<meta property=\"og:title\" content=\"Recuperar el sufragio obligatorio\" \/>\n<meta property=\"og:description\" content=\"Quienes quedaron frustrados y hasta aterrados por la composici\u00f3n pol\u00edtica y social de la Convenci\u00f3n Constituyente argumentan que \u00e9sta tiene poca\" \/>\n<meta property=\"og:url\" content=\"https:\/\/www.pressenza.com\/es\/2021\/05\/recuperar-el-sufragio-obligatorio\/\" \/>\n<meta property=\"og:site_name\" content=\"Pressenza\" \/>\n<meta property=\"article:publisher\" content=\"https:\/\/www.facebook.com\/PressenzaItalia\" \/>\n<meta property=\"article:published_time\" content=\"2021-05-30T14:37:05+00:00\" \/>\n<meta property=\"og:image\" content=\"https:\/\/www.pressenza.com\/wp-content\/uploads\/2021\/05\/LE7A1801.jpg\" \/>\n\t<meta property=\"og:image:width\" content=\"1920\" \/>\n\t<meta property=\"og:image:height\" content=\"1296\" \/>\n\t<meta property=\"og:image:type\" content=\"image\/jpeg\" \/>\n<meta name=\"author\" content=\"Juan Pablo C\u00e1rdenas\" \/>\n<meta name=\"twitter:card\" content=\"summary_large_image\" \/>\n<meta name=\"twitter:creator\" content=\"@PressenzaIPA\" \/>\n<meta name=\"twitter:site\" content=\"@PressenzaIPA\" \/>\n<meta name=\"twitter:label1\" content=\"Escrito por\" \/>\n\t<meta name=\"twitter:data1\" content=\"Juan Pablo C\u00e1rdenas\" \/>\n\t<meta name=\"twitter:label2\" content=\"Tiempo de lectura\" \/>\n\t<meta name=\"twitter:data2\" content=\"6 minutos\" \/>\n<script type=\"application\/ld+json\" class=\"yoast-schema-graph\">{\"@context\":\"https:\/\/schema.org\",\"@graph\":[{\"@type\":\"Article\",\"@id\":\"https:\/\/www.pressenza.com\/es\/2021\/05\/recuperar-el-sufragio-obligatorio\/#article\",\"isPartOf\":{\"@id\":\"https:\/\/www.pressenza.com\/es\/2021\/05\/recuperar-el-sufragio-obligatorio\/\"},\"author\":{\"name\":\"Juan Pablo C\u00e1rdenas\",\"@id\":\"https:\/\/www.pressenza.com\/es\/#\/schema\/person\/d72a7c8c014dcbfa2ef9e9976103ea0d\"},\"headline\":\"Recuperar el sufragio obligatorio\",\"datePublished\":\"2021-05-30T14:37:05+00:00\",\"mainEntityOfPage\":{\"@id\":\"https:\/\/www.pressenza.com\/es\/2021\/05\/recuperar-el-sufragio-obligatorio\/\"},\"wordCount\":1142,\"publisher\":{\"@id\":\"https:\/\/www.pressenza.com\/es\/#organization\"},\"image\":{\"@id\":\"https:\/\/www.pressenza.com\/es\/2021\/05\/recuperar-el-sufragio-obligatorio\/#primaryimage\"},\"thumbnailUrl\":\"https:\/\/www.pressenza.com\/wp-content\/uploads\/2021\/05\/LE7A1801.jpg\",\"keywords\":[\"Chile\",\"sufragio obligatorio\"],\"articleSection\":[\"Contenido Original\",\"Opiniones\",\"Pol\u00edtica\",\"Sudam\u00e9rica\"],\"inLanguage\":\"es\"},{\"@type\":\"WebPage\",\"@id\":\"https:\/\/www.pressenza.com\/es\/2021\/05\/recuperar-el-sufragio-obligatorio\/\",\"url\":\"https:\/\/www.pressenza.com\/es\/2021\/05\/recuperar-el-sufragio-obligatorio\/\",\"name\":\"Recuperar el sufragio obligatorio\",\"isPartOf\":{\"@id\":\"https:\/\/www.pressenza.com\/es\/#website\"},\"primaryImageOfPage\":{\"@id\":\"https:\/\/www.pressenza.com\/es\/2021\/05\/recuperar-el-sufragio-obligatorio\/#primaryimage\"},\"image\":{\"@id\":\"https:\/\/www.pressenza.com\/es\/2021\/05\/recuperar-el-sufragio-obligatorio\/#primaryimage\"},\"thumbnailUrl\":\"https:\/\/www.pressenza.com\/wp-content\/uploads\/2021\/05\/LE7A1801.jpg\",\"datePublished\":\"2021-05-30T14:37:05+00:00\",\"description\":\"Quienes quedaron frustrados y hasta aterrados por la composici\u00f3n pol\u00edtica y social de la Convenci\u00f3n Constituyente argumentan que \u00e9sta tiene poca\",\"breadcrumb\":{\"@id\":\"https:\/\/www.pressenza.com\/es\/2021\/05\/recuperar-el-sufragio-obligatorio\/#breadcrumb\"},\"inLanguage\":\"es\",\"potentialAction\":[{\"@type\":\"ReadAction\",\"target\":[\"https:\/\/www.pressenza.com\/es\/2021\/05\/recuperar-el-sufragio-obligatorio\/\"]}]},{\"@type\":\"ImageObject\",\"inLanguage\":\"es\",\"@id\":\"https:\/\/www.pressenza.com\/es\/2021\/05\/recuperar-el-sufragio-obligatorio\/#primaryimage\",\"url\":\"https:\/\/www.pressenza.com\/wp-content\/uploads\/2021\/05\/LE7A1801.jpg\",\"contentUrl\":\"https:\/\/www.pressenza.com\/wp-content\/uploads\/2021\/05\/LE7A1801.jpg\",\"width\":1920,\"height\":1296,\"caption\":\"Enzo Blondel\"},{\"@type\":\"BreadcrumbList\",\"@id\":\"https:\/\/www.pressenza.com\/es\/2021\/05\/recuperar-el-sufragio-obligatorio\/#breadcrumb\",\"itemListElement\":[{\"@type\":\"ListItem\",\"position\":1,\"name\":\"Accueil\",\"item\":\"https:\/\/www.pressenza.com\/es\/\"},{\"@type\":\"ListItem\",\"position\":2,\"name\":\"Recuperar el sufragio obligatorio\"}]},{\"@type\":\"WebSite\",\"@id\":\"https:\/\/www.pressenza.com\/es\/#website\",\"url\":\"https:\/\/www.pressenza.com\/es\/\",\"name\":\"Pressenza\",\"description\":\"International Press Agency\",\"publisher\":{\"@id\":\"https:\/\/www.pressenza.com\/es\/#organization\"},\"potentialAction\":[{\"@type\":\"SearchAction\",\"target\":{\"@type\":\"EntryPoint\",\"urlTemplate\":\"https:\/\/www.pressenza.com\/es\/?s={search_term_string}\"},\"query-input\":{\"@type\":\"PropertyValueSpecification\",\"valueRequired\":true,\"valueName\":\"search_term_string\"}}],\"inLanguage\":\"es\"},{\"@type\":\"Organization\",\"@id\":\"https:\/\/www.pressenza.com\/es\/#organization\",\"name\":\"Pressenza\",\"url\":\"https:\/\/www.pressenza.com\/es\/\",\"logo\":{\"@type\":\"ImageObject\",\"inLanguage\":\"es\",\"@id\":\"https:\/\/www.pressenza.com\/es\/#\/schema\/logo\/image\/\",\"url\":\"https:\/\/www.pressenza.com\/wp-content\/uploads\/2022\/10\/pressenza_logo_200x200.jpg\",\"contentUrl\":\"https:\/\/www.pressenza.com\/wp-content\/uploads\/2022\/10\/pressenza_logo_200x200.jpg\",\"width\":200,\"height\":200,\"caption\":\"Pressenza\"},\"image\":{\"@id\":\"https:\/\/www.pressenza.com\/es\/#\/schema\/logo\/image\/\"},\"sameAs\":[\"https:\/\/www.facebook.com\/PressenzaItalia\",\"https:\/\/x.com\/PressenzaIPA\"]},{\"@type\":\"Person\",\"@id\":\"https:\/\/www.pressenza.com\/es\/#\/schema\/person\/d72a7c8c014dcbfa2ef9e9976103ea0d\",\"name\":\"Juan Pablo C\u00e1rdenas\",\"description\":\"Juan Pablo C\u00e1rdenas Squella es un periodista y profesor universitario de vasta trayectoria. En el 2005 recibi\u00f3 en premio nacional de Periodismo y, antes, la Pluma de Oro de la Libertad, otorgada por la Federaci\u00f3n Mundial de la Prensa. Tambi\u00e9n obtuvo el Premio Latinoamericano de Periodismo, la Houten Camara de Holanda (1989) entre otras m\u00faltiples distinciones nacionales y extranjeras. Forma parte de los sesenta periodistas del mundo considerados H\u00e9roes de la Libertad de Expresi\u00f3n, reconocimiento hecho por la Federaci\u00f3n Internacional de Periodistas. Ha sido director y columnista de las revistas Debate Universitario, An\u00e1lisis y Los Tiempos, as\u00ed como del diario electr\u00f3nico primeral\u00ednea.cl. Tambi\u00e9n fue por m\u00e1s 18 a\u00f1os director de la Radio Universidad de Chile y de su diario digital. Se ha desempe\u00f1ado como profesor de varias escuelas de periodismo de Santiago y Valpara\u00edso y en la Universidad de Chile alcanz\u00f3 el grado de profesor titular y senador universitario.\",\"url\":\"https:\/\/www.pressenza.com\/es\/author\/juan-pablo-cardenas\/\"}]}<\/script>\n<!-- \/ Yoast SEO plugin. -->","yoast_head_json":{"title":"Recuperar el sufragio obligatorio","description":"Quienes quedaron frustrados y hasta aterrados por la composici\u00f3n pol\u00edtica y social de la Convenci\u00f3n Constituyente argumentan que \u00e9sta tiene poca","robots":{"index":"index","follow":"follow","max-snippet":"max-snippet:-1","max-image-preview":"max-image-preview:large","max-video-preview":"max-video-preview:-1"},"canonical":"https:\/\/www.pressenza.com\/es\/2021\/05\/recuperar-el-sufragio-obligatorio\/","og_locale":"es_ES","og_type":"article","og_title":"Recuperar el sufragio obligatorio","og_description":"Quienes quedaron frustrados y hasta aterrados por la composici\u00f3n pol\u00edtica y social de la Convenci\u00f3n Constituyente argumentan que \u00e9sta tiene poca","og_url":"https:\/\/www.pressenza.com\/es\/2021\/05\/recuperar-el-sufragio-obligatorio\/","og_site_name":"Pressenza","article_publisher":"https:\/\/www.facebook.com\/PressenzaItalia","article_published_time":"2021-05-30T14:37:05+00:00","og_image":[{"width":1920,"height":1296,"url":"https:\/\/www.pressenza.com\/wp-content\/uploads\/2021\/05\/LE7A1801.jpg","type":"image\/jpeg"}],"author":"Juan Pablo C\u00e1rdenas","twitter_card":"summary_large_image","twitter_creator":"@PressenzaIPA","twitter_site":"@PressenzaIPA","twitter_misc":{"Escrito por":"Juan Pablo C\u00e1rdenas","Tiempo de lectura":"6 minutos"},"schema":{"@context":"https:\/\/schema.org","@graph":[{"@type":"Article","@id":"https:\/\/www.pressenza.com\/es\/2021\/05\/recuperar-el-sufragio-obligatorio\/#article","isPartOf":{"@id":"https:\/\/www.pressenza.com\/es\/2021\/05\/recuperar-el-sufragio-obligatorio\/"},"author":{"name":"Juan Pablo C\u00e1rdenas","@id":"https:\/\/www.pressenza.com\/es\/#\/schema\/person\/d72a7c8c014dcbfa2ef9e9976103ea0d"},"headline":"Recuperar el sufragio obligatorio","datePublished":"2021-05-30T14:37:05+00:00","mainEntityOfPage":{"@id":"https:\/\/www.pressenza.com\/es\/2021\/05\/recuperar-el-sufragio-obligatorio\/"},"wordCount":1142,"publisher":{"@id":"https:\/\/www.pressenza.com\/es\/#organization"},"image":{"@id":"https:\/\/www.pressenza.com\/es\/2021\/05\/recuperar-el-sufragio-obligatorio\/#primaryimage"},"thumbnailUrl":"https:\/\/www.pressenza.com\/wp-content\/uploads\/2021\/05\/LE7A1801.jpg","keywords":["Chile","sufragio obligatorio"],"articleSection":["Contenido Original","Opiniones","Pol\u00edtica","Sudam\u00e9rica"],"inLanguage":"es"},{"@type":"WebPage","@id":"https:\/\/www.pressenza.com\/es\/2021\/05\/recuperar-el-sufragio-obligatorio\/","url":"https:\/\/www.pressenza.com\/es\/2021\/05\/recuperar-el-sufragio-obligatorio\/","name":"Recuperar el sufragio obligatorio","isPartOf":{"@id":"https:\/\/www.pressenza.com\/es\/#website"},"primaryImageOfPage":{"@id":"https:\/\/www.pressenza.com\/es\/2021\/05\/recuperar-el-sufragio-obligatorio\/#primaryimage"},"image":{"@id":"https:\/\/www.pressenza.com\/es\/2021\/05\/recuperar-el-sufragio-obligatorio\/#primaryimage"},"thumbnailUrl":"https:\/\/www.pressenza.com\/wp-content\/uploads\/2021\/05\/LE7A1801.jpg","datePublished":"2021-05-30T14:37:05+00:00","description":"Quienes quedaron frustrados y hasta aterrados por la composici\u00f3n pol\u00edtica y social de la Convenci\u00f3n Constituyente argumentan que \u00e9sta tiene poca","breadcrumb":{"@id":"https:\/\/www.pressenza.com\/es\/2021\/05\/recuperar-el-sufragio-obligatorio\/#breadcrumb"},"inLanguage":"es","potentialAction":[{"@type":"ReadAction","target":["https:\/\/www.pressenza.com\/es\/2021\/05\/recuperar-el-sufragio-obligatorio\/"]}]},{"@type":"ImageObject","inLanguage":"es","@id":"https:\/\/www.pressenza.com\/es\/2021\/05\/recuperar-el-sufragio-obligatorio\/#primaryimage","url":"https:\/\/www.pressenza.com\/wp-content\/uploads\/2021\/05\/LE7A1801.jpg","contentUrl":"https:\/\/www.pressenza.com\/wp-content\/uploads\/2021\/05\/LE7A1801.jpg","width":1920,"height":1296,"caption":"Enzo Blondel"},{"@type":"BreadcrumbList","@id":"https:\/\/www.pressenza.com\/es\/2021\/05\/recuperar-el-sufragio-obligatorio\/#breadcrumb","itemListElement":[{"@type":"ListItem","position":1,"name":"Accueil","item":"https:\/\/www.pressenza.com\/es\/"},{"@type":"ListItem","position":2,"name":"Recuperar el sufragio obligatorio"}]},{"@type":"WebSite","@id":"https:\/\/www.pressenza.com\/es\/#website","url":"https:\/\/www.pressenza.com\/es\/","name":"Pressenza","description":"International Press Agency","publisher":{"@id":"https:\/\/www.pressenza.com\/es\/#organization"},"potentialAction":[{"@type":"SearchAction","target":{"@type":"EntryPoint","urlTemplate":"https:\/\/www.pressenza.com\/es\/?s={search_term_string}"},"query-input":{"@type":"PropertyValueSpecification","valueRequired":true,"valueName":"search_term_string"}}],"inLanguage":"es"},{"@type":"Organization","@id":"https:\/\/www.pressenza.com\/es\/#organization","name":"Pressenza","url":"https:\/\/www.pressenza.com\/es\/","logo":{"@type":"ImageObject","inLanguage":"es","@id":"https:\/\/www.pressenza.com\/es\/#\/schema\/logo\/image\/","url":"https:\/\/www.pressenza.com\/wp-content\/uploads\/2022\/10\/pressenza_logo_200x200.jpg","contentUrl":"https:\/\/www.pressenza.com\/wp-content\/uploads\/2022\/10\/pressenza_logo_200x200.jpg","width":200,"height":200,"caption":"Pressenza"},"image":{"@id":"https:\/\/www.pressenza.com\/es\/#\/schema\/logo\/image\/"},"sameAs":["https:\/\/www.facebook.com\/PressenzaItalia","https:\/\/x.com\/PressenzaIPA"]},{"@type":"Person","@id":"https:\/\/www.pressenza.com\/es\/#\/schema\/person\/d72a7c8c014dcbfa2ef9e9976103ea0d","name":"Juan Pablo C\u00e1rdenas","description":"Juan Pablo C\u00e1rdenas Squella es un periodista y profesor universitario de vasta trayectoria. En el 2005 recibi\u00f3 en premio nacional de Periodismo y, antes, la Pluma de Oro de la Libertad, otorgada por la Federaci\u00f3n Mundial de la Prensa. Tambi\u00e9n obtuvo el Premio Latinoamericano de Periodismo, la Houten Camara de Holanda (1989) entre otras m\u00faltiples distinciones nacionales y extranjeras. Forma parte de los sesenta periodistas del mundo considerados H\u00e9roes de la Libertad de Expresi\u00f3n, reconocimiento hecho por la Federaci\u00f3n Internacional de Periodistas. Ha sido director y columnista de las revistas Debate Universitario, An\u00e1lisis y Los Tiempos, as\u00ed como del diario electr\u00f3nico primeral\u00ednea.cl. Tambi\u00e9n fue por m\u00e1s 18 a\u00f1os director de la Radio Universidad de Chile y de su diario digital. Se ha desempe\u00f1ado como profesor de varias escuelas de periodismo de Santiago y Valpara\u00edso y en la Universidad de Chile alcanz\u00f3 el grado de profesor titular y senador universitario.","url":"https:\/\/www.pressenza.com\/es\/author\/juan-pablo-cardenas\/"}]}},"place":"Santiago de Chile","original_article_url":"","_links":{"self":[{"href":"https:\/\/www.pressenza.com\/es\/wp-json\/wp\/v2\/posts\/1371366","targetHints":{"allow":["GET"]}}],"collection":[{"href":"https:\/\/www.pressenza.com\/es\/wp-json\/wp\/v2\/posts"}],"about":[{"href":"https:\/\/www.pressenza.com\/es\/wp-json\/wp\/v2\/types\/post"}],"author":[{"embeddable":true,"href":"https:\/\/www.pressenza.com\/es\/wp-json\/wp\/v2\/users\/1739"}],"replies":[{"embeddable":true,"href":"https:\/\/www.pressenza.com\/es\/wp-json\/wp\/v2\/comments?post=1371366"}],"version-history":[{"count":0,"href":"https:\/\/www.pressenza.com\/es\/wp-json\/wp\/v2\/posts\/1371366\/revisions"}],"wp:featuredmedia":[{"embeddable":true,"href":"https:\/\/www.pressenza.com\/es\/wp-json\/wp\/v2\/media\/1371373"}],"wp:attachment":[{"href":"https:\/\/www.pressenza.com\/es\/wp-json\/wp\/v2\/media?parent=1371366"}],"wp:term":[{"taxonomy":"category","embeddable":true,"href":"https:\/\/www.pressenza.com\/es\/wp-json\/wp\/v2\/categories?post=1371366"},{"taxonomy":"post_tag","embeddable":true,"href":"https:\/\/www.pressenza.com\/es\/wp-json\/wp\/v2\/tags?post=1371366"}],"curies":[{"name":"wp","href":"https:\/\/api.w.org\/{rel}","templated":true}]}}