{"id":1371,"date":"2009-09-21T00:00:00","date_gmt":"2009-09-21T00:00:00","guid":{"rendered":""},"modified":"2009-09-28T05:01:04","modified_gmt":"2009-09-28T05:01:04","slug":"el-presidente-de-irxn-mahmoud-ahmadinejadx-no-necesitamos-armas-nucleares","status":"publish","type":"post","link":"https:\/\/www.pressenza.com\/es\/2009\/09\/el-presidente-de-irxn-mahmoud-ahmadinejadx-no-necesitamos-armas-nucleares\/","title":{"rendered":"El presidente de Ir\u00e1n Mahmoud Ahmadinejad: No necesitamos armas nucleares"},"content":{"rendered":"<p>El presidente iran\u00ed Mahmoud Ahmadinejad, en su entrevista del jueves con Ann Curry de NBC News, dijo que Ir\u00e1n no necesita tales armas, rechazando responder si habr\u00eda alg\u00fan escenario en el que Ir\u00e1n desarrollar\u00eda un arma nuclear.<br \/>\nLa entrevista se desarroll\u00f3 en suelos del recinto presidencial de Ir\u00e1n.  <\/p>\n<p>Ahmadinejad dijo que las armas nucleares ya no son \u00fatiles.<br \/>\n*\u00bbSi las armas nucleares fueran influyentes, hubiesen prevenido la ca\u00edda de la Uni\u00f3n Sovi\u00e9tica, en realidad, del r\u00e9gimen Sionista\u00bb*, dijo haciendo referencia a Israel, del que se cree hace tiempo que posee 200 armas nucleares *\u00bbNuestra naci\u00f3n nunca ha necesitado armas nucleares.\u00bb*<\/p>\n<p>*\u00bbAs\u00ed que, supongo entonces, \u00bfque su respuesta a esta pregunta es* &#8216;no&#8217;*?\u00bb* pregunt\u00f3 Curry.<\/p>\n<p>Nuevamente, Ahmadinejad dijo: *\u00bbNosotros no las necesitamos &#8211; no tenemos necesidad de armas nucleares. No necesitamos armas nucleares. Sin tales armas, estamos perfectamente capacitados para defendernos.\u00bb*<\/p>\n<p>Traducci\u00f3n: Laura Osorio<\/p>\n","protected":false},"excerpt":{"rendered":"<p>S\u00f3lo horas despu\u00e9s de que el presidente Obama cambiara su pol\u00edtica sobre el escudo antimisiles, el presidente Mahmoud Ahmadinejad dijo a Ann Curry de NBC News que Ir\u00e1n no tiene necesidad alguna de armas nucleares. Durante la entrevista, Curry pregunt\u00f3 tres veces a Ahmadinejad si habr\u00eda circunstancias en que Ir\u00e1n se viera forzado a tener una bomba, y obtuvo la misma respuesta<\/p>\n","protected":false},"author":19,"featured_media":0,"comment_status":"closed","ping_status":"open","sticky":false,"template":"","format":"standard","meta":{"footnotes":""},"categories":[76,39,71],"tags":[],"class_list":["post-1371","post","type-post","status-publish","format-standard","hentry","category-relaciones-exteriores","category-internacional","category-medio-oriente-es"],"yoast_head":"<!-- This site is optimized with the Yoast SEO plugin v27.1.1 - https:\/\/yoast.com\/product\/yoast-seo-wordpress\/ -->\n<title>El presidente de Ir\u00e1n Mahmoud Ahmadinejad: No necesitamos armas nucleares<\/title>\n<meta name=\"description\" content=\"S\u00f3lo horas despu\u00e9s de que el presidente Obama cambiara su pol\u00edtica sobre el escudo antimisiles, el presidente Mahmoud Ahmadinejad dijo a Ann Curry de NBC News que Ir\u00e1n no tiene necesidad alguna de armas nucleares. Durante la entrevista, Curry pregunt\u00f3 tres veces a Ahmadinejad si habr\u00eda circunstancias en que Ir\u00e1n se viera forzado a tener una bomba, y obtuvo la misma respuesta\" \/>\n<meta name=\"robots\" content=\"index, follow, max-snippet:-1, max-image-preview:large, max-video-preview:-1\" \/>\n<link rel=\"canonical\" href=\"https:\/\/www.pressenza.com\/es\/2009\/09\/el-presidente-de-irxn-mahmoud-ahmadinejadx-no-necesitamos-armas-nucleares\/\" \/>\n<meta property=\"og:locale\" content=\"es_ES\" \/>\n<meta property=\"og:type\" content=\"article\" \/>\n<meta property=\"og:title\" content=\"El presidente de Ir\u00e1n Mahmoud Ahmadinejad: No necesitamos armas nucleares\" \/>\n<meta property=\"og:description\" content=\"S\u00f3lo horas despu\u00e9s de que el presidente Obama cambiara su pol\u00edtica sobre el escudo antimisiles, el presidente Mahmoud Ahmadinejad dijo a Ann Curry de NBC News que Ir\u00e1n no tiene necesidad alguna de armas nucleares. Durante la entrevista, Curry pregunt\u00f3 tres veces a Ahmadinejad si habr\u00eda circunstancias en que Ir\u00e1n se viera forzado a tener una bomba, y obtuvo la misma respuesta\" \/>\n<meta property=\"og:url\" content=\"https:\/\/www.pressenza.com\/es\/2009\/09\/el-presidente-de-irxn-mahmoud-ahmadinejadx-no-necesitamos-armas-nucleares\/\" \/>\n<meta property=\"og:site_name\" content=\"Pressenza\" \/>\n<meta property=\"article:publisher\" content=\"https:\/\/www.facebook.com\/PressenzaItalia\" \/>\n<meta property=\"article:author\" content=\"https:\/\/www.facebook.com\/pressenza\" \/>\n<meta property=\"article:published_time\" content=\"2009-09-21T00:00:00+00:00\" \/>\n<meta property=\"article:modified_time\" content=\"2009-09-28T05:01:04+00:00\" \/>\n<meta name=\"author\" content=\"Pressenza IPA\" \/>\n<meta name=\"twitter:card\" content=\"summary_large_image\" \/>\n<meta name=\"twitter:creator\" content=\"@PressenzaIPA\" \/>\n<meta name=\"twitter:site\" content=\"@PressenzaIPA\" \/>\n<meta name=\"twitter:label1\" content=\"Escrito por\" \/>\n\t<meta name=\"twitter:data1\" content=\"Pressenza IPA\" \/>\n\t<meta name=\"twitter:label2\" content=\"Tiempo de lectura\" \/>\n\t<meta name=\"twitter:data2\" content=\"1 minuto\" \/>\n<script type=\"application\/ld+json\" class=\"yoast-schema-graph\">{\"@context\":\"https:\/\/schema.org\",\"@graph\":[{\"@type\":\"Article\",\"@id\":\"https:\/\/www.pressenza.com\/es\/2009\/09\/el-presidente-de-irxn-mahmoud-ahmadinejadx-no-necesitamos-armas-nucleares\/#article\",\"isPartOf\":{\"@id\":\"https:\/\/www.pressenza.com\/es\/2009\/09\/el-presidente-de-irxn-mahmoud-ahmadinejadx-no-necesitamos-armas-nucleares\/\"},\"author\":{\"name\":\"Pressenza IPA\",\"@id\":\"https:\/\/www.pressenza.com\/es\/#\/schema\/person\/010e5d02bcf40965427a1289a4cc8d75\"},\"headline\":\"El presidente de Ir\u00e1n Mahmoud Ahmadinejad: No necesitamos armas nucleares\",\"datePublished\":\"2009-09-21T00:00:00+00:00\",\"dateModified\":\"2009-09-28T05:01:04+00:00\",\"mainEntityOfPage\":{\"@id\":\"https:\/\/www.pressenza.com\/es\/2009\/09\/el-presidente-de-irxn-mahmoud-ahmadinejadx-no-necesitamos-armas-nucleares\/\"},\"wordCount\":165,\"publisher\":{\"@id\":\"https:\/\/www.pressenza.com\/es\/#organization\"},\"articleSection\":[\"Asuntos internacionales\",\"Internacional\",\"Medio Oriente\"],\"inLanguage\":\"es\"},{\"@type\":\"WebPage\",\"@id\":\"https:\/\/www.pressenza.com\/es\/2009\/09\/el-presidente-de-irxn-mahmoud-ahmadinejadx-no-necesitamos-armas-nucleares\/\",\"url\":\"https:\/\/www.pressenza.com\/es\/2009\/09\/el-presidente-de-irxn-mahmoud-ahmadinejadx-no-necesitamos-armas-nucleares\/\",\"name\":\"El presidente de Ir\u00e1n Mahmoud Ahmadinejad: No necesitamos armas nucleares\",\"isPartOf\":{\"@id\":\"https:\/\/www.pressenza.com\/es\/#website\"},\"datePublished\":\"2009-09-21T00:00:00+00:00\",\"dateModified\":\"2009-09-28T05:01:04+00:00\",\"description\":\"S\u00f3lo horas despu\u00e9s de que el presidente Obama cambiara su pol\u00edtica sobre el escudo antimisiles, el presidente Mahmoud Ahmadinejad dijo a Ann Curry de NBC News que Ir\u00e1n no tiene necesidad alguna de armas nucleares. Durante la entrevista, Curry pregunt\u00f3 tres veces a Ahmadinejad si habr\u00eda circunstancias en que Ir\u00e1n se viera forzado a tener una bomba, y obtuvo la misma respuesta\",\"breadcrumb\":{\"@id\":\"https:\/\/www.pressenza.com\/es\/2009\/09\/el-presidente-de-irxn-mahmoud-ahmadinejadx-no-necesitamos-armas-nucleares\/#breadcrumb\"},\"inLanguage\":\"es\",\"potentialAction\":[{\"@type\":\"ReadAction\",\"target\":[\"https:\/\/www.pressenza.com\/es\/2009\/09\/el-presidente-de-irxn-mahmoud-ahmadinejadx-no-necesitamos-armas-nucleares\/\"]}]},{\"@type\":\"BreadcrumbList\",\"@id\":\"https:\/\/www.pressenza.com\/es\/2009\/09\/el-presidente-de-irxn-mahmoud-ahmadinejadx-no-necesitamos-armas-nucleares\/#breadcrumb\",\"itemListElement\":[{\"@type\":\"ListItem\",\"position\":1,\"name\":\"Accueil\",\"item\":\"https:\/\/www.pressenza.com\/es\/\"},{\"@type\":\"ListItem\",\"position\":2,\"name\":\"El presidente de Ir\u00e1n Mahmoud Ahmadinejad: No necesitamos armas nucleares\"}]},{\"@type\":\"WebSite\",\"@id\":\"https:\/\/www.pressenza.com\/es\/#website\",\"url\":\"https:\/\/www.pressenza.com\/es\/\",\"name\":\"Pressenza\",\"description\":\"International Press Agency\",\"publisher\":{\"@id\":\"https:\/\/www.pressenza.com\/es\/#organization\"},\"potentialAction\":[{\"@type\":\"SearchAction\",\"target\":{\"@type\":\"EntryPoint\",\"urlTemplate\":\"https:\/\/www.pressenza.com\/es\/?s={search_term_string}\"},\"query-input\":{\"@type\":\"PropertyValueSpecification\",\"valueRequired\":true,\"valueName\":\"search_term_string\"}}],\"inLanguage\":\"es\"},{\"@type\":\"Organization\",\"@id\":\"https:\/\/www.pressenza.com\/es\/#organization\",\"name\":\"Pressenza\",\"url\":\"https:\/\/www.pressenza.com\/es\/\",\"logo\":{\"@type\":\"ImageObject\",\"inLanguage\":\"es\",\"@id\":\"https:\/\/www.pressenza.com\/es\/#\/schema\/logo\/image\/\",\"url\":\"https:\/\/www.pressenza.com\/wp-content\/uploads\/2022\/10\/pressenza_logo_200x200.jpg\",\"contentUrl\":\"https:\/\/www.pressenza.com\/wp-content\/uploads\/2022\/10\/pressenza_logo_200x200.jpg\",\"width\":200,\"height\":200,\"caption\":\"Pressenza\"},\"image\":{\"@id\":\"https:\/\/www.pressenza.com\/es\/#\/schema\/logo\/image\/\"},\"sameAs\":[\"https:\/\/www.facebook.com\/PressenzaItalia\",\"https:\/\/x.com\/PressenzaIPA\"]},{\"@type\":\"Person\",\"@id\":\"https:\/\/www.pressenza.com\/es\/#\/schema\/person\/010e5d02bcf40965427a1289a4cc8d75\",\"name\":\"Pressenza IPA\",\"description\":\"News from Pressenza IPA correspondents\",\"sameAs\":[\"https:\/\/www.facebook.com\/pressenza\",\"https:\/\/x.com\/PressenzaIPA\"],\"url\":\"https:\/\/www.pressenza.com\/es\/author\/pressenza-ipa\/\"}]}<\/script>\n<!-- \/ Yoast SEO plugin. -->","yoast_head_json":{"title":"El presidente de Ir\u00e1n Mahmoud Ahmadinejad: No necesitamos armas nucleares","description":"S\u00f3lo horas despu\u00e9s de que el presidente Obama cambiara su pol\u00edtica sobre el escudo antimisiles, el presidente Mahmoud Ahmadinejad dijo a Ann Curry de NBC News que Ir\u00e1n no tiene necesidad alguna de armas nucleares. Durante la entrevista, Curry pregunt\u00f3 tres veces a Ahmadinejad si habr\u00eda circunstancias en que Ir\u00e1n se viera forzado a tener una bomba, y obtuvo la misma respuesta","robots":{"index":"index","follow":"follow","max-snippet":"max-snippet:-1","max-image-preview":"max-image-preview:large","max-video-preview":"max-video-preview:-1"},"canonical":"https:\/\/www.pressenza.com\/es\/2009\/09\/el-presidente-de-irxn-mahmoud-ahmadinejadx-no-necesitamos-armas-nucleares\/","og_locale":"es_ES","og_type":"article","og_title":"El presidente de Ir\u00e1n Mahmoud Ahmadinejad: No necesitamos armas nucleares","og_description":"S\u00f3lo horas despu\u00e9s de que el presidente Obama cambiara su pol\u00edtica sobre el escudo antimisiles, el presidente Mahmoud Ahmadinejad dijo a Ann Curry de NBC News que Ir\u00e1n no tiene necesidad alguna de armas nucleares. Durante la entrevista, Curry pregunt\u00f3 tres veces a Ahmadinejad si habr\u00eda circunstancias en que Ir\u00e1n se viera forzado a tener una bomba, y obtuvo la misma respuesta","og_url":"https:\/\/www.pressenza.com\/es\/2009\/09\/el-presidente-de-irxn-mahmoud-ahmadinejadx-no-necesitamos-armas-nucleares\/","og_site_name":"Pressenza","article_publisher":"https:\/\/www.facebook.com\/PressenzaItalia","article_author":"https:\/\/www.facebook.com\/pressenza","article_published_time":"2009-09-21T00:00:00+00:00","article_modified_time":"2009-09-28T05:01:04+00:00","author":"Pressenza IPA","twitter_card":"summary_large_image","twitter_creator":"@PressenzaIPA","twitter_site":"@PressenzaIPA","twitter_misc":{"Escrito por":"Pressenza IPA","Tiempo de lectura":"1 minuto"},"schema":{"@context":"https:\/\/schema.org","@graph":[{"@type":"Article","@id":"https:\/\/www.pressenza.com\/es\/2009\/09\/el-presidente-de-irxn-mahmoud-ahmadinejadx-no-necesitamos-armas-nucleares\/#article","isPartOf":{"@id":"https:\/\/www.pressenza.com\/es\/2009\/09\/el-presidente-de-irxn-mahmoud-ahmadinejadx-no-necesitamos-armas-nucleares\/"},"author":{"name":"Pressenza IPA","@id":"https:\/\/www.pressenza.com\/es\/#\/schema\/person\/010e5d02bcf40965427a1289a4cc8d75"},"headline":"El presidente de Ir\u00e1n Mahmoud Ahmadinejad: No necesitamos armas nucleares","datePublished":"2009-09-21T00:00:00+00:00","dateModified":"2009-09-28T05:01:04+00:00","mainEntityOfPage":{"@id":"https:\/\/www.pressenza.com\/es\/2009\/09\/el-presidente-de-irxn-mahmoud-ahmadinejadx-no-necesitamos-armas-nucleares\/"},"wordCount":165,"publisher":{"@id":"https:\/\/www.pressenza.com\/es\/#organization"},"articleSection":["Asuntos internacionales","Internacional","Medio Oriente"],"inLanguage":"es"},{"@type":"WebPage","@id":"https:\/\/www.pressenza.com\/es\/2009\/09\/el-presidente-de-irxn-mahmoud-ahmadinejadx-no-necesitamos-armas-nucleares\/","url":"https:\/\/www.pressenza.com\/es\/2009\/09\/el-presidente-de-irxn-mahmoud-ahmadinejadx-no-necesitamos-armas-nucleares\/","name":"El presidente de Ir\u00e1n Mahmoud Ahmadinejad: No necesitamos armas nucleares","isPartOf":{"@id":"https:\/\/www.pressenza.com\/es\/#website"},"datePublished":"2009-09-21T00:00:00+00:00","dateModified":"2009-09-28T05:01:04+00:00","description":"S\u00f3lo horas despu\u00e9s de que el presidente Obama cambiara su pol\u00edtica sobre el escudo antimisiles, el presidente Mahmoud Ahmadinejad dijo a Ann Curry de NBC News que Ir\u00e1n no tiene necesidad alguna de armas nucleares. Durante la entrevista, Curry pregunt\u00f3 tres veces a Ahmadinejad si habr\u00eda circunstancias en que Ir\u00e1n se viera forzado a tener una bomba, y obtuvo la misma respuesta","breadcrumb":{"@id":"https:\/\/www.pressenza.com\/es\/2009\/09\/el-presidente-de-irxn-mahmoud-ahmadinejadx-no-necesitamos-armas-nucleares\/#breadcrumb"},"inLanguage":"es","potentialAction":[{"@type":"ReadAction","target":["https:\/\/www.pressenza.com\/es\/2009\/09\/el-presidente-de-irxn-mahmoud-ahmadinejadx-no-necesitamos-armas-nucleares\/"]}]},{"@type":"BreadcrumbList","@id":"https:\/\/www.pressenza.com\/es\/2009\/09\/el-presidente-de-irxn-mahmoud-ahmadinejadx-no-necesitamos-armas-nucleares\/#breadcrumb","itemListElement":[{"@type":"ListItem","position":1,"name":"Accueil","item":"https:\/\/www.pressenza.com\/es\/"},{"@type":"ListItem","position":2,"name":"El presidente de Ir\u00e1n Mahmoud Ahmadinejad: No necesitamos armas nucleares"}]},{"@type":"WebSite","@id":"https:\/\/www.pressenza.com\/es\/#website","url":"https:\/\/www.pressenza.com\/es\/","name":"Pressenza","description":"International Press Agency","publisher":{"@id":"https:\/\/www.pressenza.com\/es\/#organization"},"potentialAction":[{"@type":"SearchAction","target":{"@type":"EntryPoint","urlTemplate":"https:\/\/www.pressenza.com\/es\/?s={search_term_string}"},"query-input":{"@type":"PropertyValueSpecification","valueRequired":true,"valueName":"search_term_string"}}],"inLanguage":"es"},{"@type":"Organization","@id":"https:\/\/www.pressenza.com\/es\/#organization","name":"Pressenza","url":"https:\/\/www.pressenza.com\/es\/","logo":{"@type":"ImageObject","inLanguage":"es","@id":"https:\/\/www.pressenza.com\/es\/#\/schema\/logo\/image\/","url":"https:\/\/www.pressenza.com\/wp-content\/uploads\/2022\/10\/pressenza_logo_200x200.jpg","contentUrl":"https:\/\/www.pressenza.com\/wp-content\/uploads\/2022\/10\/pressenza_logo_200x200.jpg","width":200,"height":200,"caption":"Pressenza"},"image":{"@id":"https:\/\/www.pressenza.com\/es\/#\/schema\/logo\/image\/"},"sameAs":["https:\/\/www.facebook.com\/PressenzaItalia","https:\/\/x.com\/PressenzaIPA"]},{"@type":"Person","@id":"https:\/\/www.pressenza.com\/es\/#\/schema\/person\/010e5d02bcf40965427a1289a4cc8d75","name":"Pressenza IPA","description":"News from Pressenza IPA correspondents","sameAs":["https:\/\/www.facebook.com\/pressenza","https:\/\/x.com\/PressenzaIPA"],"url":"https:\/\/www.pressenza.com\/es\/author\/pressenza-ipa\/"}]}},"place":"Teheran","original_article_url":"","_links":{"self":[{"href":"https:\/\/www.pressenza.com\/es\/wp-json\/wp\/v2\/posts\/1371","targetHints":{"allow":["GET"]}}],"collection":[{"href":"https:\/\/www.pressenza.com\/es\/wp-json\/wp\/v2\/posts"}],"about":[{"href":"https:\/\/www.pressenza.com\/es\/wp-json\/wp\/v2\/types\/post"}],"author":[{"embeddable":true,"href":"https:\/\/www.pressenza.com\/es\/wp-json\/wp\/v2\/users\/19"}],"replies":[{"embeddable":true,"href":"https:\/\/www.pressenza.com\/es\/wp-json\/wp\/v2\/comments?post=1371"}],"version-history":[{"count":0,"href":"https:\/\/www.pressenza.com\/es\/wp-json\/wp\/v2\/posts\/1371\/revisions"}],"wp:attachment":[{"href":"https:\/\/www.pressenza.com\/es\/wp-json\/wp\/v2\/media?parent=1371"}],"wp:term":[{"taxonomy":"category","embeddable":true,"href":"https:\/\/www.pressenza.com\/es\/wp-json\/wp\/v2\/categories?post=1371"},{"taxonomy":"post_tag","embeddable":true,"href":"https:\/\/www.pressenza.com\/es\/wp-json\/wp\/v2\/tags?post=1371"}],"curies":[{"name":"wp","href":"https:\/\/api.w.org\/{rel}","templated":true}]}}