{"id":1369,"date":"2009-09-21T00:00:00","date_gmt":"2009-09-21T00:00:00","guid":{"rendered":""},"modified":"2009-09-28T05:01:04","modified_gmt":"2009-09-28T05:01:04","slug":"argentinax-los-pueblos-originarios-podrxan-contar-con-sus-propios-medios-de-comunicacixn","status":"publish","type":"post","link":"https:\/\/www.pressenza.com\/es\/2009\/09\/argentinax-los-pueblos-originarios-podrxan-contar-con-sus-propios-medios-de-comunicacixn\/","title":{"rendered":"Argentina: los Pueblos Originarios podr\u00edan contar con sus propios medios de comunicaci\u00f3n"},"content":{"rendered":"<p>Los Pueblos Originarios de Argentina han manifestado p\u00fablicamente su respaldo a la nueva Ley de Servicios de Comunicaci\u00f3n Audiovisual, que recibi\u00f3 media sanci\u00f3n por parte de la C\u00e1mara de Diputados de la Naci\u00f3n el jueves 17 de septiembre. \u201cResponde a la propuesta presentada por el m\u00e1s amplio espectro de los sectores sociales\u201d y permite \u201cdar a conocer nuestra cosmovisi\u00f3n y establecer v\u00edas de interacci\u00f3n con otros Pueblos\u201d, aseguraron a trav\u00e9s de un comunicado titulado \u201cEl Derecho a la comunicaci\u00f3n con identidad\u201d. <\/p>\n<p>En tanto colectivos con identidades culturales propias, los 36 Pueblos Originarios de Argentina hablan 16 idiomas diferentes al espa\u00f1ol y tienen sus propios modos y medios de comunicaci\u00f3n. \u201cSon una expresi\u00f3n de cosmovisiones diferentes a la occidental, por lo que son horizontales, no lucrativas, democr\u00e1ticas y necesariamente colectivas\u201d, explican. <\/p>\n<p>La nueva Ley tiene entre sus objetivos \u201cla preservaci\u00f3n y promoci\u00f3n de la identidad y de los valores culturales de los pueblos originarios\u201d y los contempla como una cuarta categor\u00eda de prestadores de servicios de comunicaci\u00f3n, propuesta que fue realizada por Encuentro Nacional de Organizaciones de Pueblos Originarios tras haber participado en los 24 foros organizados por el Comit\u00e9 Federal de Radiodifusi\u00f3n (COMFER). <\/p>\n<p>En tanto personas de derecho p\u00fablico no estatal reconocidas en la constituci\u00f3n argentina, los pueblos ind\u00edgenas podr\u00e1n ser titulares de autorizaciones para la instalaci\u00f3n y explotaci\u00f3n de servicios de radiodifusi\u00f3n. Dicha posibilidad, sin embargo, no era reconocida por el marco legal vigente, sancionado como decreto-ley durante la \u00faltima dictadura militar (1976-1983), ni por los sucesivos decretos firmados por el poder ejecutivo desde el regreso de la democracia. <\/p>\n<p>\u201cLa participaci\u00f3n en la sociedad de la informaci\u00f3n y el conocimiento, constituyen uno de los principales instrumentos mediante los cuales se ejerce el derecho a la identidad y a mantener y desarrollar los propios modelos culturales, el derecho a la autoorganizaci\u00f3n y el derecho a la participaci\u00f3n en todos los asuntos que nos afecten\u201d, aseguran.  <\/p>\n<p>En la actualidad, existe una gran brecha entre la implementaci\u00f3n de los derechos reconocidos por la constituci\u00f3n nacional y la realidad en los espacios territoriales de los abor\u00edgenes. Tras a\u00f1os de colonizaci\u00f3n y avasallamiento estatal, los Pueblos Originarios carecen de acceso al trabajo remunerado y los servicios b\u00e1sicos en materia de salud, educaci\u00f3n y comunicaci\u00f3n. <\/p>\n<p>Sin embargo, \u201csomos continuamente invisibilizados por los medios de comunicaci\u00f3n \u2013denuncian-. Nuestras voces son silenciadas, censuradas por lo que denunciamos como el colonialismo medi\u00e1tico, que s\u00f3lo muestra una imagen estereotipada de nosotros, racista y euroc\u00e9ntrica, cuando no est\u00e1 exaltando los valores de una sola cultura blanca y occidental\u201d.  <\/p>\n<p>Y agregan: \u201cEstos mismos monopolios informativos son los que presentan a la realidad de los Pueblos Originarios como \u00b4problem\u00e1tica ind\u00edgena\u00b4 o \u00b4conflicto ind\u00edgena\u00b4\u201d, desconociendo \u201cla arremetida de los gobiernos provinciales en las comunidades\u201d,  \u201cla violencia justificada en el profundo racismo para ocultar  los intereses econ\u00f3micos que los motivan\u201d y \u201clos desalojos, las industrias extractivas y la maldita soja, que  hacen estragos en nuestras vidas\u201d. <\/p>\n<p>Esta comprensi\u00f3n de la comunicaci\u00f3n ind\u00edgena por parte de la nueva Ley (sus elementos culturales y filos\u00f3ficos, pol\u00edticos y sociales, enraizados en la profunda historia de los Pueblos Originarios) representa un avance en la construcci\u00f3n de un mapa medi\u00e1tico \u201cque refleje a sus pueblos, que aporte en la construcci\u00f3n de democratizar nuestras sociedades, que restituya la voz a los tantos siglos silenciados\u201d, concluyeron. <\/p>\n","protected":false},"excerpt":{"rendered":"<p>Los Pueblos Originarios de Argentina han manifestado p\u00fablicamente su respaldo a la nueva Ley de Servicios de Comunicaci\u00f3n Audiovisual. El nuevo marco legal reconoce su derecho a constituirse como prestadores de servicios de comunicaci\u00f3n y tiene como uno de sus objetivos \u201cla preservaci\u00f3n y promoci\u00f3n de la identidad y de los valores culturales de los pueblos originarios\u201d. <\/p>\n","protected":false},"author":19,"featured_media":0,"comment_status":"closed","ping_status":"open","sticky":false,"template":"","format":"standard","meta":{"footnotes":""},"categories":[75,67],"tags":[],"class_list":["post-1369","post","type-post","status-publish","format-standard","hentry","category-cultura-es","category-sudamerica"],"yoast_head":"<!-- This site is optimized with the Yoast SEO plugin v27.1.1 - https:\/\/yoast.com\/product\/yoast-seo-wordpress\/ -->\n<title>Argentina: los Pueblos Originarios podr\u00edan contar con sus propios medios de comunicaci\u00f3n<\/title>\n<meta name=\"description\" content=\"Los Pueblos Originarios de Argentina han manifestado p\u00fablicamente su respaldo a la nueva Ley de Servicios de Comunicaci\u00f3n Audiovisual. El nuevo marco legal reconoce su derecho a constituirse como prestadores de servicios de comunicaci\u00f3n y tiene como uno de sus objetivos \u201cla preservaci\u00f3n y promoci\u00f3n de la identidad y de los valores culturales de los pueblos originarios\u201d.\" \/>\n<meta name=\"robots\" content=\"index, follow, max-snippet:-1, max-image-preview:large, max-video-preview:-1\" \/>\n<link rel=\"canonical\" href=\"https:\/\/www.pressenza.com\/es\/2009\/09\/argentinax-los-pueblos-originarios-podrxan-contar-con-sus-propios-medios-de-comunicacixn\/\" \/>\n<meta property=\"og:locale\" content=\"es_ES\" \/>\n<meta property=\"og:type\" content=\"article\" \/>\n<meta property=\"og:title\" content=\"Argentina: los Pueblos Originarios podr\u00edan contar con sus propios medios de comunicaci\u00f3n\" \/>\n<meta property=\"og:description\" content=\"Los Pueblos Originarios de Argentina han manifestado p\u00fablicamente su respaldo a la nueva Ley de Servicios de Comunicaci\u00f3n Audiovisual. El nuevo marco legal reconoce su derecho a constituirse como prestadores de servicios de comunicaci\u00f3n y tiene como uno de sus objetivos \u201cla preservaci\u00f3n y promoci\u00f3n de la identidad y de los valores culturales de los pueblos originarios\u201d.\" \/>\n<meta property=\"og:url\" content=\"https:\/\/www.pressenza.com\/es\/2009\/09\/argentinax-los-pueblos-originarios-podrxan-contar-con-sus-propios-medios-de-comunicacixn\/\" \/>\n<meta property=\"og:site_name\" content=\"Pressenza\" \/>\n<meta property=\"article:publisher\" content=\"https:\/\/www.facebook.com\/PressenzaItalia\" \/>\n<meta property=\"article:author\" content=\"https:\/\/www.facebook.com\/pressenza\" \/>\n<meta property=\"article:published_time\" content=\"2009-09-21T00:00:00+00:00\" \/>\n<meta property=\"article:modified_time\" content=\"2009-09-28T05:01:04+00:00\" \/>\n<meta name=\"author\" content=\"Pressenza IPA\" \/>\n<meta name=\"twitter:card\" content=\"summary_large_image\" \/>\n<meta name=\"twitter:creator\" content=\"@PressenzaIPA\" \/>\n<meta name=\"twitter:site\" content=\"@PressenzaIPA\" \/>\n<meta name=\"twitter:label1\" content=\"Escrito por\" \/>\n\t<meta name=\"twitter:data1\" content=\"Pressenza IPA\" \/>\n\t<meta name=\"twitter:label2\" content=\"Tiempo de lectura\" \/>\n\t<meta name=\"twitter:data2\" content=\"3 minutos\" \/>\n<script type=\"application\/ld+json\" class=\"yoast-schema-graph\">{\"@context\":\"https:\/\/schema.org\",\"@graph\":[{\"@type\":\"Article\",\"@id\":\"https:\/\/www.pressenza.com\/es\/2009\/09\/argentinax-los-pueblos-originarios-podrxan-contar-con-sus-propios-medios-de-comunicacixn\/#article\",\"isPartOf\":{\"@id\":\"https:\/\/www.pressenza.com\/es\/2009\/09\/argentinax-los-pueblos-originarios-podrxan-contar-con-sus-propios-medios-de-comunicacixn\/\"},\"author\":{\"name\":\"Pressenza IPA\",\"@id\":\"https:\/\/www.pressenza.com\/es\/#\/schema\/person\/010e5d02bcf40965427a1289a4cc8d75\"},\"headline\":\"Argentina: los Pueblos Originarios podr\u00edan contar con sus propios medios de comunicaci\u00f3n\",\"datePublished\":\"2009-09-21T00:00:00+00:00\",\"dateModified\":\"2009-09-28T05:01:04+00:00\",\"mainEntityOfPage\":{\"@id\":\"https:\/\/www.pressenza.com\/es\/2009\/09\/argentinax-los-pueblos-originarios-podrxan-contar-con-sus-propios-medios-de-comunicacixn\/\"},\"wordCount\":610,\"publisher\":{\"@id\":\"https:\/\/www.pressenza.com\/es\/#organization\"},\"articleSection\":[\"Cultura y Medios\",\"Sudam\u00e9rica\"],\"inLanguage\":\"es\"},{\"@type\":\"WebPage\",\"@id\":\"https:\/\/www.pressenza.com\/es\/2009\/09\/argentinax-los-pueblos-originarios-podrxan-contar-con-sus-propios-medios-de-comunicacixn\/\",\"url\":\"https:\/\/www.pressenza.com\/es\/2009\/09\/argentinax-los-pueblos-originarios-podrxan-contar-con-sus-propios-medios-de-comunicacixn\/\",\"name\":\"Argentina: los Pueblos Originarios podr\u00edan contar con sus propios medios de comunicaci\u00f3n\",\"isPartOf\":{\"@id\":\"https:\/\/www.pressenza.com\/es\/#website\"},\"datePublished\":\"2009-09-21T00:00:00+00:00\",\"dateModified\":\"2009-09-28T05:01:04+00:00\",\"description\":\"Los Pueblos Originarios de Argentina han manifestado p\u00fablicamente su respaldo a la nueva Ley de Servicios de Comunicaci\u00f3n Audiovisual. El nuevo marco legal reconoce su derecho a constituirse como prestadores de servicios de comunicaci\u00f3n y tiene como uno de sus objetivos \u201cla preservaci\u00f3n y promoci\u00f3n de la identidad y de los valores culturales de los pueblos originarios\u201d.\",\"breadcrumb\":{\"@id\":\"https:\/\/www.pressenza.com\/es\/2009\/09\/argentinax-los-pueblos-originarios-podrxan-contar-con-sus-propios-medios-de-comunicacixn\/#breadcrumb\"},\"inLanguage\":\"es\",\"potentialAction\":[{\"@type\":\"ReadAction\",\"target\":[\"https:\/\/www.pressenza.com\/es\/2009\/09\/argentinax-los-pueblos-originarios-podrxan-contar-con-sus-propios-medios-de-comunicacixn\/\"]}]},{\"@type\":\"BreadcrumbList\",\"@id\":\"https:\/\/www.pressenza.com\/es\/2009\/09\/argentinax-los-pueblos-originarios-podrxan-contar-con-sus-propios-medios-de-comunicacixn\/#breadcrumb\",\"itemListElement\":[{\"@type\":\"ListItem\",\"position\":1,\"name\":\"Accueil\",\"item\":\"https:\/\/www.pressenza.com\/es\/\"},{\"@type\":\"ListItem\",\"position\":2,\"name\":\"Argentina: los Pueblos Originarios podr\u00edan contar con sus propios medios de comunicaci\u00f3n\"}]},{\"@type\":\"WebSite\",\"@id\":\"https:\/\/www.pressenza.com\/es\/#website\",\"url\":\"https:\/\/www.pressenza.com\/es\/\",\"name\":\"Pressenza\",\"description\":\"International Press Agency\",\"publisher\":{\"@id\":\"https:\/\/www.pressenza.com\/es\/#organization\"},\"potentialAction\":[{\"@type\":\"SearchAction\",\"target\":{\"@type\":\"EntryPoint\",\"urlTemplate\":\"https:\/\/www.pressenza.com\/es\/?s={search_term_string}\"},\"query-input\":{\"@type\":\"PropertyValueSpecification\",\"valueRequired\":true,\"valueName\":\"search_term_string\"}}],\"inLanguage\":\"es\"},{\"@type\":\"Organization\",\"@id\":\"https:\/\/www.pressenza.com\/es\/#organization\",\"name\":\"Pressenza\",\"url\":\"https:\/\/www.pressenza.com\/es\/\",\"logo\":{\"@type\":\"ImageObject\",\"inLanguage\":\"es\",\"@id\":\"https:\/\/www.pressenza.com\/es\/#\/schema\/logo\/image\/\",\"url\":\"https:\/\/www.pressenza.com\/wp-content\/uploads\/2022\/10\/pressenza_logo_200x200.jpg\",\"contentUrl\":\"https:\/\/www.pressenza.com\/wp-content\/uploads\/2022\/10\/pressenza_logo_200x200.jpg\",\"width\":200,\"height\":200,\"caption\":\"Pressenza\"},\"image\":{\"@id\":\"https:\/\/www.pressenza.com\/es\/#\/schema\/logo\/image\/\"},\"sameAs\":[\"https:\/\/www.facebook.com\/PressenzaItalia\",\"https:\/\/x.com\/PressenzaIPA\"]},{\"@type\":\"Person\",\"@id\":\"https:\/\/www.pressenza.com\/es\/#\/schema\/person\/010e5d02bcf40965427a1289a4cc8d75\",\"name\":\"Pressenza IPA\",\"description\":\"News from Pressenza IPA correspondents\",\"sameAs\":[\"https:\/\/www.facebook.com\/pressenza\",\"https:\/\/x.com\/PressenzaIPA\"],\"url\":\"https:\/\/www.pressenza.com\/es\/author\/pressenza-ipa\/\"}]}<\/script>\n<!-- \/ Yoast SEO plugin. -->","yoast_head_json":{"title":"Argentina: los Pueblos Originarios podr\u00edan contar con sus propios medios de comunicaci\u00f3n","description":"Los Pueblos Originarios de Argentina han manifestado p\u00fablicamente su respaldo a la nueva Ley de Servicios de Comunicaci\u00f3n Audiovisual. El nuevo marco legal reconoce su derecho a constituirse como prestadores de servicios de comunicaci\u00f3n y tiene como uno de sus objetivos \u201cla preservaci\u00f3n y promoci\u00f3n de la identidad y de los valores culturales de los pueblos originarios\u201d.","robots":{"index":"index","follow":"follow","max-snippet":"max-snippet:-1","max-image-preview":"max-image-preview:large","max-video-preview":"max-video-preview:-1"},"canonical":"https:\/\/www.pressenza.com\/es\/2009\/09\/argentinax-los-pueblos-originarios-podrxan-contar-con-sus-propios-medios-de-comunicacixn\/","og_locale":"es_ES","og_type":"article","og_title":"Argentina: los Pueblos Originarios podr\u00edan contar con sus propios medios de comunicaci\u00f3n","og_description":"Los Pueblos Originarios de Argentina han manifestado p\u00fablicamente su respaldo a la nueva Ley de Servicios de Comunicaci\u00f3n Audiovisual. El nuevo marco legal reconoce su derecho a constituirse como prestadores de servicios de comunicaci\u00f3n y tiene como uno de sus objetivos \u201cla preservaci\u00f3n y promoci\u00f3n de la identidad y de los valores culturales de los pueblos originarios\u201d.","og_url":"https:\/\/www.pressenza.com\/es\/2009\/09\/argentinax-los-pueblos-originarios-podrxan-contar-con-sus-propios-medios-de-comunicacixn\/","og_site_name":"Pressenza","article_publisher":"https:\/\/www.facebook.com\/PressenzaItalia","article_author":"https:\/\/www.facebook.com\/pressenza","article_published_time":"2009-09-21T00:00:00+00:00","article_modified_time":"2009-09-28T05:01:04+00:00","author":"Pressenza IPA","twitter_card":"summary_large_image","twitter_creator":"@PressenzaIPA","twitter_site":"@PressenzaIPA","twitter_misc":{"Escrito por":"Pressenza IPA","Tiempo de lectura":"3 minutos"},"schema":{"@context":"https:\/\/schema.org","@graph":[{"@type":"Article","@id":"https:\/\/www.pressenza.com\/es\/2009\/09\/argentinax-los-pueblos-originarios-podrxan-contar-con-sus-propios-medios-de-comunicacixn\/#article","isPartOf":{"@id":"https:\/\/www.pressenza.com\/es\/2009\/09\/argentinax-los-pueblos-originarios-podrxan-contar-con-sus-propios-medios-de-comunicacixn\/"},"author":{"name":"Pressenza IPA","@id":"https:\/\/www.pressenza.com\/es\/#\/schema\/person\/010e5d02bcf40965427a1289a4cc8d75"},"headline":"Argentina: los Pueblos Originarios podr\u00edan contar con sus propios medios de comunicaci\u00f3n","datePublished":"2009-09-21T00:00:00+00:00","dateModified":"2009-09-28T05:01:04+00:00","mainEntityOfPage":{"@id":"https:\/\/www.pressenza.com\/es\/2009\/09\/argentinax-los-pueblos-originarios-podrxan-contar-con-sus-propios-medios-de-comunicacixn\/"},"wordCount":610,"publisher":{"@id":"https:\/\/www.pressenza.com\/es\/#organization"},"articleSection":["Cultura y Medios","Sudam\u00e9rica"],"inLanguage":"es"},{"@type":"WebPage","@id":"https:\/\/www.pressenza.com\/es\/2009\/09\/argentinax-los-pueblos-originarios-podrxan-contar-con-sus-propios-medios-de-comunicacixn\/","url":"https:\/\/www.pressenza.com\/es\/2009\/09\/argentinax-los-pueblos-originarios-podrxan-contar-con-sus-propios-medios-de-comunicacixn\/","name":"Argentina: los Pueblos Originarios podr\u00edan contar con sus propios medios de comunicaci\u00f3n","isPartOf":{"@id":"https:\/\/www.pressenza.com\/es\/#website"},"datePublished":"2009-09-21T00:00:00+00:00","dateModified":"2009-09-28T05:01:04+00:00","description":"Los Pueblos Originarios de Argentina han manifestado p\u00fablicamente su respaldo a la nueva Ley de Servicios de Comunicaci\u00f3n Audiovisual. El nuevo marco legal reconoce su derecho a constituirse como prestadores de servicios de comunicaci\u00f3n y tiene como uno de sus objetivos \u201cla preservaci\u00f3n y promoci\u00f3n de la identidad y de los valores culturales de los pueblos originarios\u201d.","breadcrumb":{"@id":"https:\/\/www.pressenza.com\/es\/2009\/09\/argentinax-los-pueblos-originarios-podrxan-contar-con-sus-propios-medios-de-comunicacixn\/#breadcrumb"},"inLanguage":"es","potentialAction":[{"@type":"ReadAction","target":["https:\/\/www.pressenza.com\/es\/2009\/09\/argentinax-los-pueblos-originarios-podrxan-contar-con-sus-propios-medios-de-comunicacixn\/"]}]},{"@type":"BreadcrumbList","@id":"https:\/\/www.pressenza.com\/es\/2009\/09\/argentinax-los-pueblos-originarios-podrxan-contar-con-sus-propios-medios-de-comunicacixn\/#breadcrumb","itemListElement":[{"@type":"ListItem","position":1,"name":"Accueil","item":"https:\/\/www.pressenza.com\/es\/"},{"@type":"ListItem","position":2,"name":"Argentina: los Pueblos Originarios podr\u00edan contar con sus propios medios de comunicaci\u00f3n"}]},{"@type":"WebSite","@id":"https:\/\/www.pressenza.com\/es\/#website","url":"https:\/\/www.pressenza.com\/es\/","name":"Pressenza","description":"International Press Agency","publisher":{"@id":"https:\/\/www.pressenza.com\/es\/#organization"},"potentialAction":[{"@type":"SearchAction","target":{"@type":"EntryPoint","urlTemplate":"https:\/\/www.pressenza.com\/es\/?s={search_term_string}"},"query-input":{"@type":"PropertyValueSpecification","valueRequired":true,"valueName":"search_term_string"}}],"inLanguage":"es"},{"@type":"Organization","@id":"https:\/\/www.pressenza.com\/es\/#organization","name":"Pressenza","url":"https:\/\/www.pressenza.com\/es\/","logo":{"@type":"ImageObject","inLanguage":"es","@id":"https:\/\/www.pressenza.com\/es\/#\/schema\/logo\/image\/","url":"https:\/\/www.pressenza.com\/wp-content\/uploads\/2022\/10\/pressenza_logo_200x200.jpg","contentUrl":"https:\/\/www.pressenza.com\/wp-content\/uploads\/2022\/10\/pressenza_logo_200x200.jpg","width":200,"height":200,"caption":"Pressenza"},"image":{"@id":"https:\/\/www.pressenza.com\/es\/#\/schema\/logo\/image\/"},"sameAs":["https:\/\/www.facebook.com\/PressenzaItalia","https:\/\/x.com\/PressenzaIPA"]},{"@type":"Person","@id":"https:\/\/www.pressenza.com\/es\/#\/schema\/person\/010e5d02bcf40965427a1289a4cc8d75","name":"Pressenza IPA","description":"News from Pressenza IPA correspondents","sameAs":["https:\/\/www.facebook.com\/pressenza","https:\/\/x.com\/PressenzaIPA"],"url":"https:\/\/www.pressenza.com\/es\/author\/pressenza-ipa\/"}]}},"place":"Buenos Aires","original_article_url":"","_links":{"self":[{"href":"https:\/\/www.pressenza.com\/es\/wp-json\/wp\/v2\/posts\/1369","targetHints":{"allow":["GET"]}}],"collection":[{"href":"https:\/\/www.pressenza.com\/es\/wp-json\/wp\/v2\/posts"}],"about":[{"href":"https:\/\/www.pressenza.com\/es\/wp-json\/wp\/v2\/types\/post"}],"author":[{"embeddable":true,"href":"https:\/\/www.pressenza.com\/es\/wp-json\/wp\/v2\/users\/19"}],"replies":[{"embeddable":true,"href":"https:\/\/www.pressenza.com\/es\/wp-json\/wp\/v2\/comments?post=1369"}],"version-history":[{"count":0,"href":"https:\/\/www.pressenza.com\/es\/wp-json\/wp\/v2\/posts\/1369\/revisions"}],"wp:attachment":[{"href":"https:\/\/www.pressenza.com\/es\/wp-json\/wp\/v2\/media?parent=1369"}],"wp:term":[{"taxonomy":"category","embeddable":true,"href":"https:\/\/www.pressenza.com\/es\/wp-json\/wp\/v2\/categories?post=1369"},{"taxonomy":"post_tag","embeddable":true,"href":"https:\/\/www.pressenza.com\/es\/wp-json\/wp\/v2\/tags?post=1369"}],"curies":[{"name":"wp","href":"https:\/\/api.w.org\/{rel}","templated":true}]}}