{"id":1366334,"date":"2021-05-23T04:20:11","date_gmt":"2021-05-23T03:20:11","guid":{"rendered":"https:\/\/www.pressenza.com\/?p=1366334"},"modified":"2021-05-22T18:07:52","modified_gmt":"2021-05-22T17:07:52","slug":"besos-al-aire","status":"publish","type":"post","link":"https:\/\/www.pressenza.com\/es\/2021\/05\/besos-al-aire\/","title":{"rendered":"Besos al aire"},"content":{"rendered":"<h5><span style=\"color: #999999;\"><strong>RELATO\u00a0<\/strong><\/span><\/h5>\n<p>&nbsp;<\/p>\n<p>&nbsp;<\/p>\n<p>&nbsp;<\/p>\n<p>&nbsp;<\/p>\n<p>Mar\u00eda se levantaba todos los d\u00edas y\u00a0r\u00e1pidamente lo primero que hac\u00eda era asomarse a la ventana.\u00a0Si hac\u00eda viento, con la rapidez que le permit\u00eda su avanzada edad a\u00fan en camis\u00f3n bajaba al jard\u00edn, y\u00a0se pon\u00eda a lanzar besos al aire hasta que le dol\u00edan los labios.<\/p>\n<p>En la residencia, todos pensaban que el Alzheimer campaba libremente por la cabeza de Mar\u00eda. Pero nadie le pregunt\u00f3 nunca por qu\u00e9 hac\u00eda eso principalmente los d\u00edas de viento.<\/p>\n<p>Un d\u00eda la ni\u00f1a, que viv\u00eda enfrente y que la ve\u00eda todos los d\u00edas desde su ventana, le pregunt\u00f3 por qu\u00e9 tiraba besos al aire.<\/p>\n<p>Mar\u00eda respondi\u00f3 que se la hab\u00edan quedado dentro tantos besos, que en su momento no dio a la gente que hab\u00eda conocido e incluso a las personas que no lleg\u00f3 del todo a conocer, que los d\u00edas de viento sal\u00eda al jard\u00edn a lanzar los besos que la quedaban para que el viento se los llevara a todas esas personas que en su momento no bes\u00f3.<\/p>\n","protected":false},"excerpt":{"rendered":"<p>RELATO\u00a0 &nbsp; &nbsp; &nbsp; &nbsp; Mar\u00eda se levantaba todos los d\u00edas y\u00a0r\u00e1pidamente lo primero que hac\u00eda era asomarse a la ventana.\u00a0Si hac\u00eda viento, con la rapidez que le permit\u00eda su avanzada edad a\u00fan en camis\u00f3n bajaba al jard\u00edn, y\u00a0se pon\u00eda&hellip;<\/p>\n","protected":false},"author":2021,"featured_media":1366335,"comment_status":"closed","ping_status":"closed","sticky":false,"template":"","format":"standard","meta":{"footnotes":""},"categories":[11389,75],"tags":[75295,18833],"class_list":["post-1366334","post","type-post","status-publish","format-standard","has-post-thumbnail","hentry","category-contenido-original","category-cultura-es","tag-cuaderno-de-cultura","tag-literatura"],"yoast_head":"<!-- This site is optimized with the Yoast SEO plugin v27.1.1 - https:\/\/yoast.com\/product\/yoast-seo-wordpress\/ -->\n<title>Besos al aire<\/title>\n<meta name=\"description\" content=\"RELATO\u00a0 &nbsp; &nbsp; &nbsp; &nbsp; Mar\u00eda se levantaba todos los d\u00edas y\u00a0r\u00e1pidamente lo primero que hac\u00eda era asomarse a la ventana.\u00a0Si hac\u00eda viento, con\" \/>\n<meta name=\"robots\" content=\"index, follow, max-snippet:-1, max-image-preview:large, max-video-preview:-1\" \/>\n<link rel=\"canonical\" href=\"https:\/\/www.pressenza.com\/es\/2021\/05\/besos-al-aire\/\" \/>\n<meta property=\"og:locale\" content=\"es_ES\" \/>\n<meta property=\"og:type\" content=\"article\" \/>\n<meta property=\"og:title\" content=\"Besos al aire\" \/>\n<meta property=\"og:description\" content=\"RELATO\u00a0 &nbsp; &nbsp; &nbsp; &nbsp; Mar\u00eda se levantaba todos los d\u00edas y\u00a0r\u00e1pidamente lo primero que hac\u00eda era asomarse a la ventana.\u00a0Si hac\u00eda viento, con\" \/>\n<meta property=\"og:url\" content=\"https:\/\/www.pressenza.com\/es\/2021\/05\/besos-al-aire\/\" \/>\n<meta property=\"og:site_name\" content=\"Pressenza\" \/>\n<meta property=\"article:publisher\" content=\"https:\/\/www.facebook.com\/PressenzaItalia\" \/>\n<meta property=\"article:published_time\" content=\"2021-05-23T03:20:11+00:00\" \/>\n<meta property=\"og:image\" content=\"https:\/\/www.pressenza.com\/wp-content\/uploads\/2021\/05\/4401415418_8863c2a3cc_c.jpg\" \/>\n\t<meta property=\"og:image:width\" content=\"800\" \/>\n\t<meta property=\"og:image:height\" content=\"532\" \/>\n\t<meta property=\"og:image:type\" content=\"image\/jpeg\" \/>\n<meta name=\"author\" content=\"Alfredo Aroche\" \/>\n<meta name=\"twitter:card\" content=\"summary_large_image\" \/>\n<meta name=\"twitter:creator\" content=\"@PressenzaIPA\" \/>\n<meta name=\"twitter:site\" content=\"@PressenzaIPA\" \/>\n<meta name=\"twitter:label1\" content=\"Escrito por\" \/>\n\t<meta name=\"twitter:data1\" content=\"Alfredo Aroche\" \/>\n\t<meta name=\"twitter:label2\" content=\"Tiempo de lectura\" \/>\n\t<meta name=\"twitter:data2\" content=\"1 minuto\" \/>\n<script type=\"application\/ld+json\" class=\"yoast-schema-graph\">{\"@context\":\"https:\/\/schema.org\",\"@graph\":[{\"@type\":\"Article\",\"@id\":\"https:\/\/www.pressenza.com\/es\/2021\/05\/besos-al-aire\/#article\",\"isPartOf\":{\"@id\":\"https:\/\/www.pressenza.com\/es\/2021\/05\/besos-al-aire\/\"},\"author\":{\"name\":\"Alfredo Aroche\",\"@id\":\"https:\/\/www.pressenza.com\/es\/#\/schema\/person\/8930772f0339652a851bbefb207c40f5\"},\"headline\":\"Besos al aire\",\"datePublished\":\"2021-05-23T03:20:11+00:00\",\"mainEntityOfPage\":{\"@id\":\"https:\/\/www.pressenza.com\/es\/2021\/05\/besos-al-aire\/\"},\"wordCount\":202,\"publisher\":{\"@id\":\"https:\/\/www.pressenza.com\/es\/#organization\"},\"image\":{\"@id\":\"https:\/\/www.pressenza.com\/es\/2021\/05\/besos-al-aire\/#primaryimage\"},\"thumbnailUrl\":\"https:\/\/www.pressenza.com\/wp-content\/uploads\/2021\/05\/4401415418_8863c2a3cc_c.jpg\",\"keywords\":[\"cuaderno de cultura\",\"Literatura\"],\"articleSection\":[\"Contenido Original\",\"Cultura y Medios\"],\"inLanguage\":\"es\"},{\"@type\":\"WebPage\",\"@id\":\"https:\/\/www.pressenza.com\/es\/2021\/05\/besos-al-aire\/\",\"url\":\"https:\/\/www.pressenza.com\/es\/2021\/05\/besos-al-aire\/\",\"name\":\"Besos al aire\",\"isPartOf\":{\"@id\":\"https:\/\/www.pressenza.com\/es\/#website\"},\"primaryImageOfPage\":{\"@id\":\"https:\/\/www.pressenza.com\/es\/2021\/05\/besos-al-aire\/#primaryimage\"},\"image\":{\"@id\":\"https:\/\/www.pressenza.com\/es\/2021\/05\/besos-al-aire\/#primaryimage\"},\"thumbnailUrl\":\"https:\/\/www.pressenza.com\/wp-content\/uploads\/2021\/05\/4401415418_8863c2a3cc_c.jpg\",\"datePublished\":\"2021-05-23T03:20:11+00:00\",\"description\":\"RELATO\u00a0 &nbsp; &nbsp; &nbsp; &nbsp; Mar\u00eda se levantaba todos los d\u00edas y\u00a0r\u00e1pidamente lo primero que hac\u00eda era asomarse a la ventana.\u00a0Si hac\u00eda viento, con\",\"breadcrumb\":{\"@id\":\"https:\/\/www.pressenza.com\/es\/2021\/05\/besos-al-aire\/#breadcrumb\"},\"inLanguage\":\"es\",\"potentialAction\":[{\"@type\":\"ReadAction\",\"target\":[\"https:\/\/www.pressenza.com\/es\/2021\/05\/besos-al-aire\/\"]}]},{\"@type\":\"ImageObject\",\"inLanguage\":\"es\",\"@id\":\"https:\/\/www.pressenza.com\/es\/2021\/05\/besos-al-aire\/#primaryimage\",\"url\":\"https:\/\/www.pressenza.com\/wp-content\/uploads\/2021\/05\/4401415418_8863c2a3cc_c.jpg\",\"contentUrl\":\"https:\/\/www.pressenza.com\/wp-content\/uploads\/2021\/05\/4401415418_8863c2a3cc_c.jpg\",\"width\":800,\"height\":532},{\"@type\":\"BreadcrumbList\",\"@id\":\"https:\/\/www.pressenza.com\/es\/2021\/05\/besos-al-aire\/#breadcrumb\",\"itemListElement\":[{\"@type\":\"ListItem\",\"position\":1,\"name\":\"Accueil\",\"item\":\"https:\/\/www.pressenza.com\/es\/\"},{\"@type\":\"ListItem\",\"position\":2,\"name\":\"Besos al aire\"}]},{\"@type\":\"WebSite\",\"@id\":\"https:\/\/www.pressenza.com\/es\/#website\",\"url\":\"https:\/\/www.pressenza.com\/es\/\",\"name\":\"Pressenza\",\"description\":\"International Press Agency\",\"publisher\":{\"@id\":\"https:\/\/www.pressenza.com\/es\/#organization\"},\"potentialAction\":[{\"@type\":\"SearchAction\",\"target\":{\"@type\":\"EntryPoint\",\"urlTemplate\":\"https:\/\/www.pressenza.com\/es\/?s={search_term_string}\"},\"query-input\":{\"@type\":\"PropertyValueSpecification\",\"valueRequired\":true,\"valueName\":\"search_term_string\"}}],\"inLanguage\":\"es\"},{\"@type\":\"Organization\",\"@id\":\"https:\/\/www.pressenza.com\/es\/#organization\",\"name\":\"Pressenza\",\"url\":\"https:\/\/www.pressenza.com\/es\/\",\"logo\":{\"@type\":\"ImageObject\",\"inLanguage\":\"es\",\"@id\":\"https:\/\/www.pressenza.com\/es\/#\/schema\/logo\/image\/\",\"url\":\"https:\/\/www.pressenza.com\/wp-content\/uploads\/2022\/10\/pressenza_logo_200x200.jpg\",\"contentUrl\":\"https:\/\/www.pressenza.com\/wp-content\/uploads\/2022\/10\/pressenza_logo_200x200.jpg\",\"width\":200,\"height\":200,\"caption\":\"Pressenza\"},\"image\":{\"@id\":\"https:\/\/www.pressenza.com\/es\/#\/schema\/logo\/image\/\"},\"sameAs\":[\"https:\/\/www.facebook.com\/PressenzaItalia\",\"https:\/\/x.com\/PressenzaIPA\"]},{\"@type\":\"Person\",\"@id\":\"https:\/\/www.pressenza.com\/es\/#\/schema\/person\/8930772f0339652a851bbefb207c40f5\",\"name\":\"Alfredo Aroche\",\"description\":\"Me cuesta trabajo escribir un perfil que me defina. Pero si tuviese que escribir algo dir\u00eda que nac\u00ed con un curr\u00edculum por rellenar, y a d\u00eda de hoy creo que ya he rellenado las p\u00e1ginas del aprendizaje, la amistad, el compa\u00f1erismo, el amor, la paternidad. Y aunque espero que me queden p\u00e1ginas por rellenar, creo que la de ser humano, hasta ahora la llevo aprobada.\",\"url\":\"https:\/\/www.pressenza.com\/es\/author\/alfredo-aroche\/\"}]}<\/script>\n<!-- \/ Yoast SEO plugin. -->","yoast_head_json":{"title":"Besos al aire","description":"RELATO\u00a0 &nbsp; &nbsp; &nbsp; &nbsp; Mar\u00eda se levantaba todos los d\u00edas y\u00a0r\u00e1pidamente lo primero que hac\u00eda era asomarse a la ventana.\u00a0Si hac\u00eda viento, con","robots":{"index":"index","follow":"follow","max-snippet":"max-snippet:-1","max-image-preview":"max-image-preview:large","max-video-preview":"max-video-preview:-1"},"canonical":"https:\/\/www.pressenza.com\/es\/2021\/05\/besos-al-aire\/","og_locale":"es_ES","og_type":"article","og_title":"Besos al aire","og_description":"RELATO\u00a0 &nbsp; &nbsp; &nbsp; &nbsp; Mar\u00eda se levantaba todos los d\u00edas y\u00a0r\u00e1pidamente lo primero que hac\u00eda era asomarse a la ventana.\u00a0Si hac\u00eda viento, con","og_url":"https:\/\/www.pressenza.com\/es\/2021\/05\/besos-al-aire\/","og_site_name":"Pressenza","article_publisher":"https:\/\/www.facebook.com\/PressenzaItalia","article_published_time":"2021-05-23T03:20:11+00:00","og_image":[{"width":800,"height":532,"url":"https:\/\/www.pressenza.com\/wp-content\/uploads\/2021\/05\/4401415418_8863c2a3cc_c.jpg","type":"image\/jpeg"}],"author":"Alfredo Aroche","twitter_card":"summary_large_image","twitter_creator":"@PressenzaIPA","twitter_site":"@PressenzaIPA","twitter_misc":{"Escrito por":"Alfredo Aroche","Tiempo de lectura":"1 minuto"},"schema":{"@context":"https:\/\/schema.org","@graph":[{"@type":"Article","@id":"https:\/\/www.pressenza.com\/es\/2021\/05\/besos-al-aire\/#article","isPartOf":{"@id":"https:\/\/www.pressenza.com\/es\/2021\/05\/besos-al-aire\/"},"author":{"name":"Alfredo Aroche","@id":"https:\/\/www.pressenza.com\/es\/#\/schema\/person\/8930772f0339652a851bbefb207c40f5"},"headline":"Besos al aire","datePublished":"2021-05-23T03:20:11+00:00","mainEntityOfPage":{"@id":"https:\/\/www.pressenza.com\/es\/2021\/05\/besos-al-aire\/"},"wordCount":202,"publisher":{"@id":"https:\/\/www.pressenza.com\/es\/#organization"},"image":{"@id":"https:\/\/www.pressenza.com\/es\/2021\/05\/besos-al-aire\/#primaryimage"},"thumbnailUrl":"https:\/\/www.pressenza.com\/wp-content\/uploads\/2021\/05\/4401415418_8863c2a3cc_c.jpg","keywords":["cuaderno de cultura","Literatura"],"articleSection":["Contenido Original","Cultura y Medios"],"inLanguage":"es"},{"@type":"WebPage","@id":"https:\/\/www.pressenza.com\/es\/2021\/05\/besos-al-aire\/","url":"https:\/\/www.pressenza.com\/es\/2021\/05\/besos-al-aire\/","name":"Besos al aire","isPartOf":{"@id":"https:\/\/www.pressenza.com\/es\/#website"},"primaryImageOfPage":{"@id":"https:\/\/www.pressenza.com\/es\/2021\/05\/besos-al-aire\/#primaryimage"},"image":{"@id":"https:\/\/www.pressenza.com\/es\/2021\/05\/besos-al-aire\/#primaryimage"},"thumbnailUrl":"https:\/\/www.pressenza.com\/wp-content\/uploads\/2021\/05\/4401415418_8863c2a3cc_c.jpg","datePublished":"2021-05-23T03:20:11+00:00","description":"RELATO\u00a0 &nbsp; &nbsp; &nbsp; &nbsp; Mar\u00eda se levantaba todos los d\u00edas y\u00a0r\u00e1pidamente lo primero que hac\u00eda era asomarse a la ventana.\u00a0Si hac\u00eda viento, con","breadcrumb":{"@id":"https:\/\/www.pressenza.com\/es\/2021\/05\/besos-al-aire\/#breadcrumb"},"inLanguage":"es","potentialAction":[{"@type":"ReadAction","target":["https:\/\/www.pressenza.com\/es\/2021\/05\/besos-al-aire\/"]}]},{"@type":"ImageObject","inLanguage":"es","@id":"https:\/\/www.pressenza.com\/es\/2021\/05\/besos-al-aire\/#primaryimage","url":"https:\/\/www.pressenza.com\/wp-content\/uploads\/2021\/05\/4401415418_8863c2a3cc_c.jpg","contentUrl":"https:\/\/www.pressenza.com\/wp-content\/uploads\/2021\/05\/4401415418_8863c2a3cc_c.jpg","width":800,"height":532},{"@type":"BreadcrumbList","@id":"https:\/\/www.pressenza.com\/es\/2021\/05\/besos-al-aire\/#breadcrumb","itemListElement":[{"@type":"ListItem","position":1,"name":"Accueil","item":"https:\/\/www.pressenza.com\/es\/"},{"@type":"ListItem","position":2,"name":"Besos al aire"}]},{"@type":"WebSite","@id":"https:\/\/www.pressenza.com\/es\/#website","url":"https:\/\/www.pressenza.com\/es\/","name":"Pressenza","description":"International Press Agency","publisher":{"@id":"https:\/\/www.pressenza.com\/es\/#organization"},"potentialAction":[{"@type":"SearchAction","target":{"@type":"EntryPoint","urlTemplate":"https:\/\/www.pressenza.com\/es\/?s={search_term_string}"},"query-input":{"@type":"PropertyValueSpecification","valueRequired":true,"valueName":"search_term_string"}}],"inLanguage":"es"},{"@type":"Organization","@id":"https:\/\/www.pressenza.com\/es\/#organization","name":"Pressenza","url":"https:\/\/www.pressenza.com\/es\/","logo":{"@type":"ImageObject","inLanguage":"es","@id":"https:\/\/www.pressenza.com\/es\/#\/schema\/logo\/image\/","url":"https:\/\/www.pressenza.com\/wp-content\/uploads\/2022\/10\/pressenza_logo_200x200.jpg","contentUrl":"https:\/\/www.pressenza.com\/wp-content\/uploads\/2022\/10\/pressenza_logo_200x200.jpg","width":200,"height":200,"caption":"Pressenza"},"image":{"@id":"https:\/\/www.pressenza.com\/es\/#\/schema\/logo\/image\/"},"sameAs":["https:\/\/www.facebook.com\/PressenzaItalia","https:\/\/x.com\/PressenzaIPA"]},{"@type":"Person","@id":"https:\/\/www.pressenza.com\/es\/#\/schema\/person\/8930772f0339652a851bbefb207c40f5","name":"Alfredo Aroche","description":"Me cuesta trabajo escribir un perfil que me defina. Pero si tuviese que escribir algo dir\u00eda que nac\u00ed con un curr\u00edculum por rellenar, y a d\u00eda de hoy creo que ya he rellenado las p\u00e1ginas del aprendizaje, la amistad, el compa\u00f1erismo, el amor, la paternidad. Y aunque espero que me queden p\u00e1ginas por rellenar, creo que la de ser humano, hasta ahora la llevo aprobada.","url":"https:\/\/www.pressenza.com\/es\/author\/alfredo-aroche\/"}]}},"place":"Madrid, Espa\u00f1a","original_article_url":"","_links":{"self":[{"href":"https:\/\/www.pressenza.com\/es\/wp-json\/wp\/v2\/posts\/1366334","targetHints":{"allow":["GET"]}}],"collection":[{"href":"https:\/\/www.pressenza.com\/es\/wp-json\/wp\/v2\/posts"}],"about":[{"href":"https:\/\/www.pressenza.com\/es\/wp-json\/wp\/v2\/types\/post"}],"author":[{"embeddable":true,"href":"https:\/\/www.pressenza.com\/es\/wp-json\/wp\/v2\/users\/2021"}],"replies":[{"embeddable":true,"href":"https:\/\/www.pressenza.com\/es\/wp-json\/wp\/v2\/comments?post=1366334"}],"version-history":[{"count":0,"href":"https:\/\/www.pressenza.com\/es\/wp-json\/wp\/v2\/posts\/1366334\/revisions"}],"wp:featuredmedia":[{"embeddable":true,"href":"https:\/\/www.pressenza.com\/es\/wp-json\/wp\/v2\/media\/1366335"}],"wp:attachment":[{"href":"https:\/\/www.pressenza.com\/es\/wp-json\/wp\/v2\/media?parent=1366334"}],"wp:term":[{"taxonomy":"category","embeddable":true,"href":"https:\/\/www.pressenza.com\/es\/wp-json\/wp\/v2\/categories?post=1366334"},{"taxonomy":"post_tag","embeddable":true,"href":"https:\/\/www.pressenza.com\/es\/wp-json\/wp\/v2\/tags?post=1366334"}],"curies":[{"name":"wp","href":"https:\/\/api.w.org\/{rel}","templated":true}]}}