{"id":1362801,"date":"2021-05-16T19:55:47","date_gmt":"2021-05-16T18:55:47","guid":{"rendered":"https:\/\/www.pressenza.com\/?p=1362801"},"modified":"2021-05-16T19:55:47","modified_gmt":"2021-05-16T18:55:47","slug":"el-sisifo-que-llevamos-dentro","status":"publish","type":"post","link":"https:\/\/www.pressenza.com\/es\/2021\/05\/el-sisifo-que-llevamos-dentro\/","title":{"rendered":"El S\u00edsifo que llevamos dentro"},"content":{"rendered":"<p>De nada sirven la frustraci\u00f3n y la lucha callejera si se retrocede a las puertas del cambio.<\/p>\n<p>De un modo solapado, el sistema impuesto por el gran capital internacional sobre los pa\u00edses falsamente llamados \u201cen desarrollo\u201d ha calado hondo en las bases de sus instituciones y del imaginario colectivo respecto de la democracia, la independencia y la libertad, hasta el extremo de condicionar de manera absoluta sus expectativas de futuro. Es como el mito de S\u00edsifo: un esfuerzo sobrehumano, con cauda de integridad y vidas perdidas, para retroceder justo cuando se est\u00e1 a punto de alcanzar la victoria. El plan es mantener las esperanzas, pero no soltar las riendas y conservar as\u00ed el remedo de justicia y democracia.<\/p>\n<p>Los pueblos latinoamericanos conocen mucho de este incierto destino; la mayor\u00eda, por haberse enfrentado a algunas de las peores y m\u00e1s crueles dictaduras, seguidas por intentos de reconstruir el tejido institucional. Sin embargo, estos arrestos de cambio son tolerados \u00fanicamente cuando no pretenden cambiar de manera rotunda las reglas del juego, pero sobre todo si no representan la amenaza de establecer aut\u00e9nticos proyectos de independencia. Los esfuerzos ciudadanos, traducidos en protestas callejeras y organizaci\u00f3n de sectores sociales inconformes con el estatus y con el desempe\u00f1o de las autoridades, resultan en m\u00fasica disonante en los o\u00eddos de quienes poseen las riendas del poder y tambi\u00e9n todos los medios para acallarla.<\/p>\n<p>Si nuestros pa\u00edses estuvieran seriamente caminando por las \u201cv\u00edas del desarrollo\u201d, ser\u00eda impensable la indiferencia de los sectores pol\u00edtico y econ\u00f3mico ante la real situaci\u00f3n de las grandes mayor\u00edas. En apariencia, algunas naciones del continente poseen un estatus privilegiado por sus impresionantes cifras y su posici\u00f3n en algunos de los m\u00e1s importantes indicadores socio econ\u00f3micos. Pero en realidad, detr\u00e1s del maquillaje solo existe un abismo profundo de inequidad, discriminaci\u00f3n y miseria en donde est\u00e1n reflejados los aut\u00e9nticos \u00edndices, aquellos que jam\u00e1s remontar\u00e1n sin la abolici\u00f3n de las estructuras que hoy impiden a las capas m\u00e1s desfavorecidas salir de la pobreza.<\/p>\n<p>El sacrificio de vidas humanas en la b\u00fasqueda de nuevos horizontes para los pueblos se estrella una y otra vez contra un esquema dise\u00f1ado y fortalecido por los grandes capitales internacionales, con el f\u00e9rreo soporte de los gobiernos del primer mundo. Los sue\u00f1os de independencia, por lo tanto, no tienen la menor oportunidad de consolidarse mientras esas estructuras no lo permitan. La manera como se enga\u00f1a a los pueblos con medidas cosm\u00e9ticas de gobiernos espurios, cuya obediencia a consignas ajenas a los intereses nacionales es, m\u00e1s que una traici\u00f3n a la patria, un retroceso hist\u00f3rico a sus esperanzas de desarrollo, incomprensiblemente se ha transformado en un estilo de gobierno.<\/p>\n<p>Ante esta realidad, el S\u00edsifo que llevamos dentro decide salir a las calles para ofrecer sus flancos a la fuerza brutal de los cuerpos represivos y termina por sacrificar su integridad s\u00f3lo para comprobar c\u00f3mo le han enga\u00f1ado con el espejismo de la voluntad popular. Una y otra vez vuelve a la carga y, una y otra vez, la verdad le estalla en la cara. Los cambios indispensables para reparar los inmensos vac\u00edos de la autoridad ciudadana no dependen de las redes de poder insertas en las instituciones, sino de su completo reemplazo por un contingente pol\u00edtico y jur\u00eddico \u00e9tico y comprometido con el cambio. En otras palabras \u2013esas que a muchos provocan escalofr\u00edos- para retomar la ruta de la democracia, se necesita romper las estructuras e iniciar una aut\u00e9ntica revoluci\u00f3n, una vuelta de tuerca a la pol\u00edtica nefasta que nos gobierna.<\/p>\n","protected":false},"excerpt":{"rendered":"<p>De nada sirven la frustraci\u00f3n y la lucha callejera si se retrocede a las puertas del cambio. De un modo solapado, el sistema impuesto por el gran capital internacional sobre los pa\u00edses falsamente llamados \u201cen desarrollo\u201d ha calado hondo en&hellip;<\/p>\n","protected":false},"author":1296,"featured_media":1362802,"comment_status":"closed","ping_status":"closed","sticky":false,"template":"","format":"standard","meta":{"footnotes":""},"categories":[11389,161,74,67],"tags":[696,394,27615],"class_list":["post-1362801","post","type-post","status-publish","format-standard","has-post-thumbnail","hentry","category-contenido-original","category-opiniones","category-politica-es","category-sudamerica","tag-democracia","tag-protestas-sociales","tag-revolucion"],"yoast_head":"<!-- This site is optimized with the Yoast SEO plugin v27.1.1 - https:\/\/yoast.com\/product\/yoast-seo-wordpress\/ -->\n<title>El S\u00edsifo que llevamos dentro<\/title>\n<meta name=\"description\" content=\"De nada sirven la frustraci\u00f3n y la lucha callejera si se retrocede a las puertas del cambio. De un modo solapado, el sistema impuesto por el gran capital\" \/>\n<meta name=\"robots\" content=\"index, follow, max-snippet:-1, max-image-preview:large, max-video-preview:-1\" \/>\n<link rel=\"canonical\" href=\"https:\/\/www.pressenza.com\/es\/2021\/05\/el-sisifo-que-llevamos-dentro\/\" \/>\n<meta property=\"og:locale\" content=\"es_ES\" \/>\n<meta property=\"og:type\" content=\"article\" \/>\n<meta property=\"og:title\" content=\"El S\u00edsifo que llevamos dentro\" \/>\n<meta property=\"og:description\" content=\"De nada sirven la frustraci\u00f3n y la lucha callejera si se retrocede a las puertas del cambio. De un modo solapado, el sistema impuesto por el gran capital\" \/>\n<meta property=\"og:url\" content=\"https:\/\/www.pressenza.com\/es\/2021\/05\/el-sisifo-que-llevamos-dentro\/\" \/>\n<meta property=\"og:site_name\" content=\"Pressenza\" \/>\n<meta property=\"article:publisher\" content=\"https:\/\/www.facebook.com\/PressenzaItalia\" \/>\n<meta property=\"article:author\" content=\"https:\/\/www.facebook.com\/pages\/Carolina-V\u00e1squez-Araya\/241844515845237?fref=ts\" \/>\n<meta property=\"article:published_time\" content=\"2021-05-16T18:55:47+00:00\" \/>\n<meta property=\"og:image\" content=\"https:\/\/www.pressenza.com\/wp-content\/uploads\/2021\/05\/10-enero.jpg\" \/>\n\t<meta property=\"og:image:width\" content=\"1440\" \/>\n\t<meta property=\"og:image:height\" content=\"960\" \/>\n\t<meta property=\"og:image:type\" content=\"image\/jpeg\" \/>\n<meta name=\"author\" content=\"Carolina V\u00e1squez Araya\" \/>\n<meta name=\"twitter:card\" content=\"summary_large_image\" \/>\n<meta name=\"twitter:creator\" content=\"@carvasar\" \/>\n<meta name=\"twitter:site\" content=\"@PressenzaIPA\" \/>\n<meta name=\"twitter:label1\" content=\"Escrito por\" \/>\n\t<meta name=\"twitter:data1\" content=\"Carolina V\u00e1squez Araya\" \/>\n\t<meta name=\"twitter:label2\" content=\"Tiempo de lectura\" \/>\n\t<meta name=\"twitter:data2\" content=\"3 minutos\" \/>\n<script type=\"application\/ld+json\" class=\"yoast-schema-graph\">{\"@context\":\"https:\/\/schema.org\",\"@graph\":[{\"@type\":\"Article\",\"@id\":\"https:\/\/www.pressenza.com\/es\/2021\/05\/el-sisifo-que-llevamos-dentro\/#article\",\"isPartOf\":{\"@id\":\"https:\/\/www.pressenza.com\/es\/2021\/05\/el-sisifo-que-llevamos-dentro\/\"},\"author\":{\"name\":\"Carolina V\u00e1squez Araya\",\"@id\":\"https:\/\/www.pressenza.com\/es\/#\/schema\/person\/6936ca3bb8dee618b5cdfd0e4427cdd6\"},\"headline\":\"El S\u00edsifo que llevamos dentro\",\"datePublished\":\"2021-05-16T18:55:47+00:00\",\"mainEntityOfPage\":{\"@id\":\"https:\/\/www.pressenza.com\/es\/2021\/05\/el-sisifo-que-llevamos-dentro\/\"},\"wordCount\":633,\"publisher\":{\"@id\":\"https:\/\/www.pressenza.com\/es\/#organization\"},\"image\":{\"@id\":\"https:\/\/www.pressenza.com\/es\/2021\/05\/el-sisifo-que-llevamos-dentro\/#primaryimage\"},\"thumbnailUrl\":\"https:\/\/www.pressenza.com\/wp-content\/uploads\/2021\/05\/10-enero.jpg\",\"keywords\":[\"Democracia\",\"protestas sociales\",\"revoluci\u00f3n\"],\"articleSection\":[\"Contenido Original\",\"Opiniones\",\"Pol\u00edtica\",\"Sudam\u00e9rica\"],\"inLanguage\":\"es\"},{\"@type\":\"WebPage\",\"@id\":\"https:\/\/www.pressenza.com\/es\/2021\/05\/el-sisifo-que-llevamos-dentro\/\",\"url\":\"https:\/\/www.pressenza.com\/es\/2021\/05\/el-sisifo-que-llevamos-dentro\/\",\"name\":\"El S\u00edsifo que llevamos dentro\",\"isPartOf\":{\"@id\":\"https:\/\/www.pressenza.com\/es\/#website\"},\"primaryImageOfPage\":{\"@id\":\"https:\/\/www.pressenza.com\/es\/2021\/05\/el-sisifo-que-llevamos-dentro\/#primaryimage\"},\"image\":{\"@id\":\"https:\/\/www.pressenza.com\/es\/2021\/05\/el-sisifo-que-llevamos-dentro\/#primaryimage\"},\"thumbnailUrl\":\"https:\/\/www.pressenza.com\/wp-content\/uploads\/2021\/05\/10-enero.jpg\",\"datePublished\":\"2021-05-16T18:55:47+00:00\",\"description\":\"De nada sirven la frustraci\u00f3n y la lucha callejera si se retrocede a las puertas del cambio. De un modo solapado, el sistema impuesto por el gran capital\",\"breadcrumb\":{\"@id\":\"https:\/\/www.pressenza.com\/es\/2021\/05\/el-sisifo-que-llevamos-dentro\/#breadcrumb\"},\"inLanguage\":\"es\",\"potentialAction\":[{\"@type\":\"ReadAction\",\"target\":[\"https:\/\/www.pressenza.com\/es\/2021\/05\/el-sisifo-que-llevamos-dentro\/\"]}]},{\"@type\":\"ImageObject\",\"inLanguage\":\"es\",\"@id\":\"https:\/\/www.pressenza.com\/es\/2021\/05\/el-sisifo-que-llevamos-dentro\/#primaryimage\",\"url\":\"https:\/\/www.pressenza.com\/wp-content\/uploads\/2021\/05\/10-enero.jpg\",\"contentUrl\":\"https:\/\/www.pressenza.com\/wp-content\/uploads\/2021\/05\/10-enero.jpg\",\"width\":1440,\"height\":960,\"caption\":\"Helodie Fazzalari\"},{\"@type\":\"BreadcrumbList\",\"@id\":\"https:\/\/www.pressenza.com\/es\/2021\/05\/el-sisifo-que-llevamos-dentro\/#breadcrumb\",\"itemListElement\":[{\"@type\":\"ListItem\",\"position\":1,\"name\":\"Accueil\",\"item\":\"https:\/\/www.pressenza.com\/es\/\"},{\"@type\":\"ListItem\",\"position\":2,\"name\":\"El S\u00edsifo que llevamos dentro\"}]},{\"@type\":\"WebSite\",\"@id\":\"https:\/\/www.pressenza.com\/es\/#website\",\"url\":\"https:\/\/www.pressenza.com\/es\/\",\"name\":\"Pressenza\",\"description\":\"International Press Agency\",\"publisher\":{\"@id\":\"https:\/\/www.pressenza.com\/es\/#organization\"},\"potentialAction\":[{\"@type\":\"SearchAction\",\"target\":{\"@type\":\"EntryPoint\",\"urlTemplate\":\"https:\/\/www.pressenza.com\/es\/?s={search_term_string}\"},\"query-input\":{\"@type\":\"PropertyValueSpecification\",\"valueRequired\":true,\"valueName\":\"search_term_string\"}}],\"inLanguage\":\"es\"},{\"@type\":\"Organization\",\"@id\":\"https:\/\/www.pressenza.com\/es\/#organization\",\"name\":\"Pressenza\",\"url\":\"https:\/\/www.pressenza.com\/es\/\",\"logo\":{\"@type\":\"ImageObject\",\"inLanguage\":\"es\",\"@id\":\"https:\/\/www.pressenza.com\/es\/#\/schema\/logo\/image\/\",\"url\":\"https:\/\/www.pressenza.com\/wp-content\/uploads\/2022\/10\/pressenza_logo_200x200.jpg\",\"contentUrl\":\"https:\/\/www.pressenza.com\/wp-content\/uploads\/2022\/10\/pressenza_logo_200x200.jpg\",\"width\":200,\"height\":200,\"caption\":\"Pressenza\"},\"image\":{\"@id\":\"https:\/\/www.pressenza.com\/es\/#\/schema\/logo\/image\/\"},\"sameAs\":[\"https:\/\/www.facebook.com\/PressenzaItalia\",\"https:\/\/x.com\/PressenzaIPA\"]},{\"@type\":\"Person\",\"@id\":\"https:\/\/www.pressenza.com\/es\/#\/schema\/person\/6936ca3bb8dee618b5cdfd0e4427cdd6\",\"name\":\"Carolina V\u00e1squez Araya\",\"description\":\"Periodista y editora con m\u00e1s de 30 a\u00f1os de experiencia, cuyos logros profesionales en el desarrollo de proyectos de gran \u00e9xito avalan sus cualidades de liderazgo, creatividad y relaciones p\u00fablicas. Ha aportado sus conocimientos en proyectos de organizaciones con intereses orientados al desarrollo social, cultural y econ\u00f3mico del pa\u00eds, con especial \u00e9nfasis en el sector de cultura y educaci\u00f3n, emprendimiento, derechos humanos, justicia, ambiente, mujeres y ni\u00f1ez. Chilena en Guatemala. elquintopatio.wordpress.com\",\"sameAs\":[\"https:\/\/www.facebook.com\/pages\/Carolina-V\u00e1squez-Araya\/241844515845237?fref=ts\",\"https:\/\/x.com\/carvasar\"],\"url\":\"https:\/\/www.pressenza.com\/es\/author\/carolina-vasquez-araya\/\"}]}<\/script>\n<!-- \/ Yoast SEO plugin. -->","yoast_head_json":{"title":"El S\u00edsifo que llevamos dentro","description":"De nada sirven la frustraci\u00f3n y la lucha callejera si se retrocede a las puertas del cambio. De un modo solapado, el sistema impuesto por el gran capital","robots":{"index":"index","follow":"follow","max-snippet":"max-snippet:-1","max-image-preview":"max-image-preview:large","max-video-preview":"max-video-preview:-1"},"canonical":"https:\/\/www.pressenza.com\/es\/2021\/05\/el-sisifo-que-llevamos-dentro\/","og_locale":"es_ES","og_type":"article","og_title":"El S\u00edsifo que llevamos dentro","og_description":"De nada sirven la frustraci\u00f3n y la lucha callejera si se retrocede a las puertas del cambio. De un modo solapado, el sistema impuesto por el gran capital","og_url":"https:\/\/www.pressenza.com\/es\/2021\/05\/el-sisifo-que-llevamos-dentro\/","og_site_name":"Pressenza","article_publisher":"https:\/\/www.facebook.com\/PressenzaItalia","article_author":"https:\/\/www.facebook.com\/pages\/Carolina-V\u00e1squez-Araya\/241844515845237?fref=ts","article_published_time":"2021-05-16T18:55:47+00:00","og_image":[{"width":1440,"height":960,"url":"https:\/\/www.pressenza.com\/wp-content\/uploads\/2021\/05\/10-enero.jpg","type":"image\/jpeg"}],"author":"Carolina V\u00e1squez Araya","twitter_card":"summary_large_image","twitter_creator":"@carvasar","twitter_site":"@PressenzaIPA","twitter_misc":{"Escrito por":"Carolina V\u00e1squez Araya","Tiempo de lectura":"3 minutos"},"schema":{"@context":"https:\/\/schema.org","@graph":[{"@type":"Article","@id":"https:\/\/www.pressenza.com\/es\/2021\/05\/el-sisifo-que-llevamos-dentro\/#article","isPartOf":{"@id":"https:\/\/www.pressenza.com\/es\/2021\/05\/el-sisifo-que-llevamos-dentro\/"},"author":{"name":"Carolina V\u00e1squez Araya","@id":"https:\/\/www.pressenza.com\/es\/#\/schema\/person\/6936ca3bb8dee618b5cdfd0e4427cdd6"},"headline":"El S\u00edsifo que llevamos dentro","datePublished":"2021-05-16T18:55:47+00:00","mainEntityOfPage":{"@id":"https:\/\/www.pressenza.com\/es\/2021\/05\/el-sisifo-que-llevamos-dentro\/"},"wordCount":633,"publisher":{"@id":"https:\/\/www.pressenza.com\/es\/#organization"},"image":{"@id":"https:\/\/www.pressenza.com\/es\/2021\/05\/el-sisifo-que-llevamos-dentro\/#primaryimage"},"thumbnailUrl":"https:\/\/www.pressenza.com\/wp-content\/uploads\/2021\/05\/10-enero.jpg","keywords":["Democracia","protestas sociales","revoluci\u00f3n"],"articleSection":["Contenido Original","Opiniones","Pol\u00edtica","Sudam\u00e9rica"],"inLanguage":"es"},{"@type":"WebPage","@id":"https:\/\/www.pressenza.com\/es\/2021\/05\/el-sisifo-que-llevamos-dentro\/","url":"https:\/\/www.pressenza.com\/es\/2021\/05\/el-sisifo-que-llevamos-dentro\/","name":"El S\u00edsifo que llevamos dentro","isPartOf":{"@id":"https:\/\/www.pressenza.com\/es\/#website"},"primaryImageOfPage":{"@id":"https:\/\/www.pressenza.com\/es\/2021\/05\/el-sisifo-que-llevamos-dentro\/#primaryimage"},"image":{"@id":"https:\/\/www.pressenza.com\/es\/2021\/05\/el-sisifo-que-llevamos-dentro\/#primaryimage"},"thumbnailUrl":"https:\/\/www.pressenza.com\/wp-content\/uploads\/2021\/05\/10-enero.jpg","datePublished":"2021-05-16T18:55:47+00:00","description":"De nada sirven la frustraci\u00f3n y la lucha callejera si se retrocede a las puertas del cambio. De un modo solapado, el sistema impuesto por el gran capital","breadcrumb":{"@id":"https:\/\/www.pressenza.com\/es\/2021\/05\/el-sisifo-que-llevamos-dentro\/#breadcrumb"},"inLanguage":"es","potentialAction":[{"@type":"ReadAction","target":["https:\/\/www.pressenza.com\/es\/2021\/05\/el-sisifo-que-llevamos-dentro\/"]}]},{"@type":"ImageObject","inLanguage":"es","@id":"https:\/\/www.pressenza.com\/es\/2021\/05\/el-sisifo-que-llevamos-dentro\/#primaryimage","url":"https:\/\/www.pressenza.com\/wp-content\/uploads\/2021\/05\/10-enero.jpg","contentUrl":"https:\/\/www.pressenza.com\/wp-content\/uploads\/2021\/05\/10-enero.jpg","width":1440,"height":960,"caption":"Helodie Fazzalari"},{"@type":"BreadcrumbList","@id":"https:\/\/www.pressenza.com\/es\/2021\/05\/el-sisifo-que-llevamos-dentro\/#breadcrumb","itemListElement":[{"@type":"ListItem","position":1,"name":"Accueil","item":"https:\/\/www.pressenza.com\/es\/"},{"@type":"ListItem","position":2,"name":"El S\u00edsifo que llevamos dentro"}]},{"@type":"WebSite","@id":"https:\/\/www.pressenza.com\/es\/#website","url":"https:\/\/www.pressenza.com\/es\/","name":"Pressenza","description":"International Press Agency","publisher":{"@id":"https:\/\/www.pressenza.com\/es\/#organization"},"potentialAction":[{"@type":"SearchAction","target":{"@type":"EntryPoint","urlTemplate":"https:\/\/www.pressenza.com\/es\/?s={search_term_string}"},"query-input":{"@type":"PropertyValueSpecification","valueRequired":true,"valueName":"search_term_string"}}],"inLanguage":"es"},{"@type":"Organization","@id":"https:\/\/www.pressenza.com\/es\/#organization","name":"Pressenza","url":"https:\/\/www.pressenza.com\/es\/","logo":{"@type":"ImageObject","inLanguage":"es","@id":"https:\/\/www.pressenza.com\/es\/#\/schema\/logo\/image\/","url":"https:\/\/www.pressenza.com\/wp-content\/uploads\/2022\/10\/pressenza_logo_200x200.jpg","contentUrl":"https:\/\/www.pressenza.com\/wp-content\/uploads\/2022\/10\/pressenza_logo_200x200.jpg","width":200,"height":200,"caption":"Pressenza"},"image":{"@id":"https:\/\/www.pressenza.com\/es\/#\/schema\/logo\/image\/"},"sameAs":["https:\/\/www.facebook.com\/PressenzaItalia","https:\/\/x.com\/PressenzaIPA"]},{"@type":"Person","@id":"https:\/\/www.pressenza.com\/es\/#\/schema\/person\/6936ca3bb8dee618b5cdfd0e4427cdd6","name":"Carolina V\u00e1squez Araya","description":"Periodista y editora con m\u00e1s de 30 a\u00f1os de experiencia, cuyos logros profesionales en el desarrollo de proyectos de gran \u00e9xito avalan sus cualidades de liderazgo, creatividad y relaciones p\u00fablicas. Ha aportado sus conocimientos en proyectos de organizaciones con intereses orientados al desarrollo social, cultural y econ\u00f3mico del pa\u00eds, con especial \u00e9nfasis en el sector de cultura y educaci\u00f3n, emprendimiento, derechos humanos, justicia, ambiente, mujeres y ni\u00f1ez. Chilena en Guatemala. elquintopatio.wordpress.com","sameAs":["https:\/\/www.facebook.com\/pages\/Carolina-V\u00e1squez-Araya\/241844515845237?fref=ts","https:\/\/x.com\/carvasar"],"url":"https:\/\/www.pressenza.com\/es\/author\/carolina-vasquez-araya\/"}]}},"place":"Cuenca, Ecuador","original_article_url":"","_links":{"self":[{"href":"https:\/\/www.pressenza.com\/es\/wp-json\/wp\/v2\/posts\/1362801","targetHints":{"allow":["GET"]}}],"collection":[{"href":"https:\/\/www.pressenza.com\/es\/wp-json\/wp\/v2\/posts"}],"about":[{"href":"https:\/\/www.pressenza.com\/es\/wp-json\/wp\/v2\/types\/post"}],"author":[{"embeddable":true,"href":"https:\/\/www.pressenza.com\/es\/wp-json\/wp\/v2\/users\/1296"}],"replies":[{"embeddable":true,"href":"https:\/\/www.pressenza.com\/es\/wp-json\/wp\/v2\/comments?post=1362801"}],"version-history":[{"count":0,"href":"https:\/\/www.pressenza.com\/es\/wp-json\/wp\/v2\/posts\/1362801\/revisions"}],"wp:featuredmedia":[{"embeddable":true,"href":"https:\/\/www.pressenza.com\/es\/wp-json\/wp\/v2\/media\/1362802"}],"wp:attachment":[{"href":"https:\/\/www.pressenza.com\/es\/wp-json\/wp\/v2\/media?parent=1362801"}],"wp:term":[{"taxonomy":"category","embeddable":true,"href":"https:\/\/www.pressenza.com\/es\/wp-json\/wp\/v2\/categories?post=1362801"},{"taxonomy":"post_tag","embeddable":true,"href":"https:\/\/www.pressenza.com\/es\/wp-json\/wp\/v2\/tags?post=1362801"}],"curies":[{"name":"wp","href":"https:\/\/api.w.org\/{rel}","templated":true}]}}