{"id":1361082,"date":"2021-05-15T14:30:05","date_gmt":"2021-05-15T13:30:05","guid":{"rendered":"https:\/\/www.pressenza.com\/?p=1361082"},"modified":"2021-05-15T18:18:58","modified_gmt":"2021-05-15T17:18:58","slug":"se-agradecido","status":"publish","type":"post","link":"https:\/\/www.pressenza.com\/es\/2021\/05\/se-agradecido\/","title":{"rendered":"S\u00e9 agradecido"},"content":{"rendered":"<p><strong>Cuando conoc\u00ed a Ana llov\u00eda a c\u00e1ntaros. De hecho, si no hubiera llovido tanto el d\u00eda que tuve que refugiarme con todas mis compras en una iglesia cercana, probablemente nunca hubiera conocido a esta encantadora anciana en su silla de ruedas que estaba dentro de esa iglesia.<\/strong><\/p>\n<p>Recuerdo muy bien la forma graciosa en que me mir\u00f3 mientras intentaba quitarme el abrigo empapado lo antes posible para no resfriarme. <strong>\u00ab\u00a1Todos estos j\u00f3venes! Cuando yo era joven, \u00a1bail\u00e1bamos bajo la lluvia!\u00bb<\/strong>, me susurr\u00f3 con una brillante sonrisa en la cara mientras pon\u00eda el abrigo sobre la calefacci\u00f3n. Ese comentario fue el comienzo de una maravillosa conversaci\u00f3n mientras la lluvia golpeaba las ventanas y literalmente nos encerraba\u00a0 a los dos.<\/p>\n<p>Pronto conoc\u00ed m\u00e1s sobre ella, Ana hab\u00eda tenido en realidad una vida apasionante, pero tambi\u00e9n muy tr\u00e1gica, incluyendo la huida de la Guerra Civil espa\u00f1ola a trav\u00e9s de los Pirineos o la Segunda Guerra Mundial que le hab\u00eda arrebatado a su marido y la hab\u00eda dejado viuda a los 19 a\u00f1os. A pesar de estar sentada en una silla de ruedas y haber sido diagnosticada de c\u00e1ncer por tercera vez recientemente, segu\u00eda brillando con energ\u00eda -incre\u00edble para su edad- y positividad.<\/p>\n<p><strong>\u00abAl final, todos tenemos que irnos un d\u00eda, \u00bfno?\u00bb, dijo. \u00abSe trata m\u00e1s bien de c\u00f3mo hemos vivido hasta entonces, de que humildemente hagamos el mundo un poco mejor y, de que abracemos y aprendamos a estar agradecidos por todo: lo bueno, lo malo, las cosas grandes y sobre todo las peque\u00f1as, todos los d\u00edas. Y punto\u00bb.<\/strong> Qu\u00e9 declaraci\u00f3n tan incre\u00edble despu\u00e9s de haber pasado por tanto, pens\u00e9 al salir m\u00e1s tarde, cuando la lluvia por fin hab\u00eda acabado. \u00bfCon qu\u00e9 frecuencia tendemos a no ser lo suficientemente agradecidos sin darnos cuenta?<\/p>\n<p><strong>\u00bfSomos lo suficientemente agradecidos?<\/strong><\/p>\n<p>Con el pasar del tiempo, muchas historias nos hablan del extra\u00f1o fen\u00f3meno del desagradecimiento, especialmente cuando a uno se le conceden todos los deseos posibles. Los relatos b\u00edblicos del rey David o Salom\u00f3n, por ejemplo, nos recuerdan a reyes que pose\u00edan casi todo lo que se pod\u00eda desear y no lo apreciaban debidamente, incluso quer\u00edan m\u00e1s. Muestran claramente el peligro inherente de caer por arrogancia o ingratitud. Aunque estos ejemplos pueden ser extremos, hay en ellos el germen de la verdad: \u00bfNo es cierto que a menudo uno tiende a dar por sentadas las cosas, las valora especialmente cuando se han ido o las de nuestros vecinos y apenas practica la gratitud por lo que ha conseguido sinceramente -quiz\u00e1s tambi\u00e9n en parte porque a menudo uno est\u00e1 demasiado \u00abocupado\u00bb con las prisas de la vida como para detenerse un segundo y apreciar el momento?<\/p>\n<p><strong>\u00bfQui\u00e9n de nosotros podr\u00eda decir realmente que aprecia todo en todo momento de forma adecuada?<\/strong><\/p>\n<p>Probablemente nadie.<\/p>\n<p>\u00bfNo es extra\u00f1o que en las sociedades que tienden a disfrutar de una vida relativamente buena, la gente empiece a quejarse seriamente de lo que, de hecho, son cuestiones incre\u00edblemente triviales como el tiempo lluvioso, el colega antip\u00e1tico que no quiere \u00abcomportarse\u00bb o la comida tibia que se ha entregado con diez minutos de retraso? De hecho, ir\u00f3nicamente, se puede ir m\u00e1s all\u00e1 y afirmar que ciertas sociedades occidentales ofrecen todo lo que sus abuelos deseaban y por lo que luchaban durante las guerras mundiales, incluyendo, s\u00f3lo por mencionar algunas bendiciones, una buena educaci\u00f3n, cierta estabilidad financiera o la paz. Sin embargo, muchos consideran que este statu-quo se concede autom\u00e1ticamente y, por tanto, a menudo no lo aprecian adecuadamente cuando se quejan de la reciente regulaci\u00f3n de la cuarentena, por ejemplo, mientras que la gente en la India se muere literalmente en la calle porque ya no hay ox\u00edgeno disponible. \u00bfEs necesario que algo tan b\u00e1sico como el ox\u00edgeno se convierta en la \u00abnueva moneda\u00bb para que nos detengamos un segundo y apreciemos lo bendecidos que somos en realidad?<\/p>\n<p>Estas comparaciones extremas no deben restar importancia a las preocupaciones de todos y cada uno, pero subrayan lo importante que es recordarse a s\u00ed mismo cada d\u00eda <strong>lo bendecido que es cada uno en realidad.<\/strong> \u00bfEst\u00e1 usted, por ejemplo, agradecido de estar sano? Los enfermos de c\u00e1ncer solo desean estarlo y muchos que mueren a causa de Covid-19 generalmente desean m\u00e1s tiempo. \u00bfEst\u00e1s agradecido por poder expresar tu opini\u00f3n? En muchos pa\u00edses, sobre todo las mujeres, es mejor que no lo hagan. No hace mucho tiempo y, lamentablemente en algunos pa\u00edses de hoy en d\u00eda, muchas de las que lo hac\u00edan no volv\u00edan a ser vistas. \u00bfEst\u00e1s agradecido de ser relativamente libre para elegir lo que quieres hacer con tu vida? Durante siglos, los esclavos so\u00f1aron con ser tan \u00ablibres\u00bb como muchos de nosotros lo somos hoy y, tristemente, en varios pa\u00edses a\u00fan persiste alguna forma de esclavitud.<\/p>\n<p>Sin duda, siempre hay algo por lo que estar agradecido, algo con lo que has sido bendecido, incluso en medio de crudas adversidades, como muestra el incre\u00edble ejemplo de Ana. Quiz\u00e1 tengas que buscar m\u00e1s o, mejor a\u00fan, cambiar tu percepci\u00f3n en primer lugar. Al final, todo es un regalo y hasta las adversidades m\u00e1s crudas pueden resultar ser una maravillosa bendici\u00f3n disfrazada. As\u00ed que, especialmente durante Covid-19, no nos quejemos del tiempo, sino aprendamos a bailar bajo la lluvia.<\/p>\n<p>&nbsp;<\/p>\n<p>&nbsp;<\/p>\n<hr \/>\n<p><em>Traducido del Ingl\u00e9s al Espa\u00f1ol por: Jacqueline Vallejos<\/em><\/p>\n","protected":false},"excerpt":{"rendered":"<p>Cuando conoc\u00ed a Ana llov\u00eda a c\u00e1ntaros. De hecho, si no hubiera llovido tanto el d\u00eda que tuve que refugiarme con todas mis compras en una iglesia cercana, probablemente nunca hubiera conocido a esta encantadora anciana en su silla de&hellip;<\/p>\n","protected":false},"author":1927,"featured_media":1358112,"comment_status":"closed","ping_status":"closed","sticky":false,"template":"","format":"standard","meta":{"footnotes":""},"categories":[11389,66,1240,161],"tags":[22049,90996,14796,90997,90995],"class_list":["post-1361082","post","type-post","status-publish","format-standard","has-post-thumbnail","hentry","category-contenido-original","category-europa-es","category-humanismo-espiritualidad","category-opiniones","tag-felicidad","tag-gratitud","tag-libertad","tag-optimismo","tag-satisfaccion"],"yoast_head":"<!-- This site is optimized with the Yoast SEO plugin v27.1.1 - https:\/\/yoast.com\/product\/yoast-seo-wordpress\/ -->\n<title>S\u00e9 agradecido<\/title>\n<meta name=\"description\" content=\"Cuando conoc\u00ed a Ana llov\u00eda a c\u00e1ntaros. De hecho, si no hubiera llovido tanto el d\u00eda que tuve que refugiarme con todas mis compras en una iglesia cercana,\" \/>\n<meta name=\"robots\" content=\"index, follow, max-snippet:-1, max-image-preview:large, max-video-preview:-1\" \/>\n<link rel=\"canonical\" href=\"https:\/\/www.pressenza.com\/es\/2021\/05\/se-agradecido\/\" \/>\n<meta property=\"og:locale\" content=\"es_ES\" \/>\n<meta property=\"og:type\" content=\"article\" \/>\n<meta property=\"og:title\" content=\"S\u00e9 agradecido\" \/>\n<meta property=\"og:description\" content=\"Cuando conoc\u00ed a Ana llov\u00eda a c\u00e1ntaros. De hecho, si no hubiera llovido tanto el d\u00eda que tuve que refugiarme con todas mis compras en una iglesia cercana,\" \/>\n<meta property=\"og:url\" content=\"https:\/\/www.pressenza.com\/es\/2021\/05\/se-agradecido\/\" \/>\n<meta property=\"og:site_name\" content=\"Pressenza\" \/>\n<meta property=\"article:publisher\" content=\"https:\/\/www.facebook.com\/PressenzaItalia\" \/>\n<meta property=\"article:published_time\" content=\"2021-05-15T13:30:05+00:00\" \/>\n<meta property=\"article:modified_time\" content=\"2021-05-15T17:18:58+00:00\" \/>\n<meta property=\"og:image\" content=\"https:\/\/www.pressenza.com\/wp-content\/uploads\/2021\/05\/Im_Regen_tanzen.jpg\" \/>\n\t<meta property=\"og:image:width\" content=\"1380\" \/>\n\t<meta property=\"og:image:height\" content=\"1061\" \/>\n\t<meta property=\"og:image:type\" content=\"image\/jpeg\" \/>\n<meta name=\"author\" content=\"Chris Hoellriegl\" \/>\n<meta name=\"twitter:card\" content=\"summary_large_image\" \/>\n<meta name=\"twitter:creator\" content=\"@PressenzaIPA\" \/>\n<meta name=\"twitter:site\" content=\"@PressenzaIPA\" \/>\n<meta name=\"twitter:label1\" content=\"Escrito por\" \/>\n\t<meta name=\"twitter:data1\" content=\"Chris Hoellriegl\" \/>\n\t<meta name=\"twitter:label2\" content=\"Tiempo de lectura\" \/>\n\t<meta name=\"twitter:data2\" content=\"5 minutos\" \/>\n<script type=\"application\/ld+json\" class=\"yoast-schema-graph\">{\"@context\":\"https:\/\/schema.org\",\"@graph\":[{\"@type\":\"Article\",\"@id\":\"https:\/\/www.pressenza.com\/es\/2021\/05\/se-agradecido\/#article\",\"isPartOf\":{\"@id\":\"https:\/\/www.pressenza.com\/es\/2021\/05\/se-agradecido\/\"},\"author\":{\"name\":\"Chris Hoellriegl\",\"@id\":\"https:\/\/www.pressenza.com\/es\/#\/schema\/person\/75a757df5e85ff5a136fdfde570391b7\"},\"headline\":\"S\u00e9 agradecido\",\"datePublished\":\"2021-05-15T13:30:05+00:00\",\"dateModified\":\"2021-05-15T17:18:58+00:00\",\"mainEntityOfPage\":{\"@id\":\"https:\/\/www.pressenza.com\/es\/2021\/05\/se-agradecido\/\"},\"wordCount\":951,\"publisher\":{\"@id\":\"https:\/\/www.pressenza.com\/es\/#organization\"},\"image\":{\"@id\":\"https:\/\/www.pressenza.com\/es\/2021\/05\/se-agradecido\/#primaryimage\"},\"thumbnailUrl\":\"https:\/\/www.pressenza.com\/wp-content\/uploads\/2021\/05\/Im_Regen_tanzen.jpg\",\"keywords\":[\"felicidad\",\"gratitud\",\"Libertad\",\"optimismo\",\"satisfacci\u00f3n\"],\"articleSection\":[\"Contenido Original\",\"Europa\",\"Humanismo y Espiritualidad\",\"Opiniones\"],\"inLanguage\":\"es\"},{\"@type\":\"WebPage\",\"@id\":\"https:\/\/www.pressenza.com\/es\/2021\/05\/se-agradecido\/\",\"url\":\"https:\/\/www.pressenza.com\/es\/2021\/05\/se-agradecido\/\",\"name\":\"S\u00e9 agradecido\",\"isPartOf\":{\"@id\":\"https:\/\/www.pressenza.com\/es\/#website\"},\"primaryImageOfPage\":{\"@id\":\"https:\/\/www.pressenza.com\/es\/2021\/05\/se-agradecido\/#primaryimage\"},\"image\":{\"@id\":\"https:\/\/www.pressenza.com\/es\/2021\/05\/se-agradecido\/#primaryimage\"},\"thumbnailUrl\":\"https:\/\/www.pressenza.com\/wp-content\/uploads\/2021\/05\/Im_Regen_tanzen.jpg\",\"datePublished\":\"2021-05-15T13:30:05+00:00\",\"dateModified\":\"2021-05-15T17:18:58+00:00\",\"description\":\"Cuando conoc\u00ed a Ana llov\u00eda a c\u00e1ntaros. De hecho, si no hubiera llovido tanto el d\u00eda que tuve que refugiarme con todas mis compras en una iglesia cercana,\",\"breadcrumb\":{\"@id\":\"https:\/\/www.pressenza.com\/es\/2021\/05\/se-agradecido\/#breadcrumb\"},\"inLanguage\":\"es\",\"potentialAction\":[{\"@type\":\"ReadAction\",\"target\":[\"https:\/\/www.pressenza.com\/es\/2021\/05\/se-agradecido\/\"]}]},{\"@type\":\"ImageObject\",\"inLanguage\":\"es\",\"@id\":\"https:\/\/www.pressenza.com\/es\/2021\/05\/se-agradecido\/#primaryimage\",\"url\":\"https:\/\/www.pressenza.com\/wp-content\/uploads\/2021\/05\/Im_Regen_tanzen.jpg\",\"contentUrl\":\"https:\/\/www.pressenza.com\/wp-content\/uploads\/2021\/05\/Im_Regen_tanzen.jpg\",\"width\":1380,\"height\":1061,\"caption\":\"(Quelle: Benjamin Wedemeyer via Unsplash)\"},{\"@type\":\"BreadcrumbList\",\"@id\":\"https:\/\/www.pressenza.com\/es\/2021\/05\/se-agradecido\/#breadcrumb\",\"itemListElement\":[{\"@type\":\"ListItem\",\"position\":1,\"name\":\"Accueil\",\"item\":\"https:\/\/www.pressenza.com\/es\/\"},{\"@type\":\"ListItem\",\"position\":2,\"name\":\"S\u00e9 agradecido\"}]},{\"@type\":\"WebSite\",\"@id\":\"https:\/\/www.pressenza.com\/es\/#website\",\"url\":\"https:\/\/www.pressenza.com\/es\/\",\"name\":\"Pressenza\",\"description\":\"International Press Agency\",\"publisher\":{\"@id\":\"https:\/\/www.pressenza.com\/es\/#organization\"},\"potentialAction\":[{\"@type\":\"SearchAction\",\"target\":{\"@type\":\"EntryPoint\",\"urlTemplate\":\"https:\/\/www.pressenza.com\/es\/?s={search_term_string}\"},\"query-input\":{\"@type\":\"PropertyValueSpecification\",\"valueRequired\":true,\"valueName\":\"search_term_string\"}}],\"inLanguage\":\"es\"},{\"@type\":\"Organization\",\"@id\":\"https:\/\/www.pressenza.com\/es\/#organization\",\"name\":\"Pressenza\",\"url\":\"https:\/\/www.pressenza.com\/es\/\",\"logo\":{\"@type\":\"ImageObject\",\"inLanguage\":\"es\",\"@id\":\"https:\/\/www.pressenza.com\/es\/#\/schema\/logo\/image\/\",\"url\":\"https:\/\/www.pressenza.com\/wp-content\/uploads\/2022\/10\/pressenza_logo_200x200.jpg\",\"contentUrl\":\"https:\/\/www.pressenza.com\/wp-content\/uploads\/2022\/10\/pressenza_logo_200x200.jpg\",\"width\":200,\"height\":200,\"caption\":\"Pressenza\"},\"image\":{\"@id\":\"https:\/\/www.pressenza.com\/es\/#\/schema\/logo\/image\/\"},\"sameAs\":[\"https:\/\/www.facebook.com\/PressenzaItalia\",\"https:\/\/x.com\/PressenzaIPA\"]},{\"@type\":\"Person\",\"@id\":\"https:\/\/www.pressenza.com\/es\/#\/schema\/person\/75a757df5e85ff5a136fdfde570391b7\",\"name\":\"Chris Hoellriegl\",\"description\":\"Chris is involved in several social initiatives worldwide and loves to write about thought-provoking, inspiring encounters with the most different people all around the world.\",\"url\":\"https:\/\/www.pressenza.com\/es\/author\/chris-hoellriegl\/\"}]}<\/script>\n<!-- \/ Yoast SEO plugin. -->","yoast_head_json":{"title":"S\u00e9 agradecido","description":"Cuando conoc\u00ed a Ana llov\u00eda a c\u00e1ntaros. De hecho, si no hubiera llovido tanto el d\u00eda que tuve que refugiarme con todas mis compras en una iglesia cercana,","robots":{"index":"index","follow":"follow","max-snippet":"max-snippet:-1","max-image-preview":"max-image-preview:large","max-video-preview":"max-video-preview:-1"},"canonical":"https:\/\/www.pressenza.com\/es\/2021\/05\/se-agradecido\/","og_locale":"es_ES","og_type":"article","og_title":"S\u00e9 agradecido","og_description":"Cuando conoc\u00ed a Ana llov\u00eda a c\u00e1ntaros. De hecho, si no hubiera llovido tanto el d\u00eda que tuve que refugiarme con todas mis compras en una iglesia cercana,","og_url":"https:\/\/www.pressenza.com\/es\/2021\/05\/se-agradecido\/","og_site_name":"Pressenza","article_publisher":"https:\/\/www.facebook.com\/PressenzaItalia","article_published_time":"2021-05-15T13:30:05+00:00","article_modified_time":"2021-05-15T17:18:58+00:00","og_image":[{"width":1380,"height":1061,"url":"https:\/\/www.pressenza.com\/wp-content\/uploads\/2021\/05\/Im_Regen_tanzen.jpg","type":"image\/jpeg"}],"author":"Chris Hoellriegl","twitter_card":"summary_large_image","twitter_creator":"@PressenzaIPA","twitter_site":"@PressenzaIPA","twitter_misc":{"Escrito por":"Chris Hoellriegl","Tiempo de lectura":"5 minutos"},"schema":{"@context":"https:\/\/schema.org","@graph":[{"@type":"Article","@id":"https:\/\/www.pressenza.com\/es\/2021\/05\/se-agradecido\/#article","isPartOf":{"@id":"https:\/\/www.pressenza.com\/es\/2021\/05\/se-agradecido\/"},"author":{"name":"Chris Hoellriegl","@id":"https:\/\/www.pressenza.com\/es\/#\/schema\/person\/75a757df5e85ff5a136fdfde570391b7"},"headline":"S\u00e9 agradecido","datePublished":"2021-05-15T13:30:05+00:00","dateModified":"2021-05-15T17:18:58+00:00","mainEntityOfPage":{"@id":"https:\/\/www.pressenza.com\/es\/2021\/05\/se-agradecido\/"},"wordCount":951,"publisher":{"@id":"https:\/\/www.pressenza.com\/es\/#organization"},"image":{"@id":"https:\/\/www.pressenza.com\/es\/2021\/05\/se-agradecido\/#primaryimage"},"thumbnailUrl":"https:\/\/www.pressenza.com\/wp-content\/uploads\/2021\/05\/Im_Regen_tanzen.jpg","keywords":["felicidad","gratitud","Libertad","optimismo","satisfacci\u00f3n"],"articleSection":["Contenido Original","Europa","Humanismo y Espiritualidad","Opiniones"],"inLanguage":"es"},{"@type":"WebPage","@id":"https:\/\/www.pressenza.com\/es\/2021\/05\/se-agradecido\/","url":"https:\/\/www.pressenza.com\/es\/2021\/05\/se-agradecido\/","name":"S\u00e9 agradecido","isPartOf":{"@id":"https:\/\/www.pressenza.com\/es\/#website"},"primaryImageOfPage":{"@id":"https:\/\/www.pressenza.com\/es\/2021\/05\/se-agradecido\/#primaryimage"},"image":{"@id":"https:\/\/www.pressenza.com\/es\/2021\/05\/se-agradecido\/#primaryimage"},"thumbnailUrl":"https:\/\/www.pressenza.com\/wp-content\/uploads\/2021\/05\/Im_Regen_tanzen.jpg","datePublished":"2021-05-15T13:30:05+00:00","dateModified":"2021-05-15T17:18:58+00:00","description":"Cuando conoc\u00ed a Ana llov\u00eda a c\u00e1ntaros. De hecho, si no hubiera llovido tanto el d\u00eda que tuve que refugiarme con todas mis compras en una iglesia cercana,","breadcrumb":{"@id":"https:\/\/www.pressenza.com\/es\/2021\/05\/se-agradecido\/#breadcrumb"},"inLanguage":"es","potentialAction":[{"@type":"ReadAction","target":["https:\/\/www.pressenza.com\/es\/2021\/05\/se-agradecido\/"]}]},{"@type":"ImageObject","inLanguage":"es","@id":"https:\/\/www.pressenza.com\/es\/2021\/05\/se-agradecido\/#primaryimage","url":"https:\/\/www.pressenza.com\/wp-content\/uploads\/2021\/05\/Im_Regen_tanzen.jpg","contentUrl":"https:\/\/www.pressenza.com\/wp-content\/uploads\/2021\/05\/Im_Regen_tanzen.jpg","width":1380,"height":1061,"caption":"(Quelle: Benjamin Wedemeyer via Unsplash)"},{"@type":"BreadcrumbList","@id":"https:\/\/www.pressenza.com\/es\/2021\/05\/se-agradecido\/#breadcrumb","itemListElement":[{"@type":"ListItem","position":1,"name":"Accueil","item":"https:\/\/www.pressenza.com\/es\/"},{"@type":"ListItem","position":2,"name":"S\u00e9 agradecido"}]},{"@type":"WebSite","@id":"https:\/\/www.pressenza.com\/es\/#website","url":"https:\/\/www.pressenza.com\/es\/","name":"Pressenza","description":"International Press Agency","publisher":{"@id":"https:\/\/www.pressenza.com\/es\/#organization"},"potentialAction":[{"@type":"SearchAction","target":{"@type":"EntryPoint","urlTemplate":"https:\/\/www.pressenza.com\/es\/?s={search_term_string}"},"query-input":{"@type":"PropertyValueSpecification","valueRequired":true,"valueName":"search_term_string"}}],"inLanguage":"es"},{"@type":"Organization","@id":"https:\/\/www.pressenza.com\/es\/#organization","name":"Pressenza","url":"https:\/\/www.pressenza.com\/es\/","logo":{"@type":"ImageObject","inLanguage":"es","@id":"https:\/\/www.pressenza.com\/es\/#\/schema\/logo\/image\/","url":"https:\/\/www.pressenza.com\/wp-content\/uploads\/2022\/10\/pressenza_logo_200x200.jpg","contentUrl":"https:\/\/www.pressenza.com\/wp-content\/uploads\/2022\/10\/pressenza_logo_200x200.jpg","width":200,"height":200,"caption":"Pressenza"},"image":{"@id":"https:\/\/www.pressenza.com\/es\/#\/schema\/logo\/image\/"},"sameAs":["https:\/\/www.facebook.com\/PressenzaItalia","https:\/\/x.com\/PressenzaIPA"]},{"@type":"Person","@id":"https:\/\/www.pressenza.com\/es\/#\/schema\/person\/75a757df5e85ff5a136fdfde570391b7","name":"Chris Hoellriegl","description":"Chris is involved in several social initiatives worldwide and loves to write about thought-provoking, inspiring encounters with the most different people all around the world.","url":"https:\/\/www.pressenza.com\/es\/author\/chris-hoellriegl\/"}]}},"place":"","original_article_url":"","_links":{"self":[{"href":"https:\/\/www.pressenza.com\/es\/wp-json\/wp\/v2\/posts\/1361082","targetHints":{"allow":["GET"]}}],"collection":[{"href":"https:\/\/www.pressenza.com\/es\/wp-json\/wp\/v2\/posts"}],"about":[{"href":"https:\/\/www.pressenza.com\/es\/wp-json\/wp\/v2\/types\/post"}],"author":[{"embeddable":true,"href":"https:\/\/www.pressenza.com\/es\/wp-json\/wp\/v2\/users\/1927"}],"replies":[{"embeddable":true,"href":"https:\/\/www.pressenza.com\/es\/wp-json\/wp\/v2\/comments?post=1361082"}],"version-history":[{"count":0,"href":"https:\/\/www.pressenza.com\/es\/wp-json\/wp\/v2\/posts\/1361082\/revisions"}],"wp:featuredmedia":[{"embeddable":true,"href":"https:\/\/www.pressenza.com\/es\/wp-json\/wp\/v2\/media\/1358112"}],"wp:attachment":[{"href":"https:\/\/www.pressenza.com\/es\/wp-json\/wp\/v2\/media?parent=1361082"}],"wp:term":[{"taxonomy":"category","embeddable":true,"href":"https:\/\/www.pressenza.com\/es\/wp-json\/wp\/v2\/categories?post=1361082"},{"taxonomy":"post_tag","embeddable":true,"href":"https:\/\/www.pressenza.com\/es\/wp-json\/wp\/v2\/tags?post=1361082"}],"curies":[{"name":"wp","href":"https:\/\/api.w.org\/{rel}","templated":true}]}}