{"id":1359,"date":"2009-09-17T00:00:00","date_gmt":"2009-09-17T00:00:00","guid":{"rendered":""},"modified":"2009-09-28T05:01:04","modified_gmt":"2009-09-28T05:01:04","slug":"el-problema-real-del-hambre-no-es-la-falta-de-alimentosx-si-no-la-inequidad-entre-ricos-y-pobres","status":"publish","type":"post","link":"https:\/\/www.pressenza.com\/es\/2009\/09\/el-problema-real-del-hambre-no-es-la-falta-de-alimentosx-si-no-la-inequidad-entre-ricos-y-pobres\/","title":{"rendered":"El problema real del hambre no es la falta de alimentos, si no la inequidad entre ricos y pobres"},"content":{"rendered":"<p>  En el a\u00f1o 2000, 189 pa\u00edses ratificaron los ocho objetivos de desarrollo del Milenio, el primero de los cuales era reducir a la mitad, para el a\u00f1o 2015, el n\u00famero de personas aquejadas por el hambre y la pobreza. Seg\u00fan un informe de la FAO  (El estado de la inseguridad alimentaria en el mundo (SOFI 2002), FAO, 2002), se han logrado pocos avances, y estos objetivos seguir\u00e1n siendo un sue\u00f1o no realizado a menos que las palabras se conviertan en medidas concretas. Para que esto llegue a hacerse realidad en el a\u00f1o 2015, el n\u00famero de las personas aquejadas por el hambre debe reducirse en 24 millones por a\u00f1o, a partir de esa fecha, lo cual corresponde a un ritmo de avance diez veces m\u00e1s r\u00e1pido que el que se ha conseguido lograr desde los primeros a\u00f1os noventa. <\/p>\n<p>El relator especial de Naciones Unidas sobre el derecho a la alimentaci\u00f3n, Olivier De Schutter, destac\u00f3 en el foro Sobre el Derecho a la Alimentaci\u00f3n en M\u00e9xico, que: \u201cen el mundo existen 2.4 mil millones de personas con desnutrici\u00f3n, lo cual es, a su vez, caldo de cultivo de infecciones y enfermedades\u201d. Inform\u00f3 adem\u00e1s que \u201c35 por ciento de los ni\u00f1os que mueren cada a\u00f1o en el mundo \u2013equivalente a alrededor de 6.5 millones\u2013 fallecen por desnutrici\u00f3n o causas relacionadas con ella. No obstante, hoy muchas personas consumen productos chatarra porque, pese a no ser ricos en nutrientes, son energ\u00e9ticos y m\u00e1s baratos que los saludables\u201d.<\/p>\n<p>Coment\u00f3 que \u201cdurante el siglo XX se consider\u00f3 que para acabar con el hambre en el mundo habr\u00eda que incrementar la producci\u00f3n de alimentos; sin embargo es un diagn\u00f3stico equivocado. El problema real no es la baja producci\u00f3n y la falta de alimentos, sino la inequidad entre ricos y pobres\u201d.<\/p>\n<p>El martes pasado, el representante de la ONU asegur\u00f3 que \u201clegislar en favor del derecho a la alimentaci\u00f3n, es un paso m\u00e1s dentro de la estrategia para afrontar el desaf\u00edo de alimentar a las poblaciones\u201d.<br \/>\n\u201cEn esa t\u00e1ctica se debe identificar la poblaci\u00f3n vulnerable y monitorear las pol\u00edticas que necesitan los campesinos y habitantes pobres de las zonas urbanas, ya que el problema del hambre es pol\u00edtico, no t\u00e9cnico\u201d.<\/p>\n<p>\u201cHay que terminar con la discriminaci\u00f3n, enfocar los esfuerzos en los programas sociales, eliminar los obst\u00e1culos pol\u00edticos que frenan el derecho a la alimentaci\u00f3n y tener una mejor coordinaci\u00f3n de las instituciones del gobierno para que la gente acceda a los alimentos\u201d, precis\u00f3.<\/p>\n<p>Dr. Olivier De Schutter es Profesor de Leyes en la Universidad Cat\u00f3lica de Louvain (UCL) en B\u00e9lgica y en el Colegio de Europa (Natolin) en Varsovia, Polonia. Posee entre otros lauros, una Maestr\u00eda en Derecho de la Universidad de Harvard, diploma \u201ccum laude\u201d del Instituto Internacional de Derechos Humanos de Strasburgo, Francia y es Ph.D. en Leyes de la Universidad de Louvain. Ha dado c\u00e1tedra de Legislaci\u00f3n internacional y europea de Derechos Humanos, y Teor\u00eda legal en numerosas universidades en Nueva  York, Francia, Finlandia, Portugal, Benin y Puerto Rico. <\/p>\n<p>(Fuente Diario La Jornada, M\u00e9xico, del 17 de septiembre de 2009 www.jornada.unam.mx\/)<\/p>\n","protected":false},"excerpt":{"rendered":"<p>Al participar en el foro Sobre el Derecho a la Alimentaci\u00f3n  en M\u00e9xico, Olivier De Schutter, sostuvo que \u201caplicar impuestos a alimentos no le parece una soluci\u00f3n para combatir la crisis econ\u00f3mica\u201d. Dijo tambi\u00e9n que \u201c35 por ciento de los ni\u00f1os que mueren cada a\u00f1o en el mundo \u2013equivalente a alrededor de 6.5 millones \u2013 fallecen por desnutrici\u00f3n o causas relacionadas con ella\u201d<\/p>\n","protected":false},"author":19,"featured_media":0,"comment_status":"closed","ping_status":"open","sticky":false,"template":"","format":"standard","meta":{"footnotes":""},"categories":[76,39,68],"tags":[],"class_list":["post-1359","post","type-post","status-publish","format-standard","hentry","category-relaciones-exteriores","category-internacional","category-norteamerica"],"yoast_head":"<!-- This site is optimized with the Yoast SEO plugin v27.1.1 - https:\/\/yoast.com\/product\/yoast-seo-wordpress\/ -->\n<title>El problema real del hambre no es la falta de alimentos, si no la inequidad entre ricos y pobres<\/title>\n<meta name=\"description\" content=\"Al participar en el foro Sobre el Derecho a la Alimentaci\u00f3n en M\u00e9xico, Olivier De Schutter, sostuvo que \u201caplicar impuestos a alimentos no le parece una soluci\u00f3n para combatir la crisis econ\u00f3mica\u201d. Dijo tambi\u00e9n que \u201c35 por ciento de los ni\u00f1os que mueren cada a\u00f1o en el mundo \u2013equivalente a alrededor de 6.5 millones \u2013 fallecen por desnutrici\u00f3n o causas relacionadas con ella\u201d\" \/>\n<meta name=\"robots\" content=\"index, follow, max-snippet:-1, max-image-preview:large, max-video-preview:-1\" \/>\n<link rel=\"canonical\" href=\"https:\/\/www.pressenza.com\/es\/2009\/09\/el-problema-real-del-hambre-no-es-la-falta-de-alimentosx-si-no-la-inequidad-entre-ricos-y-pobres\/\" \/>\n<meta property=\"og:locale\" content=\"es_ES\" \/>\n<meta property=\"og:type\" content=\"article\" \/>\n<meta property=\"og:title\" content=\"El problema real del hambre no es la falta de alimentos, si no la inequidad entre ricos y pobres\" \/>\n<meta property=\"og:description\" content=\"Al participar en el foro Sobre el Derecho a la Alimentaci\u00f3n en M\u00e9xico, Olivier De Schutter, sostuvo que \u201caplicar impuestos a alimentos no le parece una soluci\u00f3n para combatir la crisis econ\u00f3mica\u201d. Dijo tambi\u00e9n que \u201c35 por ciento de los ni\u00f1os que mueren cada a\u00f1o en el mundo \u2013equivalente a alrededor de 6.5 millones \u2013 fallecen por desnutrici\u00f3n o causas relacionadas con ella\u201d\" \/>\n<meta property=\"og:url\" content=\"https:\/\/www.pressenza.com\/es\/2009\/09\/el-problema-real-del-hambre-no-es-la-falta-de-alimentosx-si-no-la-inequidad-entre-ricos-y-pobres\/\" \/>\n<meta property=\"og:site_name\" content=\"Pressenza\" \/>\n<meta property=\"article:publisher\" content=\"https:\/\/www.facebook.com\/PressenzaItalia\" \/>\n<meta property=\"article:author\" content=\"https:\/\/www.facebook.com\/pressenza\" \/>\n<meta property=\"article:published_time\" content=\"2009-09-17T00:00:00+00:00\" \/>\n<meta property=\"article:modified_time\" content=\"2009-09-28T05:01:04+00:00\" \/>\n<meta name=\"author\" content=\"Pressenza IPA\" \/>\n<meta name=\"twitter:card\" content=\"summary_large_image\" \/>\n<meta name=\"twitter:creator\" content=\"@PressenzaIPA\" \/>\n<meta name=\"twitter:site\" content=\"@PressenzaIPA\" \/>\n<meta name=\"twitter:label1\" content=\"Escrito por\" \/>\n\t<meta name=\"twitter:data1\" content=\"Pressenza IPA\" \/>\n\t<meta name=\"twitter:label2\" content=\"Tiempo de lectura\" \/>\n\t<meta name=\"twitter:data2\" content=\"3 minutos\" \/>\n<script type=\"application\/ld+json\" class=\"yoast-schema-graph\">{\"@context\":\"https:\/\/schema.org\",\"@graph\":[{\"@type\":\"Article\",\"@id\":\"https:\/\/www.pressenza.com\/es\/2009\/09\/el-problema-real-del-hambre-no-es-la-falta-de-alimentosx-si-no-la-inequidad-entre-ricos-y-pobres\/#article\",\"isPartOf\":{\"@id\":\"https:\/\/www.pressenza.com\/es\/2009\/09\/el-problema-real-del-hambre-no-es-la-falta-de-alimentosx-si-no-la-inequidad-entre-ricos-y-pobres\/\"},\"author\":{\"name\":\"Pressenza IPA\",\"@id\":\"https:\/\/www.pressenza.com\/es\/#\/schema\/person\/010e5d02bcf40965427a1289a4cc8d75\"},\"headline\":\"El problema real del hambre no es la falta de alimentos, si no la inequidad entre ricos y pobres\",\"datePublished\":\"2009-09-17T00:00:00+00:00\",\"dateModified\":\"2009-09-28T05:01:04+00:00\",\"mainEntityOfPage\":{\"@id\":\"https:\/\/www.pressenza.com\/es\/2009\/09\/el-problema-real-del-hambre-no-es-la-falta-de-alimentosx-si-no-la-inequidad-entre-ricos-y-pobres\/\"},\"wordCount\":565,\"publisher\":{\"@id\":\"https:\/\/www.pressenza.com\/es\/#organization\"},\"articleSection\":[\"Asuntos internacionales\",\"Internacional\",\"Norteam\u00e9rica\"],\"inLanguage\":\"es\"},{\"@type\":\"WebPage\",\"@id\":\"https:\/\/www.pressenza.com\/es\/2009\/09\/el-problema-real-del-hambre-no-es-la-falta-de-alimentosx-si-no-la-inequidad-entre-ricos-y-pobres\/\",\"url\":\"https:\/\/www.pressenza.com\/es\/2009\/09\/el-problema-real-del-hambre-no-es-la-falta-de-alimentosx-si-no-la-inequidad-entre-ricos-y-pobres\/\",\"name\":\"El problema real del hambre no es la falta de alimentos, si no la inequidad entre ricos y pobres\",\"isPartOf\":{\"@id\":\"https:\/\/www.pressenza.com\/es\/#website\"},\"datePublished\":\"2009-09-17T00:00:00+00:00\",\"dateModified\":\"2009-09-28T05:01:04+00:00\",\"description\":\"Al participar en el foro Sobre el Derecho a la Alimentaci\u00f3n en M\u00e9xico, Olivier De Schutter, sostuvo que \u201caplicar impuestos a alimentos no le parece una soluci\u00f3n para combatir la crisis econ\u00f3mica\u201d. Dijo tambi\u00e9n que \u201c35 por ciento de los ni\u00f1os que mueren cada a\u00f1o en el mundo \u2013equivalente a alrededor de 6.5 millones \u2013 fallecen por desnutrici\u00f3n o causas relacionadas con ella\u201d\",\"breadcrumb\":{\"@id\":\"https:\/\/www.pressenza.com\/es\/2009\/09\/el-problema-real-del-hambre-no-es-la-falta-de-alimentosx-si-no-la-inequidad-entre-ricos-y-pobres\/#breadcrumb\"},\"inLanguage\":\"es\",\"potentialAction\":[{\"@type\":\"ReadAction\",\"target\":[\"https:\/\/www.pressenza.com\/es\/2009\/09\/el-problema-real-del-hambre-no-es-la-falta-de-alimentosx-si-no-la-inequidad-entre-ricos-y-pobres\/\"]}]},{\"@type\":\"BreadcrumbList\",\"@id\":\"https:\/\/www.pressenza.com\/es\/2009\/09\/el-problema-real-del-hambre-no-es-la-falta-de-alimentosx-si-no-la-inequidad-entre-ricos-y-pobres\/#breadcrumb\",\"itemListElement\":[{\"@type\":\"ListItem\",\"position\":1,\"name\":\"Accueil\",\"item\":\"https:\/\/www.pressenza.com\/es\/\"},{\"@type\":\"ListItem\",\"position\":2,\"name\":\"El problema real del hambre no es la falta de alimentos, si no la inequidad entre ricos y pobres\"}]},{\"@type\":\"WebSite\",\"@id\":\"https:\/\/www.pressenza.com\/es\/#website\",\"url\":\"https:\/\/www.pressenza.com\/es\/\",\"name\":\"Pressenza\",\"description\":\"International Press Agency\",\"publisher\":{\"@id\":\"https:\/\/www.pressenza.com\/es\/#organization\"},\"potentialAction\":[{\"@type\":\"SearchAction\",\"target\":{\"@type\":\"EntryPoint\",\"urlTemplate\":\"https:\/\/www.pressenza.com\/es\/?s={search_term_string}\"},\"query-input\":{\"@type\":\"PropertyValueSpecification\",\"valueRequired\":true,\"valueName\":\"search_term_string\"}}],\"inLanguage\":\"es\"},{\"@type\":\"Organization\",\"@id\":\"https:\/\/www.pressenza.com\/es\/#organization\",\"name\":\"Pressenza\",\"url\":\"https:\/\/www.pressenza.com\/es\/\",\"logo\":{\"@type\":\"ImageObject\",\"inLanguage\":\"es\",\"@id\":\"https:\/\/www.pressenza.com\/es\/#\/schema\/logo\/image\/\",\"url\":\"https:\/\/www.pressenza.com\/wp-content\/uploads\/2022\/10\/pressenza_logo_200x200.jpg\",\"contentUrl\":\"https:\/\/www.pressenza.com\/wp-content\/uploads\/2022\/10\/pressenza_logo_200x200.jpg\",\"width\":200,\"height\":200,\"caption\":\"Pressenza\"},\"image\":{\"@id\":\"https:\/\/www.pressenza.com\/es\/#\/schema\/logo\/image\/\"},\"sameAs\":[\"https:\/\/www.facebook.com\/PressenzaItalia\",\"https:\/\/x.com\/PressenzaIPA\"]},{\"@type\":\"Person\",\"@id\":\"https:\/\/www.pressenza.com\/es\/#\/schema\/person\/010e5d02bcf40965427a1289a4cc8d75\",\"name\":\"Pressenza IPA\",\"description\":\"News from Pressenza IPA correspondents\",\"sameAs\":[\"https:\/\/www.facebook.com\/pressenza\",\"https:\/\/x.com\/PressenzaIPA\"],\"url\":\"https:\/\/www.pressenza.com\/es\/author\/pressenza-ipa\/\"}]}<\/script>\n<!-- \/ Yoast SEO plugin. -->","yoast_head_json":{"title":"El problema real del hambre no es la falta de alimentos, si no la inequidad entre ricos y pobres","description":"Al participar en el foro Sobre el Derecho a la Alimentaci\u00f3n en M\u00e9xico, Olivier De Schutter, sostuvo que \u201caplicar impuestos a alimentos no le parece una soluci\u00f3n para combatir la crisis econ\u00f3mica\u201d. Dijo tambi\u00e9n que \u201c35 por ciento de los ni\u00f1os que mueren cada a\u00f1o en el mundo \u2013equivalente a alrededor de 6.5 millones \u2013 fallecen por desnutrici\u00f3n o causas relacionadas con ella\u201d","robots":{"index":"index","follow":"follow","max-snippet":"max-snippet:-1","max-image-preview":"max-image-preview:large","max-video-preview":"max-video-preview:-1"},"canonical":"https:\/\/www.pressenza.com\/es\/2009\/09\/el-problema-real-del-hambre-no-es-la-falta-de-alimentosx-si-no-la-inequidad-entre-ricos-y-pobres\/","og_locale":"es_ES","og_type":"article","og_title":"El problema real del hambre no es la falta de alimentos, si no la inequidad entre ricos y pobres","og_description":"Al participar en el foro Sobre el Derecho a la Alimentaci\u00f3n en M\u00e9xico, Olivier De Schutter, sostuvo que \u201caplicar impuestos a alimentos no le parece una soluci\u00f3n para combatir la crisis econ\u00f3mica\u201d. Dijo tambi\u00e9n que \u201c35 por ciento de los ni\u00f1os que mueren cada a\u00f1o en el mundo \u2013equivalente a alrededor de 6.5 millones \u2013 fallecen por desnutrici\u00f3n o causas relacionadas con ella\u201d","og_url":"https:\/\/www.pressenza.com\/es\/2009\/09\/el-problema-real-del-hambre-no-es-la-falta-de-alimentosx-si-no-la-inequidad-entre-ricos-y-pobres\/","og_site_name":"Pressenza","article_publisher":"https:\/\/www.facebook.com\/PressenzaItalia","article_author":"https:\/\/www.facebook.com\/pressenza","article_published_time":"2009-09-17T00:00:00+00:00","article_modified_time":"2009-09-28T05:01:04+00:00","author":"Pressenza IPA","twitter_card":"summary_large_image","twitter_creator":"@PressenzaIPA","twitter_site":"@PressenzaIPA","twitter_misc":{"Escrito por":"Pressenza IPA","Tiempo de lectura":"3 minutos"},"schema":{"@context":"https:\/\/schema.org","@graph":[{"@type":"Article","@id":"https:\/\/www.pressenza.com\/es\/2009\/09\/el-problema-real-del-hambre-no-es-la-falta-de-alimentosx-si-no-la-inequidad-entre-ricos-y-pobres\/#article","isPartOf":{"@id":"https:\/\/www.pressenza.com\/es\/2009\/09\/el-problema-real-del-hambre-no-es-la-falta-de-alimentosx-si-no-la-inequidad-entre-ricos-y-pobres\/"},"author":{"name":"Pressenza IPA","@id":"https:\/\/www.pressenza.com\/es\/#\/schema\/person\/010e5d02bcf40965427a1289a4cc8d75"},"headline":"El problema real del hambre no es la falta de alimentos, si no la inequidad entre ricos y pobres","datePublished":"2009-09-17T00:00:00+00:00","dateModified":"2009-09-28T05:01:04+00:00","mainEntityOfPage":{"@id":"https:\/\/www.pressenza.com\/es\/2009\/09\/el-problema-real-del-hambre-no-es-la-falta-de-alimentosx-si-no-la-inequidad-entre-ricos-y-pobres\/"},"wordCount":565,"publisher":{"@id":"https:\/\/www.pressenza.com\/es\/#organization"},"articleSection":["Asuntos internacionales","Internacional","Norteam\u00e9rica"],"inLanguage":"es"},{"@type":"WebPage","@id":"https:\/\/www.pressenza.com\/es\/2009\/09\/el-problema-real-del-hambre-no-es-la-falta-de-alimentosx-si-no-la-inequidad-entre-ricos-y-pobres\/","url":"https:\/\/www.pressenza.com\/es\/2009\/09\/el-problema-real-del-hambre-no-es-la-falta-de-alimentosx-si-no-la-inequidad-entre-ricos-y-pobres\/","name":"El problema real del hambre no es la falta de alimentos, si no la inequidad entre ricos y pobres","isPartOf":{"@id":"https:\/\/www.pressenza.com\/es\/#website"},"datePublished":"2009-09-17T00:00:00+00:00","dateModified":"2009-09-28T05:01:04+00:00","description":"Al participar en el foro Sobre el Derecho a la Alimentaci\u00f3n en M\u00e9xico, Olivier De Schutter, sostuvo que \u201caplicar impuestos a alimentos no le parece una soluci\u00f3n para combatir la crisis econ\u00f3mica\u201d. Dijo tambi\u00e9n que \u201c35 por ciento de los ni\u00f1os que mueren cada a\u00f1o en el mundo \u2013equivalente a alrededor de 6.5 millones \u2013 fallecen por desnutrici\u00f3n o causas relacionadas con ella\u201d","breadcrumb":{"@id":"https:\/\/www.pressenza.com\/es\/2009\/09\/el-problema-real-del-hambre-no-es-la-falta-de-alimentosx-si-no-la-inequidad-entre-ricos-y-pobres\/#breadcrumb"},"inLanguage":"es","potentialAction":[{"@type":"ReadAction","target":["https:\/\/www.pressenza.com\/es\/2009\/09\/el-problema-real-del-hambre-no-es-la-falta-de-alimentosx-si-no-la-inequidad-entre-ricos-y-pobres\/"]}]},{"@type":"BreadcrumbList","@id":"https:\/\/www.pressenza.com\/es\/2009\/09\/el-problema-real-del-hambre-no-es-la-falta-de-alimentosx-si-no-la-inequidad-entre-ricos-y-pobres\/#breadcrumb","itemListElement":[{"@type":"ListItem","position":1,"name":"Accueil","item":"https:\/\/www.pressenza.com\/es\/"},{"@type":"ListItem","position":2,"name":"El problema real del hambre no es la falta de alimentos, si no la inequidad entre ricos y pobres"}]},{"@type":"WebSite","@id":"https:\/\/www.pressenza.com\/es\/#website","url":"https:\/\/www.pressenza.com\/es\/","name":"Pressenza","description":"International Press Agency","publisher":{"@id":"https:\/\/www.pressenza.com\/es\/#organization"},"potentialAction":[{"@type":"SearchAction","target":{"@type":"EntryPoint","urlTemplate":"https:\/\/www.pressenza.com\/es\/?s={search_term_string}"},"query-input":{"@type":"PropertyValueSpecification","valueRequired":true,"valueName":"search_term_string"}}],"inLanguage":"es"},{"@type":"Organization","@id":"https:\/\/www.pressenza.com\/es\/#organization","name":"Pressenza","url":"https:\/\/www.pressenza.com\/es\/","logo":{"@type":"ImageObject","inLanguage":"es","@id":"https:\/\/www.pressenza.com\/es\/#\/schema\/logo\/image\/","url":"https:\/\/www.pressenza.com\/wp-content\/uploads\/2022\/10\/pressenza_logo_200x200.jpg","contentUrl":"https:\/\/www.pressenza.com\/wp-content\/uploads\/2022\/10\/pressenza_logo_200x200.jpg","width":200,"height":200,"caption":"Pressenza"},"image":{"@id":"https:\/\/www.pressenza.com\/es\/#\/schema\/logo\/image\/"},"sameAs":["https:\/\/www.facebook.com\/PressenzaItalia","https:\/\/x.com\/PressenzaIPA"]},{"@type":"Person","@id":"https:\/\/www.pressenza.com\/es\/#\/schema\/person\/010e5d02bcf40965427a1289a4cc8d75","name":"Pressenza IPA","description":"News from Pressenza IPA correspondents","sameAs":["https:\/\/www.facebook.com\/pressenza","https:\/\/x.com\/PressenzaIPA"],"url":"https:\/\/www.pressenza.com\/es\/author\/pressenza-ipa\/"}]}},"place":"Ciudad de M\u00e9xico","original_article_url":"","_links":{"self":[{"href":"https:\/\/www.pressenza.com\/es\/wp-json\/wp\/v2\/posts\/1359","targetHints":{"allow":["GET"]}}],"collection":[{"href":"https:\/\/www.pressenza.com\/es\/wp-json\/wp\/v2\/posts"}],"about":[{"href":"https:\/\/www.pressenza.com\/es\/wp-json\/wp\/v2\/types\/post"}],"author":[{"embeddable":true,"href":"https:\/\/www.pressenza.com\/es\/wp-json\/wp\/v2\/users\/19"}],"replies":[{"embeddable":true,"href":"https:\/\/www.pressenza.com\/es\/wp-json\/wp\/v2\/comments?post=1359"}],"version-history":[{"count":0,"href":"https:\/\/www.pressenza.com\/es\/wp-json\/wp\/v2\/posts\/1359\/revisions"}],"wp:attachment":[{"href":"https:\/\/www.pressenza.com\/es\/wp-json\/wp\/v2\/media?parent=1359"}],"wp:term":[{"taxonomy":"category","embeddable":true,"href":"https:\/\/www.pressenza.com\/es\/wp-json\/wp\/v2\/categories?post=1359"},{"taxonomy":"post_tag","embeddable":true,"href":"https:\/\/www.pressenza.com\/es\/wp-json\/wp\/v2\/tags?post=1359"}],"curies":[{"name":"wp","href":"https:\/\/api.w.org\/{rel}","templated":true}]}}