{"id":1358414,"date":"2021-05-11T15:31:56","date_gmt":"2021-05-11T14:31:56","guid":{"rendered":"https:\/\/www.pressenza.com\/?p=1358414"},"modified":"2021-05-11T15:31:56","modified_gmt":"2021-05-11T14:31:56","slug":"a-seis-meses-del-gobierno-del-mas-asumen-nuevas-autoridades-en-bolivia","status":"publish","type":"post","link":"https:\/\/www.pressenza.com\/es\/2021\/05\/a-seis-meses-del-gobierno-del-mas-asumen-nuevas-autoridades-en-bolivia\/","title":{"rendered":"A seis meses del gobierno del MAS, asumen nuevas autoridades en Bolivia"},"content":{"rendered":"<p>La primera semana de Mayo, asumieron y juraron los gobernadores, alcaldes, asamble\u00edstas departamentales, concejales y representantes regionales que ganaron las Elecciones Subnacionales 2021 en Bolivia, configurando el nuevo mapa de poder pol\u00edtico territorial en el pa\u00eds. Recordemos que el MAS gan\u00f3 tres de las nueve gobernaciones: Cochabamba, Oruro y Potos\u00ed. Con respecto a las alcald\u00edas el MAS obtuvo 240 de 336 alcald\u00edas, o sea el 67%. De las diez alcald\u00edas de las ciudades capitales m\u00e1s importantes del pa\u00eds, el MAS gan\u00f3 dos. Y mantiene mayor\u00eda parlamentaria de las asambleas legislativas departamentales a nivel nacional. Todos juraron por un mandato de cinco a\u00f1os y tuvieron un discurso conciliador, a excepci\u00f3n de Fernando Camacho actual gobernador de Santa Cruz.<\/p>\n<p><strong>Las gobernaciones m\u00e1s importantes: Santa Cruz, Cochabamba y La Paz<\/strong><\/p>\n<p><strong>Santa<\/strong> <strong>Cruz<\/strong>: Luis Fernando Camacho de \u201cCreemos\u201d asumi\u00f3 la gobernaci\u00f3n de Santa Cruz con el\u00a0 55 % de votos frente a Mario Cronembold por el MAS con el 38 %. En su discurso se dirigi\u00f3 al presidente Luis Arce: \u201cSi no cambia la actitud hacia Santa Cruz, si contin\u00faa con el amedrentamiento y la persecuci\u00f3n, si nos siguen lastimando con medidas econ\u00f3micas que nos asfixian, lo \u00fanico que nos queda es defendernos y usted sabe que lo sabemos hacer y lo hacemos muy bien\u201d.<\/p>\n<p><strong>Cochabamba<\/strong>: Humberto S\u00e1nchez del MAS\u00a0 gan\u00f3 con el 57 % de los votos frente a Henry Paredes por \u201cS\u00famate\u201d con el 25% y jur\u00f3 como gobernador de Cochabamba.<\/p>\n<p><strong>La Paz: <\/strong>Santos Quispe por \u201cJallalla La Paz\u201d gan\u00f3 con el 55% de votos frente a Flanklin Flores del MAS con el 45 % y jur\u00f3 como gobernador de La Paz. Reemplaz\u00f3 como candidato a gobernador a su padre, Felipe Quispe \u201cEl Mallku\u201d tras su fallecimiento, obtuvo la victoria y dispuso que en todas la instituciones est\u00e9 la imagen de \u201cEl Mallku\u201d.<\/p>\n<p>La posesi\u00f3n de Santos Quispe se llev\u00f3 a cabo bajo una ceremonia ancestral ante una multitud de organizaciones ind\u00edgenas a la cabeza de los famosos \u201cPonchos Rojos\u201d en Ajaria, municipio de Achacachi capital de la Provincia de Omasuyus en La Paz donde naci\u00f3 Santos Quispe y su padre y d\u00f3nde se encuentra su tumba. Primeramente, Santos Quispe se dirigi\u00f3 a la tumba de \u201cEl Mallku\u201d, all\u00ed le entreg\u00f3 la banda de gobernador: \u201cVenimos porque el verdadero gobernador ten\u00eda que ser Felipe Quispe (El Mallku) \u00c9l se fue y como \u00e9l dec\u00eda \u201cno hay que llorar, hay que ponerse fuertes (\u2026) Vamos a cumplir con su plan de gobierno. Le quiero decir a mi padre, no voy a traicionarlo, ni a mi pueblo humilde, voy a unificar a La Paz\u201d.<\/p>\n<p>El Mallku ins\u00f3litamente no ocup\u00f3 cargos pol\u00edticos, pese a su lucha protag\u00f3nica en la insurrecci\u00f3n de la \u201cguerra del gas\u201d del 2003 que permiti\u00f3 la llegada de Evo Morales como presidente de Bolivia, ni tampoco posterior a la recuperaci\u00f3n de la democracia pos golpe de estado, pese a haber liderado los bloqueos que obligaron a Jeanine A\u00f1ez a establecer fecha electoral en la que gan\u00f3 el MAS.<\/p>\n<p>En su discurso expres\u00f3: \u201cHoy es un d\u00eda hist\u00f3rico, \u201cEl Mallku\u201d siempre estuvo a lado del pueblo sin ning\u00fan inter\u00e9s por detr\u00e1s, ha tumbado tres gobiernos presidenciales. Este \u00faltimo, ha luchado contra A\u00f1ez, sino fuera por su lucha, Evo Morales nunca hubiera podido volver al pa\u00eds, seguir\u00eda en la Argentina (\u2026) solo ped\u00eda un \u201cgracias\u201d porque nunca pidi\u00f3 un ministerio, ni una embajada porque \u00e9l era un hombre de lucha. \u00c9l dec\u00eda \u201csi yo muero, van a nacer muchos mallkus\u201d.<\/p>\n<p><strong>Alcald\u00edas de las diez ciudades m\u00e1s importantes del pa\u00eds y las concejal\u00edas<\/strong><\/p>\n<p><strong>El Alto (La Paz)<\/strong>: Eva Copa por \u201cJallalla La Paz\u201d, gan\u00f3 con el 70% de votaci\u00f3n frente a Zacar\u00edas Maquera del MAS con el 20 % y jur\u00f3 como alcaldesa del El Alto ante el grito de sus seguidores: \u201cEl alto de pie, nunca de rodillas\u201d.<\/p>\n<p><img loading=\"lazy\" decoding=\"async\" class=\"alignleft size-large wp-image-1358416\" src=\"https:\/\/www.pressenza.com\/wp-content\/uploads\/2021\/05\/evacopabol-720x480.jpg\" alt=\"\" width=\"720\" height=\"480\" srcset=\"https:\/\/www.pressenza.com\/wp-content\/uploads\/2021\/05\/evacopabol-720x480.jpg 720w, https:\/\/www.pressenza.com\/wp-content\/uploads\/2021\/05\/evacopabol-300x200.jpg 300w, https:\/\/www.pressenza.com\/wp-content\/uploads\/2021\/05\/evacopabol-768x512.jpg 768w, https:\/\/www.pressenza.com\/wp-content\/uploads\/2021\/05\/evacopabol.jpg 1271w\" sizes=\"auto, (max-width: 720px) 100vw, 720px\" \/><\/p>\n<p>La ceremonia ancestral se llev\u00f3 a cabo en la Ceja de El Alto a partir de las 8 AM,\u00a0 estuvo a cargo de un amauta andino que al entregarle el bast\u00f3n de mando a Eva Copa sostuvo: \u201cNuestra hermana valiente dio la cara por nosotros y lucho junto a los oprimidos (durante el golpe) este bast\u00f3n lo traigo de Tiwanaku de los pueblos milenarios\u201d.<\/p>\n<p>En el acto estuvieron presentes invitados internacionales: el embajador de Cuba, Nicaragua, Ecuador, M\u00e9xico, el c\u00f3nsul de Per\u00fa, el embajador de Alemania, Gran Breta\u00f1a, Rep\u00fablica Federal de Alemania, Francia, Italia, el ministro consejero de los estados americanos, la coordinadora de la Organizaci\u00f3n de las Naciones Unidas (ONU) y Alexis Dessard activista ecol\u00f3gico franc\u00e9s. A nivel nacional estuvieron comitivas de senadores y diputados del MAS de diversas regiones del pa\u00eds, familiares de v\u00edctimas de Senkata, empresarios, diversas organizaciones sociales como la FEJUVE, acad\u00e9micos de diversas universidades, representantes de D.D.H.H., etc.<\/p>\n<p>Eva copa lleg\u00f3 al palco escoltada por los \u201cPonchos Rojos\u201d y las mujeres de pollera alte\u00f1as. La recibi\u00f3 Iris Quispe presidenta del consejo municipal de El Alto y le tom\u00f3 juramento, le entreg\u00f3 la banda y el bast\u00f3n de alcaldesa. Frente al palco una gigante banda militar tocaba ante una multitud de organizaciones sociales ind\u00edgenas. Luego, se pidi\u00f3 un minuto de silencio por los ca\u00eddos en la Masacre de Senkata ocurrida en El Alto y por el fallecimiento de \u201cEl Mallku\u201d qui\u00e9n integr\u00f3 primeramente la f\u00f3rmula electoral junto a Eva Copa.<\/p>\n<p>A continuaci\u00f3n se enton\u00f3 el himno nacional de Bolivia y de El Alto y la alcaldesa se dirigi\u00f3 al p\u00fablico con un discurso que hizo un recorrido hist\u00f3rico de la lucha alte\u00f1a, se\u00f1al\u00f3 la importancia del protagonismo del pueblo en la toma de decisiones pol\u00edticas, del rol de los pol\u00edticos junto a las bases, el poder al servicio del pueblo y la importancia de la coherencia ideol\u00f3gica: \u201cLos j\u00f3venes como herederos de las luchas y conquistas tenemos el deber hist\u00f3rico de dar continuidad a esta revoluci\u00f3n y defensa de nuestros recursos naturales (\u2026) \u00a0nunca m\u00e1s debe quedar marcado el destino de nuestro pa\u00eds sin la participaci\u00f3n de las mayor\u00edas, de los verdaderos due\u00f1os de estas tierras\u201d.<\/p>\n<p>Sigui\u00f3 su alocuci\u00f3n: \u201cNuestra lucha, no es por el poder simplemente, este tiene que ser un instrumento que sirva para alcanzar nuestros objetivos, el poder debe estar al servicio del pueblo, no de las minor\u00edas, ni de los pol\u00edticos, el poder solo por obtener poder corrompe al ser humano, divide a nuestro pueblo y tergiversa nuestra lucha\u201d.<\/p>\n<p>Luego hizo una cr\u00edtica a esa \u201cc\u00fapula intelectual del MAS\u201d a los que acus\u00f3 de haber desviado el car\u00e1cter revolucionario originario del proceso de cambio: \u201cDespu\u00e9s de tantos a\u00f1os de avance de un proceso de cambio, surgen contradicciones que no podemos callar por la ambici\u00f3n de unos cuantos (\u2026) No hay coherencia entre el discurso y la pr\u00e1ctica, la pol\u00edtica se ha convertido en un trampol\u00edn de viejas estructuras de izquierda (blanca-colonial) y de derecha\u201d.<\/p>\n<p>Finalmente afirm\u00f3: \u201cEs tiempo del proceso de renovaci\u00f3n de una nueva generaci\u00f3n de nuestra amada Bolivia\u201d.<\/p>\n<p><strong>Ciudad de La Paz: <\/strong>Iv\u00e1n Arias de \u201cSomos Pueblo\u201d gan\u00f3 con el 69% frente a C\u00e9sar Dockwailer del MAS con 38%. Fue ex ministro de obras p\u00fablicas de facto de A\u00f1ez y jur\u00f3 como alcalde de la Ciudad de La Paz.<\/p>\n<p><strong>Cochabamba<\/strong>: Manfred Reyes Villa de \u201cCreemos\u201d, el golpista gan\u00f3 con el 56% frente a Nels\u00f3n Cox del MAS con el 30%. Lider\u00f3 la llamada Media Luna desde donde se llev\u00f3 a cabo el intento de golpe de estado del 2008.<\/p>\n<p><strong>Santa<\/strong> <strong>Cruz<\/strong>: Johnny Fern\u00e1ndez de Unidad C\u00edvica Solidaria (UCS) gan\u00f3 con el 35 % frente a Adriana Salvatierra del MAS con 17%, que recibi\u00f3 el \u201cvoto castigo\u201d por su cuestionado papel durante el golpe al renunciar a la presidencia del senado. Adem\u00e1s, fue acusada de no haber sido elegida para su candidatura por las bases y haber sido elegida\u00a0 a \u201cdedo\u201d.<\/p>\n<p><strong>Sucre<\/strong>: Enrique Lea\u00f1o gan\u00f3 con el 33,27% por el MAS frente al neonazi Horacio Poppe de R-2025 con el 33,07%.<\/p>\n<p><strong>Oruro<\/strong>: Adhemar Wilcarani sobrino de Evo Morales, pertenece al MAS y gan\u00f3 con el 30% frente a Marcelo Medina de \u201cSol para Oruro\u201d con el 28%.<\/p>\n<p><strong>Tarija<\/strong>: Jhonny Torres de \u201cUnidos por Tarija\u201d gan\u00f3 con el 54% frente a Rodolfo Meyer del MAS con el 25%.<\/p>\n<p><strong>Beni (Trinidad): <\/strong>Cristi\u00e1n Miguel C\u00e1mara del Movimiento Tercer Sistema (MTS) gan\u00f3 con el 28% frente a Ernesto Suarez de \u201cTodos\u201d con el 23%.<\/p>\n<p><strong>Pando (Cobija):<\/strong> Ana Luc\u00eda Reis gan\u00f3 con el 48% del Movimiento Tercer Sistema (MTS) frente a Luis Gatty Riveiro con 46%.<\/p>\n<p>Los asamble\u00edstas juraron en sus posesiones y el MAS mantiene mayor\u00eda de las asambleas legislativas a nivel nacional. Con respecto a las concejal\u00edas podemos marcar la de Iris Flores Quispe como Presidenta del Consejo Municipal de la Ciudad de El Alto con 20 a\u00f1os de edad por ser qui\u00e9n acompa\u00f1ar\u00e1 la gesti\u00f3n de Eva Copa en la alcald\u00eda m\u00e1s importante de Bolivia. Dicho consejo est\u00e1 compuesto por once concejales, tres son del MAS.<\/p>\n","protected":false},"excerpt":{"rendered":"<p>La primera semana de Mayo, asumieron y juraron los gobernadores, alcaldes, asamble\u00edstas departamentales, concejales y representantes regionales que ganaron las Elecciones Subnacionales 2021 en Bolivia, configurando el nuevo mapa de poder pol\u00edtico territorial en el pa\u00eds. Recordemos que el MAS&hellip;<\/p>\n","protected":false},"author":1876,"featured_media":1358466,"comment_status":"closed","ping_status":"closed","sticky":false,"template":"","format":"standard","meta":{"footnotes":""},"categories":[11389,74,80,67],"tags":[1646,696,29422,403,89820,90848,55209],"class_list":["post-1358414","post","type-post","status-publish","format-standard","has-post-thumbnail","hentry","category-contenido-original","category-politica-es","category-pueblos-originarios","category-sudamerica","tag-bolivia","tag-democracia","tag-el-alto","tag-elecciones","tag-eva-copa","tag-juramento-de-cargos","tag-mas-es"],"yoast_head":"<!-- This site is optimized with the Yoast SEO plugin v27.1.1 - https:\/\/yoast.com\/product\/yoast-seo-wordpress\/ -->\n<title>A seis meses del gobierno del MAS, asumen nuevas autoridades en Bolivia<\/title>\n<meta name=\"description\" content=\"La primera semana de Mayo, asumieron y juraron los gobernadores, alcaldes, asamble\u00edstas departamentales, concejales y representantes regionales que\" \/>\n<meta name=\"robots\" content=\"index, follow, max-snippet:-1, max-image-preview:large, max-video-preview:-1\" \/>\n<link rel=\"canonical\" href=\"https:\/\/www.pressenza.com\/es\/2021\/05\/a-seis-meses-del-gobierno-del-mas-asumen-nuevas-autoridades-en-bolivia\/\" \/>\n<meta property=\"og:locale\" content=\"es_ES\" \/>\n<meta property=\"og:type\" content=\"article\" \/>\n<meta property=\"og:title\" content=\"A seis meses del gobierno del MAS, asumen nuevas autoridades en Bolivia\" \/>\n<meta property=\"og:description\" content=\"La primera semana de Mayo, asumieron y juraron los gobernadores, alcaldes, asamble\u00edstas departamentales, concejales y representantes regionales que\" \/>\n<meta property=\"og:url\" content=\"https:\/\/www.pressenza.com\/es\/2021\/05\/a-seis-meses-del-gobierno-del-mas-asumen-nuevas-autoridades-en-bolivia\/\" \/>\n<meta property=\"og:site_name\" content=\"Pressenza\" \/>\n<meta property=\"article:publisher\" content=\"https:\/\/www.facebook.com\/PressenzaItalia\" \/>\n<meta property=\"article:published_time\" content=\"2021-05-11T14:31:56+00:00\" \/>\n<meta property=\"og:image\" content=\"https:\/\/www.pressenza.com\/wp-content\/uploads\/2021\/05\/49089123228_1cc90ec0a1_k.jpg\" \/>\n\t<meta property=\"og:image:width\" content=\"1920\" \/>\n\t<meta property=\"og:image:height\" content=\"1280\" \/>\n\t<meta property=\"og:image:type\" content=\"image\/jpeg\" \/>\n<meta name=\"author\" content=\"Ver\u00f3nica Zapata\" \/>\n<meta name=\"twitter:card\" content=\"summary_large_image\" \/>\n<meta name=\"twitter:creator\" content=\"@PressenzaIPA\" \/>\n<meta name=\"twitter:site\" content=\"@PressenzaIPA\" \/>\n<meta name=\"twitter:label1\" content=\"Escrito por\" \/>\n\t<meta name=\"twitter:data1\" content=\"Ver\u00f3nica Zapata\" \/>\n\t<meta name=\"twitter:label2\" content=\"Tiempo de lectura\" \/>\n\t<meta name=\"twitter:data2\" content=\"8 minutos\" \/>\n<script type=\"application\/ld+json\" class=\"yoast-schema-graph\">{\"@context\":\"https:\/\/schema.org\",\"@graph\":[{\"@type\":\"Article\",\"@id\":\"https:\/\/www.pressenza.com\/es\/2021\/05\/a-seis-meses-del-gobierno-del-mas-asumen-nuevas-autoridades-en-bolivia\/#article\",\"isPartOf\":{\"@id\":\"https:\/\/www.pressenza.com\/es\/2021\/05\/a-seis-meses-del-gobierno-del-mas-asumen-nuevas-autoridades-en-bolivia\/\"},\"author\":{\"name\":\"Ver\u00f3nica Zapata\",\"@id\":\"https:\/\/www.pressenza.com\/es\/#\/schema\/person\/741c65f7fd3dfa8b1ceba3cac04e171f\"},\"headline\":\"A seis meses del gobierno del MAS, asumen nuevas autoridades en Bolivia\",\"datePublished\":\"2021-05-11T14:31:56+00:00\",\"mainEntityOfPage\":{\"@id\":\"https:\/\/www.pressenza.com\/es\/2021\/05\/a-seis-meses-del-gobierno-del-mas-asumen-nuevas-autoridades-en-bolivia\/\"},\"wordCount\":1555,\"publisher\":{\"@id\":\"https:\/\/www.pressenza.com\/es\/#organization\"},\"image\":{\"@id\":\"https:\/\/www.pressenza.com\/es\/2021\/05\/a-seis-meses-del-gobierno-del-mas-asumen-nuevas-autoridades-en-bolivia\/#primaryimage\"},\"thumbnailUrl\":\"https:\/\/www.pressenza.com\/wp-content\/uploads\/2021\/05\/49089123228_1cc90ec0a1_k.jpg\",\"keywords\":[\"Bolivia\",\"Democracia\",\"El Alto\",\"elecciones\",\"Eva Copa\",\"juramento de cargos\",\"MAS\"],\"articleSection\":[\"Contenido Original\",\"Pol\u00edtica\",\"Pueblos Originarios\",\"Sudam\u00e9rica\"],\"inLanguage\":\"es\"},{\"@type\":\"WebPage\",\"@id\":\"https:\/\/www.pressenza.com\/es\/2021\/05\/a-seis-meses-del-gobierno-del-mas-asumen-nuevas-autoridades-en-bolivia\/\",\"url\":\"https:\/\/www.pressenza.com\/es\/2021\/05\/a-seis-meses-del-gobierno-del-mas-asumen-nuevas-autoridades-en-bolivia\/\",\"name\":\"A seis meses del gobierno del MAS, asumen nuevas autoridades en Bolivia\",\"isPartOf\":{\"@id\":\"https:\/\/www.pressenza.com\/es\/#website\"},\"primaryImageOfPage\":{\"@id\":\"https:\/\/www.pressenza.com\/es\/2021\/05\/a-seis-meses-del-gobierno-del-mas-asumen-nuevas-autoridades-en-bolivia\/#primaryimage\"},\"image\":{\"@id\":\"https:\/\/www.pressenza.com\/es\/2021\/05\/a-seis-meses-del-gobierno-del-mas-asumen-nuevas-autoridades-en-bolivia\/#primaryimage\"},\"thumbnailUrl\":\"https:\/\/www.pressenza.com\/wp-content\/uploads\/2021\/05\/49089123228_1cc90ec0a1_k.jpg\",\"datePublished\":\"2021-05-11T14:31:56+00:00\",\"description\":\"La primera semana de Mayo, asumieron y juraron los gobernadores, alcaldes, asamble\u00edstas departamentales, concejales y representantes regionales que\",\"breadcrumb\":{\"@id\":\"https:\/\/www.pressenza.com\/es\/2021\/05\/a-seis-meses-del-gobierno-del-mas-asumen-nuevas-autoridades-en-bolivia\/#breadcrumb\"},\"inLanguage\":\"es\",\"potentialAction\":[{\"@type\":\"ReadAction\",\"target\":[\"https:\/\/www.pressenza.com\/es\/2021\/05\/a-seis-meses-del-gobierno-del-mas-asumen-nuevas-autoridades-en-bolivia\/\"]}]},{\"@type\":\"ImageObject\",\"inLanguage\":\"es\",\"@id\":\"https:\/\/www.pressenza.com\/es\/2021\/05\/a-seis-meses-del-gobierno-del-mas-asumen-nuevas-autoridades-en-bolivia\/#primaryimage\",\"url\":\"https:\/\/www.pressenza.com\/wp-content\/uploads\/2021\/05\/49089123228_1cc90ec0a1_k.jpg\",\"contentUrl\":\"https:\/\/www.pressenza.com\/wp-content\/uploads\/2021\/05\/49089123228_1cc90ec0a1_k.jpg\",\"width\":1920,\"height\":1280},{\"@type\":\"BreadcrumbList\",\"@id\":\"https:\/\/www.pressenza.com\/es\/2021\/05\/a-seis-meses-del-gobierno-del-mas-asumen-nuevas-autoridades-en-bolivia\/#breadcrumb\",\"itemListElement\":[{\"@type\":\"ListItem\",\"position\":1,\"name\":\"Accueil\",\"item\":\"https:\/\/www.pressenza.com\/es\/\"},{\"@type\":\"ListItem\",\"position\":2,\"name\":\"A seis meses del gobierno del MAS, asumen nuevas autoridades en Bolivia\"}]},{\"@type\":\"WebSite\",\"@id\":\"https:\/\/www.pressenza.com\/es\/#website\",\"url\":\"https:\/\/www.pressenza.com\/es\/\",\"name\":\"Pressenza\",\"description\":\"International Press Agency\",\"publisher\":{\"@id\":\"https:\/\/www.pressenza.com\/es\/#organization\"},\"potentialAction\":[{\"@type\":\"SearchAction\",\"target\":{\"@type\":\"EntryPoint\",\"urlTemplate\":\"https:\/\/www.pressenza.com\/es\/?s={search_term_string}\"},\"query-input\":{\"@type\":\"PropertyValueSpecification\",\"valueRequired\":true,\"valueName\":\"search_term_string\"}}],\"inLanguage\":\"es\"},{\"@type\":\"Organization\",\"@id\":\"https:\/\/www.pressenza.com\/es\/#organization\",\"name\":\"Pressenza\",\"url\":\"https:\/\/www.pressenza.com\/es\/\",\"logo\":{\"@type\":\"ImageObject\",\"inLanguage\":\"es\",\"@id\":\"https:\/\/www.pressenza.com\/es\/#\/schema\/logo\/image\/\",\"url\":\"https:\/\/www.pressenza.com\/wp-content\/uploads\/2022\/10\/pressenza_logo_200x200.jpg\",\"contentUrl\":\"https:\/\/www.pressenza.com\/wp-content\/uploads\/2022\/10\/pressenza_logo_200x200.jpg\",\"width\":200,\"height\":200,\"caption\":\"Pressenza\"},\"image\":{\"@id\":\"https:\/\/www.pressenza.com\/es\/#\/schema\/logo\/image\/\"},\"sameAs\":[\"https:\/\/www.facebook.com\/PressenzaItalia\",\"https:\/\/x.com\/PressenzaIPA\"]},{\"@type\":\"Person\",\"@id\":\"https:\/\/www.pressenza.com\/es\/#\/schema\/person\/741c65f7fd3dfa8b1ceba3cac04e171f\",\"name\":\"Ver\u00f3nica Zapata\",\"description\":\"Ver\u00f3nica Zapata es periodista y psic\u00f3loga boliviana.U.B.A. Public\u00f3 en diversos medios de Bolivia, Argentina, Venezuela, Ecuador, Uruguay,etc.Tambi\u00e9n en centros acad\u00e9micos de Argentina como CLAE y FILA.\",\"url\":\"https:\/\/www.pressenza.com\/es\/author\/veronica-zapata\/\"}]}<\/script>\n<!-- \/ Yoast SEO plugin. -->","yoast_head_json":{"title":"A seis meses del gobierno del MAS, asumen nuevas autoridades en Bolivia","description":"La primera semana de Mayo, asumieron y juraron los gobernadores, alcaldes, asamble\u00edstas departamentales, concejales y representantes regionales que","robots":{"index":"index","follow":"follow","max-snippet":"max-snippet:-1","max-image-preview":"max-image-preview:large","max-video-preview":"max-video-preview:-1"},"canonical":"https:\/\/www.pressenza.com\/es\/2021\/05\/a-seis-meses-del-gobierno-del-mas-asumen-nuevas-autoridades-en-bolivia\/","og_locale":"es_ES","og_type":"article","og_title":"A seis meses del gobierno del MAS, asumen nuevas autoridades en Bolivia","og_description":"La primera semana de Mayo, asumieron y juraron los gobernadores, alcaldes, asamble\u00edstas departamentales, concejales y representantes regionales que","og_url":"https:\/\/www.pressenza.com\/es\/2021\/05\/a-seis-meses-del-gobierno-del-mas-asumen-nuevas-autoridades-en-bolivia\/","og_site_name":"Pressenza","article_publisher":"https:\/\/www.facebook.com\/PressenzaItalia","article_published_time":"2021-05-11T14:31:56+00:00","og_image":[{"width":1920,"height":1280,"url":"https:\/\/www.pressenza.com\/wp-content\/uploads\/2021\/05\/49089123228_1cc90ec0a1_k.jpg","type":"image\/jpeg"}],"author":"Ver\u00f3nica Zapata","twitter_card":"summary_large_image","twitter_creator":"@PressenzaIPA","twitter_site":"@PressenzaIPA","twitter_misc":{"Escrito por":"Ver\u00f3nica Zapata","Tiempo de lectura":"8 minutos"},"schema":{"@context":"https:\/\/schema.org","@graph":[{"@type":"Article","@id":"https:\/\/www.pressenza.com\/es\/2021\/05\/a-seis-meses-del-gobierno-del-mas-asumen-nuevas-autoridades-en-bolivia\/#article","isPartOf":{"@id":"https:\/\/www.pressenza.com\/es\/2021\/05\/a-seis-meses-del-gobierno-del-mas-asumen-nuevas-autoridades-en-bolivia\/"},"author":{"name":"Ver\u00f3nica Zapata","@id":"https:\/\/www.pressenza.com\/es\/#\/schema\/person\/741c65f7fd3dfa8b1ceba3cac04e171f"},"headline":"A seis meses del gobierno del MAS, asumen nuevas autoridades en Bolivia","datePublished":"2021-05-11T14:31:56+00:00","mainEntityOfPage":{"@id":"https:\/\/www.pressenza.com\/es\/2021\/05\/a-seis-meses-del-gobierno-del-mas-asumen-nuevas-autoridades-en-bolivia\/"},"wordCount":1555,"publisher":{"@id":"https:\/\/www.pressenza.com\/es\/#organization"},"image":{"@id":"https:\/\/www.pressenza.com\/es\/2021\/05\/a-seis-meses-del-gobierno-del-mas-asumen-nuevas-autoridades-en-bolivia\/#primaryimage"},"thumbnailUrl":"https:\/\/www.pressenza.com\/wp-content\/uploads\/2021\/05\/49089123228_1cc90ec0a1_k.jpg","keywords":["Bolivia","Democracia","El Alto","elecciones","Eva Copa","juramento de cargos","MAS"],"articleSection":["Contenido Original","Pol\u00edtica","Pueblos Originarios","Sudam\u00e9rica"],"inLanguage":"es"},{"@type":"WebPage","@id":"https:\/\/www.pressenza.com\/es\/2021\/05\/a-seis-meses-del-gobierno-del-mas-asumen-nuevas-autoridades-en-bolivia\/","url":"https:\/\/www.pressenza.com\/es\/2021\/05\/a-seis-meses-del-gobierno-del-mas-asumen-nuevas-autoridades-en-bolivia\/","name":"A seis meses del gobierno del MAS, asumen nuevas autoridades en Bolivia","isPartOf":{"@id":"https:\/\/www.pressenza.com\/es\/#website"},"primaryImageOfPage":{"@id":"https:\/\/www.pressenza.com\/es\/2021\/05\/a-seis-meses-del-gobierno-del-mas-asumen-nuevas-autoridades-en-bolivia\/#primaryimage"},"image":{"@id":"https:\/\/www.pressenza.com\/es\/2021\/05\/a-seis-meses-del-gobierno-del-mas-asumen-nuevas-autoridades-en-bolivia\/#primaryimage"},"thumbnailUrl":"https:\/\/www.pressenza.com\/wp-content\/uploads\/2021\/05\/49089123228_1cc90ec0a1_k.jpg","datePublished":"2021-05-11T14:31:56+00:00","description":"La primera semana de Mayo, asumieron y juraron los gobernadores, alcaldes, asamble\u00edstas departamentales, concejales y representantes regionales que","breadcrumb":{"@id":"https:\/\/www.pressenza.com\/es\/2021\/05\/a-seis-meses-del-gobierno-del-mas-asumen-nuevas-autoridades-en-bolivia\/#breadcrumb"},"inLanguage":"es","potentialAction":[{"@type":"ReadAction","target":["https:\/\/www.pressenza.com\/es\/2021\/05\/a-seis-meses-del-gobierno-del-mas-asumen-nuevas-autoridades-en-bolivia\/"]}]},{"@type":"ImageObject","inLanguage":"es","@id":"https:\/\/www.pressenza.com\/es\/2021\/05\/a-seis-meses-del-gobierno-del-mas-asumen-nuevas-autoridades-en-bolivia\/#primaryimage","url":"https:\/\/www.pressenza.com\/wp-content\/uploads\/2021\/05\/49089123228_1cc90ec0a1_k.jpg","contentUrl":"https:\/\/www.pressenza.com\/wp-content\/uploads\/2021\/05\/49089123228_1cc90ec0a1_k.jpg","width":1920,"height":1280},{"@type":"BreadcrumbList","@id":"https:\/\/www.pressenza.com\/es\/2021\/05\/a-seis-meses-del-gobierno-del-mas-asumen-nuevas-autoridades-en-bolivia\/#breadcrumb","itemListElement":[{"@type":"ListItem","position":1,"name":"Accueil","item":"https:\/\/www.pressenza.com\/es\/"},{"@type":"ListItem","position":2,"name":"A seis meses del gobierno del MAS, asumen nuevas autoridades en Bolivia"}]},{"@type":"WebSite","@id":"https:\/\/www.pressenza.com\/es\/#website","url":"https:\/\/www.pressenza.com\/es\/","name":"Pressenza","description":"International Press Agency","publisher":{"@id":"https:\/\/www.pressenza.com\/es\/#organization"},"potentialAction":[{"@type":"SearchAction","target":{"@type":"EntryPoint","urlTemplate":"https:\/\/www.pressenza.com\/es\/?s={search_term_string}"},"query-input":{"@type":"PropertyValueSpecification","valueRequired":true,"valueName":"search_term_string"}}],"inLanguage":"es"},{"@type":"Organization","@id":"https:\/\/www.pressenza.com\/es\/#organization","name":"Pressenza","url":"https:\/\/www.pressenza.com\/es\/","logo":{"@type":"ImageObject","inLanguage":"es","@id":"https:\/\/www.pressenza.com\/es\/#\/schema\/logo\/image\/","url":"https:\/\/www.pressenza.com\/wp-content\/uploads\/2022\/10\/pressenza_logo_200x200.jpg","contentUrl":"https:\/\/www.pressenza.com\/wp-content\/uploads\/2022\/10\/pressenza_logo_200x200.jpg","width":200,"height":200,"caption":"Pressenza"},"image":{"@id":"https:\/\/www.pressenza.com\/es\/#\/schema\/logo\/image\/"},"sameAs":["https:\/\/www.facebook.com\/PressenzaItalia","https:\/\/x.com\/PressenzaIPA"]},{"@type":"Person","@id":"https:\/\/www.pressenza.com\/es\/#\/schema\/person\/741c65f7fd3dfa8b1ceba3cac04e171f","name":"Ver\u00f3nica Zapata","description":"Ver\u00f3nica Zapata es periodista y psic\u00f3loga boliviana.U.B.A. Public\u00f3 en diversos medios de Bolivia, Argentina, Venezuela, Ecuador, Uruguay,etc.Tambi\u00e9n en centros acad\u00e9micos de Argentina como CLAE y FILA.","url":"https:\/\/www.pressenza.com\/es\/author\/veronica-zapata\/"}]}},"place":"La Paz, Bolivia","original_article_url":"","_links":{"self":[{"href":"https:\/\/www.pressenza.com\/es\/wp-json\/wp\/v2\/posts\/1358414","targetHints":{"allow":["GET"]}}],"collection":[{"href":"https:\/\/www.pressenza.com\/es\/wp-json\/wp\/v2\/posts"}],"about":[{"href":"https:\/\/www.pressenza.com\/es\/wp-json\/wp\/v2\/types\/post"}],"author":[{"embeddable":true,"href":"https:\/\/www.pressenza.com\/es\/wp-json\/wp\/v2\/users\/1876"}],"replies":[{"embeddable":true,"href":"https:\/\/www.pressenza.com\/es\/wp-json\/wp\/v2\/comments?post=1358414"}],"version-history":[{"count":0,"href":"https:\/\/www.pressenza.com\/es\/wp-json\/wp\/v2\/posts\/1358414\/revisions"}],"wp:featuredmedia":[{"embeddable":true,"href":"https:\/\/www.pressenza.com\/es\/wp-json\/wp\/v2\/media\/1358466"}],"wp:attachment":[{"href":"https:\/\/www.pressenza.com\/es\/wp-json\/wp\/v2\/media?parent=1358414"}],"wp:term":[{"taxonomy":"category","embeddable":true,"href":"https:\/\/www.pressenza.com\/es\/wp-json\/wp\/v2\/categories?post=1358414"},{"taxonomy":"post_tag","embeddable":true,"href":"https:\/\/www.pressenza.com\/es\/wp-json\/wp\/v2\/tags?post=1358414"}],"curies":[{"name":"wp","href":"https:\/\/api.w.org\/{rel}","templated":true}]}}