{"id":135654,"date":"2014-09-30T17:04:02","date_gmt":"2014-09-30T16:04:02","guid":{"rendered":"http:\/\/www.pressenza.com\/?p=135654"},"modified":"2014-09-30T17:04:02","modified_gmt":"2014-09-30T16:04:02","slug":"elap-2014-empoderar-las-audiencias-es-clave-para-evitar-intentos-desestabilizadores","status":"publish","type":"post","link":"https:\/\/www.pressenza.com\/es\/2014\/09\/elap-2014-empoderar-las-audiencias-es-clave-para-evitar-intentos-desestabilizadores\/","title":{"rendered":"ELAP 2014: Empoderar a las audiencias es clave para evitar intentos desestabilizadores"},"content":{"rendered":"<p>Los procesos de transformaci\u00f3n social y cambio pol\u00edtico en nuestra Am\u00e9rica no solo enfrentan la oposici\u00f3n de los poderes f\u00e1cticos, sino tambi\u00e9n de los medios de comunicaci\u00f3n mercantilistas que promueven agendas de desestabilizaci\u00f3n pol\u00edtica contra los l\u00edderes progresistas y los pueblos soberanos.<\/p>\n<p>&nbsp;<\/p>\n<p>Ejemplo de ello fue el golpe de Estado contra el comandante y Presidente de Venezuela, Hugo Ch\u00e1vez Fr\u00edas, en 2002; as\u00ed como el intento de golpe contra nuestro compa\u00f1ero Presidente Rafael Correa, el 30 de septiembre de 2010.<\/p>\n<p>&nbsp;<\/p>\n<p>Esos eventos fueron analizados durante el debate de la Mesa 3 del Encuentro Latinoamericano Progresista (ELAP-2014) denominada \u201cMedios de Comunicaci\u00f3n: entre el bien p\u00fablico y la desestabilizaci\u00f3n\u201d, realizada la tarde de este 29 de septiembre en la Sala Benjam\u00edn Carri\u00f3n de la Casa de la Cultura Ecuatoriana (CCE) de Quito.<\/p>\n<p>&nbsp;<\/p>\n<p>El foro estuvo integrado por Antoni Guti\u00e9rrez Rub\u00ed (Espa\u00f1a), Ernesto Villegas (Venezuela), Jorge Drkos (Argentina) y Omar Garc\u00eda (Cuba). El panel fue moderado por Orlando P\u00e9rez, Director del\u00a0 diario p\u00fablico El Tel\u00e9grafo.<\/p>\n<p>&nbsp;<\/p>\n<p>Antoni Guti\u00e9rrez Rub\u00ed inici\u00f3 la exposici\u00f3n relacionada con la influencia y posicionamiento de internet en Am\u00e9rica Latina para pasar de la opini\u00f3n publicada a la opini\u00f3n compartida. \u201cEl internet ha permitido el desplazamiento de qui\u00e9n construye la agenda. El lector o elector pas\u00f3 de ser receptor de los mensajes de los medios a ser protagonista y poner la agenda\u201d. Puntualiz\u00f3 que los desaf\u00edos de un proyecto pol\u00edtico de cambio es ganar la conversaci\u00f3n ciudadana.<\/p>\n<p>&nbsp;<\/p>\n<p>Ernesto Villegas, ex Secretario de Informaci\u00f3n del Gobierno de Hugo Ch\u00e1vez, pas\u00f3 revista a los acontecimientos ocurridos en Venezuela en 2002 y\u00a0 destac\u00f3 que los medios de comunicaci\u00f3n han sido actores centrales de la desestabilizaci\u00f3n contra el gobierno bolivariano. \u201cEstamos conscientes y no nos dejaremos arrebatar nuestro proyecto pol\u00edtico: \u201cCh\u00e1vez vive, la lucha sigue\u201d, puntualiz\u00f3.<\/p>\n<p>La ponencia del argentino Jorge Drkos, hizo una reflexi\u00f3n sobre \u201clos medios de comunicaci\u00f3n como empresas comerciales\u201d. Puso como ejemplo el monopolio de Grupo \u201cEl Clar\u00edn\u201d, principal peri\u00f3dico de Argentina y que posee 270 se\u00f1ales de cable en toda la naci\u00f3n. Esto les facilita, dijo, generar presi\u00f3n contra el gobierno. \u201cEl continente inici\u00f3 un camino muy dif\u00edcil de detener, luchar con los medios de comunicaci\u00f3n es para que todos tengamos acceso a la palabra\u201d, concluy\u00f3.<\/p>\n<p>&nbsp;<\/p>\n<p>Omar Garc\u00eda, delegado del Partido Comunista de Cuba, se\u00f1al\u00f3 que es fundamental para los procesos de cambio neutralizar las industrias culturales del capitalismo extremo promovidas por los medios de comunicaci\u00f3n transnacionales.<\/p>\n<p>&nbsp;<\/p>\n<p>Esta fue una de las mesas que capt\u00f3 m\u00e1s atenci\u00f3n de los asistentes. Una de las conclusiones fue que para superar esa hegemon\u00eda de los medios mercantilistas no solo es necesario aprobar leyes que regulen el sector sino sobre todo empoderar a la ciudadan\u00eda de las herramientas necesarias para \u201ctener su propia voz\u201d.<\/p>\n<p>&nbsp;<\/p>\n<p><em>Fuente: Noticias ELAP 2014<\/em><\/p>\n","protected":false},"excerpt":{"rendered":"<p>Los procesos de transformaci\u00f3n social y cambio pol\u00edtico en nuestra Am\u00e9rica no solo enfrentan la oposici\u00f3n de los poderes f\u00e1cticos, sino tambi\u00e9n de los medios de comunicaci\u00f3n mercantilistas que promueven agendas de desestabilizaci\u00f3n pol\u00edtica contra los l\u00edderes progresistas y los&hellip;<\/p>\n","protected":false},"author":1011,"featured_media":0,"comment_status":"closed","ping_status":"open","sticky":false,"template":"","format":"standard","meta":{"footnotes":""},"categories":[75,74,67],"tags":[],"class_list":["post-135654","post","type-post","status-publish","format-standard","hentry","category-cultura-es","category-politica-es","category-sudamerica"],"yoast_head":"<!-- This site is optimized with the Yoast SEO plugin v27.1.1 - https:\/\/yoast.com\/product\/yoast-seo-wordpress\/ -->\n<title>ELAP 2014: Empoderar a las audiencias es clave para evitar intentos desestabilizadores<\/title>\n<meta name=\"description\" content=\"Los procesos de transformaci\u00f3n social y cambio pol\u00edtico en nuestra Am\u00e9rica no solo enfrentan la oposici\u00f3n de los poderes f\u00e1cticos, sino tambi\u00e9n de los\" \/>\n<meta name=\"robots\" content=\"index, follow, max-snippet:-1, max-image-preview:large, max-video-preview:-1\" \/>\n<link rel=\"canonical\" href=\"https:\/\/www.pressenza.com\/es\/2014\/09\/elap-2014-empoderar-las-audiencias-es-clave-para-evitar-intentos-desestabilizadores\/\" \/>\n<meta property=\"og:locale\" content=\"es_ES\" \/>\n<meta property=\"og:type\" content=\"article\" \/>\n<meta property=\"og:title\" content=\"ELAP 2014: Empoderar a las audiencias es clave para evitar intentos desestabilizadores\" \/>\n<meta property=\"og:description\" content=\"Los procesos de transformaci\u00f3n social y cambio pol\u00edtico en nuestra Am\u00e9rica no solo enfrentan la oposici\u00f3n de los poderes f\u00e1cticos, sino tambi\u00e9n de los\" \/>\n<meta property=\"og:url\" content=\"https:\/\/www.pressenza.com\/es\/2014\/09\/elap-2014-empoderar-las-audiencias-es-clave-para-evitar-intentos-desestabilizadores\/\" \/>\n<meta property=\"og:site_name\" content=\"Pressenza\" \/>\n<meta property=\"article:publisher\" content=\"https:\/\/www.facebook.com\/PressenzaItalia\" \/>\n<meta property=\"article:published_time\" content=\"2014-09-30T16:04:02+00:00\" \/>\n<meta name=\"author\" content=\"Redacci\u00f3n Ecuador\" \/>\n<meta name=\"twitter:card\" content=\"summary_large_image\" \/>\n<meta name=\"twitter:creator\" content=\"@PressenzaIPA\" \/>\n<meta name=\"twitter:site\" content=\"@PressenzaIPA\" \/>\n<meta name=\"twitter:label1\" content=\"Escrito por\" \/>\n\t<meta name=\"twitter:data1\" content=\"Redacci\u00f3n Ecuador\" \/>\n\t<meta name=\"twitter:label2\" content=\"Tiempo de lectura\" \/>\n\t<meta name=\"twitter:data2\" content=\"3 minutos\" \/>\n<script type=\"application\/ld+json\" class=\"yoast-schema-graph\">{\"@context\":\"https:\/\/schema.org\",\"@graph\":[{\"@type\":\"Article\",\"@id\":\"https:\/\/www.pressenza.com\/es\/2014\/09\/elap-2014-empoderar-las-audiencias-es-clave-para-evitar-intentos-desestabilizadores\/#article\",\"isPartOf\":{\"@id\":\"https:\/\/www.pressenza.com\/es\/2014\/09\/elap-2014-empoderar-las-audiencias-es-clave-para-evitar-intentos-desestabilizadores\/\"},\"author\":{\"name\":\"Redacci\u00f3n Ecuador\",\"@id\":\"https:\/\/www.pressenza.com\/es\/#\/schema\/person\/883a735c40665759bcc6fe0c26bcb46f\"},\"headline\":\"ELAP 2014: Empoderar a las audiencias es clave para evitar intentos desestabilizadores\",\"datePublished\":\"2014-09-30T16:04:02+00:00\",\"mainEntityOfPage\":{\"@id\":\"https:\/\/www.pressenza.com\/es\/2014\/09\/elap-2014-empoderar-las-audiencias-es-clave-para-evitar-intentos-desestabilizadores\/\"},\"wordCount\":520,\"publisher\":{\"@id\":\"https:\/\/www.pressenza.com\/es\/#organization\"},\"articleSection\":[\"Cultura y Medios\",\"Pol\u00edtica\",\"Sudam\u00e9rica\"],\"inLanguage\":\"es\"},{\"@type\":\"WebPage\",\"@id\":\"https:\/\/www.pressenza.com\/es\/2014\/09\/elap-2014-empoderar-las-audiencias-es-clave-para-evitar-intentos-desestabilizadores\/\",\"url\":\"https:\/\/www.pressenza.com\/es\/2014\/09\/elap-2014-empoderar-las-audiencias-es-clave-para-evitar-intentos-desestabilizadores\/\",\"name\":\"ELAP 2014: Empoderar a las audiencias es clave para evitar intentos desestabilizadores\",\"isPartOf\":{\"@id\":\"https:\/\/www.pressenza.com\/es\/#website\"},\"datePublished\":\"2014-09-30T16:04:02+00:00\",\"description\":\"Los procesos de transformaci\u00f3n social y cambio pol\u00edtico en nuestra Am\u00e9rica no solo enfrentan la oposici\u00f3n de los poderes f\u00e1cticos, sino tambi\u00e9n de los\",\"breadcrumb\":{\"@id\":\"https:\/\/www.pressenza.com\/es\/2014\/09\/elap-2014-empoderar-las-audiencias-es-clave-para-evitar-intentos-desestabilizadores\/#breadcrumb\"},\"inLanguage\":\"es\",\"potentialAction\":[{\"@type\":\"ReadAction\",\"target\":[\"https:\/\/www.pressenza.com\/es\/2014\/09\/elap-2014-empoderar-las-audiencias-es-clave-para-evitar-intentos-desestabilizadores\/\"]}]},{\"@type\":\"BreadcrumbList\",\"@id\":\"https:\/\/www.pressenza.com\/es\/2014\/09\/elap-2014-empoderar-las-audiencias-es-clave-para-evitar-intentos-desestabilizadores\/#breadcrumb\",\"itemListElement\":[{\"@type\":\"ListItem\",\"position\":1,\"name\":\"Accueil\",\"item\":\"https:\/\/www.pressenza.com\/es\/\"},{\"@type\":\"ListItem\",\"position\":2,\"name\":\"ELAP 2014: Empoderar a las audiencias es clave para evitar intentos desestabilizadores\"}]},{\"@type\":\"WebSite\",\"@id\":\"https:\/\/www.pressenza.com\/es\/#website\",\"url\":\"https:\/\/www.pressenza.com\/es\/\",\"name\":\"Pressenza\",\"description\":\"International Press Agency\",\"publisher\":{\"@id\":\"https:\/\/www.pressenza.com\/es\/#organization\"},\"potentialAction\":[{\"@type\":\"SearchAction\",\"target\":{\"@type\":\"EntryPoint\",\"urlTemplate\":\"https:\/\/www.pressenza.com\/es\/?s={search_term_string}\"},\"query-input\":{\"@type\":\"PropertyValueSpecification\",\"valueRequired\":true,\"valueName\":\"search_term_string\"}}],\"inLanguage\":\"es\"},{\"@type\":\"Organization\",\"@id\":\"https:\/\/www.pressenza.com\/es\/#organization\",\"name\":\"Pressenza\",\"url\":\"https:\/\/www.pressenza.com\/es\/\",\"logo\":{\"@type\":\"ImageObject\",\"inLanguage\":\"es\",\"@id\":\"https:\/\/www.pressenza.com\/es\/#\/schema\/logo\/image\/\",\"url\":\"https:\/\/www.pressenza.com\/wp-content\/uploads\/2022\/10\/pressenza_logo_200x200.jpg\",\"contentUrl\":\"https:\/\/www.pressenza.com\/wp-content\/uploads\/2022\/10\/pressenza_logo_200x200.jpg\",\"width\":200,\"height\":200,\"caption\":\"Pressenza\"},\"image\":{\"@id\":\"https:\/\/www.pressenza.com\/es\/#\/schema\/logo\/image\/\"},\"sameAs\":[\"https:\/\/www.facebook.com\/PressenzaItalia\",\"https:\/\/x.com\/PressenzaIPA\"]},{\"@type\":\"Person\",\"@id\":\"https:\/\/www.pressenza.com\/es\/#\/schema\/person\/883a735c40665759bcc6fe0c26bcb46f\",\"name\":\"Redacci\u00f3n Ecuador\",\"description\":\"News published by the Pressenza bureau in Quito, Ecuador\",\"url\":\"https:\/\/www.pressenza.com\/es\/author\/redaccion-ecuador\/\"}]}<\/script>\n<!-- \/ Yoast SEO plugin. -->","yoast_head_json":{"title":"ELAP 2014: Empoderar a las audiencias es clave para evitar intentos desestabilizadores","description":"Los procesos de transformaci\u00f3n social y cambio pol\u00edtico en nuestra Am\u00e9rica no solo enfrentan la oposici\u00f3n de los poderes f\u00e1cticos, sino tambi\u00e9n de los","robots":{"index":"index","follow":"follow","max-snippet":"max-snippet:-1","max-image-preview":"max-image-preview:large","max-video-preview":"max-video-preview:-1"},"canonical":"https:\/\/www.pressenza.com\/es\/2014\/09\/elap-2014-empoderar-las-audiencias-es-clave-para-evitar-intentos-desestabilizadores\/","og_locale":"es_ES","og_type":"article","og_title":"ELAP 2014: Empoderar a las audiencias es clave para evitar intentos desestabilizadores","og_description":"Los procesos de transformaci\u00f3n social y cambio pol\u00edtico en nuestra Am\u00e9rica no solo enfrentan la oposici\u00f3n de los poderes f\u00e1cticos, sino tambi\u00e9n de los","og_url":"https:\/\/www.pressenza.com\/es\/2014\/09\/elap-2014-empoderar-las-audiencias-es-clave-para-evitar-intentos-desestabilizadores\/","og_site_name":"Pressenza","article_publisher":"https:\/\/www.facebook.com\/PressenzaItalia","article_published_time":"2014-09-30T16:04:02+00:00","author":"Redacci\u00f3n Ecuador","twitter_card":"summary_large_image","twitter_creator":"@PressenzaIPA","twitter_site":"@PressenzaIPA","twitter_misc":{"Escrito por":"Redacci\u00f3n Ecuador","Tiempo de lectura":"3 minutos"},"schema":{"@context":"https:\/\/schema.org","@graph":[{"@type":"Article","@id":"https:\/\/www.pressenza.com\/es\/2014\/09\/elap-2014-empoderar-las-audiencias-es-clave-para-evitar-intentos-desestabilizadores\/#article","isPartOf":{"@id":"https:\/\/www.pressenza.com\/es\/2014\/09\/elap-2014-empoderar-las-audiencias-es-clave-para-evitar-intentos-desestabilizadores\/"},"author":{"name":"Redacci\u00f3n Ecuador","@id":"https:\/\/www.pressenza.com\/es\/#\/schema\/person\/883a735c40665759bcc6fe0c26bcb46f"},"headline":"ELAP 2014: Empoderar a las audiencias es clave para evitar intentos desestabilizadores","datePublished":"2014-09-30T16:04:02+00:00","mainEntityOfPage":{"@id":"https:\/\/www.pressenza.com\/es\/2014\/09\/elap-2014-empoderar-las-audiencias-es-clave-para-evitar-intentos-desestabilizadores\/"},"wordCount":520,"publisher":{"@id":"https:\/\/www.pressenza.com\/es\/#organization"},"articleSection":["Cultura y Medios","Pol\u00edtica","Sudam\u00e9rica"],"inLanguage":"es"},{"@type":"WebPage","@id":"https:\/\/www.pressenza.com\/es\/2014\/09\/elap-2014-empoderar-las-audiencias-es-clave-para-evitar-intentos-desestabilizadores\/","url":"https:\/\/www.pressenza.com\/es\/2014\/09\/elap-2014-empoderar-las-audiencias-es-clave-para-evitar-intentos-desestabilizadores\/","name":"ELAP 2014: Empoderar a las audiencias es clave para evitar intentos desestabilizadores","isPartOf":{"@id":"https:\/\/www.pressenza.com\/es\/#website"},"datePublished":"2014-09-30T16:04:02+00:00","description":"Los procesos de transformaci\u00f3n social y cambio pol\u00edtico en nuestra Am\u00e9rica no solo enfrentan la oposici\u00f3n de los poderes f\u00e1cticos, sino tambi\u00e9n de los","breadcrumb":{"@id":"https:\/\/www.pressenza.com\/es\/2014\/09\/elap-2014-empoderar-las-audiencias-es-clave-para-evitar-intentos-desestabilizadores\/#breadcrumb"},"inLanguage":"es","potentialAction":[{"@type":"ReadAction","target":["https:\/\/www.pressenza.com\/es\/2014\/09\/elap-2014-empoderar-las-audiencias-es-clave-para-evitar-intentos-desestabilizadores\/"]}]},{"@type":"BreadcrumbList","@id":"https:\/\/www.pressenza.com\/es\/2014\/09\/elap-2014-empoderar-las-audiencias-es-clave-para-evitar-intentos-desestabilizadores\/#breadcrumb","itemListElement":[{"@type":"ListItem","position":1,"name":"Accueil","item":"https:\/\/www.pressenza.com\/es\/"},{"@type":"ListItem","position":2,"name":"ELAP 2014: Empoderar a las audiencias es clave para evitar intentos desestabilizadores"}]},{"@type":"WebSite","@id":"https:\/\/www.pressenza.com\/es\/#website","url":"https:\/\/www.pressenza.com\/es\/","name":"Pressenza","description":"International Press Agency","publisher":{"@id":"https:\/\/www.pressenza.com\/es\/#organization"},"potentialAction":[{"@type":"SearchAction","target":{"@type":"EntryPoint","urlTemplate":"https:\/\/www.pressenza.com\/es\/?s={search_term_string}"},"query-input":{"@type":"PropertyValueSpecification","valueRequired":true,"valueName":"search_term_string"}}],"inLanguage":"es"},{"@type":"Organization","@id":"https:\/\/www.pressenza.com\/es\/#organization","name":"Pressenza","url":"https:\/\/www.pressenza.com\/es\/","logo":{"@type":"ImageObject","inLanguage":"es","@id":"https:\/\/www.pressenza.com\/es\/#\/schema\/logo\/image\/","url":"https:\/\/www.pressenza.com\/wp-content\/uploads\/2022\/10\/pressenza_logo_200x200.jpg","contentUrl":"https:\/\/www.pressenza.com\/wp-content\/uploads\/2022\/10\/pressenza_logo_200x200.jpg","width":200,"height":200,"caption":"Pressenza"},"image":{"@id":"https:\/\/www.pressenza.com\/es\/#\/schema\/logo\/image\/"},"sameAs":["https:\/\/www.facebook.com\/PressenzaItalia","https:\/\/x.com\/PressenzaIPA"]},{"@type":"Person","@id":"https:\/\/www.pressenza.com\/es\/#\/schema\/person\/883a735c40665759bcc6fe0c26bcb46f","name":"Redacci\u00f3n Ecuador","description":"News published by the Pressenza bureau in Quito, Ecuador","url":"https:\/\/www.pressenza.com\/es\/author\/redaccion-ecuador\/"}]}},"place":"","original_article_url":"","_links":{"self":[{"href":"https:\/\/www.pressenza.com\/es\/wp-json\/wp\/v2\/posts\/135654","targetHints":{"allow":["GET"]}}],"collection":[{"href":"https:\/\/www.pressenza.com\/es\/wp-json\/wp\/v2\/posts"}],"about":[{"href":"https:\/\/www.pressenza.com\/es\/wp-json\/wp\/v2\/types\/post"}],"author":[{"embeddable":true,"href":"https:\/\/www.pressenza.com\/es\/wp-json\/wp\/v2\/users\/1011"}],"replies":[{"embeddable":true,"href":"https:\/\/www.pressenza.com\/es\/wp-json\/wp\/v2\/comments?post=135654"}],"version-history":[{"count":0,"href":"https:\/\/www.pressenza.com\/es\/wp-json\/wp\/v2\/posts\/135654\/revisions"}],"wp:attachment":[{"href":"https:\/\/www.pressenza.com\/es\/wp-json\/wp\/v2\/media?parent=135654"}],"wp:term":[{"taxonomy":"category","embeddable":true,"href":"https:\/\/www.pressenza.com\/es\/wp-json\/wp\/v2\/categories?post=135654"},{"taxonomy":"post_tag","embeddable":true,"href":"https:\/\/www.pressenza.com\/es\/wp-json\/wp\/v2\/tags?post=135654"}],"curies":[{"name":"wp","href":"https:\/\/api.w.org\/{rel}","templated":true}]}}