{"id":1356,"date":"2009-09-17T00:00:00","date_gmt":"2009-09-17T00:00:00","guid":{"rendered":""},"modified":"2009-09-28T05:01:04","modified_gmt":"2009-09-28T05:01:04","slug":"el-congreso-de-argentina-reemplaza-la-ley-de-medios-de-comunicacixn-de-la-dictadura-militar","status":"publish","type":"post","link":"https:\/\/www.pressenza.com\/es\/2009\/09\/el-congreso-de-argentina-reemplaza-la-ley-de-medios-de-comunicacixn-de-la-dictadura-militar\/","title":{"rendered":"El Congreso de Argentina reemplaza la Ley de Medios de Comunicaci\u00f3n de la Dictadura Militar"},"content":{"rendered":"<p>El proyecto de ley fue elaborado durante cinco a\u00f1os por la Coalici\u00f3n para una Radiofusi\u00f3n Democr\u00e1tica (www.coalicion.org.ar), un colectivo independiente conformado por Universidades, periodistas, cient\u00edficos, medios de comunicaci\u00f3n, premios nobel, asociaciones profesionales y otras instituciones de la sociedad civil, inspir\u00e1ndose en los aportes y recomendaciones de organismos internacionales como la Corte Interamericana de Derechos Humanos (CIDH) y la Organizaci\u00f3n de Estados Americanos (OEA),<\/p>\n<p>Tras m\u00e1s de trece horas de debate y despu\u00e9s de la aprobaci\u00f3n en general, los diputados debat\u00edan en las primeras horas de hoy cada art\u00edculo de la iniciativa en particular.<\/p>\n<p>\u201dControlar a los medios\u201d, \u201cDuro ataque a la prensa\u201d, \u201cIntimidaci\u00f3n\u201d y \u201cCensura\u201d han ocupado la primara plana de los diarios que no se opusieron el 15 de setiembre de 1980  al Decreto ley 22.285 de la Dictadura Militar hoy vigente, modificado luego por varios decretos del Ex Presidente Carlos Menem. Esa normativa hab\u00eda permitido una concentraci\u00f3n econ\u00f3mica tal que habilit\u00f3, por ejemplo, a que una sola persona sea titular de 24 licencias de radio y TV, a que la autoridad de aplicaci\u00f3n est\u00e9 integrada por los servicios de \u201cInteligencia\u201d de las tres armas, por un interventor del Comit\u00e9 Federal de Radiodifusi\u00f3n elegido a dedo por el Presidente, y por empresarios beneficiarios de las licencias, tambi\u00e9n propietarios de los grandes medios de comunicaci\u00f3n, que han organizado una campa\u00f1a de desinformaci\u00f3n para defender sus intereses en las \u00faltimas semanas.<\/p>\n<p>\u201cEsta propuesta de ley es un modelo \u00fanico en el mundo y ejemplo para todos los dem\u00e1s pa\u00edses, en virtud de que garantiza el acceso de todos los sectores a las frecuencias de Radio y Televisi\u00f3n, manteniendo el principio de pluralismo y diversidad en el ejercicio de la libertad de expresi\u00f3n\u201d, se\u00f1al\u00f3 el guatemalteco Frank La Rue quien fuera elegido el 18 de junio de 2008 relator de la Organizaci\u00f3n de Naciones Unidas (ONU) con el encargo de redactar un informe anual para el Consejo, sobre la situaci\u00f3n de la libertad de expresi\u00f3n y para recibir las denuncias sobre violaciones en contra de este derecho.<\/p>\n<p>Aidan White, Secretario General de la Federaci\u00f3n Internacional de Periodistas (FIP), que cuenta con 120 organizaciones miembros y representa a m\u00e1s de 600 mil periodistas de los cinco continentes manifest\u00f3 que  \u201crespalda plenamente el proyecto de Ley de Servicios de Comunicaci\u00f3n Audiovisual, que representa un decisivo avance para la consolidaci\u00f3n del sistema democr\u00e1tico\u201d.<\/p>\n<p>Nacido en el barrio de Creggan, en Derry City, Irlanda del Norte en 1951, White es desde 1987 Secretario General de La Federaci\u00f3n Internacional de Periodistas (IFJ). Previamente trabaj\u00f3 en varios peri\u00f3dicos en el Reino Unido y en The Guardian en Londres antes de llegar a la IFJ. Es un antiguo defensor de los derechos de los periodistas participando como activista en la Uni\u00f3n Nacional de Periodistas en Gran Breta\u00f1a e Irlanda.<\/p>\n<p>Al abrir el debate dado el pasado m\u00edercoles en el Congreso argentino, el titular de la Comisi\u00f3n de Comunicaciones, Manuel Baladr\u00f3n, dijo que se trata del proyecto que, \u00abjunto a la Ley Federal de Educaci\u00f3n, ha llegado al Congreso Nacional con m\u00e1s aire fresco de consenso de distintos sectores\u00bb, fruto de los foros de debate realizados en todo el pa\u00eds. Agreg\u00f3 adem\u00e1s que busca saldar \u00abuna vieja deuda\u00bb del Congreso con la Sociedad. \u00abEstamos tocando intereses poderosos que se sent\u00edan impunes y usaban todo tipo de elementos para impedir que una nueva ley regule los medios so pretexto de afectar la libertad de expresi\u00f3n\u201d, manifest\u00f3 el diputado. <\/p>\n<p>Desde Di\u00e1logo por Buenos Aires, el Diputado periodista y escritor Miguel Bonasso, insisti\u00f3 en que el Parlamento debe tener \u00abel control de la Autoridad de Aplicaci\u00f3n\u00bb se mostr\u00f3 en contra del proyecto y dijo que no ve\u00eda que se establecieran en la norma \u00ablos mecanismos para competir con eficiencia contra los medios concentrados\u00bb.<\/p>\n<p>Jos\u00e9 Brillo, del MPN, rechaz\u00f3 la iniciativa porque, sostuvo, \u00abafecta la seguridad jur\u00eddica y las inversiones realizadas en un marco normativo prefijado\u00bb y cuestion\u00f3 la \u00abestructura\u00bb de la Autoridad de Aplicaci\u00f3n porque, afirm\u00f3 que \u00absu funcionamiento no garantiza condiciones de una organizaci\u00f3n aut\u00f3noma e independiente\u00bb.<\/p>\n<p>En el cierre del debate, el presidente de la bancada oficialista, Agust\u00edn Rossi, enfatiz\u00f3: \u00abcomprendemos lo que dicen algunos diputados de otros bloques e incluso de nuestra propia bancada con respecto a los tiempos para tratar la ley; pero hab\u00eda y hay muchas presiones, descalificaciones y amenazas, por eso el tiempo no es un tema inocuo\u00bb<\/p>\n<p>\u00abPor ejemplo las audiencias p\u00fablicas que realizamos desaparecieron durante varias horas de muchos canales de noticias; y a mayor tiempo que transcurr\u00eda, la presi\u00f3n que se ejerc\u00eda y que se ejerce -sobre los legisladores- iba a tener m\u00e1s posibilidades de concretarse\u00bb.<\/p>\n","protected":false},"excerpt":{"rendered":"<p>El proyecto de ley elaborado durante cinco a\u00f1os por la \u201cCoalici\u00f3n para una Radiodifusi\u00f3n Democr\u00e1tica,\u201d  fue aprobado en la noche del mi\u00e9rcoles. Los diputados debat\u00edan en las primeras horas de hoy cada art\u00edculo de la iniciativa en particular.\u201cEsta propuesta de ley es un modelo \u00fanico en el mundo y ejemplo para todos los dem\u00e1s pa\u00edses\u201d Afirm\u00f3 el Guatemalteco Frank La Rue <\/p>\n","protected":false},"author":19,"featured_media":0,"comment_status":"closed","ping_status":"open","sticky":false,"template":"","format":"standard","meta":{"footnotes":""},"categories":[74,67],"tags":[],"class_list":["post-1356","post","type-post","status-publish","format-standard","hentry","category-politica-es","category-sudamerica"],"yoast_head":"<!-- This site is optimized with the Yoast SEO plugin v27.1.1 - https:\/\/yoast.com\/product\/yoast-seo-wordpress\/ -->\n<title>El Congreso de Argentina reemplaza la Ley de Medios de Comunicaci\u00f3n de la Dictadura Militar<\/title>\n<meta name=\"description\" content=\"El proyecto de ley elaborado durante cinco a\u00f1os por la \u201cCoalici\u00f3n para una Radiodifusi\u00f3n Democr\u00e1tica,\u201d fue aprobado en la noche del mi\u00e9rcoles. Los diputados debat\u00edan en las primeras horas de hoy cada art\u00edculo de la iniciativa en particular.\u201cEsta propuesta de ley es un modelo \u00fanico en el mundo y ejemplo para todos los dem\u00e1s pa\u00edses\u201d Afirm\u00f3 el Guatemalteco Frank La Rue\" \/>\n<meta name=\"robots\" content=\"index, follow, max-snippet:-1, max-image-preview:large, max-video-preview:-1\" \/>\n<link rel=\"canonical\" href=\"https:\/\/www.pressenza.com\/es\/2009\/09\/el-congreso-de-argentina-reemplaza-la-ley-de-medios-de-comunicacixn-de-la-dictadura-militar\/\" \/>\n<meta property=\"og:locale\" content=\"es_ES\" \/>\n<meta property=\"og:type\" content=\"article\" \/>\n<meta property=\"og:title\" content=\"El Congreso de Argentina reemplaza la Ley de Medios de Comunicaci\u00f3n de la Dictadura Militar\" \/>\n<meta property=\"og:description\" content=\"El proyecto de ley elaborado durante cinco a\u00f1os por la \u201cCoalici\u00f3n para una Radiodifusi\u00f3n Democr\u00e1tica,\u201d fue aprobado en la noche del mi\u00e9rcoles. Los diputados debat\u00edan en las primeras horas de hoy cada art\u00edculo de la iniciativa en particular.\u201cEsta propuesta de ley es un modelo \u00fanico en el mundo y ejemplo para todos los dem\u00e1s pa\u00edses\u201d Afirm\u00f3 el Guatemalteco Frank La Rue\" \/>\n<meta property=\"og:url\" content=\"https:\/\/www.pressenza.com\/es\/2009\/09\/el-congreso-de-argentina-reemplaza-la-ley-de-medios-de-comunicacixn-de-la-dictadura-militar\/\" \/>\n<meta property=\"og:site_name\" content=\"Pressenza\" \/>\n<meta property=\"article:publisher\" content=\"https:\/\/www.facebook.com\/PressenzaItalia\" \/>\n<meta property=\"article:author\" content=\"https:\/\/www.facebook.com\/pressenza\" \/>\n<meta property=\"article:published_time\" content=\"2009-09-17T00:00:00+00:00\" \/>\n<meta property=\"article:modified_time\" content=\"2009-09-28T05:01:04+00:00\" \/>\n<meta name=\"author\" content=\"Pressenza IPA\" \/>\n<meta name=\"twitter:card\" content=\"summary_large_image\" \/>\n<meta name=\"twitter:creator\" content=\"@PressenzaIPA\" \/>\n<meta name=\"twitter:site\" content=\"@PressenzaIPA\" \/>\n<meta name=\"twitter:label1\" content=\"Escrito por\" \/>\n\t<meta name=\"twitter:data1\" content=\"Pressenza IPA\" \/>\n\t<meta name=\"twitter:label2\" content=\"Tiempo de lectura\" \/>\n\t<meta name=\"twitter:data2\" content=\"4 minutos\" \/>\n<script type=\"application\/ld+json\" class=\"yoast-schema-graph\">{\"@context\":\"https:\/\/schema.org\",\"@graph\":[{\"@type\":\"Article\",\"@id\":\"https:\/\/www.pressenza.com\/es\/2009\/09\/el-congreso-de-argentina-reemplaza-la-ley-de-medios-de-comunicacixn-de-la-dictadura-militar\/#article\",\"isPartOf\":{\"@id\":\"https:\/\/www.pressenza.com\/es\/2009\/09\/el-congreso-de-argentina-reemplaza-la-ley-de-medios-de-comunicacixn-de-la-dictadura-militar\/\"},\"author\":{\"name\":\"Pressenza IPA\",\"@id\":\"https:\/\/www.pressenza.com\/es\/#\/schema\/person\/010e5d02bcf40965427a1289a4cc8d75\"},\"headline\":\"El Congreso de Argentina reemplaza la Ley de Medios de Comunicaci\u00f3n de la Dictadura Militar\",\"datePublished\":\"2009-09-17T00:00:00+00:00\",\"dateModified\":\"2009-09-28T05:01:04+00:00\",\"mainEntityOfPage\":{\"@id\":\"https:\/\/www.pressenza.com\/es\/2009\/09\/el-congreso-de-argentina-reemplaza-la-ley-de-medios-de-comunicacixn-de-la-dictadura-militar\/\"},\"wordCount\":834,\"publisher\":{\"@id\":\"https:\/\/www.pressenza.com\/es\/#organization\"},\"articleSection\":[\"Pol\u00edtica\",\"Sudam\u00e9rica\"],\"inLanguage\":\"es\"},{\"@type\":\"WebPage\",\"@id\":\"https:\/\/www.pressenza.com\/es\/2009\/09\/el-congreso-de-argentina-reemplaza-la-ley-de-medios-de-comunicacixn-de-la-dictadura-militar\/\",\"url\":\"https:\/\/www.pressenza.com\/es\/2009\/09\/el-congreso-de-argentina-reemplaza-la-ley-de-medios-de-comunicacixn-de-la-dictadura-militar\/\",\"name\":\"El Congreso de Argentina reemplaza la Ley de Medios de Comunicaci\u00f3n de la Dictadura Militar\",\"isPartOf\":{\"@id\":\"https:\/\/www.pressenza.com\/es\/#website\"},\"datePublished\":\"2009-09-17T00:00:00+00:00\",\"dateModified\":\"2009-09-28T05:01:04+00:00\",\"description\":\"El proyecto de ley elaborado durante cinco a\u00f1os por la \u201cCoalici\u00f3n para una Radiodifusi\u00f3n Democr\u00e1tica,\u201d fue aprobado en la noche del mi\u00e9rcoles. Los diputados debat\u00edan en las primeras horas de hoy cada art\u00edculo de la iniciativa en particular.\u201cEsta propuesta de ley es un modelo \u00fanico en el mundo y ejemplo para todos los dem\u00e1s pa\u00edses\u201d Afirm\u00f3 el Guatemalteco Frank La Rue\",\"breadcrumb\":{\"@id\":\"https:\/\/www.pressenza.com\/es\/2009\/09\/el-congreso-de-argentina-reemplaza-la-ley-de-medios-de-comunicacixn-de-la-dictadura-militar\/#breadcrumb\"},\"inLanguage\":\"es\",\"potentialAction\":[{\"@type\":\"ReadAction\",\"target\":[\"https:\/\/www.pressenza.com\/es\/2009\/09\/el-congreso-de-argentina-reemplaza-la-ley-de-medios-de-comunicacixn-de-la-dictadura-militar\/\"]}]},{\"@type\":\"BreadcrumbList\",\"@id\":\"https:\/\/www.pressenza.com\/es\/2009\/09\/el-congreso-de-argentina-reemplaza-la-ley-de-medios-de-comunicacixn-de-la-dictadura-militar\/#breadcrumb\",\"itemListElement\":[{\"@type\":\"ListItem\",\"position\":1,\"name\":\"Accueil\",\"item\":\"https:\/\/www.pressenza.com\/es\/\"},{\"@type\":\"ListItem\",\"position\":2,\"name\":\"El Congreso de Argentina reemplaza la Ley de Medios de Comunicaci\u00f3n de la Dictadura Militar\"}]},{\"@type\":\"WebSite\",\"@id\":\"https:\/\/www.pressenza.com\/es\/#website\",\"url\":\"https:\/\/www.pressenza.com\/es\/\",\"name\":\"Pressenza\",\"description\":\"International Press Agency\",\"publisher\":{\"@id\":\"https:\/\/www.pressenza.com\/es\/#organization\"},\"potentialAction\":[{\"@type\":\"SearchAction\",\"target\":{\"@type\":\"EntryPoint\",\"urlTemplate\":\"https:\/\/www.pressenza.com\/es\/?s={search_term_string}\"},\"query-input\":{\"@type\":\"PropertyValueSpecification\",\"valueRequired\":true,\"valueName\":\"search_term_string\"}}],\"inLanguage\":\"es\"},{\"@type\":\"Organization\",\"@id\":\"https:\/\/www.pressenza.com\/es\/#organization\",\"name\":\"Pressenza\",\"url\":\"https:\/\/www.pressenza.com\/es\/\",\"logo\":{\"@type\":\"ImageObject\",\"inLanguage\":\"es\",\"@id\":\"https:\/\/www.pressenza.com\/es\/#\/schema\/logo\/image\/\",\"url\":\"https:\/\/www.pressenza.com\/wp-content\/uploads\/2022\/10\/pressenza_logo_200x200.jpg\",\"contentUrl\":\"https:\/\/www.pressenza.com\/wp-content\/uploads\/2022\/10\/pressenza_logo_200x200.jpg\",\"width\":200,\"height\":200,\"caption\":\"Pressenza\"},\"image\":{\"@id\":\"https:\/\/www.pressenza.com\/es\/#\/schema\/logo\/image\/\"},\"sameAs\":[\"https:\/\/www.facebook.com\/PressenzaItalia\",\"https:\/\/x.com\/PressenzaIPA\"]},{\"@type\":\"Person\",\"@id\":\"https:\/\/www.pressenza.com\/es\/#\/schema\/person\/010e5d02bcf40965427a1289a4cc8d75\",\"name\":\"Pressenza IPA\",\"description\":\"News from Pressenza IPA correspondents\",\"sameAs\":[\"https:\/\/www.facebook.com\/pressenza\",\"https:\/\/x.com\/PressenzaIPA\"],\"url\":\"https:\/\/www.pressenza.com\/es\/author\/pressenza-ipa\/\"}]}<\/script>\n<!-- \/ Yoast SEO plugin. -->","yoast_head_json":{"title":"El Congreso de Argentina reemplaza la Ley de Medios de Comunicaci\u00f3n de la Dictadura Militar","description":"El proyecto de ley elaborado durante cinco a\u00f1os por la \u201cCoalici\u00f3n para una Radiodifusi\u00f3n Democr\u00e1tica,\u201d fue aprobado en la noche del mi\u00e9rcoles. Los diputados debat\u00edan en las primeras horas de hoy cada art\u00edculo de la iniciativa en particular.\u201cEsta propuesta de ley es un modelo \u00fanico en el mundo y ejemplo para todos los dem\u00e1s pa\u00edses\u201d Afirm\u00f3 el Guatemalteco Frank La Rue","robots":{"index":"index","follow":"follow","max-snippet":"max-snippet:-1","max-image-preview":"max-image-preview:large","max-video-preview":"max-video-preview:-1"},"canonical":"https:\/\/www.pressenza.com\/es\/2009\/09\/el-congreso-de-argentina-reemplaza-la-ley-de-medios-de-comunicacixn-de-la-dictadura-militar\/","og_locale":"es_ES","og_type":"article","og_title":"El Congreso de Argentina reemplaza la Ley de Medios de Comunicaci\u00f3n de la Dictadura Militar","og_description":"El proyecto de ley elaborado durante cinco a\u00f1os por la \u201cCoalici\u00f3n para una Radiodifusi\u00f3n Democr\u00e1tica,\u201d fue aprobado en la noche del mi\u00e9rcoles. Los diputados debat\u00edan en las primeras horas de hoy cada art\u00edculo de la iniciativa en particular.\u201cEsta propuesta de ley es un modelo \u00fanico en el mundo y ejemplo para todos los dem\u00e1s pa\u00edses\u201d Afirm\u00f3 el Guatemalteco Frank La Rue","og_url":"https:\/\/www.pressenza.com\/es\/2009\/09\/el-congreso-de-argentina-reemplaza-la-ley-de-medios-de-comunicacixn-de-la-dictadura-militar\/","og_site_name":"Pressenza","article_publisher":"https:\/\/www.facebook.com\/PressenzaItalia","article_author":"https:\/\/www.facebook.com\/pressenza","article_published_time":"2009-09-17T00:00:00+00:00","article_modified_time":"2009-09-28T05:01:04+00:00","author":"Pressenza IPA","twitter_card":"summary_large_image","twitter_creator":"@PressenzaIPA","twitter_site":"@PressenzaIPA","twitter_misc":{"Escrito por":"Pressenza IPA","Tiempo de lectura":"4 minutos"},"schema":{"@context":"https:\/\/schema.org","@graph":[{"@type":"Article","@id":"https:\/\/www.pressenza.com\/es\/2009\/09\/el-congreso-de-argentina-reemplaza-la-ley-de-medios-de-comunicacixn-de-la-dictadura-militar\/#article","isPartOf":{"@id":"https:\/\/www.pressenza.com\/es\/2009\/09\/el-congreso-de-argentina-reemplaza-la-ley-de-medios-de-comunicacixn-de-la-dictadura-militar\/"},"author":{"name":"Pressenza IPA","@id":"https:\/\/www.pressenza.com\/es\/#\/schema\/person\/010e5d02bcf40965427a1289a4cc8d75"},"headline":"El Congreso de Argentina reemplaza la Ley de Medios de Comunicaci\u00f3n de la Dictadura Militar","datePublished":"2009-09-17T00:00:00+00:00","dateModified":"2009-09-28T05:01:04+00:00","mainEntityOfPage":{"@id":"https:\/\/www.pressenza.com\/es\/2009\/09\/el-congreso-de-argentina-reemplaza-la-ley-de-medios-de-comunicacixn-de-la-dictadura-militar\/"},"wordCount":834,"publisher":{"@id":"https:\/\/www.pressenza.com\/es\/#organization"},"articleSection":["Pol\u00edtica","Sudam\u00e9rica"],"inLanguage":"es"},{"@type":"WebPage","@id":"https:\/\/www.pressenza.com\/es\/2009\/09\/el-congreso-de-argentina-reemplaza-la-ley-de-medios-de-comunicacixn-de-la-dictadura-militar\/","url":"https:\/\/www.pressenza.com\/es\/2009\/09\/el-congreso-de-argentina-reemplaza-la-ley-de-medios-de-comunicacixn-de-la-dictadura-militar\/","name":"El Congreso de Argentina reemplaza la Ley de Medios de Comunicaci\u00f3n de la Dictadura Militar","isPartOf":{"@id":"https:\/\/www.pressenza.com\/es\/#website"},"datePublished":"2009-09-17T00:00:00+00:00","dateModified":"2009-09-28T05:01:04+00:00","description":"El proyecto de ley elaborado durante cinco a\u00f1os por la \u201cCoalici\u00f3n para una Radiodifusi\u00f3n Democr\u00e1tica,\u201d fue aprobado en la noche del mi\u00e9rcoles. Los diputados debat\u00edan en las primeras horas de hoy cada art\u00edculo de la iniciativa en particular.\u201cEsta propuesta de ley es un modelo \u00fanico en el mundo y ejemplo para todos los dem\u00e1s pa\u00edses\u201d Afirm\u00f3 el Guatemalteco Frank La Rue","breadcrumb":{"@id":"https:\/\/www.pressenza.com\/es\/2009\/09\/el-congreso-de-argentina-reemplaza-la-ley-de-medios-de-comunicacixn-de-la-dictadura-militar\/#breadcrumb"},"inLanguage":"es","potentialAction":[{"@type":"ReadAction","target":["https:\/\/www.pressenza.com\/es\/2009\/09\/el-congreso-de-argentina-reemplaza-la-ley-de-medios-de-comunicacixn-de-la-dictadura-militar\/"]}]},{"@type":"BreadcrumbList","@id":"https:\/\/www.pressenza.com\/es\/2009\/09\/el-congreso-de-argentina-reemplaza-la-ley-de-medios-de-comunicacixn-de-la-dictadura-militar\/#breadcrumb","itemListElement":[{"@type":"ListItem","position":1,"name":"Accueil","item":"https:\/\/www.pressenza.com\/es\/"},{"@type":"ListItem","position":2,"name":"El Congreso de Argentina reemplaza la Ley de Medios de Comunicaci\u00f3n de la Dictadura Militar"}]},{"@type":"WebSite","@id":"https:\/\/www.pressenza.com\/es\/#website","url":"https:\/\/www.pressenza.com\/es\/","name":"Pressenza","description":"International Press Agency","publisher":{"@id":"https:\/\/www.pressenza.com\/es\/#organization"},"potentialAction":[{"@type":"SearchAction","target":{"@type":"EntryPoint","urlTemplate":"https:\/\/www.pressenza.com\/es\/?s={search_term_string}"},"query-input":{"@type":"PropertyValueSpecification","valueRequired":true,"valueName":"search_term_string"}}],"inLanguage":"es"},{"@type":"Organization","@id":"https:\/\/www.pressenza.com\/es\/#organization","name":"Pressenza","url":"https:\/\/www.pressenza.com\/es\/","logo":{"@type":"ImageObject","inLanguage":"es","@id":"https:\/\/www.pressenza.com\/es\/#\/schema\/logo\/image\/","url":"https:\/\/www.pressenza.com\/wp-content\/uploads\/2022\/10\/pressenza_logo_200x200.jpg","contentUrl":"https:\/\/www.pressenza.com\/wp-content\/uploads\/2022\/10\/pressenza_logo_200x200.jpg","width":200,"height":200,"caption":"Pressenza"},"image":{"@id":"https:\/\/www.pressenza.com\/es\/#\/schema\/logo\/image\/"},"sameAs":["https:\/\/www.facebook.com\/PressenzaItalia","https:\/\/x.com\/PressenzaIPA"]},{"@type":"Person","@id":"https:\/\/www.pressenza.com\/es\/#\/schema\/person\/010e5d02bcf40965427a1289a4cc8d75","name":"Pressenza IPA","description":"News from Pressenza IPA correspondents","sameAs":["https:\/\/www.facebook.com\/pressenza","https:\/\/x.com\/PressenzaIPA"],"url":"https:\/\/www.pressenza.com\/es\/author\/pressenza-ipa\/"}]}},"place":"Ciudad Aut\u00f3noma de Buenos Aires","original_article_url":"","_links":{"self":[{"href":"https:\/\/www.pressenza.com\/es\/wp-json\/wp\/v2\/posts\/1356","targetHints":{"allow":["GET"]}}],"collection":[{"href":"https:\/\/www.pressenza.com\/es\/wp-json\/wp\/v2\/posts"}],"about":[{"href":"https:\/\/www.pressenza.com\/es\/wp-json\/wp\/v2\/types\/post"}],"author":[{"embeddable":true,"href":"https:\/\/www.pressenza.com\/es\/wp-json\/wp\/v2\/users\/19"}],"replies":[{"embeddable":true,"href":"https:\/\/www.pressenza.com\/es\/wp-json\/wp\/v2\/comments?post=1356"}],"version-history":[{"count":0,"href":"https:\/\/www.pressenza.com\/es\/wp-json\/wp\/v2\/posts\/1356\/revisions"}],"wp:attachment":[{"href":"https:\/\/www.pressenza.com\/es\/wp-json\/wp\/v2\/media?parent=1356"}],"wp:term":[{"taxonomy":"category","embeddable":true,"href":"https:\/\/www.pressenza.com\/es\/wp-json\/wp\/v2\/categories?post=1356"},{"taxonomy":"post_tag","embeddable":true,"href":"https:\/\/www.pressenza.com\/es\/wp-json\/wp\/v2\/tags?post=1356"}],"curies":[{"name":"wp","href":"https:\/\/api.w.org\/{rel}","templated":true}]}}