{"id":1355251,"date":"2021-05-07T04:13:31","date_gmt":"2021-05-07T03:13:31","guid":{"rendered":"https:\/\/www.pressenza.com\/?p=1355251"},"modified":"2021-05-06T01:25:39","modified_gmt":"2021-05-06T00:25:39","slug":"colombia","status":"publish","type":"post","link":"https:\/\/www.pressenza.com\/es\/2021\/05\/colombia\/","title":{"rendered":"Colombia"},"content":{"rendered":"<p><span style=\"color: #808080;\"><em>4 de mayo 2021. el Espectador<\/em><\/span><\/p>\n<p>&nbsp;<\/p>\n<p>Contrario a lo que pasa con su presidente, Colombia es capaz de o\u00edr y sentir la voz y la piel del pueblo, el dolor de los trapos rojos colgados de las ventanas con hambre, el contraste entre la verdad cruda y aguda y las falacias hechas de soberbia y mediocridad. Sabe mirar en serio y hacia dentro la magnitud de la discriminaci\u00f3n y la inequidad. Colombia no se miente a s\u00ed misma, porque est\u00e1 agotada de que le mientan para llevarla a la guerra, para idiotizar las urnas y sostener a los jinetes de barro que no aguantan una confrontaci\u00f3n con la realidad.<\/p>\n<p class=\"font--secondary\">Colombia est\u00e1 enardecida, est\u00e1 de luto, mal gobernada y sumida en la incertidumbre. Pero es valiente, y mientras m\u00e1s la vulneran y m\u00e1s le desdibujan su democracia, m\u00e1s consolida la urgencia de afianzar su dignidad.<\/p>\n<p class=\"font--secondary\">En las carencias de sus 21 millones de pobres hay m\u00e1s fortaleza que en el ruido fiero de los <i>aj\u00faas, <\/i>esos que retumban cuando el poder est\u00e1 en las balas y no en la capacidad de ponerse en los zapatos de los desaparecidos, de los desplazados, los tristes, la clase media que est\u00e1 cada vez m\u00e1s pobre y los pobres que cada vez comen menos.<\/p>\n<p class=\"font--secondary\">A Colombia le disparan a los ojos, la persiguen los <i>robocops<\/i> forrados en corazas negras y la entierran entre el barro de las veredas y el ladrillo roto de los cementerios. La quieren someter por el miedo, fracturarle la confianza y el cr\u00e1neo, pero si algo hemos aprendido, en este pa\u00eds que amamos y nos desvela y nos reclama y tal vez nos perdone, es a persistir y resistir; a resucitar a nuestra manera entre tambores y epidemias, entre monta\u00f1as, flores blancas y tanquetas, entre padrenuestros, tiranos y proclamas.<\/p>\n<p class=\"font--secondary\">En medio del caos y las llamas que nunca debieron ser, en medio de una protesta que no para ni parar\u00e1 hasta que los gobernantes se dignen mirar la realidad, entre las sirenas rojas y las ventanas rotas quedaron tendidos los manifestantes muertos: \u201cbala es lo que hay\u201d. En las plazas llenas y en las calles viejas la vida se quebr\u00f3 -la quebraron- y los muchachos desgonzados quedaron con los ojos quietos mirando nada, a-di\u00f3s a todo. No se combaten patadas con plomo, ni juventudes con balas. \u00a1No sean infames! \u00bfNo ven que la muerte es terriblemente irreversible?<\/p>\n<p class=\"font--secondary\">Es tanta la indignaci\u00f3n frente a este gobierno arrogante y lacrim\u00f3geno, que pas\u00f3 casi desapercibido un hecho important\u00edsimo, consecuencia de la firma del Acuerdo de Paz: El viernes \u2013mientras todo se sal\u00eda de control\u2013 los excomandantes de las antiguas Farc radicaron ante la JEP un documento en el que reconocen su responsabilidad y dan informaci\u00f3n detallada sobre los secuestros cometidos cuando estaban en la guerrilla; no pretenden justificar lo injustificable, reconocen los tratos infames a los que sometieron a sus v\u00edctimas, piden perd\u00f3n y aportan m\u00e1s de 300 p\u00e1ginas de verdad. Bueno, como la guerra no fue un mon\u00f3logo ni sucedi\u00f3 a nuestras espaldas, ojal\u00e1 los otros protagonistas, directores y consuetas, libretistas y productores, patrocinadores, utileros y c\u00f3mplices, tengan el coraje de revelar \u2013tambi\u00e9n ellos\u2013 su participaci\u00f3n en esta historia de sangre, abandono y letalidad.<\/p>\n<p class=\"font--secondary\">A la hora de enviar esta columna Colombia sigue en pie de protesta, y el gobierno haciendo derroche de represi\u00f3n e indolencia. El anuncio presidencial de militarizar el pa\u00eds es una estocada a la democracia y el prefacio de una tragedia incalculable. Pero Iv\u00e1n Duque parecer\u00eda no tener un solo amigo capaz de explicarle que gobernar se trata de o\u00edr al pueblo y hacer lo mejor por dignificarlo, no por aplastarlo.<\/p>\n","protected":false},"excerpt":{"rendered":"<p>4 de mayo 2021. el Espectador &nbsp; Contrario a lo que pasa con su presidente, Colombia es capaz de o\u00edr y sentir la voz y la piel del pueblo, el dolor de los trapos rojos colgados de las ventanas con&hellip;<\/p>\n","protected":false},"author":1897,"featured_media":1355252,"comment_status":"closed","ping_status":"closed","sticky":false,"template":"","format":"standard","meta":{"footnotes":""},"categories":[79,161,1243,74,67],"tags":[78568,30949,30,58301,419],"class_list":["post-1355251","post","type-post","status-publish","format-standard","has-post-thumbnail","hentry","category-derechos-humanos","category-opiniones","category-paz-desarme","category-politica-es","category-sudamerica","tag-lahuelladeloslideres","tag-acuerdos-de-paz","tag-colombia","tag-jep","tag-paz"],"yoast_head":"<!-- This site is optimized with the Yoast SEO plugin v27.1.1 - https:\/\/yoast.com\/product\/yoast-seo-wordpress\/ -->\n<title>Colombia<\/title>\n<meta name=\"description\" content=\"4 de mayo 2021. el Espectador &nbsp; Contrario a lo que pasa con su presidente, Colombia es capaz de o\u00edr y sentir la voz y la piel del pueblo, el dolor de\" \/>\n<meta name=\"robots\" content=\"index, follow, max-snippet:-1, max-image-preview:large, max-video-preview:-1\" \/>\n<link rel=\"canonical\" href=\"https:\/\/www.pressenza.com\/es\/2021\/05\/colombia\/\" \/>\n<meta property=\"og:locale\" content=\"es_ES\" \/>\n<meta property=\"og:type\" content=\"article\" \/>\n<meta property=\"og:title\" content=\"Colombia\" \/>\n<meta property=\"og:description\" content=\"4 de mayo 2021. el Espectador &nbsp; Contrario a lo que pasa con su presidente, Colombia es capaz de o\u00edr y sentir la voz y la piel del pueblo, el dolor de\" \/>\n<meta property=\"og:url\" content=\"https:\/\/www.pressenza.com\/es\/2021\/05\/colombia\/\" \/>\n<meta property=\"og:site_name\" content=\"Pressenza\" \/>\n<meta property=\"article:publisher\" content=\"https:\/\/www.facebook.com\/PressenzaItalia\" \/>\n<meta property=\"article:published_time\" content=\"2021-05-07T03:13:31+00:00\" \/>\n<meta property=\"og:image\" content=\"https:\/\/www.pressenza.com\/wp-content\/uploads\/2021\/05\/conant.kimberly.jpg\" \/>\n\t<meta property=\"og:image:width\" content=\"800\" \/>\n\t<meta property=\"og:image:height\" content=\"532\" \/>\n\t<meta property=\"og:image:type\" content=\"image\/jpeg\" \/>\n<meta name=\"author\" content=\"Gloria Arias Nieto\" \/>\n<meta name=\"twitter:card\" content=\"summary_large_image\" \/>\n<meta name=\"twitter:creator\" content=\"@gloriariasnieto\" \/>\n<meta name=\"twitter:site\" content=\"@PressenzaIPA\" \/>\n<meta name=\"twitter:label1\" content=\"Escrito por\" \/>\n\t<meta name=\"twitter:data1\" content=\"Gloria Arias Nieto\" \/>\n\t<meta name=\"twitter:label2\" content=\"Tiempo de lectura\" \/>\n\t<meta name=\"twitter:data2\" content=\"3 minutos\" \/>\n<script type=\"application\/ld+json\" class=\"yoast-schema-graph\">{\"@context\":\"https:\/\/schema.org\",\"@graph\":[{\"@type\":\"Article\",\"@id\":\"https:\/\/www.pressenza.com\/es\/2021\/05\/colombia\/#article\",\"isPartOf\":{\"@id\":\"https:\/\/www.pressenza.com\/es\/2021\/05\/colombia\/\"},\"author\":{\"name\":\"Gloria Arias Nieto\",\"@id\":\"https:\/\/www.pressenza.com\/es\/#\/schema\/person\/476779c5c0c262f919761226ef961a29\"},\"headline\":\"Colombia\",\"datePublished\":\"2021-05-07T03:13:31+00:00\",\"mainEntityOfPage\":{\"@id\":\"https:\/\/www.pressenza.com\/es\/2021\/05\/colombia\/\"},\"wordCount\":631,\"publisher\":{\"@id\":\"https:\/\/www.pressenza.com\/es\/#organization\"},\"image\":{\"@id\":\"https:\/\/www.pressenza.com\/es\/2021\/05\/colombia\/#primaryimage\"},\"thumbnailUrl\":\"https:\/\/www.pressenza.com\/wp-content\/uploads\/2021\/05\/conant.kimberly.jpg\",\"keywords\":[\"#LaHuellaDeLosLideres\",\"Acuerdos de Paz\",\"Colombia\",\"JEP\",\"Paz\"],\"articleSection\":[\"Derechos Humanos\",\"Opiniones\",\"Paz y Desarme\",\"Pol\u00edtica\",\"Sudam\u00e9rica\"],\"inLanguage\":\"es\"},{\"@type\":\"WebPage\",\"@id\":\"https:\/\/www.pressenza.com\/es\/2021\/05\/colombia\/\",\"url\":\"https:\/\/www.pressenza.com\/es\/2021\/05\/colombia\/\",\"name\":\"Colombia\",\"isPartOf\":{\"@id\":\"https:\/\/www.pressenza.com\/es\/#website\"},\"primaryImageOfPage\":{\"@id\":\"https:\/\/www.pressenza.com\/es\/2021\/05\/colombia\/#primaryimage\"},\"image\":{\"@id\":\"https:\/\/www.pressenza.com\/es\/2021\/05\/colombia\/#primaryimage\"},\"thumbnailUrl\":\"https:\/\/www.pressenza.com\/wp-content\/uploads\/2021\/05\/conant.kimberly.jpg\",\"datePublished\":\"2021-05-07T03:13:31+00:00\",\"description\":\"4 de mayo 2021. el Espectador &nbsp; Contrario a lo que pasa con su presidente, Colombia es capaz de o\u00edr y sentir la voz y la piel del pueblo, el dolor de\",\"breadcrumb\":{\"@id\":\"https:\/\/www.pressenza.com\/es\/2021\/05\/colombia\/#breadcrumb\"},\"inLanguage\":\"es\",\"potentialAction\":[{\"@type\":\"ReadAction\",\"target\":[\"https:\/\/www.pressenza.com\/es\/2021\/05\/colombia\/\"]}]},{\"@type\":\"ImageObject\",\"inLanguage\":\"es\",\"@id\":\"https:\/\/www.pressenza.com\/es\/2021\/05\/colombia\/#primaryimage\",\"url\":\"https:\/\/www.pressenza.com\/wp-content\/uploads\/2021\/05\/conant.kimberly.jpg\",\"contentUrl\":\"https:\/\/www.pressenza.com\/wp-content\/uploads\/2021\/05\/conant.kimberly.jpg\",\"width\":800,\"height\":532},{\"@type\":\"BreadcrumbList\",\"@id\":\"https:\/\/www.pressenza.com\/es\/2021\/05\/colombia\/#breadcrumb\",\"itemListElement\":[{\"@type\":\"ListItem\",\"position\":1,\"name\":\"Accueil\",\"item\":\"https:\/\/www.pressenza.com\/es\/\"},{\"@type\":\"ListItem\",\"position\":2,\"name\":\"Colombia\"}]},{\"@type\":\"WebSite\",\"@id\":\"https:\/\/www.pressenza.com\/es\/#website\",\"url\":\"https:\/\/www.pressenza.com\/es\/\",\"name\":\"Pressenza\",\"description\":\"International Press Agency\",\"publisher\":{\"@id\":\"https:\/\/www.pressenza.com\/es\/#organization\"},\"potentialAction\":[{\"@type\":\"SearchAction\",\"target\":{\"@type\":\"EntryPoint\",\"urlTemplate\":\"https:\/\/www.pressenza.com\/es\/?s={search_term_string}\"},\"query-input\":{\"@type\":\"PropertyValueSpecification\",\"valueRequired\":true,\"valueName\":\"search_term_string\"}}],\"inLanguage\":\"es\"},{\"@type\":\"Organization\",\"@id\":\"https:\/\/www.pressenza.com\/es\/#organization\",\"name\":\"Pressenza\",\"url\":\"https:\/\/www.pressenza.com\/es\/\",\"logo\":{\"@type\":\"ImageObject\",\"inLanguage\":\"es\",\"@id\":\"https:\/\/www.pressenza.com\/es\/#\/schema\/logo\/image\/\",\"url\":\"https:\/\/www.pressenza.com\/wp-content\/uploads\/2022\/10\/pressenza_logo_200x200.jpg\",\"contentUrl\":\"https:\/\/www.pressenza.com\/wp-content\/uploads\/2022\/10\/pressenza_logo_200x200.jpg\",\"width\":200,\"height\":200,\"caption\":\"Pressenza\"},\"image\":{\"@id\":\"https:\/\/www.pressenza.com\/es\/#\/schema\/logo\/image\/\"},\"sameAs\":[\"https:\/\/www.facebook.com\/PressenzaItalia\",\"https:\/\/x.com\/PressenzaIPA\"]},{\"@type\":\"Person\",\"@id\":\"https:\/\/www.pressenza.com\/es\/#\/schema\/person\/476779c5c0c262f919761226ef961a29\",\"name\":\"Gloria Arias Nieto\",\"description\":\"M\u00e9dica y periodista, columnista de El Espectador. Promotora de procesos de paz y reconciliaci\u00f3n. Miembro del movimiento Defendamos la Paz (DLP) @gloriariasnieto\",\"sameAs\":[\"https:\/\/x.com\/gloriariasnieto\"],\"url\":\"https:\/\/www.pressenza.com\/es\/author\/gloria-arias-nieto\/\"}]}<\/script>\n<!-- \/ Yoast SEO plugin. -->","yoast_head_json":{"title":"Colombia","description":"4 de mayo 2021. el Espectador &nbsp; Contrario a lo que pasa con su presidente, Colombia es capaz de o\u00edr y sentir la voz y la piel del pueblo, el dolor de","robots":{"index":"index","follow":"follow","max-snippet":"max-snippet:-1","max-image-preview":"max-image-preview:large","max-video-preview":"max-video-preview:-1"},"canonical":"https:\/\/www.pressenza.com\/es\/2021\/05\/colombia\/","og_locale":"es_ES","og_type":"article","og_title":"Colombia","og_description":"4 de mayo 2021. el Espectador &nbsp; Contrario a lo que pasa con su presidente, Colombia es capaz de o\u00edr y sentir la voz y la piel del pueblo, el dolor de","og_url":"https:\/\/www.pressenza.com\/es\/2021\/05\/colombia\/","og_site_name":"Pressenza","article_publisher":"https:\/\/www.facebook.com\/PressenzaItalia","article_published_time":"2021-05-07T03:13:31+00:00","og_image":[{"width":800,"height":532,"url":"https:\/\/www.pressenza.com\/wp-content\/uploads\/2021\/05\/conant.kimberly.jpg","type":"image\/jpeg"}],"author":"Gloria Arias Nieto","twitter_card":"summary_large_image","twitter_creator":"@gloriariasnieto","twitter_site":"@PressenzaIPA","twitter_misc":{"Escrito por":"Gloria Arias Nieto","Tiempo de lectura":"3 minutos"},"schema":{"@context":"https:\/\/schema.org","@graph":[{"@type":"Article","@id":"https:\/\/www.pressenza.com\/es\/2021\/05\/colombia\/#article","isPartOf":{"@id":"https:\/\/www.pressenza.com\/es\/2021\/05\/colombia\/"},"author":{"name":"Gloria Arias Nieto","@id":"https:\/\/www.pressenza.com\/es\/#\/schema\/person\/476779c5c0c262f919761226ef961a29"},"headline":"Colombia","datePublished":"2021-05-07T03:13:31+00:00","mainEntityOfPage":{"@id":"https:\/\/www.pressenza.com\/es\/2021\/05\/colombia\/"},"wordCount":631,"publisher":{"@id":"https:\/\/www.pressenza.com\/es\/#organization"},"image":{"@id":"https:\/\/www.pressenza.com\/es\/2021\/05\/colombia\/#primaryimage"},"thumbnailUrl":"https:\/\/www.pressenza.com\/wp-content\/uploads\/2021\/05\/conant.kimberly.jpg","keywords":["#LaHuellaDeLosLideres","Acuerdos de Paz","Colombia","JEP","Paz"],"articleSection":["Derechos Humanos","Opiniones","Paz y Desarme","Pol\u00edtica","Sudam\u00e9rica"],"inLanguage":"es"},{"@type":"WebPage","@id":"https:\/\/www.pressenza.com\/es\/2021\/05\/colombia\/","url":"https:\/\/www.pressenza.com\/es\/2021\/05\/colombia\/","name":"Colombia","isPartOf":{"@id":"https:\/\/www.pressenza.com\/es\/#website"},"primaryImageOfPage":{"@id":"https:\/\/www.pressenza.com\/es\/2021\/05\/colombia\/#primaryimage"},"image":{"@id":"https:\/\/www.pressenza.com\/es\/2021\/05\/colombia\/#primaryimage"},"thumbnailUrl":"https:\/\/www.pressenza.com\/wp-content\/uploads\/2021\/05\/conant.kimberly.jpg","datePublished":"2021-05-07T03:13:31+00:00","description":"4 de mayo 2021. el Espectador &nbsp; Contrario a lo que pasa con su presidente, Colombia es capaz de o\u00edr y sentir la voz y la piel del pueblo, el dolor de","breadcrumb":{"@id":"https:\/\/www.pressenza.com\/es\/2021\/05\/colombia\/#breadcrumb"},"inLanguage":"es","potentialAction":[{"@type":"ReadAction","target":["https:\/\/www.pressenza.com\/es\/2021\/05\/colombia\/"]}]},{"@type":"ImageObject","inLanguage":"es","@id":"https:\/\/www.pressenza.com\/es\/2021\/05\/colombia\/#primaryimage","url":"https:\/\/www.pressenza.com\/wp-content\/uploads\/2021\/05\/conant.kimberly.jpg","contentUrl":"https:\/\/www.pressenza.com\/wp-content\/uploads\/2021\/05\/conant.kimberly.jpg","width":800,"height":532},{"@type":"BreadcrumbList","@id":"https:\/\/www.pressenza.com\/es\/2021\/05\/colombia\/#breadcrumb","itemListElement":[{"@type":"ListItem","position":1,"name":"Accueil","item":"https:\/\/www.pressenza.com\/es\/"},{"@type":"ListItem","position":2,"name":"Colombia"}]},{"@type":"WebSite","@id":"https:\/\/www.pressenza.com\/es\/#website","url":"https:\/\/www.pressenza.com\/es\/","name":"Pressenza","description":"International Press Agency","publisher":{"@id":"https:\/\/www.pressenza.com\/es\/#organization"},"potentialAction":[{"@type":"SearchAction","target":{"@type":"EntryPoint","urlTemplate":"https:\/\/www.pressenza.com\/es\/?s={search_term_string}"},"query-input":{"@type":"PropertyValueSpecification","valueRequired":true,"valueName":"search_term_string"}}],"inLanguage":"es"},{"@type":"Organization","@id":"https:\/\/www.pressenza.com\/es\/#organization","name":"Pressenza","url":"https:\/\/www.pressenza.com\/es\/","logo":{"@type":"ImageObject","inLanguage":"es","@id":"https:\/\/www.pressenza.com\/es\/#\/schema\/logo\/image\/","url":"https:\/\/www.pressenza.com\/wp-content\/uploads\/2022\/10\/pressenza_logo_200x200.jpg","contentUrl":"https:\/\/www.pressenza.com\/wp-content\/uploads\/2022\/10\/pressenza_logo_200x200.jpg","width":200,"height":200,"caption":"Pressenza"},"image":{"@id":"https:\/\/www.pressenza.com\/es\/#\/schema\/logo\/image\/"},"sameAs":["https:\/\/www.facebook.com\/PressenzaItalia","https:\/\/x.com\/PressenzaIPA"]},{"@type":"Person","@id":"https:\/\/www.pressenza.com\/es\/#\/schema\/person\/476779c5c0c262f919761226ef961a29","name":"Gloria Arias Nieto","description":"M\u00e9dica y periodista, columnista de El Espectador. Promotora de procesos de paz y reconciliaci\u00f3n. Miembro del movimiento Defendamos la Paz (DLP) @gloriariasnieto","sameAs":["https:\/\/x.com\/gloriariasnieto"],"url":"https:\/\/www.pressenza.com\/es\/author\/gloria-arias-nieto\/"}]}},"place":"Bogot\u00e1, Colombia","original_article_url":"https:\/\/www.elespectador.com\/opinion\/colombia-2\/","_links":{"self":[{"href":"https:\/\/www.pressenza.com\/es\/wp-json\/wp\/v2\/posts\/1355251","targetHints":{"allow":["GET"]}}],"collection":[{"href":"https:\/\/www.pressenza.com\/es\/wp-json\/wp\/v2\/posts"}],"about":[{"href":"https:\/\/www.pressenza.com\/es\/wp-json\/wp\/v2\/types\/post"}],"author":[{"embeddable":true,"href":"https:\/\/www.pressenza.com\/es\/wp-json\/wp\/v2\/users\/1897"}],"replies":[{"embeddable":true,"href":"https:\/\/www.pressenza.com\/es\/wp-json\/wp\/v2\/comments?post=1355251"}],"version-history":[{"count":0,"href":"https:\/\/www.pressenza.com\/es\/wp-json\/wp\/v2\/posts\/1355251\/revisions"}],"wp:featuredmedia":[{"embeddable":true,"href":"https:\/\/www.pressenza.com\/es\/wp-json\/wp\/v2\/media\/1355252"}],"wp:attachment":[{"href":"https:\/\/www.pressenza.com\/es\/wp-json\/wp\/v2\/media?parent=1355251"}],"wp:term":[{"taxonomy":"category","embeddable":true,"href":"https:\/\/www.pressenza.com\/es\/wp-json\/wp\/v2\/categories?post=1355251"},{"taxonomy":"post_tag","embeddable":true,"href":"https:\/\/www.pressenza.com\/es\/wp-json\/wp\/v2\/tags?post=1355251"}],"curies":[{"name":"wp","href":"https:\/\/api.w.org\/{rel}","templated":true}]}}