{"id":1354799,"date":"2021-05-05T16:42:32","date_gmt":"2021-05-05T15:42:32","guid":{"rendered":"https:\/\/www.pressenza.com\/?p=1354799"},"modified":"2021-05-05T16:45:43","modified_gmt":"2021-05-05T15:45:43","slug":"colombia-a-pocos-dias-del-paro-univalle-fue-intervenida-por-el-esmad","status":"publish","type":"post","link":"https:\/\/www.pressenza.com\/es\/2021\/05\/colombia-a-pocos-dias-del-paro-univalle-fue-intervenida-por-el-esmad\/","title":{"rendered":"Colombia: A pocos d\u00edas del Paro Univalle fue intervenida por el ESMAD"},"content":{"rendered":"<p><strong>Por: Jorge Escobar Banderas<\/strong><\/p>\n<p><i><span style=\"font-weight: 400;\">A pocos d\u00edas de la convocatoria del Paro Nacional en Colombia, el Escuadr\u00f3n M\u00f3vil Antidisturbios (Esmad), hab\u00eda ingresado al campus de la Universidad del Valle para desalojar un campamento, donde estudiantes exig\u00edan medidas para mitigar la situaci\u00f3n del proceso acad\u00e9mico por causa de las medidas tomadas por la instituci\u00f3n durante la pandemia.<\/span><\/i><\/p>\n<p><span style=\"font-weight: 400;\">La Universidad del Valle, universidad p\u00fablica del departamento del Valle de Cauca con sede principal en la ciudad de Cali, funge como el principal centro de educaci\u00f3n superior del suroccidente de Colombia. Sin embargo, la pandemia dej\u00f3 al descubierto las necesidades de sus estudiantes, a quienes los problemas de conectividad les ha perjudicado su proceso educativo.<\/span><\/p>\n<p><span style=\"font-weight: 400;\">Solicitudes formales realizadas por los estudiantes, donde se implemente la alternancia en sus distintas sedes, no fueron escuchadas por las directivas de la instituci\u00f3n. Ante ello, un grupo decidi\u00f3 realizar un campamento al interior del campus principal, como medida de presi\u00f3n.\u00a0<\/span><\/p>\n<p><span style=\"font-weight: 400;\">Sin embargo, desde el Consejo Superior encabezado por la gobernadora del Valle del Cauca, Clara Luz Rold\u00e1n y el rector de esta casa de estudios, Edgar Varela, se dio luz verde al Grupo de Operaciones Especiales y el Escuadr\u00f3n M\u00f3vil Antidisturbios (Esmad) de la Polic\u00eda Nacional para desalojar a los estudiantes, el pasado 23 de abril.\u00a0<\/span><\/p>\n<p><span style=\"font-weight: 400;\">Diferentes v\u00eddeos registraron el accionar de la fuerza p\u00fablica, quienes lanzaron gases lacrim\u00f3genos al interior del recinto universitario. De acuerdo con la subsecretaria de Derechos Humanos y Paz de Cali, Nataly Gonz\u00e1lez, el proceso de di\u00e1logo con los estudiantes estaba transcurriendo con normalidad y, sin previo aviso, se observa al Esmad arremetiendo en el campus de la Universidad.\u00a0<\/span><\/p>\n<blockquote class=\"twitter-tweet\" data-width=\"500\" data-dnt=\"true\">\n<p lang=\"es\" dir=\"ltr\"><a href=\"https:\/\/twitter.com\/hashtag\/Atenci%C3%B3n?src=hash&amp;ref_src=twsrc%5Etfw\">#Atenci\u00f3n<\/a> \u26a0\ufe0f A esta hora el ESMAD ingres\u00f3 al campus de <a href=\"https:\/\/twitter.com\/hashtag\/Univalle?src=hash&amp;ref_src=twsrc%5Etfw\">#Univalle<\/a> en Cali y est\u00e1n gastando al campamento Pac\u00edfico, hay gritos y se escuchan detonaciones con armas de fuego.<\/p>\n<p>Han violado la autonom\u00eda universitaria.<a href=\"https:\/\/twitter.com\/PizarroMariaJo?ref_src=twsrc%5Etfw\">@PizarroMariaJo<\/a> <a href=\"https:\/\/twitter.com\/petrogustavo?ref_src=twsrc%5Etfw\">@petrogustavo<\/a> <a href=\"https:\/\/twitter.com\/GustavoBolivar?ref_src=twsrc%5Etfw\">@GustavoBolivar<\/a> <a href=\"https:\/\/twitter.com\/DavidRacero?ref_src=twsrc%5Etfw\">@DavidRacero<\/a> <a href=\"https:\/\/t.co\/nUnh5nhqOw\">pic.twitter.com\/nUnh5nhqOw<\/a><\/p>\n<p>&mdash; Univalle Unida (@UnivalleU) <a href=\"https:\/\/twitter.com\/UnivalleU\/status\/1385621672754098180?ref_src=twsrc%5Etfw\">April 23, 2021<\/a><\/p><\/blockquote>\n<p><script async src=\"https:\/\/platform.twitter.com\/widgets.js\" charset=\"utf-8\"><\/script><\/p>\n<p><span style=\"font-weight: 400;\">Explic\u00f3 la funcionaria que hubo una situaci\u00f3n unilateral de forcejeo, donde no se tuvo en cuenta la orden de los comandantes de la Polic\u00eda, quienes estaban a cargo del procedimiento y del di\u00e1logo. Mientras ello ocurr\u00eda, los manifestantes fueron acompa\u00f1ados por representantes de organismos veedores de derechos humanos, quienes les escoltaron hasta su salida del campus.\u00a0\u00a0\u00a0\u00a0<\/span><\/p>\n<p><span style=\"font-weight: 400;\">El profesor de la Facultad de Humanidades de la Universidad del Valle, Federico P\u00e9rez, manifest\u00f3 a trav\u00e9s de una carta p\u00fablica que el rector Edgar Varela no ha tenido una buena relaci\u00f3n con los estudiantes que han sido cr\u00edticos con su gesti\u00f3n, adem\u00e1s de impedirles el ingreso a su rendici\u00f3n de cuentas.\u00a0<\/span><\/p>\n<p><span style=\"font-weight: 400;\">Distintos estudiantes manifestaron en redes sociales su descontento por esta acci\u00f3n, considerando que en Colombia, la Constituci\u00f3n en su art\u00edculo 69, consagra la autonom\u00eda universitaria, estableciendo que las instituciones de educaci\u00f3n superior tendr\u00e1n sus propios estatutos, adem\u00e1s de un r\u00e9gimen especial para las universidades del Estado.<\/span><\/p>\n<p><span style=\"font-weight: 400;\">Durante las marchas del Paro Nacional del 28 de abril, la marcha de estudiantes de la Universidad del Valle fue de nuevo reprimida por parte del Esmad, acci\u00f3n en la que se report\u00f3 una persona herida.<\/span><\/p>\n<blockquote class=\"twitter-tweet\" data-width=\"500\" data-dnt=\"true\">\n<p lang=\"es\" dir=\"ltr\"><a href=\"https:\/\/twitter.com\/hashtag\/Colombia?src=hash&amp;ref_src=twsrc%5Etfw\">#Colombia<\/a> La jornada del <a href=\"https:\/\/twitter.com\/hashtag\/ParoNacional?src=hash&amp;ref_src=twsrc%5Etfw\">#ParoNacional<\/a> en <a href=\"https:\/\/twitter.com\/hashtag\/Cali?src=hash&amp;ref_src=twsrc%5Etfw\">#Cali<\/a> fue interrumpida por toque de queda a partir de las 13h (Col), debido a la situaci\u00f3n de orden p\u00fablico. Un bus del sistema MIO fue incinerado y polic\u00eda reprim\u00eda la movilizaci\u00f3n de los estudiantes de La Universidad del Valle <a href=\"https:\/\/t.co\/vdbdmGhlH0\">https:\/\/t.co\/vdbdmGhlH0<\/a><\/p>\n<p>&mdash; Pressenza castellano (@pressenza) <a href=\"https:\/\/twitter.com\/pressenza\/status\/1387503525391908865?ref_src=twsrc%5Etfw\">April 28, 2021<\/a><\/p><\/blockquote>\n<p><script async src=\"https:\/\/platform.twitter.com\/widgets.js\" charset=\"utf-8\"><\/script><\/p>\n","protected":false},"excerpt":{"rendered":"<p>Por: Jorge Escobar Banderas A pocos d\u00edas de la convocatoria del Paro Nacional en Colombia, el Escuadr\u00f3n M\u00f3vil Antidisturbios (Esmad), hab\u00eda ingresado al campus de la Universidad del Valle para desalojar un campamento, donde estudiantes exig\u00edan medidas para mitigar la&hellip;<\/p>\n","protected":false},"author":1053,"featured_media":1354802,"comment_status":"closed","ping_status":"closed","sticky":false,"template":"","format":"standard","meta":{"footnotes":""},"categories":[11389,79,67],"tags":[24748,1545,30,84226,17889,16058,90621],"class_list":["post-1354799","post","type-post","status-publish","format-standard","has-post-thumbnail","hentry","category-contenido-original","category-derechos-humanos","category-sudamerica","tag-abuso","tag-autonomia","tag-colombia","tag-esmad","tag-intervencion","tag-policia-es","tag-universidad-del-valle"],"yoast_head":"<!-- This site is optimized with the Yoast SEO plugin v27.1.1 - https:\/\/yoast.com\/product\/yoast-seo-wordpress\/ -->\n<title>Colombia: A pocos d\u00edas del Paro, Univalle fue intervenida por el ESMAD<\/title>\n<meta name=\"description\" content=\"A pocos d\u00edas de la convocatoria del Paro Nacional en Colombia, el Escuadr\u00f3n M\u00f3vil Antidisturbios (Esmad), hab\u00eda ingresado al campus de la Universidad del Valle para desalojar un campamento, donde estudiantes exig\u00edan medidas para mitigar la situaci\u00f3n del proceso acad\u00e9mico por causa de las medidas tomadas por la instituci\u00f3n durante la pandemia\" \/>\n<meta name=\"robots\" content=\"index, follow, max-snippet:-1, max-image-preview:large, max-video-preview:-1\" \/>\n<link rel=\"canonical\" href=\"https:\/\/www.pressenza.com\/es\/2021\/05\/colombia-a-pocos-dias-del-paro-univalle-fue-intervenida-por-el-esmad\/\" \/>\n<meta property=\"og:locale\" content=\"es_ES\" \/>\n<meta property=\"og:type\" content=\"article\" \/>\n<meta property=\"og:title\" content=\"Colombia: A pocos d\u00edas del Paro, Univalle fue intervenida por el ESMAD\" \/>\n<meta property=\"og:description\" content=\"A pocos d\u00edas de la convocatoria del Paro Nacional en Colombia, el Escuadr\u00f3n M\u00f3vil Antidisturbios (Esmad), hab\u00eda ingresado al campus de la Universidad del Valle para desalojar un campamento, donde estudiantes exig\u00edan medidas para mitigar la situaci\u00f3n del proceso acad\u00e9mico por causa de las medidas tomadas por la instituci\u00f3n durante la pandemia\" \/>\n<meta property=\"og:url\" content=\"https:\/\/www.pressenza.com\/es\/2021\/05\/colombia-a-pocos-dias-del-paro-univalle-fue-intervenida-por-el-esmad\/\" \/>\n<meta property=\"og:site_name\" content=\"Pressenza\" \/>\n<meta property=\"article:publisher\" content=\"https:\/\/www.facebook.com\/PressenzaItalia\" \/>\n<meta property=\"article:published_time\" content=\"2021-05-05T15:42:32+00:00\" \/>\n<meta property=\"article:modified_time\" content=\"2021-05-05T15:45:43+00:00\" \/>\n<meta property=\"og:image\" content=\"https:\/\/www.pressenza.com\/wp-content\/uploads\/2021\/05\/Univalle.jpg\" \/>\n\t<meta property=\"og:image:width\" content=\"1022\" \/>\n\t<meta property=\"og:image:height\" content=\"528\" \/>\n\t<meta property=\"og:image:type\" content=\"image\/jpeg\" \/>\n<meta name=\"author\" content=\"Redacci\u00f3n Colombia\" \/>\n<meta name=\"twitter:card\" content=\"summary_large_image\" \/>\n<meta name=\"twitter:creator\" content=\"@PressenzaIPA\" \/>\n<meta name=\"twitter:site\" content=\"@PressenzaIPA\" \/>\n<meta name=\"twitter:label1\" content=\"Escrito por\" \/>\n\t<meta name=\"twitter:data1\" content=\"Redacci\u00f3n Colombia\" \/>\n\t<meta name=\"twitter:label2\" content=\"Tiempo de lectura\" \/>\n\t<meta name=\"twitter:data2\" content=\"3 minutos\" \/>\n<script type=\"application\/ld+json\" class=\"yoast-schema-graph\">{\"@context\":\"https:\/\/schema.org\",\"@graph\":[{\"@type\":\"Article\",\"@id\":\"https:\/\/www.pressenza.com\/es\/2021\/05\/colombia-a-pocos-dias-del-paro-univalle-fue-intervenida-por-el-esmad\/#article\",\"isPartOf\":{\"@id\":\"https:\/\/www.pressenza.com\/es\/2021\/05\/colombia-a-pocos-dias-del-paro-univalle-fue-intervenida-por-el-esmad\/\"},\"author\":{\"name\":\"Redacci\u00f3n Colombia\",\"@id\":\"https:\/\/www.pressenza.com\/es\/#\/schema\/person\/7c8ee170a4502d638436c91e385315f2\"},\"headline\":\"Colombia: A pocos d\u00edas del Paro Univalle fue intervenida por el ESMAD\",\"datePublished\":\"2021-05-05T15:42:32+00:00\",\"dateModified\":\"2021-05-05T15:45:43+00:00\",\"mainEntityOfPage\":{\"@id\":\"https:\/\/www.pressenza.com\/es\/2021\/05\/colombia-a-pocos-dias-del-paro-univalle-fue-intervenida-por-el-esmad\/\"},\"wordCount\":520,\"publisher\":{\"@id\":\"https:\/\/www.pressenza.com\/es\/#organization\"},\"image\":{\"@id\":\"https:\/\/www.pressenza.com\/es\/2021\/05\/colombia-a-pocos-dias-del-paro-univalle-fue-intervenida-por-el-esmad\/#primaryimage\"},\"thumbnailUrl\":\"https:\/\/www.pressenza.com\/wp-content\/uploads\/2021\/05\/Univalle.jpg\",\"keywords\":[\"abuso\",\"autonom\u00eda\",\"Colombia\",\"ESMAD\",\"intervenci\u00f3n\",\"policia\",\"Universidad del Valle\"],\"articleSection\":[\"Contenido Original\",\"Derechos Humanos\",\"Sudam\u00e9rica\"],\"inLanguage\":\"es\"},{\"@type\":\"WebPage\",\"@id\":\"https:\/\/www.pressenza.com\/es\/2021\/05\/colombia-a-pocos-dias-del-paro-univalle-fue-intervenida-por-el-esmad\/\",\"url\":\"https:\/\/www.pressenza.com\/es\/2021\/05\/colombia-a-pocos-dias-del-paro-univalle-fue-intervenida-por-el-esmad\/\",\"name\":\"Colombia: A pocos d\u00edas del Paro, Univalle fue intervenida por el ESMAD\",\"isPartOf\":{\"@id\":\"https:\/\/www.pressenza.com\/es\/#website\"},\"primaryImageOfPage\":{\"@id\":\"https:\/\/www.pressenza.com\/es\/2021\/05\/colombia-a-pocos-dias-del-paro-univalle-fue-intervenida-por-el-esmad\/#primaryimage\"},\"image\":{\"@id\":\"https:\/\/www.pressenza.com\/es\/2021\/05\/colombia-a-pocos-dias-del-paro-univalle-fue-intervenida-por-el-esmad\/#primaryimage\"},\"thumbnailUrl\":\"https:\/\/www.pressenza.com\/wp-content\/uploads\/2021\/05\/Univalle.jpg\",\"datePublished\":\"2021-05-05T15:42:32+00:00\",\"dateModified\":\"2021-05-05T15:45:43+00:00\",\"description\":\"A pocos d\u00edas de la convocatoria del Paro Nacional en Colombia, el Escuadr\u00f3n M\u00f3vil Antidisturbios (Esmad), hab\u00eda ingresado al campus de la Universidad del Valle para desalojar un campamento, donde estudiantes exig\u00edan medidas para mitigar la situaci\u00f3n del proceso acad\u00e9mico por causa de las medidas tomadas por la instituci\u00f3n durante la pandemia\",\"breadcrumb\":{\"@id\":\"https:\/\/www.pressenza.com\/es\/2021\/05\/colombia-a-pocos-dias-del-paro-univalle-fue-intervenida-por-el-esmad\/#breadcrumb\"},\"inLanguage\":\"es\",\"potentialAction\":[{\"@type\":\"ReadAction\",\"target\":[\"https:\/\/www.pressenza.com\/es\/2021\/05\/colombia-a-pocos-dias-del-paro-univalle-fue-intervenida-por-el-esmad\/\"]}]},{\"@type\":\"ImageObject\",\"inLanguage\":\"es\",\"@id\":\"https:\/\/www.pressenza.com\/es\/2021\/05\/colombia-a-pocos-dias-del-paro-univalle-fue-intervenida-por-el-esmad\/#primaryimage\",\"url\":\"https:\/\/www.pressenza.com\/wp-content\/uploads\/2021\/05\/Univalle.jpg\",\"contentUrl\":\"https:\/\/www.pressenza.com\/wp-content\/uploads\/2021\/05\/Univalle.jpg\",\"width\":1022,\"height\":528,\"caption\":\"Colombia: a pocos d\u00edas del paro Univalle fue intervenida por el Esmad\"},{\"@type\":\"BreadcrumbList\",\"@id\":\"https:\/\/www.pressenza.com\/es\/2021\/05\/colombia-a-pocos-dias-del-paro-univalle-fue-intervenida-por-el-esmad\/#breadcrumb\",\"itemListElement\":[{\"@type\":\"ListItem\",\"position\":1,\"name\":\"Accueil\",\"item\":\"https:\/\/www.pressenza.com\/es\/\"},{\"@type\":\"ListItem\",\"position\":2,\"name\":\"Colombia: A pocos d\u00edas del Paro Univalle fue intervenida por el ESMAD\"}]},{\"@type\":\"WebSite\",\"@id\":\"https:\/\/www.pressenza.com\/es\/#website\",\"url\":\"https:\/\/www.pressenza.com\/es\/\",\"name\":\"Pressenza\",\"description\":\"International Press Agency\",\"publisher\":{\"@id\":\"https:\/\/www.pressenza.com\/es\/#organization\"},\"potentialAction\":[{\"@type\":\"SearchAction\",\"target\":{\"@type\":\"EntryPoint\",\"urlTemplate\":\"https:\/\/www.pressenza.com\/es\/?s={search_term_string}\"},\"query-input\":{\"@type\":\"PropertyValueSpecification\",\"valueRequired\":true,\"valueName\":\"search_term_string\"}}],\"inLanguage\":\"es\"},{\"@type\":\"Organization\",\"@id\":\"https:\/\/www.pressenza.com\/es\/#organization\",\"name\":\"Pressenza\",\"url\":\"https:\/\/www.pressenza.com\/es\/\",\"logo\":{\"@type\":\"ImageObject\",\"inLanguage\":\"es\",\"@id\":\"https:\/\/www.pressenza.com\/es\/#\/schema\/logo\/image\/\",\"url\":\"https:\/\/www.pressenza.com\/wp-content\/uploads\/2022\/10\/pressenza_logo_200x200.jpg\",\"contentUrl\":\"https:\/\/www.pressenza.com\/wp-content\/uploads\/2022\/10\/pressenza_logo_200x200.jpg\",\"width\":200,\"height\":200,\"caption\":\"Pressenza\"},\"image\":{\"@id\":\"https:\/\/www.pressenza.com\/es\/#\/schema\/logo\/image\/\"},\"sameAs\":[\"https:\/\/www.facebook.com\/PressenzaItalia\",\"https:\/\/x.com\/PressenzaIPA\"]},{\"@type\":\"Person\",\"@id\":\"https:\/\/www.pressenza.com\/es\/#\/schema\/person\/7c8ee170a4502d638436c91e385315f2\",\"name\":\"Redacci\u00f3n Colombia\",\"description\":\"News published by the Pressenza bureau in Colombia\",\"url\":\"https:\/\/www.pressenza.com\/es\/author\/redaccion-colombia\/\"}]}<\/script>\n<!-- \/ Yoast SEO plugin. -->","yoast_head_json":{"title":"Colombia: A pocos d\u00edas del Paro, Univalle fue intervenida por el ESMAD","description":"A pocos d\u00edas de la convocatoria del Paro Nacional en Colombia, el Escuadr\u00f3n M\u00f3vil Antidisturbios (Esmad), hab\u00eda ingresado al campus de la Universidad del Valle para desalojar un campamento, donde estudiantes exig\u00edan medidas para mitigar la situaci\u00f3n del proceso acad\u00e9mico por causa de las medidas tomadas por la instituci\u00f3n durante la pandemia","robots":{"index":"index","follow":"follow","max-snippet":"max-snippet:-1","max-image-preview":"max-image-preview:large","max-video-preview":"max-video-preview:-1"},"canonical":"https:\/\/www.pressenza.com\/es\/2021\/05\/colombia-a-pocos-dias-del-paro-univalle-fue-intervenida-por-el-esmad\/","og_locale":"es_ES","og_type":"article","og_title":"Colombia: A pocos d\u00edas del Paro, Univalle fue intervenida por el ESMAD","og_description":"A pocos d\u00edas de la convocatoria del Paro Nacional en Colombia, el Escuadr\u00f3n M\u00f3vil Antidisturbios (Esmad), hab\u00eda ingresado al campus de la Universidad del Valle para desalojar un campamento, donde estudiantes exig\u00edan medidas para mitigar la situaci\u00f3n del proceso acad\u00e9mico por causa de las medidas tomadas por la instituci\u00f3n durante la pandemia","og_url":"https:\/\/www.pressenza.com\/es\/2021\/05\/colombia-a-pocos-dias-del-paro-univalle-fue-intervenida-por-el-esmad\/","og_site_name":"Pressenza","article_publisher":"https:\/\/www.facebook.com\/PressenzaItalia","article_published_time":"2021-05-05T15:42:32+00:00","article_modified_time":"2021-05-05T15:45:43+00:00","og_image":[{"width":1022,"height":528,"url":"https:\/\/www.pressenza.com\/wp-content\/uploads\/2021\/05\/Univalle.jpg","type":"image\/jpeg"}],"author":"Redacci\u00f3n Colombia","twitter_card":"summary_large_image","twitter_creator":"@PressenzaIPA","twitter_site":"@PressenzaIPA","twitter_misc":{"Escrito por":"Redacci\u00f3n Colombia","Tiempo de lectura":"3 minutos"},"schema":{"@context":"https:\/\/schema.org","@graph":[{"@type":"Article","@id":"https:\/\/www.pressenza.com\/es\/2021\/05\/colombia-a-pocos-dias-del-paro-univalle-fue-intervenida-por-el-esmad\/#article","isPartOf":{"@id":"https:\/\/www.pressenza.com\/es\/2021\/05\/colombia-a-pocos-dias-del-paro-univalle-fue-intervenida-por-el-esmad\/"},"author":{"name":"Redacci\u00f3n Colombia","@id":"https:\/\/www.pressenza.com\/es\/#\/schema\/person\/7c8ee170a4502d638436c91e385315f2"},"headline":"Colombia: A pocos d\u00edas del Paro Univalle fue intervenida por el ESMAD","datePublished":"2021-05-05T15:42:32+00:00","dateModified":"2021-05-05T15:45:43+00:00","mainEntityOfPage":{"@id":"https:\/\/www.pressenza.com\/es\/2021\/05\/colombia-a-pocos-dias-del-paro-univalle-fue-intervenida-por-el-esmad\/"},"wordCount":520,"publisher":{"@id":"https:\/\/www.pressenza.com\/es\/#organization"},"image":{"@id":"https:\/\/www.pressenza.com\/es\/2021\/05\/colombia-a-pocos-dias-del-paro-univalle-fue-intervenida-por-el-esmad\/#primaryimage"},"thumbnailUrl":"https:\/\/www.pressenza.com\/wp-content\/uploads\/2021\/05\/Univalle.jpg","keywords":["abuso","autonom\u00eda","Colombia","ESMAD","intervenci\u00f3n","policia","Universidad del Valle"],"articleSection":["Contenido Original","Derechos Humanos","Sudam\u00e9rica"],"inLanguage":"es"},{"@type":"WebPage","@id":"https:\/\/www.pressenza.com\/es\/2021\/05\/colombia-a-pocos-dias-del-paro-univalle-fue-intervenida-por-el-esmad\/","url":"https:\/\/www.pressenza.com\/es\/2021\/05\/colombia-a-pocos-dias-del-paro-univalle-fue-intervenida-por-el-esmad\/","name":"Colombia: A pocos d\u00edas del Paro, Univalle fue intervenida por el ESMAD","isPartOf":{"@id":"https:\/\/www.pressenza.com\/es\/#website"},"primaryImageOfPage":{"@id":"https:\/\/www.pressenza.com\/es\/2021\/05\/colombia-a-pocos-dias-del-paro-univalle-fue-intervenida-por-el-esmad\/#primaryimage"},"image":{"@id":"https:\/\/www.pressenza.com\/es\/2021\/05\/colombia-a-pocos-dias-del-paro-univalle-fue-intervenida-por-el-esmad\/#primaryimage"},"thumbnailUrl":"https:\/\/www.pressenza.com\/wp-content\/uploads\/2021\/05\/Univalle.jpg","datePublished":"2021-05-05T15:42:32+00:00","dateModified":"2021-05-05T15:45:43+00:00","description":"A pocos d\u00edas de la convocatoria del Paro Nacional en Colombia, el Escuadr\u00f3n M\u00f3vil Antidisturbios (Esmad), hab\u00eda ingresado al campus de la Universidad del Valle para desalojar un campamento, donde estudiantes exig\u00edan medidas para mitigar la situaci\u00f3n del proceso acad\u00e9mico por causa de las medidas tomadas por la instituci\u00f3n durante la pandemia","breadcrumb":{"@id":"https:\/\/www.pressenza.com\/es\/2021\/05\/colombia-a-pocos-dias-del-paro-univalle-fue-intervenida-por-el-esmad\/#breadcrumb"},"inLanguage":"es","potentialAction":[{"@type":"ReadAction","target":["https:\/\/www.pressenza.com\/es\/2021\/05\/colombia-a-pocos-dias-del-paro-univalle-fue-intervenida-por-el-esmad\/"]}]},{"@type":"ImageObject","inLanguage":"es","@id":"https:\/\/www.pressenza.com\/es\/2021\/05\/colombia-a-pocos-dias-del-paro-univalle-fue-intervenida-por-el-esmad\/#primaryimage","url":"https:\/\/www.pressenza.com\/wp-content\/uploads\/2021\/05\/Univalle.jpg","contentUrl":"https:\/\/www.pressenza.com\/wp-content\/uploads\/2021\/05\/Univalle.jpg","width":1022,"height":528,"caption":"Colombia: a pocos d\u00edas del paro Univalle fue intervenida por el Esmad"},{"@type":"BreadcrumbList","@id":"https:\/\/www.pressenza.com\/es\/2021\/05\/colombia-a-pocos-dias-del-paro-univalle-fue-intervenida-por-el-esmad\/#breadcrumb","itemListElement":[{"@type":"ListItem","position":1,"name":"Accueil","item":"https:\/\/www.pressenza.com\/es\/"},{"@type":"ListItem","position":2,"name":"Colombia: A pocos d\u00edas del Paro Univalle fue intervenida por el ESMAD"}]},{"@type":"WebSite","@id":"https:\/\/www.pressenza.com\/es\/#website","url":"https:\/\/www.pressenza.com\/es\/","name":"Pressenza","description":"International Press Agency","publisher":{"@id":"https:\/\/www.pressenza.com\/es\/#organization"},"potentialAction":[{"@type":"SearchAction","target":{"@type":"EntryPoint","urlTemplate":"https:\/\/www.pressenza.com\/es\/?s={search_term_string}"},"query-input":{"@type":"PropertyValueSpecification","valueRequired":true,"valueName":"search_term_string"}}],"inLanguage":"es"},{"@type":"Organization","@id":"https:\/\/www.pressenza.com\/es\/#organization","name":"Pressenza","url":"https:\/\/www.pressenza.com\/es\/","logo":{"@type":"ImageObject","inLanguage":"es","@id":"https:\/\/www.pressenza.com\/es\/#\/schema\/logo\/image\/","url":"https:\/\/www.pressenza.com\/wp-content\/uploads\/2022\/10\/pressenza_logo_200x200.jpg","contentUrl":"https:\/\/www.pressenza.com\/wp-content\/uploads\/2022\/10\/pressenza_logo_200x200.jpg","width":200,"height":200,"caption":"Pressenza"},"image":{"@id":"https:\/\/www.pressenza.com\/es\/#\/schema\/logo\/image\/"},"sameAs":["https:\/\/www.facebook.com\/PressenzaItalia","https:\/\/x.com\/PressenzaIPA"]},{"@type":"Person","@id":"https:\/\/www.pressenza.com\/es\/#\/schema\/person\/7c8ee170a4502d638436c91e385315f2","name":"Redacci\u00f3n Colombia","description":"News published by the Pressenza bureau in Colombia","url":"https:\/\/www.pressenza.com\/es\/author\/redaccion-colombia\/"}]}},"place":"Cali","original_article_url":"","_links":{"self":[{"href":"https:\/\/www.pressenza.com\/es\/wp-json\/wp\/v2\/posts\/1354799","targetHints":{"allow":["GET"]}}],"collection":[{"href":"https:\/\/www.pressenza.com\/es\/wp-json\/wp\/v2\/posts"}],"about":[{"href":"https:\/\/www.pressenza.com\/es\/wp-json\/wp\/v2\/types\/post"}],"author":[{"embeddable":true,"href":"https:\/\/www.pressenza.com\/es\/wp-json\/wp\/v2\/users\/1053"}],"replies":[{"embeddable":true,"href":"https:\/\/www.pressenza.com\/es\/wp-json\/wp\/v2\/comments?post=1354799"}],"version-history":[{"count":0,"href":"https:\/\/www.pressenza.com\/es\/wp-json\/wp\/v2\/posts\/1354799\/revisions"}],"wp:featuredmedia":[{"embeddable":true,"href":"https:\/\/www.pressenza.com\/es\/wp-json\/wp\/v2\/media\/1354802"}],"wp:attachment":[{"href":"https:\/\/www.pressenza.com\/es\/wp-json\/wp\/v2\/media?parent=1354799"}],"wp:term":[{"taxonomy":"category","embeddable":true,"href":"https:\/\/www.pressenza.com\/es\/wp-json\/wp\/v2\/categories?post=1354799"},{"taxonomy":"post_tag","embeddable":true,"href":"https:\/\/www.pressenza.com\/es\/wp-json\/wp\/v2\/tags?post=1354799"}],"curies":[{"name":"wp","href":"https:\/\/api.w.org\/{rel}","templated":true}]}}