{"id":1354167,"date":"2021-05-04T15:03:56","date_gmt":"2021-05-04T14:03:56","guid":{"rendered":"https:\/\/www.pressenza.com\/?p=1354167"},"modified":"2021-05-04T15:15:43","modified_gmt":"2021-05-04T14:15:43","slug":"colombia-onu-se-pronuncia-frente-a-la-grave-situacion-de-derechos-humanos","status":"publish","type":"post","link":"https:\/\/www.pressenza.com\/es\/2021\/05\/colombia-onu-se-pronuncia-frente-a-la-grave-situacion-de-derechos-humanos\/","title":{"rendered":"Colombia: ONU se pronuncia frente a la grave situaci\u00f3n de Derechos Humanos"},"content":{"rendered":"<h3><em>La Oficina de la Alta Comisionada para los Derechos Humanos de la ONU se pronunci\u00f3 frente a lo que viene ocurriendo en Colombia, en el marco de las protestas del Paro Nacional que comenzaron el pasado 28 de abril y que han terminado en una represi\u00f3n brutal por parte de la fuerza p\u00fablica<\/em><\/h3>\n<p>La Portavoz de la Alta Comisionada para los Derechos Humanos de la ONU, Marta Hurtado, se ha pronunciado tras los desmanes cometidos por la fuerza p\u00fablica en Colombia, especialmente en la ciudad de Cali la noche de ayer 3 de mayo, en medio de las manifestaciones del Paro Nacional en Colombia. De hecho, mientras una comisi\u00f3n de la ONU y otras entidades, que llegaron a las calles de la ciudad de Cali para observar lo que estaba sucediendo, fueron atacados por la fuerza p\u00fablica (<a href=\"https:\/\/www.dw.com\/es\/violentos-enfrentamientos-en-cali-marcan-%C3%BAltima-jornada-de-protestas-en-colombia\/a-57421370#:~:text=Funcionarios%20de%20Derechos%20Humanos%20de,Duque%2C%20en%20Cali%2C%20Colombia.\">Leer aqu\u00ed<\/a>).<\/p>\n<p><strong>Ginebra, 4 de mayo 2021<\/strong><\/p>\n<p>Estamos profundamente alarmados por los acontecimientos ocurridos en la ciudad de Cali en Colombia la pasada noche, cuando la polic\u00eda abri\u00f3 fuego contra los manifestantes que protestaban contra la reforma tributaria, matando e hiriendo a varias personas, seg\u00fan la informaci\u00f3n recibida.<\/p>\n<p>Nuestra oficina en Colombia est\u00e1 trabajando para verificar el n\u00famero exacto de v\u00edctimas y establecer las circunstancias de estos terribles incidentes en Cali. Las personas defensoras de derechos humanos tambi\u00e9n informaron que han sido acosadas y amenazadas.<\/p>\n<p>Expresamos nuestra consternaci\u00f3n por los sucesos ocurridos y resaltamos nuestra solidaridad con las personas que perdieron la vida, con las que resultaron heridas y con sus familiares.<\/p>\n<p>A pesar de que la presidencia de Colombia anunci\u00f3 el 2 de mayo que el proyecto de reforma tributaria ser\u00eda retirado del Congreso, las protestas, que comenzaron el 28 de abril, han continuado, con la convocatoria de una manifestaci\u00f3n masiva ma\u00f1ana 5 de mayo. Hasta la fecha, la mayor\u00eda de las protestas han sido pac\u00edficas.<\/p>\n<p>Dada la situaci\u00f3n extremadamente tensa, con soldados y polic\u00edas desplegados para vigilar la protesta, hacemos un llamamiento a la calma. Recordamos a las autoridades del Estado su responsabilidad de proteger los derechos humanos, incluido el derecho a la vida y a la seguridad personal, y de facilitar el ejercicio del derecho a la libertad de reuni\u00f3n pac\u00edfica.<\/p>\n<p>Resaltamos tambi\u00e9n que los agentes encargados de hacer cumplir la ley deben respetar los principios de legalidad, precauci\u00f3n, necesidad y proporcionalidad a la hora de vigilar las manifestaciones. Las armas de fuego s\u00f3lo pueden utilizarse como \u00faltimo recurso ante una amenaza inminente de muerte o de lesiones graves.<\/p>\n<p>Desde el 28 de abril, la Oficina de la Alta Comisionada para los Derechos Humanos ha recibido denuncias de al menos 14 muertes en el contexto de las protestas en diferentes partes de Colombia, entre ellas la de al menos un agente de polic\u00eda.<\/p>\n","protected":false},"excerpt":{"rendered":"<p>La Oficina de la Alta Comisionada para los Derechos Humanos de la ONU se pronunci\u00f3 frente a lo que viene ocurriendo en Colombia, en el marco de las protestas del Paro Nacional que comenzaron el pasado 28 de abril y&hellip;<\/p>\n","protected":false},"author":1053,"featured_media":1354172,"comment_status":"closed","ping_status":"closed","sticky":false,"template":"","format":"standard","meta":{"footnotes":""},"categories":[11389,79,67],"tags":[51070,24748,30,90594,679,16058,83093,26018],"class_list":["post-1354167","post","type-post","status-publish","format-standard","has-post-thumbnail","hentry","category-contenido-original","category-derechos-humanos","category-sudamerica","tag-visimposiointernacionallabrandonuevoscaminos","tag-abuso","tag-colombia","tag-exceso","tag-onu-es","tag-policia-es","tag-pronunciamiento","tag-protestas"],"yoast_head":"<!-- This site is optimized with the Yoast SEO plugin v27.1.1 - https:\/\/yoast.com\/product\/yoast-seo-wordpress\/ -->\n<title>Colombia: ONU se pronuncia frente a la grave situaci\u00f3n de Derechos Humanos<\/title>\n<meta name=\"description\" content=\"La Oficina de la Alta Comisionada para los Derechos Humanos de la ONU se pronunci\u00f3 frente a lo que viene ocurriendo en Colombia, en el marco de las protestas del Paro Nacional que comenzaron el pasado 28 de abril y que han terminado en una represi\u00f3n brutal por parte de la fuerza p\u00fablica\" \/>\n<meta name=\"robots\" content=\"index, follow, max-snippet:-1, max-image-preview:large, max-video-preview:-1\" \/>\n<link rel=\"canonical\" href=\"https:\/\/www.pressenza.com\/es\/2021\/05\/colombia-onu-se-pronuncia-frente-a-la-grave-situacion-de-derechos-humanos\/\" \/>\n<meta property=\"og:locale\" content=\"es_ES\" \/>\n<meta property=\"og:type\" content=\"article\" \/>\n<meta property=\"og:title\" content=\"Colombia: ONU se pronuncia frente a la grave situaci\u00f3n de Derechos Humanos\" \/>\n<meta property=\"og:description\" content=\"La Oficina de la Alta Comisionada para los Derechos Humanos de la ONU se pronunci\u00f3 frente a lo que viene ocurriendo en Colombia, en el marco de las protestas del Paro Nacional que comenzaron el pasado 28 de abril y que han terminado en una represi\u00f3n brutal por parte de la fuerza p\u00fablica\" \/>\n<meta property=\"og:url\" content=\"https:\/\/www.pressenza.com\/es\/2021\/05\/colombia-onu-se-pronuncia-frente-a-la-grave-situacion-de-derechos-humanos\/\" \/>\n<meta property=\"og:site_name\" content=\"Pressenza\" \/>\n<meta property=\"article:publisher\" content=\"https:\/\/www.facebook.com\/PressenzaItalia\" \/>\n<meta property=\"article:published_time\" content=\"2021-05-04T14:03:56+00:00\" \/>\n<meta property=\"article:modified_time\" content=\"2021-05-04T14:15:43+00:00\" \/>\n<meta property=\"og:image\" content=\"https:\/\/www.pressenza.com\/wp-content\/uploads\/2021\/05\/WhatsApp-Image-2021-05-04-at-9.00.34-AM.jpeg\" \/>\n\t<meta property=\"og:image:width\" content=\"720\" \/>\n\t<meta property=\"og:image:height\" content=\"412\" \/>\n\t<meta property=\"og:image:type\" content=\"image\/jpeg\" \/>\n<meta name=\"author\" content=\"Redacci\u00f3n Colombia\" \/>\n<meta name=\"twitter:card\" content=\"summary_large_image\" \/>\n<meta name=\"twitter:creator\" content=\"@PressenzaIPA\" \/>\n<meta name=\"twitter:site\" content=\"@PressenzaIPA\" \/>\n<meta name=\"twitter:label1\" content=\"Escrito por\" \/>\n\t<meta name=\"twitter:data1\" content=\"Redacci\u00f3n Colombia\" \/>\n\t<meta name=\"twitter:label2\" content=\"Tiempo de lectura\" \/>\n\t<meta name=\"twitter:data2\" content=\"2 minutos\" \/>\n<script type=\"application\/ld+json\" class=\"yoast-schema-graph\">{\"@context\":\"https:\/\/schema.org\",\"@graph\":[{\"@type\":\"Article\",\"@id\":\"https:\/\/www.pressenza.com\/es\/2021\/05\/colombia-onu-se-pronuncia-frente-a-la-grave-situacion-de-derechos-humanos\/#article\",\"isPartOf\":{\"@id\":\"https:\/\/www.pressenza.com\/es\/2021\/05\/colombia-onu-se-pronuncia-frente-a-la-grave-situacion-de-derechos-humanos\/\"},\"author\":{\"name\":\"Redacci\u00f3n Colombia\",\"@id\":\"https:\/\/www.pressenza.com\/es\/#\/schema\/person\/7c8ee170a4502d638436c91e385315f2\"},\"headline\":\"Colombia: ONU se pronuncia frente a la grave situaci\u00f3n de Derechos Humanos\",\"datePublished\":\"2021-05-04T14:03:56+00:00\",\"dateModified\":\"2021-05-04T14:15:43+00:00\",\"mainEntityOfPage\":{\"@id\":\"https:\/\/www.pressenza.com\/es\/2021\/05\/colombia-onu-se-pronuncia-frente-a-la-grave-situacion-de-derechos-humanos\/\"},\"wordCount\":482,\"publisher\":{\"@id\":\"https:\/\/www.pressenza.com\/es\/#organization\"},\"image\":{\"@id\":\"https:\/\/www.pressenza.com\/es\/2021\/05\/colombia-onu-se-pronuncia-frente-a-la-grave-situacion-de-derechos-humanos\/#primaryimage\"},\"thumbnailUrl\":\"https:\/\/www.pressenza.com\/wp-content\/uploads\/2021\/05\/WhatsApp-Image-2021-05-04-at-9.00.34-AM.jpeg\",\"keywords\":[\"#VISimposioInternacionalLabrandoNuevosCaminos\",\"abuso\",\"Colombia\",\"Exceso\",\"ONU\",\"policia\",\"Pronunciamiento\",\"protestas\"],\"articleSection\":[\"Contenido Original\",\"Derechos Humanos\",\"Sudam\u00e9rica\"],\"inLanguage\":\"es\"},{\"@type\":\"WebPage\",\"@id\":\"https:\/\/www.pressenza.com\/es\/2021\/05\/colombia-onu-se-pronuncia-frente-a-la-grave-situacion-de-derechos-humanos\/\",\"url\":\"https:\/\/www.pressenza.com\/es\/2021\/05\/colombia-onu-se-pronuncia-frente-a-la-grave-situacion-de-derechos-humanos\/\",\"name\":\"Colombia: ONU se pronuncia frente a la grave situaci\u00f3n de Derechos Humanos\",\"isPartOf\":{\"@id\":\"https:\/\/www.pressenza.com\/es\/#website\"},\"primaryImageOfPage\":{\"@id\":\"https:\/\/www.pressenza.com\/es\/2021\/05\/colombia-onu-se-pronuncia-frente-a-la-grave-situacion-de-derechos-humanos\/#primaryimage\"},\"image\":{\"@id\":\"https:\/\/www.pressenza.com\/es\/2021\/05\/colombia-onu-se-pronuncia-frente-a-la-grave-situacion-de-derechos-humanos\/#primaryimage\"},\"thumbnailUrl\":\"https:\/\/www.pressenza.com\/wp-content\/uploads\/2021\/05\/WhatsApp-Image-2021-05-04-at-9.00.34-AM.jpeg\",\"datePublished\":\"2021-05-04T14:03:56+00:00\",\"dateModified\":\"2021-05-04T14:15:43+00:00\",\"description\":\"La Oficina de la Alta Comisionada para los Derechos Humanos de la ONU se pronunci\u00f3 frente a lo que viene ocurriendo en Colombia, en el marco de las protestas del Paro Nacional que comenzaron el pasado 28 de abril y que han terminado en una represi\u00f3n brutal por parte de la fuerza p\u00fablica\",\"breadcrumb\":{\"@id\":\"https:\/\/www.pressenza.com\/es\/2021\/05\/colombia-onu-se-pronuncia-frente-a-la-grave-situacion-de-derechos-humanos\/#breadcrumb\"},\"inLanguage\":\"es\",\"potentialAction\":[{\"@type\":\"ReadAction\",\"target\":[\"https:\/\/www.pressenza.com\/es\/2021\/05\/colombia-onu-se-pronuncia-frente-a-la-grave-situacion-de-derechos-humanos\/\"]}]},{\"@type\":\"ImageObject\",\"inLanguage\":\"es\",\"@id\":\"https:\/\/www.pressenza.com\/es\/2021\/05\/colombia-onu-se-pronuncia-frente-a-la-grave-situacion-de-derechos-humanos\/#primaryimage\",\"url\":\"https:\/\/www.pressenza.com\/wp-content\/uploads\/2021\/05\/WhatsApp-Image-2021-05-04-at-9.00.34-AM.jpeg\",\"contentUrl\":\"https:\/\/www.pressenza.com\/wp-content\/uploads\/2021\/05\/WhatsApp-Image-2021-05-04-at-9.00.34-AM.jpeg\",\"width\":720,\"height\":412,\"caption\":\"Colombia: ONU se pronuncia frente a la grave situaci\u00f3n de DDHH\"},{\"@type\":\"BreadcrumbList\",\"@id\":\"https:\/\/www.pressenza.com\/es\/2021\/05\/colombia-onu-se-pronuncia-frente-a-la-grave-situacion-de-derechos-humanos\/#breadcrumb\",\"itemListElement\":[{\"@type\":\"ListItem\",\"position\":1,\"name\":\"Accueil\",\"item\":\"https:\/\/www.pressenza.com\/es\/\"},{\"@type\":\"ListItem\",\"position\":2,\"name\":\"Colombia: ONU se pronuncia frente a la grave situaci\u00f3n de Derechos Humanos\"}]},{\"@type\":\"WebSite\",\"@id\":\"https:\/\/www.pressenza.com\/es\/#website\",\"url\":\"https:\/\/www.pressenza.com\/es\/\",\"name\":\"Pressenza\",\"description\":\"International Press Agency\",\"publisher\":{\"@id\":\"https:\/\/www.pressenza.com\/es\/#organization\"},\"potentialAction\":[{\"@type\":\"SearchAction\",\"target\":{\"@type\":\"EntryPoint\",\"urlTemplate\":\"https:\/\/www.pressenza.com\/es\/?s={search_term_string}\"},\"query-input\":{\"@type\":\"PropertyValueSpecification\",\"valueRequired\":true,\"valueName\":\"search_term_string\"}}],\"inLanguage\":\"es\"},{\"@type\":\"Organization\",\"@id\":\"https:\/\/www.pressenza.com\/es\/#organization\",\"name\":\"Pressenza\",\"url\":\"https:\/\/www.pressenza.com\/es\/\",\"logo\":{\"@type\":\"ImageObject\",\"inLanguage\":\"es\",\"@id\":\"https:\/\/www.pressenza.com\/es\/#\/schema\/logo\/image\/\",\"url\":\"https:\/\/www.pressenza.com\/wp-content\/uploads\/2022\/10\/pressenza_logo_200x200.jpg\",\"contentUrl\":\"https:\/\/www.pressenza.com\/wp-content\/uploads\/2022\/10\/pressenza_logo_200x200.jpg\",\"width\":200,\"height\":200,\"caption\":\"Pressenza\"},\"image\":{\"@id\":\"https:\/\/www.pressenza.com\/es\/#\/schema\/logo\/image\/\"},\"sameAs\":[\"https:\/\/www.facebook.com\/PressenzaItalia\",\"https:\/\/x.com\/PressenzaIPA\"]},{\"@type\":\"Person\",\"@id\":\"https:\/\/www.pressenza.com\/es\/#\/schema\/person\/7c8ee170a4502d638436c91e385315f2\",\"name\":\"Redacci\u00f3n Colombia\",\"description\":\"News published by the Pressenza bureau in Colombia\",\"url\":\"https:\/\/www.pressenza.com\/es\/author\/redaccion-colombia\/\"}]}<\/script>\n<!-- \/ Yoast SEO plugin. -->","yoast_head_json":{"title":"Colombia: ONU se pronuncia frente a la grave situaci\u00f3n de Derechos Humanos","description":"La Oficina de la Alta Comisionada para los Derechos Humanos de la ONU se pronunci\u00f3 frente a lo que viene ocurriendo en Colombia, en el marco de las protestas del Paro Nacional que comenzaron el pasado 28 de abril y que han terminado en una represi\u00f3n brutal por parte de la fuerza p\u00fablica","robots":{"index":"index","follow":"follow","max-snippet":"max-snippet:-1","max-image-preview":"max-image-preview:large","max-video-preview":"max-video-preview:-1"},"canonical":"https:\/\/www.pressenza.com\/es\/2021\/05\/colombia-onu-se-pronuncia-frente-a-la-grave-situacion-de-derechos-humanos\/","og_locale":"es_ES","og_type":"article","og_title":"Colombia: ONU se pronuncia frente a la grave situaci\u00f3n de Derechos Humanos","og_description":"La Oficina de la Alta Comisionada para los Derechos Humanos de la ONU se pronunci\u00f3 frente a lo que viene ocurriendo en Colombia, en el marco de las protestas del Paro Nacional que comenzaron el pasado 28 de abril y que han terminado en una represi\u00f3n brutal por parte de la fuerza p\u00fablica","og_url":"https:\/\/www.pressenza.com\/es\/2021\/05\/colombia-onu-se-pronuncia-frente-a-la-grave-situacion-de-derechos-humanos\/","og_site_name":"Pressenza","article_publisher":"https:\/\/www.facebook.com\/PressenzaItalia","article_published_time":"2021-05-04T14:03:56+00:00","article_modified_time":"2021-05-04T14:15:43+00:00","og_image":[{"width":720,"height":412,"url":"https:\/\/www.pressenza.com\/wp-content\/uploads\/2021\/05\/WhatsApp-Image-2021-05-04-at-9.00.34-AM.jpeg","type":"image\/jpeg"}],"author":"Redacci\u00f3n Colombia","twitter_card":"summary_large_image","twitter_creator":"@PressenzaIPA","twitter_site":"@PressenzaIPA","twitter_misc":{"Escrito por":"Redacci\u00f3n Colombia","Tiempo de lectura":"2 minutos"},"schema":{"@context":"https:\/\/schema.org","@graph":[{"@type":"Article","@id":"https:\/\/www.pressenza.com\/es\/2021\/05\/colombia-onu-se-pronuncia-frente-a-la-grave-situacion-de-derechos-humanos\/#article","isPartOf":{"@id":"https:\/\/www.pressenza.com\/es\/2021\/05\/colombia-onu-se-pronuncia-frente-a-la-grave-situacion-de-derechos-humanos\/"},"author":{"name":"Redacci\u00f3n Colombia","@id":"https:\/\/www.pressenza.com\/es\/#\/schema\/person\/7c8ee170a4502d638436c91e385315f2"},"headline":"Colombia: ONU se pronuncia frente a la grave situaci\u00f3n de Derechos Humanos","datePublished":"2021-05-04T14:03:56+00:00","dateModified":"2021-05-04T14:15:43+00:00","mainEntityOfPage":{"@id":"https:\/\/www.pressenza.com\/es\/2021\/05\/colombia-onu-se-pronuncia-frente-a-la-grave-situacion-de-derechos-humanos\/"},"wordCount":482,"publisher":{"@id":"https:\/\/www.pressenza.com\/es\/#organization"},"image":{"@id":"https:\/\/www.pressenza.com\/es\/2021\/05\/colombia-onu-se-pronuncia-frente-a-la-grave-situacion-de-derechos-humanos\/#primaryimage"},"thumbnailUrl":"https:\/\/www.pressenza.com\/wp-content\/uploads\/2021\/05\/WhatsApp-Image-2021-05-04-at-9.00.34-AM.jpeg","keywords":["#VISimposioInternacionalLabrandoNuevosCaminos","abuso","Colombia","Exceso","ONU","policia","Pronunciamiento","protestas"],"articleSection":["Contenido Original","Derechos Humanos","Sudam\u00e9rica"],"inLanguage":"es"},{"@type":"WebPage","@id":"https:\/\/www.pressenza.com\/es\/2021\/05\/colombia-onu-se-pronuncia-frente-a-la-grave-situacion-de-derechos-humanos\/","url":"https:\/\/www.pressenza.com\/es\/2021\/05\/colombia-onu-se-pronuncia-frente-a-la-grave-situacion-de-derechos-humanos\/","name":"Colombia: ONU se pronuncia frente a la grave situaci\u00f3n de Derechos Humanos","isPartOf":{"@id":"https:\/\/www.pressenza.com\/es\/#website"},"primaryImageOfPage":{"@id":"https:\/\/www.pressenza.com\/es\/2021\/05\/colombia-onu-se-pronuncia-frente-a-la-grave-situacion-de-derechos-humanos\/#primaryimage"},"image":{"@id":"https:\/\/www.pressenza.com\/es\/2021\/05\/colombia-onu-se-pronuncia-frente-a-la-grave-situacion-de-derechos-humanos\/#primaryimage"},"thumbnailUrl":"https:\/\/www.pressenza.com\/wp-content\/uploads\/2021\/05\/WhatsApp-Image-2021-05-04-at-9.00.34-AM.jpeg","datePublished":"2021-05-04T14:03:56+00:00","dateModified":"2021-05-04T14:15:43+00:00","description":"La Oficina de la Alta Comisionada para los Derechos Humanos de la ONU se pronunci\u00f3 frente a lo que viene ocurriendo en Colombia, en el marco de las protestas del Paro Nacional que comenzaron el pasado 28 de abril y que han terminado en una represi\u00f3n brutal por parte de la fuerza p\u00fablica","breadcrumb":{"@id":"https:\/\/www.pressenza.com\/es\/2021\/05\/colombia-onu-se-pronuncia-frente-a-la-grave-situacion-de-derechos-humanos\/#breadcrumb"},"inLanguage":"es","potentialAction":[{"@type":"ReadAction","target":["https:\/\/www.pressenza.com\/es\/2021\/05\/colombia-onu-se-pronuncia-frente-a-la-grave-situacion-de-derechos-humanos\/"]}]},{"@type":"ImageObject","inLanguage":"es","@id":"https:\/\/www.pressenza.com\/es\/2021\/05\/colombia-onu-se-pronuncia-frente-a-la-grave-situacion-de-derechos-humanos\/#primaryimage","url":"https:\/\/www.pressenza.com\/wp-content\/uploads\/2021\/05\/WhatsApp-Image-2021-05-04-at-9.00.34-AM.jpeg","contentUrl":"https:\/\/www.pressenza.com\/wp-content\/uploads\/2021\/05\/WhatsApp-Image-2021-05-04-at-9.00.34-AM.jpeg","width":720,"height":412,"caption":"Colombia: ONU se pronuncia frente a la grave situaci\u00f3n de DDHH"},{"@type":"BreadcrumbList","@id":"https:\/\/www.pressenza.com\/es\/2021\/05\/colombia-onu-se-pronuncia-frente-a-la-grave-situacion-de-derechos-humanos\/#breadcrumb","itemListElement":[{"@type":"ListItem","position":1,"name":"Accueil","item":"https:\/\/www.pressenza.com\/es\/"},{"@type":"ListItem","position":2,"name":"Colombia: ONU se pronuncia frente a la grave situaci\u00f3n de Derechos Humanos"}]},{"@type":"WebSite","@id":"https:\/\/www.pressenza.com\/es\/#website","url":"https:\/\/www.pressenza.com\/es\/","name":"Pressenza","description":"International Press Agency","publisher":{"@id":"https:\/\/www.pressenza.com\/es\/#organization"},"potentialAction":[{"@type":"SearchAction","target":{"@type":"EntryPoint","urlTemplate":"https:\/\/www.pressenza.com\/es\/?s={search_term_string}"},"query-input":{"@type":"PropertyValueSpecification","valueRequired":true,"valueName":"search_term_string"}}],"inLanguage":"es"},{"@type":"Organization","@id":"https:\/\/www.pressenza.com\/es\/#organization","name":"Pressenza","url":"https:\/\/www.pressenza.com\/es\/","logo":{"@type":"ImageObject","inLanguage":"es","@id":"https:\/\/www.pressenza.com\/es\/#\/schema\/logo\/image\/","url":"https:\/\/www.pressenza.com\/wp-content\/uploads\/2022\/10\/pressenza_logo_200x200.jpg","contentUrl":"https:\/\/www.pressenza.com\/wp-content\/uploads\/2022\/10\/pressenza_logo_200x200.jpg","width":200,"height":200,"caption":"Pressenza"},"image":{"@id":"https:\/\/www.pressenza.com\/es\/#\/schema\/logo\/image\/"},"sameAs":["https:\/\/www.facebook.com\/PressenzaItalia","https:\/\/x.com\/PressenzaIPA"]},{"@type":"Person","@id":"https:\/\/www.pressenza.com\/es\/#\/schema\/person\/7c8ee170a4502d638436c91e385315f2","name":"Redacci\u00f3n Colombia","description":"News published by the Pressenza bureau in Colombia","url":"https:\/\/www.pressenza.com\/es\/author\/redaccion-colombia\/"}]}},"place":"Bogot\u00e1","original_article_url":"","_links":{"self":[{"href":"https:\/\/www.pressenza.com\/es\/wp-json\/wp\/v2\/posts\/1354167","targetHints":{"allow":["GET"]}}],"collection":[{"href":"https:\/\/www.pressenza.com\/es\/wp-json\/wp\/v2\/posts"}],"about":[{"href":"https:\/\/www.pressenza.com\/es\/wp-json\/wp\/v2\/types\/post"}],"author":[{"embeddable":true,"href":"https:\/\/www.pressenza.com\/es\/wp-json\/wp\/v2\/users\/1053"}],"replies":[{"embeddable":true,"href":"https:\/\/www.pressenza.com\/es\/wp-json\/wp\/v2\/comments?post=1354167"}],"version-history":[{"count":0,"href":"https:\/\/www.pressenza.com\/es\/wp-json\/wp\/v2\/posts\/1354167\/revisions"}],"wp:featuredmedia":[{"embeddable":true,"href":"https:\/\/www.pressenza.com\/es\/wp-json\/wp\/v2\/media\/1354172"}],"wp:attachment":[{"href":"https:\/\/www.pressenza.com\/es\/wp-json\/wp\/v2\/media?parent=1354167"}],"wp:term":[{"taxonomy":"category","embeddable":true,"href":"https:\/\/www.pressenza.com\/es\/wp-json\/wp\/v2\/categories?post=1354167"},{"taxonomy":"post_tag","embeddable":true,"href":"https:\/\/www.pressenza.com\/es\/wp-json\/wp\/v2\/tags?post=1354167"}],"curies":[{"name":"wp","href":"https:\/\/api.w.org\/{rel}","templated":true}]}}