{"id":134815,"date":"2014-09-26T03:36:36","date_gmt":"2014-09-26T02:36:36","guid":{"rendered":"http:\/\/www.pressenza.com\/?p=134815"},"modified":"2014-09-26T03:36:36","modified_gmt":"2014-09-26T02:36:36","slug":"testimonios-de-personas-que-regresaron-de-la-muerte","status":"publish","type":"post","link":"https:\/\/www.pressenza.com\/es\/2014\/09\/testimonios-de-personas-que-regresaron-de-la-muerte\/","title":{"rendered":"Testimonios de personas que regresaron\u2026 de la muerte\u2026"},"content":{"rendered":"<p lang=\"es-PE\" style=\"text-align: justify;\"><b>Por: Aur\u00e9lie Caillard<\/b><\/p>\n<p lang=\"es-PE\" style=\"text-align: justify;\"><b>Seg\u00fan varios estudios, un promedio del 4% de la poblaci\u00f3n vive lo que llamamos una experiencia cercana a la muerte, de los que 2,5 millones de personas viven en Francia. La inmersi\u00f3n en un t\u00fanel, encuentro con seres de luz o familiares desaparecidos, sentimientos de amor infinito\u2026 Cada vez m\u00e1s personas no dudan en deshacerse del temor al \u201cqu\u00e9 dir\u00e1n\u201d y compartir sus experiencias de \u201cel m\u00e1s all\u00e1\u201d.<\/b><\/p>\n<style type=\"text\/css\"><!--\np { margin-bottom: 0.25cm; direction: ltr; line-height: 120%; text-align: left; widows: 2; orphans: 2; }p.western {  }a:link { color: rgb(0, 0, 255); }\n--><\/style>\n<p lang=\"es-PE\" style=\"text-align: justify;\">En 2003, Nicole Canivenq estaba conduciendo su auto cuando choc\u00f3 violentamente contra un \u00e1rbol. <i>\u201cMe encontr\u00e9 directamente en otro lugar\u201d<\/i>, recuerda. Luego, se\u00f1ala que <i>\u201cel cielo estaba abajo y la tierra arriba\u201d<\/i>. A continuaci\u00f3n, intent\u00f3 volver a ponerse en una buena posici\u00f3n y constat\u00f3 que ella no estaba <i>\u201cm\u00e1s en su cuerpo\u201d<\/i>. Existen numerosos testimonios de esta descorporizaci\u00f3n. Por unos momentos, esas personas observan sus cuerpos sobre una mesa de operaciones o en un coche accidentado\u2026 y son capaces, a pesar de un estado de muerte cl\u00ednica o aparente inconsciencia, de ver y o\u00edr todo lo que que est\u00e1 pasando alrededor de ellos justo antes de entrar en otra realidad.<\/p>\n<p lang=\"es-PE\" style=\"text-align: justify;\"><b>El encuentro con seres de luz<\/b><\/p>\n<p lang=\"es-PE\" style=\"text-align: justify;\">En una conferencia organizada por los INREES, Nicole Canivenq cont\u00f3 que se encontr\u00f3 en <i>\u201cuna especie de prado con hierba muy verde\u201d<\/i>, y explic\u00f3 que unos seres de luz vinieron a su encuentro. <i>\u201cEran seres muy blancos. Ten\u00edan una forma de apariencia humana, pero al mismo tiempo no ten\u00edan realmente cara, ni brazos, ni piernas. Sent\u00ed un amor extraordinario. No es f\u00e1cil hablar de aquel nivel de amor. Era m\u00e1s como una vibraci\u00f3n de amor. Estos seres estaban animados de una gran alegr\u00eda. Sus risas llenaban todo el espacio. Era como un reencuentro\u201d.<\/i><\/p>\n<p lang=\"es-PE\" style=\"text-align: justify;\"><a href=\"http:\/\/www.inrees.com\/Conferences\/Les-EMI-par-ceux-qui-les-vivent\/\"><b>Descubra la conferencia: Los EMI por aquellos que los viven<\/b><\/a><\/p>\n<p lang=\"es-PE\" style=\"text-align: justify;\">Esta otra realidad es a menudo asociada con \u201cel m\u00e1s all\u00e1\u201d, la existencia de otra forma de vida por aquellos y aquellas que la viven, surgiendo as\u00ed muchas preguntas. \u00bfExiste realmente ese \u201cm\u00e1s all\u00e1\u201d? \u00bfHabr\u00e1 una vida despu\u00e9s de la vida? Si sigue habiendo dudas, durante cuarenta a\u00f1os se han recogido miles de testimonios en todo el mundo y en todas las culturas, y luego fueron analizados para observar sus similitudes. Seg\u00fan estos estudios, las personas que viven una experiencia cercana a la muerte evocan una sucesi\u00f3n de etapas: el t\u00fanel, la luz, la sensaci\u00f3n de calma y paz, el reecuentro con sus seres queridos ya fallecidos y\/o gu\u00edas espirituales, la sensaci\u00f3n de ser envueltos por un amor absoluto, la visi\u00f3n de hermosos paisajes, la transici\u00f3n a la revisi\u00f3n de la vida. Cada experiencia es \u00fanica y no necesariamente incluye todos estos pasos. Estos momentos son experimentados por la mayor\u00eda como una experiencia de \u201ciniciaci\u00f3n\u201d.<\/p>\n<p lang=\"es-PE\" style=\"text-align: justify;\"><b>Un amor incondicional e infinito<\/b><\/p>\n<p lang=\"es-PE\" style=\"text-align: justify;\">En 1968, a los veintis\u00e9is a\u00f1os, Nicole Dron vivi\u00f3 esa sensaci\u00f3n de amor absoluto. Ella comparte su experiencia en la <a href=\"http:\/\/www.inrees.com\/boutique_articles.php?idProduit=49\">revista INREES Nr.9<\/a>.<\/p>\n<p lang=\"es-PE\" style=\"text-align: justify;\">Tres semanas despu\u00e9s del nacimiento de su segundo hijo, ella tuvo dos hemorragias consecutivas. Mientras estaba en la sala de operaciones, su coraz\u00f3n dej\u00f3 de latir durante 45 segundos, probablemente los segundos de su existencia que m\u00e1s le han marcado la vida. Durante este tiempo, Nicole Dron asegura tambi\u00e9n haber salido de su cuerpo f\u00edsico, y ver todo lo que est\u00e1 pasando a su alrededor. Despu\u00e9s, ella se encontr\u00f3 en <i>\u201cun abismo de oscuridad y silencio\u201d.<\/i> Aterrorizada, decidi\u00f3 pedir ayuda. <i>\u201cA lo lejos vi una luz. A partir de ese momento, ya no estaba sola en el mundo. Por sobre todo, una gran alegr\u00eda se elev\u00f3 en mi coraz\u00f3n, mil veces m\u00e1s grande que todas las alegr\u00edas que sent\u00ed en la Tierra. Y volv\u00ed a entrar en la Luz. All\u00ed, no existen m\u00e1s las palabras. \u00a1Me sumerg\u00ed en este oc\u00e9ano de amor, me sent\u00ed totalmente comprendida, colmada y amada tal como yo era, y tan lejos de las preocupaciones y agitaciones de esta Tierra! No ten\u00eda conciencia del tiempo y el espacio, pero s\u00ed de \u201cser\u201d, de siempre haber \u201csido\u201d. Me di cuenta de que yo era parte de esa luz, que yo era eterna\u201d.<\/i><\/p>\n<p lang=\"es-PE\" style=\"text-align: justify;\"><b>Sentimientos de paz y plenitud<\/b><\/p>\n<p lang=\"es-PE\" style=\"text-align: justify;\">Y si bien la muerte generalmente produce miedo, lo que m\u00e1s se expresa en los testimonios es la sensaci\u00f3n de paz y plenitud. Hospitalizado y operado debido a un error durante un examen m\u00e9dico, el padre Patrice Gourrier sinti\u00f3 que se mor\u00eda. <i>\u201cRealmente me vi a m\u00ed mismo acostado en un barco con sus bordes muy planos, porque pod\u00eda ver la superficie del agua. Hubo una ligera bruma en la superficie del agua y luego vi una sombra negra tirar de la cuerda. Yo estaba consciente de que me estaba muriendo. Fue muy tranquilo ese momento. Sent\u00ed una sensaci\u00f3n de calma, que luego\u2026 nunca he vuelto a experimentar. Solo cuando recuerdo ese momento, vuelvo a vivir ese instante de tranquilidad. Y me dirig\u00eda poco a poco, muy lentamente, hacia una gran luz blanca\u201d.<\/i><\/p>\n<p lang=\"es-PE\" style=\"text-align: justify;\"><b>La vista panor\u00e1mica del pasado<\/b><\/p>\n<p lang=\"es-PE\" style=\"text-align: justify;\">Algunas personas dicen haber vuelto a ver escenas de sus vidas, como si fuera para ellos una oportunidad de entender algunas cosas, para luego implementar esas comprensiones una vez que hab\u00edan regresado a la vida. <i>\u201cVolv\u00ed a vivir mi vida al rev\u00e9s, desde mis 26 a\u00f1os hasta el momento en que nac\u00ed\u201d<\/i>, cuenta Nicole Dron. <i>\u201cCerca de m\u00ed, hab\u00eda un ser de luz. \u00c9l me pregunt\u00f3: \u201c\u00bfC\u00f3mo has amado y que hiciste por los dem\u00e1s?\u201d Inmediatamente sent\u00ed la exigencia de la pregunta. Era inquietante, debido a que durante el curso de esta revisi\u00f3n, una parte de m\u00ed estaba reviviendo cada situaci\u00f3n con todas las emociones que la acompa\u00f1aron; y la otra parte de m\u00ed, que no fue afectada en absoluto por las emociones, ve\u00eda todo con sabidur\u00eda, conocimiento, amor y justicia. Cuando yo hab\u00eda realizado un acto de bondad, me encontraba en el coraz\u00f3n de la persona a la que hab\u00eda hecho bien, y recib\u00eda el bien que le hab\u00eda hecho. Ocurr\u00eda lo mismo en las situaciones en las que hab\u00eda sido desagradable con los dem\u00e1s. Sent\u00ed en m\u00ed misma el dolor que hab\u00eda infligido a esas personas\u201d.<\/i><\/p>\n<p lang=\"es-PE\" style=\"text-align: justify;\"><b>Otra mirada sobre la muerte<\/b><\/p>\n<p lang=\"es-PE\" style=\"text-align: justify;\">Si los testimonios difieren entre las personas, estas experiencias modifican tanto a la visi\u00f3n de la vida, convirti\u00e9ndola en algo m\u00e1s precioso y sagrado, como a la visi\u00f3n de la muerte. La mayor\u00eda de las personas que han tenido estas experiencias, declaran no tener m\u00e1s miedo de la muerte. Al igual que el Padre Patrice Gourrier. Le gusta decir que \u00e9l ha hecho su \u201censayo general\u201d, y explica: <i>\u201cYo realmente no tengo miedo de morir porque s\u00e9 que, a pesar de que puede haber sufrimiento en un momento dado, \u00e9ste desaparece y otra cosa viene en su lugar\u201d<\/i>. Por otra parte, considera un beneficio para su papel como sacerdote el haberse confrontado con la muerte. <i>\u201cHe experimentado la muerte de muchos seres queridos. Me doy cuenta de que he sido testigo de todo ello. Este momento me ha preparado para no serlo m\u00e1s\u201d.<\/i><\/p>\n<p lang=\"es-PE\" style=\"text-align: justify;\"><b>La visi\u00f3n de situaciones u objetos confirmada posteriormente<\/b><\/p>\n<p lang=\"es-PE\" style=\"text-align: justify;\">Otros testimonios, reportan ciertos casos de elementos vistos u o\u00eddos durante la salida del cuerpo y posteriormente verificados, y que hacen pasar un mal rato a los m\u00e1s esc\u00e9pticos, dado que es simplemente imposible apoyarse en la hip\u00f3tesis de la alucinaci\u00f3n. En 1949, a la edad de veinte a\u00f1os, Jean Morzelle estaba en el ej\u00e9rcito. Por un descuido, recibi\u00f3 un disparo en el pecho durante un ejercicio. Algunas horas despu\u00e9s lo llevaron al hospital muy d\u00e9bil, y sinti\u00f3 que entraba r\u00e1pidamente en un agujero negro con una sensaci\u00f3n de ca\u00edda. Entonces se despierta y se encuentra en una habitaci\u00f3n que no conoce y en la que se est\u00e1 operando a una persona, que en este caso, era \u00e9l. <i>\u201cYo estaba en el aire, y ve\u00eda el espect\u00e1culo, intrigado, en absoluto ansioso, y curioso por ver en qu\u00e9 situaci\u00f3n estaba yo\u201d, <\/i>recuerda Jean Morzelle m\u00e1s de sesenta a\u00f1os despu\u00e9s de los hechos. \u00c9l quiere estar m\u00e1s cerca del cuerpo y r\u00e1pidamente se da cuenta de que puede viajar a donde quiera: <i>\u201cEra mi pensamiento el que me permit\u00eda dirigirme a donde yo quisiera\u201d<\/i>. Curioso, decidi\u00f3 recorrer hospital, y lo hizo atravesando paredes y ventanas, para su gran sorpresa. De regreso al cuarto donde el equipo m\u00e9dico lo operaba, su atenci\u00f3n se centra en una placa de metal en la mesa de operaciones. Profundamente afectado por esta experiencia, \u00e9l regresa a visitar al cirujano unos meses m\u00e1s tarde y le comenta acerca de esta placa. Inicialmente esc\u00e9ptico, decide ir a verificar por s\u00ed mismo, y regresa, <i>\u201cblanco como un papel\u201d<\/i>, habiendo confirmando la presencia del objeto. <i>\u201cEsta placa se encontraba bajo un velo que cubre la mesa de operaciones\u201d<\/i>, dice Jean Morzelle, todav\u00eda sorprendido de que pudiera verla.<\/p>\n<p lang=\"es-PE\" style=\"text-align: justify;\">A menudo desacreditadas, estas historias desaf\u00edan a la ciencia y al pensamiento actual sobre la conciencia. M\u00e1s recientemente, el testimonio del Dr. Eben Alexander, famoso neurocirujano estadounidense, podr\u00eda cambiar la visi\u00f3n actual de estas experiencias y har\u00eda avanzar en la comprensi\u00f3n cient\u00edfica de la conciencia. En 2008, cuando \u00e9l no cre\u00eda en absoluto en la vida despu\u00e9s de la muerte, una meningitis fulminante hizo a\u00f1icos sus creencias. Despu\u00e9s de estar siete d\u00edas en estado de coma con un pron\u00f3stico muy comprometedor, el Dr. Eben Alexander <i>\u201cexperiment\u00f3 algo tan profundo\u201d<\/i> que, despu\u00e9s de estudiar su historial m\u00e9dico y haciendo un gran trabajo de investigaci\u00f3n durante casi cuatro a\u00f1os, declar\u00f3 tener <i>\u201cuna raz\u00f3n cient\u00edfica para creer que la conciencia sobrevive despu\u00e9s de la muerte\u201d.<\/i><\/p>\n<p lang=\"es-PE\" style=\"text-align: justify;\">Encuentre el relato del Dr. Eben Alexander en <a href=\"http:\/\/www.inrees.com\/boutique_articles.php?idProduit=1483\">Inexplor\u00e9 N \u00ba 18<\/a>.<\/p>\n<p lang=\"es-PE\" style=\"text-align: justify;\">Fuente: <a href=\"http:\/\/www.inrees.com\/articles\/Temoignages-de-personnes-revenues-de-la-mort\/\">http:\/\/www.inrees.com\/articles\/Temoignages-de-personnes-revenues-de-la-mort\/<\/a><\/p>\n","protected":false},"excerpt":{"rendered":"<p>Por: Aur\u00e9lie Caillard Seg\u00fan varios estudios, un promedio del 4% de la poblaci\u00f3n vive lo que llamamos una experiencia cercana a la muerte, de los que 2,5 millones de personas viven en Francia. La inmersi\u00f3n en un t\u00fanel, encuentro con&hellip;<\/p>\n","protected":false},"author":1142,"featured_media":132695,"comment_status":"closed","ping_status":"open","sticky":false,"template":"","format":"standard","meta":{"footnotes":""},"categories":[1240,39,161],"tags":[],"class_list":["post-134815","post","type-post","status-publish","format-standard","has-post-thumbnail","hentry","category-humanismo-espiritualidad","category-internacional","category-opiniones"],"yoast_head":"<!-- This site is optimized with the Yoast SEO plugin v27.1.1 - https:\/\/yoast.com\/product\/yoast-seo-wordpress\/ -->\n<title>Testimonios de personas que regresaron\u2026 de la muerte\u2026<\/title>\n<meta name=\"description\" content=\"Por: Aur\u00e9lie Caillard Seg\u00fan varios estudios, un promedio del 4% de la poblaci\u00f3n vive lo que llamamos una experiencia cercana a la muerte, de los que 2,5\" \/>\n<meta name=\"robots\" content=\"index, follow, max-snippet:-1, max-image-preview:large, max-video-preview:-1\" \/>\n<link rel=\"canonical\" href=\"https:\/\/www.pressenza.com\/es\/2014\/09\/testimonios-de-personas-que-regresaron-de-la-muerte\/\" \/>\n<meta property=\"og:locale\" content=\"es_ES\" \/>\n<meta property=\"og:type\" content=\"article\" \/>\n<meta property=\"og:title\" content=\"Testimonios de personas que regresaron\u2026 de la muerte\u2026\" \/>\n<meta property=\"og:description\" content=\"Por: Aur\u00e9lie Caillard Seg\u00fan varios estudios, un promedio del 4% de la poblaci\u00f3n vive lo que llamamos una experiencia cercana a la muerte, de los que 2,5\" \/>\n<meta property=\"og:url\" content=\"https:\/\/www.pressenza.com\/es\/2014\/09\/testimonios-de-personas-que-regresaron-de-la-muerte\/\" \/>\n<meta property=\"og:site_name\" content=\"Pressenza\" \/>\n<meta property=\"article:publisher\" content=\"https:\/\/www.facebook.com\/PressenzaItalia\" \/>\n<meta property=\"article:author\" content=\"https:\/\/www.facebook.com\/INREES-135097866516826\/\" \/>\n<meta property=\"article:published_time\" content=\"2014-09-26T02:36:36+00:00\" \/>\n<meta property=\"og:image\" content=\"https:\/\/www.pressenza.com\/wp-content\/uploads\/2014\/09\/T\u00e9moignages-de-personnes-revenues\u2026-de-la-mort-800px-Near-Death-Experience_Illustration.jpg\" \/>\n\t<meta property=\"og:image:width\" content=\"800\" \/>\n\t<meta property=\"og:image:height\" content=\"533\" \/>\n\t<meta property=\"og:image:type\" content=\"image\/jpeg\" \/>\n<meta name=\"author\" content=\"INREES - Institut de Recherche sur les Exp\u00e9riences Extraordinaires\" \/>\n<meta name=\"twitter:card\" content=\"summary_large_image\" \/>\n<meta name=\"twitter:creator\" content=\"@INREES\" \/>\n<meta name=\"twitter:site\" content=\"@PressenzaIPA\" \/>\n<meta name=\"twitter:label1\" content=\"Escrito por\" \/>\n\t<meta name=\"twitter:data1\" content=\"INREES - Institut de Recherche sur les Exp\u00e9riences Extraordinaires\" \/>\n\t<meta name=\"twitter:label2\" content=\"Tiempo de lectura\" \/>\n\t<meta name=\"twitter:data2\" content=\"9 minutos\" \/>\n<script type=\"application\/ld+json\" class=\"yoast-schema-graph\">{\"@context\":\"https:\/\/schema.org\",\"@graph\":[{\"@type\":\"Article\",\"@id\":\"https:\/\/www.pressenza.com\/es\/2014\/09\/testimonios-de-personas-que-regresaron-de-la-muerte\/#article\",\"isPartOf\":{\"@id\":\"https:\/\/www.pressenza.com\/es\/2014\/09\/testimonios-de-personas-que-regresaron-de-la-muerte\/\"},\"author\":{\"name\":\"INREES - Institut de Recherche sur les Exp\u00e9riences Extraordinaires\",\"@id\":\"https:\/\/www.pressenza.com\/es\/#\/schema\/person\/ed412555e0d02523a5d1502d2a3d47d6\"},\"headline\":\"Testimonios de personas que regresaron\u2026 de la muerte\u2026\",\"datePublished\":\"2014-09-26T02:36:36+00:00\",\"mainEntityOfPage\":{\"@id\":\"https:\/\/www.pressenza.com\/es\/2014\/09\/testimonios-de-personas-que-regresaron-de-la-muerte\/\"},\"wordCount\":1716,\"publisher\":{\"@id\":\"https:\/\/www.pressenza.com\/es\/#organization\"},\"image\":{\"@id\":\"https:\/\/www.pressenza.com\/es\/2014\/09\/testimonios-de-personas-que-regresaron-de-la-muerte\/#primaryimage\"},\"thumbnailUrl\":\"https:\/\/www.pressenza.com\/wp-content\/uploads\/2014\/09\/T\u00e9moignages-de-personnes-revenues\u2026-de-la-mort-800px-Near-Death-Experience_Illustration.jpg\",\"articleSection\":[\"Humanismo y Espiritualidad\",\"Internacional\",\"Opiniones\"],\"inLanguage\":\"es\"},{\"@type\":\"WebPage\",\"@id\":\"https:\/\/www.pressenza.com\/es\/2014\/09\/testimonios-de-personas-que-regresaron-de-la-muerte\/\",\"url\":\"https:\/\/www.pressenza.com\/es\/2014\/09\/testimonios-de-personas-que-regresaron-de-la-muerte\/\",\"name\":\"Testimonios de personas que regresaron\u2026 de la muerte\u2026\",\"isPartOf\":{\"@id\":\"https:\/\/www.pressenza.com\/es\/#website\"},\"primaryImageOfPage\":{\"@id\":\"https:\/\/www.pressenza.com\/es\/2014\/09\/testimonios-de-personas-que-regresaron-de-la-muerte\/#primaryimage\"},\"image\":{\"@id\":\"https:\/\/www.pressenza.com\/es\/2014\/09\/testimonios-de-personas-que-regresaron-de-la-muerte\/#primaryimage\"},\"thumbnailUrl\":\"https:\/\/www.pressenza.com\/wp-content\/uploads\/2014\/09\/T\u00e9moignages-de-personnes-revenues\u2026-de-la-mort-800px-Near-Death-Experience_Illustration.jpg\",\"datePublished\":\"2014-09-26T02:36:36+00:00\",\"description\":\"Por: Aur\u00e9lie Caillard Seg\u00fan varios estudios, un promedio del 4% de la poblaci\u00f3n vive lo que llamamos una experiencia cercana a la muerte, de los que 2,5\",\"breadcrumb\":{\"@id\":\"https:\/\/www.pressenza.com\/es\/2014\/09\/testimonios-de-personas-que-regresaron-de-la-muerte\/#breadcrumb\"},\"inLanguage\":\"es\",\"potentialAction\":[{\"@type\":\"ReadAction\",\"target\":[\"https:\/\/www.pressenza.com\/es\/2014\/09\/testimonios-de-personas-que-regresaron-de-la-muerte\/\"]}]},{\"@type\":\"ImageObject\",\"inLanguage\":\"es\",\"@id\":\"https:\/\/www.pressenza.com\/es\/2014\/09\/testimonios-de-personas-que-regresaron-de-la-muerte\/#primaryimage\",\"url\":\"https:\/\/www.pressenza.com\/wp-content\/uploads\/2014\/09\/T\u00e9moignages-de-personnes-revenues\u2026-de-la-mort-800px-Near-Death-Experience_Illustration.jpg\",\"contentUrl\":\"https:\/\/www.pressenza.com\/wp-content\/uploads\/2014\/09\/T\u00e9moignages-de-personnes-revenues\u2026-de-la-mort-800px-Near-Death-Experience_Illustration.jpg\",\"width\":800,\"height\":533},{\"@type\":\"BreadcrumbList\",\"@id\":\"https:\/\/www.pressenza.com\/es\/2014\/09\/testimonios-de-personas-que-regresaron-de-la-muerte\/#breadcrumb\",\"itemListElement\":[{\"@type\":\"ListItem\",\"position\":1,\"name\":\"Accueil\",\"item\":\"https:\/\/www.pressenza.com\/es\/\"},{\"@type\":\"ListItem\",\"position\":2,\"name\":\"Testimonios de personas que regresaron\u2026 de la muerte\u2026\"}]},{\"@type\":\"WebSite\",\"@id\":\"https:\/\/www.pressenza.com\/es\/#website\",\"url\":\"https:\/\/www.pressenza.com\/es\/\",\"name\":\"Pressenza\",\"description\":\"International Press Agency\",\"publisher\":{\"@id\":\"https:\/\/www.pressenza.com\/es\/#organization\"},\"potentialAction\":[{\"@type\":\"SearchAction\",\"target\":{\"@type\":\"EntryPoint\",\"urlTemplate\":\"https:\/\/www.pressenza.com\/es\/?s={search_term_string}\"},\"query-input\":{\"@type\":\"PropertyValueSpecification\",\"valueRequired\":true,\"valueName\":\"search_term_string\"}}],\"inLanguage\":\"es\"},{\"@type\":\"Organization\",\"@id\":\"https:\/\/www.pressenza.com\/es\/#organization\",\"name\":\"Pressenza\",\"url\":\"https:\/\/www.pressenza.com\/es\/\",\"logo\":{\"@type\":\"ImageObject\",\"inLanguage\":\"es\",\"@id\":\"https:\/\/www.pressenza.com\/es\/#\/schema\/logo\/image\/\",\"url\":\"https:\/\/www.pressenza.com\/wp-content\/uploads\/2022\/10\/pressenza_logo_200x200.jpg\",\"contentUrl\":\"https:\/\/www.pressenza.com\/wp-content\/uploads\/2022\/10\/pressenza_logo_200x200.jpg\",\"width\":200,\"height\":200,\"caption\":\"Pressenza\"},\"image\":{\"@id\":\"https:\/\/www.pressenza.com\/es\/#\/schema\/logo\/image\/\"},\"sameAs\":[\"https:\/\/www.facebook.com\/PressenzaItalia\",\"https:\/\/x.com\/PressenzaIPA\"]},{\"@type\":\"Person\",\"@id\":\"https:\/\/www.pressenza.com\/es\/#\/schema\/person\/ed412555e0d02523a5d1502d2a3d47d6\",\"name\":\"INREES - Institut de Recherche sur les Exp\u00e9riences Extraordinaires\",\"description\":\"L\u2019INREES - Institut de Recherche sur les Exp\u00e9riences Extraordinaires - est n\u00e9 du constat suivant : il est possible de s\u2019int\u00e9resser \u00e0 ces exp\u00e9riences que nous n\u2019arrivons pas \u00e0 expliquer et que nous qualifions d\u2019extraordinaires, voir de \u00ab surnaturelles \u00bb, tout en conservant les deux pieds sur terre. Pour cela l\u2019INREES s\u2019appuie sur un questionnement scientifique rigoureux tout en gardant \u00e0 l\u2019esprit, comme le soulignent d\u2019ailleurs les scientifiques eux-m\u00eames, que les connaissances que nous poss\u00e9dons sur la nature de la r\u00e9alit\u00e9 sont limit\u00e9es. www.inrees.com\",\"sameAs\":[\"https:\/\/www.inrees.com\/\",\"https:\/\/www.facebook.com\/INREES-135097866516826\/\",\"https:\/\/x.com\/INREES\"],\"url\":\"https:\/\/www.pressenza.com\/es\/author\/inrees\/\"}]}<\/script>\n<!-- \/ Yoast SEO plugin. -->","yoast_head_json":{"title":"Testimonios de personas que regresaron\u2026 de la muerte\u2026","description":"Por: Aur\u00e9lie Caillard Seg\u00fan varios estudios, un promedio del 4% de la poblaci\u00f3n vive lo que llamamos una experiencia cercana a la muerte, de los que 2,5","robots":{"index":"index","follow":"follow","max-snippet":"max-snippet:-1","max-image-preview":"max-image-preview:large","max-video-preview":"max-video-preview:-1"},"canonical":"https:\/\/www.pressenza.com\/es\/2014\/09\/testimonios-de-personas-que-regresaron-de-la-muerte\/","og_locale":"es_ES","og_type":"article","og_title":"Testimonios de personas que regresaron\u2026 de la muerte\u2026","og_description":"Por: Aur\u00e9lie Caillard Seg\u00fan varios estudios, un promedio del 4% de la poblaci\u00f3n vive lo que llamamos una experiencia cercana a la muerte, de los que 2,5","og_url":"https:\/\/www.pressenza.com\/es\/2014\/09\/testimonios-de-personas-que-regresaron-de-la-muerte\/","og_site_name":"Pressenza","article_publisher":"https:\/\/www.facebook.com\/PressenzaItalia","article_author":"https:\/\/www.facebook.com\/INREES-135097866516826\/","article_published_time":"2014-09-26T02:36:36+00:00","og_image":[{"width":800,"height":533,"url":"https:\/\/www.pressenza.com\/wp-content\/uploads\/2014\/09\/T\u00e9moignages-de-personnes-revenues\u2026-de-la-mort-800px-Near-Death-Experience_Illustration.jpg","type":"image\/jpeg"}],"author":"INREES - Institut de Recherche sur les Exp\u00e9riences Extraordinaires","twitter_card":"summary_large_image","twitter_creator":"@INREES","twitter_site":"@PressenzaIPA","twitter_misc":{"Escrito por":"INREES - Institut de Recherche sur les Exp\u00e9riences Extraordinaires","Tiempo de lectura":"9 minutos"},"schema":{"@context":"https:\/\/schema.org","@graph":[{"@type":"Article","@id":"https:\/\/www.pressenza.com\/es\/2014\/09\/testimonios-de-personas-que-regresaron-de-la-muerte\/#article","isPartOf":{"@id":"https:\/\/www.pressenza.com\/es\/2014\/09\/testimonios-de-personas-que-regresaron-de-la-muerte\/"},"author":{"name":"INREES - Institut de Recherche sur les Exp\u00e9riences Extraordinaires","@id":"https:\/\/www.pressenza.com\/es\/#\/schema\/person\/ed412555e0d02523a5d1502d2a3d47d6"},"headline":"Testimonios de personas que regresaron\u2026 de la muerte\u2026","datePublished":"2014-09-26T02:36:36+00:00","mainEntityOfPage":{"@id":"https:\/\/www.pressenza.com\/es\/2014\/09\/testimonios-de-personas-que-regresaron-de-la-muerte\/"},"wordCount":1716,"publisher":{"@id":"https:\/\/www.pressenza.com\/es\/#organization"},"image":{"@id":"https:\/\/www.pressenza.com\/es\/2014\/09\/testimonios-de-personas-que-regresaron-de-la-muerte\/#primaryimage"},"thumbnailUrl":"https:\/\/www.pressenza.com\/wp-content\/uploads\/2014\/09\/T\u00e9moignages-de-personnes-revenues\u2026-de-la-mort-800px-Near-Death-Experience_Illustration.jpg","articleSection":["Humanismo y Espiritualidad","Internacional","Opiniones"],"inLanguage":"es"},{"@type":"WebPage","@id":"https:\/\/www.pressenza.com\/es\/2014\/09\/testimonios-de-personas-que-regresaron-de-la-muerte\/","url":"https:\/\/www.pressenza.com\/es\/2014\/09\/testimonios-de-personas-que-regresaron-de-la-muerte\/","name":"Testimonios de personas que regresaron\u2026 de la muerte\u2026","isPartOf":{"@id":"https:\/\/www.pressenza.com\/es\/#website"},"primaryImageOfPage":{"@id":"https:\/\/www.pressenza.com\/es\/2014\/09\/testimonios-de-personas-que-regresaron-de-la-muerte\/#primaryimage"},"image":{"@id":"https:\/\/www.pressenza.com\/es\/2014\/09\/testimonios-de-personas-que-regresaron-de-la-muerte\/#primaryimage"},"thumbnailUrl":"https:\/\/www.pressenza.com\/wp-content\/uploads\/2014\/09\/T\u00e9moignages-de-personnes-revenues\u2026-de-la-mort-800px-Near-Death-Experience_Illustration.jpg","datePublished":"2014-09-26T02:36:36+00:00","description":"Por: Aur\u00e9lie Caillard Seg\u00fan varios estudios, un promedio del 4% de la poblaci\u00f3n vive lo que llamamos una experiencia cercana a la muerte, de los que 2,5","breadcrumb":{"@id":"https:\/\/www.pressenza.com\/es\/2014\/09\/testimonios-de-personas-que-regresaron-de-la-muerte\/#breadcrumb"},"inLanguage":"es","potentialAction":[{"@type":"ReadAction","target":["https:\/\/www.pressenza.com\/es\/2014\/09\/testimonios-de-personas-que-regresaron-de-la-muerte\/"]}]},{"@type":"ImageObject","inLanguage":"es","@id":"https:\/\/www.pressenza.com\/es\/2014\/09\/testimonios-de-personas-que-regresaron-de-la-muerte\/#primaryimage","url":"https:\/\/www.pressenza.com\/wp-content\/uploads\/2014\/09\/T\u00e9moignages-de-personnes-revenues\u2026-de-la-mort-800px-Near-Death-Experience_Illustration.jpg","contentUrl":"https:\/\/www.pressenza.com\/wp-content\/uploads\/2014\/09\/T\u00e9moignages-de-personnes-revenues\u2026-de-la-mort-800px-Near-Death-Experience_Illustration.jpg","width":800,"height":533},{"@type":"BreadcrumbList","@id":"https:\/\/www.pressenza.com\/es\/2014\/09\/testimonios-de-personas-que-regresaron-de-la-muerte\/#breadcrumb","itemListElement":[{"@type":"ListItem","position":1,"name":"Accueil","item":"https:\/\/www.pressenza.com\/es\/"},{"@type":"ListItem","position":2,"name":"Testimonios de personas que regresaron\u2026 de la muerte\u2026"}]},{"@type":"WebSite","@id":"https:\/\/www.pressenza.com\/es\/#website","url":"https:\/\/www.pressenza.com\/es\/","name":"Pressenza","description":"International Press Agency","publisher":{"@id":"https:\/\/www.pressenza.com\/es\/#organization"},"potentialAction":[{"@type":"SearchAction","target":{"@type":"EntryPoint","urlTemplate":"https:\/\/www.pressenza.com\/es\/?s={search_term_string}"},"query-input":{"@type":"PropertyValueSpecification","valueRequired":true,"valueName":"search_term_string"}}],"inLanguage":"es"},{"@type":"Organization","@id":"https:\/\/www.pressenza.com\/es\/#organization","name":"Pressenza","url":"https:\/\/www.pressenza.com\/es\/","logo":{"@type":"ImageObject","inLanguage":"es","@id":"https:\/\/www.pressenza.com\/es\/#\/schema\/logo\/image\/","url":"https:\/\/www.pressenza.com\/wp-content\/uploads\/2022\/10\/pressenza_logo_200x200.jpg","contentUrl":"https:\/\/www.pressenza.com\/wp-content\/uploads\/2022\/10\/pressenza_logo_200x200.jpg","width":200,"height":200,"caption":"Pressenza"},"image":{"@id":"https:\/\/www.pressenza.com\/es\/#\/schema\/logo\/image\/"},"sameAs":["https:\/\/www.facebook.com\/PressenzaItalia","https:\/\/x.com\/PressenzaIPA"]},{"@type":"Person","@id":"https:\/\/www.pressenza.com\/es\/#\/schema\/person\/ed412555e0d02523a5d1502d2a3d47d6","name":"INREES - Institut de Recherche sur les Exp\u00e9riences Extraordinaires","description":"L\u2019INREES - Institut de Recherche sur les Exp\u00e9riences Extraordinaires - est n\u00e9 du constat suivant : il est possible de s\u2019int\u00e9resser \u00e0 ces exp\u00e9riences que nous n\u2019arrivons pas \u00e0 expliquer et que nous qualifions d\u2019extraordinaires, voir de \u00ab surnaturelles \u00bb, tout en conservant les deux pieds sur terre. Pour cela l\u2019INREES s\u2019appuie sur un questionnement scientifique rigoureux tout en gardant \u00e0 l\u2019esprit, comme le soulignent d\u2019ailleurs les scientifiques eux-m\u00eames, que les connaissances que nous poss\u00e9dons sur la nature de la r\u00e9alit\u00e9 sont limit\u00e9es. www.inrees.com","sameAs":["https:\/\/www.inrees.com\/","https:\/\/www.facebook.com\/INREES-135097866516826\/","https:\/\/x.com\/INREES"],"url":"https:\/\/www.pressenza.com\/es\/author\/inrees\/"}]}},"place":"","original_article_url":"","_links":{"self":[{"href":"https:\/\/www.pressenza.com\/es\/wp-json\/wp\/v2\/posts\/134815","targetHints":{"allow":["GET"]}}],"collection":[{"href":"https:\/\/www.pressenza.com\/es\/wp-json\/wp\/v2\/posts"}],"about":[{"href":"https:\/\/www.pressenza.com\/es\/wp-json\/wp\/v2\/types\/post"}],"author":[{"embeddable":true,"href":"https:\/\/www.pressenza.com\/es\/wp-json\/wp\/v2\/users\/1142"}],"replies":[{"embeddable":true,"href":"https:\/\/www.pressenza.com\/es\/wp-json\/wp\/v2\/comments?post=134815"}],"version-history":[{"count":0,"href":"https:\/\/www.pressenza.com\/es\/wp-json\/wp\/v2\/posts\/134815\/revisions"}],"wp:featuredmedia":[{"embeddable":true,"href":"https:\/\/www.pressenza.com\/es\/wp-json\/wp\/v2\/media\/132695"}],"wp:attachment":[{"href":"https:\/\/www.pressenza.com\/es\/wp-json\/wp\/v2\/media?parent=134815"}],"wp:term":[{"taxonomy":"category","embeddable":true,"href":"https:\/\/www.pressenza.com\/es\/wp-json\/wp\/v2\/categories?post=134815"},{"taxonomy":"post_tag","embeddable":true,"href":"https:\/\/www.pressenza.com\/es\/wp-json\/wp\/v2\/tags?post=134815"}],"curies":[{"name":"wp","href":"https:\/\/api.w.org\/{rel}","templated":true}]}}