{"id":1347827,"date":"2021-04-24T16:34:13","date_gmt":"2021-04-24T15:34:13","guid":{"rendered":"https:\/\/www.pressenza.com\/?p=1347827"},"modified":"2021-04-24T16:34:13","modified_gmt":"2021-04-24T15:34:13","slug":"genocidio-armenio-negacion-y-tergiversacion","status":"publish","type":"post","link":"https:\/\/www.pressenza.com\/es\/2021\/04\/genocidio-armenio-negacion-y-tergiversacion\/","title":{"rendered":"Genocidio armenio: negaci\u00f3n y tergiversaci\u00f3n"},"content":{"rendered":"<p>Soy hija, de sobrevivientes del genocidio armenio. Nadie puede venir a negarmelo. Escuch\u00e9 las historias de mis padres. Perd\u00ed la oportunidad de conocer a abuelos y t\u00edos.\u00a0 A trav\u00e9s de los a\u00f1os fui descubriendo detalles terribles que ellos no me quisieron contar.<\/p>\n<p>A 106 a\u00f1os de un nuevo aniversario de este aberrante y criminal hecho, otra vez\u2026 silencio de la comunidad internacional, silencio de las organizaciones internacionales.<\/p>\n<p>Negacionismo, la pol\u00edtica que llev\u00f3 adelante Turqu\u00eda, \u00a0el estado ejecutor de ese crimen de lesa humanidad. Hasta hace poco\u2026 todo era mentira, ofrec\u00edan rever lo ocurrido con historiadores, porque la documentaci\u00f3n que hay, las fotos, sacadas por c\u00f3nsules, embajadores extranjeros\u2026 telegramas enviados a sus pa\u00edses notificando lo que suced\u00eda, no alcanzan.<\/p>\n<p>Y siguen avanzando, ning\u00fan pa\u00eds es capaz de ponerle un freno, un l\u00edmite a tanta barbarie en una \u00e9poca&#8230; supuestamente civilizada&#8230;?<\/p>\n<p>En el 2016 un intento de invasi\u00f3n de 4 d\u00edas\u2026<\/p>\n<p>En julio del 2020, otro ataque en el norte de Armenia. Y en setiembre otra invasi\u00f3n a territorios hist\u00f3rica y ancestralmente armenios.<\/p>\n<p>En 1915\u2026 hombres \u00a0decapitados, salvajemente asesinados, mujeres violadas\u2026, quemadas y arrojadas vivas a los r\u00edos. Hoy, el precio de cada cuerpo de un armenio es de 2.000 d\u00f3lares de premio, si ven\u00eda decapitado 100 d\u00f3lares m\u00e1s. El panturquismo avanza\u2026 de la mano de un dictador que entronizado en su silla, solo piensa en convertirse en\u00a0 gran sult\u00e1n.<\/p>\n<p>El humanismo no existe ni para este pa\u00eds, ni para su hermano de religi\u00f3n, ni para los que en silencio absoluto, solo reaccionan para paliar las consecuencias durante el despu\u00e9s.<\/p>\n<p>Y como todo esto no alcanza para hacernos olvidar\u2026 viene la etapa de la tergiversaci\u00f3n. El nuevo plan de este siniestro gobierno, armando seminarios con intelectuales de todo el mundo, tratando de infundirles la idea de que la historia fue al rev\u00e9s.<\/p>\n<p>\u00bfPor qu\u00e9 entonces, tantas personalidades turcas, no pueden vivir en su pa\u00eds?<\/p>\n<p>\u00bfPor qu\u00e9 est\u00e1 prohibida la \u201cofensa al estado turco\u201d si es un error hist\u00f3rico, una tergiversaci\u00f3n?<\/p>\n<p>Y adem\u00e1s, \u00bfPor qu\u00e9 se callan los peque\u00f1os pero poderosos pa\u00edses, v\u00edctimas tambi\u00e9n de genocidio, pero productores de armas de \u00faltima generaci\u00f3n?<\/p>\n<p>\u00bfHasta qu\u00e9 momento toleraremos esta falta de humanidad?<\/p>\n<p>El gobierno de Armenia, habla de re-ver la actitud con el vecino, mientras\u2026 no se devuelven a los heridos, a los muertos, a los detenidos\u2026 Mientras se inaugura un museo en Baku donde el horror, el odio hacen que los ni\u00f1os pateen los sombreros militares de los soldados armenios que murieron durante los 44 d\u00edas, donde se puede ver im\u00e1genes de cera burlescas de supuestos soldados armenios.<\/p>\n<p>Soy hija de sobrevivientes, y quiero, deseo fervientemente que mi pueblo, la zona, la regi\u00f3n y el mundo vivan en respeto, en Paz\u2026 \u00bfpero qui\u00e9n hace algo para lograrlo?<\/p>\n<p>Soy hija de sobrevivientes, humanista, quiero lo mejor para todos en un marco de tolerancia, pero\u2026 no hacemos m\u00e1s que recibir odio y provocaciones, una naci\u00f3n, un pueblo que lleva m\u00e1s de 5.000 a\u00f1os viviendo en la regi\u00f3n.<\/p>\n<p>Pedimos Reconocimiento, Resarcimiento y Paz \u00a1Justicia! \u00a1Nunca m\u00e1s genocidios!<\/p>\n","protected":false},"excerpt":{"rendered":"<p>Soy hija, de sobrevivientes del genocidio armenio. Nadie puede venir a negarmelo. Escuch\u00e9 las historias de mis padres. Perd\u00ed la oportunidad de conocer a abuelos y t\u00edos.\u00a0 A trav\u00e9s de los a\u00f1os fui descubriendo detalles terribles que ellos no me&hellip;<\/p>\n","protected":false},"author":1212,"featured_media":1347828,"comment_status":"closed","ping_status":"closed","sticky":false,"template":"","format":"standard","meta":{"footnotes":""},"categories":[65,76,11389,161],"tags":[13100,10315,3021],"class_list":["post-1347827","post","type-post","status-publish","format-standard","has-post-thumbnail","hentry","category-asia-es","category-relaciones-exteriores","category-contenido-original","category-opiniones","tag-armenia-es","tag-genocidio-es","tag-turquia"],"yoast_head":"<!-- This site is optimized with the Yoast SEO plugin v27.1.1 - https:\/\/yoast.com\/product\/yoast-seo-wordpress\/ -->\n<title>Genocidio armenio: negaci\u00f3n y tergiversaci\u00f3n<\/title>\n<meta name=\"description\" content=\"Soy hija, de sobrevivientes del genocidio armenio. Nadie puede venir a negarmelo. Escuch\u00e9 las historias de mis padres. Perd\u00ed la oportunidad de conocer a\" \/>\n<meta name=\"robots\" content=\"index, follow, max-snippet:-1, max-image-preview:large, max-video-preview:-1\" \/>\n<link rel=\"canonical\" href=\"https:\/\/www.pressenza.com\/es\/2021\/04\/genocidio-armenio-negacion-y-tergiversacion\/\" \/>\n<meta property=\"og:locale\" content=\"es_ES\" \/>\n<meta property=\"og:type\" content=\"article\" \/>\n<meta property=\"og:title\" content=\"Genocidio armenio: negaci\u00f3n y tergiversaci\u00f3n\" \/>\n<meta property=\"og:description\" content=\"Soy hija, de sobrevivientes del genocidio armenio. Nadie puede venir a negarmelo. Escuch\u00e9 las historias de mis padres. Perd\u00ed la oportunidad de conocer a\" \/>\n<meta property=\"og:url\" content=\"https:\/\/www.pressenza.com\/es\/2021\/04\/genocidio-armenio-negacion-y-tergiversacion\/\" \/>\n<meta property=\"og:site_name\" content=\"Pressenza\" \/>\n<meta property=\"article:publisher\" content=\"https:\/\/www.facebook.com\/PressenzaItalia\" \/>\n<meta property=\"article:published_time\" content=\"2021-04-24T15:34:13+00:00\" \/>\n<meta property=\"og:image\" content=\"https:\/\/www.pressenza.com\/wp-content\/uploads\/2021\/04\/imagen.png\" \/>\n\t<meta property=\"og:image:width\" content=\"679\" \/>\n\t<meta property=\"og:image:height\" content=\"426\" \/>\n\t<meta property=\"og:image:type\" content=\"image\/png\" \/>\n<meta name=\"author\" content=\"Ana Maria Mahserdjian\" \/>\n<meta name=\"twitter:card\" content=\"summary_large_image\" \/>\n<meta name=\"twitter:creator\" content=\"@PressenzaIPA\" \/>\n<meta name=\"twitter:site\" content=\"@PressenzaIPA\" \/>\n<meta name=\"twitter:label1\" content=\"Escrito por\" \/>\n\t<meta name=\"twitter:data1\" content=\"Ana Maria Mahserdjian\" \/>\n\t<meta name=\"twitter:label2\" content=\"Tiempo de lectura\" \/>\n\t<meta name=\"twitter:data2\" content=\"3 minutos\" \/>\n<script type=\"application\/ld+json\" class=\"yoast-schema-graph\">{\"@context\":\"https:\/\/schema.org\",\"@graph\":[{\"@type\":\"Article\",\"@id\":\"https:\/\/www.pressenza.com\/es\/2021\/04\/genocidio-armenio-negacion-y-tergiversacion\/#article\",\"isPartOf\":{\"@id\":\"https:\/\/www.pressenza.com\/es\/2021\/04\/genocidio-armenio-negacion-y-tergiversacion\/\"},\"author\":{\"name\":\"Ana Maria Mahserdjian\",\"@id\":\"https:\/\/www.pressenza.com\/es\/#\/schema\/person\/733c21fcef6b740aa09a260e9b7661ea\"},\"headline\":\"Genocidio armenio: negaci\u00f3n y tergiversaci\u00f3n\",\"datePublished\":\"2021-04-24T15:34:13+00:00\",\"mainEntityOfPage\":{\"@id\":\"https:\/\/www.pressenza.com\/es\/2021\/04\/genocidio-armenio-negacion-y-tergiversacion\/\"},\"wordCount\":548,\"publisher\":{\"@id\":\"https:\/\/www.pressenza.com\/es\/#organization\"},\"image\":{\"@id\":\"https:\/\/www.pressenza.com\/es\/2021\/04\/genocidio-armenio-negacion-y-tergiversacion\/#primaryimage\"},\"thumbnailUrl\":\"https:\/\/www.pressenza.com\/wp-content\/uploads\/2021\/04\/imagen.png\",\"keywords\":[\"Armenia\",\"Genocidio\",\"Turqu\u00eda\"],\"articleSection\":[\"Asia\",\"Asuntos internacionales\",\"Contenido Original\",\"Opiniones\"],\"inLanguage\":\"es\"},{\"@type\":\"WebPage\",\"@id\":\"https:\/\/www.pressenza.com\/es\/2021\/04\/genocidio-armenio-negacion-y-tergiversacion\/\",\"url\":\"https:\/\/www.pressenza.com\/es\/2021\/04\/genocidio-armenio-negacion-y-tergiversacion\/\",\"name\":\"Genocidio armenio: negaci\u00f3n y tergiversaci\u00f3n\",\"isPartOf\":{\"@id\":\"https:\/\/www.pressenza.com\/es\/#website\"},\"primaryImageOfPage\":{\"@id\":\"https:\/\/www.pressenza.com\/es\/2021\/04\/genocidio-armenio-negacion-y-tergiversacion\/#primaryimage\"},\"image\":{\"@id\":\"https:\/\/www.pressenza.com\/es\/2021\/04\/genocidio-armenio-negacion-y-tergiversacion\/#primaryimage\"},\"thumbnailUrl\":\"https:\/\/www.pressenza.com\/wp-content\/uploads\/2021\/04\/imagen.png\",\"datePublished\":\"2021-04-24T15:34:13+00:00\",\"description\":\"Soy hija, de sobrevivientes del genocidio armenio. Nadie puede venir a negarmelo. Escuch\u00e9 las historias de mis padres. Perd\u00ed la oportunidad de conocer a\",\"breadcrumb\":{\"@id\":\"https:\/\/www.pressenza.com\/es\/2021\/04\/genocidio-armenio-negacion-y-tergiversacion\/#breadcrumb\"},\"inLanguage\":\"es\",\"potentialAction\":[{\"@type\":\"ReadAction\",\"target\":[\"https:\/\/www.pressenza.com\/es\/2021\/04\/genocidio-armenio-negacion-y-tergiversacion\/\"]}]},{\"@type\":\"ImageObject\",\"inLanguage\":\"es\",\"@id\":\"https:\/\/www.pressenza.com\/es\/2021\/04\/genocidio-armenio-negacion-y-tergiversacion\/#primaryimage\",\"url\":\"https:\/\/www.pressenza.com\/wp-content\/uploads\/2021\/04\/imagen.png\",\"contentUrl\":\"https:\/\/www.pressenza.com\/wp-content\/uploads\/2021\/04\/imagen.png\",\"width\":679,\"height\":426},{\"@type\":\"BreadcrumbList\",\"@id\":\"https:\/\/www.pressenza.com\/es\/2021\/04\/genocidio-armenio-negacion-y-tergiversacion\/#breadcrumb\",\"itemListElement\":[{\"@type\":\"ListItem\",\"position\":1,\"name\":\"Accueil\",\"item\":\"https:\/\/www.pressenza.com\/es\/\"},{\"@type\":\"ListItem\",\"position\":2,\"name\":\"Genocidio armenio: negaci\u00f3n y tergiversaci\u00f3n\"}]},{\"@type\":\"WebSite\",\"@id\":\"https:\/\/www.pressenza.com\/es\/#website\",\"url\":\"https:\/\/www.pressenza.com\/es\/\",\"name\":\"Pressenza\",\"description\":\"International Press Agency\",\"publisher\":{\"@id\":\"https:\/\/www.pressenza.com\/es\/#organization\"},\"potentialAction\":[{\"@type\":\"SearchAction\",\"target\":{\"@type\":\"EntryPoint\",\"urlTemplate\":\"https:\/\/www.pressenza.com\/es\/?s={search_term_string}\"},\"query-input\":{\"@type\":\"PropertyValueSpecification\",\"valueRequired\":true,\"valueName\":\"search_term_string\"}}],\"inLanguage\":\"es\"},{\"@type\":\"Organization\",\"@id\":\"https:\/\/www.pressenza.com\/es\/#organization\",\"name\":\"Pressenza\",\"url\":\"https:\/\/www.pressenza.com\/es\/\",\"logo\":{\"@type\":\"ImageObject\",\"inLanguage\":\"es\",\"@id\":\"https:\/\/www.pressenza.com\/es\/#\/schema\/logo\/image\/\",\"url\":\"https:\/\/www.pressenza.com\/wp-content\/uploads\/2022\/10\/pressenza_logo_200x200.jpg\",\"contentUrl\":\"https:\/\/www.pressenza.com\/wp-content\/uploads\/2022\/10\/pressenza_logo_200x200.jpg\",\"width\":200,\"height\":200,\"caption\":\"Pressenza\"},\"image\":{\"@id\":\"https:\/\/www.pressenza.com\/es\/#\/schema\/logo\/image\/\"},\"sameAs\":[\"https:\/\/www.facebook.com\/PressenzaItalia\",\"https:\/\/x.com\/PressenzaIPA\"]},{\"@type\":\"Person\",\"@id\":\"https:\/\/www.pressenza.com\/es\/#\/schema\/person\/733c21fcef6b740aa09a260e9b7661ea\",\"name\":\"Ana Maria Mahserdjian\",\"url\":\"https:\/\/www.pressenza.com\/es\/author\/ana-maria-mahjserdjian\/\"}]}<\/script>\n<!-- \/ Yoast SEO plugin. -->","yoast_head_json":{"title":"Genocidio armenio: negaci\u00f3n y tergiversaci\u00f3n","description":"Soy hija, de sobrevivientes del genocidio armenio. Nadie puede venir a negarmelo. Escuch\u00e9 las historias de mis padres. Perd\u00ed la oportunidad de conocer a","robots":{"index":"index","follow":"follow","max-snippet":"max-snippet:-1","max-image-preview":"max-image-preview:large","max-video-preview":"max-video-preview:-1"},"canonical":"https:\/\/www.pressenza.com\/es\/2021\/04\/genocidio-armenio-negacion-y-tergiversacion\/","og_locale":"es_ES","og_type":"article","og_title":"Genocidio armenio: negaci\u00f3n y tergiversaci\u00f3n","og_description":"Soy hija, de sobrevivientes del genocidio armenio. Nadie puede venir a negarmelo. Escuch\u00e9 las historias de mis padres. Perd\u00ed la oportunidad de conocer a","og_url":"https:\/\/www.pressenza.com\/es\/2021\/04\/genocidio-armenio-negacion-y-tergiversacion\/","og_site_name":"Pressenza","article_publisher":"https:\/\/www.facebook.com\/PressenzaItalia","article_published_time":"2021-04-24T15:34:13+00:00","og_image":[{"width":679,"height":426,"url":"https:\/\/www.pressenza.com\/wp-content\/uploads\/2021\/04\/imagen.png","type":"image\/png"}],"author":"Ana Maria Mahserdjian","twitter_card":"summary_large_image","twitter_creator":"@PressenzaIPA","twitter_site":"@PressenzaIPA","twitter_misc":{"Escrito por":"Ana Maria Mahserdjian","Tiempo de lectura":"3 minutos"},"schema":{"@context":"https:\/\/schema.org","@graph":[{"@type":"Article","@id":"https:\/\/www.pressenza.com\/es\/2021\/04\/genocidio-armenio-negacion-y-tergiversacion\/#article","isPartOf":{"@id":"https:\/\/www.pressenza.com\/es\/2021\/04\/genocidio-armenio-negacion-y-tergiversacion\/"},"author":{"name":"Ana Maria Mahserdjian","@id":"https:\/\/www.pressenza.com\/es\/#\/schema\/person\/733c21fcef6b740aa09a260e9b7661ea"},"headline":"Genocidio armenio: negaci\u00f3n y tergiversaci\u00f3n","datePublished":"2021-04-24T15:34:13+00:00","mainEntityOfPage":{"@id":"https:\/\/www.pressenza.com\/es\/2021\/04\/genocidio-armenio-negacion-y-tergiversacion\/"},"wordCount":548,"publisher":{"@id":"https:\/\/www.pressenza.com\/es\/#organization"},"image":{"@id":"https:\/\/www.pressenza.com\/es\/2021\/04\/genocidio-armenio-negacion-y-tergiversacion\/#primaryimage"},"thumbnailUrl":"https:\/\/www.pressenza.com\/wp-content\/uploads\/2021\/04\/imagen.png","keywords":["Armenia","Genocidio","Turqu\u00eda"],"articleSection":["Asia","Asuntos internacionales","Contenido Original","Opiniones"],"inLanguage":"es"},{"@type":"WebPage","@id":"https:\/\/www.pressenza.com\/es\/2021\/04\/genocidio-armenio-negacion-y-tergiversacion\/","url":"https:\/\/www.pressenza.com\/es\/2021\/04\/genocidio-armenio-negacion-y-tergiversacion\/","name":"Genocidio armenio: negaci\u00f3n y tergiversaci\u00f3n","isPartOf":{"@id":"https:\/\/www.pressenza.com\/es\/#website"},"primaryImageOfPage":{"@id":"https:\/\/www.pressenza.com\/es\/2021\/04\/genocidio-armenio-negacion-y-tergiversacion\/#primaryimage"},"image":{"@id":"https:\/\/www.pressenza.com\/es\/2021\/04\/genocidio-armenio-negacion-y-tergiversacion\/#primaryimage"},"thumbnailUrl":"https:\/\/www.pressenza.com\/wp-content\/uploads\/2021\/04\/imagen.png","datePublished":"2021-04-24T15:34:13+00:00","description":"Soy hija, de sobrevivientes del genocidio armenio. Nadie puede venir a negarmelo. Escuch\u00e9 las historias de mis padres. Perd\u00ed la oportunidad de conocer a","breadcrumb":{"@id":"https:\/\/www.pressenza.com\/es\/2021\/04\/genocidio-armenio-negacion-y-tergiversacion\/#breadcrumb"},"inLanguage":"es","potentialAction":[{"@type":"ReadAction","target":["https:\/\/www.pressenza.com\/es\/2021\/04\/genocidio-armenio-negacion-y-tergiversacion\/"]}]},{"@type":"ImageObject","inLanguage":"es","@id":"https:\/\/www.pressenza.com\/es\/2021\/04\/genocidio-armenio-negacion-y-tergiversacion\/#primaryimage","url":"https:\/\/www.pressenza.com\/wp-content\/uploads\/2021\/04\/imagen.png","contentUrl":"https:\/\/www.pressenza.com\/wp-content\/uploads\/2021\/04\/imagen.png","width":679,"height":426},{"@type":"BreadcrumbList","@id":"https:\/\/www.pressenza.com\/es\/2021\/04\/genocidio-armenio-negacion-y-tergiversacion\/#breadcrumb","itemListElement":[{"@type":"ListItem","position":1,"name":"Accueil","item":"https:\/\/www.pressenza.com\/es\/"},{"@type":"ListItem","position":2,"name":"Genocidio armenio: negaci\u00f3n y tergiversaci\u00f3n"}]},{"@type":"WebSite","@id":"https:\/\/www.pressenza.com\/es\/#website","url":"https:\/\/www.pressenza.com\/es\/","name":"Pressenza","description":"International Press Agency","publisher":{"@id":"https:\/\/www.pressenza.com\/es\/#organization"},"potentialAction":[{"@type":"SearchAction","target":{"@type":"EntryPoint","urlTemplate":"https:\/\/www.pressenza.com\/es\/?s={search_term_string}"},"query-input":{"@type":"PropertyValueSpecification","valueRequired":true,"valueName":"search_term_string"}}],"inLanguage":"es"},{"@type":"Organization","@id":"https:\/\/www.pressenza.com\/es\/#organization","name":"Pressenza","url":"https:\/\/www.pressenza.com\/es\/","logo":{"@type":"ImageObject","inLanguage":"es","@id":"https:\/\/www.pressenza.com\/es\/#\/schema\/logo\/image\/","url":"https:\/\/www.pressenza.com\/wp-content\/uploads\/2022\/10\/pressenza_logo_200x200.jpg","contentUrl":"https:\/\/www.pressenza.com\/wp-content\/uploads\/2022\/10\/pressenza_logo_200x200.jpg","width":200,"height":200,"caption":"Pressenza"},"image":{"@id":"https:\/\/www.pressenza.com\/es\/#\/schema\/logo\/image\/"},"sameAs":["https:\/\/www.facebook.com\/PressenzaItalia","https:\/\/x.com\/PressenzaIPA"]},{"@type":"Person","@id":"https:\/\/www.pressenza.com\/es\/#\/schema\/person\/733c21fcef6b740aa09a260e9b7661ea","name":"Ana Maria Mahserdjian","url":"https:\/\/www.pressenza.com\/es\/author\/ana-maria-mahjserdjian\/"}]}},"place":"","original_article_url":"","_links":{"self":[{"href":"https:\/\/www.pressenza.com\/es\/wp-json\/wp\/v2\/posts\/1347827","targetHints":{"allow":["GET"]}}],"collection":[{"href":"https:\/\/www.pressenza.com\/es\/wp-json\/wp\/v2\/posts"}],"about":[{"href":"https:\/\/www.pressenza.com\/es\/wp-json\/wp\/v2\/types\/post"}],"author":[{"embeddable":true,"href":"https:\/\/www.pressenza.com\/es\/wp-json\/wp\/v2\/users\/1212"}],"replies":[{"embeddable":true,"href":"https:\/\/www.pressenza.com\/es\/wp-json\/wp\/v2\/comments?post=1347827"}],"version-history":[{"count":0,"href":"https:\/\/www.pressenza.com\/es\/wp-json\/wp\/v2\/posts\/1347827\/revisions"}],"wp:featuredmedia":[{"embeddable":true,"href":"https:\/\/www.pressenza.com\/es\/wp-json\/wp\/v2\/media\/1347828"}],"wp:attachment":[{"href":"https:\/\/www.pressenza.com\/es\/wp-json\/wp\/v2\/media?parent=1347827"}],"wp:term":[{"taxonomy":"category","embeddable":true,"href":"https:\/\/www.pressenza.com\/es\/wp-json\/wp\/v2\/categories?post=1347827"},{"taxonomy":"post_tag","embeddable":true,"href":"https:\/\/www.pressenza.com\/es\/wp-json\/wp\/v2\/tags?post=1347827"}],"curies":[{"name":"wp","href":"https:\/\/api.w.org\/{rel}","templated":true}]}}