{"id":1346592,"date":"2021-04-22T23:11:37","date_gmt":"2021-04-22T22:11:37","guid":{"rendered":"https:\/\/www.pressenza.com\/?p=1346592"},"modified":"2021-04-23T14:17:57","modified_gmt":"2021-04-23T13:17:57","slug":"mayoria-de-paises-latinoamericanos-aun-no-ratifican-acuerdo-de-escazu","status":"publish","type":"post","link":"https:\/\/www.pressenza.com\/es\/2021\/04\/mayoria-de-paises-latinoamericanos-aun-no-ratifican-acuerdo-de-escazu\/","title":{"rendered":"Mayor\u00eda de pa\u00edses latinoamericanos a\u00fan no ratifican Acuerdo de Escaz\u00fa"},"content":{"rendered":"<blockquote><p>Colombia, Honduras, M\u00e9xico, Brasil y Guatemala los pa\u00edses con el mayor n\u00famero de asesinatos de defensores\u00a0 y defensoras en 2020. Red Hondure\u00f1a por Escaz\u00fa exige inmediata ratificaci\u00f3n.<\/p><\/blockquote>\n<p>Con motivo del\u00a0D\u00eda de la Tierra, que se celebra este 22 de abril,\u00a0Alianza por la Solidaridad, miembro de\u00a0ActionAid,\u00a0denuncia la falta\u00a0de compromiso de los pa\u00edses de Am\u00e9rica Latina\u00a0 y el Caribe con el\u00a0Acuerdo de Escaz\u00fa, auspiciado por la ONU, con el objetivo de garantizar un entorno seguro a personas y grupos defensores de derechos humanos y ambientales.<\/p>\n<p>Adoptado en 2018, el acuerdo tan solo ha sido ratificado por 12 de los 46 pa\u00edses y territorios de la regi\u00f3n.\u00a0Entre los pa\u00edses que no han firmado el acuerdo, se encuentran algunos de los m\u00e1s agresivos con el medioambiente como Brasil, Guatemala, Colombia, Honduras.<\/p>\n<p>Aunque este 22 de abril entrar\u00e1 en vigor el Acuerdo regional sobre el acceso a la informaci\u00f3n, la participaci\u00f3n p\u00fablica y el acceso a la justicia en asuntos Ambientales en Am\u00e9rica Latina y el Caribe (aqu\u00ed el\u00a0texto completo), hasta el momento s\u00f3lo ha sido firmado por Bolivia, Ecuador, Nicaragua, Panam\u00e1, Uruguay, Antigua y Barbuda, Guyana, Saint Kitts y Nevis, San Vicente y las Granadinas, Bahamas, M\u00e9xico y Argentina.<\/p>\n<p>Seg\u00fan\u00a0un informe\u00a0de\u00a0Front Line Defenders,\u00a0en 2020\u00a0se asesinaron a 331 personas defensoras de los derechos humanos. El 69% de estas v\u00edctimas\u00a0trabajaba en la tierra, en defensa del medio ambiente o por los derechos de los pueblos ind\u00edgenas. De estas, 44 eran mujeres.<\/p>\n<p>La organizaci\u00f3n destaca que, en el listado de pa\u00edses firmantes del Acuerdo, faltan casi todos los pa\u00edses m\u00e1s peligrosos para las y los defensores, como por ejemplo Colombia donde el a\u00f1o pasado fueron asesinados 177 defensores, es decir el 53% del total.<\/p>\n<p>Grave tambi\u00e9n la situaci\u00f3n en Honduras con 20 asesinatos, M\u00e9xico (19), Brasil (16), Guatemala (15) y Per\u00fa (8).<\/p>\n<p>En el caso de Honduras, en diciembre del a\u00f1o pasado el Acuerdo de Escaz\u00fa fue enviado para consulta a 14 Secretar\u00edas de Estado para que se pronunciaran sobre el mismo.<\/p>\n<p>\u00abActualmente, solamente 7 instituciones se han pronunciado al respecto, sin que haya mayores avances en la discusi\u00f3n. Mientras tanto, la situaci\u00f3n de conflictividad ambiental y violencia territorial hacia los defensores y defensoras del medio ambiente contin\u00faa a nivel nacional\u00bb, se\u00f1ala en\u00a0un comunicado\u00a0la\u00a0Red Hondure\u00f1a por Escaz\u00fa.<\/p>\n<p>La Red record\u00f3 a las autoridades hondure\u00f1as su obligaci\u00f3n \u00aben la promoci\u00f3n y protecci\u00f3n de la vida de los defensores y defensoras territoriales\u00bb\u00a0 y las inst\u00f3 a agilizar \u00abtodo proceso y pol\u00edtica encaminada a preservar la vida y el reconocimiento de la labor de defensor\u00eda\u00bb.<\/p>\n<p>Tambi\u00e9n pidi\u00f3 a la ciudadan\u00eda hondure\u00f1a sumarse \u00aba la exigencia activa y permanente por la firma y ratificaci\u00f3n del Acuerdo de Escaz\u00fa en Honduras\u00bb.<\/p>\n<p>Por su lado, la Alianza por la Solidaridad denunci\u00f3 las presiones que est\u00e1n teniendo lugar en los pa\u00edses con m\u00e1s conflictos ambientales para que no se ratifique este acuerdo, aludiendo a una supuesta p\u00e9rdida de soberan\u00eda nacional o perjuicios para el desarrollo econ\u00f3mico.<\/p>\n<p>Ante esta situaci\u00f3n y para\u00a0visibilizar el trabajo de las mujeres defensoras y denunciar su persecuci\u00f3n, la organizaci\u00f3n ha lanzado la campa\u00f1a\u00a0Guardianas del Agua y la Tierra.<\/p>\n<p>Desde que se comenz\u00f3 a negociar el Acuerdo han sido asesinadas m\u00e1s de 2.500 personas en todo el mundo, la mayor\u00eda en una regi\u00f3n, cada vez m\u00e1s codiciada por empresas extranjeras y, a la vez, muy afectada por los impactos del cambio clim\u00e1tico y la p\u00e9rdida de biodiversidad.<\/p>\n<p>\u00abLa mercantilizaci\u00f3n de los recursos naturales cuesta vidas de muchas personas, las asesinadas y las que son encarceladas durante a\u00f1os, como el guatemalteco Bernardo Caal Xol, a las que hay que recordar en d\u00edas como \u00e9ste. Son quienes est\u00e1n en primera l\u00ednea defendiendo derechos que se vulneran con la connivencia de sus gobiernos, algo que vemos que va en aumento y hace muy necesario este tipo de regulaciones\u00bb, ha se\u00f1alado\u00a0Almudena Moreno, responsable de Desarrollo Sostenible de la organizaci\u00f3n.<\/p>\n<p>Asimismo, una\u00a0reciente investigaci\u00f3n\u00a0en la revista\u00a0Nature\u00a0ha concluido que, s\u00f3lo a causa del cambio clim\u00e1tico, la producci\u00f3n agr\u00edcola en Am\u00e9rica Latina y Caribe ha disminuido casi un 26%. Esto implica que, a menor producci\u00f3n, hay m\u00e1s dificultades para las comunidades campesinas, que deben, adem\u00e1s, afrontar el expolio de sus territorios a manos de compa\u00f1\u00edas extranjeras.<\/p>\n<p>Por ello, Alianza por la Solidaridad reclama a todos los pa\u00edses de la regi\u00f3n -especialmente a Colombia, Guatemala, Honduras y Brasil &#8211; que ratifiquen el\u00a0Acuerdo de Escaz\u00fa. Tambi\u00e9n pide a la Uni\u00f3n Europea y al gobierno de Espa\u00f1a que se involucren en la puesta en marcha de instrumentos como \u00e9ste, exigiendo su cumplimiento en los acuerdos comerciales firmados con pa\u00edses no comunitarios.<\/p>\n<p>(con texto original de Rebeli\u00f3n)<\/p>\n","protected":false},"excerpt":{"rendered":"<p>Colombia, Honduras, M\u00e9xico, Brasil y Guatemala los pa\u00edses con el mayor n\u00famero de asesinatos de defensores\u00a0 y defensoras en 2020. Red Hondure\u00f1a por Escaz\u00fa exige inmediata ratificaci\u00f3n. Con motivo del\u00a0D\u00eda de la Tierra, que se celebra este 22 de abril,\u00a0Alianza&hellip;<\/p>\n","protected":false},"author":1800,"featured_media":1347023,"comment_status":"closed","ping_status":"closed","sticky":false,"template":"","format":"standard","meta":{"footnotes":""},"categories":[69,11389,78],"tags":[50349],"class_list":["post-1346592","post","type-post","status-publish","format-standard","has-post-thumbnail","hentry","category-america-central","category-contenido-original","category-medio-ambiente-ecologia","tag-acuerdo-de-escazu"],"yoast_head":"<!-- This site is optimized with the Yoast SEO plugin v27.1.1 - https:\/\/yoast.com\/product\/yoast-seo-wordpress\/ -->\n<title>Mayor\u00eda de pa\u00edses latinoamericanos a\u00fan no ratifican Acuerdo de Escaz\u00fa<\/title>\n<meta name=\"description\" content=\"Colombia, Honduras, M\u00e9xico, Brasil y Guatemala los pa\u00edses con el mayor n\u00famero de asesinatos de defensores\u00a0 y defensoras en 2020. Red Hondure\u00f1a por Escaz\u00fa\" \/>\n<meta name=\"robots\" content=\"index, follow, max-snippet:-1, max-image-preview:large, max-video-preview:-1\" \/>\n<link rel=\"canonical\" href=\"https:\/\/www.pressenza.com\/es\/2021\/04\/mayoria-de-paises-latinoamericanos-aun-no-ratifican-acuerdo-de-escazu\/\" \/>\n<meta property=\"og:locale\" content=\"es_ES\" \/>\n<meta property=\"og:type\" content=\"article\" \/>\n<meta property=\"og:title\" content=\"Mayor\u00eda de pa\u00edses latinoamericanos a\u00fan no ratifican Acuerdo de Escaz\u00fa\" \/>\n<meta property=\"og:description\" content=\"Colombia, Honduras, M\u00e9xico, Brasil y Guatemala los pa\u00edses con el mayor n\u00famero de asesinatos de defensores\u00a0 y defensoras en 2020. Red Hondure\u00f1a por Escaz\u00fa\" \/>\n<meta property=\"og:url\" content=\"https:\/\/www.pressenza.com\/es\/2021\/04\/mayoria-de-paises-latinoamericanos-aun-no-ratifican-acuerdo-de-escazu\/\" \/>\n<meta property=\"og:site_name\" content=\"Pressenza\" \/>\n<meta property=\"article:publisher\" content=\"https:\/\/www.facebook.com\/PressenzaItalia\" \/>\n<meta property=\"article:published_time\" content=\"2021-04-22T22:11:37+00:00\" \/>\n<meta property=\"article:modified_time\" content=\"2021-04-23T13:17:57+00:00\" \/>\n<meta property=\"og:image\" content=\"https:\/\/www.pressenza.com\/wp-content\/uploads\/2021\/04\/protettori-della-terra.jpg\" \/>\n\t<meta property=\"og:image:width\" content=\"945\" \/>\n\t<meta property=\"og:image:height\" content=\"520\" \/>\n\t<meta property=\"og:image:type\" content=\"image\/jpeg\" \/>\n<meta name=\"author\" content=\"Giorgio Trucchi\" \/>\n<meta name=\"twitter:card\" content=\"summary_large_image\" \/>\n<meta name=\"twitter:creator\" content=\"@PressenzaIPA\" \/>\n<meta name=\"twitter:site\" content=\"@PressenzaIPA\" \/>\n<meta name=\"twitter:label1\" content=\"Escrito por\" \/>\n\t<meta name=\"twitter:data1\" content=\"Giorgio Trucchi\" \/>\n\t<meta name=\"twitter:label2\" content=\"Tiempo de lectura\" \/>\n\t<meta name=\"twitter:data2\" content=\"4 minutos\" \/>\n<script type=\"application\/ld+json\" class=\"yoast-schema-graph\">{\"@context\":\"https:\/\/schema.org\",\"@graph\":[{\"@type\":\"Article\",\"@id\":\"https:\/\/www.pressenza.com\/es\/2021\/04\/mayoria-de-paises-latinoamericanos-aun-no-ratifican-acuerdo-de-escazu\/#article\",\"isPartOf\":{\"@id\":\"https:\/\/www.pressenza.com\/es\/2021\/04\/mayoria-de-paises-latinoamericanos-aun-no-ratifican-acuerdo-de-escazu\/\"},\"author\":{\"name\":\"Giorgio Trucchi\",\"@id\":\"https:\/\/www.pressenza.com\/es\/#\/schema\/person\/55ec2a8f1b3e718010691e4aba073020\"},\"headline\":\"Mayor\u00eda de pa\u00edses latinoamericanos a\u00fan no ratifican Acuerdo de Escaz\u00fa\",\"datePublished\":\"2021-04-22T22:11:37+00:00\",\"dateModified\":\"2021-04-23T13:17:57+00:00\",\"mainEntityOfPage\":{\"@id\":\"https:\/\/www.pressenza.com\/es\/2021\/04\/mayoria-de-paises-latinoamericanos-aun-no-ratifican-acuerdo-de-escazu\/\"},\"wordCount\":857,\"publisher\":{\"@id\":\"https:\/\/www.pressenza.com\/es\/#organization\"},\"image\":{\"@id\":\"https:\/\/www.pressenza.com\/es\/2021\/04\/mayoria-de-paises-latinoamericanos-aun-no-ratifican-acuerdo-de-escazu\/#primaryimage\"},\"thumbnailUrl\":\"https:\/\/www.pressenza.com\/wp-content\/uploads\/2021\/04\/protettori-della-terra.jpg\",\"keywords\":[\"Acuerdo de Escaz\u00fa\"],\"articleSection\":[\"Am\u00e9rica Central\",\"Contenido Original\",\"Ecolog\u00eda y Medio Ambiente\"],\"inLanguage\":\"es\"},{\"@type\":\"WebPage\",\"@id\":\"https:\/\/www.pressenza.com\/es\/2021\/04\/mayoria-de-paises-latinoamericanos-aun-no-ratifican-acuerdo-de-escazu\/\",\"url\":\"https:\/\/www.pressenza.com\/es\/2021\/04\/mayoria-de-paises-latinoamericanos-aun-no-ratifican-acuerdo-de-escazu\/\",\"name\":\"Mayor\u00eda de pa\u00edses latinoamericanos a\u00fan no ratifican Acuerdo de Escaz\u00fa\",\"isPartOf\":{\"@id\":\"https:\/\/www.pressenza.com\/es\/#website\"},\"primaryImageOfPage\":{\"@id\":\"https:\/\/www.pressenza.com\/es\/2021\/04\/mayoria-de-paises-latinoamericanos-aun-no-ratifican-acuerdo-de-escazu\/#primaryimage\"},\"image\":{\"@id\":\"https:\/\/www.pressenza.com\/es\/2021\/04\/mayoria-de-paises-latinoamericanos-aun-no-ratifican-acuerdo-de-escazu\/#primaryimage\"},\"thumbnailUrl\":\"https:\/\/www.pressenza.com\/wp-content\/uploads\/2021\/04\/protettori-della-terra.jpg\",\"datePublished\":\"2021-04-22T22:11:37+00:00\",\"dateModified\":\"2021-04-23T13:17:57+00:00\",\"description\":\"Colombia, Honduras, M\u00e9xico, Brasil y Guatemala los pa\u00edses con el mayor n\u00famero de asesinatos de defensores\u00a0 y defensoras en 2020. Red Hondure\u00f1a por Escaz\u00fa\",\"breadcrumb\":{\"@id\":\"https:\/\/www.pressenza.com\/es\/2021\/04\/mayoria-de-paises-latinoamericanos-aun-no-ratifican-acuerdo-de-escazu\/#breadcrumb\"},\"inLanguage\":\"es\",\"potentialAction\":[{\"@type\":\"ReadAction\",\"target\":[\"https:\/\/www.pressenza.com\/es\/2021\/04\/mayoria-de-paises-latinoamericanos-aun-no-ratifican-acuerdo-de-escazu\/\"]}]},{\"@type\":\"ImageObject\",\"inLanguage\":\"es\",\"@id\":\"https:\/\/www.pressenza.com\/es\/2021\/04\/mayoria-de-paises-latinoamericanos-aun-no-ratifican-acuerdo-de-escazu\/#primaryimage\",\"url\":\"https:\/\/www.pressenza.com\/wp-content\/uploads\/2021\/04\/protettori-della-terra.jpg\",\"contentUrl\":\"https:\/\/www.pressenza.com\/wp-content\/uploads\/2021\/04\/protettori-della-terra.jpg\",\"width\":945,\"height\":520},{\"@type\":\"BreadcrumbList\",\"@id\":\"https:\/\/www.pressenza.com\/es\/2021\/04\/mayoria-de-paises-latinoamericanos-aun-no-ratifican-acuerdo-de-escazu\/#breadcrumb\",\"itemListElement\":[{\"@type\":\"ListItem\",\"position\":1,\"name\":\"Accueil\",\"item\":\"https:\/\/www.pressenza.com\/es\/\"},{\"@type\":\"ListItem\",\"position\":2,\"name\":\"Mayor\u00eda de pa\u00edses latinoamericanos a\u00fan no ratifican Acuerdo de Escaz\u00fa\"}]},{\"@type\":\"WebSite\",\"@id\":\"https:\/\/www.pressenza.com\/es\/#website\",\"url\":\"https:\/\/www.pressenza.com\/es\/\",\"name\":\"Pressenza\",\"description\":\"International Press Agency\",\"publisher\":{\"@id\":\"https:\/\/www.pressenza.com\/es\/#organization\"},\"potentialAction\":[{\"@type\":\"SearchAction\",\"target\":{\"@type\":\"EntryPoint\",\"urlTemplate\":\"https:\/\/www.pressenza.com\/es\/?s={search_term_string}\"},\"query-input\":{\"@type\":\"PropertyValueSpecification\",\"valueRequired\":true,\"valueName\":\"search_term_string\"}}],\"inLanguage\":\"es\"},{\"@type\":\"Organization\",\"@id\":\"https:\/\/www.pressenza.com\/es\/#organization\",\"name\":\"Pressenza\",\"url\":\"https:\/\/www.pressenza.com\/es\/\",\"logo\":{\"@type\":\"ImageObject\",\"inLanguage\":\"es\",\"@id\":\"https:\/\/www.pressenza.com\/es\/#\/schema\/logo\/image\/\",\"url\":\"https:\/\/www.pressenza.com\/wp-content\/uploads\/2022\/10\/pressenza_logo_200x200.jpg\",\"contentUrl\":\"https:\/\/www.pressenza.com\/wp-content\/uploads\/2022\/10\/pressenza_logo_200x200.jpg\",\"width\":200,\"height\":200,\"caption\":\"Pressenza\"},\"image\":{\"@id\":\"https:\/\/www.pressenza.com\/es\/#\/schema\/logo\/image\/\"},\"sameAs\":[\"https:\/\/www.facebook.com\/PressenzaItalia\",\"https:\/\/x.com\/PressenzaIPA\"]},{\"@type\":\"Person\",\"@id\":\"https:\/\/www.pressenza.com\/es\/#\/schema\/person\/55ec2a8f1b3e718010691e4aba073020\",\"name\":\"Giorgio Trucchi\",\"url\":\"https:\/\/www.pressenza.com\/es\/author\/giorgio-trucchi\/\"}]}<\/script>\n<!-- \/ Yoast SEO plugin. -->","yoast_head_json":{"title":"Mayor\u00eda de pa\u00edses latinoamericanos a\u00fan no ratifican Acuerdo de Escaz\u00fa","description":"Colombia, Honduras, M\u00e9xico, Brasil y Guatemala los pa\u00edses con el mayor n\u00famero de asesinatos de defensores\u00a0 y defensoras en 2020. Red Hondure\u00f1a por Escaz\u00fa","robots":{"index":"index","follow":"follow","max-snippet":"max-snippet:-1","max-image-preview":"max-image-preview:large","max-video-preview":"max-video-preview:-1"},"canonical":"https:\/\/www.pressenza.com\/es\/2021\/04\/mayoria-de-paises-latinoamericanos-aun-no-ratifican-acuerdo-de-escazu\/","og_locale":"es_ES","og_type":"article","og_title":"Mayor\u00eda de pa\u00edses latinoamericanos a\u00fan no ratifican Acuerdo de Escaz\u00fa","og_description":"Colombia, Honduras, M\u00e9xico, Brasil y Guatemala los pa\u00edses con el mayor n\u00famero de asesinatos de defensores\u00a0 y defensoras en 2020. Red Hondure\u00f1a por Escaz\u00fa","og_url":"https:\/\/www.pressenza.com\/es\/2021\/04\/mayoria-de-paises-latinoamericanos-aun-no-ratifican-acuerdo-de-escazu\/","og_site_name":"Pressenza","article_publisher":"https:\/\/www.facebook.com\/PressenzaItalia","article_published_time":"2021-04-22T22:11:37+00:00","article_modified_time":"2021-04-23T13:17:57+00:00","og_image":[{"width":945,"height":520,"url":"https:\/\/www.pressenza.com\/wp-content\/uploads\/2021\/04\/protettori-della-terra.jpg","type":"image\/jpeg"}],"author":"Giorgio Trucchi","twitter_card":"summary_large_image","twitter_creator":"@PressenzaIPA","twitter_site":"@PressenzaIPA","twitter_misc":{"Escrito por":"Giorgio Trucchi","Tiempo de lectura":"4 minutos"},"schema":{"@context":"https:\/\/schema.org","@graph":[{"@type":"Article","@id":"https:\/\/www.pressenza.com\/es\/2021\/04\/mayoria-de-paises-latinoamericanos-aun-no-ratifican-acuerdo-de-escazu\/#article","isPartOf":{"@id":"https:\/\/www.pressenza.com\/es\/2021\/04\/mayoria-de-paises-latinoamericanos-aun-no-ratifican-acuerdo-de-escazu\/"},"author":{"name":"Giorgio Trucchi","@id":"https:\/\/www.pressenza.com\/es\/#\/schema\/person\/55ec2a8f1b3e718010691e4aba073020"},"headline":"Mayor\u00eda de pa\u00edses latinoamericanos a\u00fan no ratifican Acuerdo de Escaz\u00fa","datePublished":"2021-04-22T22:11:37+00:00","dateModified":"2021-04-23T13:17:57+00:00","mainEntityOfPage":{"@id":"https:\/\/www.pressenza.com\/es\/2021\/04\/mayoria-de-paises-latinoamericanos-aun-no-ratifican-acuerdo-de-escazu\/"},"wordCount":857,"publisher":{"@id":"https:\/\/www.pressenza.com\/es\/#organization"},"image":{"@id":"https:\/\/www.pressenza.com\/es\/2021\/04\/mayoria-de-paises-latinoamericanos-aun-no-ratifican-acuerdo-de-escazu\/#primaryimage"},"thumbnailUrl":"https:\/\/www.pressenza.com\/wp-content\/uploads\/2021\/04\/protettori-della-terra.jpg","keywords":["Acuerdo de Escaz\u00fa"],"articleSection":["Am\u00e9rica Central","Contenido Original","Ecolog\u00eda y Medio Ambiente"],"inLanguage":"es"},{"@type":"WebPage","@id":"https:\/\/www.pressenza.com\/es\/2021\/04\/mayoria-de-paises-latinoamericanos-aun-no-ratifican-acuerdo-de-escazu\/","url":"https:\/\/www.pressenza.com\/es\/2021\/04\/mayoria-de-paises-latinoamericanos-aun-no-ratifican-acuerdo-de-escazu\/","name":"Mayor\u00eda de pa\u00edses latinoamericanos a\u00fan no ratifican Acuerdo de Escaz\u00fa","isPartOf":{"@id":"https:\/\/www.pressenza.com\/es\/#website"},"primaryImageOfPage":{"@id":"https:\/\/www.pressenza.com\/es\/2021\/04\/mayoria-de-paises-latinoamericanos-aun-no-ratifican-acuerdo-de-escazu\/#primaryimage"},"image":{"@id":"https:\/\/www.pressenza.com\/es\/2021\/04\/mayoria-de-paises-latinoamericanos-aun-no-ratifican-acuerdo-de-escazu\/#primaryimage"},"thumbnailUrl":"https:\/\/www.pressenza.com\/wp-content\/uploads\/2021\/04\/protettori-della-terra.jpg","datePublished":"2021-04-22T22:11:37+00:00","dateModified":"2021-04-23T13:17:57+00:00","description":"Colombia, Honduras, M\u00e9xico, Brasil y Guatemala los pa\u00edses con el mayor n\u00famero de asesinatos de defensores\u00a0 y defensoras en 2020. Red Hondure\u00f1a por Escaz\u00fa","breadcrumb":{"@id":"https:\/\/www.pressenza.com\/es\/2021\/04\/mayoria-de-paises-latinoamericanos-aun-no-ratifican-acuerdo-de-escazu\/#breadcrumb"},"inLanguage":"es","potentialAction":[{"@type":"ReadAction","target":["https:\/\/www.pressenza.com\/es\/2021\/04\/mayoria-de-paises-latinoamericanos-aun-no-ratifican-acuerdo-de-escazu\/"]}]},{"@type":"ImageObject","inLanguage":"es","@id":"https:\/\/www.pressenza.com\/es\/2021\/04\/mayoria-de-paises-latinoamericanos-aun-no-ratifican-acuerdo-de-escazu\/#primaryimage","url":"https:\/\/www.pressenza.com\/wp-content\/uploads\/2021\/04\/protettori-della-terra.jpg","contentUrl":"https:\/\/www.pressenza.com\/wp-content\/uploads\/2021\/04\/protettori-della-terra.jpg","width":945,"height":520},{"@type":"BreadcrumbList","@id":"https:\/\/www.pressenza.com\/es\/2021\/04\/mayoria-de-paises-latinoamericanos-aun-no-ratifican-acuerdo-de-escazu\/#breadcrumb","itemListElement":[{"@type":"ListItem","position":1,"name":"Accueil","item":"https:\/\/www.pressenza.com\/es\/"},{"@type":"ListItem","position":2,"name":"Mayor\u00eda de pa\u00edses latinoamericanos a\u00fan no ratifican Acuerdo de Escaz\u00fa"}]},{"@type":"WebSite","@id":"https:\/\/www.pressenza.com\/es\/#website","url":"https:\/\/www.pressenza.com\/es\/","name":"Pressenza","description":"International Press Agency","publisher":{"@id":"https:\/\/www.pressenza.com\/es\/#organization"},"potentialAction":[{"@type":"SearchAction","target":{"@type":"EntryPoint","urlTemplate":"https:\/\/www.pressenza.com\/es\/?s={search_term_string}"},"query-input":{"@type":"PropertyValueSpecification","valueRequired":true,"valueName":"search_term_string"}}],"inLanguage":"es"},{"@type":"Organization","@id":"https:\/\/www.pressenza.com\/es\/#organization","name":"Pressenza","url":"https:\/\/www.pressenza.com\/es\/","logo":{"@type":"ImageObject","inLanguage":"es","@id":"https:\/\/www.pressenza.com\/es\/#\/schema\/logo\/image\/","url":"https:\/\/www.pressenza.com\/wp-content\/uploads\/2022\/10\/pressenza_logo_200x200.jpg","contentUrl":"https:\/\/www.pressenza.com\/wp-content\/uploads\/2022\/10\/pressenza_logo_200x200.jpg","width":200,"height":200,"caption":"Pressenza"},"image":{"@id":"https:\/\/www.pressenza.com\/es\/#\/schema\/logo\/image\/"},"sameAs":["https:\/\/www.facebook.com\/PressenzaItalia","https:\/\/x.com\/PressenzaIPA"]},{"@type":"Person","@id":"https:\/\/www.pressenza.com\/es\/#\/schema\/person\/55ec2a8f1b3e718010691e4aba073020","name":"Giorgio Trucchi","url":"https:\/\/www.pressenza.com\/es\/author\/giorgio-trucchi\/"}]}},"place":"Managua, Nicaragua","original_article_url":"","_links":{"self":[{"href":"https:\/\/www.pressenza.com\/es\/wp-json\/wp\/v2\/posts\/1346592","targetHints":{"allow":["GET"]}}],"collection":[{"href":"https:\/\/www.pressenza.com\/es\/wp-json\/wp\/v2\/posts"}],"about":[{"href":"https:\/\/www.pressenza.com\/es\/wp-json\/wp\/v2\/types\/post"}],"author":[{"embeddable":true,"href":"https:\/\/www.pressenza.com\/es\/wp-json\/wp\/v2\/users\/1800"}],"replies":[{"embeddable":true,"href":"https:\/\/www.pressenza.com\/es\/wp-json\/wp\/v2\/comments?post=1346592"}],"version-history":[{"count":0,"href":"https:\/\/www.pressenza.com\/es\/wp-json\/wp\/v2\/posts\/1346592\/revisions"}],"wp:featuredmedia":[{"embeddable":true,"href":"https:\/\/www.pressenza.com\/es\/wp-json\/wp\/v2\/media\/1347023"}],"wp:attachment":[{"href":"https:\/\/www.pressenza.com\/es\/wp-json\/wp\/v2\/media?parent=1346592"}],"wp:term":[{"taxonomy":"category","embeddable":true,"href":"https:\/\/www.pressenza.com\/es\/wp-json\/wp\/v2\/categories?post=1346592"},{"taxonomy":"post_tag","embeddable":true,"href":"https:\/\/www.pressenza.com\/es\/wp-json\/wp\/v2\/tags?post=1346592"}],"curies":[{"name":"wp","href":"https:\/\/api.w.org\/{rel}","templated":true}]}}