{"id":1345624,"date":"2021-04-21T01:46:25","date_gmt":"2021-04-21T00:46:25","guid":{"rendered":"https:\/\/www.pressenza.com\/?p=1345624"},"modified":"2021-04-21T01:49:29","modified_gmt":"2021-04-21T00:49:29","slug":"partido-humanista-internacional-biodiversidad-en-riesgo-la-propuesta-capitalista-esta-agotada-y-amenaza-la-vida","status":"publish","type":"post","link":"https:\/\/www.pressenza.com\/es\/2021\/04\/partido-humanista-internacional-biodiversidad-en-riesgo-la-propuesta-capitalista-esta-agotada-y-amenaza-la-vida\/","title":{"rendered":"PHI en el D\u00eda Internacional de los Bosques: \u00abBiodiversidad en riesgo: la propuesta capitalista est\u00e1 agotada y amenaza la vida\u00bb"},"content":{"rendered":"<p style=\"text-align: center;\"><strong>Biodiversidad en Riesgo<\/strong><\/p>\n<p style=\"text-align: center;\"><strong>La propuesta capitalista est\u00e1 agotada y amenaza la vida<\/strong><\/p>\n<p>&nbsp;<\/p>\n<p>Para la celebraci\u00f3n el 3 de marzo del D\u00eda Mundial de la Vida Silvestre de este 2021, la Organizaci\u00f3n de las Naciones Unidas (ONU) plane\u00f3 su campa\u00f1a bajo el lema: \u00ab<strong>Los bosques y los medios de subsistencia: sustentar a las personas y preservar el planeta<\/strong>\u00ab, alineado con el objetivo de detener la p\u00e9rdida de biodiversidad, dado que en la pr\u00e1ctica los h\u00e1bitats de vida silvestre han sido diezmados, los bosques han sido talados y las zonas costeras han sido reconstruidas, creando el desaf\u00edo m\u00e1s peligroso de la historia reciente: la extinci\u00f3n de la diversidad biol\u00f3gica del planeta.<\/p>\n<p>Y justo en este mismo mes, el 22 de marzo se celebra el D\u00eda Internacional de los Bosques. No es para menos su importancia: los bosques son el hogar del 80% de la biodiversidad terrestre; m\u00e1s del 25% de las medicinas que usamos provienen de plantas de bosques tropicales; casi el 25% de la poblaci\u00f3n mundial depende de los bosques para obtener alimentos, agua, combustible y empleo; los bosques son fundamentales para prevenir inundaciones, al retener el exceso de agua de lluvia y reducir la erosi\u00f3n del suelo; sin contar su important\u00edsima funci\u00f3n como sumideros de carbono y liberadores de ox\u00edgeno y sus enormes beneficios para la salud f\u00edsica y mental de muchas poblaciones vecinas y visitantes.<\/p>\n<p>Como lo plante\u00f3 en septiembre pasado el quinto informe sobre Perspectiva Mundial sobre la Diversidad Biol\u00f3gica publicado por la Plataforma Intergubernamental sobre la Biodiversidad y los Servicios Ecosist\u00e9micos (IPBES) dando seguimiento al Plan Estrat\u00e9gico para la Diversidad Biol\u00f3gica (2011-2020) establecido por el Programa de Naciones Unidas para el Medio Ambiente (PNUMA): \u201c<em>Los pa\u00edses que conforman el planeta Tierra incumplen todos los objetivos fijados para 2020 para frenar la destrucci\u00f3n de la biodiversidad<\/em>\u201d, advirtiendo sobre la alarmante degradaci\u00f3n de la naturaleza y apuntando a que esta ser\u00e1 una variable que aumente el riesgo de futuras pandemias.<\/p>\n<p>Este Plan Estrat\u00e9gico defini\u00f3 una hoja de ruta que establec\u00eda 20 objetivos para frenar la destrucci\u00f3n de la biodiversidad del planeta y diez a\u00f1os despu\u00e9s ninguno de esos compromisos tiene visos de cumplirse al 100 %, con el consiguiente impacto negativo sobre las especies, los ecosistemas y el propio ser humano.<\/p>\n<p>La p\u00e9rdida de biodiversidad implica la disminuci\u00f3n o desaparici\u00f3n de la variedad de seres vivos que habitan el planeta, sus distintos niveles de organizaci\u00f3n biol\u00f3gica y su respectiva variabilidad gen\u00e9tica, as\u00ed como los patrones naturales presentes en los ecosistemas. Esta disminuci\u00f3n de la diversidad biol\u00f3gica en los \u00faltimos a\u00f1os se ha dado a un ritmo alarmante donde un mill\u00f3n de especies \u2014de un total que ronda los ocho millones\u2014 est\u00e1 en peligro de extinci\u00f3n. Se calcula que 250 especies desaparecen por d\u00eda y que se est\u00e1n perdiendo especies a un ritmo entre 1.000 y 10.000 veces superior a lo normal.<\/p>\n<p>Proteger a los bosques significa proteger la vida del planeta, pero aun as\u00ed, en tan solo 10 a\u00f1os, con datos del 2019, el planeta perdi\u00f3 945.345 kil\u00f3metros cuadrados de bosques naturales. La p\u00e9rdida de cobertura forestal se ha duplicado desde 2003 y la deforestaci\u00f3n en bosques tropicales lluviosos tambi\u00e9n se ha incrementado el doble desde 2008, seg\u00fan el Global Forest Watch del World Resources Institute (WRI).<\/p>\n<p>Un bosque no desaparece cuando muere el \u00faltimo \u00e1rbol sino mucho antes, debido a las delicadas relaciones que se establecen entre los organismos. El bosque empieza a desaparecer cuando se fragmenta. Hay cuatro grandes regiones del mundo con mayor porcentaje de bosques que est\u00e1n sufriendo la deforestaci\u00f3n: la Amazon\u00eda, la regi\u00f3n del Congo, el Sudeste Asi\u00e1tico y Siberia.<\/p>\n<p>La deforestaci\u00f3n, al igual que la afectaci\u00f3n a la vida silvestre, es impulsada por el mercado, no por la pobreza. Los principales impulsores de la deforestaci\u00f3n en todo el mundo no son los agricultores de subsistencia que tratan de poner alimentos en sus mesas, sino las corporaciones m\u00e1s grandes del mundo, convirtiendo grandes extensiones de tierra para la agricultura y la ganader\u00eda industrial. El sistema econ\u00f3mico capitalista, que se basa en la producci\u00f3n\/consumo\/residuos, es un monstruo voraz que se alimenta de cantidades cada vez mayores de recursos naturales sin permitir la regeneraci\u00f3n. Es cuando los intereses econ\u00f3micos prevalecen sobre las personas y la protecci\u00f3n de la naturaleza que las consecuencias son desastrosas, con una p\u00e9rdida masiva de biodiversidad, suministros de agua contaminada y poblaciones ind\u00edgenas obligadas a emigrar.<\/p>\n<p>La situaci\u00f3n de la naturaleza es apenas mejor en los oc\u00e9anos del planeta, donde se han pescado numerosas especies marinas hasta el punto de casi extinci\u00f3n, mientras que las actividades provocadas por la sociedad global como la contaminaci\u00f3n pl\u00e1stica est\u00e1n teniendo impactos igualmente devastadores.<\/p>\n<p>Mientras tanto, el cambio clim\u00e1tico est\u00e1 devastando los arrecifes de coral en aguas tropicales que son h\u00e1bitats ricos y biodiversos. Los arrecifes de coral albergan una cuarta parte de todas las especies marinas, a pesar de que ocupan solo el 1% del fondo del oc\u00e9ano. Los efectos combinados del calentamiento de las temperaturas, la acidificaci\u00f3n, la contaminaci\u00f3n del agua y el turismo de masas han asestado un golpe a muchos de los corales del mundo.<\/p>\n<p>Las y los humanistas somos conscientes que no es suficiente con que una actividad sea sostenible o carbono neutral, hay que ser responsable y asumir que el cambio de sistema implica clarificarse y organizarse, porque los intereses que desean que siga todo en la misma direcci\u00f3n son muy poderosos, insensibles e irresponsables. Vivimos en una \u00e9poca donde los medios de comunicaci\u00f3n promueven el individualismo y la desconexi\u00f3n cultural.<\/p>\n<p>Debemos impulsar una revoluci\u00f3n cultural y con el aporte de las nuevas generaciones promover el cambio de nuestros estilos de vida, dejar de comprar productos a las grandes corporaciones en favor del productor local, no solo por solidaridad, sino tambi\u00e9n por reducir la huella de carbono que produce el transporte de carga internacional con todo el costo ambiental que paga el planeta. Igualmente habr\u00e1 que cambiar muchos h\u00e1bitos y costumbres, y exigir cambios en las pol\u00edticas p\u00fablicas para variar las formas como se construyen las ciudades, c\u00f3mo se utiliza el suelo y la tierra, como se ponen los recursos naturales al servicio de la gente y no del lucro y la acumulaci\u00f3n de capital.<\/p>\n<p>As\u00ed como la conservaci\u00f3n del medio ambiente no puede coexistir con el sobreconsumo y el derroche, tampoco lo puede hacer con hambre y pobreza. El desarrollo econ\u00f3mico que se propicie debe atender a reducir las desigualdades sociales actuales, respetando al medio ambiente y siempre en un marco de justicia social.<\/p>\n<p>Las y los humanistas no somos ingenuos y sabemos que la conservaci\u00f3n de la biodiversidad no puede estar en manos de \u201cinstrumentos de mercado\u201d creados por un sistema econ\u00f3mico y financiero que es el verdadero responsable de los grandes riesgos que vive hoy en d\u00eda la humanidad y el planeta. La naturaleza no es proveedora de servicios ambientales: los ciclos, funciones, componentes o estructuras de la naturaleza no tienen nada que ver con el mercado. Quien vende y compra \u201cservicios ambientales\u201d, est\u00e1 comercializando lo que la naturaleza ha realizado por millones de a\u00f1os (como la capacidad de hacer fotos\u00edntesis, retener y almacenar agua, ser el h\u00e1bitat para polinizadores, etc.) y esto no debe de ser una licencia para justificar ninguna actividad contaminadora ni para continuar o aumentar una inadecuada explotaci\u00f3n de recursos naturales.<\/p>\n<p>Los modelos financieros de conservaci\u00f3n como el pago de servicios ambientales, las licencias y permisos transferibles o negociables o las compensaciones por p\u00e9rdida de biodiversidad, son instrumentos de la econom\u00eda neoliberal que tienen un impacto directo sobre los territorios y los derechos colectivos de los pueblos, porque tender\u00e1n a restringir el uso que tradicionalmente le han dado y estar\u00edan cediendo estos derechos a terceros con capacidad econ\u00f3mica para poder pagarlos y actuar con impunidad. Mucho menos todav\u00eda mecanismos netamente especulativos, disfrazados de una \u00e9tica ecol\u00f3gica que no tienen, c\u00f3mo los \u201cBancos de Conservaci\u00f3n\u201d. Tanto la invenci\u00f3n de los servicios ambientales, la conversi\u00f3n en mercanc\u00edas y la adjudicaci\u00f3n de precios, as\u00ed como la libre intervenci\u00f3n de las empresas privadas, son parte de las iniciativas del sector financiero especulador que ven una oportunidad de hacer negocio con la naturaleza, que no debe permitirse y que huelen a pr\u00e1cticas neocoloniales.<\/p>\n<p>El Partido Humanista Internacional denuncia la sumisi\u00f3n de muchos gobiernos a un modelo de desarrollo cada vez m\u00e1s excluyente que hace que las autoridades opten por la convivencia o, por lo menos, por la omisi\u00f3n y dejadez, ignorando la falta de respeto a las leyes, laborales y ambientales; subsidiando o disminuyendo impuestos para atraer empresas, aunque sean nocivas para el medio ambiente y el Estado de Derecho. Ese es el caso de la \u201cuberizaci\u00f3n de la econom\u00eda\u201d, creando negocios del Siglo XXI con empleos del Siglo XVIII.<\/p>\n<p>Hay que ser muy claros que la crisis medioambiental y el cambio clim\u00e1tico no afectan a todos por igual. El empobrecimiento de las mayor\u00edas sociales y el deterioro de la naturaleza son dos caras de la misma moneda, no son fen\u00f3menos desligados. En un mundo con pa\u00edses y sociedades estructuralmente desiguales, tanto a nivel econ\u00f3mico como social, la mayor carga de los da\u00f1os ambientales del capitalismo recae en las poblaciones de baja renta, los grupos sociales discriminados, los pueblos \u00e9tnicos tradicionales, los barrios populares, las poblaciones marginalizadas y vulnerables y por supuesto los pueblos costeros del tercer mundo.<\/p>\n<p>No es posible mantener la vida humana al margen de la naturaleza. Aunque el capitalismo como propuesta de consumo irracional y vac\u00edo existencial siempre ha sido excluyente, tampoco ha sido capaz de cumplir sus promesas de alimentar a todo el mundo y proporcionar un sistema de bienestar creciente. Y esto es porque su modelo de constante producci\u00f3n depend\u00eda de materiales y energ\u00edas que son finitos y los l\u00edmites ya los est\u00e1 padeciendo el planeta.<\/p>\n<p>La aparici\u00f3n de eventos clim\u00e1ticos extremos obliga a hablar de mitigaci\u00f3n para intentar reducir los peores efectos. Y tambi\u00e9n de adaptaci\u00f3n, que supone redoblar esfuerzos para prevenir y controlar los efectos de esos eventos cuando se producen. Con gobiernos al servicio del sistema econ\u00f3mico y financiero y a espaldas de los pueblos, fuera de sus discursos vac\u00edos, tambi\u00e9n le dar\u00e1n la espalda a la din\u00e1mica del calentamiento global y a la profund\u00edsima crisis ecol\u00f3gica que vivimos. Esta postura pol\u00edtica es criminal, porque no afrontarlo y no buscar remedios a lo que est\u00e1 ocurriendo afecta a la vida de otras especies y tambi\u00e9n a la nuestra, la humana.<\/p>\n<p>&nbsp;<\/p>\n<p style=\"text-align: center;\"><strong>Equipo de Coordinaci\u00f3n Internacional<br \/>\nFederaci\u00f3n de Partidos Humanistas<\/strong><\/p>\n<p>20 Abril\u00a0 2021.<\/p>\n","protected":false},"excerpt":{"rendered":"<p>Biodiversidad en Riesgo La propuesta capitalista est\u00e1 agotada y amenaza la vida &nbsp; Para la celebraci\u00f3n el 3 de marzo del D\u00eda Mundial de la Vida Silvestre de este 2021, la Organizaci\u00f3n de las Naciones Unidas (ONU) plane\u00f3 su campa\u00f1a&hellip;<\/p>\n","protected":false},"author":624,"featured_media":1345626,"comment_status":"closed","ping_status":"closed","sticky":false,"template":"","format":"standard","meta":{"footnotes":""},"categories":[149,11389,78,39,161],"tags":[11468,1265,16257,33627,90098,90099],"class_list":["post-1345624","post","type-post","status-publish","format-standard","has-post-thumbnail","hentry","category-comunicados-de-prensa","category-contenido-original","category-medio-ambiente-ecologia","category-internacional","category-opiniones","tag-biodiversidad","tag-cambio-climatico","tag-deforestacion","tag-ecosistemas","tag-extincion-de-especies","tag-proteccion-de-los-bosques"],"yoast_head":"<!-- This site is optimized with the Yoast SEO plugin v27.1.1 - https:\/\/yoast.com\/product\/yoast-seo-wordpress\/ -->\n<title>PHI en el D\u00eda Internacional de los Bosques: &quot;Biodiversidad en riesgo: la propuesta capitalista est\u00e1 agotada y amenaza la vida&quot;<\/title>\n<meta name=\"description\" content=\"Biodiversidad en Riesgo La propuesta capitalista est\u00e1 agotada y amenaza la vida &nbsp; Para la celebraci\u00f3n el 3 de marzo del D\u00eda Mundial de la Vida\" \/>\n<meta name=\"robots\" content=\"index, follow, max-snippet:-1, max-image-preview:large, max-video-preview:-1\" \/>\n<link rel=\"canonical\" href=\"https:\/\/www.pressenza.com\/es\/2021\/04\/partido-humanista-internacional-biodiversidad-en-riesgo-la-propuesta-capitalista-esta-agotada-y-amenaza-la-vida\/\" \/>\n<meta property=\"og:locale\" content=\"es_ES\" \/>\n<meta property=\"og:type\" content=\"article\" \/>\n<meta property=\"og:title\" content=\"PHI en el D\u00eda Internacional de los Bosques: &quot;Biodiversidad en riesgo: la propuesta capitalista est\u00e1 agotada y amenaza la vida&quot;\" \/>\n<meta property=\"og:description\" content=\"Biodiversidad en Riesgo La propuesta capitalista est\u00e1 agotada y amenaza la vida &nbsp; Para la celebraci\u00f3n el 3 de marzo del D\u00eda Mundial de la Vida\" \/>\n<meta property=\"og:url\" content=\"https:\/\/www.pressenza.com\/es\/2021\/04\/partido-humanista-internacional-biodiversidad-en-riesgo-la-propuesta-capitalista-esta-agotada-y-amenaza-la-vida\/\" \/>\n<meta property=\"og:site_name\" content=\"Pressenza\" \/>\n<meta property=\"article:publisher\" content=\"https:\/\/www.facebook.com\/PressenzaItalia\" \/>\n<meta property=\"article:published_time\" content=\"2021-04-21T00:46:25+00:00\" \/>\n<meta property=\"article:modified_time\" content=\"2021-04-21T00:49:29+00:00\" \/>\n<meta property=\"og:image\" content=\"https:\/\/www.pressenza.com\/wp-content\/uploads\/2021\/04\/bosque-en-otono.jpg\" \/>\n\t<meta property=\"og:image:width\" content=\"960\" \/>\n\t<meta property=\"og:image:height\" content=\"560\" \/>\n\t<meta property=\"og:image:type\" content=\"image\/jpeg\" \/>\n<meta name=\"author\" content=\"Partido Humanista Internacional\" \/>\n<meta name=\"twitter:card\" content=\"summary_large_image\" \/>\n<meta name=\"twitter:creator\" content=\"@PressenzaIPA\" \/>\n<meta name=\"twitter:site\" content=\"@PressenzaIPA\" \/>\n<meta name=\"twitter:label1\" content=\"Escrito por\" \/>\n\t<meta name=\"twitter:data1\" content=\"Partido Humanista Internacional\" \/>\n\t<meta name=\"twitter:label2\" content=\"Tiempo de lectura\" \/>\n\t<meta name=\"twitter:data2\" content=\"9 minutos\" \/>\n<script type=\"application\/ld+json\" class=\"yoast-schema-graph\">{\"@context\":\"https:\/\/schema.org\",\"@graph\":[{\"@type\":\"Article\",\"@id\":\"https:\/\/www.pressenza.com\/es\/2021\/04\/partido-humanista-internacional-biodiversidad-en-riesgo-la-propuesta-capitalista-esta-agotada-y-amenaza-la-vida\/#article\",\"isPartOf\":{\"@id\":\"https:\/\/www.pressenza.com\/es\/2021\/04\/partido-humanista-internacional-biodiversidad-en-riesgo-la-propuesta-capitalista-esta-agotada-y-amenaza-la-vida\/\"},\"author\":{\"name\":\"Partido Humanista Internacional\",\"@id\":\"https:\/\/www.pressenza.com\/es\/#\/schema\/person\/f805ee4d4c0aa27aa176ccec26128d33\"},\"headline\":\"PHI en el D\u00eda Internacional de los Bosques: \u00abBiodiversidad en riesgo: la propuesta capitalista est\u00e1 agotada y amenaza la vida\u00bb\",\"datePublished\":\"2021-04-21T00:46:25+00:00\",\"dateModified\":\"2021-04-21T00:49:29+00:00\",\"mainEntityOfPage\":{\"@id\":\"https:\/\/www.pressenza.com\/es\/2021\/04\/partido-humanista-internacional-biodiversidad-en-riesgo-la-propuesta-capitalista-esta-agotada-y-amenaza-la-vida\/\"},\"wordCount\":1881,\"publisher\":{\"@id\":\"https:\/\/www.pressenza.com\/es\/#organization\"},\"image\":{\"@id\":\"https:\/\/www.pressenza.com\/es\/2021\/04\/partido-humanista-internacional-biodiversidad-en-riesgo-la-propuesta-capitalista-esta-agotada-y-amenaza-la-vida\/#primaryimage\"},\"thumbnailUrl\":\"https:\/\/www.pressenza.com\/wp-content\/uploads\/2021\/04\/bosque-en-otono.jpg\",\"keywords\":[\"biodiversidad\",\"cambio clim\u00e1tico\",\"deforestaci\u00f3n\",\"ecosistemas\",\"extinci\u00f3n de especies\",\"protecci\u00f3n de los bosques\"],\"articleSection\":[\"Comunicados de Prensa\",\"Contenido Original\",\"Ecolog\u00eda y Medio Ambiente\",\"Internacional\",\"Opiniones\"],\"inLanguage\":\"es\"},{\"@type\":\"WebPage\",\"@id\":\"https:\/\/www.pressenza.com\/es\/2021\/04\/partido-humanista-internacional-biodiversidad-en-riesgo-la-propuesta-capitalista-esta-agotada-y-amenaza-la-vida\/\",\"url\":\"https:\/\/www.pressenza.com\/es\/2021\/04\/partido-humanista-internacional-biodiversidad-en-riesgo-la-propuesta-capitalista-esta-agotada-y-amenaza-la-vida\/\",\"name\":\"PHI en el D\u00eda Internacional de los Bosques: \\\"Biodiversidad en riesgo: la propuesta capitalista est\u00e1 agotada y amenaza la vida\\\"\",\"isPartOf\":{\"@id\":\"https:\/\/www.pressenza.com\/es\/#website\"},\"primaryImageOfPage\":{\"@id\":\"https:\/\/www.pressenza.com\/es\/2021\/04\/partido-humanista-internacional-biodiversidad-en-riesgo-la-propuesta-capitalista-esta-agotada-y-amenaza-la-vida\/#primaryimage\"},\"image\":{\"@id\":\"https:\/\/www.pressenza.com\/es\/2021\/04\/partido-humanista-internacional-biodiversidad-en-riesgo-la-propuesta-capitalista-esta-agotada-y-amenaza-la-vida\/#primaryimage\"},\"thumbnailUrl\":\"https:\/\/www.pressenza.com\/wp-content\/uploads\/2021\/04\/bosque-en-otono.jpg\",\"datePublished\":\"2021-04-21T00:46:25+00:00\",\"dateModified\":\"2021-04-21T00:49:29+00:00\",\"description\":\"Biodiversidad en Riesgo La propuesta capitalista est\u00e1 agotada y amenaza la vida &nbsp; Para la celebraci\u00f3n el 3 de marzo del D\u00eda Mundial de la Vida\",\"breadcrumb\":{\"@id\":\"https:\/\/www.pressenza.com\/es\/2021\/04\/partido-humanista-internacional-biodiversidad-en-riesgo-la-propuesta-capitalista-esta-agotada-y-amenaza-la-vida\/#breadcrumb\"},\"inLanguage\":\"es\",\"potentialAction\":[{\"@type\":\"ReadAction\",\"target\":[\"https:\/\/www.pressenza.com\/es\/2021\/04\/partido-humanista-internacional-biodiversidad-en-riesgo-la-propuesta-capitalista-esta-agotada-y-amenaza-la-vida\/\"]}]},{\"@type\":\"ImageObject\",\"inLanguage\":\"es\",\"@id\":\"https:\/\/www.pressenza.com\/es\/2021\/04\/partido-humanista-internacional-biodiversidad-en-riesgo-la-propuesta-capitalista-esta-agotada-y-amenaza-la-vida\/#primaryimage\",\"url\":\"https:\/\/www.pressenza.com\/wp-content\/uploads\/2021\/04\/bosque-en-otono.jpg\",\"contentUrl\":\"https:\/\/www.pressenza.com\/wp-content\/uploads\/2021\/04\/bosque-en-otono.jpg\",\"width\":960,\"height\":560},{\"@type\":\"BreadcrumbList\",\"@id\":\"https:\/\/www.pressenza.com\/es\/2021\/04\/partido-humanista-internacional-biodiversidad-en-riesgo-la-propuesta-capitalista-esta-agotada-y-amenaza-la-vida\/#breadcrumb\",\"itemListElement\":[{\"@type\":\"ListItem\",\"position\":1,\"name\":\"Accueil\",\"item\":\"https:\/\/www.pressenza.com\/es\/\"},{\"@type\":\"ListItem\",\"position\":2,\"name\":\"PHI en el D\u00eda Internacional de los Bosques: \u00abBiodiversidad en riesgo: la propuesta capitalista est\u00e1 agotada y amenaza la vida\u00bb\"}]},{\"@type\":\"WebSite\",\"@id\":\"https:\/\/www.pressenza.com\/es\/#website\",\"url\":\"https:\/\/www.pressenza.com\/es\/\",\"name\":\"Pressenza\",\"description\":\"International Press Agency\",\"publisher\":{\"@id\":\"https:\/\/www.pressenza.com\/es\/#organization\"},\"potentialAction\":[{\"@type\":\"SearchAction\",\"target\":{\"@type\":\"EntryPoint\",\"urlTemplate\":\"https:\/\/www.pressenza.com\/es\/?s={search_term_string}\"},\"query-input\":{\"@type\":\"PropertyValueSpecification\",\"valueRequired\":true,\"valueName\":\"search_term_string\"}}],\"inLanguage\":\"es\"},{\"@type\":\"Organization\",\"@id\":\"https:\/\/www.pressenza.com\/es\/#organization\",\"name\":\"Pressenza\",\"url\":\"https:\/\/www.pressenza.com\/es\/\",\"logo\":{\"@type\":\"ImageObject\",\"inLanguage\":\"es\",\"@id\":\"https:\/\/www.pressenza.com\/es\/#\/schema\/logo\/image\/\",\"url\":\"https:\/\/www.pressenza.com\/wp-content\/uploads\/2022\/10\/pressenza_logo_200x200.jpg\",\"contentUrl\":\"https:\/\/www.pressenza.com\/wp-content\/uploads\/2022\/10\/pressenza_logo_200x200.jpg\",\"width\":200,\"height\":200,\"caption\":\"Pressenza\"},\"image\":{\"@id\":\"https:\/\/www.pressenza.com\/es\/#\/schema\/logo\/image\/\"},\"sameAs\":[\"https:\/\/www.facebook.com\/PressenzaItalia\",\"https:\/\/x.com\/PressenzaIPA\"]},{\"@type\":\"Person\",\"@id\":\"https:\/\/www.pressenza.com\/es\/#\/schema\/person\/f805ee4d4c0aa27aa176ccec26128d33\",\"name\":\"Partido Humanista Internacional\",\"description\":\"www.internationalhumanistparty.org\",\"url\":\"https:\/\/www.pressenza.com\/es\/author\/partido-humanista-internacional\/\"}]}<\/script>\n<!-- \/ Yoast SEO plugin. -->","yoast_head_json":{"title":"PHI en el D\u00eda Internacional de los Bosques: \"Biodiversidad en riesgo: la propuesta capitalista est\u00e1 agotada y amenaza la vida\"","description":"Biodiversidad en Riesgo La propuesta capitalista est\u00e1 agotada y amenaza la vida &nbsp; Para la celebraci\u00f3n el 3 de marzo del D\u00eda Mundial de la Vida","robots":{"index":"index","follow":"follow","max-snippet":"max-snippet:-1","max-image-preview":"max-image-preview:large","max-video-preview":"max-video-preview:-1"},"canonical":"https:\/\/www.pressenza.com\/es\/2021\/04\/partido-humanista-internacional-biodiversidad-en-riesgo-la-propuesta-capitalista-esta-agotada-y-amenaza-la-vida\/","og_locale":"es_ES","og_type":"article","og_title":"PHI en el D\u00eda Internacional de los Bosques: \"Biodiversidad en riesgo: la propuesta capitalista est\u00e1 agotada y amenaza la vida\"","og_description":"Biodiversidad en Riesgo La propuesta capitalista est\u00e1 agotada y amenaza la vida &nbsp; Para la celebraci\u00f3n el 3 de marzo del D\u00eda Mundial de la Vida","og_url":"https:\/\/www.pressenza.com\/es\/2021\/04\/partido-humanista-internacional-biodiversidad-en-riesgo-la-propuesta-capitalista-esta-agotada-y-amenaza-la-vida\/","og_site_name":"Pressenza","article_publisher":"https:\/\/www.facebook.com\/PressenzaItalia","article_published_time":"2021-04-21T00:46:25+00:00","article_modified_time":"2021-04-21T00:49:29+00:00","og_image":[{"width":960,"height":560,"url":"https:\/\/www.pressenza.com\/wp-content\/uploads\/2021\/04\/bosque-en-otono.jpg","type":"image\/jpeg"}],"author":"Partido Humanista Internacional","twitter_card":"summary_large_image","twitter_creator":"@PressenzaIPA","twitter_site":"@PressenzaIPA","twitter_misc":{"Escrito por":"Partido Humanista Internacional","Tiempo de lectura":"9 minutos"},"schema":{"@context":"https:\/\/schema.org","@graph":[{"@type":"Article","@id":"https:\/\/www.pressenza.com\/es\/2021\/04\/partido-humanista-internacional-biodiversidad-en-riesgo-la-propuesta-capitalista-esta-agotada-y-amenaza-la-vida\/#article","isPartOf":{"@id":"https:\/\/www.pressenza.com\/es\/2021\/04\/partido-humanista-internacional-biodiversidad-en-riesgo-la-propuesta-capitalista-esta-agotada-y-amenaza-la-vida\/"},"author":{"name":"Partido Humanista Internacional","@id":"https:\/\/www.pressenza.com\/es\/#\/schema\/person\/f805ee4d4c0aa27aa176ccec26128d33"},"headline":"PHI en el D\u00eda Internacional de los Bosques: \u00abBiodiversidad en riesgo: la propuesta capitalista est\u00e1 agotada y amenaza la vida\u00bb","datePublished":"2021-04-21T00:46:25+00:00","dateModified":"2021-04-21T00:49:29+00:00","mainEntityOfPage":{"@id":"https:\/\/www.pressenza.com\/es\/2021\/04\/partido-humanista-internacional-biodiversidad-en-riesgo-la-propuesta-capitalista-esta-agotada-y-amenaza-la-vida\/"},"wordCount":1881,"publisher":{"@id":"https:\/\/www.pressenza.com\/es\/#organization"},"image":{"@id":"https:\/\/www.pressenza.com\/es\/2021\/04\/partido-humanista-internacional-biodiversidad-en-riesgo-la-propuesta-capitalista-esta-agotada-y-amenaza-la-vida\/#primaryimage"},"thumbnailUrl":"https:\/\/www.pressenza.com\/wp-content\/uploads\/2021\/04\/bosque-en-otono.jpg","keywords":["biodiversidad","cambio clim\u00e1tico","deforestaci\u00f3n","ecosistemas","extinci\u00f3n de especies","protecci\u00f3n de los bosques"],"articleSection":["Comunicados de Prensa","Contenido Original","Ecolog\u00eda y Medio Ambiente","Internacional","Opiniones"],"inLanguage":"es"},{"@type":"WebPage","@id":"https:\/\/www.pressenza.com\/es\/2021\/04\/partido-humanista-internacional-biodiversidad-en-riesgo-la-propuesta-capitalista-esta-agotada-y-amenaza-la-vida\/","url":"https:\/\/www.pressenza.com\/es\/2021\/04\/partido-humanista-internacional-biodiversidad-en-riesgo-la-propuesta-capitalista-esta-agotada-y-amenaza-la-vida\/","name":"PHI en el D\u00eda Internacional de los Bosques: \"Biodiversidad en riesgo: la propuesta capitalista est\u00e1 agotada y amenaza la vida\"","isPartOf":{"@id":"https:\/\/www.pressenza.com\/es\/#website"},"primaryImageOfPage":{"@id":"https:\/\/www.pressenza.com\/es\/2021\/04\/partido-humanista-internacional-biodiversidad-en-riesgo-la-propuesta-capitalista-esta-agotada-y-amenaza-la-vida\/#primaryimage"},"image":{"@id":"https:\/\/www.pressenza.com\/es\/2021\/04\/partido-humanista-internacional-biodiversidad-en-riesgo-la-propuesta-capitalista-esta-agotada-y-amenaza-la-vida\/#primaryimage"},"thumbnailUrl":"https:\/\/www.pressenza.com\/wp-content\/uploads\/2021\/04\/bosque-en-otono.jpg","datePublished":"2021-04-21T00:46:25+00:00","dateModified":"2021-04-21T00:49:29+00:00","description":"Biodiversidad en Riesgo La propuesta capitalista est\u00e1 agotada y amenaza la vida &nbsp; Para la celebraci\u00f3n el 3 de marzo del D\u00eda Mundial de la Vida","breadcrumb":{"@id":"https:\/\/www.pressenza.com\/es\/2021\/04\/partido-humanista-internacional-biodiversidad-en-riesgo-la-propuesta-capitalista-esta-agotada-y-amenaza-la-vida\/#breadcrumb"},"inLanguage":"es","potentialAction":[{"@type":"ReadAction","target":["https:\/\/www.pressenza.com\/es\/2021\/04\/partido-humanista-internacional-biodiversidad-en-riesgo-la-propuesta-capitalista-esta-agotada-y-amenaza-la-vida\/"]}]},{"@type":"ImageObject","inLanguage":"es","@id":"https:\/\/www.pressenza.com\/es\/2021\/04\/partido-humanista-internacional-biodiversidad-en-riesgo-la-propuesta-capitalista-esta-agotada-y-amenaza-la-vida\/#primaryimage","url":"https:\/\/www.pressenza.com\/wp-content\/uploads\/2021\/04\/bosque-en-otono.jpg","contentUrl":"https:\/\/www.pressenza.com\/wp-content\/uploads\/2021\/04\/bosque-en-otono.jpg","width":960,"height":560},{"@type":"BreadcrumbList","@id":"https:\/\/www.pressenza.com\/es\/2021\/04\/partido-humanista-internacional-biodiversidad-en-riesgo-la-propuesta-capitalista-esta-agotada-y-amenaza-la-vida\/#breadcrumb","itemListElement":[{"@type":"ListItem","position":1,"name":"Accueil","item":"https:\/\/www.pressenza.com\/es\/"},{"@type":"ListItem","position":2,"name":"PHI en el D\u00eda Internacional de los Bosques: \u00abBiodiversidad en riesgo: la propuesta capitalista est\u00e1 agotada y amenaza la vida\u00bb"}]},{"@type":"WebSite","@id":"https:\/\/www.pressenza.com\/es\/#website","url":"https:\/\/www.pressenza.com\/es\/","name":"Pressenza","description":"International Press Agency","publisher":{"@id":"https:\/\/www.pressenza.com\/es\/#organization"},"potentialAction":[{"@type":"SearchAction","target":{"@type":"EntryPoint","urlTemplate":"https:\/\/www.pressenza.com\/es\/?s={search_term_string}"},"query-input":{"@type":"PropertyValueSpecification","valueRequired":true,"valueName":"search_term_string"}}],"inLanguage":"es"},{"@type":"Organization","@id":"https:\/\/www.pressenza.com\/es\/#organization","name":"Pressenza","url":"https:\/\/www.pressenza.com\/es\/","logo":{"@type":"ImageObject","inLanguage":"es","@id":"https:\/\/www.pressenza.com\/es\/#\/schema\/logo\/image\/","url":"https:\/\/www.pressenza.com\/wp-content\/uploads\/2022\/10\/pressenza_logo_200x200.jpg","contentUrl":"https:\/\/www.pressenza.com\/wp-content\/uploads\/2022\/10\/pressenza_logo_200x200.jpg","width":200,"height":200,"caption":"Pressenza"},"image":{"@id":"https:\/\/www.pressenza.com\/es\/#\/schema\/logo\/image\/"},"sameAs":["https:\/\/www.facebook.com\/PressenzaItalia","https:\/\/x.com\/PressenzaIPA"]},{"@type":"Person","@id":"https:\/\/www.pressenza.com\/es\/#\/schema\/person\/f805ee4d4c0aa27aa176ccec26128d33","name":"Partido Humanista Internacional","description":"www.internationalhumanistparty.org","url":"https:\/\/www.pressenza.com\/es\/author\/partido-humanista-internacional\/"}]}},"place":"","original_article_url":"","_links":{"self":[{"href":"https:\/\/www.pressenza.com\/es\/wp-json\/wp\/v2\/posts\/1345624","targetHints":{"allow":["GET"]}}],"collection":[{"href":"https:\/\/www.pressenza.com\/es\/wp-json\/wp\/v2\/posts"}],"about":[{"href":"https:\/\/www.pressenza.com\/es\/wp-json\/wp\/v2\/types\/post"}],"author":[{"embeddable":true,"href":"https:\/\/www.pressenza.com\/es\/wp-json\/wp\/v2\/users\/624"}],"replies":[{"embeddable":true,"href":"https:\/\/www.pressenza.com\/es\/wp-json\/wp\/v2\/comments?post=1345624"}],"version-history":[{"count":0,"href":"https:\/\/www.pressenza.com\/es\/wp-json\/wp\/v2\/posts\/1345624\/revisions"}],"wp:featuredmedia":[{"embeddable":true,"href":"https:\/\/www.pressenza.com\/es\/wp-json\/wp\/v2\/media\/1345626"}],"wp:attachment":[{"href":"https:\/\/www.pressenza.com\/es\/wp-json\/wp\/v2\/media?parent=1345624"}],"wp:term":[{"taxonomy":"category","embeddable":true,"href":"https:\/\/www.pressenza.com\/es\/wp-json\/wp\/v2\/categories?post=1345624"},{"taxonomy":"post_tag","embeddable":true,"href":"https:\/\/www.pressenza.com\/es\/wp-json\/wp\/v2\/tags?post=1345624"}],"curies":[{"name":"wp","href":"https:\/\/api.w.org\/{rel}","templated":true}]}}