{"id":134134,"date":"2014-09-23T14:26:02","date_gmt":"2014-09-23T13:26:02","guid":{"rendered":"http:\/\/www.pressenza.com\/?p=134134"},"modified":"2014-09-23T14:26:02","modified_gmt":"2014-09-23T13:26:02","slug":"madrid-guia-del-paciente-para-evitar-ser-derivado-un-centro-privado","status":"publish","type":"post","link":"https:\/\/www.pressenza.com\/es\/2014\/09\/madrid-guia-del-paciente-para-evitar-ser-derivado-un-centro-privado\/","title":{"rendered":"Madrid: gu\u00eda del paciente para evitar ser derivado a un centro privado"},"content":{"rendered":"<p>La derivaci\u00f3n de pacientes a centros privados, para que se les realicen pruebas diagn\u00f3sticas o intervenciones quir\u00fargicas, est\u00e1 \u201clegalizada\u201d por el art\u00edculo 90 de la Ley General de Sanidad -aunque, en teor\u00eda, antes de hacerlo, los centros p\u00fablicos deber\u00edan haber realizado una \u00abutilizaci\u00f3n \u00f3ptima de sus recursos propios\u00bb-.<\/p>\n<p>Sin embargo -desde hace muchos a\u00f1os- todas las comunidades aut\u00f3nomas (independientemente de quien haya gobernado) han mantenido infrautilizados los centros p\u00fablicos, para \u201cjustificar\u201d una derivaci\u00f3n, cada vez mayor, de los procesos y pacientes \u00abrentables\u00bb a centros privados. Mientras, el sector p\u00fablico se sigue haciendo cargo de lo complejo y lo costoso.<\/p>\n<p>Tras 28 a\u00f1os de vigencia, con el conformismo y el silencio de todos los partidos pol\u00edticos con representaci\u00f3n parlamentaria, hay suficientes datos objetivos que demuestran que este art\u00edculo es un mecanismo ideado para desmantelar la sanidad p\u00fablica y potenciar la privada, al tiempo que se llenan los bolsillos de sus accionistas. Sin duda, deber\u00eda ser derogado.<\/p>\n<p align=\"center\"><a href=\"http:\/\/www.casmadrid.org\/index.php?idsecc=documentos&amp;id=175&amp;titulo=DOCUMENTOS\"><strong>\u00bfPOR QU\u00c9 ES PREFERIBLE SER ATENDIDO EN UN CENTRO P\u00daBLICO?<\/strong><\/a><\/p>\n<p>Existen muchas razones, pero las principales son:<\/p>\n<div><span style=\"text-decoration: underline;\">CALIDAD<\/span><\/div>\n<p>&#8211; M\u00faltiples estudios internacionales, publicados en prestigiosas revistas cient\u00edficas, ponen de manifiesto que la <strong>mortalidad<\/strong> es <strong>superior<\/strong> en los pacientes atendidos en centros <strong>con \u00e1nimo de lucro<\/strong>: un 2% en adultos, un 8% en pacientes cr\u00f3nicos y un 9,5% en reci\u00e9n nacidos.<\/p>\n<p>&#8211; La <strong>sanidad p\u00fablica es la \u00fanica<\/strong> que puede asegurar la <strong>calidad<\/strong> y la <strong>universalidad<\/strong> en la asistencia, por ello hay que evitar que se desv\u00ede el dinero p\u00fablico de nuestra asistencia sanitaria a ninguna empresa.<\/p>\n<p>&#8211; Cuantos m\u00e1s pacientes elijan la privada, m\u00e1s se justificar\u00e1 la rebaja de presupuestos, y el deterioro de la calidad, en los centros p\u00fablicos.<\/p>\n<p>&#8211; Los <strong>trabajadores <\/strong>de los <strong>centros p\u00fablicos no reciben<\/strong> (a\u00fan) <strong>incentivos econ\u00f3micos por dar altas prematuras, no ingresar a los pacientes, realizarles pocas pruebas,<\/strong> etc., como ocurre en los centros privados.<\/p>\n<p>&#8211; Los centros p\u00fablicos, por lo general, est\u00e1n <strong>mejor dotados de material y recursos humanos<\/strong>.<\/p>\n<div><\/div>\n<div><span style=\"text-decoration: underline;\">ECONOM\u00cdA<\/span><\/div>\n<p>&#8211; El objetivo fundamental de las empresas es la <strong>obtenci\u00f3n de beneficios<\/strong>.<\/p>\n<p>&#8211; En consecuencia, la sanidad privada es much\u00edsimo <strong>m\u00e1s cara que la p\u00fablica<\/strong>.<\/p>\n<p>&#8211; Cuando eres operado en un centro privado, por lo general todo el proceso posterior se realiza en un centro p\u00fablico. Es decir, los hospitales privados cobran a la Administraci\u00f3n por la intervenci\u00f3n, pero se desentienden del proceso posterior: seguimiento, curas, etc.<\/p>\n<div><\/div>\n<p align=\"center\"><strong>\u00bfQUI\u00c9N TE LLAMA PARA OFRECERTE LAS CITAS?<\/strong><\/p>\n<p><strong>El sistema de citaciones est\u00e1 privatizado en Madrid desde 2010.<\/strong><\/p>\n<p>Quien te llama para darte una cita no es ni un sanitario, ni un trabajador p\u00fablico, sino un <strong>teleoperador de la empresa Indra<\/strong>, quien, siguiendo indicaciones, trata por todos los medios que aceptes ser derivado a un centro privado.<\/p>\n<p align=\"center\"><strong>\u00bfQU\u00c9 CENTROS SON PRIVADOS?<\/strong><\/p>\n<div>Los hay de tres tipos:<\/div>\n<p>&#8211; Los <strong><span style=\"text-decoration: underline;\">privados \u00abde toda la vida\u00bb<\/span><\/strong>: aquellos centros y cl\u00ednicas que nos ofrecen, para \u201cadelantar\u201d pruebas o intervenciones quir\u00fargicas (La Milagrosa, Beata M\u00aa Ana de Jes\u00fas, Hospital de Madrid \u2013varios-, Ruber, S. Francisco de As\u00eds, Centro de Resonancia Magn\u00e9tica de la calle General Arrando, y un largu\u00edsimo etc\u00e9tera).<\/p>\n<p>&#8211; Los <strong><span style=\"text-decoration: underline;\">\u00abnuevos\u00bb privados<\/span><\/strong>, que la Administraci\u00f3n nos presenta <strong>como p\u00fablicos<\/strong> y que ha convertido en \u00abhospitales de referencia\u00bb para cientos de miles de madrile\u00f1os: hospitales de <strong>Valdemoro, Rey Juan Carlos-M\u00f3stoles y Torrej\u00f3n<\/strong> \u2013y el de <strong>Villalba<\/strong> cuando lo abran-, as\u00ed como la <strong>Fundaci\u00f3n Jim\u00e9nez D\u00edaz<\/strong> <strong>(con los ambulatorios de Pontones y Quintana)<\/strong>.<\/p>\n<p>Tambi\u00e9n es enteramente privado el <strong>laboratorio central de referencia de San Sebasti\u00e1n<\/strong> de los Reyes, que realiza las anal\u00edticas de m\u00e1s de un mill\u00f3n de madrile\u00f1os.<\/p>\n<p>&#8211; Los <strong>semip\u00fablicos<\/strong> -o semiprivados, seg\u00fan se mire-: otros 7 hospitales propiedad de empresas constructoras en los que \u00abtodo es privado\u00bb, con excepci\u00f3n del personal sanitario (hospitales de Majadahonda, Arganda, Aranjuez, Coslada, San Sebasti\u00e1n de los Reyes, Parla y Vallecas).<\/p>\n<p><strong>CUANDO NECESITES SER ATENDIDO, \u00bfTIENES DERECHO A ELEGIR UN CENTRO P\u00daBLICO Y RECHAZAR UN CENTRO PRIVADO?<\/strong><\/p>\n<p><strong>S\u00ed; <\/strong>hay que exigir que la atenci\u00f3n sanitaria que nos hayan indicado -pruebas, consulta con el especialista, hospitalizaci\u00f3n- se realicen en un centro p\u00fablico.<\/p>\n<p><strong>\u00bfQU\u00c9 PUEDES HACER SI SE TE ADVIERTE DE QUE SER TRATADO EN UN CENTRO P\u00daBLICO IMPLICAR\u00c1 UN LARGO RETRASO?<\/strong><\/p>\n<p>Si el teleoperador alega que la cita en un centro p\u00fablico va a suponer un largo retraso, debes exigir varias cosas:<\/p>\n<p>&#8211; Que el <strong>teleoperador se identifique<\/strong> con nombre y apellidos.<\/p>\n<p>&#8211; Que te comuniquen por escrito los <strong>tiempos de espera<\/strong> en los centros p\u00fablicos en los que te niegan la cita porque existe una gran demora.<\/p>\n<p>&#8211; Si es posible y te llaman a un tel\u00e9fono m\u00f3vil, activa la opci\u00f3n <strong>\u00abGRABAR\u00bb<\/strong> o el altavoz para que alguien pueda atestiguar lo que te est\u00e1n diciendo.<\/p>\n<p>En muchas ocasiones, los teleoperadores indican que la lista de espera en un centro p\u00fablico es de varios meses. Con posterioridad, los propios pacientes han llamado directamente al hospital o centro de especialidades p\u00fablicos y han descubierto que no ten\u00eda demora o que la espera era de unas pocas semanas.<\/p>\n<p>En definitiva, tratan de derivar los pacientes hacia los centros privados, vaciando de actividad los centros p\u00fablicos, para mejor justificar su posterior desmantelamiento y\/o cierre.<\/p>\n<p><strong>\u00bfQU\u00c9 REPERCUSI\u00d3N TIENE QUE TE NIEGUES A ACEPTAR, EN LA PRIMERA LLAMADA, LA OPCI\u00d3N DEL CENTRO PRIVADO?<\/strong><\/p>\n<p>Cuando se ofrece un centro privado y el paciente lo rechaza porque quiere ser tratado en un centro p\u00fablico de su elecci\u00f3n, la Consejer\u00eda de Sanidad le <strong>\u00abcastiga\u00bb excluy\u00e9ndole de la lista de espera \u00abestructural\u00bb<\/strong> y pas\u00e1ndole a <strong>\u00abotra\u00bb<\/strong>, en la que a veces se espera hasta 6 veces m\u00e1s.<\/p>\n<p><strong>\u00bfTE PUEDEN DEJAR EN EL LIMBO, SIN CITA EN NING\u00daN CENTRO?<\/strong><\/p>\n<p><strong>Si<\/strong>, desgraciadamente ya tenemos documentados casos en los que pacientes han sido mantenidos durante meses en una situaci\u00f3n en la que no se les daba cita ni en un centro p\u00fablico, ni en uno privado. En ese caso, contacta con nosotros (<strong>info@casmadrid.org<\/strong>) y trataremos de ayudarte a ejercer tus derechos.<\/p>\n<p><strong>\u00bfC\u00d3MO ACTUAR SI, TRAS RECHAZAR SER ATENDIDO EN UN CENTRO PRIVADO Y DARTE CITA EN UNO P\u00daBLICO CON MUCHA DEMORA, TU SITUACI\u00d3N EMPEORA O SE AGRAVA?<\/strong><\/p>\n<p>En primer lugar ponte r\u00e1pidamente en <strong>contacto con tu centro p\u00fablico<\/strong>, explicando tu situaci\u00f3n para que te atiendan lo antes posible.<\/p>\n<p>Si no te ofrecen una soluci\u00f3n aceptable, te recomendamos que registres una <strong>carta en la Consejer\u00eda de Sanidad<\/strong>, solicitando que se te facilite cita a la mayor brevedad e indicando que, si no recibes atenci\u00f3n adecuada, en un plazo razonable, les har\u00e1s responsables de las consecuencias que puedan producirse.<\/p>\n<p>Es necesario saber que la legislaci\u00f3n estatal sobre tratamiento homog\u00e9neo de la informaci\u00f3n sobre las listas de espera (R.D. 605\/2003) establece que, para la realizaci\u00f3n de pruebas diagn\u00f3sticas\/terap\u00e9uticas o consultas externas, los pacientes deben ser clasificados como <strong>\u00absolicitud preferente\u00bb<\/strong> (realizaci\u00f3n en un periodo m\u00e1ximo de 15 d\u00edas) o <strong>\u00absolicitud ordinaria\u00bb<\/strong>.<\/p>\n<p>En el caso de intervenciones quir\u00fargicas, las prioridades son: 1) pacientes cuyo <strong>tratamiento quir\u00fargico no admite una demora superior a 30 d\u00edas<\/strong>, 2) recomendaci\u00f3n de intervenci\u00f3n en un <strong>plazo inferior a 90 d\u00edas<\/strong> y 3) pacientes cuya <strong>patolog\u00eda permite la demora del tratamiento<\/strong>.<\/p>\n<p><strong>\u00bfES POSIBLE CONOCER LA LISTA DE ESPERA REAL POR HOSPITALES, AMBULATORIOS O SERVICIOS DE ATENCI\u00d3N ESPECIALIZADA?<\/strong><\/p>\n<p>Actualmente es imposible, pues, aunque la Administraci\u00f3n conoce en todo momento cu\u00e1l es la situaci\u00f3n de las listas de espera quir\u00fargicas y\/o diagnosticas, no la hace p\u00fablica.<\/p>\n<p><strong>\u00bfQU\u00c9 PASA SI LA ADMINISTRACI\u00d3N TE ASIGNA \u201cFORZOSAMENTE\u201d A UN CENTRO PRIVADO: HOSPITALES DE VALDEMORO, REY JUAN CARLOSM\u00d3STOLES, TORREJ\u00d3N, VILLALBA CUANDO LO ABRAN, Y LA FUNDACI\u00d3N JIM\u00c9NEZ D\u00cdAZ?<\/strong><\/p>\n<p>Esperanza Aguirre prometi\u00f3 \u201clibertad de elecci\u00f3n de m\u00e9dico y hospital\u201d. Sin embargo, <strong>la ley que aprob\u00f3 el PP<\/strong> (la de Libertad de Elecci\u00f3n) <strong>es una trampa<\/strong>: s\u00f3lo deja elegir hospital o especialista cuando \u00abnecesitemos ser tratados de una enfermedad concreta\u00bb. Es decir, <strong>\u00abla ley no nos permite elegir hospital de manera permanente\u00bb<\/strong>.<\/p>\n<p>Lo han hecho as\u00ed de manera intencionada, <strong>para asignarnos forzosamente a centros privados<\/strong>, para que, mientras no necesitemos utilizar los servicios, parte del dinero que cada madrile\u00f1o o madrile\u00f1a tiene asignado para su asistencia sanitaria (unos 1.100 \u20ac\/persona\/a\u00f1o) pase a empresas privadas.<\/p>\n<p><strong>\u00bfA D\u00d3NDE PUEDES ACUDIR PARA PONER UNA RECLAMACI\u00d3N O DENUNCIAR QUE TE IMPIDEN LA LIBRE ELECCI\u00d3N?<\/strong><\/p>\n<p>Es posible reclamar en varios lugares y es muy importante hacerlo, siempre por escrito y guardando la copia, por si m\u00e1s adelante hubiese que iniciar acciones legales o de otro tipo:<\/p>\n<p>&#8211; Registro de la Consejer\u00eda de Sanidad, C\/ Aduana n\u00ba 7, dirigida al propio Consejero.<\/p>\n<p>&#8211; Defensor del pueblo, C\/ Eduardo Dato, 31, 28010 Madrid (o a trav\u00e9s de su p\u00e1gina web: <a href=\"http:\/\/www.defensordelpueblo.es\/es\/Queja\/presenta\/modalidad.jsf\" target=\"_blank\"><span style=\"color: #000000;\"><strong>http:\/\/www.defensordelpueblo.<\/strong><strong>es\/es\/Queja\/presenta\/modalidad.jsf<\/strong><\/span><\/a>)<\/p>\n","protected":false},"excerpt":{"rendered":"<p>La derivaci\u00f3n de pacientes a centros privados, para que se les realicen pruebas diagn\u00f3sticas o intervenciones quir\u00fargicas, est\u00e1 \u201clegalizada\u201d por el art\u00edculo 90 de la Ley General de Sanidad -aunque, en teor\u00eda, antes de hacerlo, los centros p\u00fablicos deber\u00edan haber&hellip;<\/p>\n","protected":false},"author":781,"featured_media":0,"comment_status":"closed","ping_status":"open","sticky":false,"template":"","format":"standard","meta":{"footnotes":""},"categories":[149,63,1239],"tags":[12360],"class_list":["post-134134","post","type-post","status-publish","format-standard","hentry","category-comunicados-de-prensa","category-region-es","category-salud","tag-privatizacion-sanidad-publica"],"yoast_head":"<!-- This site is optimized with the Yoast SEO plugin v27.1.1 - https:\/\/yoast.com\/product\/yoast-seo-wordpress\/ -->\n<title>Madrid: gu\u00eda del paciente para evitar ser derivado a un centro privado<\/title>\n<meta name=\"description\" content=\"La derivaci\u00f3n de pacientes a centros privados, para que se les realicen pruebas diagn\u00f3sticas o intervenciones quir\u00fargicas, est\u00e1 \u201clegalizada\u201d por el\" \/>\n<meta name=\"robots\" content=\"index, follow, max-snippet:-1, max-image-preview:large, max-video-preview:-1\" \/>\n<link rel=\"canonical\" href=\"https:\/\/www.pressenza.com\/es\/2014\/09\/madrid-guia-del-paciente-para-evitar-ser-derivado-un-centro-privado\/\" \/>\n<meta property=\"og:locale\" content=\"es_ES\" \/>\n<meta property=\"og:type\" content=\"article\" \/>\n<meta property=\"og:title\" content=\"Madrid: gu\u00eda del paciente para evitar ser derivado a un centro privado\" \/>\n<meta property=\"og:description\" content=\"La derivaci\u00f3n de pacientes a centros privados, para que se les realicen pruebas diagn\u00f3sticas o intervenciones quir\u00fargicas, est\u00e1 \u201clegalizada\u201d por el\" \/>\n<meta property=\"og:url\" content=\"https:\/\/www.pressenza.com\/es\/2014\/09\/madrid-guia-del-paciente-para-evitar-ser-derivado-un-centro-privado\/\" \/>\n<meta property=\"og:site_name\" content=\"Pressenza\" \/>\n<meta property=\"article:publisher\" content=\"https:\/\/www.facebook.com\/PressenzaItalia\" \/>\n<meta property=\"article:published_time\" content=\"2014-09-23T13:26:02+00:00\" \/>\n<meta name=\"author\" content=\"Coordinadora Anti-privatizaci\u00f3n de la Sanidad P\u00fablica Madrid (CAS)\" \/>\n<meta name=\"twitter:card\" content=\"summary_large_image\" \/>\n<meta name=\"twitter:creator\" content=\"@PressenzaIPA\" \/>\n<meta name=\"twitter:site\" content=\"@PressenzaIPA\" \/>\n<meta name=\"twitter:label1\" content=\"Escrito por\" \/>\n\t<meta name=\"twitter:data1\" content=\"Coordinadora Anti-privatizaci\u00f3n  de la Sanidad P\u00fablica Madrid (CAS)\" \/>\n\t<meta name=\"twitter:label2\" content=\"Tiempo de lectura\" \/>\n\t<meta name=\"twitter:data2\" content=\"8 minutos\" \/>\n<script type=\"application\/ld+json\" class=\"yoast-schema-graph\">{\"@context\":\"https:\/\/schema.org\",\"@graph\":[{\"@type\":\"Article\",\"@id\":\"https:\/\/www.pressenza.com\/es\/2014\/09\/madrid-guia-del-paciente-para-evitar-ser-derivado-un-centro-privado\/#article\",\"isPartOf\":{\"@id\":\"https:\/\/www.pressenza.com\/es\/2014\/09\/madrid-guia-del-paciente-para-evitar-ser-derivado-un-centro-privado\/\"},\"author\":{\"name\":\"Coordinadora Anti-privatizaci\u00f3n de la Sanidad P\u00fablica Madrid (CAS)\",\"@id\":\"https:\/\/www.pressenza.com\/es\/#\/schema\/person\/fbefc672c0511cbb43a779fb15aedd8c\"},\"headline\":\"Madrid: gu\u00eda del paciente para evitar ser derivado a un centro privado\",\"datePublished\":\"2014-09-23T13:26:02+00:00\",\"mainEntityOfPage\":{\"@id\":\"https:\/\/www.pressenza.com\/es\/2014\/09\/madrid-guia-del-paciente-para-evitar-ser-derivado-un-centro-privado\/\"},\"wordCount\":1561,\"publisher\":{\"@id\":\"https:\/\/www.pressenza.com\/es\/#organization\"},\"keywords\":[\"privatizaci\u00f3n sanidad p\u00fablica\"],\"articleSection\":[\"Comunicados de Prensa\",\"Regi\u00f3n\",\"Salud\"],\"inLanguage\":\"es\"},{\"@type\":\"WebPage\",\"@id\":\"https:\/\/www.pressenza.com\/es\/2014\/09\/madrid-guia-del-paciente-para-evitar-ser-derivado-un-centro-privado\/\",\"url\":\"https:\/\/www.pressenza.com\/es\/2014\/09\/madrid-guia-del-paciente-para-evitar-ser-derivado-un-centro-privado\/\",\"name\":\"Madrid: gu\u00eda del paciente para evitar ser derivado a un centro privado\",\"isPartOf\":{\"@id\":\"https:\/\/www.pressenza.com\/es\/#website\"},\"datePublished\":\"2014-09-23T13:26:02+00:00\",\"description\":\"La derivaci\u00f3n de pacientes a centros privados, para que se les realicen pruebas diagn\u00f3sticas o intervenciones quir\u00fargicas, est\u00e1 \u201clegalizada\u201d por el\",\"breadcrumb\":{\"@id\":\"https:\/\/www.pressenza.com\/es\/2014\/09\/madrid-guia-del-paciente-para-evitar-ser-derivado-un-centro-privado\/#breadcrumb\"},\"inLanguage\":\"es\",\"potentialAction\":[{\"@type\":\"ReadAction\",\"target\":[\"https:\/\/www.pressenza.com\/es\/2014\/09\/madrid-guia-del-paciente-para-evitar-ser-derivado-un-centro-privado\/\"]}]},{\"@type\":\"BreadcrumbList\",\"@id\":\"https:\/\/www.pressenza.com\/es\/2014\/09\/madrid-guia-del-paciente-para-evitar-ser-derivado-un-centro-privado\/#breadcrumb\",\"itemListElement\":[{\"@type\":\"ListItem\",\"position\":1,\"name\":\"Accueil\",\"item\":\"https:\/\/www.pressenza.com\/es\/\"},{\"@type\":\"ListItem\",\"position\":2,\"name\":\"Madrid: gu\u00eda del paciente para evitar ser derivado a un centro privado\"}]},{\"@type\":\"WebSite\",\"@id\":\"https:\/\/www.pressenza.com\/es\/#website\",\"url\":\"https:\/\/www.pressenza.com\/es\/\",\"name\":\"Pressenza\",\"description\":\"International Press Agency\",\"publisher\":{\"@id\":\"https:\/\/www.pressenza.com\/es\/#organization\"},\"potentialAction\":[{\"@type\":\"SearchAction\",\"target\":{\"@type\":\"EntryPoint\",\"urlTemplate\":\"https:\/\/www.pressenza.com\/es\/?s={search_term_string}\"},\"query-input\":{\"@type\":\"PropertyValueSpecification\",\"valueRequired\":true,\"valueName\":\"search_term_string\"}}],\"inLanguage\":\"es\"},{\"@type\":\"Organization\",\"@id\":\"https:\/\/www.pressenza.com\/es\/#organization\",\"name\":\"Pressenza\",\"url\":\"https:\/\/www.pressenza.com\/es\/\",\"logo\":{\"@type\":\"ImageObject\",\"inLanguage\":\"es\",\"@id\":\"https:\/\/www.pressenza.com\/es\/#\/schema\/logo\/image\/\",\"url\":\"https:\/\/www.pressenza.com\/wp-content\/uploads\/2022\/10\/pressenza_logo_200x200.jpg\",\"contentUrl\":\"https:\/\/www.pressenza.com\/wp-content\/uploads\/2022\/10\/pressenza_logo_200x200.jpg\",\"width\":200,\"height\":200,\"caption\":\"Pressenza\"},\"image\":{\"@id\":\"https:\/\/www.pressenza.com\/es\/#\/schema\/logo\/image\/\"},\"sameAs\":[\"https:\/\/www.facebook.com\/PressenzaItalia\",\"https:\/\/x.com\/PressenzaIPA\"]},{\"@type\":\"Person\",\"@id\":\"https:\/\/www.pressenza.com\/es\/#\/schema\/person\/fbefc672c0511cbb43a779fb15aedd8c\",\"name\":\"Coordinadora Anti-privatizaci\u00f3n de la Sanidad P\u00fablica Madrid (CAS)\",\"url\":\"https:\/\/www.pressenza.com\/es\/author\/coordinadora-anti-privatizacion-de-la-sanidad\/\"}]}<\/script>\n<!-- \/ Yoast SEO plugin. -->","yoast_head_json":{"title":"Madrid: gu\u00eda del paciente para evitar ser derivado a un centro privado","description":"La derivaci\u00f3n de pacientes a centros privados, para que se les realicen pruebas diagn\u00f3sticas o intervenciones quir\u00fargicas, est\u00e1 \u201clegalizada\u201d por el","robots":{"index":"index","follow":"follow","max-snippet":"max-snippet:-1","max-image-preview":"max-image-preview:large","max-video-preview":"max-video-preview:-1"},"canonical":"https:\/\/www.pressenza.com\/es\/2014\/09\/madrid-guia-del-paciente-para-evitar-ser-derivado-un-centro-privado\/","og_locale":"es_ES","og_type":"article","og_title":"Madrid: gu\u00eda del paciente para evitar ser derivado a un centro privado","og_description":"La derivaci\u00f3n de pacientes a centros privados, para que se les realicen pruebas diagn\u00f3sticas o intervenciones quir\u00fargicas, est\u00e1 \u201clegalizada\u201d por el","og_url":"https:\/\/www.pressenza.com\/es\/2014\/09\/madrid-guia-del-paciente-para-evitar-ser-derivado-un-centro-privado\/","og_site_name":"Pressenza","article_publisher":"https:\/\/www.facebook.com\/PressenzaItalia","article_published_time":"2014-09-23T13:26:02+00:00","author":"Coordinadora Anti-privatizaci\u00f3n de la Sanidad P\u00fablica Madrid (CAS)","twitter_card":"summary_large_image","twitter_creator":"@PressenzaIPA","twitter_site":"@PressenzaIPA","twitter_misc":{"Escrito por":"Coordinadora Anti-privatizaci\u00f3n  de la Sanidad P\u00fablica Madrid (CAS)","Tiempo de lectura":"8 minutos"},"schema":{"@context":"https:\/\/schema.org","@graph":[{"@type":"Article","@id":"https:\/\/www.pressenza.com\/es\/2014\/09\/madrid-guia-del-paciente-para-evitar-ser-derivado-un-centro-privado\/#article","isPartOf":{"@id":"https:\/\/www.pressenza.com\/es\/2014\/09\/madrid-guia-del-paciente-para-evitar-ser-derivado-un-centro-privado\/"},"author":{"name":"Coordinadora Anti-privatizaci\u00f3n de la Sanidad P\u00fablica Madrid (CAS)","@id":"https:\/\/www.pressenza.com\/es\/#\/schema\/person\/fbefc672c0511cbb43a779fb15aedd8c"},"headline":"Madrid: gu\u00eda del paciente para evitar ser derivado a un centro privado","datePublished":"2014-09-23T13:26:02+00:00","mainEntityOfPage":{"@id":"https:\/\/www.pressenza.com\/es\/2014\/09\/madrid-guia-del-paciente-para-evitar-ser-derivado-un-centro-privado\/"},"wordCount":1561,"publisher":{"@id":"https:\/\/www.pressenza.com\/es\/#organization"},"keywords":["privatizaci\u00f3n sanidad p\u00fablica"],"articleSection":["Comunicados de Prensa","Regi\u00f3n","Salud"],"inLanguage":"es"},{"@type":"WebPage","@id":"https:\/\/www.pressenza.com\/es\/2014\/09\/madrid-guia-del-paciente-para-evitar-ser-derivado-un-centro-privado\/","url":"https:\/\/www.pressenza.com\/es\/2014\/09\/madrid-guia-del-paciente-para-evitar-ser-derivado-un-centro-privado\/","name":"Madrid: gu\u00eda del paciente para evitar ser derivado a un centro privado","isPartOf":{"@id":"https:\/\/www.pressenza.com\/es\/#website"},"datePublished":"2014-09-23T13:26:02+00:00","description":"La derivaci\u00f3n de pacientes a centros privados, para que se les realicen pruebas diagn\u00f3sticas o intervenciones quir\u00fargicas, est\u00e1 \u201clegalizada\u201d por el","breadcrumb":{"@id":"https:\/\/www.pressenza.com\/es\/2014\/09\/madrid-guia-del-paciente-para-evitar-ser-derivado-un-centro-privado\/#breadcrumb"},"inLanguage":"es","potentialAction":[{"@type":"ReadAction","target":["https:\/\/www.pressenza.com\/es\/2014\/09\/madrid-guia-del-paciente-para-evitar-ser-derivado-un-centro-privado\/"]}]},{"@type":"BreadcrumbList","@id":"https:\/\/www.pressenza.com\/es\/2014\/09\/madrid-guia-del-paciente-para-evitar-ser-derivado-un-centro-privado\/#breadcrumb","itemListElement":[{"@type":"ListItem","position":1,"name":"Accueil","item":"https:\/\/www.pressenza.com\/es\/"},{"@type":"ListItem","position":2,"name":"Madrid: gu\u00eda del paciente para evitar ser derivado a un centro privado"}]},{"@type":"WebSite","@id":"https:\/\/www.pressenza.com\/es\/#website","url":"https:\/\/www.pressenza.com\/es\/","name":"Pressenza","description":"International Press Agency","publisher":{"@id":"https:\/\/www.pressenza.com\/es\/#organization"},"potentialAction":[{"@type":"SearchAction","target":{"@type":"EntryPoint","urlTemplate":"https:\/\/www.pressenza.com\/es\/?s={search_term_string}"},"query-input":{"@type":"PropertyValueSpecification","valueRequired":true,"valueName":"search_term_string"}}],"inLanguage":"es"},{"@type":"Organization","@id":"https:\/\/www.pressenza.com\/es\/#organization","name":"Pressenza","url":"https:\/\/www.pressenza.com\/es\/","logo":{"@type":"ImageObject","inLanguage":"es","@id":"https:\/\/www.pressenza.com\/es\/#\/schema\/logo\/image\/","url":"https:\/\/www.pressenza.com\/wp-content\/uploads\/2022\/10\/pressenza_logo_200x200.jpg","contentUrl":"https:\/\/www.pressenza.com\/wp-content\/uploads\/2022\/10\/pressenza_logo_200x200.jpg","width":200,"height":200,"caption":"Pressenza"},"image":{"@id":"https:\/\/www.pressenza.com\/es\/#\/schema\/logo\/image\/"},"sameAs":["https:\/\/www.facebook.com\/PressenzaItalia","https:\/\/x.com\/PressenzaIPA"]},{"@type":"Person","@id":"https:\/\/www.pressenza.com\/es\/#\/schema\/person\/fbefc672c0511cbb43a779fb15aedd8c","name":"Coordinadora Anti-privatizaci\u00f3n de la Sanidad P\u00fablica Madrid (CAS)","url":"https:\/\/www.pressenza.com\/es\/author\/coordinadora-anti-privatizacion-de-la-sanidad\/"}]}},"place":"","original_article_url":"","_links":{"self":[{"href":"https:\/\/www.pressenza.com\/es\/wp-json\/wp\/v2\/posts\/134134","targetHints":{"allow":["GET"]}}],"collection":[{"href":"https:\/\/www.pressenza.com\/es\/wp-json\/wp\/v2\/posts"}],"about":[{"href":"https:\/\/www.pressenza.com\/es\/wp-json\/wp\/v2\/types\/post"}],"author":[{"embeddable":true,"href":"https:\/\/www.pressenza.com\/es\/wp-json\/wp\/v2\/users\/781"}],"replies":[{"embeddable":true,"href":"https:\/\/www.pressenza.com\/es\/wp-json\/wp\/v2\/comments?post=134134"}],"version-history":[{"count":0,"href":"https:\/\/www.pressenza.com\/es\/wp-json\/wp\/v2\/posts\/134134\/revisions"}],"wp:attachment":[{"href":"https:\/\/www.pressenza.com\/es\/wp-json\/wp\/v2\/media?parent=134134"}],"wp:term":[{"taxonomy":"category","embeddable":true,"href":"https:\/\/www.pressenza.com\/es\/wp-json\/wp\/v2\/categories?post=134134"},{"taxonomy":"post_tag","embeddable":true,"href":"https:\/\/www.pressenza.com\/es\/wp-json\/wp\/v2\/tags?post=134134"}],"curies":[{"name":"wp","href":"https:\/\/api.w.org\/{rel}","templated":true}]}}