{"id":1341280,"date":"2021-04-14T18:57:16","date_gmt":"2021-04-14T17:57:16","guid":{"rendered":"https:\/\/www.pressenza.com\/?p=1341280"},"modified":"2021-04-14T18:57:16","modified_gmt":"2021-04-14T17:57:16","slug":"bolivia-el-mas-perdio-las-cuatro-gobernaciones-en-balotaje-y-se-quiebra-el-voto-duro","status":"publish","type":"post","link":"https:\/\/www.pressenza.com\/es\/2021\/04\/bolivia-el-mas-perdio-las-cuatro-gobernaciones-en-balotaje-y-se-quiebra-el-voto-duro\/","title":{"rendered":"Bolivia: El MAS perdi\u00f3 las cuatro gobernaciones en balotaje y se quiebra el voto duro"},"content":{"rendered":"<p>Este 11 de Abril tuvieron lugar las elecciones de balotaje para 4 gobernaciones bolivianas: La Paz, Tarija, Pando y Chuquisaca. \u00a0El partido de gobierno, el MAS perdi\u00f3 con un margen de 10 puntos de diferencia en cada una de ellas. En Chuquisaca el margen fue superior a los 14 puntos. Estos resultados reconfiguraran el poder pol\u00edtico territorial en el pa\u00eds y podr\u00edan determinar la elecci\u00f3n presidencial del 2025.<\/p>\n<p>En Tarija gan\u00f3 Oscar Montes por \u201cUnidos por Tarija\u201d (UXT) con 55% frente al \u00a0MAS que obtuvo el 45%; en Chuquisaca gan\u00f3 Dami\u00e1n Condori de \u201cChuquisaca Somos Todos\u201d (CST) con el 57% frente al \u00a0MAS que obtuvo el 43% y en Pando gan\u00f3 Regis Richter del \u201cMovimiento Tercer Sistema\u201d (MTS) con el 55% frente al MAS que obtuvo el 45%. En La Paz, el nuevo gobernador es Santos Quispe de \u201cJallalla La Paz\u201d con el 55%, frente a Franklin Flores, la apuesta del MAS que obtuvo el 45%. El joven aymara y profesional reemplaz\u00f3 en su candidatura a su padre el l\u00edder hist\u00f3rico ind\u00edgena Felipe Quispe \u201cEl Mallku\u201d que ten\u00eda asegurado su triunfo como gobernador de La Paz, pero ante su fallecimiento tuvo que ser reemplazado.<\/p>\n<p>Est\u00e1 claro que ning\u00fan hijo hereda el conocimiento, ni la experiencia del padre de por s\u00ed, pero Santos Quispe reactualiz\u00f3 una disputa hist\u00f3rica de su padre \u201cEl Mallku\u201d con una \u201cc\u00fapula de intelectuales blancos de clase media\u201d que integran el MAS, a los que acusaba de \u201cutilizar de escalera\u201d al ind\u00edgena para acceder al poder y de ser \u201cracistas\u201d y \u201ccerrar el paso a nuevos liderazgos ind\u00edgenas\u201d.<\/p>\n<p>Dentro del MAS hay muchas voces cr\u00edticas de larga data de dicha \u201cc\u00fapula\u201d: el Chato Peredo, \u00faltimo guerrillero del Che; el l\u00edder minero Orlando Guti\u00e9rrez (ambos fallecidos); Segundina Flores de la Confederaci\u00f3n\u00a0 de Mujeres Ind\u00edgenas Bartolina Sisa, etc. Segundina recientemente afirm\u00f3: \u201cHay un equipo de mentirosos del MAS que hacen equivocar a Evo Morales\u201d y que \u201ca\u00fan mantienen sus influencias\u201d. A este sector, apuntan tambi\u00e9n los dirigentes de \u201cJallalla La Paz\u201d Santos Quispe y Eva Copa, recientemente electa alcaldesa de El Alto, la segunda ciudad m\u00e1s populosa del pa\u00eds.<\/p>\n<p><strong>Mapa pol\u00edtico de poder territorial a nivel nacional<\/strong><\/p>\n<p>Los resultados finales de las elecciones subnacionales del 7 de Mazo y del balotaje del 11 de Abril confirman que el MAS gan\u00f3 en 3 de 9 gobernaciones en Cochabamba, Oruro y Potos\u00ed. A nivel alcald\u00edas le fue mejor al MAS en su disputa con la derecha, pero hay que tener en cuenta que no existen en los municipios otras opciones como la de \u201cJallalla La Paz\u201d.<\/p>\n<p>De 336 alcald\u00edas, el MAS gan\u00f3 239, el 67% del total. Tambi\u00e9n gan\u00f3 y mantiene mayor\u00eda en la composici\u00f3n de las asambleas legislativas a nivel nacional. Perdi\u00f3 en el \u00e1rea metropolitana en Santa Cruz, La Paz y Cochabamba frente a los golpistas: Fernando Camacho fue electo gobernador de Santa Cruz con el 55,62% de votos; Iv\u00e1n Arias ex ministro de Obras P\u00fablicas de Jeanine \u00c1\u00f1ez fue electo alcalde de La Paz con 49,52% y\u00a0 Manfred Reyes Villa l\u00edder de lo que se llam\u00f3 la Media Luna desde donde se articul\u00f3 el intento de golpe de estado el 2008, gan\u00f3 la alcald\u00eda de Cochabamba con 55,63%.<\/p>\n<p>Esta victoria de los golpistas en lugares estrat\u00e9gicos abre una v\u00eda para una posible rearticulaci\u00f3n de la ultraderecha, aunque, por el momento, solo mantienen n\u00facleos de poder regionales al carecer de un proyecto pol\u00edtico nacional. Por otro lado, si bien el MAS nunca gana en Santa Cruz, que Fernando Camacho haya ganado la gobernaci\u00f3n pos golpe de estado, no es para subestimar. Carlos Mesa queda desdibujado en esta elecci\u00f3n, pese a haber sido candidato presidencial el 2020, pues no pudo capitalizar lo conquistado.<\/p>\n<p>Por otro lado, el MAS perdi\u00f3 en El Alto de forma contundente frente a Eva Copa ex Presidenta del Senado de Bolivia que fue expulsada por el MAS. Se prest\u00f3 la sigla a la agrupaci\u00f3n \u201cJallalla La Paz\u201d y gan\u00f3 con el 68,70% de apoyo generando el\u00a0 \u201cfen\u00f3meno Eva Copa\u201d en el pa\u00eds. De esta manera, se produce el quiebre del voto duro ind\u00edgena y la fractura al interior del MAS, originado por su expulsi\u00f3n que arrastr\u00f3 parte del \u201cvoto del MAS\u201d.<\/p>\n<p>Este fen\u00f3meno sucede en un lugar hist\u00f3rico y de importancia vital en la escena pol\u00edtica del pa\u00eds, siendo El Alto n\u00facleo de resistencia ind\u00edgena y era una vanguardia del MAS. Es la segunda ciudad m\u00e1s poblada de Bolivia y la primera de La Paz. Ciudad donde se gest\u00f3 la insurrecci\u00f3n \u201cguerra del gas\u201d el 2003 que permiti\u00f3 la llegada al poder de Evo Morales y estrat\u00e9gica para el derrocamiento del \u00faltimo golpe de estado. Si Eva Copa realiza una buena gesti\u00f3n como alcaldesa, su fuerza podr\u00eda irradiarse a nivel nacional y podr\u00eda disputar la presidencia el 2025. Algo que ya suena fuerte en las calles.<\/p>\n<p>\u00bfEva Copa y Santos Quispe de \u201cJallalla La Paz\u201d pertenecen a la derecha o son \u201ctrotskistas\u201d funcionales a la derecha?\u00a0 \u00bfO Son parte del surgimiento de una nueva opci\u00f3n dentro de la izquierda en el pa\u00eds? El an\u00e1lisis es tan complejo como la realidad boliviana diversa, ya que hay sectores del movimiento ind\u00edgena que no se identifican con los polos pol\u00edticos de derecha e izquierda tradicionales, sino que son indianistas. Por ejemplo, El Mallku sosten\u00eda que el ind\u00edgena era utilizado hist\u00f3ricamente como \u201cescalera\u201d\u00a0 para ocupar cargos pol\u00edticos y que este accionar era replicado tanto por la derecha como por la izquierda colonial. Que si bien la izquierda se \u201cun\u00eda\u201d a los ind\u00edgenas, una vez llegado al poder no permit\u00edan que estos ocupen cargos decisivos de poder y dejaban su filosof\u00eda andina de lado.<\/p>\n<p>Desde el pensamiento occidental pol\u00edtico que reina en la regi\u00f3n que analiza todo desde una l\u00f3gica binaria derecha-izquierda y lo que est\u00e1 por fuera es la \u201cderecha\u201d y \u00a0con categor\u00edas conceptuales insuficientes para analizar la realidad ind\u00edgena, es imposible comprender el pensamiento ind\u00edgena.<\/p>\n<p>Hay dos hip\u00f3tesis al respecto de estos liderazgos: La primera sostiene que ambos son funcionales a la derecha como una especie de \u201ctrotskismo\u201d o que son parte de la misma derecha, incluso algunos sectores del MAS los acusaron de estar financiados por la Agencia Central de Inteligencia (C.I.A.) de EEUU y de ser una \u201ctraidora\u201d aliada del golpismo. La segunda hip\u00f3tesis es que es parte de la conformaci\u00f3n de una nueva opci\u00f3n que postula b\u00e1sicamente el pensamiento andino, y que desde una concepci\u00f3n occidental, se podr\u00edan catalogar como de \u201cizquierda\u201d.<\/p>\n<p>Recordemos que los principios filos\u00f3ficos de la cultura andina est\u00e1n en la constituci\u00f3n boliviana y son los principios originarios del MAS. Eva Copa afirm\u00f3 en su campa\u00f1a: \u201cMe cans\u00e9 de escuchar cada estupidez que dicen, que soy de la derecha y que soy golpista. Les quiero decir a esos se\u00f1ores, que yo s\u00ed tuve el valor de quedarme aqu\u00ed con mi pueblo y luchar por mi gente y no me escond\u00ed\u201d.<\/p>\n<p>Cuando todo indicaba que iba a ser la candidata a alcaldesa por El Alto del MAS, fue descartada y ocup\u00f3 ese lugar Ratuki Maquera, desconocido hasta ese momento. Luego, es expulsada de las filas del MAS y en pos de disputar el poder y no conformarse con cargos pol\u00edticos menores, pidi\u00f3 prestada la sigla de \u201cJallala La Paz\u201d, candidate\u00f3 como alcaldesa y gan\u00f3 con casi el 70% de apoyo irrumpiendo en la escena pol\u00edtica como el \u201cFen\u00f3meno Eva Copa\u201d en el pa\u00eds.<\/p>\n<p>Tras su expulsi\u00f3n, recibi\u00f3 respaldo de varias personalidades del MAS: Segundina Flores, ex dirigenta de las Bartolina Sisa, Esther Soria, gobernadora de Cochabamba, Lidia Patty ex asamble\u00edsta y denunciante del \u201ccaso golpe de estado\u201d que tiene a Jeanine \u00c1\u00f1ez en la c\u00e1rcel, el Gringo Gonzales ex Presidente del Senado de Bolivia coincidieron en se\u00f1alar la expulsi\u00f3n de \u201cgrave error\u201d. Al respecto el Gringo Gonzales sostuvo: \u201cNo comprendo los mecanismos con que la c\u00fapula del MAS elige a sus candidatos\u201d.<\/p>\n<p><strong>\u00bfC\u00f3mo se explican estos resultados tras la victoria del MAS del 55%?<\/strong><\/p>\n<p>En primer lugar y principalmente hay que tener en cuenta que esos votos no fueron propios del MAS, sino que fue un voto \u201cantigolpista\u201d, fue el mismo Felipe Quispe \u201cEl Mallku\u201d que llam\u00f3 a votar al MAS, sin pertenecer a sus filas ante el resurgimiento del fascismo en Bolivia.<\/p>\n<p>En segundo lugar, \u201cel voto castigo\u201d producto del malestar que produjo la imposici\u00f3n de candidatos \u201cdedazos\u201d sin reconocimiento de las bases, incluso muchos eran rechazados. Durante la selecci\u00f3n de candidatos tras varios ampliados se detect\u00f3 fuertes peleas que tuvo su punto \u00e1lgido cuando el ex presidente Evo Morales recibi\u00f3 un \u201csillazo\u201d, supuestamente ante los desacuerdos por sus \u201cdedazos\u201d. El ex mandatario neg\u00f3 que este sea el mecanismo con que se elijan a los candidatos y que el \u201csillazo\u201d vino de sectores de \u201cla derecha\u201d infiltrada. Eva Copa recibi\u00f3 este tipo de voto, as\u00ed como varios \u201cex masistas\u201d que fueron descartados, decidieron competir con otro partido y terminaron ganando las elecciones como el caso de la gobernaci\u00f3n de Pando y Chuquisaca.<\/p>\n<p>En tercer lugar, el \u201cvotoantimasista\u201d que por ejemplo capitaliz\u00f3 Santos Quispe de sectores de la derecha que lo votaron solo por odio al MAS.<\/p>\n<p>Tambi\u00e9n, confluyen diversos factores: las fuertes internas al interior del MAS, las diversas denuncias de corrupci\u00f3n especialmente por \u201cventa de cargos\u201d, la presencia de \u201cpititas\u201d (seguidores de los golpistas) en el estado, cuestionamientos a la designaci\u00f3n de algunos funcionarios, etc. Estos factores se interaccionan con un pedido generalizado de \u201crenovaci\u00f3n\u201d y \u201cprofundizaci\u00f3n\u201d del proceso de cambio que fue promesa de la campa\u00f1a presidencial de Arce y Choquehuanca el 2020.<\/p>\n","protected":false},"excerpt":{"rendered":"<p>Este 11 de Abril tuvieron lugar las elecciones de balotaje para 4 gobernaciones bolivianas: La Paz, Tarija, Pando y Chuquisaca. \u00a0El partido de gobierno, el MAS perdi\u00f3 con un margen de 10 puntos de diferencia en cada una de ellas.&hellip;<\/p>\n","protected":false},"author":1876,"featured_media":1341303,"comment_status":"closed","ping_status":"closed","sticky":false,"template":"","format":"standard","meta":{"footnotes":""},"categories":[11389,161,74,80,67],"tags":[21189,1646,696,403,89820,1059,89819,55209],"class_list":["post-1341280","post","type-post","status-publish","format-standard","has-post-thumbnail","hentry","category-contenido-original","category-opiniones","category-politica-es","category-pueblos-originarios","category-sudamerica","tag-balotaje","tag-bolivia","tag-democracia","tag-elecciones","tag-eva-copa","tag-evo-morales","tag-jallalla-la-paz","tag-mas-es"],"yoast_head":"<!-- This site is optimized with the Yoast SEO plugin v27.1.1 - https:\/\/yoast.com\/product\/yoast-seo-wordpress\/ -->\n<title>Bolivia: El MAS perdi\u00f3 las cuatro gobernaciones en balotaje y se quiebra el voto duro<\/title>\n<meta name=\"description\" content=\"Este 11 de Abril tuvieron lugar las elecciones de balotaje para 4 gobernaciones bolivianas: La Paz, Tarija, Pando y Chuquisaca. \u00a0El partido de gobierno,\" \/>\n<meta name=\"robots\" content=\"index, follow, max-snippet:-1, max-image-preview:large, max-video-preview:-1\" \/>\n<link rel=\"canonical\" href=\"https:\/\/www.pressenza.com\/es\/2021\/04\/bolivia-el-mas-perdio-las-cuatro-gobernaciones-en-balotaje-y-se-quiebra-el-voto-duro\/\" \/>\n<meta property=\"og:locale\" content=\"es_ES\" \/>\n<meta property=\"og:type\" content=\"article\" \/>\n<meta property=\"og:title\" content=\"Bolivia: El MAS perdi\u00f3 las cuatro gobernaciones en balotaje y se quiebra el voto duro\" \/>\n<meta property=\"og:description\" content=\"Este 11 de Abril tuvieron lugar las elecciones de balotaje para 4 gobernaciones bolivianas: La Paz, Tarija, Pando y Chuquisaca. \u00a0El partido de gobierno,\" \/>\n<meta property=\"og:url\" content=\"https:\/\/www.pressenza.com\/es\/2021\/04\/bolivia-el-mas-perdio-las-cuatro-gobernaciones-en-balotaje-y-se-quiebra-el-voto-duro\/\" \/>\n<meta property=\"og:site_name\" content=\"Pressenza\" \/>\n<meta property=\"article:publisher\" content=\"https:\/\/www.facebook.com\/PressenzaItalia\" \/>\n<meta property=\"article:published_time\" content=\"2021-04-14T17:57:16+00:00\" \/>\n<meta property=\"og:image\" content=\"https:\/\/www.pressenza.com\/wp-content\/uploads\/2021\/04\/full-60.jpg\" \/>\n\t<meta property=\"og:image:width\" content=\"1920\" \/>\n\t<meta property=\"og:image:height\" content=\"1370\" \/>\n\t<meta property=\"og:image:type\" content=\"image\/jpeg\" \/>\n<meta name=\"author\" content=\"Ver\u00f3nica Zapata\" \/>\n<meta name=\"twitter:card\" content=\"summary_large_image\" \/>\n<meta name=\"twitter:creator\" content=\"@PressenzaIPA\" \/>\n<meta name=\"twitter:site\" content=\"@PressenzaIPA\" \/>\n<meta name=\"twitter:label1\" content=\"Escrito por\" \/>\n\t<meta name=\"twitter:data1\" content=\"Ver\u00f3nica Zapata\" \/>\n\t<meta name=\"twitter:label2\" content=\"Tiempo de lectura\" \/>\n\t<meta name=\"twitter:data2\" content=\"8 minutos\" \/>\n<script type=\"application\/ld+json\" class=\"yoast-schema-graph\">{\"@context\":\"https:\/\/schema.org\",\"@graph\":[{\"@type\":\"Article\",\"@id\":\"https:\/\/www.pressenza.com\/es\/2021\/04\/bolivia-el-mas-perdio-las-cuatro-gobernaciones-en-balotaje-y-se-quiebra-el-voto-duro\/#article\",\"isPartOf\":{\"@id\":\"https:\/\/www.pressenza.com\/es\/2021\/04\/bolivia-el-mas-perdio-las-cuatro-gobernaciones-en-balotaje-y-se-quiebra-el-voto-duro\/\"},\"author\":{\"name\":\"Ver\u00f3nica Zapata\",\"@id\":\"https:\/\/www.pressenza.com\/es\/#\/schema\/person\/741c65f7fd3dfa8b1ceba3cac04e171f\"},\"headline\":\"Bolivia: El MAS perdi\u00f3 las cuatro gobernaciones en balotaje y se quiebra el voto duro\",\"datePublished\":\"2021-04-14T17:57:16+00:00\",\"mainEntityOfPage\":{\"@id\":\"https:\/\/www.pressenza.com\/es\/2021\/04\/bolivia-el-mas-perdio-las-cuatro-gobernaciones-en-balotaje-y-se-quiebra-el-voto-duro\/\"},\"wordCount\":1667,\"publisher\":{\"@id\":\"https:\/\/www.pressenza.com\/es\/#organization\"},\"image\":{\"@id\":\"https:\/\/www.pressenza.com\/es\/2021\/04\/bolivia-el-mas-perdio-las-cuatro-gobernaciones-en-balotaje-y-se-quiebra-el-voto-duro\/#primaryimage\"},\"thumbnailUrl\":\"https:\/\/www.pressenza.com\/wp-content\/uploads\/2021\/04\/full-60.jpg\",\"keywords\":[\"balotaje\",\"Bolivia\",\"Democracia\",\"elecciones\",\"Eva Copa\",\"Evo Morales\",\"Jallalla La Paz\",\"MAS\"],\"articleSection\":[\"Contenido Original\",\"Opiniones\",\"Pol\u00edtica\",\"Pueblos Originarios\",\"Sudam\u00e9rica\"],\"inLanguage\":\"es\"},{\"@type\":\"WebPage\",\"@id\":\"https:\/\/www.pressenza.com\/es\/2021\/04\/bolivia-el-mas-perdio-las-cuatro-gobernaciones-en-balotaje-y-se-quiebra-el-voto-duro\/\",\"url\":\"https:\/\/www.pressenza.com\/es\/2021\/04\/bolivia-el-mas-perdio-las-cuatro-gobernaciones-en-balotaje-y-se-quiebra-el-voto-duro\/\",\"name\":\"Bolivia: El MAS perdi\u00f3 las cuatro gobernaciones en balotaje y se quiebra el voto duro\",\"isPartOf\":{\"@id\":\"https:\/\/www.pressenza.com\/es\/#website\"},\"primaryImageOfPage\":{\"@id\":\"https:\/\/www.pressenza.com\/es\/2021\/04\/bolivia-el-mas-perdio-las-cuatro-gobernaciones-en-balotaje-y-se-quiebra-el-voto-duro\/#primaryimage\"},\"image\":{\"@id\":\"https:\/\/www.pressenza.com\/es\/2021\/04\/bolivia-el-mas-perdio-las-cuatro-gobernaciones-en-balotaje-y-se-quiebra-el-voto-duro\/#primaryimage\"},\"thumbnailUrl\":\"https:\/\/www.pressenza.com\/wp-content\/uploads\/2021\/04\/full-60.jpg\",\"datePublished\":\"2021-04-14T17:57:16+00:00\",\"description\":\"Este 11 de Abril tuvieron lugar las elecciones de balotaje para 4 gobernaciones bolivianas: La Paz, Tarija, Pando y Chuquisaca. \u00a0El partido de gobierno,\",\"breadcrumb\":{\"@id\":\"https:\/\/www.pressenza.com\/es\/2021\/04\/bolivia-el-mas-perdio-las-cuatro-gobernaciones-en-balotaje-y-se-quiebra-el-voto-duro\/#breadcrumb\"},\"inLanguage\":\"es\",\"potentialAction\":[{\"@type\":\"ReadAction\",\"target\":[\"https:\/\/www.pressenza.com\/es\/2021\/04\/bolivia-el-mas-perdio-las-cuatro-gobernaciones-en-balotaje-y-se-quiebra-el-voto-duro\/\"]}]},{\"@type\":\"ImageObject\",\"inLanguage\":\"es\",\"@id\":\"https:\/\/www.pressenza.com\/es\/2021\/04\/bolivia-el-mas-perdio-las-cuatro-gobernaciones-en-balotaje-y-se-quiebra-el-voto-duro\/#primaryimage\",\"url\":\"https:\/\/www.pressenza.com\/wp-content\/uploads\/2021\/04\/full-60.jpg\",\"contentUrl\":\"https:\/\/www.pressenza.com\/wp-content\/uploads\/2021\/04\/full-60.jpg\",\"width\":1920,\"height\":1370},{\"@type\":\"BreadcrumbList\",\"@id\":\"https:\/\/www.pressenza.com\/es\/2021\/04\/bolivia-el-mas-perdio-las-cuatro-gobernaciones-en-balotaje-y-se-quiebra-el-voto-duro\/#breadcrumb\",\"itemListElement\":[{\"@type\":\"ListItem\",\"position\":1,\"name\":\"Accueil\",\"item\":\"https:\/\/www.pressenza.com\/es\/\"},{\"@type\":\"ListItem\",\"position\":2,\"name\":\"Bolivia: El MAS perdi\u00f3 las cuatro gobernaciones en balotaje y se quiebra el voto duro\"}]},{\"@type\":\"WebSite\",\"@id\":\"https:\/\/www.pressenza.com\/es\/#website\",\"url\":\"https:\/\/www.pressenza.com\/es\/\",\"name\":\"Pressenza\",\"description\":\"International Press Agency\",\"publisher\":{\"@id\":\"https:\/\/www.pressenza.com\/es\/#organization\"},\"potentialAction\":[{\"@type\":\"SearchAction\",\"target\":{\"@type\":\"EntryPoint\",\"urlTemplate\":\"https:\/\/www.pressenza.com\/es\/?s={search_term_string}\"},\"query-input\":{\"@type\":\"PropertyValueSpecification\",\"valueRequired\":true,\"valueName\":\"search_term_string\"}}],\"inLanguage\":\"es\"},{\"@type\":\"Organization\",\"@id\":\"https:\/\/www.pressenza.com\/es\/#organization\",\"name\":\"Pressenza\",\"url\":\"https:\/\/www.pressenza.com\/es\/\",\"logo\":{\"@type\":\"ImageObject\",\"inLanguage\":\"es\",\"@id\":\"https:\/\/www.pressenza.com\/es\/#\/schema\/logo\/image\/\",\"url\":\"https:\/\/www.pressenza.com\/wp-content\/uploads\/2022\/10\/pressenza_logo_200x200.jpg\",\"contentUrl\":\"https:\/\/www.pressenza.com\/wp-content\/uploads\/2022\/10\/pressenza_logo_200x200.jpg\",\"width\":200,\"height\":200,\"caption\":\"Pressenza\"},\"image\":{\"@id\":\"https:\/\/www.pressenza.com\/es\/#\/schema\/logo\/image\/\"},\"sameAs\":[\"https:\/\/www.facebook.com\/PressenzaItalia\",\"https:\/\/x.com\/PressenzaIPA\"]},{\"@type\":\"Person\",\"@id\":\"https:\/\/www.pressenza.com\/es\/#\/schema\/person\/741c65f7fd3dfa8b1ceba3cac04e171f\",\"name\":\"Ver\u00f3nica Zapata\",\"description\":\"Ver\u00f3nica Zapata es periodista y psic\u00f3loga boliviana.U.B.A. Public\u00f3 en diversos medios de Bolivia, Argentina, Venezuela, Ecuador, Uruguay,etc.Tambi\u00e9n en centros acad\u00e9micos de Argentina como CLAE y FILA.\",\"url\":\"https:\/\/www.pressenza.com\/es\/author\/veronica-zapata\/\"}]}<\/script>\n<!-- \/ Yoast SEO plugin. -->","yoast_head_json":{"title":"Bolivia: El MAS perdi\u00f3 las cuatro gobernaciones en balotaje y se quiebra el voto duro","description":"Este 11 de Abril tuvieron lugar las elecciones de balotaje para 4 gobernaciones bolivianas: La Paz, Tarija, Pando y Chuquisaca. \u00a0El partido de gobierno,","robots":{"index":"index","follow":"follow","max-snippet":"max-snippet:-1","max-image-preview":"max-image-preview:large","max-video-preview":"max-video-preview:-1"},"canonical":"https:\/\/www.pressenza.com\/es\/2021\/04\/bolivia-el-mas-perdio-las-cuatro-gobernaciones-en-balotaje-y-se-quiebra-el-voto-duro\/","og_locale":"es_ES","og_type":"article","og_title":"Bolivia: El MAS perdi\u00f3 las cuatro gobernaciones en balotaje y se quiebra el voto duro","og_description":"Este 11 de Abril tuvieron lugar las elecciones de balotaje para 4 gobernaciones bolivianas: La Paz, Tarija, Pando y Chuquisaca. \u00a0El partido de gobierno,","og_url":"https:\/\/www.pressenza.com\/es\/2021\/04\/bolivia-el-mas-perdio-las-cuatro-gobernaciones-en-balotaje-y-se-quiebra-el-voto-duro\/","og_site_name":"Pressenza","article_publisher":"https:\/\/www.facebook.com\/PressenzaItalia","article_published_time":"2021-04-14T17:57:16+00:00","og_image":[{"width":1920,"height":1370,"url":"https:\/\/www.pressenza.com\/wp-content\/uploads\/2021\/04\/full-60.jpg","type":"image\/jpeg"}],"author":"Ver\u00f3nica Zapata","twitter_card":"summary_large_image","twitter_creator":"@PressenzaIPA","twitter_site":"@PressenzaIPA","twitter_misc":{"Escrito por":"Ver\u00f3nica Zapata","Tiempo de lectura":"8 minutos"},"schema":{"@context":"https:\/\/schema.org","@graph":[{"@type":"Article","@id":"https:\/\/www.pressenza.com\/es\/2021\/04\/bolivia-el-mas-perdio-las-cuatro-gobernaciones-en-balotaje-y-se-quiebra-el-voto-duro\/#article","isPartOf":{"@id":"https:\/\/www.pressenza.com\/es\/2021\/04\/bolivia-el-mas-perdio-las-cuatro-gobernaciones-en-balotaje-y-se-quiebra-el-voto-duro\/"},"author":{"name":"Ver\u00f3nica Zapata","@id":"https:\/\/www.pressenza.com\/es\/#\/schema\/person\/741c65f7fd3dfa8b1ceba3cac04e171f"},"headline":"Bolivia: El MAS perdi\u00f3 las cuatro gobernaciones en balotaje y se quiebra el voto duro","datePublished":"2021-04-14T17:57:16+00:00","mainEntityOfPage":{"@id":"https:\/\/www.pressenza.com\/es\/2021\/04\/bolivia-el-mas-perdio-las-cuatro-gobernaciones-en-balotaje-y-se-quiebra-el-voto-duro\/"},"wordCount":1667,"publisher":{"@id":"https:\/\/www.pressenza.com\/es\/#organization"},"image":{"@id":"https:\/\/www.pressenza.com\/es\/2021\/04\/bolivia-el-mas-perdio-las-cuatro-gobernaciones-en-balotaje-y-se-quiebra-el-voto-duro\/#primaryimage"},"thumbnailUrl":"https:\/\/www.pressenza.com\/wp-content\/uploads\/2021\/04\/full-60.jpg","keywords":["balotaje","Bolivia","Democracia","elecciones","Eva Copa","Evo Morales","Jallalla La Paz","MAS"],"articleSection":["Contenido Original","Opiniones","Pol\u00edtica","Pueblos Originarios","Sudam\u00e9rica"],"inLanguage":"es"},{"@type":"WebPage","@id":"https:\/\/www.pressenza.com\/es\/2021\/04\/bolivia-el-mas-perdio-las-cuatro-gobernaciones-en-balotaje-y-se-quiebra-el-voto-duro\/","url":"https:\/\/www.pressenza.com\/es\/2021\/04\/bolivia-el-mas-perdio-las-cuatro-gobernaciones-en-balotaje-y-se-quiebra-el-voto-duro\/","name":"Bolivia: El MAS perdi\u00f3 las cuatro gobernaciones en balotaje y se quiebra el voto duro","isPartOf":{"@id":"https:\/\/www.pressenza.com\/es\/#website"},"primaryImageOfPage":{"@id":"https:\/\/www.pressenza.com\/es\/2021\/04\/bolivia-el-mas-perdio-las-cuatro-gobernaciones-en-balotaje-y-se-quiebra-el-voto-duro\/#primaryimage"},"image":{"@id":"https:\/\/www.pressenza.com\/es\/2021\/04\/bolivia-el-mas-perdio-las-cuatro-gobernaciones-en-balotaje-y-se-quiebra-el-voto-duro\/#primaryimage"},"thumbnailUrl":"https:\/\/www.pressenza.com\/wp-content\/uploads\/2021\/04\/full-60.jpg","datePublished":"2021-04-14T17:57:16+00:00","description":"Este 11 de Abril tuvieron lugar las elecciones de balotaje para 4 gobernaciones bolivianas: La Paz, Tarija, Pando y Chuquisaca. \u00a0El partido de gobierno,","breadcrumb":{"@id":"https:\/\/www.pressenza.com\/es\/2021\/04\/bolivia-el-mas-perdio-las-cuatro-gobernaciones-en-balotaje-y-se-quiebra-el-voto-duro\/#breadcrumb"},"inLanguage":"es","potentialAction":[{"@type":"ReadAction","target":["https:\/\/www.pressenza.com\/es\/2021\/04\/bolivia-el-mas-perdio-las-cuatro-gobernaciones-en-balotaje-y-se-quiebra-el-voto-duro\/"]}]},{"@type":"ImageObject","inLanguage":"es","@id":"https:\/\/www.pressenza.com\/es\/2021\/04\/bolivia-el-mas-perdio-las-cuatro-gobernaciones-en-balotaje-y-se-quiebra-el-voto-duro\/#primaryimage","url":"https:\/\/www.pressenza.com\/wp-content\/uploads\/2021\/04\/full-60.jpg","contentUrl":"https:\/\/www.pressenza.com\/wp-content\/uploads\/2021\/04\/full-60.jpg","width":1920,"height":1370},{"@type":"BreadcrumbList","@id":"https:\/\/www.pressenza.com\/es\/2021\/04\/bolivia-el-mas-perdio-las-cuatro-gobernaciones-en-balotaje-y-se-quiebra-el-voto-duro\/#breadcrumb","itemListElement":[{"@type":"ListItem","position":1,"name":"Accueil","item":"https:\/\/www.pressenza.com\/es\/"},{"@type":"ListItem","position":2,"name":"Bolivia: El MAS perdi\u00f3 las cuatro gobernaciones en balotaje y se quiebra el voto duro"}]},{"@type":"WebSite","@id":"https:\/\/www.pressenza.com\/es\/#website","url":"https:\/\/www.pressenza.com\/es\/","name":"Pressenza","description":"International Press Agency","publisher":{"@id":"https:\/\/www.pressenza.com\/es\/#organization"},"potentialAction":[{"@type":"SearchAction","target":{"@type":"EntryPoint","urlTemplate":"https:\/\/www.pressenza.com\/es\/?s={search_term_string}"},"query-input":{"@type":"PropertyValueSpecification","valueRequired":true,"valueName":"search_term_string"}}],"inLanguage":"es"},{"@type":"Organization","@id":"https:\/\/www.pressenza.com\/es\/#organization","name":"Pressenza","url":"https:\/\/www.pressenza.com\/es\/","logo":{"@type":"ImageObject","inLanguage":"es","@id":"https:\/\/www.pressenza.com\/es\/#\/schema\/logo\/image\/","url":"https:\/\/www.pressenza.com\/wp-content\/uploads\/2022\/10\/pressenza_logo_200x200.jpg","contentUrl":"https:\/\/www.pressenza.com\/wp-content\/uploads\/2022\/10\/pressenza_logo_200x200.jpg","width":200,"height":200,"caption":"Pressenza"},"image":{"@id":"https:\/\/www.pressenza.com\/es\/#\/schema\/logo\/image\/"},"sameAs":["https:\/\/www.facebook.com\/PressenzaItalia","https:\/\/x.com\/PressenzaIPA"]},{"@type":"Person","@id":"https:\/\/www.pressenza.com\/es\/#\/schema\/person\/741c65f7fd3dfa8b1ceba3cac04e171f","name":"Ver\u00f3nica Zapata","description":"Ver\u00f3nica Zapata es periodista y psic\u00f3loga boliviana.U.B.A. Public\u00f3 en diversos medios de Bolivia, Argentina, Venezuela, Ecuador, Uruguay,etc.Tambi\u00e9n en centros acad\u00e9micos de Argentina como CLAE y FILA.","url":"https:\/\/www.pressenza.com\/es\/author\/veronica-zapata\/"}]}},"place":"El Alto, Bolivia","original_article_url":"","_links":{"self":[{"href":"https:\/\/www.pressenza.com\/es\/wp-json\/wp\/v2\/posts\/1341280","targetHints":{"allow":["GET"]}}],"collection":[{"href":"https:\/\/www.pressenza.com\/es\/wp-json\/wp\/v2\/posts"}],"about":[{"href":"https:\/\/www.pressenza.com\/es\/wp-json\/wp\/v2\/types\/post"}],"author":[{"embeddable":true,"href":"https:\/\/www.pressenza.com\/es\/wp-json\/wp\/v2\/users\/1876"}],"replies":[{"embeddable":true,"href":"https:\/\/www.pressenza.com\/es\/wp-json\/wp\/v2\/comments?post=1341280"}],"version-history":[{"count":0,"href":"https:\/\/www.pressenza.com\/es\/wp-json\/wp\/v2\/posts\/1341280\/revisions"}],"wp:featuredmedia":[{"embeddable":true,"href":"https:\/\/www.pressenza.com\/es\/wp-json\/wp\/v2\/media\/1341303"}],"wp:attachment":[{"href":"https:\/\/www.pressenza.com\/es\/wp-json\/wp\/v2\/media?parent=1341280"}],"wp:term":[{"taxonomy":"category","embeddable":true,"href":"https:\/\/www.pressenza.com\/es\/wp-json\/wp\/v2\/categories?post=1341280"},{"taxonomy":"post_tag","embeddable":true,"href":"https:\/\/www.pressenza.com\/es\/wp-json\/wp\/v2\/tags?post=1341280"}],"curies":[{"name":"wp","href":"https:\/\/api.w.org\/{rel}","templated":true}]}}