{"id":1334156,"date":"2021-04-04T03:58:19","date_gmt":"2021-04-04T02:58:19","guid":{"rendered":"https:\/\/www.pressenza.com\/?p=1334156"},"modified":"2021-04-04T09:31:40","modified_gmt":"2021-04-04T08:31:40","slug":"me-gustan-los-lugares-que-se-transforman","status":"publish","type":"post","link":"https:\/\/www.pressenza.com\/es\/2021\/04\/me-gustan-los-lugares-que-se-transforman\/","title":{"rendered":"Me gustan los lugares que se transforman"},"content":{"rendered":"<h5><span style=\"color: #999999;\"><strong>CAUSAS\u00a0<\/strong><\/span><\/h5>\n<p>&nbsp;<\/p>\n<p>&nbsp;<\/p>\n<p>&nbsp;<\/p>\n<p>&nbsp;<\/p>\n<p>Me gustan los lugares que se transforman. S\u00ed, me gustan.<\/p>\n<p>Me gustan los \u00e1mbitos que van cambiando al ritmo del quehacer de las personas que ayer los explotaron e hirieron, o que hoy los caminan y los disfrutan\u2026 porque hablan del proceso hist\u00f3rico.<\/p>\n<p>Me gusta recorrerlos pese a saber que un d\u00eda se convirtieron en propiedad de unos pocos, a quienes pagamos para que pasaran a un poderoso, que recibi\u00f3 repagos por devolverlo finalmente a todos, de quien nunca debieron salir.<\/p>\n<p>Me gustan, s\u00ed. Me gusta pisar las huellas de los caminos que un d\u00eda fueron frentes de batalla, de cuyas heridas quedan restos visibles y grandes t\u00faneles en los que el silencio intenta acallar los ecos de la crueldad.<\/p>\n<p>Me gusta, me eleva el coraz\u00f3n ver c\u00f3mo se han transformado en espacios en los que el tiempo se olvida, y donde cada persona va buscando ser feliz. Disfruto observando a personas que hacen ejercicio queriendo sentirse bien, mientras otras participan de ceremonias religiosas en tanto que m\u00e1s all\u00e1 grupos de ni\u00f1os corretean o j\u00f3venes llevan adelante un juego de rol y muchas m\u00e1s conversan tranquilamente.<\/p>\n<p>Me gustan s\u00ed, me gustan. A\u00fan conociendo los vaivenes a los que todav\u00eda est\u00e1n expuestos, como consecuencia de la avidez de unos pocos que operan en contra de todos y Todo.<\/p>\n<p>Me gustan, aunque me duela verlos peligrar por una nevada que se ceb\u00f3 en ellos al no haber estado cuidados. S\u00ed, y me produce indignaci\u00f3n que una vez m\u00e1s paguemos, y que paguemos m\u00e1s a quienes deber\u00edan haberlos protegido antes.<\/p>\n<p>Me cuesta mantener la mirada y ver c\u00f3mo ha desaparecido una parte enorme de los \u00e1rboles que poblaban bosques o parques naturales como la Casa de Campo de Madrid, y observar con mis ojos tantos cerros y praderas que antes solo intu\u00eda si no me animaba a recorrerlos. Me indigna, s\u00ed, enormemente, pero me gustan.<\/p>\n<p>No saben, quienes vegetan torcidos por la avaricia, que los \u00e1rboles que han quedado reto\u00f1ar\u00e1n mil veces y que sus brazos mutilados crecer\u00e1n alz\u00e1ndose hacia la luz, aprovechando ese vac\u00edo que los rodea.<\/p>\n<p>Me gustan s\u00ed, me gustan estos espacios que se transforman siguiendo el vaiv\u00e9n de lo que un d\u00eda nuestros herederos estudiar\u00e1n como la prehistoria humana, esta etapa en la cual todav\u00eda la violencia se ense\u00f1orea y se resiste a desaparecer pero que se diluir\u00e1 ante el empuje irrefrenable de la naturaleza y de la vida.<\/p>\n<p>Me gusta apostar por otro futuro e ir comprobando a sorbitos c\u00f3mo, con grandes desv\u00edos, la Historia -de todos modos y poco a poco- vuelve su mirada hacia lo com\u00fan y los renglones torcidos se van reescribiendo, con el lenguaje que nos empuja hacia la liberaci\u00f3n y que brota del interior del ser humano, all\u00ed donde puede escucharse el latido que mueve el Universo y la Vida\u2026 Aqu\u00ed, donde habita la esperanza.<\/p>\n<div class=\"post-gallery\">\n\t\t\t<figure class=\"post-gallery-item\">\n\t\t\t\t<img decoding=\"async\" src=\"https:\/\/www.pressenza.com\/wp-content\/uploads\/2021\/04\/20210311_100619-720x405.jpg\" loading=\"lazy\">\n\t\t\t\t<figcaption>\n\t\t\t\t\tRestos Guerra Civil. Madrid, Espa\u00f1a\n\t\t\t\t<\/figcaption>\n\t\t\t<\/figure>\n\t\t\t<figure class=\"post-gallery-item\">\n\t\t\t\t<img decoding=\"async\" src=\"https:\/\/www.pressenza.com\/wp-content\/uploads\/2021\/04\/20210311_100543-720x405.jpg\" loading=\"lazy\">\n\t\t\t\t<figcaption>\n\t\t\t\t\tRestos Guerra Civil. Madrid, Espa\u00f1a\n\t\t\t\t<\/figcaption>\n\t\t\t<\/figure>\n\t\t\t<figure class=\"post-gallery-item\">\n\t\t\t\t<img decoding=\"async\" src=\"https:\/\/www.pressenza.com\/wp-content\/uploads\/2021\/04\/20210311_101114-720x405.jpg\" loading=\"lazy\">\n\t\t\t\t<figcaption>\n\t\t\t\t\tEfectos Nevada Madrid\n\t\t\t\t<\/figcaption>\n\t\t\t<\/figure>\n\t\t\t<figure class=\"post-gallery-item\">\n\t\t\t\t<img decoding=\"async\" src=\"https:\/\/www.pressenza.com\/wp-content\/uploads\/2021\/04\/20210311_101214-720x405.jpg\" loading=\"lazy\">\n\t\t\t\t<figcaption>\n\t\t\t\t\tEfectos Nevada Madrid\n\t\t\t\t<\/figcaption>\n\t\t\t<\/figure>\n\t\t\t<figure class=\"post-gallery-item\">\n\t\t\t\t<img decoding=\"async\" src=\"https:\/\/www.pressenza.com\/wp-content\/uploads\/2021\/04\/20210328_195501-720x405.jpg\" loading=\"lazy\">\n\t\t\t\t<figcaption>\n\t\t\t\t\tEfectos Nevada Madrid\n\t\t\t\t<\/figcaption>\n\t\t\t<\/figure>\n\t\t\t<figure class=\"post-gallery-item\">\n\t\t\t\t<img decoding=\"async\" src=\"https:\/\/www.pressenza.com\/wp-content\/uploads\/2021\/04\/20210328_195740-720x405.jpg\" loading=\"lazy\">\n\t\t\t\t<figcaption>\n\t\t\t\t\tCasa de Campo Madrid\n\t\t\t\t<\/figcaption>\n\t\t\t<\/figure>\n\t\t\t<figure class=\"post-gallery-item\">\n\t\t\t\t<img decoding=\"async\" src=\"https:\/\/www.pressenza.com\/wp-content\/uploads\/2021\/04\/20210311_101017-720x405.jpg\" loading=\"lazy\">\n\t\t\t\t<figcaption>\n\t\t\t\t\tCasa de Campo Madrid\n\t\t\t\t<\/figcaption>\n\t\t\t<\/figure>\n\t\t\t<figure class=\"post-gallery-item\">\n\t\t\t\t<img decoding=\"async\" src=\"https:\/\/www.pressenza.com\/wp-content\/uploads\/2021\/04\/20210331_142823-576x1024.jpg\" loading=\"lazy\">\n\t\t\t\t<figcaption>\n\t\t\t\t\tCasa de Campo Madrid\n\t\t\t\t<\/figcaption>\n\t\t\t<\/figure><\/div>\n","protected":false},"excerpt":{"rendered":"<p>CAUSAS\u00a0 &nbsp; &nbsp; &nbsp; &nbsp; Me gustan los lugares que se transforman. S\u00ed, me gustan. Me gustan los \u00e1mbitos que van cambiando al ritmo del quehacer de las personas que ayer los explotaron e hirieron, o que hoy los caminan&hellip;<\/p>\n","protected":false},"author":1561,"featured_media":1334219,"comment_status":"closed","ping_status":"closed","sticky":false,"template":"","format":"standard","meta":{"footnotes":""},"categories":[11389,75,78,1240],"tags":[75295,81000,12313],"class_list":["post-1334156","post","type-post","status-publish","format-standard","has-post-thumbnail","hentry","category-contenido-original","category-cultura-es","category-medio-ambiente-ecologia","category-humanismo-espiritualidad","tag-cuaderno-de-cultura","tag-donde-habita-la-esperanza","tag-privatizacion-servicios-publicos"],"yoast_head":"<!-- This site is optimized with the Yoast SEO plugin v27.1.1 - https:\/\/yoast.com\/product\/yoast-seo-wordpress\/ -->\n<title>Me gustan los lugares que se transforman<\/title>\n<meta name=\"description\" content=\"CAUSAS\u00a0 &nbsp; &nbsp; &nbsp; &nbsp; Me gustan los lugares que se transforman. S\u00ed, me gustan. Me gustan los \u00e1mbitos que van cambiando al ritmo del quehacer\" \/>\n<meta name=\"robots\" content=\"index, follow, max-snippet:-1, max-image-preview:large, max-video-preview:-1\" \/>\n<link rel=\"canonical\" href=\"https:\/\/www.pressenza.com\/es\/2021\/04\/me-gustan-los-lugares-que-se-transforman\/\" \/>\n<meta property=\"og:locale\" content=\"es_ES\" \/>\n<meta property=\"og:type\" content=\"article\" \/>\n<meta property=\"og:title\" content=\"Me gustan los lugares que se transforman\" \/>\n<meta property=\"og:description\" content=\"CAUSAS\u00a0 &nbsp; &nbsp; &nbsp; &nbsp; Me gustan los lugares que se transforman. S\u00ed, me gustan. Me gustan los \u00e1mbitos que van cambiando al ritmo del quehacer\" \/>\n<meta property=\"og:url\" content=\"https:\/\/www.pressenza.com\/es\/2021\/04\/me-gustan-los-lugares-que-se-transforman\/\" \/>\n<meta property=\"og:site_name\" content=\"Pressenza\" \/>\n<meta property=\"article:publisher\" content=\"https:\/\/www.facebook.com\/PressenzaItalia\" \/>\n<meta property=\"article:published_time\" content=\"2021-04-04T02:58:19+00:00\" \/>\n<meta property=\"article:modified_time\" content=\"2021-04-04T08:31:40+00:00\" \/>\n<meta property=\"og:image\" content=\"https:\/\/www.pressenza.com\/wp-content\/uploads\/2021\/04\/20210311_101114.jpg\" \/>\n\t<meta property=\"og:image:width\" content=\"1920\" \/>\n\t<meta property=\"og:image:height\" content=\"1080\" \/>\n\t<meta property=\"og:image:type\" content=\"image\/jpeg\" \/>\n<meta name=\"author\" content=\"Juana P\u00e9rez Montero\" \/>\n<meta name=\"twitter:card\" content=\"summary_large_image\" \/>\n<meta name=\"twitter:creator\" content=\"@PressenzaIPA\" \/>\n<meta name=\"twitter:site\" content=\"@PressenzaIPA\" \/>\n<meta name=\"twitter:label1\" content=\"Escrito por\" \/>\n\t<meta name=\"twitter:data1\" content=\"Juana P\u00e9rez Montero\" \/>\n\t<meta name=\"twitter:label2\" content=\"Tiempo de lectura\" \/>\n\t<meta name=\"twitter:data2\" content=\"3 minutos\" \/>\n<script type=\"application\/ld+json\" class=\"yoast-schema-graph\">{\"@context\":\"https:\/\/schema.org\",\"@graph\":[{\"@type\":\"Article\",\"@id\":\"https:\/\/www.pressenza.com\/es\/2021\/04\/me-gustan-los-lugares-que-se-transforman\/#article\",\"isPartOf\":{\"@id\":\"https:\/\/www.pressenza.com\/es\/2021\/04\/me-gustan-los-lugares-que-se-transforman\/\"},\"author\":{\"name\":\"Juana P\u00e9rez Montero\",\"@id\":\"https:\/\/www.pressenza.com\/es\/#\/schema\/person\/606cbea0307458f18c06dd6b1ec227ec\"},\"headline\":\"Me gustan los lugares que se transforman\",\"datePublished\":\"2021-04-04T02:58:19+00:00\",\"dateModified\":\"2021-04-04T08:31:40+00:00\",\"mainEntityOfPage\":{\"@id\":\"https:\/\/www.pressenza.com\/es\/2021\/04\/me-gustan-los-lugares-que-se-transforman\/\"},\"wordCount\":519,\"publisher\":{\"@id\":\"https:\/\/www.pressenza.com\/es\/#organization\"},\"image\":{\"@id\":\"https:\/\/www.pressenza.com\/es\/2021\/04\/me-gustan-los-lugares-que-se-transforman\/#primaryimage\"},\"thumbnailUrl\":\"https:\/\/www.pressenza.com\/wp-content\/uploads\/2021\/04\/20210311_101114.jpg\",\"keywords\":[\"cuaderno de cultura\",\"donde habita la esperanza\",\"Privatizaci\u00f3n servicios p\u00fablicos\"],\"articleSection\":[\"Contenido Original\",\"Cultura y Medios\",\"Ecolog\u00eda y Medio Ambiente\",\"Humanismo y Espiritualidad\"],\"inLanguage\":\"es\"},{\"@type\":\"WebPage\",\"@id\":\"https:\/\/www.pressenza.com\/es\/2021\/04\/me-gustan-los-lugares-que-se-transforman\/\",\"url\":\"https:\/\/www.pressenza.com\/es\/2021\/04\/me-gustan-los-lugares-que-se-transforman\/\",\"name\":\"Me gustan los lugares que se transforman\",\"isPartOf\":{\"@id\":\"https:\/\/www.pressenza.com\/es\/#website\"},\"primaryImageOfPage\":{\"@id\":\"https:\/\/www.pressenza.com\/es\/2021\/04\/me-gustan-los-lugares-que-se-transforman\/#primaryimage\"},\"image\":{\"@id\":\"https:\/\/www.pressenza.com\/es\/2021\/04\/me-gustan-los-lugares-que-se-transforman\/#primaryimage\"},\"thumbnailUrl\":\"https:\/\/www.pressenza.com\/wp-content\/uploads\/2021\/04\/20210311_101114.jpg\",\"datePublished\":\"2021-04-04T02:58:19+00:00\",\"dateModified\":\"2021-04-04T08:31:40+00:00\",\"description\":\"CAUSAS\u00a0 &nbsp; &nbsp; &nbsp; &nbsp; Me gustan los lugares que se transforman. S\u00ed, me gustan. Me gustan los \u00e1mbitos que van cambiando al ritmo del quehacer\",\"breadcrumb\":{\"@id\":\"https:\/\/www.pressenza.com\/es\/2021\/04\/me-gustan-los-lugares-que-se-transforman\/#breadcrumb\"},\"inLanguage\":\"es\",\"potentialAction\":[{\"@type\":\"ReadAction\",\"target\":[\"https:\/\/www.pressenza.com\/es\/2021\/04\/me-gustan-los-lugares-que-se-transforman\/\"]}]},{\"@type\":\"ImageObject\",\"inLanguage\":\"es\",\"@id\":\"https:\/\/www.pressenza.com\/es\/2021\/04\/me-gustan-los-lugares-que-se-transforman\/#primaryimage\",\"url\":\"https:\/\/www.pressenza.com\/wp-content\/uploads\/2021\/04\/20210311_101114.jpg\",\"contentUrl\":\"https:\/\/www.pressenza.com\/wp-content\/uploads\/2021\/04\/20210311_101114.jpg\",\"width\":1920,\"height\":1080,\"caption\":\"Efectos Nevada Madrid\"},{\"@type\":\"BreadcrumbList\",\"@id\":\"https:\/\/www.pressenza.com\/es\/2021\/04\/me-gustan-los-lugares-que-se-transforman\/#breadcrumb\",\"itemListElement\":[{\"@type\":\"ListItem\",\"position\":1,\"name\":\"Accueil\",\"item\":\"https:\/\/www.pressenza.com\/es\/\"},{\"@type\":\"ListItem\",\"position\":2,\"name\":\"Me gustan los lugares que se transforman\"}]},{\"@type\":\"WebSite\",\"@id\":\"https:\/\/www.pressenza.com\/es\/#website\",\"url\":\"https:\/\/www.pressenza.com\/es\/\",\"name\":\"Pressenza\",\"description\":\"International Press Agency\",\"publisher\":{\"@id\":\"https:\/\/www.pressenza.com\/es\/#organization\"},\"potentialAction\":[{\"@type\":\"SearchAction\",\"target\":{\"@type\":\"EntryPoint\",\"urlTemplate\":\"https:\/\/www.pressenza.com\/es\/?s={search_term_string}\"},\"query-input\":{\"@type\":\"PropertyValueSpecification\",\"valueRequired\":true,\"valueName\":\"search_term_string\"}}],\"inLanguage\":\"es\"},{\"@type\":\"Organization\",\"@id\":\"https:\/\/www.pressenza.com\/es\/#organization\",\"name\":\"Pressenza\",\"url\":\"https:\/\/www.pressenza.com\/es\/\",\"logo\":{\"@type\":\"ImageObject\",\"inLanguage\":\"es\",\"@id\":\"https:\/\/www.pressenza.com\/es\/#\/schema\/logo\/image\/\",\"url\":\"https:\/\/www.pressenza.com\/wp-content\/uploads\/2022\/10\/pressenza_logo_200x200.jpg\",\"contentUrl\":\"https:\/\/www.pressenza.com\/wp-content\/uploads\/2022\/10\/pressenza_logo_200x200.jpg\",\"width\":200,\"height\":200,\"caption\":\"Pressenza\"},\"image\":{\"@id\":\"https:\/\/www.pressenza.com\/es\/#\/schema\/logo\/image\/\"},\"sameAs\":[\"https:\/\/www.facebook.com\/PressenzaItalia\",\"https:\/\/x.com\/PressenzaIPA\"]},{\"@type\":\"Person\",\"@id\":\"https:\/\/www.pressenza.com\/es\/#\/schema\/person\/606cbea0307458f18c06dd6b1ec227ec\",\"name\":\"Juana P\u00e9rez Montero\",\"description\":\"Juana P\u00e9rez Montero es periodista y activista humanista.\",\"url\":\"https:\/\/www.pressenza.com\/es\/author\/juana-perez-montero\/\"}]}<\/script>\n<!-- \/ Yoast SEO plugin. -->","yoast_head_json":{"title":"Me gustan los lugares que se transforman","description":"CAUSAS\u00a0 &nbsp; &nbsp; &nbsp; &nbsp; Me gustan los lugares que se transforman. S\u00ed, me gustan. Me gustan los \u00e1mbitos que van cambiando al ritmo del quehacer","robots":{"index":"index","follow":"follow","max-snippet":"max-snippet:-1","max-image-preview":"max-image-preview:large","max-video-preview":"max-video-preview:-1"},"canonical":"https:\/\/www.pressenza.com\/es\/2021\/04\/me-gustan-los-lugares-que-se-transforman\/","og_locale":"es_ES","og_type":"article","og_title":"Me gustan los lugares que se transforman","og_description":"CAUSAS\u00a0 &nbsp; &nbsp; &nbsp; &nbsp; Me gustan los lugares que se transforman. S\u00ed, me gustan. Me gustan los \u00e1mbitos que van cambiando al ritmo del quehacer","og_url":"https:\/\/www.pressenza.com\/es\/2021\/04\/me-gustan-los-lugares-que-se-transforman\/","og_site_name":"Pressenza","article_publisher":"https:\/\/www.facebook.com\/PressenzaItalia","article_published_time":"2021-04-04T02:58:19+00:00","article_modified_time":"2021-04-04T08:31:40+00:00","og_image":[{"width":1920,"height":1080,"url":"https:\/\/www.pressenza.com\/wp-content\/uploads\/2021\/04\/20210311_101114.jpg","type":"image\/jpeg"}],"author":"Juana P\u00e9rez Montero","twitter_card":"summary_large_image","twitter_creator":"@PressenzaIPA","twitter_site":"@PressenzaIPA","twitter_misc":{"Escrito por":"Juana P\u00e9rez Montero","Tiempo de lectura":"3 minutos"},"schema":{"@context":"https:\/\/schema.org","@graph":[{"@type":"Article","@id":"https:\/\/www.pressenza.com\/es\/2021\/04\/me-gustan-los-lugares-que-se-transforman\/#article","isPartOf":{"@id":"https:\/\/www.pressenza.com\/es\/2021\/04\/me-gustan-los-lugares-que-se-transforman\/"},"author":{"name":"Juana P\u00e9rez Montero","@id":"https:\/\/www.pressenza.com\/es\/#\/schema\/person\/606cbea0307458f18c06dd6b1ec227ec"},"headline":"Me gustan los lugares que se transforman","datePublished":"2021-04-04T02:58:19+00:00","dateModified":"2021-04-04T08:31:40+00:00","mainEntityOfPage":{"@id":"https:\/\/www.pressenza.com\/es\/2021\/04\/me-gustan-los-lugares-que-se-transforman\/"},"wordCount":519,"publisher":{"@id":"https:\/\/www.pressenza.com\/es\/#organization"},"image":{"@id":"https:\/\/www.pressenza.com\/es\/2021\/04\/me-gustan-los-lugares-que-se-transforman\/#primaryimage"},"thumbnailUrl":"https:\/\/www.pressenza.com\/wp-content\/uploads\/2021\/04\/20210311_101114.jpg","keywords":["cuaderno de cultura","donde habita la esperanza","Privatizaci\u00f3n servicios p\u00fablicos"],"articleSection":["Contenido Original","Cultura y Medios","Ecolog\u00eda y Medio Ambiente","Humanismo y Espiritualidad"],"inLanguage":"es"},{"@type":"WebPage","@id":"https:\/\/www.pressenza.com\/es\/2021\/04\/me-gustan-los-lugares-que-se-transforman\/","url":"https:\/\/www.pressenza.com\/es\/2021\/04\/me-gustan-los-lugares-que-se-transforman\/","name":"Me gustan los lugares que se transforman","isPartOf":{"@id":"https:\/\/www.pressenza.com\/es\/#website"},"primaryImageOfPage":{"@id":"https:\/\/www.pressenza.com\/es\/2021\/04\/me-gustan-los-lugares-que-se-transforman\/#primaryimage"},"image":{"@id":"https:\/\/www.pressenza.com\/es\/2021\/04\/me-gustan-los-lugares-que-se-transforman\/#primaryimage"},"thumbnailUrl":"https:\/\/www.pressenza.com\/wp-content\/uploads\/2021\/04\/20210311_101114.jpg","datePublished":"2021-04-04T02:58:19+00:00","dateModified":"2021-04-04T08:31:40+00:00","description":"CAUSAS\u00a0 &nbsp; &nbsp; &nbsp; &nbsp; Me gustan los lugares que se transforman. S\u00ed, me gustan. Me gustan los \u00e1mbitos que van cambiando al ritmo del quehacer","breadcrumb":{"@id":"https:\/\/www.pressenza.com\/es\/2021\/04\/me-gustan-los-lugares-que-se-transforman\/#breadcrumb"},"inLanguage":"es","potentialAction":[{"@type":"ReadAction","target":["https:\/\/www.pressenza.com\/es\/2021\/04\/me-gustan-los-lugares-que-se-transforman\/"]}]},{"@type":"ImageObject","inLanguage":"es","@id":"https:\/\/www.pressenza.com\/es\/2021\/04\/me-gustan-los-lugares-que-se-transforman\/#primaryimage","url":"https:\/\/www.pressenza.com\/wp-content\/uploads\/2021\/04\/20210311_101114.jpg","contentUrl":"https:\/\/www.pressenza.com\/wp-content\/uploads\/2021\/04\/20210311_101114.jpg","width":1920,"height":1080,"caption":"Efectos Nevada Madrid"},{"@type":"BreadcrumbList","@id":"https:\/\/www.pressenza.com\/es\/2021\/04\/me-gustan-los-lugares-que-se-transforman\/#breadcrumb","itemListElement":[{"@type":"ListItem","position":1,"name":"Accueil","item":"https:\/\/www.pressenza.com\/es\/"},{"@type":"ListItem","position":2,"name":"Me gustan los lugares que se transforman"}]},{"@type":"WebSite","@id":"https:\/\/www.pressenza.com\/es\/#website","url":"https:\/\/www.pressenza.com\/es\/","name":"Pressenza","description":"International Press Agency","publisher":{"@id":"https:\/\/www.pressenza.com\/es\/#organization"},"potentialAction":[{"@type":"SearchAction","target":{"@type":"EntryPoint","urlTemplate":"https:\/\/www.pressenza.com\/es\/?s={search_term_string}"},"query-input":{"@type":"PropertyValueSpecification","valueRequired":true,"valueName":"search_term_string"}}],"inLanguage":"es"},{"@type":"Organization","@id":"https:\/\/www.pressenza.com\/es\/#organization","name":"Pressenza","url":"https:\/\/www.pressenza.com\/es\/","logo":{"@type":"ImageObject","inLanguage":"es","@id":"https:\/\/www.pressenza.com\/es\/#\/schema\/logo\/image\/","url":"https:\/\/www.pressenza.com\/wp-content\/uploads\/2022\/10\/pressenza_logo_200x200.jpg","contentUrl":"https:\/\/www.pressenza.com\/wp-content\/uploads\/2022\/10\/pressenza_logo_200x200.jpg","width":200,"height":200,"caption":"Pressenza"},"image":{"@id":"https:\/\/www.pressenza.com\/es\/#\/schema\/logo\/image\/"},"sameAs":["https:\/\/www.facebook.com\/PressenzaItalia","https:\/\/x.com\/PressenzaIPA"]},{"@type":"Person","@id":"https:\/\/www.pressenza.com\/es\/#\/schema\/person\/606cbea0307458f18c06dd6b1ec227ec","name":"Juana P\u00e9rez Montero","description":"Juana P\u00e9rez Montero es periodista y activista humanista.","url":"https:\/\/www.pressenza.com\/es\/author\/juana-perez-montero\/"}]}},"place":"Madrid, Espa\u00f1a","original_article_url":"","_links":{"self":[{"href":"https:\/\/www.pressenza.com\/es\/wp-json\/wp\/v2\/posts\/1334156","targetHints":{"allow":["GET"]}}],"collection":[{"href":"https:\/\/www.pressenza.com\/es\/wp-json\/wp\/v2\/posts"}],"about":[{"href":"https:\/\/www.pressenza.com\/es\/wp-json\/wp\/v2\/types\/post"}],"author":[{"embeddable":true,"href":"https:\/\/www.pressenza.com\/es\/wp-json\/wp\/v2\/users\/1561"}],"replies":[{"embeddable":true,"href":"https:\/\/www.pressenza.com\/es\/wp-json\/wp\/v2\/comments?post=1334156"}],"version-history":[{"count":0,"href":"https:\/\/www.pressenza.com\/es\/wp-json\/wp\/v2\/posts\/1334156\/revisions"}],"wp:featuredmedia":[{"embeddable":true,"href":"https:\/\/www.pressenza.com\/es\/wp-json\/wp\/v2\/media\/1334219"}],"wp:attachment":[{"href":"https:\/\/www.pressenza.com\/es\/wp-json\/wp\/v2\/media?parent=1334156"}],"wp:term":[{"taxonomy":"category","embeddable":true,"href":"https:\/\/www.pressenza.com\/es\/wp-json\/wp\/v2\/categories?post=1334156"},{"taxonomy":"post_tag","embeddable":true,"href":"https:\/\/www.pressenza.com\/es\/wp-json\/wp\/v2\/tags?post=1334156"}],"curies":[{"name":"wp","href":"https:\/\/api.w.org\/{rel}","templated":true}]}}